{"id":22993,"date":"2023-07-25T10:48:11","date_gmt":"2023-07-25T08:48:11","guid":{"rendered":"https:\/\/www.caudete.org\/ayuntamiento\/?p=22993"},"modified":"2023-07-25T10:51:06","modified_gmt":"2023-07-25T08:51:06","slug":"500-caudetanos-participan-en-la-encuesta-de-los-festivos-locales-el-9-de-septiembre-el-mas-votado","status":"publish","type":"post","link":"https:\/\/www.caudete.org\/ayuntamiento\/500-caudetanos-participan-en-la-encuesta-de-los-festivos-locales-el-9-de-septiembre-el-mas-votado\/","title":{"rendered":"500 caudetanos participan en la encuesta de los FESTIVOS LOCALES: el 9 de Septiembre, el m\u00e1s votado"},"content":{"rendered":"<p><a href=\"https:\/\/www.caudete.org\/ayuntamiento\/wp-content\/uploads\/2023\/07\/FESTIVOS-LOCALES-2024.jpg\" rel='prettyPhoto'><img fetchpriority=\"high\" decoding=\"async\" class=\"alignnone wp-image-22998 size-full\" src=\"https:\/\/www.caudete.org\/ayuntamiento\/wp-content\/uploads\/2023\/07\/FESTIVOS-LOCALES-2024.jpg\" alt=\"\" width=\"1142\" height=\"762\" srcset=\"https:\/\/www.caudete.org\/ayuntamiento\/wp-content\/uploads\/2023\/07\/FESTIVOS-LOCALES-2024.jpg 1142w, https:\/\/www.caudete.org\/ayuntamiento\/wp-content\/uploads\/2023\/07\/FESTIVOS-LOCALES-2024-300x200.jpg 300w, https:\/\/www.caudete.org\/ayuntamiento\/wp-content\/uploads\/2023\/07\/FESTIVOS-LOCALES-2024-1024x683.jpg 1024w, https:\/\/www.caudete.org\/ayuntamiento\/wp-content\/uploads\/2023\/07\/FESTIVOS-LOCALES-2024-768x512.jpg 768w\" sizes=\"(max-width: 1142px) 100vw, 1142px\" \/><\/a><\/p>\n<p style=\"text-align: justify;\">Desde la Concejal\u00eda de Participaci\u00f3n Ciudadana se propon\u00eda la pasada semana la implicaci\u00f3n de los vecinos en la decisi\u00f3n de los Festivos Locales del pr\u00f3ximo a\u00f1o 2023. De esta forma, Diego Cuenca, el Concejal Delegado del \u00e1rea, comenzaba a dar sentido a la Concejal\u00eda creada: la participaci\u00f3n de los caudetanos en toma de decisiones, una cuesti\u00f3n impulsada ya en la legislatura pasada, y que ahora retomar\u00e1 fuerza, tal y como nos contaba.<\/p>\n<p style=\"text-align: justify;\">Cabe recordar que por tradici\u00f3n, los 2 Festivos Locales de nuestro municipio son el Lunes de San Vicente, y el 8 de Septiembre, d\u00eda de Nuestra Patrona la Virgen de Gracia. \u00bfQu\u00e9 ocurre en 2024? Que el 8 de Septiembre es domingo, y por lo tanto no laborable. Ante dicha situaci\u00f3n, y como es habitual con el resto de festivos que caen domingo, se pasa el car\u00e1cter festivo a cualquier otro d\u00eda del calendario. Es decir, disfrutar de ese festivo en otro momento del a\u00f1o que mejor convenga a la ciudadan\u00eda.<\/p>\n<p style=\"text-align: justify;\">La propuesta del Gobierno Municipal pasaba por hacer festivo o bien el 6 de Septiembre (viernes) o el 9 de Septiembre (lunes) con el objetivo de fortalecer las Fiestas Patronales y no desvirtuar el sentido de dicho festivo. No obstante, en la consulta popular, adem\u00e1s de dicha opci\u00f3n, se abr\u00eda la posibilidad a que los caudetanos pudiesen optar por cualquier otra fecha.<\/p>\n<p style=\"text-align: justify;\">La encuesta, primera de la legislatura, se abr\u00eda el pasado lunes 18 de Julio estando vigente hasta el domingo 24 de Julio, contabiliz\u00e1ndose un total de 500 respuestas, y en la que se vislumbra una clara opci\u00f3n ganadora: fortalecer las Fiestas Patronales, con el 9 de Septiembre como festivo para el 2024.<\/p>\n<p style=\"text-align: justify;\">Dichos resultados fueron expuestos en la Comisi\u00f3n Informativa de Asuntos Generales celebrada ayer, donde los miembros de la Corporaci\u00f3n Municipal (Gobierno y oposici\u00f3n), no solamente fueron conocedores de los mismos, sino que de forma un\u00e1nime refrendaron la voluntad del pueblo.<\/p>\n<p><a href=\"https:\/\/www.caudete.org\/ayuntamiento\/wp-content\/uploads\/2023\/07\/ENCUESTA1_.jpg\" rel='prettyPhoto'><img decoding=\"async\" class=\"alignnone wp-image-22994 size-full\" src=\"https:\/\/www.caudete.org\/ayuntamiento\/wp-content\/uploads\/2023\/07\/ENCUESTA1_.jpg\" alt=\"\" width=\"1147\" height=\"582\" srcset=\"https:\/\/www.caudete.org\/ayuntamiento\/wp-content\/uploads\/2023\/07\/ENCUESTA1_.jpg 1147w, https:\/\/www.caudete.org\/ayuntamiento\/wp-content\/uploads\/2023\/07\/ENCUESTA1_-300x152.jpg 300w, https:\/\/www.caudete.org\/ayuntamiento\/wp-content\/uploads\/2023\/07\/ENCUESTA1_-1024x520.jpg 1024w, https:\/\/www.caudete.org\/ayuntamiento\/wp-content\/uploads\/2023\/07\/ENCUESTA1_-768x390.jpg 768w\" sizes=\"(max-width: 1147px) 100vw, 1147px\" \/><\/a> <a href=\"https:\/\/www.caudete.org\/ayuntamiento\/wp-content\/uploads\/2023\/07\/ENCUESTA1_2.jpg\" rel='prettyPhoto'><img decoding=\"async\" class=\"alignnone wp-image-22995 size-full\" src=\"https:\/\/www.caudete.org\/ayuntamiento\/wp-content\/uploads\/2023\/07\/ENCUESTA1_2.jpg\" alt=\"\" width=\"1297\" height=\"580\" srcset=\"https:\/\/www.caudete.org\/ayuntamiento\/wp-content\/uploads\/2023\/07\/ENCUESTA1_2.jpg 1297w, https:\/\/www.caudete.org\/ayuntamiento\/wp-content\/uploads\/2023\/07\/ENCUESTA1_2-300x134.jpg 300w, https:\/\/www.caudete.org\/ayuntamiento\/wp-content\/uploads\/2023\/07\/ENCUESTA1_2-1024x458.jpg 1024w, https:\/\/www.caudete.org\/ayuntamiento\/wp-content\/uploads\/2023\/07\/ENCUESTA1_2-768x343.jpg 768w\" sizes=\"(max-width: 1297px) 100vw, 1297px\" \/><\/a> <a href=\"https:\/\/www.caudete.org\/ayuntamiento\/wp-content\/uploads\/2023\/07\/ENCUESTA1_3.jpg\" rel='prettyPhoto'><img loading=\"lazy\" decoding=\"async\" class=\"alignnone wp-image-22996 size-full\" src=\"https:\/\/www.caudete.org\/ayuntamiento\/wp-content\/uploads\/2023\/07\/ENCUESTA1_3.jpg\" alt=\"\" width=\"1421\" height=\"612\" srcset=\"https:\/\/www.caudete.org\/ayuntamiento\/wp-content\/uploads\/2023\/07\/ENCUESTA1_3.jpg 1421w, https:\/\/www.caudete.org\/ayuntamiento\/wp-content\/uploads\/2023\/07\/ENCUESTA1_3-300x129.jpg 300w, https:\/\/www.caudete.org\/ayuntamiento\/wp-content\/uploads\/2023\/07\/ENCUESTA1_3-1024x441.jpg 1024w, https:\/\/www.caudete.org\/ayuntamiento\/wp-content\/uploads\/2023\/07\/ENCUESTA1_3-768x331.jpg 768w\" sizes=\"(max-width: 1421px) 100vw, 1421px\" \/><\/a> <a href=\"https:\/\/www.caudete.org\/ayuntamiento\/wp-content\/uploads\/2023\/07\/ENCUESTA1_4.jpg\" rel='prettyPhoto'><img loading=\"lazy\" decoding=\"async\" class=\"alignnone wp-image-22997 size-full\" src=\"https:\/\/www.caudete.org\/ayuntamiento\/wp-content\/uploads\/2023\/07\/ENCUESTA1_4.jpg\" alt=\"\" width=\"1573\" height=\"681\" srcset=\"https:\/\/www.caudete.org\/ayuntamiento\/wp-content\/uploads\/2023\/07\/ENCUESTA1_4.jpg 1573w, https:\/\/www.caudete.org\/ayuntamiento\/wp-content\/uploads\/2023\/07\/ENCUESTA1_4-300x130.jpg 300w, https:\/\/www.caudete.org\/ayuntamiento\/wp-content\/uploads\/2023\/07\/ENCUESTA1_4-1024x443.jpg 1024w, https:\/\/www.caudete.org\/ayuntamiento\/wp-content\/uploads\/2023\/07\/ENCUESTA1_4-768x332.jpg 768w, https:\/\/www.caudete.org\/ayuntamiento\/wp-content\/uploads\/2023\/07\/ENCUESTA1_4-1536x665.jpg 1536w\" sizes=\"(max-width: 1573px) 100vw, 1573px\" \/><\/a><\/p>\n","protected":false},"excerpt":{"rendered":"<p>Desde la Concejal\u00eda de Participaci\u00f3n Ciudadana se propon\u00eda la pasada semana la implicaci\u00f3n de los vecinos en la decisi\u00f3n de los Festivos Locales del pr\u00f3ximo a\u00f1o 2023. De esta forma, Diego Cuenca, el Concejal Delegado del \u00e1rea, comenzaba a dar sentido a la Concejal\u00eda creada: la participaci\u00f3n de los caudetanos en toma de decisiones, una &hellip;<\/p>\n","protected":false},"author":3,"featured_media":22998,"comment_status":"closed","ping_status":"open","sticky":false,"template":"","format":"standard","meta":{"ngg_post_thumbnail":0,"footnotes":""},"categories":[38],"tags":[],"class_list":["post-22993","post","type-post","status-publish","format-standard","has-post-thumbnail","hentry","category-participacion-ciudadana"],"yoast_head":"<!-- This site is optimized with the Yoast SEO plugin v27.5 - https:\/\/yoast.com\/product\/yoast-seo-wordpress\/ -->\n<title>500 caudetanos participan en la encuesta de los FESTIVOS LOCALES: el 9 de Septiembre, el m\u00e1s votado - MI Ayuntamiento de Caudete<\/title>\n<meta name=\"description\" content=\"P\u00e1gina Oficial del Ayuntamiento de Caudete (Albacete)\" \/>\n<meta name=\"robots\" content=\"index, follow, max-snippet:-1, max-image-preview:large, max-video-preview:-1\" \/>\n<link rel=\"canonical\" href=\"https:\/\/www.caudete.org\/ayuntamiento\/500-caudetanos-participan-en-la-encuesta-de-los-festivos-locales-el-9-de-septiembre-el-mas-votado\/\" \/>\n<meta property=\"og:locale\" content=\"es_ES\" \/>\n<meta property=\"og:type\" content=\"article\" \/>\n<meta property=\"og:title\" content=\"500 caudetanos participan en la encuesta de los FESTIVOS LOCALES: el 9 de Septiembre, el m\u00e1s votado - MI Ayuntamiento de Caudete\" \/>\n<meta property=\"og:description\" content=\"P\u00e1gina Oficial del Ayuntamiento de Caudete (Albacete)\" \/>\n<meta property=\"og:url\" content=\"https:\/\/www.caudete.org\/ayuntamiento\/500-caudetanos-participan-en-la-encuesta-de-los-festivos-locales-el-9-de-septiembre-el-mas-votado\/\" \/>\n<meta property=\"og:site_name\" content=\"MI Ayuntamiento de Caudete\" \/>\n<meta property=\"article:publisher\" content=\"https:\/\/www.facebook.com\/ayuntamientocaudete\/\" \/>\n<meta property=\"article:published_time\" content=\"2023-07-25T08:48:11+00:00\" \/>\n<meta property=\"article:modified_time\" content=\"2023-07-25T08:51:06+00:00\" \/>\n<meta property=\"og:image\" content=\"https:\/\/www.caudete.org\/ayuntamiento\/wp-content\/uploads\/2023\/07\/FESTIVOS-LOCALES-2024.jpg\" \/>\n\t<meta property=\"og:image:width\" content=\"1142\" \/>\n\t<meta property=\"og:image:height\" content=\"762\" \/>\n\t<meta property=\"og:image:type\" content=\"image\/jpeg\" \/>\n<meta name=\"author\" content=\"alcalde\" \/>\n<meta name=\"twitter:card\" content=\"summary_large_image\" \/>\n<meta name=\"twitter:label1\" content=\"Escrito por\" \/>\n\t<meta name=\"twitter:data1\" content=\"alcalde\" \/>\n\t<meta name=\"twitter:label2\" content=\"Tiempo de lectura\" \/>\n\t<meta name=\"twitter:data2\" content=\"3 minutos\" \/>\n<script type=\"application\/ld+json\" class=\"yoast-schema-graph\">{\"@context\":\"https:\\\/\\\/schema.org\",\"@graph\":[{\"@type\":\"Article\",\"@id\":\"https:\\\/\\\/www.caudete.org\\\/ayuntamiento\\\/500-caudetanos-participan-en-la-encuesta-de-los-festivos-locales-el-9-de-septiembre-el-mas-votado\\\/#article\",\"isPartOf\":{\"@id\":\"https:\\\/\\\/www.caudete.org\\\/ayuntamiento\\\/500-caudetanos-participan-en-la-encuesta-de-los-festivos-locales-el-9-de-septiembre-el-mas-votado\\\/\"},\"author\":{\"name\":\"alcalde\",\"@id\":\"https:\\\/\\\/www.caudete.org\\\/ayuntamiento\\\/#\\\/schema\\\/person\\\/cc646da9133078ee4d8dd47457947253\"},\"headline\":\"500 caudetanos participan en la encuesta de los FESTIVOS LOCALES: el 9 de Septiembre, el m\u00e1s votado\",\"datePublished\":\"2023-07-25T08:48:11+00:00\",\"dateModified\":\"2023-07-25T08:51:06+00:00\",\"mainEntityOfPage\":{\"@id\":\"https:\\\/\\\/www.caudete.org\\\/ayuntamiento\\\/500-caudetanos-participan-en-la-encuesta-de-los-festivos-locales-el-9-de-septiembre-el-mas-votado\\\/\"},\"wordCount\":348,\"publisher\":{\"@id\":\"https:\\\/\\\/www.caudete.org\\\/ayuntamiento\\\/#organization\"},\"image\":{\"@id\":\"https:\\\/\\\/www.caudete.org\\\/ayuntamiento\\\/500-caudetanos-participan-en-la-encuesta-de-los-festivos-locales-el-9-de-septiembre-el-mas-votado\\\/#primaryimage\"},\"thumbnailUrl\":\"https:\\\/\\\/www.caudete.org\\\/ayuntamiento\\\/wp-content\\\/uploads\\\/2023\\\/07\\\/FESTIVOS-LOCALES-2024.jpg\",\"articleSection\":[\"Participaci\u00f3n Ciudadana\"],\"inLanguage\":\"es\"},{\"@type\":\"WebPage\",\"@id\":\"https:\\\/\\\/www.caudete.org\\\/ayuntamiento\\\/500-caudetanos-participan-en-la-encuesta-de-los-festivos-locales-el-9-de-septiembre-el-mas-votado\\\/\",\"url\":\"https:\\\/\\\/www.caudete.org\\\/ayuntamiento\\\/500-caudetanos-participan-en-la-encuesta-de-los-festivos-locales-el-9-de-septiembre-el-mas-votado\\\/\",\"name\":\"500 caudetanos participan en la encuesta de los FESTIVOS LOCALES: el 9 de Septiembre, el m\u00e1s votado - MI Ayuntamiento de Caudete\",\"isPartOf\":{\"@id\":\"https:\\\/\\\/www.caudete.org\\\/ayuntamiento\\\/#website\"},\"primaryImageOfPage\":{\"@id\":\"https:\\\/\\\/www.caudete.org\\\/ayuntamiento\\\/500-caudetanos-participan-en-la-encuesta-de-los-festivos-locales-el-9-de-septiembre-el-mas-votado\\\/#primaryimage\"},\"image\":{\"@id\":\"https:\\\/\\\/www.caudete.org\\\/ayuntamiento\\\/500-caudetanos-participan-en-la-encuesta-de-los-festivos-locales-el-9-de-septiembre-el-mas-votado\\\/#primaryimage\"},\"thumbnailUrl\":\"https:\\\/\\\/www.caudete.org\\\/ayuntamiento\\\/wp-content\\\/uploads\\\/2023\\\/07\\\/FESTIVOS-LOCALES-2024.jpg\",\"datePublished\":\"2023-07-25T08:48:11+00:00\",\"dateModified\":\"2023-07-25T08:51:06+00:00\",\"description\":\"P\u00e1gina Oficial del Ayuntamiento de Caudete (Albacete)\",\"breadcrumb\":{\"@id\":\"https:\\\/\\\/www.caudete.org\\\/ayuntamiento\\\/500-caudetanos-participan-en-la-encuesta-de-los-festivos-locales-el-9-de-septiembre-el-mas-votado\\\/#breadcrumb\"},\"inLanguage\":\"es\",\"potentialAction\":[{\"@type\":\"ReadAction\",\"target\":[\"https:\\\/\\\/www.caudete.org\\\/ayuntamiento\\\/500-caudetanos-participan-en-la-encuesta-de-los-festivos-locales-el-9-de-septiembre-el-mas-votado\\\/\"]}]},{\"@type\":\"ImageObject\",\"inLanguage\":\"es\",\"@id\":\"https:\\\/\\\/www.caudete.org\\\/ayuntamiento\\\/500-caudetanos-participan-en-la-encuesta-de-los-festivos-locales-el-9-de-septiembre-el-mas-votado\\\/#primaryimage\",\"url\":\"https:\\\/\\\/www.caudete.org\\\/ayuntamiento\\\/wp-content\\\/uploads\\\/2023\\\/07\\\/FESTIVOS-LOCALES-2024.jpg\",\"contentUrl\":\"https:\\\/\\\/www.caudete.org\\\/ayuntamiento\\\/wp-content\\\/uploads\\\/2023\\\/07\\\/FESTIVOS-LOCALES-2024.jpg\",\"width\":1142,\"height\":762},{\"@type\":\"BreadcrumbList\",\"@id\":\"https:\\\/\\\/www.caudete.org\\\/ayuntamiento\\\/500-caudetanos-participan-en-la-encuesta-de-los-festivos-locales-el-9-de-septiembre-el-mas-votado\\\/#breadcrumb\",\"itemListElement\":[{\"@type\":\"ListItem\",\"position\":1,\"name\":\"Inicio\",\"item\":\"https:\\\/\\\/www.caudete.org\\\/ayuntamiento\\\/\"},{\"@type\":\"ListItem\",\"position\":2,\"name\":\"500 caudetanos participan en la encuesta de los FESTIVOS LOCALES: el 9 de Septiembre, el m\u00e1s votado\"}]},{\"@type\":\"WebSite\",\"@id\":\"https:\\\/\\\/www.caudete.org\\\/ayuntamiento\\\/#website\",\"url\":\"https:\\\/\\\/www.caudete.org\\\/ayuntamiento\\\/\",\"name\":\"MI Ayuntamiento de Caudete\",\"description\":\"P\u00e1gina Oficial del MI Ayuntamiento de Caudete\",\"publisher\":{\"@id\":\"https:\\\/\\\/www.caudete.org\\\/ayuntamiento\\\/#organization\"},\"potentialAction\":[{\"@type\":\"SearchAction\",\"target\":{\"@type\":\"EntryPoint\",\"urlTemplate\":\"https:\\\/\\\/www.caudete.org\\\/ayuntamiento\\\/?s={search_term_string}\"},\"query-input\":{\"@type\":\"PropertyValueSpecification\",\"valueRequired\":true,\"valueName\":\"search_term_string\"}}],\"inLanguage\":\"es\"},{\"@type\":\"Organization\",\"@id\":\"https:\\\/\\\/www.caudete.org\\\/ayuntamiento\\\/#organization\",\"name\":\"Ayuntamiento de Caudete\",\"url\":\"https:\\\/\\\/www.caudete.org\\\/ayuntamiento\\\/\",\"logo\":{\"@type\":\"ImageObject\",\"inLanguage\":\"es\",\"@id\":\"https:\\\/\\\/www.caudete.org\\\/ayuntamiento\\\/#\\\/schema\\\/logo\\\/image\\\/\",\"url\":\"https:\\\/\\\/www.caudete.org\\\/ayuntamiento\\\/wp-content\\\/uploads\\\/2020\\\/11\\\/logo_ayuntamiento_caudete.jpg\",\"contentUrl\":\"https:\\\/\\\/www.caudete.org\\\/ayuntamiento\\\/wp-content\\\/uploads\\\/2020\\\/11\\\/logo_ayuntamiento_caudete.jpg\",\"width\":600,\"height\":150,\"caption\":\"Ayuntamiento de Caudete\"},\"image\":{\"@id\":\"https:\\\/\\\/www.caudete.org\\\/ayuntamiento\\\/#\\\/schema\\\/logo\\\/image\\\/\"},\"sameAs\":[\"https:\\\/\\\/www.facebook.com\\\/ayuntamientocaudete\\\/\",\"https:\\\/\\\/www.youtube.com\\\/channel\\\/UC6VztHaooNsGpw-tNoBEFnQ\"]},{\"@type\":\"Person\",\"@id\":\"https:\\\/\\\/www.caudete.org\\\/ayuntamiento\\\/#\\\/schema\\\/person\\\/cc646da9133078ee4d8dd47457947253\",\"name\":\"alcalde\",\"image\":{\"@type\":\"ImageObject\",\"inLanguage\":\"es\",\"@id\":\"https:\\\/\\\/secure.gravatar.com\\\/avatar\\\/84a817ba065b29ff08d666b215a215f5c79186a645ccb25b14a663d48a130f77?s=96&d=mm&r=g\",\"url\":\"https:\\\/\\\/secure.gravatar.com\\\/avatar\\\/84a817ba065b29ff08d666b215a215f5c79186a645ccb25b14a663d48a130f77?s=96&d=mm&r=g\",\"contentUrl\":\"https:\\\/\\\/secure.gravatar.com\\\/avatar\\\/84a817ba065b29ff08d666b215a215f5c79186a645ccb25b14a663d48a130f77?s=96&d=mm&r=g\",\"caption\":\"alcalde\"},\"url\":\"https:\\\/\\\/www.caudete.org\\\/ayuntamiento\\\/author\\\/alcalde\\\/\"}]}<\/script>\n<!-- \/ Yoast SEO plugin. -->","yoast_head_json":{"title":"500 caudetanos participan en la encuesta de los FESTIVOS LOCALES: el 9 de Septiembre, el m\u00e1s votado - MI Ayuntamiento de Caudete","description":"P\u00e1gina Oficial del Ayuntamiento de Caudete (Albacete)","robots":{"index":"index","follow":"follow","max-snippet":"max-snippet:-1","max-image-preview":"max-image-preview:large","max-video-preview":"max-video-preview:-1"},"canonical":"https:\/\/www.caudete.org\/ayuntamiento\/500-caudetanos-participan-en-la-encuesta-de-los-festivos-locales-el-9-de-septiembre-el-mas-votado\/","og_locale":"es_ES","og_type":"article","og_title":"500 caudetanos participan en la encuesta de los FESTIVOS LOCALES: el 9 de Septiembre, el m\u00e1s votado - MI Ayuntamiento de Caudete","og_description":"P\u00e1gina Oficial del Ayuntamiento de Caudete (Albacete)","og_url":"https:\/\/www.caudete.org\/ayuntamiento\/500-caudetanos-participan-en-la-encuesta-de-los-festivos-locales-el-9-de-septiembre-el-mas-votado\/","og_site_name":"MI Ayuntamiento de Caudete","article_publisher":"https:\/\/www.facebook.com\/ayuntamientocaudete\/","article_published_time":"2023-07-25T08:48:11+00:00","article_modified_time":"2023-07-25T08:51:06+00:00","og_image":[{"width":1142,"height":762,"url":"https:\/\/www.caudete.org\/ayuntamiento\/wp-content\/uploads\/2023\/07\/FESTIVOS-LOCALES-2024.jpg","type":"image\/jpeg"}],"author":"alcalde","twitter_card":"summary_large_image","twitter_misc":{"Escrito por":"alcalde","Tiempo de lectura":"3 minutos"},"schema":{"@context":"https:\/\/schema.org","@graph":[{"@type":"Article","@id":"https:\/\/www.caudete.org\/ayuntamiento\/500-caudetanos-participan-en-la-encuesta-de-los-festivos-locales-el-9-de-septiembre-el-mas-votado\/#article","isPartOf":{"@id":"https:\/\/www.caudete.org\/ayuntamiento\/500-caudetanos-participan-en-la-encuesta-de-los-festivos-locales-el-9-de-septiembre-el-mas-votado\/"},"author":{"name":"alcalde","@id":"https:\/\/www.caudete.org\/ayuntamiento\/#\/schema\/person\/cc646da9133078ee4d8dd47457947253"},"headline":"500 caudetanos participan en la encuesta de los FESTIVOS LOCALES: el 9 de Septiembre, el m\u00e1s votado","datePublished":"2023-07-25T08:48:11+00:00","dateModified":"2023-07-25T08:51:06+00:00","mainEntityOfPage":{"@id":"https:\/\/www.caudete.org\/ayuntamiento\/500-caudetanos-participan-en-la-encuesta-de-los-festivos-locales-el-9-de-septiembre-el-mas-votado\/"},"wordCount":348,"publisher":{"@id":"https:\/\/www.caudete.org\/ayuntamiento\/#organization"},"image":{"@id":"https:\/\/www.caudete.org\/ayuntamiento\/500-caudetanos-participan-en-la-encuesta-de-los-festivos-locales-el-9-de-septiembre-el-mas-votado\/#primaryimage"},"thumbnailUrl":"https:\/\/www.caudete.org\/ayuntamiento\/wp-content\/uploads\/2023\/07\/FESTIVOS-LOCALES-2024.jpg","articleSection":["Participaci\u00f3n Ciudadana"],"inLanguage":"es"},{"@type":"WebPage","@id":"https:\/\/www.caudete.org\/ayuntamiento\/500-caudetanos-participan-en-la-encuesta-de-los-festivos-locales-el-9-de-septiembre-el-mas-votado\/","url":"https:\/\/www.caudete.org\/ayuntamiento\/500-caudetanos-participan-en-la-encuesta-de-los-festivos-locales-el-9-de-septiembre-el-mas-votado\/","name":"500 caudetanos participan en la encuesta de los FESTIVOS LOCALES: el 9 de Septiembre, el m\u00e1s votado - MI Ayuntamiento de Caudete","isPartOf":{"@id":"https:\/\/www.caudete.org\/ayuntamiento\/#website"},"primaryImageOfPage":{"@id":"https:\/\/www.caudete.org\/ayuntamiento\/500-caudetanos-participan-en-la-encuesta-de-los-festivos-locales-el-9-de-septiembre-el-mas-votado\/#primaryimage"},"image":{"@id":"https:\/\/www.caudete.org\/ayuntamiento\/500-caudetanos-participan-en-la-encuesta-de-los-festivos-locales-el-9-de-septiembre-el-mas-votado\/#primaryimage"},"thumbnailUrl":"https:\/\/www.caudete.org\/ayuntamiento\/wp-content\/uploads\/2023\/07\/FESTIVOS-LOCALES-2024.jpg","datePublished":"2023-07-25T08:48:11+00:00","dateModified":"2023-07-25T08:51:06+00:00","description":"P\u00e1gina Oficial del Ayuntamiento de Caudete (Albacete)","breadcrumb":{"@id":"https:\/\/www.caudete.org\/ayuntamiento\/500-caudetanos-participan-en-la-encuesta-de-los-festivos-locales-el-9-de-septiembre-el-mas-votado\/#breadcrumb"},"inLanguage":"es","potentialAction":[{"@type":"ReadAction","target":["https:\/\/www.caudete.org\/ayuntamiento\/500-caudetanos-participan-en-la-encuesta-de-los-festivos-locales-el-9-de-septiembre-el-mas-votado\/"]}]},{"@type":"ImageObject","inLanguage":"es","@id":"https:\/\/www.caudete.org\/ayuntamiento\/500-caudetanos-participan-en-la-encuesta-de-los-festivos-locales-el-9-de-septiembre-el-mas-votado\/#primaryimage","url":"https:\/\/www.caudete.org\/ayuntamiento\/wp-content\/uploads\/2023\/07\/FESTIVOS-LOCALES-2024.jpg","contentUrl":"https:\/\/www.caudete.org\/ayuntamiento\/wp-content\/uploads\/2023\/07\/FESTIVOS-LOCALES-2024.jpg","width":1142,"height":762},{"@type":"BreadcrumbList","@id":"https:\/\/www.caudete.org\/ayuntamiento\/500-caudetanos-participan-en-la-encuesta-de-los-festivos-locales-el-9-de-septiembre-el-mas-votado\/#breadcrumb","itemListElement":[{"@type":"ListItem","position":1,"name":"Inicio","item":"https:\/\/www.caudete.org\/ayuntamiento\/"},{"@type":"ListItem","position":2,"name":"500 caudetanos participan en la encuesta de los FESTIVOS LOCALES: el 9 de Septiembre, el m\u00e1s votado"}]},{"@type":"WebSite","@id":"https:\/\/www.caudete.org\/ayuntamiento\/#website","url":"https:\/\/www.caudete.org\/ayuntamiento\/","name":"MI Ayuntamiento de Caudete","description":"P\u00e1gina Oficial del MI Ayuntamiento de Caudete","publisher":{"@id":"https:\/\/www.caudete.org\/ayuntamiento\/#organization"},"potentialAction":[{"@type":"SearchAction","target":{"@type":"EntryPoint","urlTemplate":"https:\/\/www.caudete.org\/ayuntamiento\/?s={search_term_string}"},"query-input":{"@type":"PropertyValueSpecification","valueRequired":true,"valueName":"search_term_string"}}],"inLanguage":"es"},{"@type":"Organization","@id":"https:\/\/www.caudete.org\/ayuntamiento\/#organization","name":"Ayuntamiento de Caudete","url":"https:\/\/www.caudete.org\/ayuntamiento\/","logo":{"@type":"ImageObject","inLanguage":"es","@id":"https:\/\/www.caudete.org\/ayuntamiento\/#\/schema\/logo\/image\/","url":"https:\/\/www.caudete.org\/ayuntamiento\/wp-content\/uploads\/2020\/11\/logo_ayuntamiento_caudete.jpg","contentUrl":"https:\/\/www.caudete.org\/ayuntamiento\/wp-content\/uploads\/2020\/11\/logo_ayuntamiento_caudete.jpg","width":600,"height":150,"caption":"Ayuntamiento de Caudete"},"image":{"@id":"https:\/\/www.caudete.org\/ayuntamiento\/#\/schema\/logo\/image\/"},"sameAs":["https:\/\/www.facebook.com\/ayuntamientocaudete\/","https:\/\/www.youtube.com\/channel\/UC6VztHaooNsGpw-tNoBEFnQ"]},{"@type":"Person","@id":"https:\/\/www.caudete.org\/ayuntamiento\/#\/schema\/person\/cc646da9133078ee4d8dd47457947253","name":"alcalde","image":{"@type":"ImageObject","inLanguage":"es","@id":"https:\/\/secure.gravatar.com\/avatar\/84a817ba065b29ff08d666b215a215f5c79186a645ccb25b14a663d48a130f77?s=96&d=mm&r=g","url":"https:\/\/secure.gravatar.com\/avatar\/84a817ba065b29ff08d666b215a215f5c79186a645ccb25b14a663d48a130f77?s=96&d=mm&r=g","contentUrl":"https:\/\/secure.gravatar.com\/avatar\/84a817ba065b29ff08d666b215a215f5c79186a645ccb25b14a663d48a130f77?s=96&d=mm&r=g","caption":"alcalde"},"url":"https:\/\/www.caudete.org\/ayuntamiento\/author\/alcalde\/"}]}},"_links":{"self":[{"href":"https:\/\/www.caudete.org\/ayuntamiento\/wp-json\/wp\/v2\/posts\/22993","targetHints":{"allow":["GET"]}}],"collection":[{"href":"https:\/\/www.caudete.org\/ayuntamiento\/wp-json\/wp\/v2\/posts"}],"about":[{"href":"https:\/\/www.caudete.org\/ayuntamiento\/wp-json\/wp\/v2\/types\/post"}],"author":[{"embeddable":true,"href":"https:\/\/www.caudete.org\/ayuntamiento\/wp-json\/wp\/v2\/users\/3"}],"replies":[{"embeddable":true,"href":"https:\/\/www.caudete.org\/ayuntamiento\/wp-json\/wp\/v2\/comments?post=22993"}],"version-history":[{"count":3,"href":"https:\/\/www.caudete.org\/ayuntamiento\/wp-json\/wp\/v2\/posts\/22993\/revisions"}],"predecessor-version":[{"id":23001,"href":"https:\/\/www.caudete.org\/ayuntamiento\/wp-json\/wp\/v2\/posts\/22993\/revisions\/23001"}],"wp:featuredmedia":[{"embeddable":true,"href":"https:\/\/www.caudete.org\/ayuntamiento\/wp-json\/wp\/v2\/media\/22998"}],"wp:attachment":[{"href":"https:\/\/www.caudete.org\/ayuntamiento\/wp-json\/wp\/v2\/media?parent=22993"}],"wp:term":[{"taxonomy":"category","embeddable":true,"href":"https:\/\/www.caudete.org\/ayuntamiento\/wp-json\/wp\/v2\/categories?post=22993"},{"taxonomy":"post_tag","embeddable":true,"href":"https:\/\/www.caudete.org\/ayuntamiento\/wp-json\/wp\/v2\/tags?post=22993"}],"curies":[{"name":"wp","href":"https:\/\/api.w.org\/{rel}","templated":true}]}}