{"id":23022,"date":"2023-07-28T09:00:45","date_gmt":"2023-07-28T07:00:45","guid":{"rendered":"https:\/\/www.caudete.org\/ayuntamiento\/?p=23022"},"modified":"2023-07-27T21:21:28","modified_gmt":"2023-07-27T19:21:28","slug":"caudeteeneuropa-alumnos-de-la-universidad-popular-viajan-a-italia-e-irlanda","status":"publish","type":"post","link":"https:\/\/www.caudete.org\/ayuntamiento\/caudeteeneuropa-alumnos-de-la-universidad-popular-viajan-a-italia-e-irlanda\/","title":{"rendered":"CaudeteEnEuropa: alumnos de la UNIVERSIDAD POPULAR viajan a Italia e Irlanda"},"content":{"rendered":"<p style=\"text-align: justify;\"><span style=\"font-family: georgia, palatino, serif;\">Mar\u00eda Dolores Requena Azor\u00edn, Concejal de Juventud, y Promoci\u00f3n y Desarrollo Econ\u00f3mico, informa de la participaci\u00f3n por primera vez en el curso 2022-2023, de alumnado de la Universidad Popular en el programa Erasmus+ en el marco de la Acreditaci\u00f3n en el sector de Educaci\u00f3n de Adultos con que cuenta el Ayuntamiento de Caudete. <\/span><\/p>\n<p style=\"text-align: justify;\"><span style=\"font-family: georgia, palatino, serif;\">Por un lado 3 alumnas de los cursos de Acuarela han realizado una movilidad de aprendizaje individual de alumnado adulto que les ha permitido conocer el patrimonio cultural y art\u00edstico del municipio de Fabriano (Italia), de la mano de la <em>Asociaci\u00f3n InArte Fabriano<\/em>, que organiz\u00f3 durante 3 d\u00edas talleres de Acuarela con nuevas t\u00e9cnicas, elaboraci\u00f3n de papel, m\u00e9todos de relajaci\u00f3n y uso de plantas, y les introdujo en la cultural local a trav\u00e9s del <em>Museo del Papel<\/em>, entre otros. <\/span><\/p>\n<p style=\"text-align: justify;\"><span style=\"font-family: georgia, palatino, serif;\">Asimismo, 2 alumnos de los cursos de Corte y Confecci\u00f3n de la Universidad Popular realizaron un taller de costura organizado por Castleblayney Community Enterprise, en el municipio de Castleblayney, (Irlanda), y pudieron conocer el trabajo de artesanos textiles de la localidad y comarca.<\/span><\/p>\n<p style=\"text-align: justify;\"><span style=\"font-family: georgia, palatino, serif;\">El programa Erasmus en el sector de educaci\u00f3n de personas adultas pretende impulsar el aprendizaje a lo largo de la vida. La Uni\u00f3n Europea aspira a ampliar sustancialmente el porcentaje de poblaci\u00f3n adulta en formaci\u00f3n en los pr\u00f3ximos a\u00f1os, y en este contexto la educaci\u00f3n no formal cobra una relevancia destacada.<\/span><\/p>\n<p style=\"text-align: justify;\"><span style=\"font-family: georgia, palatino, serif;\"><span style=\"font-size: medium;\">La Acreditaci\u00f3n Erasmus con que cuenta el Ayuntamiento de Caudete garantiza la financiaci\u00f3n anual estable hasta 2027 para las movilidades de adultos en formaci\u00f3n en estructuras como la Biblioteca Municipal, la Universidad Popular o la Escuela Municipal de M\u00fasica y Danza.<\/span><\/span><\/p>\n<p style=\"text-align: center;\"><a href=\"https:\/\/www.caudete.org\/ayuntamiento\/wp-content\/uploads\/2023\/07\/00d81f0e-c3d9-4191-9a90-2fff98a93075.jpg\" rel='prettyPhoto'><img fetchpriority=\"high\" decoding=\"async\" class=\"alignnone wp-image-23032 size-full\" src=\"https:\/\/www.caudete.org\/ayuntamiento\/wp-content\/uploads\/2023\/07\/00d81f0e-c3d9-4191-9a90-2fff98a93075.jpg\" alt=\"\" width=\"1024\" height=\"684\" srcset=\"https:\/\/www.caudete.org\/ayuntamiento\/wp-content\/uploads\/2023\/07\/00d81f0e-c3d9-4191-9a90-2fff98a93075.jpg 1024w, https:\/\/www.caudete.org\/ayuntamiento\/wp-content\/uploads\/2023\/07\/00d81f0e-c3d9-4191-9a90-2fff98a93075-300x200.jpg 300w, https:\/\/www.caudete.org\/ayuntamiento\/wp-content\/uploads\/2023\/07\/00d81f0e-c3d9-4191-9a90-2fff98a93075-768x513.jpg 768w\" sizes=\"(max-width: 1024px) 100vw, 1024px\" \/><\/a> <a href=\"https:\/\/www.caudete.org\/ayuntamiento\/wp-content\/uploads\/2023\/07\/7f2277ba-5575-49d2-982d-0f30b47b12df.jpg\" rel='prettyPhoto'><img decoding=\"async\" class=\"alignnone wp-image-23031 size-full\" src=\"https:\/\/www.caudete.org\/ayuntamiento\/wp-content\/uploads\/2023\/07\/7f2277ba-5575-49d2-982d-0f30b47b12df.jpg\" alt=\"\" width=\"1024\" height=\"768\" srcset=\"https:\/\/www.caudete.org\/ayuntamiento\/wp-content\/uploads\/2023\/07\/7f2277ba-5575-49d2-982d-0f30b47b12df.jpg 1024w, https:\/\/www.caudete.org\/ayuntamiento\/wp-content\/uploads\/2023\/07\/7f2277ba-5575-49d2-982d-0f30b47b12df-300x225.jpg 300w, https:\/\/www.caudete.org\/ayuntamiento\/wp-content\/uploads\/2023\/07\/7f2277ba-5575-49d2-982d-0f30b47b12df-768x576.jpg 768w\" sizes=\"(max-width: 1024px) 100vw, 1024px\" \/><\/a> <a href=\"https:\/\/www.caudete.org\/ayuntamiento\/wp-content\/uploads\/2023\/07\/58c63248-adff-4065-911e-cb2a99ae9448.jpg\" rel='prettyPhoto'><img decoding=\"async\" class=\"alignnone wp-image-23030 size-full\" src=\"https:\/\/www.caudete.org\/ayuntamiento\/wp-content\/uploads\/2023\/07\/58c63248-adff-4065-911e-cb2a99ae9448.jpg\" alt=\"\" width=\"1920\" height=\"1080\" srcset=\"https:\/\/www.caudete.org\/ayuntamiento\/wp-content\/uploads\/2023\/07\/58c63248-adff-4065-911e-cb2a99ae9448.jpg 1920w, https:\/\/www.caudete.org\/ayuntamiento\/wp-content\/uploads\/2023\/07\/58c63248-adff-4065-911e-cb2a99ae9448-300x169.jpg 300w, https:\/\/www.caudete.org\/ayuntamiento\/wp-content\/uploads\/2023\/07\/58c63248-adff-4065-911e-cb2a99ae9448-1024x576.jpg 1024w, https:\/\/www.caudete.org\/ayuntamiento\/wp-content\/uploads\/2023\/07\/58c63248-adff-4065-911e-cb2a99ae9448-768x432.jpg 768w, https:\/\/www.caudete.org\/ayuntamiento\/wp-content\/uploads\/2023\/07\/58c63248-adff-4065-911e-cb2a99ae9448-1536x864.jpg 1536w\" sizes=\"(max-width: 1920px) 100vw, 1920px\" \/><\/a> <a href=\"https:\/\/www.caudete.org\/ayuntamiento\/wp-content\/uploads\/2023\/07\/a0282af7-1edc-4391-abc2-ab8d31038019.jpg\" rel='prettyPhoto'><img loading=\"lazy\" decoding=\"async\" class=\"alignnone wp-image-23028 size-full\" src=\"https:\/\/www.caudete.org\/ayuntamiento\/wp-content\/uploads\/2023\/07\/a0282af7-1edc-4391-abc2-ab8d31038019.jpg\" alt=\"\" width=\"1536\" height=\"2048\" srcset=\"https:\/\/www.caudete.org\/ayuntamiento\/wp-content\/uploads\/2023\/07\/a0282af7-1edc-4391-abc2-ab8d31038019.jpg 1536w, https:\/\/www.caudete.org\/ayuntamiento\/wp-content\/uploads\/2023\/07\/a0282af7-1edc-4391-abc2-ab8d31038019-225x300.jpg 225w, https:\/\/www.caudete.org\/ayuntamiento\/wp-content\/uploads\/2023\/07\/a0282af7-1edc-4391-abc2-ab8d31038019-768x1024.jpg 768w, https:\/\/www.caudete.org\/ayuntamiento\/wp-content\/uploads\/2023\/07\/a0282af7-1edc-4391-abc2-ab8d31038019-1152x1536.jpg 1152w\" sizes=\"(max-width: 1536px) 100vw, 1536px\" \/><\/a> <a href=\"https:\/\/www.caudete.org\/ayuntamiento\/wp-content\/uploads\/2023\/07\/d19b45be-9746-4108-875a-ecfa0c0fa153.jpg\" rel='prettyPhoto'><img loading=\"lazy\" decoding=\"async\" class=\"alignnone wp-image-23027 size-full\" src=\"https:\/\/www.caudete.org\/ayuntamiento\/wp-content\/uploads\/2023\/07\/d19b45be-9746-4108-875a-ecfa0c0fa153.jpg\" alt=\"\" width=\"2048\" height=\"1536\" srcset=\"https:\/\/www.caudete.org\/ayuntamiento\/wp-content\/uploads\/2023\/07\/d19b45be-9746-4108-875a-ecfa0c0fa153.jpg 2048w, https:\/\/www.caudete.org\/ayuntamiento\/wp-content\/uploads\/2023\/07\/d19b45be-9746-4108-875a-ecfa0c0fa153-300x225.jpg 300w, https:\/\/www.caudete.org\/ayuntamiento\/wp-content\/uploads\/2023\/07\/d19b45be-9746-4108-875a-ecfa0c0fa153-1024x768.jpg 1024w, https:\/\/www.caudete.org\/ayuntamiento\/wp-content\/uploads\/2023\/07\/d19b45be-9746-4108-875a-ecfa0c0fa153-768x576.jpg 768w, https:\/\/www.caudete.org\/ayuntamiento\/wp-content\/uploads\/2023\/07\/d19b45be-9746-4108-875a-ecfa0c0fa153-1536x1152.jpg 1536w\" sizes=\"(max-width: 2048px) 100vw, 2048px\" \/><\/a> <a href=\"https:\/\/www.caudete.org\/ayuntamiento\/wp-content\/uploads\/2023\/07\/e818af99-f2b5-41ce-a37e-eabc576e819f.jpg\" rel='prettyPhoto'><img loading=\"lazy\" decoding=\"async\" class=\"alignnone wp-image-23026 size-full\" src=\"https:\/\/www.caudete.org\/ayuntamiento\/wp-content\/uploads\/2023\/07\/e818af99-f2b5-41ce-a37e-eabc576e819f.jpg\" alt=\"\" width=\"640\" height=\"480\" srcset=\"https:\/\/www.caudete.org\/ayuntamiento\/wp-content\/uploads\/2023\/07\/e818af99-f2b5-41ce-a37e-eabc576e819f.jpg 640w, https:\/\/www.caudete.org\/ayuntamiento\/wp-content\/uploads\/2023\/07\/e818af99-f2b5-41ce-a37e-eabc576e819f-300x225.jpg 300w\" sizes=\"(max-width: 640px) 100vw, 640px\" \/><\/a> <a href=\"https:\/\/www.caudete.org\/ayuntamiento\/wp-content\/uploads\/2023\/07\/1bda9695-cabb-41b0-8ff3-0cedda0cf0be.jpg\" rel='prettyPhoto'><img loading=\"lazy\" decoding=\"async\" class=\"alignnone wp-image-23025 size-full\" src=\"https:\/\/www.caudete.org\/ayuntamiento\/wp-content\/uploads\/2023\/07\/1bda9695-cabb-41b0-8ff3-0cedda0cf0be.jpg\" alt=\"\" width=\"1600\" height=\"1200\" srcset=\"https:\/\/www.caudete.org\/ayuntamiento\/wp-content\/uploads\/2023\/07\/1bda9695-cabb-41b0-8ff3-0cedda0cf0be.jpg 1600w, https:\/\/www.caudete.org\/ayuntamiento\/wp-content\/uploads\/2023\/07\/1bda9695-cabb-41b0-8ff3-0cedda0cf0be-300x225.jpg 300w, https:\/\/www.caudete.org\/ayuntamiento\/wp-content\/uploads\/2023\/07\/1bda9695-cabb-41b0-8ff3-0cedda0cf0be-1024x768.jpg 1024w, https:\/\/www.caudete.org\/ayuntamiento\/wp-content\/uploads\/2023\/07\/1bda9695-cabb-41b0-8ff3-0cedda0cf0be-768x576.jpg 768w, https:\/\/www.caudete.org\/ayuntamiento\/wp-content\/uploads\/2023\/07\/1bda9695-cabb-41b0-8ff3-0cedda0cf0be-1536x1152.jpg 1536w\" sizes=\"(max-width: 1600px) 100vw, 1600px\" \/><\/a> <a href=\"https:\/\/www.caudete.org\/ayuntamiento\/wp-content\/uploads\/2023\/07\/9fd96db0-ba8c-4c5c-8a1d-4bf6e8fc21bc.jpg\" rel='prettyPhoto'><img loading=\"lazy\" decoding=\"async\" class=\"alignnone wp-image-23024 size-full\" src=\"https:\/\/www.caudete.org\/ayuntamiento\/wp-content\/uploads\/2023\/07\/9fd96db0-ba8c-4c5c-8a1d-4bf6e8fc21bc.jpg\" alt=\"\" width=\"1600\" height=\"800\" srcset=\"https:\/\/www.caudete.org\/ayuntamiento\/wp-content\/uploads\/2023\/07\/9fd96db0-ba8c-4c5c-8a1d-4bf6e8fc21bc.jpg 1600w, https:\/\/www.caudete.org\/ayuntamiento\/wp-content\/uploads\/2023\/07\/9fd96db0-ba8c-4c5c-8a1d-4bf6e8fc21bc-300x150.jpg 300w, https:\/\/www.caudete.org\/ayuntamiento\/wp-content\/uploads\/2023\/07\/9fd96db0-ba8c-4c5c-8a1d-4bf6e8fc21bc-1024x512.jpg 1024w, https:\/\/www.caudete.org\/ayuntamiento\/wp-content\/uploads\/2023\/07\/9fd96db0-ba8c-4c5c-8a1d-4bf6e8fc21bc-768x384.jpg 768w, https:\/\/www.caudete.org\/ayuntamiento\/wp-content\/uploads\/2023\/07\/9fd96db0-ba8c-4c5c-8a1d-4bf6e8fc21bc-1536x768.jpg 1536w\" sizes=\"(max-width: 1600px) 100vw, 1600px\" \/><\/a> <a href=\"https:\/\/www.caudete.org\/ayuntamiento\/wp-content\/uploads\/2023\/07\/414ace61-e811-4baa-aa6b-db392612771f.jpg\" rel='prettyPhoto'><img loading=\"lazy\" decoding=\"async\" class=\"alignnone wp-image-23023 size-full\" src=\"https:\/\/www.caudete.org\/ayuntamiento\/wp-content\/uploads\/2023\/07\/414ace61-e811-4baa-aa6b-db392612771f.jpg\" alt=\"\" width=\"1204\" height=\"1600\" srcset=\"https:\/\/www.caudete.org\/ayuntamiento\/wp-content\/uploads\/2023\/07\/414ace61-e811-4baa-aa6b-db392612771f.jpg 1204w, https:\/\/www.caudete.org\/ayuntamiento\/wp-content\/uploads\/2023\/07\/414ace61-e811-4baa-aa6b-db392612771f-226x300.jpg 226w, https:\/\/www.caudete.org\/ayuntamiento\/wp-content\/uploads\/2023\/07\/414ace61-e811-4baa-aa6b-db392612771f-771x1024.jpg 771w, https:\/\/www.caudete.org\/ayuntamiento\/wp-content\/uploads\/2023\/07\/414ace61-e811-4baa-aa6b-db392612771f-768x1021.jpg 768w, https:\/\/www.caudete.org\/ayuntamiento\/wp-content\/uploads\/2023\/07\/414ace61-e811-4baa-aa6b-db392612771f-1156x1536.jpg 1156w\" sizes=\"(max-width: 1204px) 100vw, 1204px\" \/><\/a><\/p>\n","protected":false},"excerpt":{"rendered":"<p>Mar\u00eda Dolores Requena Azor\u00edn, Concejal de Juventud, y Promoci\u00f3n y Desarrollo Econ\u00f3mico, informa de la participaci\u00f3n por primera vez en el curso 2022-2023, de alumnado de la Universidad Popular en el programa Erasmus+ en el marco de la Acreditaci\u00f3n en el sector de Educaci\u00f3n de Adultos con que cuenta el Ayuntamiento de Caudete. Por un &hellip;<\/p>\n","protected":false},"author":3,"featured_media":23029,"comment_status":"closed","ping_status":"open","sticky":false,"template":"","format":"standard","meta":{"ngg_post_thumbnail":0,"footnotes":""},"categories":[851],"tags":[],"class_list":["post-23022","post","type-post","status-publish","format-standard","has-post-thumbnail","hentry","category-promocion-y-desarrollo-economico"],"yoast_head":"<!-- This site is optimized with the Yoast SEO plugin v27.4 - https:\/\/yoast.com\/product\/yoast-seo-wordpress\/ -->\n<title>CaudeteEnEuropa: alumnos de la UNIVERSIDAD POPULAR viajan a Italia e Irlanda - MI Ayuntamiento de Caudete<\/title>\n<meta name=\"description\" content=\"P\u00e1gina Oficial del Ayuntamiento de Caudete (Albacete)\" \/>\n<meta name=\"robots\" content=\"index, follow, max-snippet:-1, max-image-preview:large, max-video-preview:-1\" \/>\n<link rel=\"canonical\" href=\"https:\/\/www.caudete.org\/ayuntamiento\/caudeteeneuropa-alumnos-de-la-universidad-popular-viajan-a-italia-e-irlanda\/\" \/>\n<meta property=\"og:locale\" content=\"es_ES\" \/>\n<meta property=\"og:type\" content=\"article\" \/>\n<meta property=\"og:title\" content=\"CaudeteEnEuropa: alumnos de la UNIVERSIDAD POPULAR viajan a Italia e Irlanda - MI Ayuntamiento de Caudete\" \/>\n<meta property=\"og:description\" content=\"P\u00e1gina Oficial del Ayuntamiento de Caudete (Albacete)\" \/>\n<meta property=\"og:url\" content=\"https:\/\/www.caudete.org\/ayuntamiento\/caudeteeneuropa-alumnos-de-la-universidad-popular-viajan-a-italia-e-irlanda\/\" \/>\n<meta property=\"og:site_name\" content=\"MI Ayuntamiento de Caudete\" \/>\n<meta property=\"article:publisher\" content=\"https:\/\/www.facebook.com\/ayuntamientocaudete\/\" \/>\n<meta property=\"article:published_time\" content=\"2023-07-28T07:00:45+00:00\" \/>\n<meta property=\"og:image\" content=\"https:\/\/www.caudete.org\/ayuntamiento\/wp-content\/uploads\/2023\/07\/797397a9-99a8-4f5b-9897-84efb717e93c.jpg\" \/>\n\t<meta property=\"og:image:width\" content=\"1024\" \/>\n\t<meta property=\"og:image:height\" content=\"668\" \/>\n\t<meta property=\"og:image:type\" content=\"image\/jpeg\" \/>\n<meta name=\"author\" content=\"alcalde\" \/>\n<meta name=\"twitter:card\" content=\"summary_large_image\" \/>\n<meta name=\"twitter:label1\" content=\"Escrito por\" \/>\n\t<meta name=\"twitter:data1\" content=\"alcalde\" \/>\n\t<meta name=\"twitter:label2\" content=\"Tiempo de lectura\" \/>\n\t<meta name=\"twitter:data2\" content=\"4 minutos\" \/>\n<script type=\"application\/ld+json\" class=\"yoast-schema-graph\">{\"@context\":\"https:\\\/\\\/schema.org\",\"@graph\":[{\"@type\":\"Article\",\"@id\":\"https:\\\/\\\/www.caudete.org\\\/ayuntamiento\\\/caudeteeneuropa-alumnos-de-la-universidad-popular-viajan-a-italia-e-irlanda\\\/#article\",\"isPartOf\":{\"@id\":\"https:\\\/\\\/www.caudete.org\\\/ayuntamiento\\\/caudeteeneuropa-alumnos-de-la-universidad-popular-viajan-a-italia-e-irlanda\\\/\"},\"author\":{\"name\":\"alcalde\",\"@id\":\"https:\\\/\\\/www.caudete.org\\\/ayuntamiento\\\/#\\\/schema\\\/person\\\/cc646da9133078ee4d8dd47457947253\"},\"headline\":\"CaudeteEnEuropa: alumnos de la UNIVERSIDAD POPULAR viajan a Italia e Irlanda\",\"datePublished\":\"2023-07-28T07:00:45+00:00\",\"mainEntityOfPage\":{\"@id\":\"https:\\\/\\\/www.caudete.org\\\/ayuntamiento\\\/caudeteeneuropa-alumnos-de-la-universidad-popular-viajan-a-italia-e-irlanda\\\/\"},\"wordCount\":301,\"publisher\":{\"@id\":\"https:\\\/\\\/www.caudete.org\\\/ayuntamiento\\\/#organization\"},\"image\":{\"@id\":\"https:\\\/\\\/www.caudete.org\\\/ayuntamiento\\\/caudeteeneuropa-alumnos-de-la-universidad-popular-viajan-a-italia-e-irlanda\\\/#primaryimage\"},\"thumbnailUrl\":\"https:\\\/\\\/www.caudete.org\\\/ayuntamiento\\\/wp-content\\\/uploads\\\/2023\\\/07\\\/797397a9-99a8-4f5b-9897-84efb717e93c.jpg\",\"articleSection\":[\"Promoci\u00f3n y Desarrollo Econ\u00f3mico\"],\"inLanguage\":\"es\"},{\"@type\":\"WebPage\",\"@id\":\"https:\\\/\\\/www.caudete.org\\\/ayuntamiento\\\/caudeteeneuropa-alumnos-de-la-universidad-popular-viajan-a-italia-e-irlanda\\\/\",\"url\":\"https:\\\/\\\/www.caudete.org\\\/ayuntamiento\\\/caudeteeneuropa-alumnos-de-la-universidad-popular-viajan-a-italia-e-irlanda\\\/\",\"name\":\"CaudeteEnEuropa: alumnos de la UNIVERSIDAD POPULAR viajan a Italia e Irlanda - MI Ayuntamiento de Caudete\",\"isPartOf\":{\"@id\":\"https:\\\/\\\/www.caudete.org\\\/ayuntamiento\\\/#website\"},\"primaryImageOfPage\":{\"@id\":\"https:\\\/\\\/www.caudete.org\\\/ayuntamiento\\\/caudeteeneuropa-alumnos-de-la-universidad-popular-viajan-a-italia-e-irlanda\\\/#primaryimage\"},\"image\":{\"@id\":\"https:\\\/\\\/www.caudete.org\\\/ayuntamiento\\\/caudeteeneuropa-alumnos-de-la-universidad-popular-viajan-a-italia-e-irlanda\\\/#primaryimage\"},\"thumbnailUrl\":\"https:\\\/\\\/www.caudete.org\\\/ayuntamiento\\\/wp-content\\\/uploads\\\/2023\\\/07\\\/797397a9-99a8-4f5b-9897-84efb717e93c.jpg\",\"datePublished\":\"2023-07-28T07:00:45+00:00\",\"description\":\"P\u00e1gina Oficial del Ayuntamiento de Caudete (Albacete)\",\"breadcrumb\":{\"@id\":\"https:\\\/\\\/www.caudete.org\\\/ayuntamiento\\\/caudeteeneuropa-alumnos-de-la-universidad-popular-viajan-a-italia-e-irlanda\\\/#breadcrumb\"},\"inLanguage\":\"es\",\"potentialAction\":[{\"@type\":\"ReadAction\",\"target\":[\"https:\\\/\\\/www.caudete.org\\\/ayuntamiento\\\/caudeteeneuropa-alumnos-de-la-universidad-popular-viajan-a-italia-e-irlanda\\\/\"]}]},{\"@type\":\"ImageObject\",\"inLanguage\":\"es\",\"@id\":\"https:\\\/\\\/www.caudete.org\\\/ayuntamiento\\\/caudeteeneuropa-alumnos-de-la-universidad-popular-viajan-a-italia-e-irlanda\\\/#primaryimage\",\"url\":\"https:\\\/\\\/www.caudete.org\\\/ayuntamiento\\\/wp-content\\\/uploads\\\/2023\\\/07\\\/797397a9-99a8-4f5b-9897-84efb717e93c.jpg\",\"contentUrl\":\"https:\\\/\\\/www.caudete.org\\\/ayuntamiento\\\/wp-content\\\/uploads\\\/2023\\\/07\\\/797397a9-99a8-4f5b-9897-84efb717e93c.jpg\",\"width\":1024,\"height\":668},{\"@type\":\"BreadcrumbList\",\"@id\":\"https:\\\/\\\/www.caudete.org\\\/ayuntamiento\\\/caudeteeneuropa-alumnos-de-la-universidad-popular-viajan-a-italia-e-irlanda\\\/#breadcrumb\",\"itemListElement\":[{\"@type\":\"ListItem\",\"position\":1,\"name\":\"Inicio\",\"item\":\"https:\\\/\\\/www.caudete.org\\\/ayuntamiento\\\/\"},{\"@type\":\"ListItem\",\"position\":2,\"name\":\"CaudeteEnEuropa: alumnos de la UNIVERSIDAD POPULAR viajan a Italia e Irlanda\"}]},{\"@type\":\"WebSite\",\"@id\":\"https:\\\/\\\/www.caudete.org\\\/ayuntamiento\\\/#website\",\"url\":\"https:\\\/\\\/www.caudete.org\\\/ayuntamiento\\\/\",\"name\":\"MI Ayuntamiento de Caudete\",\"description\":\"P\u00e1gina Oficial del MI Ayuntamiento de Caudete\",\"publisher\":{\"@id\":\"https:\\\/\\\/www.caudete.org\\\/ayuntamiento\\\/#organization\"},\"potentialAction\":[{\"@type\":\"SearchAction\",\"target\":{\"@type\":\"EntryPoint\",\"urlTemplate\":\"https:\\\/\\\/www.caudete.org\\\/ayuntamiento\\\/?s={search_term_string}\"},\"query-input\":{\"@type\":\"PropertyValueSpecification\",\"valueRequired\":true,\"valueName\":\"search_term_string\"}}],\"inLanguage\":\"es\"},{\"@type\":\"Organization\",\"@id\":\"https:\\\/\\\/www.caudete.org\\\/ayuntamiento\\\/#organization\",\"name\":\"Ayuntamiento de Caudete\",\"url\":\"https:\\\/\\\/www.caudete.org\\\/ayuntamiento\\\/\",\"logo\":{\"@type\":\"ImageObject\",\"inLanguage\":\"es\",\"@id\":\"https:\\\/\\\/www.caudete.org\\\/ayuntamiento\\\/#\\\/schema\\\/logo\\\/image\\\/\",\"url\":\"https:\\\/\\\/www.caudete.org\\\/ayuntamiento\\\/wp-content\\\/uploads\\\/2020\\\/11\\\/logo_ayuntamiento_caudete.jpg\",\"contentUrl\":\"https:\\\/\\\/www.caudete.org\\\/ayuntamiento\\\/wp-content\\\/uploads\\\/2020\\\/11\\\/logo_ayuntamiento_caudete.jpg\",\"width\":600,\"height\":150,\"caption\":\"Ayuntamiento de Caudete\"},\"image\":{\"@id\":\"https:\\\/\\\/www.caudete.org\\\/ayuntamiento\\\/#\\\/schema\\\/logo\\\/image\\\/\"},\"sameAs\":[\"https:\\\/\\\/www.facebook.com\\\/ayuntamientocaudete\\\/\",\"https:\\\/\\\/www.youtube.com\\\/channel\\\/UC6VztHaooNsGpw-tNoBEFnQ\"]},{\"@type\":\"Person\",\"@id\":\"https:\\\/\\\/www.caudete.org\\\/ayuntamiento\\\/#\\\/schema\\\/person\\\/cc646da9133078ee4d8dd47457947253\",\"name\":\"alcalde\",\"image\":{\"@type\":\"ImageObject\",\"inLanguage\":\"es\",\"@id\":\"https:\\\/\\\/secure.gravatar.com\\\/avatar\\\/84a817ba065b29ff08d666b215a215f5c79186a645ccb25b14a663d48a130f77?s=96&d=mm&r=g\",\"url\":\"https:\\\/\\\/secure.gravatar.com\\\/avatar\\\/84a817ba065b29ff08d666b215a215f5c79186a645ccb25b14a663d48a130f77?s=96&d=mm&r=g\",\"contentUrl\":\"https:\\\/\\\/secure.gravatar.com\\\/avatar\\\/84a817ba065b29ff08d666b215a215f5c79186a645ccb25b14a663d48a130f77?s=96&d=mm&r=g\",\"caption\":\"alcalde\"},\"url\":\"https:\\\/\\\/www.caudete.org\\\/ayuntamiento\\\/author\\\/alcalde\\\/\"}]}<\/script>\n<!-- \/ Yoast SEO plugin. -->","yoast_head_json":{"title":"CaudeteEnEuropa: alumnos de la UNIVERSIDAD POPULAR viajan a Italia e Irlanda - MI Ayuntamiento de Caudete","description":"P\u00e1gina Oficial del Ayuntamiento de Caudete (Albacete)","robots":{"index":"index","follow":"follow","max-snippet":"max-snippet:-1","max-image-preview":"max-image-preview:large","max-video-preview":"max-video-preview:-1"},"canonical":"https:\/\/www.caudete.org\/ayuntamiento\/caudeteeneuropa-alumnos-de-la-universidad-popular-viajan-a-italia-e-irlanda\/","og_locale":"es_ES","og_type":"article","og_title":"CaudeteEnEuropa: alumnos de la UNIVERSIDAD POPULAR viajan a Italia e Irlanda - MI Ayuntamiento de Caudete","og_description":"P\u00e1gina Oficial del Ayuntamiento de Caudete (Albacete)","og_url":"https:\/\/www.caudete.org\/ayuntamiento\/caudeteeneuropa-alumnos-de-la-universidad-popular-viajan-a-italia-e-irlanda\/","og_site_name":"MI Ayuntamiento de Caudete","article_publisher":"https:\/\/www.facebook.com\/ayuntamientocaudete\/","article_published_time":"2023-07-28T07:00:45+00:00","og_image":[{"width":1024,"height":668,"url":"https:\/\/www.caudete.org\/ayuntamiento\/wp-content\/uploads\/2023\/07\/797397a9-99a8-4f5b-9897-84efb717e93c.jpg","type":"image\/jpeg"}],"author":"alcalde","twitter_card":"summary_large_image","twitter_misc":{"Escrito por":"alcalde","Tiempo de lectura":"4 minutos"},"schema":{"@context":"https:\/\/schema.org","@graph":[{"@type":"Article","@id":"https:\/\/www.caudete.org\/ayuntamiento\/caudeteeneuropa-alumnos-de-la-universidad-popular-viajan-a-italia-e-irlanda\/#article","isPartOf":{"@id":"https:\/\/www.caudete.org\/ayuntamiento\/caudeteeneuropa-alumnos-de-la-universidad-popular-viajan-a-italia-e-irlanda\/"},"author":{"name":"alcalde","@id":"https:\/\/www.caudete.org\/ayuntamiento\/#\/schema\/person\/cc646da9133078ee4d8dd47457947253"},"headline":"CaudeteEnEuropa: alumnos de la UNIVERSIDAD POPULAR viajan a Italia e Irlanda","datePublished":"2023-07-28T07:00:45+00:00","mainEntityOfPage":{"@id":"https:\/\/www.caudete.org\/ayuntamiento\/caudeteeneuropa-alumnos-de-la-universidad-popular-viajan-a-italia-e-irlanda\/"},"wordCount":301,"publisher":{"@id":"https:\/\/www.caudete.org\/ayuntamiento\/#organization"},"image":{"@id":"https:\/\/www.caudete.org\/ayuntamiento\/caudeteeneuropa-alumnos-de-la-universidad-popular-viajan-a-italia-e-irlanda\/#primaryimage"},"thumbnailUrl":"https:\/\/www.caudete.org\/ayuntamiento\/wp-content\/uploads\/2023\/07\/797397a9-99a8-4f5b-9897-84efb717e93c.jpg","articleSection":["Promoci\u00f3n y Desarrollo Econ\u00f3mico"],"inLanguage":"es"},{"@type":"WebPage","@id":"https:\/\/www.caudete.org\/ayuntamiento\/caudeteeneuropa-alumnos-de-la-universidad-popular-viajan-a-italia-e-irlanda\/","url":"https:\/\/www.caudete.org\/ayuntamiento\/caudeteeneuropa-alumnos-de-la-universidad-popular-viajan-a-italia-e-irlanda\/","name":"CaudeteEnEuropa: alumnos de la UNIVERSIDAD POPULAR viajan a Italia e Irlanda - MI Ayuntamiento de Caudete","isPartOf":{"@id":"https:\/\/www.caudete.org\/ayuntamiento\/#website"},"primaryImageOfPage":{"@id":"https:\/\/www.caudete.org\/ayuntamiento\/caudeteeneuropa-alumnos-de-la-universidad-popular-viajan-a-italia-e-irlanda\/#primaryimage"},"image":{"@id":"https:\/\/www.caudete.org\/ayuntamiento\/caudeteeneuropa-alumnos-de-la-universidad-popular-viajan-a-italia-e-irlanda\/#primaryimage"},"thumbnailUrl":"https:\/\/www.caudete.org\/ayuntamiento\/wp-content\/uploads\/2023\/07\/797397a9-99a8-4f5b-9897-84efb717e93c.jpg","datePublished":"2023-07-28T07:00:45+00:00","description":"P\u00e1gina Oficial del Ayuntamiento de Caudete (Albacete)","breadcrumb":{"@id":"https:\/\/www.caudete.org\/ayuntamiento\/caudeteeneuropa-alumnos-de-la-universidad-popular-viajan-a-italia-e-irlanda\/#breadcrumb"},"inLanguage":"es","potentialAction":[{"@type":"ReadAction","target":["https:\/\/www.caudete.org\/ayuntamiento\/caudeteeneuropa-alumnos-de-la-universidad-popular-viajan-a-italia-e-irlanda\/"]}]},{"@type":"ImageObject","inLanguage":"es","@id":"https:\/\/www.caudete.org\/ayuntamiento\/caudeteeneuropa-alumnos-de-la-universidad-popular-viajan-a-italia-e-irlanda\/#primaryimage","url":"https:\/\/www.caudete.org\/ayuntamiento\/wp-content\/uploads\/2023\/07\/797397a9-99a8-4f5b-9897-84efb717e93c.jpg","contentUrl":"https:\/\/www.caudete.org\/ayuntamiento\/wp-content\/uploads\/2023\/07\/797397a9-99a8-4f5b-9897-84efb717e93c.jpg","width":1024,"height":668},{"@type":"BreadcrumbList","@id":"https:\/\/www.caudete.org\/ayuntamiento\/caudeteeneuropa-alumnos-de-la-universidad-popular-viajan-a-italia-e-irlanda\/#breadcrumb","itemListElement":[{"@type":"ListItem","position":1,"name":"Inicio","item":"https:\/\/www.caudete.org\/ayuntamiento\/"},{"@type":"ListItem","position":2,"name":"CaudeteEnEuropa: alumnos de la UNIVERSIDAD POPULAR viajan a Italia e Irlanda"}]},{"@type":"WebSite","@id":"https:\/\/www.caudete.org\/ayuntamiento\/#website","url":"https:\/\/www.caudete.org\/ayuntamiento\/","name":"MI Ayuntamiento de Caudete","description":"P\u00e1gina Oficial del MI Ayuntamiento de Caudete","publisher":{"@id":"https:\/\/www.caudete.org\/ayuntamiento\/#organization"},"potentialAction":[{"@type":"SearchAction","target":{"@type":"EntryPoint","urlTemplate":"https:\/\/www.caudete.org\/ayuntamiento\/?s={search_term_string}"},"query-input":{"@type":"PropertyValueSpecification","valueRequired":true,"valueName":"search_term_string"}}],"inLanguage":"es"},{"@type":"Organization","@id":"https:\/\/www.caudete.org\/ayuntamiento\/#organization","name":"Ayuntamiento de Caudete","url":"https:\/\/www.caudete.org\/ayuntamiento\/","logo":{"@type":"ImageObject","inLanguage":"es","@id":"https:\/\/www.caudete.org\/ayuntamiento\/#\/schema\/logo\/image\/","url":"https:\/\/www.caudete.org\/ayuntamiento\/wp-content\/uploads\/2020\/11\/logo_ayuntamiento_caudete.jpg","contentUrl":"https:\/\/www.caudete.org\/ayuntamiento\/wp-content\/uploads\/2020\/11\/logo_ayuntamiento_caudete.jpg","width":600,"height":150,"caption":"Ayuntamiento de Caudete"},"image":{"@id":"https:\/\/www.caudete.org\/ayuntamiento\/#\/schema\/logo\/image\/"},"sameAs":["https:\/\/www.facebook.com\/ayuntamientocaudete\/","https:\/\/www.youtube.com\/channel\/UC6VztHaooNsGpw-tNoBEFnQ"]},{"@type":"Person","@id":"https:\/\/www.caudete.org\/ayuntamiento\/#\/schema\/person\/cc646da9133078ee4d8dd47457947253","name":"alcalde","image":{"@type":"ImageObject","inLanguage":"es","@id":"https:\/\/secure.gravatar.com\/avatar\/84a817ba065b29ff08d666b215a215f5c79186a645ccb25b14a663d48a130f77?s=96&d=mm&r=g","url":"https:\/\/secure.gravatar.com\/avatar\/84a817ba065b29ff08d666b215a215f5c79186a645ccb25b14a663d48a130f77?s=96&d=mm&r=g","contentUrl":"https:\/\/secure.gravatar.com\/avatar\/84a817ba065b29ff08d666b215a215f5c79186a645ccb25b14a663d48a130f77?s=96&d=mm&r=g","caption":"alcalde"},"url":"https:\/\/www.caudete.org\/ayuntamiento\/author\/alcalde\/"}]}},"_links":{"self":[{"href":"https:\/\/www.caudete.org\/ayuntamiento\/wp-json\/wp\/v2\/posts\/23022","targetHints":{"allow":["GET"]}}],"collection":[{"href":"https:\/\/www.caudete.org\/ayuntamiento\/wp-json\/wp\/v2\/posts"}],"about":[{"href":"https:\/\/www.caudete.org\/ayuntamiento\/wp-json\/wp\/v2\/types\/post"}],"author":[{"embeddable":true,"href":"https:\/\/www.caudete.org\/ayuntamiento\/wp-json\/wp\/v2\/users\/3"}],"replies":[{"embeddable":true,"href":"https:\/\/www.caudete.org\/ayuntamiento\/wp-json\/wp\/v2\/comments?post=23022"}],"version-history":[{"count":1,"href":"https:\/\/www.caudete.org\/ayuntamiento\/wp-json\/wp\/v2\/posts\/23022\/revisions"}],"predecessor-version":[{"id":23033,"href":"https:\/\/www.caudete.org\/ayuntamiento\/wp-json\/wp\/v2\/posts\/23022\/revisions\/23033"}],"wp:featuredmedia":[{"embeddable":true,"href":"https:\/\/www.caudete.org\/ayuntamiento\/wp-json\/wp\/v2\/media\/23029"}],"wp:attachment":[{"href":"https:\/\/www.caudete.org\/ayuntamiento\/wp-json\/wp\/v2\/media?parent=23022"}],"wp:term":[{"taxonomy":"category","embeddable":true,"href":"https:\/\/www.caudete.org\/ayuntamiento\/wp-json\/wp\/v2\/categories?post=23022"},{"taxonomy":"post_tag","embeddable":true,"href":"https:\/\/www.caudete.org\/ayuntamiento\/wp-json\/wp\/v2\/tags?post=23022"}],"curies":[{"name":"wp","href":"https:\/\/api.w.org\/{rel}","templated":true}]}}