{"id":23035,"date":"2023-07-28T14:17:01","date_gmt":"2023-07-28T12:17:01","guid":{"rendered":"https:\/\/www.caudete.org\/ayuntamiento\/?p=23035"},"modified":"2023-07-28T14:17:01","modified_gmt":"2023-07-28T12:17:01","slug":"caudeteemprende-abre-sus-puertas-congelados-fajardo","status":"publish","type":"post","link":"https:\/\/www.caudete.org\/ayuntamiento\/caudeteemprende-abre-sus-puertas-congelados-fajardo\/","title":{"rendered":"CaudeteEMPRENDE: abre sus puertas &#8220;Congelados Fajardo&#8221;"},"content":{"rendered":"<p style=\"text-align: justify;\">\nDe nuevo, la Concejal\u00eda de Comercio que ostenta el edil Diego Cuenca Olivares, contin\u00faa con la campa\u00f1a CaudeteEMPRENDE present\u00e1ndonos en el d\u00eda de hoy la apertura de un nuevo establecimiento en nuestra localidad, en la intersecci\u00f3n de C\/ Jos\u00e9 Ruiz Ruiz con C\/ La Huerta, de congelados y ultramarinos \u201cCongelados Fajardo\u201d.<\/p>\n<p style=\"text-align: justify;\">\nSus propietarios nos mandan el siguiente mensaje:<\/p>\n<p style=\"text-align: justify;\"><em>&lt;&lt;&lt;Buenos d\u00edas, bienvenidos a nuestro negocio, de Congelados Fajardo.<\/em><\/p>\n<p style=\"text-align: justify;\"><em>Nosotros trabajamos con productos de alta calidad, tenemos 5 tiendas en Albacete, aparte tenemos tienda en Valencia, Murcia, Alicante, Ja\u00e9n, y en varios pueblos de Castilla la Mancha, y ahora hemos decidido poner un negocio en Caudete. Porque vemos que hay demanda de genero a granel, del que nosotros disponemos.<\/em><\/p>\n<p style=\"text-align: justify;\"><em>La gran mayor\u00eda de productos son nacionales, sin hielo, y sin espinas.<\/em><br \/>\n<em>Muchos de nuestros productos los cocemos nosotros en nuestras bases que se encuentran en Chinchilla de Montearagon.<\/em><\/p>\n<p style=\"text-align: justify;\"><em>Disponemos:<\/em><\/p>\n<p style=\"text-align: justify;\"><em>\u2022 Marisco: Variedad de Gamba Roja, Gamba Blanca, Gamba Arrocera, Variedad en Gambon, Langostino Crudo, Langostino Cocido, Gamba Cocida, Quisquilla, Tellinas, Coquinas, Zamburi\u00f1as, Cigalas, Bogavantes.<\/em><\/p>\n<p style=\"text-align: justify;\"><em>\u2022 Pescado: Gran variedad de pescados.<\/em><br \/>\n<em>Lo primero, nuestra gran variedad de preparado de paellas, para que pod\u00e1is hacerlas al gusto que quer\u00e1is.<\/em><br \/>\n<em>Disponemos de: Bacalao (diferentes cortes y tama\u00f1os), Lenguado nacional, (limpio y con espinas, diferentes tama\u00f1os), Merluza (rodajas, filetes, lomos, colas, rebozadas), Sepias, patas de sepia, Pez espada, mero, salm\u00f3n, lubina, dorada, cocochas de bacalao,<\/em><br \/>\n<em>Boquer\u00f3n peque\u00f1o para fre\u00edr y grande para hacer en vinagre. Sardinas, calamar entero del atl\u00e1ntico, tubo de pota, calamar anillado, troceado, salm\u00f3n ahumado, rape nacional. Bacaladilla, Lirio, mejill\u00f3n listos para comer, carne de mejill\u00f3n, salpic\u00f3n, merluguesa, croquetas de varios sabores y tama\u00f1os. Gamba pelada, almeja, boca de mar, etc.<\/em><\/p>\n<p style=\"text-align: justify;\"><em>\u2022 Precocinados:<\/em><br \/>\n<em>Calamares a la romana, calamares a la andaluza, gamba rebozadas, queso para fre\u00edr, finger de pollo rebozado, bacalao rebozado, distintos rebozados de langostinos, vieiras rellenas, masas de hojaldre. Hamburguesas rebozadas, chipiron enharinado, San Jacobos, minis Sanacobos, rabas, palitos de pescado, muslos krustasur, tortitas de camar\u00f3n, rollitos de primavera, canalones de carne, lasa\u00f1a, empanadillas, mini empanadillas, huevos con bechamel, pizzas,\u2026<\/em><\/p>\n<p style=\"text-align: justify;\"><em>\u2022 Verduras: Jud\u00eda plana, jud\u00eda redonda, revuelto para fajitas, salteado de salm\u00f3n, verdura para la paella, arroz tres delicias, espinacas, coraz\u00f3n alcachofa, guisantes, garbanzos, menestra, ensaladilla, ensalada de langostino y frutas\u2026<\/em><\/p>\n<p style=\"text-align: justify;\"><em>\u2022Carne: Alas de pollo, Jamoncitos, higadillos de pollo, codillo de cerdo cocinado, costillas adobadas, oreja de cerdo, rabo de cerdo, pinchos de pollo, diferentes tipos de hamburguesas, carrilladas, caracoles, caracoles en salsa\u2026<\/em><\/p>\n<p style=\"text-align: justify;\"><em>\u2022 GRAN VARIEDAD DE HELADO.<\/em><\/p>\n<p style=\"text-align: justify;\"><em>Hemos optado por apostar aqu\u00ed, porque hace falta genero del que nosotros disponemos.<\/em><\/p>\n<p style=\"text-align: justify;\"><em>Y agradecer mucho al pueblo, por habernos aceptado de esta manera , y agradecer a Fajardo tambi\u00e9n por habernos dado la oportunidad de poder hacerlo y sobretodo gracias a nuestros familiares que sin su apoyo no hubi\u00e9remos podido. <\/em><\/p>\n<p style=\"text-align: justify;\"><em>Y por \u00faltimo pero menos importante , agradecer much\u00edsimo al ayuntamiento, al concejal de comercio por darnos este apoyo tan grande, en general: MUCH\u00cdSIMAS GRACIAS A TODOS, POR VUESTRO APOYO Y GRAN AYUDA POR TODO, GRACIAS.<\/em><\/p>\n<p style=\"text-align: justify;\"><em>Y recordaos que nuestro horario es de 9.00 a 14.00, y a partir de la \u00faltima semana de agosto ya abriremos por las tardes, de 18.00 a 21.00 le lunes a viernes, y s\u00e1bados de 9.00 a 14.00<\/em><\/p>\n<p style=\"text-align: justify;\"><em>Para que todo el mundo pueda hacer sus encargos y pedidos para estas fiestas, que no falte de nada.<\/em><\/p>\n<p style=\"text-align: justify;\">\n<em>Gracias y aqu\u00ed os esperamos con los brazos abiertos y una sonrisa de oreja a oreja .&gt;&gt;&gt;<\/em><\/p>\n<p style=\"text-align: justify;\">CaudeteEMPRENDE es una campa\u00f1a creada desde la Concejal\u00eda de Comercio con el objetivo de dar visibilidad y apoyo a los nuevos comercios de la localidad, acerc\u00e1ndolos a la ciudadan\u00eda a trav\u00e9s de las redes sociales del M.I. Ayuntamiento y la TV.<\/p>\n<p><a href=\"https:\/\/www.caudete.org\/ayuntamiento\/wp-content\/uploads\/2023\/07\/IMG-20230728-WA0015.jpg\" rel='prettyPhoto'><img fetchpriority=\"high\" decoding=\"async\" class=\"alignnone wp-image-23036 size-full\" src=\"https:\/\/www.caudete.org\/ayuntamiento\/wp-content\/uploads\/2023\/07\/IMG-20230728-WA0015.jpg\" alt=\"\" width=\"1600\" height=\"720\" srcset=\"https:\/\/www.caudete.org\/ayuntamiento\/wp-content\/uploads\/2023\/07\/IMG-20230728-WA0015.jpg 1600w, https:\/\/www.caudete.org\/ayuntamiento\/wp-content\/uploads\/2023\/07\/IMG-20230728-WA0015-300x135.jpg 300w, https:\/\/www.caudete.org\/ayuntamiento\/wp-content\/uploads\/2023\/07\/IMG-20230728-WA0015-1024x461.jpg 1024w, https:\/\/www.caudete.org\/ayuntamiento\/wp-content\/uploads\/2023\/07\/IMG-20230728-WA0015-768x346.jpg 768w, https:\/\/www.caudete.org\/ayuntamiento\/wp-content\/uploads\/2023\/07\/IMG-20230728-WA0015-1536x691.jpg 1536w\" sizes=\"(max-width: 1600px) 100vw, 1600px\" \/><\/a><\/p>\n","protected":false},"excerpt":{"rendered":"<p>De nuevo, la Concejal\u00eda de Comercio que ostenta el edil Diego Cuenca Olivares, contin\u00faa con la campa\u00f1a CaudeteEMPRENDE present\u00e1ndonos en el d\u00eda de hoy la apertura de un nuevo establecimiento en nuestra localidad, en la intersecci\u00f3n de C\/ Jos\u00e9 Ruiz Ruiz con C\/ La Huerta, de congelados y ultramarinos \u201cCongelados Fajardo\u201d. Sus propietarios nos mandan &hellip;<\/p>\n","protected":false},"author":3,"featured_media":23036,"comment_status":"closed","ping_status":"open","sticky":false,"template":"","format":"standard","meta":{"ngg_post_thumbnail":0,"footnotes":""},"categories":[42],"tags":[],"class_list":["post-23035","post","type-post","status-publish","format-standard","has-post-thumbnail","hentry","category-comercio"],"yoast_head":"<!-- This site is optimized with the Yoast SEO plugin v27.5 - https:\/\/yoast.com\/product\/yoast-seo-wordpress\/ -->\n<title>CaudeteEMPRENDE: abre sus puertas &quot;Congelados Fajardo&quot; - MI Ayuntamiento de Caudete<\/title>\n<meta name=\"description\" content=\"P\u00e1gina Oficial del Ayuntamiento de Caudete (Albacete)\" \/>\n<meta name=\"robots\" content=\"index, follow, max-snippet:-1, max-image-preview:large, max-video-preview:-1\" \/>\n<link rel=\"canonical\" href=\"https:\/\/www.caudete.org\/ayuntamiento\/caudeteemprende-abre-sus-puertas-congelados-fajardo\/\" \/>\n<meta property=\"og:locale\" content=\"es_ES\" \/>\n<meta property=\"og:type\" content=\"article\" \/>\n<meta property=\"og:title\" content=\"CaudeteEMPRENDE: abre sus puertas &quot;Congelados Fajardo&quot; - MI Ayuntamiento de Caudete\" \/>\n<meta property=\"og:description\" content=\"P\u00e1gina Oficial del Ayuntamiento de Caudete (Albacete)\" \/>\n<meta property=\"og:url\" content=\"https:\/\/www.caudete.org\/ayuntamiento\/caudeteemprende-abre-sus-puertas-congelados-fajardo\/\" \/>\n<meta property=\"og:site_name\" content=\"MI Ayuntamiento de Caudete\" \/>\n<meta property=\"article:publisher\" content=\"https:\/\/www.facebook.com\/ayuntamientocaudete\/\" \/>\n<meta property=\"article:published_time\" content=\"2023-07-28T12:17:01+00:00\" \/>\n<meta property=\"og:image\" content=\"https:\/\/www.caudete.org\/ayuntamiento\/wp-content\/uploads\/2023\/07\/IMG-20230728-WA0015.jpg\" \/>\n\t<meta property=\"og:image:width\" content=\"1600\" \/>\n\t<meta property=\"og:image:height\" content=\"720\" \/>\n\t<meta property=\"og:image:type\" content=\"image\/jpeg\" \/>\n<meta name=\"author\" content=\"alcalde\" \/>\n<meta name=\"twitter:card\" content=\"summary_large_image\" \/>\n<meta name=\"twitter:label1\" content=\"Escrito por\" \/>\n\t<meta name=\"twitter:data1\" content=\"alcalde\" \/>\n\t<meta name=\"twitter:label2\" content=\"Tiempo de lectura\" \/>\n\t<meta name=\"twitter:data2\" content=\"3 minutos\" \/>\n<script type=\"application\/ld+json\" class=\"yoast-schema-graph\">{\"@context\":\"https:\\\/\\\/schema.org\",\"@graph\":[{\"@type\":\"Article\",\"@id\":\"https:\\\/\\\/www.caudete.org\\\/ayuntamiento\\\/caudeteemprende-abre-sus-puertas-congelados-fajardo\\\/#article\",\"isPartOf\":{\"@id\":\"https:\\\/\\\/www.caudete.org\\\/ayuntamiento\\\/caudeteemprende-abre-sus-puertas-congelados-fajardo\\\/\"},\"author\":{\"name\":\"alcalde\",\"@id\":\"https:\\\/\\\/www.caudete.org\\\/ayuntamiento\\\/#\\\/schema\\\/person\\\/cc646da9133078ee4d8dd47457947253\"},\"headline\":\"CaudeteEMPRENDE: abre sus puertas &#8220;Congelados Fajardo&#8221;\",\"datePublished\":\"2023-07-28T12:17:01+00:00\",\"mainEntityOfPage\":{\"@id\":\"https:\\\/\\\/www.caudete.org\\\/ayuntamiento\\\/caudeteemprende-abre-sus-puertas-congelados-fajardo\\\/\"},\"wordCount\":648,\"image\":{\"@id\":\"https:\\\/\\\/www.caudete.org\\\/ayuntamiento\\\/caudeteemprende-abre-sus-puertas-congelados-fajardo\\\/#primaryimage\"},\"thumbnailUrl\":\"https:\\\/\\\/www.caudete.org\\\/ayuntamiento\\\/wp-content\\\/uploads\\\/2023\\\/07\\\/IMG-20230728-WA0015.jpg\",\"articleSection\":[\"Comercio\"],\"inLanguage\":\"es\"},{\"@type\":\"WebPage\",\"@id\":\"https:\\\/\\\/www.caudete.org\\\/ayuntamiento\\\/caudeteemprende-abre-sus-puertas-congelados-fajardo\\\/\",\"url\":\"https:\\\/\\\/www.caudete.org\\\/ayuntamiento\\\/caudeteemprende-abre-sus-puertas-congelados-fajardo\\\/\",\"name\":\"CaudeteEMPRENDE: abre sus puertas \\\"Congelados Fajardo\\\" - MI Ayuntamiento de Caudete\",\"isPartOf\":{\"@id\":\"https:\\\/\\\/www.caudete.org\\\/ayuntamiento\\\/#website\"},\"primaryImageOfPage\":{\"@id\":\"https:\\\/\\\/www.caudete.org\\\/ayuntamiento\\\/caudeteemprende-abre-sus-puertas-congelados-fajardo\\\/#primaryimage\"},\"image\":{\"@id\":\"https:\\\/\\\/www.caudete.org\\\/ayuntamiento\\\/caudeteemprende-abre-sus-puertas-congelados-fajardo\\\/#primaryimage\"},\"thumbnailUrl\":\"https:\\\/\\\/www.caudete.org\\\/ayuntamiento\\\/wp-content\\\/uploads\\\/2023\\\/07\\\/IMG-20230728-WA0015.jpg\",\"datePublished\":\"2023-07-28T12:17:01+00:00\",\"author\":{\"@id\":\"https:\\\/\\\/www.caudete.org\\\/ayuntamiento\\\/#\\\/schema\\\/person\\\/cc646da9133078ee4d8dd47457947253\"},\"description\":\"P\u00e1gina Oficial del Ayuntamiento de Caudete (Albacete)\",\"breadcrumb\":{\"@id\":\"https:\\\/\\\/www.caudete.org\\\/ayuntamiento\\\/caudeteemprende-abre-sus-puertas-congelados-fajardo\\\/#breadcrumb\"},\"inLanguage\":\"es\",\"potentialAction\":[{\"@type\":\"ReadAction\",\"target\":[\"https:\\\/\\\/www.caudete.org\\\/ayuntamiento\\\/caudeteemprende-abre-sus-puertas-congelados-fajardo\\\/\"]}]},{\"@type\":\"ImageObject\",\"inLanguage\":\"es\",\"@id\":\"https:\\\/\\\/www.caudete.org\\\/ayuntamiento\\\/caudeteemprende-abre-sus-puertas-congelados-fajardo\\\/#primaryimage\",\"url\":\"https:\\\/\\\/www.caudete.org\\\/ayuntamiento\\\/wp-content\\\/uploads\\\/2023\\\/07\\\/IMG-20230728-WA0015.jpg\",\"contentUrl\":\"https:\\\/\\\/www.caudete.org\\\/ayuntamiento\\\/wp-content\\\/uploads\\\/2023\\\/07\\\/IMG-20230728-WA0015.jpg\",\"width\":1600,\"height\":720},{\"@type\":\"BreadcrumbList\",\"@id\":\"https:\\\/\\\/www.caudete.org\\\/ayuntamiento\\\/caudeteemprende-abre-sus-puertas-congelados-fajardo\\\/#breadcrumb\",\"itemListElement\":[{\"@type\":\"ListItem\",\"position\":1,\"name\":\"Inicio\",\"item\":\"https:\\\/\\\/www.caudete.org\\\/ayuntamiento\\\/\"},{\"@type\":\"ListItem\",\"position\":2,\"name\":\"CaudeteEMPRENDE: abre sus puertas &#8220;Congelados Fajardo&#8221;\"}]},{\"@type\":\"WebSite\",\"@id\":\"https:\\\/\\\/www.caudete.org\\\/ayuntamiento\\\/#website\",\"url\":\"https:\\\/\\\/www.caudete.org\\\/ayuntamiento\\\/\",\"name\":\"MI Ayuntamiento de Caudete\",\"description\":\"P\u00e1gina Oficial del MI Ayuntamiento de Caudete\",\"potentialAction\":[{\"@type\":\"SearchAction\",\"target\":{\"@type\":\"EntryPoint\",\"urlTemplate\":\"https:\\\/\\\/www.caudete.org\\\/ayuntamiento\\\/?s={search_term_string}\"},\"query-input\":{\"@type\":\"PropertyValueSpecification\",\"valueRequired\":true,\"valueName\":\"search_term_string\"}}],\"inLanguage\":\"es\"},{\"@type\":\"Person\",\"@id\":\"https:\\\/\\\/www.caudete.org\\\/ayuntamiento\\\/#\\\/schema\\\/person\\\/cc646da9133078ee4d8dd47457947253\",\"name\":\"alcalde\",\"image\":{\"@type\":\"ImageObject\",\"inLanguage\":\"es\",\"@id\":\"https:\\\/\\\/secure.gravatar.com\\\/avatar\\\/84a817ba065b29ff08d666b215a215f5c79186a645ccb25b14a663d48a130f77?s=96&d=mm&r=g\",\"url\":\"https:\\\/\\\/secure.gravatar.com\\\/avatar\\\/84a817ba065b29ff08d666b215a215f5c79186a645ccb25b14a663d48a130f77?s=96&d=mm&r=g\",\"contentUrl\":\"https:\\\/\\\/secure.gravatar.com\\\/avatar\\\/84a817ba065b29ff08d666b215a215f5c79186a645ccb25b14a663d48a130f77?s=96&d=mm&r=g\",\"caption\":\"alcalde\"},\"url\":\"https:\\\/\\\/www.caudete.org\\\/ayuntamiento\\\/author\\\/alcalde\\\/\"}]}<\/script>\n<!-- \/ Yoast SEO plugin. -->","yoast_head_json":{"title":"CaudeteEMPRENDE: abre sus puertas \"Congelados Fajardo\" - MI Ayuntamiento de Caudete","description":"P\u00e1gina Oficial del Ayuntamiento de Caudete (Albacete)","robots":{"index":"index","follow":"follow","max-snippet":"max-snippet:-1","max-image-preview":"max-image-preview:large","max-video-preview":"max-video-preview:-1"},"canonical":"https:\/\/www.caudete.org\/ayuntamiento\/caudeteemprende-abre-sus-puertas-congelados-fajardo\/","og_locale":"es_ES","og_type":"article","og_title":"CaudeteEMPRENDE: abre sus puertas \"Congelados Fajardo\" - MI Ayuntamiento de Caudete","og_description":"P\u00e1gina Oficial del Ayuntamiento de Caudete (Albacete)","og_url":"https:\/\/www.caudete.org\/ayuntamiento\/caudeteemprende-abre-sus-puertas-congelados-fajardo\/","og_site_name":"MI Ayuntamiento de Caudete","article_publisher":"https:\/\/www.facebook.com\/ayuntamientocaudete\/","article_published_time":"2023-07-28T12:17:01+00:00","og_image":[{"width":1600,"height":720,"url":"https:\/\/www.caudete.org\/ayuntamiento\/wp-content\/uploads\/2023\/07\/IMG-20230728-WA0015.jpg","type":"image\/jpeg"}],"author":"alcalde","twitter_card":"summary_large_image","twitter_misc":{"Escrito por":"alcalde","Tiempo de lectura":"3 minutos"},"schema":{"@context":"https:\/\/schema.org","@graph":[{"@type":"Article","@id":"https:\/\/www.caudete.org\/ayuntamiento\/caudeteemprende-abre-sus-puertas-congelados-fajardo\/#article","isPartOf":{"@id":"https:\/\/www.caudete.org\/ayuntamiento\/caudeteemprende-abre-sus-puertas-congelados-fajardo\/"},"author":{"name":"alcalde","@id":"https:\/\/www.caudete.org\/ayuntamiento\/#\/schema\/person\/cc646da9133078ee4d8dd47457947253"},"headline":"CaudeteEMPRENDE: abre sus puertas &#8220;Congelados Fajardo&#8221;","datePublished":"2023-07-28T12:17:01+00:00","mainEntityOfPage":{"@id":"https:\/\/www.caudete.org\/ayuntamiento\/caudeteemprende-abre-sus-puertas-congelados-fajardo\/"},"wordCount":648,"image":{"@id":"https:\/\/www.caudete.org\/ayuntamiento\/caudeteemprende-abre-sus-puertas-congelados-fajardo\/#primaryimage"},"thumbnailUrl":"https:\/\/www.caudete.org\/ayuntamiento\/wp-content\/uploads\/2023\/07\/IMG-20230728-WA0015.jpg","articleSection":["Comercio"],"inLanguage":"es"},{"@type":"WebPage","@id":"https:\/\/www.caudete.org\/ayuntamiento\/caudeteemprende-abre-sus-puertas-congelados-fajardo\/","url":"https:\/\/www.caudete.org\/ayuntamiento\/caudeteemprende-abre-sus-puertas-congelados-fajardo\/","name":"CaudeteEMPRENDE: abre sus puertas \"Congelados Fajardo\" - MI Ayuntamiento de Caudete","isPartOf":{"@id":"https:\/\/www.caudete.org\/ayuntamiento\/#website"},"primaryImageOfPage":{"@id":"https:\/\/www.caudete.org\/ayuntamiento\/caudeteemprende-abre-sus-puertas-congelados-fajardo\/#primaryimage"},"image":{"@id":"https:\/\/www.caudete.org\/ayuntamiento\/caudeteemprende-abre-sus-puertas-congelados-fajardo\/#primaryimage"},"thumbnailUrl":"https:\/\/www.caudete.org\/ayuntamiento\/wp-content\/uploads\/2023\/07\/IMG-20230728-WA0015.jpg","datePublished":"2023-07-28T12:17:01+00:00","author":{"@id":"https:\/\/www.caudete.org\/ayuntamiento\/#\/schema\/person\/cc646da9133078ee4d8dd47457947253"},"description":"P\u00e1gina Oficial del Ayuntamiento de Caudete (Albacete)","breadcrumb":{"@id":"https:\/\/www.caudete.org\/ayuntamiento\/caudeteemprende-abre-sus-puertas-congelados-fajardo\/#breadcrumb"},"inLanguage":"es","potentialAction":[{"@type":"ReadAction","target":["https:\/\/www.caudete.org\/ayuntamiento\/caudeteemprende-abre-sus-puertas-congelados-fajardo\/"]}]},{"@type":"ImageObject","inLanguage":"es","@id":"https:\/\/www.caudete.org\/ayuntamiento\/caudeteemprende-abre-sus-puertas-congelados-fajardo\/#primaryimage","url":"https:\/\/www.caudete.org\/ayuntamiento\/wp-content\/uploads\/2023\/07\/IMG-20230728-WA0015.jpg","contentUrl":"https:\/\/www.caudete.org\/ayuntamiento\/wp-content\/uploads\/2023\/07\/IMG-20230728-WA0015.jpg","width":1600,"height":720},{"@type":"BreadcrumbList","@id":"https:\/\/www.caudete.org\/ayuntamiento\/caudeteemprende-abre-sus-puertas-congelados-fajardo\/#breadcrumb","itemListElement":[{"@type":"ListItem","position":1,"name":"Inicio","item":"https:\/\/www.caudete.org\/ayuntamiento\/"},{"@type":"ListItem","position":2,"name":"CaudeteEMPRENDE: abre sus puertas &#8220;Congelados Fajardo&#8221;"}]},{"@type":"WebSite","@id":"https:\/\/www.caudete.org\/ayuntamiento\/#website","url":"https:\/\/www.caudete.org\/ayuntamiento\/","name":"MI Ayuntamiento de Caudete","description":"P\u00e1gina Oficial del MI Ayuntamiento de Caudete","potentialAction":[{"@type":"SearchAction","target":{"@type":"EntryPoint","urlTemplate":"https:\/\/www.caudete.org\/ayuntamiento\/?s={search_term_string}"},"query-input":{"@type":"PropertyValueSpecification","valueRequired":true,"valueName":"search_term_string"}}],"inLanguage":"es"},{"@type":"Person","@id":"https:\/\/www.caudete.org\/ayuntamiento\/#\/schema\/person\/cc646da9133078ee4d8dd47457947253","name":"alcalde","image":{"@type":"ImageObject","inLanguage":"es","@id":"https:\/\/secure.gravatar.com\/avatar\/84a817ba065b29ff08d666b215a215f5c79186a645ccb25b14a663d48a130f77?s=96&d=mm&r=g","url":"https:\/\/secure.gravatar.com\/avatar\/84a817ba065b29ff08d666b215a215f5c79186a645ccb25b14a663d48a130f77?s=96&d=mm&r=g","contentUrl":"https:\/\/secure.gravatar.com\/avatar\/84a817ba065b29ff08d666b215a215f5c79186a645ccb25b14a663d48a130f77?s=96&d=mm&r=g","caption":"alcalde"},"url":"https:\/\/www.caudete.org\/ayuntamiento\/author\/alcalde\/"}]}},"_links":{"self":[{"href":"https:\/\/www.caudete.org\/ayuntamiento\/wp-json\/wp\/v2\/posts\/23035","targetHints":{"allow":["GET"]}}],"collection":[{"href":"https:\/\/www.caudete.org\/ayuntamiento\/wp-json\/wp\/v2\/posts"}],"about":[{"href":"https:\/\/www.caudete.org\/ayuntamiento\/wp-json\/wp\/v2\/types\/post"}],"author":[{"embeddable":true,"href":"https:\/\/www.caudete.org\/ayuntamiento\/wp-json\/wp\/v2\/users\/3"}],"replies":[{"embeddable":true,"href":"https:\/\/www.caudete.org\/ayuntamiento\/wp-json\/wp\/v2\/comments?post=23035"}],"version-history":[{"count":1,"href":"https:\/\/www.caudete.org\/ayuntamiento\/wp-json\/wp\/v2\/posts\/23035\/revisions"}],"predecessor-version":[{"id":23037,"href":"https:\/\/www.caudete.org\/ayuntamiento\/wp-json\/wp\/v2\/posts\/23035\/revisions\/23037"}],"wp:featuredmedia":[{"embeddable":true,"href":"https:\/\/www.caudete.org\/ayuntamiento\/wp-json\/wp\/v2\/media\/23036"}],"wp:attachment":[{"href":"https:\/\/www.caudete.org\/ayuntamiento\/wp-json\/wp\/v2\/media?parent=23035"}],"wp:term":[{"taxonomy":"category","embeddable":true,"href":"https:\/\/www.caudete.org\/ayuntamiento\/wp-json\/wp\/v2\/categories?post=23035"},{"taxonomy":"post_tag","embeddable":true,"href":"https:\/\/www.caudete.org\/ayuntamiento\/wp-json\/wp\/v2\/tags?post=23035"}],"curies":[{"name":"wp","href":"https:\/\/api.w.org\/{rel}","templated":true}]}}