{"id":23038,"date":"2023-08-01T12:03:48","date_gmt":"2023-08-01T10:03:48","guid":{"rendered":"https:\/\/www.caudete.org\/ayuntamiento\/?p=23038"},"modified":"2023-08-02T14:30:51","modified_gmt":"2023-08-02T12:30:51","slug":"medidas-para-evitar-la-turbidez-del-agua-potable","status":"publish","type":"post","link":"https:\/\/www.caudete.org\/ayuntamiento\/medidas-para-evitar-la-turbidez-del-agua-potable\/","title":{"rendered":"Medidas para evitar la turbidez del agua potable"},"content":{"rendered":"<p style=\"text-align: center;\">Comunicado de Jos\u00e9 Miguel Moll\u00e1 Nieto,<br \/>\nconcejal del Ciclo Integral del Agua<\/p>\n<p>En la Concejal\u00eda del Ciclo Integral del Agua somos conscientes del problema que est\u00e1is teniendo en muchos hogares donde, con mucha frecuencia, el agua sale sucia, lo que impide ser consumida con normalidad para la mayor\u00eda de usos habituales del hogar.<\/p>\n<p>Antes de comentaros las medidas que vamos a adoptar, permitir que os ponga al corriente de la situaci\u00f3n.<\/p>\n<p>Hasta 2018 el agua del pueblo se trataba con cloro para hacerla potable y, adem\u00e1s, se hac\u00eda manualmente, al no estar electrificados los dep\u00f3sitos de agua Municipales. El agua que desde hace a\u00f1os se est\u00e1 suministrando desde los pozos de la sierra tiene un alto contenido en cal que, con el paso de los a\u00f1os, se ha ido pegando a las paredes de todas las tuber\u00edas de conducci\u00f3n del agua de nuestro pueblo.<\/p>\n<p>El producto que se utiliza actualmente para clorar dicha agua (di\u00f3xido de cloro) tiene la caracter\u00edstica de que impide que la cal se adhiera a las tuber\u00edas y, adem\u00e1s, hace que se vaya desprendiendo la que ya esta pegada,<strong> aqu\u00ed es donde est\u00e1 el verdadero problema<\/strong>, que este producto est\u00e1 limpiando las tuber\u00edas del agua, y mientras quede cal en ellas, vamos a estar teniendo agua sucia en nuestros hogares.<\/p>\n<p>Esto, ademas, esta haciendo que algunos poros de las tuber\u00edas queden al descubierto, provocando continuas roturas y aver\u00edas de estas, con las consiguientes molestias para los&nbsp; ciudadanos.<\/p>\n<p>Hemos estudiado el asunto y vamos a llevar a cabo una actuaci\u00f3n encaminada a reducir, en la medida de lo posible, esta desagradable situaci\u00f3n. Vamos a \u201csangrar\u201d peri\u00f3dicamente todos aquellos finales de tuber\u00eda que actualmente tenemos preparados para ello.<\/p>\n<p>Otra acci\u00f3n que vamos a realizar es, la limpieza personalizada de las conducciones en cada domicilio. Para ello necesitamos que el vecino afectado se ponga en contacto con nosotros llamando al siguiente tel\u00e9fono: 96 582 58 69 y con la mayor brevedad posible se les atender\u00e1.<\/p>\n<p>Espero que comprend\u00e1is que se trata de un problema de dimensiones ciertamente grandes que no tiene una soluci\u00f3n sencilla ni r\u00e1pida en el tiempo, para lo cual espero de vuestra informaci\u00f3n, colaboraci\u00f3n y comprensi\u00f3n.<\/p>\n<p style=\"text-align: center;\">\u00a1\u00a1 En la concejal\u00eda del Ciclo Integral del Agua nos esforzamos<br \/>\nen dar un buen servicio y gestionar bien tu dinero !!<\/p>\n<p>&nbsp;<\/p>\n","protected":false},"excerpt":{"rendered":"<p>Comunicado de Jos\u00e9 Miguel Moll\u00e1 Nieto, concejal del Ciclo Integral del Agua En la Concejal\u00eda del Ciclo Integral del Agua somos conscientes del problema que est\u00e1is teniendo en muchos hogares donde, con mucha frecuencia, el agua sale sucia, lo que impide ser consumida con normalidad para la mayor\u00eda de usos habituales del hogar. Antes de &hellip;<\/p>\n","protected":false},"author":1,"featured_media":16555,"comment_status":"closed","ping_status":"open","sticky":false,"template":"","format":"standard","meta":{"ngg_post_thumbnail":0,"footnotes":""},"categories":[49],"tags":[],"class_list":["post-23038","post","type-post","status-publish","format-standard","has-post-thumbnail","hentry","category-ciclo-integral-del-agua"],"yoast_head":"<!-- This site is optimized with the Yoast SEO plugin v27.5 - https:\/\/yoast.com\/product\/yoast-seo-wordpress\/ -->\n<title>Medidas para evitar la turbidez del agua potable - MI Ayuntamiento de Caudete<\/title>\n<meta name=\"description\" content=\"P\u00e1gina Oficial del Ayuntamiento de Caudete (Albacete)\" \/>\n<meta name=\"robots\" content=\"index, follow, max-snippet:-1, max-image-preview:large, max-video-preview:-1\" \/>\n<link rel=\"canonical\" href=\"https:\/\/www.caudete.org\/ayuntamiento\/medidas-para-evitar-la-turbidez-del-agua-potable\/\" \/>\n<meta property=\"og:locale\" content=\"es_ES\" \/>\n<meta property=\"og:type\" content=\"article\" \/>\n<meta property=\"og:title\" content=\"Medidas para evitar la turbidez del agua potable - MI Ayuntamiento de Caudete\" \/>\n<meta property=\"og:description\" content=\"P\u00e1gina Oficial del Ayuntamiento de Caudete (Albacete)\" \/>\n<meta property=\"og:url\" content=\"https:\/\/www.caudete.org\/ayuntamiento\/medidas-para-evitar-la-turbidez-del-agua-potable\/\" \/>\n<meta property=\"og:site_name\" content=\"MI Ayuntamiento de Caudete\" \/>\n<meta property=\"article:publisher\" content=\"https:\/\/www.facebook.com\/ayuntamientocaudete\/\" \/>\n<meta property=\"article:published_time\" content=\"2023-08-01T10:03:48+00:00\" \/>\n<meta property=\"article:modified_time\" content=\"2023-08-02T12:30:51+00:00\" \/>\n<meta property=\"og:image\" content=\"https:\/\/www.caudete.org\/ayuntamiento\/wp-content\/uploads\/2021\/10\/agua.jpg\" \/>\n\t<meta property=\"og:image:width\" content=\"800\" \/>\n\t<meta property=\"og:image:height\" content=\"397\" \/>\n\t<meta property=\"og:image:type\" content=\"image\/jpeg\" \/>\n<meta name=\"author\" content=\"ayun\" \/>\n<meta name=\"twitter:card\" content=\"summary_large_image\" \/>\n<meta name=\"twitter:label1\" content=\"Escrito por\" \/>\n\t<meta name=\"twitter:data1\" content=\"ayun\" \/>\n\t<meta name=\"twitter:label2\" content=\"Tiempo de lectura\" \/>\n\t<meta name=\"twitter:data2\" content=\"2 minutos\" \/>\n<script type=\"application\/ld+json\" class=\"yoast-schema-graph\">{\"@context\":\"https:\\\/\\\/schema.org\",\"@graph\":[{\"@type\":\"Article\",\"@id\":\"https:\\\/\\\/www.caudete.org\\\/ayuntamiento\\\/medidas-para-evitar-la-turbidez-del-agua-potable\\\/#article\",\"isPartOf\":{\"@id\":\"https:\\\/\\\/www.caudete.org\\\/ayuntamiento\\\/medidas-para-evitar-la-turbidez-del-agua-potable\\\/\"},\"author\":{\"name\":\"ayun\",\"@id\":\"https:\\\/\\\/www.caudete.org\\\/ayuntamiento\\\/#\\\/schema\\\/person\\\/79f7e19fdd176fc2bc7a289013dc2056\"},\"headline\":\"Medidas para evitar la turbidez del agua potable\",\"datePublished\":\"2023-08-01T10:03:48+00:00\",\"dateModified\":\"2023-08-02T12:30:51+00:00\",\"mainEntityOfPage\":{\"@id\":\"https:\\\/\\\/www.caudete.org\\\/ayuntamiento\\\/medidas-para-evitar-la-turbidez-del-agua-potable\\\/\"},\"wordCount\":416,\"image\":{\"@id\":\"https:\\\/\\\/www.caudete.org\\\/ayuntamiento\\\/medidas-para-evitar-la-turbidez-del-agua-potable\\\/#primaryimage\"},\"thumbnailUrl\":\"https:\\\/\\\/www.caudete.org\\\/ayuntamiento\\\/wp-content\\\/uploads\\\/2021\\\/10\\\/agua.jpg\",\"articleSection\":[\"Ciclo Integral del Agua\"],\"inLanguage\":\"es\"},{\"@type\":\"WebPage\",\"@id\":\"https:\\\/\\\/www.caudete.org\\\/ayuntamiento\\\/medidas-para-evitar-la-turbidez-del-agua-potable\\\/\",\"url\":\"https:\\\/\\\/www.caudete.org\\\/ayuntamiento\\\/medidas-para-evitar-la-turbidez-del-agua-potable\\\/\",\"name\":\"Medidas para evitar la turbidez del agua potable - MI Ayuntamiento de Caudete\",\"isPartOf\":{\"@id\":\"https:\\\/\\\/www.caudete.org\\\/ayuntamiento\\\/#website\"},\"primaryImageOfPage\":{\"@id\":\"https:\\\/\\\/www.caudete.org\\\/ayuntamiento\\\/medidas-para-evitar-la-turbidez-del-agua-potable\\\/#primaryimage\"},\"image\":{\"@id\":\"https:\\\/\\\/www.caudete.org\\\/ayuntamiento\\\/medidas-para-evitar-la-turbidez-del-agua-potable\\\/#primaryimage\"},\"thumbnailUrl\":\"https:\\\/\\\/www.caudete.org\\\/ayuntamiento\\\/wp-content\\\/uploads\\\/2021\\\/10\\\/agua.jpg\",\"datePublished\":\"2023-08-01T10:03:48+00:00\",\"dateModified\":\"2023-08-02T12:30:51+00:00\",\"author\":{\"@id\":\"https:\\\/\\\/www.caudete.org\\\/ayuntamiento\\\/#\\\/schema\\\/person\\\/79f7e19fdd176fc2bc7a289013dc2056\"},\"description\":\"P\u00e1gina Oficial del Ayuntamiento de Caudete (Albacete)\",\"breadcrumb\":{\"@id\":\"https:\\\/\\\/www.caudete.org\\\/ayuntamiento\\\/medidas-para-evitar-la-turbidez-del-agua-potable\\\/#breadcrumb\"},\"inLanguage\":\"es\",\"potentialAction\":[{\"@type\":\"ReadAction\",\"target\":[\"https:\\\/\\\/www.caudete.org\\\/ayuntamiento\\\/medidas-para-evitar-la-turbidez-del-agua-potable\\\/\"]}]},{\"@type\":\"ImageObject\",\"inLanguage\":\"es\",\"@id\":\"https:\\\/\\\/www.caudete.org\\\/ayuntamiento\\\/medidas-para-evitar-la-turbidez-del-agua-potable\\\/#primaryimage\",\"url\":\"https:\\\/\\\/www.caudete.org\\\/ayuntamiento\\\/wp-content\\\/uploads\\\/2021\\\/10\\\/agua.jpg\",\"contentUrl\":\"https:\\\/\\\/www.caudete.org\\\/ayuntamiento\\\/wp-content\\\/uploads\\\/2021\\\/10\\\/agua.jpg\",\"width\":800,\"height\":397,\"caption\":\"Corte agua\"},{\"@type\":\"BreadcrumbList\",\"@id\":\"https:\\\/\\\/www.caudete.org\\\/ayuntamiento\\\/medidas-para-evitar-la-turbidez-del-agua-potable\\\/#breadcrumb\",\"itemListElement\":[{\"@type\":\"ListItem\",\"position\":1,\"name\":\"Inicio\",\"item\":\"https:\\\/\\\/www.caudete.org\\\/ayuntamiento\\\/\"},{\"@type\":\"ListItem\",\"position\":2,\"name\":\"Medidas para evitar la turbidez del agua potable\"}]},{\"@type\":\"WebSite\",\"@id\":\"https:\\\/\\\/www.caudete.org\\\/ayuntamiento\\\/#website\",\"url\":\"https:\\\/\\\/www.caudete.org\\\/ayuntamiento\\\/\",\"name\":\"MI Ayuntamiento de Caudete\",\"description\":\"P\u00e1gina Oficial del MI Ayuntamiento de Caudete\",\"potentialAction\":[{\"@type\":\"SearchAction\",\"target\":{\"@type\":\"EntryPoint\",\"urlTemplate\":\"https:\\\/\\\/www.caudete.org\\\/ayuntamiento\\\/?s={search_term_string}\"},\"query-input\":{\"@type\":\"PropertyValueSpecification\",\"valueRequired\":true,\"valueName\":\"search_term_string\"}}],\"inLanguage\":\"es\"},{\"@type\":\"Person\",\"@id\":\"https:\\\/\\\/www.caudete.org\\\/ayuntamiento\\\/#\\\/schema\\\/person\\\/79f7e19fdd176fc2bc7a289013dc2056\",\"name\":\"ayun\",\"image\":{\"@type\":\"ImageObject\",\"inLanguage\":\"es\",\"@id\":\"https:\\\/\\\/secure.gravatar.com\\\/avatar\\\/4ce797ee07c943e7e592f8cd648e503e6cd571387558ed07135799c2bd2847df?s=96&d=mm&r=g\",\"url\":\"https:\\\/\\\/secure.gravatar.com\\\/avatar\\\/4ce797ee07c943e7e592f8cd648e503e6cd571387558ed07135799c2bd2847df?s=96&d=mm&r=g\",\"contentUrl\":\"https:\\\/\\\/secure.gravatar.com\\\/avatar\\\/4ce797ee07c943e7e592f8cd648e503e6cd571387558ed07135799c2bd2847df?s=96&d=mm&r=g\",\"caption\":\"ayun\"},\"sameAs\":[\"http:\\\/\\\/www.caudete.org\\\/ayuntamiento\"],\"url\":\"https:\\\/\\\/www.caudete.org\\\/ayuntamiento\\\/author\\\/ayun\\\/\"}]}<\/script>\n<!-- \/ Yoast SEO plugin. -->","yoast_head_json":{"title":"Medidas para evitar la turbidez del agua potable - MI Ayuntamiento de Caudete","description":"P\u00e1gina Oficial del Ayuntamiento de Caudete (Albacete)","robots":{"index":"index","follow":"follow","max-snippet":"max-snippet:-1","max-image-preview":"max-image-preview:large","max-video-preview":"max-video-preview:-1"},"canonical":"https:\/\/www.caudete.org\/ayuntamiento\/medidas-para-evitar-la-turbidez-del-agua-potable\/","og_locale":"es_ES","og_type":"article","og_title":"Medidas para evitar la turbidez del agua potable - MI Ayuntamiento de Caudete","og_description":"P\u00e1gina Oficial del Ayuntamiento de Caudete (Albacete)","og_url":"https:\/\/www.caudete.org\/ayuntamiento\/medidas-para-evitar-la-turbidez-del-agua-potable\/","og_site_name":"MI Ayuntamiento de Caudete","article_publisher":"https:\/\/www.facebook.com\/ayuntamientocaudete\/","article_published_time":"2023-08-01T10:03:48+00:00","article_modified_time":"2023-08-02T12:30:51+00:00","og_image":[{"width":800,"height":397,"url":"https:\/\/www.caudete.org\/ayuntamiento\/wp-content\/uploads\/2021\/10\/agua.jpg","type":"image\/jpeg"}],"author":"ayun","twitter_card":"summary_large_image","twitter_misc":{"Escrito por":"ayun","Tiempo de lectura":"2 minutos"},"schema":{"@context":"https:\/\/schema.org","@graph":[{"@type":"Article","@id":"https:\/\/www.caudete.org\/ayuntamiento\/medidas-para-evitar-la-turbidez-del-agua-potable\/#article","isPartOf":{"@id":"https:\/\/www.caudete.org\/ayuntamiento\/medidas-para-evitar-la-turbidez-del-agua-potable\/"},"author":{"name":"ayun","@id":"https:\/\/www.caudete.org\/ayuntamiento\/#\/schema\/person\/79f7e19fdd176fc2bc7a289013dc2056"},"headline":"Medidas para evitar la turbidez del agua potable","datePublished":"2023-08-01T10:03:48+00:00","dateModified":"2023-08-02T12:30:51+00:00","mainEntityOfPage":{"@id":"https:\/\/www.caudete.org\/ayuntamiento\/medidas-para-evitar-la-turbidez-del-agua-potable\/"},"wordCount":416,"image":{"@id":"https:\/\/www.caudete.org\/ayuntamiento\/medidas-para-evitar-la-turbidez-del-agua-potable\/#primaryimage"},"thumbnailUrl":"https:\/\/www.caudete.org\/ayuntamiento\/wp-content\/uploads\/2021\/10\/agua.jpg","articleSection":["Ciclo Integral del Agua"],"inLanguage":"es"},{"@type":"WebPage","@id":"https:\/\/www.caudete.org\/ayuntamiento\/medidas-para-evitar-la-turbidez-del-agua-potable\/","url":"https:\/\/www.caudete.org\/ayuntamiento\/medidas-para-evitar-la-turbidez-del-agua-potable\/","name":"Medidas para evitar la turbidez del agua potable - MI Ayuntamiento de Caudete","isPartOf":{"@id":"https:\/\/www.caudete.org\/ayuntamiento\/#website"},"primaryImageOfPage":{"@id":"https:\/\/www.caudete.org\/ayuntamiento\/medidas-para-evitar-la-turbidez-del-agua-potable\/#primaryimage"},"image":{"@id":"https:\/\/www.caudete.org\/ayuntamiento\/medidas-para-evitar-la-turbidez-del-agua-potable\/#primaryimage"},"thumbnailUrl":"https:\/\/www.caudete.org\/ayuntamiento\/wp-content\/uploads\/2021\/10\/agua.jpg","datePublished":"2023-08-01T10:03:48+00:00","dateModified":"2023-08-02T12:30:51+00:00","author":{"@id":"https:\/\/www.caudete.org\/ayuntamiento\/#\/schema\/person\/79f7e19fdd176fc2bc7a289013dc2056"},"description":"P\u00e1gina Oficial del Ayuntamiento de Caudete (Albacete)","breadcrumb":{"@id":"https:\/\/www.caudete.org\/ayuntamiento\/medidas-para-evitar-la-turbidez-del-agua-potable\/#breadcrumb"},"inLanguage":"es","potentialAction":[{"@type":"ReadAction","target":["https:\/\/www.caudete.org\/ayuntamiento\/medidas-para-evitar-la-turbidez-del-agua-potable\/"]}]},{"@type":"ImageObject","inLanguage":"es","@id":"https:\/\/www.caudete.org\/ayuntamiento\/medidas-para-evitar-la-turbidez-del-agua-potable\/#primaryimage","url":"https:\/\/www.caudete.org\/ayuntamiento\/wp-content\/uploads\/2021\/10\/agua.jpg","contentUrl":"https:\/\/www.caudete.org\/ayuntamiento\/wp-content\/uploads\/2021\/10\/agua.jpg","width":800,"height":397,"caption":"Corte agua"},{"@type":"BreadcrumbList","@id":"https:\/\/www.caudete.org\/ayuntamiento\/medidas-para-evitar-la-turbidez-del-agua-potable\/#breadcrumb","itemListElement":[{"@type":"ListItem","position":1,"name":"Inicio","item":"https:\/\/www.caudete.org\/ayuntamiento\/"},{"@type":"ListItem","position":2,"name":"Medidas para evitar la turbidez del agua potable"}]},{"@type":"WebSite","@id":"https:\/\/www.caudete.org\/ayuntamiento\/#website","url":"https:\/\/www.caudete.org\/ayuntamiento\/","name":"MI Ayuntamiento de Caudete","description":"P\u00e1gina Oficial del MI Ayuntamiento de Caudete","potentialAction":[{"@type":"SearchAction","target":{"@type":"EntryPoint","urlTemplate":"https:\/\/www.caudete.org\/ayuntamiento\/?s={search_term_string}"},"query-input":{"@type":"PropertyValueSpecification","valueRequired":true,"valueName":"search_term_string"}}],"inLanguage":"es"},{"@type":"Person","@id":"https:\/\/www.caudete.org\/ayuntamiento\/#\/schema\/person\/79f7e19fdd176fc2bc7a289013dc2056","name":"ayun","image":{"@type":"ImageObject","inLanguage":"es","@id":"https:\/\/secure.gravatar.com\/avatar\/4ce797ee07c943e7e592f8cd648e503e6cd571387558ed07135799c2bd2847df?s=96&d=mm&r=g","url":"https:\/\/secure.gravatar.com\/avatar\/4ce797ee07c943e7e592f8cd648e503e6cd571387558ed07135799c2bd2847df?s=96&d=mm&r=g","contentUrl":"https:\/\/secure.gravatar.com\/avatar\/4ce797ee07c943e7e592f8cd648e503e6cd571387558ed07135799c2bd2847df?s=96&d=mm&r=g","caption":"ayun"},"sameAs":["http:\/\/www.caudete.org\/ayuntamiento"],"url":"https:\/\/www.caudete.org\/ayuntamiento\/author\/ayun\/"}]}},"_links":{"self":[{"href":"https:\/\/www.caudete.org\/ayuntamiento\/wp-json\/wp\/v2\/posts\/23038","targetHints":{"allow":["GET"]}}],"collection":[{"href":"https:\/\/www.caudete.org\/ayuntamiento\/wp-json\/wp\/v2\/posts"}],"about":[{"href":"https:\/\/www.caudete.org\/ayuntamiento\/wp-json\/wp\/v2\/types\/post"}],"author":[{"embeddable":true,"href":"https:\/\/www.caudete.org\/ayuntamiento\/wp-json\/wp\/v2\/users\/1"}],"replies":[{"embeddable":true,"href":"https:\/\/www.caudete.org\/ayuntamiento\/wp-json\/wp\/v2\/comments?post=23038"}],"version-history":[{"count":8,"href":"https:\/\/www.caudete.org\/ayuntamiento\/wp-json\/wp\/v2\/posts\/23038\/revisions"}],"predecessor-version":[{"id":23057,"href":"https:\/\/www.caudete.org\/ayuntamiento\/wp-json\/wp\/v2\/posts\/23038\/revisions\/23057"}],"wp:featuredmedia":[{"embeddable":true,"href":"https:\/\/www.caudete.org\/ayuntamiento\/wp-json\/wp\/v2\/media\/16555"}],"wp:attachment":[{"href":"https:\/\/www.caudete.org\/ayuntamiento\/wp-json\/wp\/v2\/media?parent=23038"}],"wp:term":[{"taxonomy":"category","embeddable":true,"href":"https:\/\/www.caudete.org\/ayuntamiento\/wp-json\/wp\/v2\/categories?post=23038"},{"taxonomy":"post_tag","embeddable":true,"href":"https:\/\/www.caudete.org\/ayuntamiento\/wp-json\/wp\/v2\/tags?post=23038"}],"curies":[{"name":"wp","href":"https:\/\/api.w.org\/{rel}","templated":true}]}}