{"id":23050,"date":"2023-08-02T14:26:28","date_gmt":"2023-08-02T12:26:28","guid":{"rendered":"https:\/\/www.caudete.org\/ayuntamiento\/?p=23050"},"modified":"2023-08-02T14:29:28","modified_gmt":"2023-08-02T12:29:28","slug":"actuaciones-de-desbroces-de-solares-y-cunetas","status":"publish","type":"post","link":"https:\/\/www.caudete.org\/ayuntamiento\/actuaciones-de-desbroces-de-solares-y-cunetas\/","title":{"rendered":"Actuaciones de Desbroces de Solares y Cunetas"},"content":{"rendered":"<p>Comunicado de la concejal\u00eda de Medio Ambiente de nuestro Ayuntamiento de Caudete sobre los desbroces que se est\u00e1n realizando actualmente.<\/p>\n<p>Desde la concejal\u00eda de medio ambiente queremos informar, que se est\u00e1n llevando a cabo las labores de desbroces de todas las parcelas que son competencia del ayuntamiento, tanto con maquinaria como tambi\u00e9n manualmente por los operarios de mantenimiento.<\/p>\n<p>Como todos los a\u00f1os la crecida de las vegetaci\u00f3n en los bordes de caminos y carreteras , afectan a la visibilidad para conductores como tambi\u00e9n a los viandantes poniendo en riesgo su seguridad por falta de visibilidad, otras de las razones de desbrozar son evitar incendios, que pueden ocasionarse debido a las altas temperaturas con la vegetaci\u00f3n seca, es por ello la importancia, de mantener despejadas las parcelas, tanto municipales como privadas.<\/p>\n<p>El desbroce esta dividido en tres fases, de las cuales dos de ellas se realizaran con maquinaria.<\/p>\n<p>Para los solares de zona urbana que son propiedad municipal, se emplea un tractor con desbrozadora trasera, para la segunda fase se usa tractor con desbrozadora de brazo lateral para cunetas de los caminos mas transitados del municipio y la tercera fase es para las zonas mas enrevesadas que se desbrozara de forma manual por operarios de la empresa Sifu-Brocoli.&nbsp; Las zonas son las siguientes:<\/p>\n<p>DESBROCE MANUAL:<br \/>\n1- AVENIDA DE VILLENA (ambos lados, desde Santuario hasta Rotonda Centro Salud )<br \/>\n2-VEREDA DE LA CRUZ (Desde la avenida de Villena hasta la Avenida de las Jornetas)<br \/>\n3-AVENIDA DE LAS JORNETAS (a ambos lados desde C\/Puerta La Villa hasta Avda la Toconera). (Desbrozar tambi\u00e9n cunetas de calles perpendiculares camino molino del medio, Francisco de Quevedo , Mario Benedetti, etc<br \/>\n4- CALLE ALEIXANDRE Y LITERATO AZORIN<br \/>\n5- CALLEJ\u00d3N PUERTA LA VILLA (Junto al centro de d\u00eda)<br \/>\n6- CALLE JUAN ANGEL AMOR\u00d3S (calle sin asfaltar frente a Muralla del Castillo, desde General Lassala hasta Dr. Fleming)<br \/>\n7- C\/ MARSEILLAN- SAN SEBASTIAN<br \/>\n8- CALLE TIRSO DE MOLINA (callej\u00f3n de San Jos\u00e9)<br \/>\n9- CAMINO DEL CEMENTERIO<br \/>\n10- AVENIDA DE VALENCIA ( zona oliveras de Leo- Curtidos Requena)<br \/>\n11- VEREDA DE SANTA ANA (zona desde Avenida de Valencia hasta Caudecar y cruces con poca visibilidad )<br \/>\n12- AVENIDA DE DE VALENCIA (zona de arboles enfrente del Bar El Chato)<br \/>\n13- AVENIDA DE VALENCIA (entrada desde rotonda Poligono Los Villares hasta el Hostal)<br \/>\n14- PUENTE EL MOLINO (Talud ajardinado que baja hacia el Molino)<br \/>\n15- POLIGONO LOS VILLARES (Zona Solar junto a la Cruz Roja que da a la rotonda del Restaurante Vilmar)<\/p>\n<p>Tambi\u00e9n queremos recordar que cada propietario, es responsable de tener sus parcelas con un correcto mantenimiento y cuidado, para ello y desde el ayuntamiento tenemos la responsabilidad de informar a los propietarios de dichas parcelas, a los cuales se env\u00edan las cartas recordatorias y en el caso de omisi\u00f3n es el mismo ayuntamiento quien se encarga de gestionar los trabajos de mantenimiento, derivando posteriormente los costes a los propietarios.<\/p>\n<p>Desde la concejal\u00eda de Medio Ambiente y Medio rural recordamos que el cuidado y mantenimiento del medio nos afecta todos, por ello hacemos un llamamiento para un comportamiento c\u00edvico, en verano prestar especial atenci\u00f3n a las barbacoas, no arrojar desechos ni enseres a cunetas y mantener cuidadas las parcelas, podr\u00e1n reducir el peligro de incendios.<\/p>\n<p>Muchas gracias.<\/p>\n<p><a href=\"https:\/\/www.caudete.org\/ayuntamiento\/wp-content\/uploads\/2023\/08\/Desbrozado.jpg\" rel='prettyPhoto'><img fetchpriority=\"high\" decoding=\"async\" class=\"aligncenter size-full wp-image-23051\" src=\"https:\/\/www.caudete.org\/ayuntamiento\/wp-content\/uploads\/2023\/08\/Desbrozado.jpg\" alt=\"\" width=\"800\" height=\"638\" srcset=\"https:\/\/www.caudete.org\/ayuntamiento\/wp-content\/uploads\/2023\/08\/Desbrozado.jpg 800w, https:\/\/www.caudete.org\/ayuntamiento\/wp-content\/uploads\/2023\/08\/Desbrozado-300x239.jpg 300w, https:\/\/www.caudete.org\/ayuntamiento\/wp-content\/uploads\/2023\/08\/Desbrozado-768x612.jpg 768w\" sizes=\"(max-width: 800px) 100vw, 800px\" \/><\/a><\/p>\n","protected":false},"excerpt":{"rendered":"<p>Comunicado de la concejal\u00eda de Medio Ambiente de nuestro Ayuntamiento de Caudete sobre los desbroces que se est\u00e1n realizando actualmente. Desde la concejal\u00eda de medio ambiente queremos informar, que se est\u00e1n llevando a cabo las labores de desbroces de todas las parcelas que son competencia del ayuntamiento, tanto con maquinaria como tambi\u00e9n manualmente por los &hellip;<\/p>\n","protected":false},"author":1,"featured_media":23052,"comment_status":"closed","ping_status":"open","sticky":false,"template":"","format":"standard","meta":{"ngg_post_thumbnail":0,"footnotes":""},"categories":[29],"tags":[],"class_list":["post-23050","post","type-post","status-publish","format-standard","has-post-thumbnail","hentry","category-medio-ambiente"],"yoast_head":"<!-- This site is optimized with the Yoast SEO plugin v27.5 - https:\/\/yoast.com\/product\/yoast-seo-wordpress\/ -->\n<title>Actuaciones de Desbroces de Solares y Cunetas - MI Ayuntamiento de Caudete<\/title>\n<meta name=\"description\" content=\"P\u00e1gina Oficial del Ayuntamiento de Caudete (Albacete)\" \/>\n<meta name=\"robots\" content=\"index, follow, max-snippet:-1, max-image-preview:large, max-video-preview:-1\" \/>\n<link rel=\"canonical\" href=\"https:\/\/www.caudete.org\/ayuntamiento\/actuaciones-de-desbroces-de-solares-y-cunetas\/\" \/>\n<meta property=\"og:locale\" content=\"es_ES\" \/>\n<meta property=\"og:type\" content=\"article\" \/>\n<meta property=\"og:title\" content=\"Actuaciones de Desbroces de Solares y Cunetas - MI Ayuntamiento de Caudete\" \/>\n<meta property=\"og:description\" content=\"P\u00e1gina Oficial del Ayuntamiento de Caudete (Albacete)\" \/>\n<meta property=\"og:url\" content=\"https:\/\/www.caudete.org\/ayuntamiento\/actuaciones-de-desbroces-de-solares-y-cunetas\/\" \/>\n<meta property=\"og:site_name\" content=\"MI Ayuntamiento de Caudete\" \/>\n<meta property=\"article:publisher\" content=\"https:\/\/www.facebook.com\/ayuntamientocaudete\/\" \/>\n<meta property=\"article:published_time\" content=\"2023-08-02T12:26:28+00:00\" \/>\n<meta property=\"article:modified_time\" content=\"2023-08-02T12:29:28+00:00\" \/>\n<meta property=\"og:image\" content=\"https:\/\/www.caudete.org\/ayuntamiento\/wp-content\/uploads\/2023\/08\/Desbrozado-port.jpg\" \/>\n\t<meta property=\"og:image:width\" content=\"799\" \/>\n\t<meta property=\"og:image:height\" content=\"249\" \/>\n\t<meta property=\"og:image:type\" content=\"image\/jpeg\" \/>\n<meta name=\"author\" content=\"ayun\" \/>\n<meta name=\"twitter:card\" content=\"summary_large_image\" \/>\n<meta name=\"twitter:label1\" content=\"Escrito por\" \/>\n\t<meta name=\"twitter:data1\" content=\"ayun\" \/>\n\t<meta name=\"twitter:label2\" content=\"Tiempo de lectura\" \/>\n\t<meta name=\"twitter:data2\" content=\"3 minutos\" \/>\n<script type=\"application\/ld+json\" class=\"yoast-schema-graph\">{\"@context\":\"https:\\\/\\\/schema.org\",\"@graph\":[{\"@type\":\"Article\",\"@id\":\"https:\\\/\\\/www.caudete.org\\\/ayuntamiento\\\/actuaciones-de-desbroces-de-solares-y-cunetas\\\/#article\",\"isPartOf\":{\"@id\":\"https:\\\/\\\/www.caudete.org\\\/ayuntamiento\\\/actuaciones-de-desbroces-de-solares-y-cunetas\\\/\"},\"author\":{\"name\":\"ayun\",\"@id\":\"https:\\\/\\\/www.caudete.org\\\/ayuntamiento\\\/#\\\/schema\\\/person\\\/79f7e19fdd176fc2bc7a289013dc2056\"},\"headline\":\"Actuaciones de Desbroces de Solares y Cunetas\",\"datePublished\":\"2023-08-02T12:26:28+00:00\",\"dateModified\":\"2023-08-02T12:29:28+00:00\",\"mainEntityOfPage\":{\"@id\":\"https:\\\/\\\/www.caudete.org\\\/ayuntamiento\\\/actuaciones-de-desbroces-de-solares-y-cunetas\\\/\"},\"wordCount\":563,\"image\":{\"@id\":\"https:\\\/\\\/www.caudete.org\\\/ayuntamiento\\\/actuaciones-de-desbroces-de-solares-y-cunetas\\\/#primaryimage\"},\"thumbnailUrl\":\"https:\\\/\\\/www.caudete.org\\\/ayuntamiento\\\/wp-content\\\/uploads\\\/2023\\\/08\\\/Desbrozado-port.jpg\",\"articleSection\":[\"Medio Ambiente\"],\"inLanguage\":\"es\"},{\"@type\":\"WebPage\",\"@id\":\"https:\\\/\\\/www.caudete.org\\\/ayuntamiento\\\/actuaciones-de-desbroces-de-solares-y-cunetas\\\/\",\"url\":\"https:\\\/\\\/www.caudete.org\\\/ayuntamiento\\\/actuaciones-de-desbroces-de-solares-y-cunetas\\\/\",\"name\":\"Actuaciones de Desbroces de Solares y Cunetas - MI Ayuntamiento de Caudete\",\"isPartOf\":{\"@id\":\"https:\\\/\\\/www.caudete.org\\\/ayuntamiento\\\/#website\"},\"primaryImageOfPage\":{\"@id\":\"https:\\\/\\\/www.caudete.org\\\/ayuntamiento\\\/actuaciones-de-desbroces-de-solares-y-cunetas\\\/#primaryimage\"},\"image\":{\"@id\":\"https:\\\/\\\/www.caudete.org\\\/ayuntamiento\\\/actuaciones-de-desbroces-de-solares-y-cunetas\\\/#primaryimage\"},\"thumbnailUrl\":\"https:\\\/\\\/www.caudete.org\\\/ayuntamiento\\\/wp-content\\\/uploads\\\/2023\\\/08\\\/Desbrozado-port.jpg\",\"datePublished\":\"2023-08-02T12:26:28+00:00\",\"dateModified\":\"2023-08-02T12:29:28+00:00\",\"author\":{\"@id\":\"https:\\\/\\\/www.caudete.org\\\/ayuntamiento\\\/#\\\/schema\\\/person\\\/79f7e19fdd176fc2bc7a289013dc2056\"},\"description\":\"P\u00e1gina Oficial del Ayuntamiento de Caudete (Albacete)\",\"breadcrumb\":{\"@id\":\"https:\\\/\\\/www.caudete.org\\\/ayuntamiento\\\/actuaciones-de-desbroces-de-solares-y-cunetas\\\/#breadcrumb\"},\"inLanguage\":\"es\",\"potentialAction\":[{\"@type\":\"ReadAction\",\"target\":[\"https:\\\/\\\/www.caudete.org\\\/ayuntamiento\\\/actuaciones-de-desbroces-de-solares-y-cunetas\\\/\"]}]},{\"@type\":\"ImageObject\",\"inLanguage\":\"es\",\"@id\":\"https:\\\/\\\/www.caudete.org\\\/ayuntamiento\\\/actuaciones-de-desbroces-de-solares-y-cunetas\\\/#primaryimage\",\"url\":\"https:\\\/\\\/www.caudete.org\\\/ayuntamiento\\\/wp-content\\\/uploads\\\/2023\\\/08\\\/Desbrozado-port.jpg\",\"contentUrl\":\"https:\\\/\\\/www.caudete.org\\\/ayuntamiento\\\/wp-content\\\/uploads\\\/2023\\\/08\\\/Desbrozado-port.jpg\",\"width\":799,\"height\":249},{\"@type\":\"BreadcrumbList\",\"@id\":\"https:\\\/\\\/www.caudete.org\\\/ayuntamiento\\\/actuaciones-de-desbroces-de-solares-y-cunetas\\\/#breadcrumb\",\"itemListElement\":[{\"@type\":\"ListItem\",\"position\":1,\"name\":\"Inicio\",\"item\":\"https:\\\/\\\/www.caudete.org\\\/ayuntamiento\\\/\"},{\"@type\":\"ListItem\",\"position\":2,\"name\":\"Actuaciones de Desbroces de Solares y Cunetas\"}]},{\"@type\":\"WebSite\",\"@id\":\"https:\\\/\\\/www.caudete.org\\\/ayuntamiento\\\/#website\",\"url\":\"https:\\\/\\\/www.caudete.org\\\/ayuntamiento\\\/\",\"name\":\"MI Ayuntamiento de Caudete\",\"description\":\"P\u00e1gina Oficial del MI Ayuntamiento de Caudete\",\"potentialAction\":[{\"@type\":\"SearchAction\",\"target\":{\"@type\":\"EntryPoint\",\"urlTemplate\":\"https:\\\/\\\/www.caudete.org\\\/ayuntamiento\\\/?s={search_term_string}\"},\"query-input\":{\"@type\":\"PropertyValueSpecification\",\"valueRequired\":true,\"valueName\":\"search_term_string\"}}],\"inLanguage\":\"es\"},{\"@type\":\"Person\",\"@id\":\"https:\\\/\\\/www.caudete.org\\\/ayuntamiento\\\/#\\\/schema\\\/person\\\/79f7e19fdd176fc2bc7a289013dc2056\",\"name\":\"ayun\",\"image\":{\"@type\":\"ImageObject\",\"inLanguage\":\"es\",\"@id\":\"https:\\\/\\\/secure.gravatar.com\\\/avatar\\\/4ce797ee07c943e7e592f8cd648e503e6cd571387558ed07135799c2bd2847df?s=96&d=mm&r=g\",\"url\":\"https:\\\/\\\/secure.gravatar.com\\\/avatar\\\/4ce797ee07c943e7e592f8cd648e503e6cd571387558ed07135799c2bd2847df?s=96&d=mm&r=g\",\"contentUrl\":\"https:\\\/\\\/secure.gravatar.com\\\/avatar\\\/4ce797ee07c943e7e592f8cd648e503e6cd571387558ed07135799c2bd2847df?s=96&d=mm&r=g\",\"caption\":\"ayun\"},\"sameAs\":[\"http:\\\/\\\/www.caudete.org\\\/ayuntamiento\"],\"url\":\"https:\\\/\\\/www.caudete.org\\\/ayuntamiento\\\/author\\\/ayun\\\/\"}]}<\/script>\n<!-- \/ Yoast SEO plugin. -->","yoast_head_json":{"title":"Actuaciones de Desbroces de Solares y Cunetas - MI Ayuntamiento de Caudete","description":"P\u00e1gina Oficial del Ayuntamiento de Caudete (Albacete)","robots":{"index":"index","follow":"follow","max-snippet":"max-snippet:-1","max-image-preview":"max-image-preview:large","max-video-preview":"max-video-preview:-1"},"canonical":"https:\/\/www.caudete.org\/ayuntamiento\/actuaciones-de-desbroces-de-solares-y-cunetas\/","og_locale":"es_ES","og_type":"article","og_title":"Actuaciones de Desbroces de Solares y Cunetas - MI Ayuntamiento de Caudete","og_description":"P\u00e1gina Oficial del Ayuntamiento de Caudete (Albacete)","og_url":"https:\/\/www.caudete.org\/ayuntamiento\/actuaciones-de-desbroces-de-solares-y-cunetas\/","og_site_name":"MI Ayuntamiento de Caudete","article_publisher":"https:\/\/www.facebook.com\/ayuntamientocaudete\/","article_published_time":"2023-08-02T12:26:28+00:00","article_modified_time":"2023-08-02T12:29:28+00:00","og_image":[{"width":799,"height":249,"url":"https:\/\/www.caudete.org\/ayuntamiento\/wp-content\/uploads\/2023\/08\/Desbrozado-port.jpg","type":"image\/jpeg"}],"author":"ayun","twitter_card":"summary_large_image","twitter_misc":{"Escrito por":"ayun","Tiempo de lectura":"3 minutos"},"schema":{"@context":"https:\/\/schema.org","@graph":[{"@type":"Article","@id":"https:\/\/www.caudete.org\/ayuntamiento\/actuaciones-de-desbroces-de-solares-y-cunetas\/#article","isPartOf":{"@id":"https:\/\/www.caudete.org\/ayuntamiento\/actuaciones-de-desbroces-de-solares-y-cunetas\/"},"author":{"name":"ayun","@id":"https:\/\/www.caudete.org\/ayuntamiento\/#\/schema\/person\/79f7e19fdd176fc2bc7a289013dc2056"},"headline":"Actuaciones de Desbroces de Solares y Cunetas","datePublished":"2023-08-02T12:26:28+00:00","dateModified":"2023-08-02T12:29:28+00:00","mainEntityOfPage":{"@id":"https:\/\/www.caudete.org\/ayuntamiento\/actuaciones-de-desbroces-de-solares-y-cunetas\/"},"wordCount":563,"image":{"@id":"https:\/\/www.caudete.org\/ayuntamiento\/actuaciones-de-desbroces-de-solares-y-cunetas\/#primaryimage"},"thumbnailUrl":"https:\/\/www.caudete.org\/ayuntamiento\/wp-content\/uploads\/2023\/08\/Desbrozado-port.jpg","articleSection":["Medio Ambiente"],"inLanguage":"es"},{"@type":"WebPage","@id":"https:\/\/www.caudete.org\/ayuntamiento\/actuaciones-de-desbroces-de-solares-y-cunetas\/","url":"https:\/\/www.caudete.org\/ayuntamiento\/actuaciones-de-desbroces-de-solares-y-cunetas\/","name":"Actuaciones de Desbroces de Solares y Cunetas - MI Ayuntamiento de Caudete","isPartOf":{"@id":"https:\/\/www.caudete.org\/ayuntamiento\/#website"},"primaryImageOfPage":{"@id":"https:\/\/www.caudete.org\/ayuntamiento\/actuaciones-de-desbroces-de-solares-y-cunetas\/#primaryimage"},"image":{"@id":"https:\/\/www.caudete.org\/ayuntamiento\/actuaciones-de-desbroces-de-solares-y-cunetas\/#primaryimage"},"thumbnailUrl":"https:\/\/www.caudete.org\/ayuntamiento\/wp-content\/uploads\/2023\/08\/Desbrozado-port.jpg","datePublished":"2023-08-02T12:26:28+00:00","dateModified":"2023-08-02T12:29:28+00:00","author":{"@id":"https:\/\/www.caudete.org\/ayuntamiento\/#\/schema\/person\/79f7e19fdd176fc2bc7a289013dc2056"},"description":"P\u00e1gina Oficial del Ayuntamiento de Caudete (Albacete)","breadcrumb":{"@id":"https:\/\/www.caudete.org\/ayuntamiento\/actuaciones-de-desbroces-de-solares-y-cunetas\/#breadcrumb"},"inLanguage":"es","potentialAction":[{"@type":"ReadAction","target":["https:\/\/www.caudete.org\/ayuntamiento\/actuaciones-de-desbroces-de-solares-y-cunetas\/"]}]},{"@type":"ImageObject","inLanguage":"es","@id":"https:\/\/www.caudete.org\/ayuntamiento\/actuaciones-de-desbroces-de-solares-y-cunetas\/#primaryimage","url":"https:\/\/www.caudete.org\/ayuntamiento\/wp-content\/uploads\/2023\/08\/Desbrozado-port.jpg","contentUrl":"https:\/\/www.caudete.org\/ayuntamiento\/wp-content\/uploads\/2023\/08\/Desbrozado-port.jpg","width":799,"height":249},{"@type":"BreadcrumbList","@id":"https:\/\/www.caudete.org\/ayuntamiento\/actuaciones-de-desbroces-de-solares-y-cunetas\/#breadcrumb","itemListElement":[{"@type":"ListItem","position":1,"name":"Inicio","item":"https:\/\/www.caudete.org\/ayuntamiento\/"},{"@type":"ListItem","position":2,"name":"Actuaciones de Desbroces de Solares y Cunetas"}]},{"@type":"WebSite","@id":"https:\/\/www.caudete.org\/ayuntamiento\/#website","url":"https:\/\/www.caudete.org\/ayuntamiento\/","name":"MI Ayuntamiento de Caudete","description":"P\u00e1gina Oficial del MI Ayuntamiento de Caudete","potentialAction":[{"@type":"SearchAction","target":{"@type":"EntryPoint","urlTemplate":"https:\/\/www.caudete.org\/ayuntamiento\/?s={search_term_string}"},"query-input":{"@type":"PropertyValueSpecification","valueRequired":true,"valueName":"search_term_string"}}],"inLanguage":"es"},{"@type":"Person","@id":"https:\/\/www.caudete.org\/ayuntamiento\/#\/schema\/person\/79f7e19fdd176fc2bc7a289013dc2056","name":"ayun","image":{"@type":"ImageObject","inLanguage":"es","@id":"https:\/\/secure.gravatar.com\/avatar\/4ce797ee07c943e7e592f8cd648e503e6cd571387558ed07135799c2bd2847df?s=96&d=mm&r=g","url":"https:\/\/secure.gravatar.com\/avatar\/4ce797ee07c943e7e592f8cd648e503e6cd571387558ed07135799c2bd2847df?s=96&d=mm&r=g","contentUrl":"https:\/\/secure.gravatar.com\/avatar\/4ce797ee07c943e7e592f8cd648e503e6cd571387558ed07135799c2bd2847df?s=96&d=mm&r=g","caption":"ayun"},"sameAs":["http:\/\/www.caudete.org\/ayuntamiento"],"url":"https:\/\/www.caudete.org\/ayuntamiento\/author\/ayun\/"}]}},"_links":{"self":[{"href":"https:\/\/www.caudete.org\/ayuntamiento\/wp-json\/wp\/v2\/posts\/23050","targetHints":{"allow":["GET"]}}],"collection":[{"href":"https:\/\/www.caudete.org\/ayuntamiento\/wp-json\/wp\/v2\/posts"}],"about":[{"href":"https:\/\/www.caudete.org\/ayuntamiento\/wp-json\/wp\/v2\/types\/post"}],"author":[{"embeddable":true,"href":"https:\/\/www.caudete.org\/ayuntamiento\/wp-json\/wp\/v2\/users\/1"}],"replies":[{"embeddable":true,"href":"https:\/\/www.caudete.org\/ayuntamiento\/wp-json\/wp\/v2\/comments?post=23050"}],"version-history":[{"count":4,"href":"https:\/\/www.caudete.org\/ayuntamiento\/wp-json\/wp\/v2\/posts\/23050\/revisions"}],"predecessor-version":[{"id":23055,"href":"https:\/\/www.caudete.org\/ayuntamiento\/wp-json\/wp\/v2\/posts\/23050\/revisions\/23055"}],"wp:featuredmedia":[{"embeddable":true,"href":"https:\/\/www.caudete.org\/ayuntamiento\/wp-json\/wp\/v2\/media\/23052"}],"wp:attachment":[{"href":"https:\/\/www.caudete.org\/ayuntamiento\/wp-json\/wp\/v2\/media?parent=23050"}],"wp:term":[{"taxonomy":"category","embeddable":true,"href":"https:\/\/www.caudete.org\/ayuntamiento\/wp-json\/wp\/v2\/categories?post=23050"},{"taxonomy":"post_tag","embeddable":true,"href":"https:\/\/www.caudete.org\/ayuntamiento\/wp-json\/wp\/v2\/tags?post=23050"}],"curies":[{"name":"wp","href":"https:\/\/api.w.org\/{rel}","templated":true}]}}