{"id":23062,"date":"2023-08-09T18:17:46","date_gmt":"2023-08-09T16:17:46","guid":{"rendered":"https:\/\/www.caudete.org\/ayuntamiento\/?p=23062"},"modified":"2023-08-09T19:19:52","modified_gmt":"2023-08-09T17:19:52","slug":"la-bolsa-de-peones-albaniles-ya-ha-materializado-los-primeros-contratos","status":"publish","type":"post","link":"https:\/\/www.caudete.org\/ayuntamiento\/la-bolsa-de-peones-albaniles-ya-ha-materializado-los-primeros-contratos\/","title":{"rendered":"La Bolsa de Peones Alba\u00f1iles ya ha materializado los primeros contratos"},"content":{"rendered":"<p style=\"text-align: justify;\">Hace unos d\u00edas, Pilar Egea, Concejal de Recursos Humanos, publicaba en el Tabl\u00f3n de Anuncios la Resoluci\u00f3n de Alcald\u00eda n\u00ba2027 por la que se resolv\u00eda la apertura de la Bolsa de Trabajo de Peones Alba\u00f1iles del Ayuntamiento de Caudete.<\/p>\n<p style=\"text-align: justify;\">Las Bases, publicadas en 16 marzo de 2023 abr\u00edan la convocatoria a la que finalmente un total de 8 aspirantes han conseguido pasar las fases establecidas de concurso-oposici\u00f3n, para formar as\u00ed parte de una Bolsa de Empleo Municipal que dar\u00e1 trabajo para cubrir las necesidades propias del Departamento de Obras en sus m\u00faltiples cometidos de servicio y mantenimiento hacia el pueblo de Caudete, siempre en tareas adecuadas al perfil y naturaleza de la Bolsa.<\/p>\n<p style=\"text-align: justify;\">As\u00ed lo especificaba la propia Concejal, quien destacaba que con esta Bolsa no solo se da nuevas oportunidades laborales a caudetanos con experiencia en alba\u00f1iler\u00eda, sino que con ello se permitir\u00e1 mejorar el servicio municipal ampliando temporalmente la plantilla de operarios, revertiendo todo el esfuerzo municipal en los caudetanos.<\/p>\n<p style=\"text-align: justify;\">Tambi\u00e9n a\u00f1ad\u00eda que en estos momentos ya se ha practicado la primera de las contrataciones con cargo a dicha Bolsa de Empleo Municipal, ampli\u00e1ndose el n\u00famero en fechas pr\u00f3ximas. La misma tendr\u00e1 una duraci\u00f3n m\u00e1xima de 2 a\u00f1os, y las contrataciones se realizan en r\u00e9gimen laboral y de car\u00e1cter temporal, a jornada completa.<\/p>\n<p style=\"text-align: center;\"><a href=\"https:\/\/caudete.sedipualba.es\/tablondeanuncios\/anuncio.aspx?id=48546\" target=\"_blank\" rel=\"nofollow\">ACCESO TABL\u00d3N DE ANUNCIOS CON LA RESOLUCI\u00d3N DE LA BOLSA DE PEONES ALBA\u00d1ILES<\/a><\/p>\n<p><a href=\"https:\/\/www.caudete.org\/ayuntamiento\/wp-content\/uploads\/2023\/08\/APERTURA-BOLSA-PEONES-ALBANILES.jpg\" rel='prettyPhoto'><img fetchpriority=\"high\" decoding=\"async\" class=\"alignnone wp-image-23063 size-full\" src=\"https:\/\/www.caudete.org\/ayuntamiento\/wp-content\/uploads\/2023\/08\/APERTURA-BOLSA-PEONES-ALBANILES.jpg\" alt=\"\" width=\"981\" height=\"701\" srcset=\"https:\/\/www.caudete.org\/ayuntamiento\/wp-content\/uploads\/2023\/08\/APERTURA-BOLSA-PEONES-ALBANILES.jpg 981w, https:\/\/www.caudete.org\/ayuntamiento\/wp-content\/uploads\/2023\/08\/APERTURA-BOLSA-PEONES-ALBANILES-300x214.jpg 300w, https:\/\/www.caudete.org\/ayuntamiento\/wp-content\/uploads\/2023\/08\/APERTURA-BOLSA-PEONES-ALBANILES-768x549.jpg 768w\" sizes=\"(max-width: 981px) 100vw, 981px\" \/><\/a><\/p>\n","protected":false},"excerpt":{"rendered":"<p>Hace unos d\u00edas, Pilar Egea, Concejal de Recursos Humanos, publicaba en el Tabl\u00f3n de Anuncios la Resoluci\u00f3n de Alcald\u00eda n\u00ba2027 por la que se resolv\u00eda la apertura de la Bolsa de Trabajo de Peones Alba\u00f1iles del Ayuntamiento de Caudete. Las Bases, publicadas en 16 marzo de 2023 abr\u00edan la convocatoria a la que finalmente un &hellip;<\/p>\n","protected":false},"author":3,"featured_media":23063,"comment_status":"closed","ping_status":"open","sticky":false,"template":"","format":"standard","meta":{"ngg_post_thumbnail":0,"footnotes":""},"categories":[33],"tags":[],"class_list":["post-23062","post","type-post","status-publish","format-standard","has-post-thumbnail","hentry","category-recursos-humanos"],"yoast_head":"<!-- This site is optimized with the Yoast SEO plugin v27.5 - https:\/\/yoast.com\/product\/yoast-seo-wordpress\/ -->\n<title>La Bolsa de Peones Alba\u00f1iles ya ha materializado los primeros contratos - MI Ayuntamiento de Caudete<\/title>\n<meta name=\"description\" content=\"P\u00e1gina Oficial del Ayuntamiento de Caudete (Albacete)\" \/>\n<meta name=\"robots\" content=\"index, follow, max-snippet:-1, max-image-preview:large, max-video-preview:-1\" \/>\n<link rel=\"canonical\" href=\"https:\/\/www.caudete.org\/ayuntamiento\/la-bolsa-de-peones-albaniles-ya-ha-materializado-los-primeros-contratos\/\" \/>\n<meta property=\"og:locale\" content=\"es_ES\" \/>\n<meta property=\"og:type\" content=\"article\" \/>\n<meta property=\"og:title\" content=\"La Bolsa de Peones Alba\u00f1iles ya ha materializado los primeros contratos - MI Ayuntamiento de Caudete\" \/>\n<meta property=\"og:description\" content=\"P\u00e1gina Oficial del Ayuntamiento de Caudete (Albacete)\" \/>\n<meta property=\"og:url\" content=\"https:\/\/www.caudete.org\/ayuntamiento\/la-bolsa-de-peones-albaniles-ya-ha-materializado-los-primeros-contratos\/\" \/>\n<meta property=\"og:site_name\" content=\"MI Ayuntamiento de Caudete\" \/>\n<meta property=\"article:publisher\" content=\"https:\/\/www.facebook.com\/ayuntamientocaudete\/\" \/>\n<meta property=\"article:published_time\" content=\"2023-08-09T16:17:46+00:00\" \/>\n<meta property=\"article:modified_time\" content=\"2023-08-09T17:19:52+00:00\" \/>\n<meta property=\"og:image\" content=\"https:\/\/www.caudete.org\/ayuntamiento\/wp-content\/uploads\/2023\/08\/APERTURA-BOLSA-PEONES-ALBANILES.jpg\" \/>\n\t<meta property=\"og:image:width\" content=\"981\" \/>\n\t<meta property=\"og:image:height\" content=\"701\" \/>\n\t<meta property=\"og:image:type\" content=\"image\/jpeg\" \/>\n<meta name=\"author\" content=\"alcalde\" \/>\n<meta name=\"twitter:card\" content=\"summary_large_image\" \/>\n<meta name=\"twitter:label1\" content=\"Escrito por\" \/>\n\t<meta name=\"twitter:data1\" content=\"alcalde\" \/>\n\t<meta name=\"twitter:label2\" content=\"Tiempo de lectura\" \/>\n\t<meta name=\"twitter:data2\" content=\"2 minutos\" \/>\n<script type=\"application\/ld+json\" class=\"yoast-schema-graph\">{\"@context\":\"https:\\\/\\\/schema.org\",\"@graph\":[{\"@type\":\"Article\",\"@id\":\"https:\\\/\\\/www.caudete.org\\\/ayuntamiento\\\/la-bolsa-de-peones-albaniles-ya-ha-materializado-los-primeros-contratos\\\/#article\",\"isPartOf\":{\"@id\":\"https:\\\/\\\/www.caudete.org\\\/ayuntamiento\\\/la-bolsa-de-peones-albaniles-ya-ha-materializado-los-primeros-contratos\\\/\"},\"author\":{\"name\":\"alcalde\",\"@id\":\"https:\\\/\\\/www.caudete.org\\\/ayuntamiento\\\/#\\\/schema\\\/person\\\/cc646da9133078ee4d8dd47457947253\"},\"headline\":\"La Bolsa de Peones Alba\u00f1iles ya ha materializado los primeros contratos\",\"datePublished\":\"2023-08-09T16:17:46+00:00\",\"dateModified\":\"2023-08-09T17:19:52+00:00\",\"mainEntityOfPage\":{\"@id\":\"https:\\\/\\\/www.caudete.org\\\/ayuntamiento\\\/la-bolsa-de-peones-albaniles-ya-ha-materializado-los-primeros-contratos\\\/\"},\"wordCount\":261,\"image\":{\"@id\":\"https:\\\/\\\/www.caudete.org\\\/ayuntamiento\\\/la-bolsa-de-peones-albaniles-ya-ha-materializado-los-primeros-contratos\\\/#primaryimage\"},\"thumbnailUrl\":\"https:\\\/\\\/www.caudete.org\\\/ayuntamiento\\\/wp-content\\\/uploads\\\/2023\\\/08\\\/APERTURA-BOLSA-PEONES-ALBANILES.jpg\",\"articleSection\":[\"Recursos Humanos\"],\"inLanguage\":\"es\"},{\"@type\":\"WebPage\",\"@id\":\"https:\\\/\\\/www.caudete.org\\\/ayuntamiento\\\/la-bolsa-de-peones-albaniles-ya-ha-materializado-los-primeros-contratos\\\/\",\"url\":\"https:\\\/\\\/www.caudete.org\\\/ayuntamiento\\\/la-bolsa-de-peones-albaniles-ya-ha-materializado-los-primeros-contratos\\\/\",\"name\":\"La Bolsa de Peones Alba\u00f1iles ya ha materializado los primeros contratos - MI Ayuntamiento de Caudete\",\"isPartOf\":{\"@id\":\"https:\\\/\\\/www.caudete.org\\\/ayuntamiento\\\/#website\"},\"primaryImageOfPage\":{\"@id\":\"https:\\\/\\\/www.caudete.org\\\/ayuntamiento\\\/la-bolsa-de-peones-albaniles-ya-ha-materializado-los-primeros-contratos\\\/#primaryimage\"},\"image\":{\"@id\":\"https:\\\/\\\/www.caudete.org\\\/ayuntamiento\\\/la-bolsa-de-peones-albaniles-ya-ha-materializado-los-primeros-contratos\\\/#primaryimage\"},\"thumbnailUrl\":\"https:\\\/\\\/www.caudete.org\\\/ayuntamiento\\\/wp-content\\\/uploads\\\/2023\\\/08\\\/APERTURA-BOLSA-PEONES-ALBANILES.jpg\",\"datePublished\":\"2023-08-09T16:17:46+00:00\",\"dateModified\":\"2023-08-09T17:19:52+00:00\",\"author\":{\"@id\":\"https:\\\/\\\/www.caudete.org\\\/ayuntamiento\\\/#\\\/schema\\\/person\\\/cc646da9133078ee4d8dd47457947253\"},\"description\":\"P\u00e1gina Oficial del Ayuntamiento de Caudete (Albacete)\",\"breadcrumb\":{\"@id\":\"https:\\\/\\\/www.caudete.org\\\/ayuntamiento\\\/la-bolsa-de-peones-albaniles-ya-ha-materializado-los-primeros-contratos\\\/#breadcrumb\"},\"inLanguage\":\"es\",\"potentialAction\":[{\"@type\":\"ReadAction\",\"target\":[\"https:\\\/\\\/www.caudete.org\\\/ayuntamiento\\\/la-bolsa-de-peones-albaniles-ya-ha-materializado-los-primeros-contratos\\\/\"]}]},{\"@type\":\"ImageObject\",\"inLanguage\":\"es\",\"@id\":\"https:\\\/\\\/www.caudete.org\\\/ayuntamiento\\\/la-bolsa-de-peones-albaniles-ya-ha-materializado-los-primeros-contratos\\\/#primaryimage\",\"url\":\"https:\\\/\\\/www.caudete.org\\\/ayuntamiento\\\/wp-content\\\/uploads\\\/2023\\\/08\\\/APERTURA-BOLSA-PEONES-ALBANILES.jpg\",\"contentUrl\":\"https:\\\/\\\/www.caudete.org\\\/ayuntamiento\\\/wp-content\\\/uploads\\\/2023\\\/08\\\/APERTURA-BOLSA-PEONES-ALBANILES.jpg\",\"width\":981,\"height\":701},{\"@type\":\"BreadcrumbList\",\"@id\":\"https:\\\/\\\/www.caudete.org\\\/ayuntamiento\\\/la-bolsa-de-peones-albaniles-ya-ha-materializado-los-primeros-contratos\\\/#breadcrumb\",\"itemListElement\":[{\"@type\":\"ListItem\",\"position\":1,\"name\":\"Inicio\",\"item\":\"https:\\\/\\\/www.caudete.org\\\/ayuntamiento\\\/\"},{\"@type\":\"ListItem\",\"position\":2,\"name\":\"La Bolsa de Peones Alba\u00f1iles ya ha materializado los primeros contratos\"}]},{\"@type\":\"WebSite\",\"@id\":\"https:\\\/\\\/www.caudete.org\\\/ayuntamiento\\\/#website\",\"url\":\"https:\\\/\\\/www.caudete.org\\\/ayuntamiento\\\/\",\"name\":\"MI Ayuntamiento de Caudete\",\"description\":\"P\u00e1gina Oficial del MI Ayuntamiento de Caudete\",\"potentialAction\":[{\"@type\":\"SearchAction\",\"target\":{\"@type\":\"EntryPoint\",\"urlTemplate\":\"https:\\\/\\\/www.caudete.org\\\/ayuntamiento\\\/?s={search_term_string}\"},\"query-input\":{\"@type\":\"PropertyValueSpecification\",\"valueRequired\":true,\"valueName\":\"search_term_string\"}}],\"inLanguage\":\"es\"},{\"@type\":\"Person\",\"@id\":\"https:\\\/\\\/www.caudete.org\\\/ayuntamiento\\\/#\\\/schema\\\/person\\\/cc646da9133078ee4d8dd47457947253\",\"name\":\"alcalde\",\"image\":{\"@type\":\"ImageObject\",\"inLanguage\":\"es\",\"@id\":\"https:\\\/\\\/secure.gravatar.com\\\/avatar\\\/84a817ba065b29ff08d666b215a215f5c79186a645ccb25b14a663d48a130f77?s=96&d=mm&r=g\",\"url\":\"https:\\\/\\\/secure.gravatar.com\\\/avatar\\\/84a817ba065b29ff08d666b215a215f5c79186a645ccb25b14a663d48a130f77?s=96&d=mm&r=g\",\"contentUrl\":\"https:\\\/\\\/secure.gravatar.com\\\/avatar\\\/84a817ba065b29ff08d666b215a215f5c79186a645ccb25b14a663d48a130f77?s=96&d=mm&r=g\",\"caption\":\"alcalde\"},\"url\":\"https:\\\/\\\/www.caudete.org\\\/ayuntamiento\\\/author\\\/alcalde\\\/\"}]}<\/script>\n<!-- \/ Yoast SEO plugin. -->","yoast_head_json":{"title":"La Bolsa de Peones Alba\u00f1iles ya ha materializado los primeros contratos - MI Ayuntamiento de Caudete","description":"P\u00e1gina Oficial del Ayuntamiento de Caudete (Albacete)","robots":{"index":"index","follow":"follow","max-snippet":"max-snippet:-1","max-image-preview":"max-image-preview:large","max-video-preview":"max-video-preview:-1"},"canonical":"https:\/\/www.caudete.org\/ayuntamiento\/la-bolsa-de-peones-albaniles-ya-ha-materializado-los-primeros-contratos\/","og_locale":"es_ES","og_type":"article","og_title":"La Bolsa de Peones Alba\u00f1iles ya ha materializado los primeros contratos - MI Ayuntamiento de Caudete","og_description":"P\u00e1gina Oficial del Ayuntamiento de Caudete (Albacete)","og_url":"https:\/\/www.caudete.org\/ayuntamiento\/la-bolsa-de-peones-albaniles-ya-ha-materializado-los-primeros-contratos\/","og_site_name":"MI Ayuntamiento de Caudete","article_publisher":"https:\/\/www.facebook.com\/ayuntamientocaudete\/","article_published_time":"2023-08-09T16:17:46+00:00","article_modified_time":"2023-08-09T17:19:52+00:00","og_image":[{"width":981,"height":701,"url":"https:\/\/www.caudete.org\/ayuntamiento\/wp-content\/uploads\/2023\/08\/APERTURA-BOLSA-PEONES-ALBANILES.jpg","type":"image\/jpeg"}],"author":"alcalde","twitter_card":"summary_large_image","twitter_misc":{"Escrito por":"alcalde","Tiempo de lectura":"2 minutos"},"schema":{"@context":"https:\/\/schema.org","@graph":[{"@type":"Article","@id":"https:\/\/www.caudete.org\/ayuntamiento\/la-bolsa-de-peones-albaniles-ya-ha-materializado-los-primeros-contratos\/#article","isPartOf":{"@id":"https:\/\/www.caudete.org\/ayuntamiento\/la-bolsa-de-peones-albaniles-ya-ha-materializado-los-primeros-contratos\/"},"author":{"name":"alcalde","@id":"https:\/\/www.caudete.org\/ayuntamiento\/#\/schema\/person\/cc646da9133078ee4d8dd47457947253"},"headline":"La Bolsa de Peones Alba\u00f1iles ya ha materializado los primeros contratos","datePublished":"2023-08-09T16:17:46+00:00","dateModified":"2023-08-09T17:19:52+00:00","mainEntityOfPage":{"@id":"https:\/\/www.caudete.org\/ayuntamiento\/la-bolsa-de-peones-albaniles-ya-ha-materializado-los-primeros-contratos\/"},"wordCount":261,"image":{"@id":"https:\/\/www.caudete.org\/ayuntamiento\/la-bolsa-de-peones-albaniles-ya-ha-materializado-los-primeros-contratos\/#primaryimage"},"thumbnailUrl":"https:\/\/www.caudete.org\/ayuntamiento\/wp-content\/uploads\/2023\/08\/APERTURA-BOLSA-PEONES-ALBANILES.jpg","articleSection":["Recursos Humanos"],"inLanguage":"es"},{"@type":"WebPage","@id":"https:\/\/www.caudete.org\/ayuntamiento\/la-bolsa-de-peones-albaniles-ya-ha-materializado-los-primeros-contratos\/","url":"https:\/\/www.caudete.org\/ayuntamiento\/la-bolsa-de-peones-albaniles-ya-ha-materializado-los-primeros-contratos\/","name":"La Bolsa de Peones Alba\u00f1iles ya ha materializado los primeros contratos - MI Ayuntamiento de Caudete","isPartOf":{"@id":"https:\/\/www.caudete.org\/ayuntamiento\/#website"},"primaryImageOfPage":{"@id":"https:\/\/www.caudete.org\/ayuntamiento\/la-bolsa-de-peones-albaniles-ya-ha-materializado-los-primeros-contratos\/#primaryimage"},"image":{"@id":"https:\/\/www.caudete.org\/ayuntamiento\/la-bolsa-de-peones-albaniles-ya-ha-materializado-los-primeros-contratos\/#primaryimage"},"thumbnailUrl":"https:\/\/www.caudete.org\/ayuntamiento\/wp-content\/uploads\/2023\/08\/APERTURA-BOLSA-PEONES-ALBANILES.jpg","datePublished":"2023-08-09T16:17:46+00:00","dateModified":"2023-08-09T17:19:52+00:00","author":{"@id":"https:\/\/www.caudete.org\/ayuntamiento\/#\/schema\/person\/cc646da9133078ee4d8dd47457947253"},"description":"P\u00e1gina Oficial del Ayuntamiento de Caudete (Albacete)","breadcrumb":{"@id":"https:\/\/www.caudete.org\/ayuntamiento\/la-bolsa-de-peones-albaniles-ya-ha-materializado-los-primeros-contratos\/#breadcrumb"},"inLanguage":"es","potentialAction":[{"@type":"ReadAction","target":["https:\/\/www.caudete.org\/ayuntamiento\/la-bolsa-de-peones-albaniles-ya-ha-materializado-los-primeros-contratos\/"]}]},{"@type":"ImageObject","inLanguage":"es","@id":"https:\/\/www.caudete.org\/ayuntamiento\/la-bolsa-de-peones-albaniles-ya-ha-materializado-los-primeros-contratos\/#primaryimage","url":"https:\/\/www.caudete.org\/ayuntamiento\/wp-content\/uploads\/2023\/08\/APERTURA-BOLSA-PEONES-ALBANILES.jpg","contentUrl":"https:\/\/www.caudete.org\/ayuntamiento\/wp-content\/uploads\/2023\/08\/APERTURA-BOLSA-PEONES-ALBANILES.jpg","width":981,"height":701},{"@type":"BreadcrumbList","@id":"https:\/\/www.caudete.org\/ayuntamiento\/la-bolsa-de-peones-albaniles-ya-ha-materializado-los-primeros-contratos\/#breadcrumb","itemListElement":[{"@type":"ListItem","position":1,"name":"Inicio","item":"https:\/\/www.caudete.org\/ayuntamiento\/"},{"@type":"ListItem","position":2,"name":"La Bolsa de Peones Alba\u00f1iles ya ha materializado los primeros contratos"}]},{"@type":"WebSite","@id":"https:\/\/www.caudete.org\/ayuntamiento\/#website","url":"https:\/\/www.caudete.org\/ayuntamiento\/","name":"MI Ayuntamiento de Caudete","description":"P\u00e1gina Oficial del MI Ayuntamiento de Caudete","potentialAction":[{"@type":"SearchAction","target":{"@type":"EntryPoint","urlTemplate":"https:\/\/www.caudete.org\/ayuntamiento\/?s={search_term_string}"},"query-input":{"@type":"PropertyValueSpecification","valueRequired":true,"valueName":"search_term_string"}}],"inLanguage":"es"},{"@type":"Person","@id":"https:\/\/www.caudete.org\/ayuntamiento\/#\/schema\/person\/cc646da9133078ee4d8dd47457947253","name":"alcalde","image":{"@type":"ImageObject","inLanguage":"es","@id":"https:\/\/secure.gravatar.com\/avatar\/84a817ba065b29ff08d666b215a215f5c79186a645ccb25b14a663d48a130f77?s=96&d=mm&r=g","url":"https:\/\/secure.gravatar.com\/avatar\/84a817ba065b29ff08d666b215a215f5c79186a645ccb25b14a663d48a130f77?s=96&d=mm&r=g","contentUrl":"https:\/\/secure.gravatar.com\/avatar\/84a817ba065b29ff08d666b215a215f5c79186a645ccb25b14a663d48a130f77?s=96&d=mm&r=g","caption":"alcalde"},"url":"https:\/\/www.caudete.org\/ayuntamiento\/author\/alcalde\/"}]}},"_links":{"self":[{"href":"https:\/\/www.caudete.org\/ayuntamiento\/wp-json\/wp\/v2\/posts\/23062","targetHints":{"allow":["GET"]}}],"collection":[{"href":"https:\/\/www.caudete.org\/ayuntamiento\/wp-json\/wp\/v2\/posts"}],"about":[{"href":"https:\/\/www.caudete.org\/ayuntamiento\/wp-json\/wp\/v2\/types\/post"}],"author":[{"embeddable":true,"href":"https:\/\/www.caudete.org\/ayuntamiento\/wp-json\/wp\/v2\/users\/3"}],"replies":[{"embeddable":true,"href":"https:\/\/www.caudete.org\/ayuntamiento\/wp-json\/wp\/v2\/comments?post=23062"}],"version-history":[{"count":2,"href":"https:\/\/www.caudete.org\/ayuntamiento\/wp-json\/wp\/v2\/posts\/23062\/revisions"}],"predecessor-version":[{"id":23074,"href":"https:\/\/www.caudete.org\/ayuntamiento\/wp-json\/wp\/v2\/posts\/23062\/revisions\/23074"}],"wp:featuredmedia":[{"embeddable":true,"href":"https:\/\/www.caudete.org\/ayuntamiento\/wp-json\/wp\/v2\/media\/23063"}],"wp:attachment":[{"href":"https:\/\/www.caudete.org\/ayuntamiento\/wp-json\/wp\/v2\/media?parent=23062"}],"wp:term":[{"taxonomy":"category","embeddable":true,"href":"https:\/\/www.caudete.org\/ayuntamiento\/wp-json\/wp\/v2\/categories?post=23062"},{"taxonomy":"post_tag","embeddable":true,"href":"https:\/\/www.caudete.org\/ayuntamiento\/wp-json\/wp\/v2\/tags?post=23062"}],"curies":[{"name":"wp","href":"https:\/\/api.w.org\/{rel}","templated":true}]}}