{"id":23065,"date":"2023-08-09T18:59:24","date_gmt":"2023-08-09T16:59:24","guid":{"rendered":"https:\/\/www.caudete.org\/ayuntamiento\/?p=23065"},"modified":"2023-08-09T18:59:24","modified_gmt":"2023-08-09T16:59:24","slug":"el-cementerio-prepara-su-ampliacion-derribando-lo-que-en-su-dia-fue-cementerio-y-osario-civil","status":"publish","type":"post","link":"https:\/\/www.caudete.org\/ayuntamiento\/el-cementerio-prepara-su-ampliacion-derribando-lo-que-en-su-dia-fue-cementerio-y-osario-civil\/","title":{"rendered":"El Cementerio prepara su ampliaci\u00f3n derribando lo que en su d\u00eda fue Cementerio y Osario Civil"},"content":{"rendered":"<p style=\"text-align: justify;\">En el d\u00eda de hoy han dado comienzo nuevas obras en el Cementerio Municipal, con el objetivo puesto en la ampliaci\u00f3n de espacios para la futura construcci\u00f3n de nuevas unidades de enterramiento, a cargo de la empresa local &#8220;Aridos Albertos, S.L.&#8221;, tal y como informaba el Alcalde Mois\u00e9s L\u00f3pez, encargado del \u00e1rea de Cementerio.<\/p>\n<p style=\"text-align: justify;\">Hasta ahora, eran las manzanas centrales las protagonistas, pero una vez ocupadas, el Departamento Municipal de Cementerio proyecta las pr\u00f3ximas actuaciones adosadas a los muros perimetrales, antes de proceder con la ampliaci\u00f3n el superficie del camposanto.<\/p>\n<p style=\"text-align: justify;\">En esta ocasi\u00f3n, la actuaci\u00f3n se centra en la demolici\u00f3n del que ha sido hasta hace unos meses Almac\u00e9n de \u00fatiles y materiales, y que en su d\u00eda fue Cementerio Civil, y Osario de \u00e9ste.<\/p>\n<p style=\"text-align: justify;\">Adem\u00e1s, en pr\u00f3ximos d\u00edas dar\u00e1n comienzo las obras de construcci\u00f3n de los 60 nichos que completar\u00e1n la manzana del Grupo 24 (iniciado en marzo de 2022), y por cuestiones de espacio, previamente se ten\u00edan que llevar a cabo las demoliciones del espacio referido.<\/p>\n<p style=\"text-align: justify;\">Cabe destacar que a finales del pasado 2022 se construy\u00f3 un nuevo espacio de trabajo y almacenaje m\u00e1s amplio y c\u00f3modo, ante la previsi\u00f3n de las obras que se est\u00e1n ejecutando, y que permitir\u00e1n la construcci\u00f3n de alrededor de 45 nichos el pr\u00f3ximo a\u00f1o.<\/p>\n<p style=\"text-align: justify;\">El lugar, corresponde a un peque\u00f1o recinto cercado, que en el momento de la construcci\u00f3n inicial del Cementerio Municipal en 1911 (catalogado como Cat\u00f3lico), se configur\u00f3 como Cementerio Civil para el destino de aquellos difuntos que fallec\u00edan al margen de la f\u00e9 cat\u00f3lica. Contaba pues con acceso diferenciado e independiente, no ten\u00edan conexi\u00f3n entre s\u00ed, y pose\u00eda un osario propio. Esta distinci\u00f3n fue erradicada a lo largo de la d\u00e9cada de los 50 del pasado siglo XX, produci\u00e9ndose la monda de restos y clausura del mismo a\u00f1os despu\u00e9s, siendo utilizado hasta la fecha como almac\u00e9n de \u00fatiles y materiales tras un acondicionamiento m\u00ednimo del espacio.<\/p>\n<p><a href=\"https:\/\/www.caudete.org\/ayuntamiento\/wp-content\/uploads\/2023\/08\/WhatsApp-Image-2023-08-09-at-17.52.57-1.jpeg\" rel='prettyPhoto'><img fetchpriority=\"high\" decoding=\"async\" class=\"alignnone wp-image-23069 size-full\" src=\"https:\/\/www.caudete.org\/ayuntamiento\/wp-content\/uploads\/2023\/08\/WhatsApp-Image-2023-08-09-at-17.52.57-1.jpeg\" alt=\"\" width=\"1599\" height=\"1200\" srcset=\"https:\/\/www.caudete.org\/ayuntamiento\/wp-content\/uploads\/2023\/08\/WhatsApp-Image-2023-08-09-at-17.52.57-1.jpeg 1599w, https:\/\/www.caudete.org\/ayuntamiento\/wp-content\/uploads\/2023\/08\/WhatsApp-Image-2023-08-09-at-17.52.57-1-300x225.jpeg 300w, https:\/\/www.caudete.org\/ayuntamiento\/wp-content\/uploads\/2023\/08\/WhatsApp-Image-2023-08-09-at-17.52.57-1-1024x768.jpeg 1024w, https:\/\/www.caudete.org\/ayuntamiento\/wp-content\/uploads\/2023\/08\/WhatsApp-Image-2023-08-09-at-17.52.57-1-768x576.jpeg 768w, https:\/\/www.caudete.org\/ayuntamiento\/wp-content\/uploads\/2023\/08\/WhatsApp-Image-2023-08-09-at-17.52.57-1-1536x1153.jpeg 1536w\" sizes=\"(max-width: 1599px) 100vw, 1599px\" \/><\/a> <a href=\"https:\/\/www.caudete.org\/ayuntamiento\/wp-content\/uploads\/2023\/08\/WhatsApp-Image-2023-08-09-at-17.52.57-2.jpeg\" rel='prettyPhoto'><img decoding=\"async\" class=\"alignnone wp-image-23068 size-full\" src=\"https:\/\/www.caudete.org\/ayuntamiento\/wp-content\/uploads\/2023\/08\/WhatsApp-Image-2023-08-09-at-17.52.57-2.jpeg\" alt=\"\" width=\"1599\" height=\"1200\" srcset=\"https:\/\/www.caudete.org\/ayuntamiento\/wp-content\/uploads\/2023\/08\/WhatsApp-Image-2023-08-09-at-17.52.57-2.jpeg 1599w, https:\/\/www.caudete.org\/ayuntamiento\/wp-content\/uploads\/2023\/08\/WhatsApp-Image-2023-08-09-at-17.52.57-2-300x225.jpeg 300w, https:\/\/www.caudete.org\/ayuntamiento\/wp-content\/uploads\/2023\/08\/WhatsApp-Image-2023-08-09-at-17.52.57-2-1024x768.jpeg 1024w, https:\/\/www.caudete.org\/ayuntamiento\/wp-content\/uploads\/2023\/08\/WhatsApp-Image-2023-08-09-at-17.52.57-2-768x576.jpeg 768w, https:\/\/www.caudete.org\/ayuntamiento\/wp-content\/uploads\/2023\/08\/WhatsApp-Image-2023-08-09-at-17.52.57-2-1536x1153.jpeg 1536w\" sizes=\"(max-width: 1599px) 100vw, 1599px\" \/><\/a> <a href=\"https:\/\/www.caudete.org\/ayuntamiento\/wp-content\/uploads\/2023\/08\/WhatsApp-Image-2023-08-09-at-17.52.57.jpeg\" rel='prettyPhoto'><img decoding=\"async\" class=\"alignnone wp-image-23070 size-full\" src=\"https:\/\/www.caudete.org\/ayuntamiento\/wp-content\/uploads\/2023\/08\/WhatsApp-Image-2023-08-09-at-17.52.57.jpeg\" alt=\"\" width=\"1599\" height=\"1200\" srcset=\"https:\/\/www.caudete.org\/ayuntamiento\/wp-content\/uploads\/2023\/08\/WhatsApp-Image-2023-08-09-at-17.52.57.jpeg 1599w, https:\/\/www.caudete.org\/ayuntamiento\/wp-content\/uploads\/2023\/08\/WhatsApp-Image-2023-08-09-at-17.52.57-300x225.jpeg 300w, https:\/\/www.caudete.org\/ayuntamiento\/wp-content\/uploads\/2023\/08\/WhatsApp-Image-2023-08-09-at-17.52.57-1024x768.jpeg 1024w, https:\/\/www.caudete.org\/ayuntamiento\/wp-content\/uploads\/2023\/08\/WhatsApp-Image-2023-08-09-at-17.52.57-768x576.jpeg 768w, https:\/\/www.caudete.org\/ayuntamiento\/wp-content\/uploads\/2023\/08\/WhatsApp-Image-2023-08-09-at-17.52.57-1536x1153.jpeg 1536w\" sizes=\"(max-width: 1599px) 100vw, 1599px\" \/><\/a><\/p>\n","protected":false},"excerpt":{"rendered":"<p>En el d\u00eda de hoy han dado comienzo nuevas obras en el Cementerio Municipal, con el objetivo puesto en la ampliaci\u00f3n de espacios para la futura construcci\u00f3n de nuevas unidades de enterramiento, a cargo de la empresa local &#8220;Aridos Albertos, S.L.&#8221;, tal y como informaba el Alcalde Mois\u00e9s L\u00f3pez, encargado del \u00e1rea de Cementerio. Hasta &hellip;<\/p>\n","protected":false},"author":3,"featured_media":23070,"comment_status":"closed","ping_status":"open","sticky":false,"template":"","format":"standard","meta":{"ngg_post_thumbnail":0,"footnotes":""},"categories":[30],"tags":[],"class_list":["post-23065","post","type-post","status-publish","format-standard","has-post-thumbnail","hentry","category-cementerio"],"yoast_head":"<!-- This site is optimized with the Yoast SEO plugin v27.5 - https:\/\/yoast.com\/product\/yoast-seo-wordpress\/ -->\n<title>El Cementerio prepara su ampliaci\u00f3n derribando lo que en su d\u00eda fue Cementerio y Osario Civil - MI Ayuntamiento de Caudete<\/title>\n<meta name=\"description\" content=\"P\u00e1gina Oficial del Ayuntamiento de Caudete (Albacete)\" \/>\n<meta name=\"robots\" content=\"index, follow, max-snippet:-1, max-image-preview:large, max-video-preview:-1\" \/>\n<link rel=\"canonical\" href=\"https:\/\/www.caudete.org\/ayuntamiento\/el-cementerio-prepara-su-ampliacion-derribando-lo-que-en-su-dia-fue-cementerio-y-osario-civil\/\" \/>\n<meta property=\"og:locale\" content=\"es_ES\" \/>\n<meta property=\"og:type\" content=\"article\" \/>\n<meta property=\"og:title\" content=\"El Cementerio prepara su ampliaci\u00f3n derribando lo que en su d\u00eda fue Cementerio y Osario Civil - MI Ayuntamiento de Caudete\" \/>\n<meta property=\"og:description\" content=\"P\u00e1gina Oficial del Ayuntamiento de Caudete (Albacete)\" \/>\n<meta property=\"og:url\" content=\"https:\/\/www.caudete.org\/ayuntamiento\/el-cementerio-prepara-su-ampliacion-derribando-lo-que-en-su-dia-fue-cementerio-y-osario-civil\/\" \/>\n<meta property=\"og:site_name\" content=\"MI Ayuntamiento de Caudete\" \/>\n<meta property=\"article:publisher\" content=\"https:\/\/www.facebook.com\/ayuntamientocaudete\/\" \/>\n<meta property=\"article:published_time\" content=\"2023-08-09T16:59:24+00:00\" \/>\n<meta property=\"og:image\" content=\"https:\/\/www.caudete.org\/ayuntamiento\/wp-content\/uploads\/2023\/08\/WhatsApp-Image-2023-08-09-at-17.52.57.jpeg\" \/>\n\t<meta property=\"og:image:width\" content=\"1599\" \/>\n\t<meta property=\"og:image:height\" content=\"1200\" \/>\n\t<meta property=\"og:image:type\" content=\"image\/jpeg\" \/>\n<meta name=\"author\" content=\"alcalde\" \/>\n<meta name=\"twitter:card\" content=\"summary_large_image\" \/>\n<meta name=\"twitter:label1\" content=\"Escrito por\" \/>\n\t<meta name=\"twitter:data1\" content=\"alcalde\" \/>\n\t<meta name=\"twitter:label2\" content=\"Tiempo de lectura\" \/>\n\t<meta name=\"twitter:data2\" content=\"3 minutos\" \/>\n<script type=\"application\/ld+json\" class=\"yoast-schema-graph\">{\"@context\":\"https:\\\/\\\/schema.org\",\"@graph\":[{\"@type\":\"Article\",\"@id\":\"https:\\\/\\\/www.caudete.org\\\/ayuntamiento\\\/el-cementerio-prepara-su-ampliacion-derribando-lo-que-en-su-dia-fue-cementerio-y-osario-civil\\\/#article\",\"isPartOf\":{\"@id\":\"https:\\\/\\\/www.caudete.org\\\/ayuntamiento\\\/el-cementerio-prepara-su-ampliacion-derribando-lo-que-en-su-dia-fue-cementerio-y-osario-civil\\\/\"},\"author\":{\"name\":\"alcalde\",\"@id\":\"https:\\\/\\\/www.caudete.org\\\/ayuntamiento\\\/#\\\/schema\\\/person\\\/cc646da9133078ee4d8dd47457947253\"},\"headline\":\"El Cementerio prepara su ampliaci\u00f3n derribando lo que en su d\u00eda fue Cementerio y Osario Civil\",\"datePublished\":\"2023-08-09T16:59:24+00:00\",\"mainEntityOfPage\":{\"@id\":\"https:\\\/\\\/www.caudete.org\\\/ayuntamiento\\\/el-cementerio-prepara-su-ampliacion-derribando-lo-que-en-su-dia-fue-cementerio-y-osario-civil\\\/\"},\"wordCount\":371,\"publisher\":{\"@id\":\"https:\\\/\\\/www.caudete.org\\\/ayuntamiento\\\/#organization\"},\"image\":{\"@id\":\"https:\\\/\\\/www.caudete.org\\\/ayuntamiento\\\/el-cementerio-prepara-su-ampliacion-derribando-lo-que-en-su-dia-fue-cementerio-y-osario-civil\\\/#primaryimage\"},\"thumbnailUrl\":\"https:\\\/\\\/www.caudete.org\\\/ayuntamiento\\\/wp-content\\\/uploads\\\/2023\\\/08\\\/WhatsApp-Image-2023-08-09-at-17.52.57.jpeg\",\"articleSection\":[\"Cementerio\"],\"inLanguage\":\"es\"},{\"@type\":\"WebPage\",\"@id\":\"https:\\\/\\\/www.caudete.org\\\/ayuntamiento\\\/el-cementerio-prepara-su-ampliacion-derribando-lo-que-en-su-dia-fue-cementerio-y-osario-civil\\\/\",\"url\":\"https:\\\/\\\/www.caudete.org\\\/ayuntamiento\\\/el-cementerio-prepara-su-ampliacion-derribando-lo-que-en-su-dia-fue-cementerio-y-osario-civil\\\/\",\"name\":\"El Cementerio prepara su ampliaci\u00f3n derribando lo que en su d\u00eda fue Cementerio y Osario Civil - MI Ayuntamiento de Caudete\",\"isPartOf\":{\"@id\":\"https:\\\/\\\/www.caudete.org\\\/ayuntamiento\\\/#website\"},\"primaryImageOfPage\":{\"@id\":\"https:\\\/\\\/www.caudete.org\\\/ayuntamiento\\\/el-cementerio-prepara-su-ampliacion-derribando-lo-que-en-su-dia-fue-cementerio-y-osario-civil\\\/#primaryimage\"},\"image\":{\"@id\":\"https:\\\/\\\/www.caudete.org\\\/ayuntamiento\\\/el-cementerio-prepara-su-ampliacion-derribando-lo-que-en-su-dia-fue-cementerio-y-osario-civil\\\/#primaryimage\"},\"thumbnailUrl\":\"https:\\\/\\\/www.caudete.org\\\/ayuntamiento\\\/wp-content\\\/uploads\\\/2023\\\/08\\\/WhatsApp-Image-2023-08-09-at-17.52.57.jpeg\",\"datePublished\":\"2023-08-09T16:59:24+00:00\",\"description\":\"P\u00e1gina Oficial del Ayuntamiento de Caudete (Albacete)\",\"breadcrumb\":{\"@id\":\"https:\\\/\\\/www.caudete.org\\\/ayuntamiento\\\/el-cementerio-prepara-su-ampliacion-derribando-lo-que-en-su-dia-fue-cementerio-y-osario-civil\\\/#breadcrumb\"},\"inLanguage\":\"es\",\"potentialAction\":[{\"@type\":\"ReadAction\",\"target\":[\"https:\\\/\\\/www.caudete.org\\\/ayuntamiento\\\/el-cementerio-prepara-su-ampliacion-derribando-lo-que-en-su-dia-fue-cementerio-y-osario-civil\\\/\"]}]},{\"@type\":\"ImageObject\",\"inLanguage\":\"es\",\"@id\":\"https:\\\/\\\/www.caudete.org\\\/ayuntamiento\\\/el-cementerio-prepara-su-ampliacion-derribando-lo-que-en-su-dia-fue-cementerio-y-osario-civil\\\/#primaryimage\",\"url\":\"https:\\\/\\\/www.caudete.org\\\/ayuntamiento\\\/wp-content\\\/uploads\\\/2023\\\/08\\\/WhatsApp-Image-2023-08-09-at-17.52.57.jpeg\",\"contentUrl\":\"https:\\\/\\\/www.caudete.org\\\/ayuntamiento\\\/wp-content\\\/uploads\\\/2023\\\/08\\\/WhatsApp-Image-2023-08-09-at-17.52.57.jpeg\",\"width\":1599,\"height\":1200},{\"@type\":\"BreadcrumbList\",\"@id\":\"https:\\\/\\\/www.caudete.org\\\/ayuntamiento\\\/el-cementerio-prepara-su-ampliacion-derribando-lo-que-en-su-dia-fue-cementerio-y-osario-civil\\\/#breadcrumb\",\"itemListElement\":[{\"@type\":\"ListItem\",\"position\":1,\"name\":\"Inicio\",\"item\":\"https:\\\/\\\/www.caudete.org\\\/ayuntamiento\\\/\"},{\"@type\":\"ListItem\",\"position\":2,\"name\":\"El Cementerio prepara su ampliaci\u00f3n derribando lo que en su d\u00eda fue Cementerio y Osario Civil\"}]},{\"@type\":\"WebSite\",\"@id\":\"https:\\\/\\\/www.caudete.org\\\/ayuntamiento\\\/#website\",\"url\":\"https:\\\/\\\/www.caudete.org\\\/ayuntamiento\\\/\",\"name\":\"MI Ayuntamiento de Caudete\",\"description\":\"P\u00e1gina Oficial del MI Ayuntamiento de Caudete\",\"publisher\":{\"@id\":\"https:\\\/\\\/www.caudete.org\\\/ayuntamiento\\\/#organization\"},\"potentialAction\":[{\"@type\":\"SearchAction\",\"target\":{\"@type\":\"EntryPoint\",\"urlTemplate\":\"https:\\\/\\\/www.caudete.org\\\/ayuntamiento\\\/?s={search_term_string}\"},\"query-input\":{\"@type\":\"PropertyValueSpecification\",\"valueRequired\":true,\"valueName\":\"search_term_string\"}}],\"inLanguage\":\"es\"},{\"@type\":\"Organization\",\"@id\":\"https:\\\/\\\/www.caudete.org\\\/ayuntamiento\\\/#organization\",\"name\":\"Ayuntamiento de Caudete\",\"url\":\"https:\\\/\\\/www.caudete.org\\\/ayuntamiento\\\/\",\"logo\":{\"@type\":\"ImageObject\",\"inLanguage\":\"es\",\"@id\":\"https:\\\/\\\/www.caudete.org\\\/ayuntamiento\\\/#\\\/schema\\\/logo\\\/image\\\/\",\"url\":\"https:\\\/\\\/www.caudete.org\\\/ayuntamiento\\\/wp-content\\\/uploads\\\/2020\\\/11\\\/logo_ayuntamiento_caudete.jpg\",\"contentUrl\":\"https:\\\/\\\/www.caudete.org\\\/ayuntamiento\\\/wp-content\\\/uploads\\\/2020\\\/11\\\/logo_ayuntamiento_caudete.jpg\",\"width\":600,\"height\":150,\"caption\":\"Ayuntamiento de Caudete\"},\"image\":{\"@id\":\"https:\\\/\\\/www.caudete.org\\\/ayuntamiento\\\/#\\\/schema\\\/logo\\\/image\\\/\"},\"sameAs\":[\"https:\\\/\\\/www.facebook.com\\\/ayuntamientocaudete\\\/\",\"https:\\\/\\\/www.youtube.com\\\/channel\\\/UC6VztHaooNsGpw-tNoBEFnQ\"]},{\"@type\":\"Person\",\"@id\":\"https:\\\/\\\/www.caudete.org\\\/ayuntamiento\\\/#\\\/schema\\\/person\\\/cc646da9133078ee4d8dd47457947253\",\"name\":\"alcalde\",\"image\":{\"@type\":\"ImageObject\",\"inLanguage\":\"es\",\"@id\":\"https:\\\/\\\/secure.gravatar.com\\\/avatar\\\/84a817ba065b29ff08d666b215a215f5c79186a645ccb25b14a663d48a130f77?s=96&d=mm&r=g\",\"url\":\"https:\\\/\\\/secure.gravatar.com\\\/avatar\\\/84a817ba065b29ff08d666b215a215f5c79186a645ccb25b14a663d48a130f77?s=96&d=mm&r=g\",\"contentUrl\":\"https:\\\/\\\/secure.gravatar.com\\\/avatar\\\/84a817ba065b29ff08d666b215a215f5c79186a645ccb25b14a663d48a130f77?s=96&d=mm&r=g\",\"caption\":\"alcalde\"},\"url\":\"https:\\\/\\\/www.caudete.org\\\/ayuntamiento\\\/author\\\/alcalde\\\/\"}]}<\/script>\n<!-- \/ Yoast SEO plugin. -->","yoast_head_json":{"title":"El Cementerio prepara su ampliaci\u00f3n derribando lo que en su d\u00eda fue Cementerio y Osario Civil - MI Ayuntamiento de Caudete","description":"P\u00e1gina Oficial del Ayuntamiento de Caudete (Albacete)","robots":{"index":"index","follow":"follow","max-snippet":"max-snippet:-1","max-image-preview":"max-image-preview:large","max-video-preview":"max-video-preview:-1"},"canonical":"https:\/\/www.caudete.org\/ayuntamiento\/el-cementerio-prepara-su-ampliacion-derribando-lo-que-en-su-dia-fue-cementerio-y-osario-civil\/","og_locale":"es_ES","og_type":"article","og_title":"El Cementerio prepara su ampliaci\u00f3n derribando lo que en su d\u00eda fue Cementerio y Osario Civil - MI Ayuntamiento de Caudete","og_description":"P\u00e1gina Oficial del Ayuntamiento de Caudete (Albacete)","og_url":"https:\/\/www.caudete.org\/ayuntamiento\/el-cementerio-prepara-su-ampliacion-derribando-lo-que-en-su-dia-fue-cementerio-y-osario-civil\/","og_site_name":"MI Ayuntamiento de Caudete","article_publisher":"https:\/\/www.facebook.com\/ayuntamientocaudete\/","article_published_time":"2023-08-09T16:59:24+00:00","og_image":[{"width":1599,"height":1200,"url":"https:\/\/www.caudete.org\/ayuntamiento\/wp-content\/uploads\/2023\/08\/WhatsApp-Image-2023-08-09-at-17.52.57.jpeg","type":"image\/jpeg"}],"author":"alcalde","twitter_card":"summary_large_image","twitter_misc":{"Escrito por":"alcalde","Tiempo de lectura":"3 minutos"},"schema":{"@context":"https:\/\/schema.org","@graph":[{"@type":"Article","@id":"https:\/\/www.caudete.org\/ayuntamiento\/el-cementerio-prepara-su-ampliacion-derribando-lo-que-en-su-dia-fue-cementerio-y-osario-civil\/#article","isPartOf":{"@id":"https:\/\/www.caudete.org\/ayuntamiento\/el-cementerio-prepara-su-ampliacion-derribando-lo-que-en-su-dia-fue-cementerio-y-osario-civil\/"},"author":{"name":"alcalde","@id":"https:\/\/www.caudete.org\/ayuntamiento\/#\/schema\/person\/cc646da9133078ee4d8dd47457947253"},"headline":"El Cementerio prepara su ampliaci\u00f3n derribando lo que en su d\u00eda fue Cementerio y Osario Civil","datePublished":"2023-08-09T16:59:24+00:00","mainEntityOfPage":{"@id":"https:\/\/www.caudete.org\/ayuntamiento\/el-cementerio-prepara-su-ampliacion-derribando-lo-que-en-su-dia-fue-cementerio-y-osario-civil\/"},"wordCount":371,"publisher":{"@id":"https:\/\/www.caudete.org\/ayuntamiento\/#organization"},"image":{"@id":"https:\/\/www.caudete.org\/ayuntamiento\/el-cementerio-prepara-su-ampliacion-derribando-lo-que-en-su-dia-fue-cementerio-y-osario-civil\/#primaryimage"},"thumbnailUrl":"https:\/\/www.caudete.org\/ayuntamiento\/wp-content\/uploads\/2023\/08\/WhatsApp-Image-2023-08-09-at-17.52.57.jpeg","articleSection":["Cementerio"],"inLanguage":"es"},{"@type":"WebPage","@id":"https:\/\/www.caudete.org\/ayuntamiento\/el-cementerio-prepara-su-ampliacion-derribando-lo-que-en-su-dia-fue-cementerio-y-osario-civil\/","url":"https:\/\/www.caudete.org\/ayuntamiento\/el-cementerio-prepara-su-ampliacion-derribando-lo-que-en-su-dia-fue-cementerio-y-osario-civil\/","name":"El Cementerio prepara su ampliaci\u00f3n derribando lo que en su d\u00eda fue Cementerio y Osario Civil - MI Ayuntamiento de Caudete","isPartOf":{"@id":"https:\/\/www.caudete.org\/ayuntamiento\/#website"},"primaryImageOfPage":{"@id":"https:\/\/www.caudete.org\/ayuntamiento\/el-cementerio-prepara-su-ampliacion-derribando-lo-que-en-su-dia-fue-cementerio-y-osario-civil\/#primaryimage"},"image":{"@id":"https:\/\/www.caudete.org\/ayuntamiento\/el-cementerio-prepara-su-ampliacion-derribando-lo-que-en-su-dia-fue-cementerio-y-osario-civil\/#primaryimage"},"thumbnailUrl":"https:\/\/www.caudete.org\/ayuntamiento\/wp-content\/uploads\/2023\/08\/WhatsApp-Image-2023-08-09-at-17.52.57.jpeg","datePublished":"2023-08-09T16:59:24+00:00","description":"P\u00e1gina Oficial del Ayuntamiento de Caudete (Albacete)","breadcrumb":{"@id":"https:\/\/www.caudete.org\/ayuntamiento\/el-cementerio-prepara-su-ampliacion-derribando-lo-que-en-su-dia-fue-cementerio-y-osario-civil\/#breadcrumb"},"inLanguage":"es","potentialAction":[{"@type":"ReadAction","target":["https:\/\/www.caudete.org\/ayuntamiento\/el-cementerio-prepara-su-ampliacion-derribando-lo-que-en-su-dia-fue-cementerio-y-osario-civil\/"]}]},{"@type":"ImageObject","inLanguage":"es","@id":"https:\/\/www.caudete.org\/ayuntamiento\/el-cementerio-prepara-su-ampliacion-derribando-lo-que-en-su-dia-fue-cementerio-y-osario-civil\/#primaryimage","url":"https:\/\/www.caudete.org\/ayuntamiento\/wp-content\/uploads\/2023\/08\/WhatsApp-Image-2023-08-09-at-17.52.57.jpeg","contentUrl":"https:\/\/www.caudete.org\/ayuntamiento\/wp-content\/uploads\/2023\/08\/WhatsApp-Image-2023-08-09-at-17.52.57.jpeg","width":1599,"height":1200},{"@type":"BreadcrumbList","@id":"https:\/\/www.caudete.org\/ayuntamiento\/el-cementerio-prepara-su-ampliacion-derribando-lo-que-en-su-dia-fue-cementerio-y-osario-civil\/#breadcrumb","itemListElement":[{"@type":"ListItem","position":1,"name":"Inicio","item":"https:\/\/www.caudete.org\/ayuntamiento\/"},{"@type":"ListItem","position":2,"name":"El Cementerio prepara su ampliaci\u00f3n derribando lo que en su d\u00eda fue Cementerio y Osario Civil"}]},{"@type":"WebSite","@id":"https:\/\/www.caudete.org\/ayuntamiento\/#website","url":"https:\/\/www.caudete.org\/ayuntamiento\/","name":"MI Ayuntamiento de Caudete","description":"P\u00e1gina Oficial del MI Ayuntamiento de Caudete","publisher":{"@id":"https:\/\/www.caudete.org\/ayuntamiento\/#organization"},"potentialAction":[{"@type":"SearchAction","target":{"@type":"EntryPoint","urlTemplate":"https:\/\/www.caudete.org\/ayuntamiento\/?s={search_term_string}"},"query-input":{"@type":"PropertyValueSpecification","valueRequired":true,"valueName":"search_term_string"}}],"inLanguage":"es"},{"@type":"Organization","@id":"https:\/\/www.caudete.org\/ayuntamiento\/#organization","name":"Ayuntamiento de Caudete","url":"https:\/\/www.caudete.org\/ayuntamiento\/","logo":{"@type":"ImageObject","inLanguage":"es","@id":"https:\/\/www.caudete.org\/ayuntamiento\/#\/schema\/logo\/image\/","url":"https:\/\/www.caudete.org\/ayuntamiento\/wp-content\/uploads\/2020\/11\/logo_ayuntamiento_caudete.jpg","contentUrl":"https:\/\/www.caudete.org\/ayuntamiento\/wp-content\/uploads\/2020\/11\/logo_ayuntamiento_caudete.jpg","width":600,"height":150,"caption":"Ayuntamiento de Caudete"},"image":{"@id":"https:\/\/www.caudete.org\/ayuntamiento\/#\/schema\/logo\/image\/"},"sameAs":["https:\/\/www.facebook.com\/ayuntamientocaudete\/","https:\/\/www.youtube.com\/channel\/UC6VztHaooNsGpw-tNoBEFnQ"]},{"@type":"Person","@id":"https:\/\/www.caudete.org\/ayuntamiento\/#\/schema\/person\/cc646da9133078ee4d8dd47457947253","name":"alcalde","image":{"@type":"ImageObject","inLanguage":"es","@id":"https:\/\/secure.gravatar.com\/avatar\/84a817ba065b29ff08d666b215a215f5c79186a645ccb25b14a663d48a130f77?s=96&d=mm&r=g","url":"https:\/\/secure.gravatar.com\/avatar\/84a817ba065b29ff08d666b215a215f5c79186a645ccb25b14a663d48a130f77?s=96&d=mm&r=g","contentUrl":"https:\/\/secure.gravatar.com\/avatar\/84a817ba065b29ff08d666b215a215f5c79186a645ccb25b14a663d48a130f77?s=96&d=mm&r=g","caption":"alcalde"},"url":"https:\/\/www.caudete.org\/ayuntamiento\/author\/alcalde\/"}]}},"_links":{"self":[{"href":"https:\/\/www.caudete.org\/ayuntamiento\/wp-json\/wp\/v2\/posts\/23065","targetHints":{"allow":["GET"]}}],"collection":[{"href":"https:\/\/www.caudete.org\/ayuntamiento\/wp-json\/wp\/v2\/posts"}],"about":[{"href":"https:\/\/www.caudete.org\/ayuntamiento\/wp-json\/wp\/v2\/types\/post"}],"author":[{"embeddable":true,"href":"https:\/\/www.caudete.org\/ayuntamiento\/wp-json\/wp\/v2\/users\/3"}],"replies":[{"embeddable":true,"href":"https:\/\/www.caudete.org\/ayuntamiento\/wp-json\/wp\/v2\/comments?post=23065"}],"version-history":[{"count":1,"href":"https:\/\/www.caudete.org\/ayuntamiento\/wp-json\/wp\/v2\/posts\/23065\/revisions"}],"predecessor-version":[{"id":23071,"href":"https:\/\/www.caudete.org\/ayuntamiento\/wp-json\/wp\/v2\/posts\/23065\/revisions\/23071"}],"wp:featuredmedia":[{"embeddable":true,"href":"https:\/\/www.caudete.org\/ayuntamiento\/wp-json\/wp\/v2\/media\/23070"}],"wp:attachment":[{"href":"https:\/\/www.caudete.org\/ayuntamiento\/wp-json\/wp\/v2\/media?parent=23065"}],"wp:term":[{"taxonomy":"category","embeddable":true,"href":"https:\/\/www.caudete.org\/ayuntamiento\/wp-json\/wp\/v2\/categories?post=23065"},{"taxonomy":"post_tag","embeddable":true,"href":"https:\/\/www.caudete.org\/ayuntamiento\/wp-json\/wp\/v2\/tags?post=23065"}],"curies":[{"name":"wp","href":"https:\/\/api.w.org\/{rel}","templated":true}]}}