{"id":23075,"date":"2023-08-09T19:57:47","date_gmt":"2023-08-09T17:57:47","guid":{"rendered":"https:\/\/www.caudete.org\/ayuntamiento\/?p=23075"},"modified":"2023-08-09T19:57:47","modified_gmt":"2023-08-09T17:57:47","slug":"ayuntamiento-y-hosteleros-preparan-la-iii-edicion-de-vivelasfiestasenlacalle","status":"publish","type":"post","link":"https:\/\/www.caudete.org\/ayuntamiento\/ayuntamiento-y-hosteleros-preparan-la-iii-edicion-de-vivelasfiestasenlacalle\/","title":{"rendered":"Ayuntamiento y Hosteleros preparan la III Edici\u00f3n de &#8220;ViveLasFiestasEnLaCalle&#8221;"},"content":{"rendered":"<p style=\"text-align: justify;\">Las Concejal\u00eda de Fiestas ha convocado un a\u00f1o m\u00e1s a los hosteleros de la localidad para abordar la nueva edici\u00f3n de la campa\u00f1a \u201cVIVE LAS FIESTAS EN LA CALLE\u201d de cara a las pr\u00f3ximas Fiestas Patronales de Moros y Cristianos que Caudete celebrar\u00e1 el pr\u00f3ximo mes de Septiembre.<\/p>\n<p style=\"text-align: justify;\">En una reuni\u00f3n inicial, se analiz\u00f3 la II edici\u00f3n correspondiente al a\u00f1o 2022, estableciendo aspectos a mejorar, incluir o a mantener, seg\u00fan el \u00e9xito, as\u00ed como la evoluci\u00f3n alcanzada y los objetivos para la III edici\u00f3n, que en unas semanas ser\u00e1 una realidad.<\/p>\n<p style=\"text-align: justify;\">Ma\u00f1ana los hosteleros se vuelven a reunir con el Consistorio para avanzar en la forma y contenido, e ir perfilando aspectos determinantes para conformar la oferta en d\u00edas pr\u00f3ximos y poder continuar con los preparativos necesarios.<\/p>\n<p style=\"text-align: justify;\">El proyecto consta de dos categor\u00edas, una para los establecimientos dedicados al tapeo, tardeo y noches (cenas); y otra para quienes opten por tener la fiesta hasta la madrugada, siempre que la licencia con la que cuenten se lo permita.<\/p>\n<p style=\"text-align: justify;\">Cabe destacar que la campa\u00f1a fue propuesta y lanzada por el Gobierno Municipal en 2019 en sustituci\u00f3n de la carpa festera que se sol\u00eda montar en el recinto ferial, ofreciendo en su puesto una variedad gastron\u00f3mica y de ocio a trav\u00e9s de los bares y restaurantes del municipio, de forma que cada d\u00eda se centra la actividad en diversos establecimientos con tapas, tardeo, m\u00fasica, verbenas, cenas, etc, de forma que las posibles molestias no se acumulan durante todos los d\u00edas de fiestas en los mismos lugares.<\/p>\n<p style=\"text-align: justify;\">Con ello, las calles de Caudete ofrecen el ambiente festivo que la ocasi\u00f3n se merece, tal y como ocurre en multitud de poblaciones festeras y que, en nuestro pueblo, se echaba en falta. Con esta medida, los establecimientos y negocios locales se han visto beneficiados de forma directa con esta iniciativa municipal que ha ido gustando de forma mayoritaria a todos los sectores de poblaci\u00f3n, festeros y visitantes.<\/p>\n","protected":false},"excerpt":{"rendered":"<p>Las Concejal\u00eda de Fiestas ha convocado un a\u00f1o m\u00e1s a los hosteleros de la localidad para abordar la nueva edici\u00f3n de la campa\u00f1a \u201cVIVE LAS FIESTAS EN LA CALLE\u201d de cara a las pr\u00f3ximas Fiestas Patronales de Moros y Cristianos que Caudete celebrar\u00e1 el pr\u00f3ximo mes de Septiembre. En una reuni\u00f3n inicial, se analiz\u00f3 la &hellip;<\/p>\n","protected":false},"author":3,"featured_media":23076,"comment_status":"closed","ping_status":"open","sticky":false,"template":"","format":"standard","meta":{"ngg_post_thumbnail":0,"footnotes":""},"categories":[31],"tags":[],"class_list":["post-23075","post","type-post","status-publish","format-standard","has-post-thumbnail","hentry","category-fiestas"],"yoast_head":"<!-- This site is optimized with the Yoast SEO plugin v27.5 - https:\/\/yoast.com\/product\/yoast-seo-wordpress\/ -->\n<title>Ayuntamiento y Hosteleros preparan la III Edici\u00f3n de &quot;ViveLasFiestasEnLaCalle&quot; - MI Ayuntamiento de Caudete<\/title>\n<meta name=\"description\" content=\"P\u00e1gina Oficial del Ayuntamiento de Caudete (Albacete)\" \/>\n<meta name=\"robots\" content=\"index, follow, max-snippet:-1, max-image-preview:large, max-video-preview:-1\" \/>\n<link rel=\"canonical\" href=\"https:\/\/www.caudete.org\/ayuntamiento\/ayuntamiento-y-hosteleros-preparan-la-iii-edicion-de-vivelasfiestasenlacalle\/\" \/>\n<meta property=\"og:locale\" content=\"es_ES\" \/>\n<meta property=\"og:type\" content=\"article\" \/>\n<meta property=\"og:title\" content=\"Ayuntamiento y Hosteleros preparan la III Edici\u00f3n de &quot;ViveLasFiestasEnLaCalle&quot; - MI Ayuntamiento de Caudete\" \/>\n<meta property=\"og:description\" content=\"P\u00e1gina Oficial del Ayuntamiento de Caudete (Albacete)\" \/>\n<meta property=\"og:url\" content=\"https:\/\/www.caudete.org\/ayuntamiento\/ayuntamiento-y-hosteleros-preparan-la-iii-edicion-de-vivelasfiestasenlacalle\/\" \/>\n<meta property=\"og:site_name\" content=\"MI Ayuntamiento de Caudete\" \/>\n<meta property=\"article:publisher\" content=\"https:\/\/www.facebook.com\/ayuntamientocaudete\/\" \/>\n<meta property=\"article:published_time\" content=\"2023-08-09T17:57:47+00:00\" \/>\n<meta property=\"og:image\" content=\"https:\/\/www.caudete.org\/ayuntamiento\/wp-content\/uploads\/2023\/08\/VIVE-LAS-FIESTAS-EN-LA-CALLE-2023.jpg\" \/>\n\t<meta property=\"og:image:width\" content=\"986\" \/>\n\t<meta property=\"og:image:height\" content=\"558\" \/>\n\t<meta property=\"og:image:type\" content=\"image\/jpeg\" \/>\n<meta name=\"author\" content=\"alcalde\" \/>\n<meta name=\"twitter:card\" content=\"summary_large_image\" \/>\n<meta name=\"twitter:label1\" content=\"Escrito por\" \/>\n\t<meta name=\"twitter:data1\" content=\"alcalde\" \/>\n\t<meta name=\"twitter:label2\" content=\"Tiempo de lectura\" \/>\n\t<meta name=\"twitter:data2\" content=\"2 minutos\" \/>\n<script type=\"application\/ld+json\" class=\"yoast-schema-graph\">{\"@context\":\"https:\\\/\\\/schema.org\",\"@graph\":[{\"@type\":\"Article\",\"@id\":\"https:\\\/\\\/www.caudete.org\\\/ayuntamiento\\\/ayuntamiento-y-hosteleros-preparan-la-iii-edicion-de-vivelasfiestasenlacalle\\\/#article\",\"isPartOf\":{\"@id\":\"https:\\\/\\\/www.caudete.org\\\/ayuntamiento\\\/ayuntamiento-y-hosteleros-preparan-la-iii-edicion-de-vivelasfiestasenlacalle\\\/\"},\"author\":{\"name\":\"alcalde\",\"@id\":\"https:\\\/\\\/www.caudete.org\\\/ayuntamiento\\\/#\\\/schema\\\/person\\\/cc646da9133078ee4d8dd47457947253\"},\"headline\":\"Ayuntamiento y Hosteleros preparan la III Edici\u00f3n de &#8220;ViveLasFiestasEnLaCalle&#8221;\",\"datePublished\":\"2023-08-09T17:57:47+00:00\",\"mainEntityOfPage\":{\"@id\":\"https:\\\/\\\/www.caudete.org\\\/ayuntamiento\\\/ayuntamiento-y-hosteleros-preparan-la-iii-edicion-de-vivelasfiestasenlacalle\\\/\"},\"wordCount\":356,\"image\":{\"@id\":\"https:\\\/\\\/www.caudete.org\\\/ayuntamiento\\\/ayuntamiento-y-hosteleros-preparan-la-iii-edicion-de-vivelasfiestasenlacalle\\\/#primaryimage\"},\"thumbnailUrl\":\"https:\\\/\\\/www.caudete.org\\\/ayuntamiento\\\/wp-content\\\/uploads\\\/2023\\\/08\\\/VIVE-LAS-FIESTAS-EN-LA-CALLE-2023.jpg\",\"articleSection\":[\"Fiestas\"],\"inLanguage\":\"es\"},{\"@type\":\"WebPage\",\"@id\":\"https:\\\/\\\/www.caudete.org\\\/ayuntamiento\\\/ayuntamiento-y-hosteleros-preparan-la-iii-edicion-de-vivelasfiestasenlacalle\\\/\",\"url\":\"https:\\\/\\\/www.caudete.org\\\/ayuntamiento\\\/ayuntamiento-y-hosteleros-preparan-la-iii-edicion-de-vivelasfiestasenlacalle\\\/\",\"name\":\"Ayuntamiento y Hosteleros preparan la III Edici\u00f3n de \\\"ViveLasFiestasEnLaCalle\\\" - MI Ayuntamiento de Caudete\",\"isPartOf\":{\"@id\":\"https:\\\/\\\/www.caudete.org\\\/ayuntamiento\\\/#website\"},\"primaryImageOfPage\":{\"@id\":\"https:\\\/\\\/www.caudete.org\\\/ayuntamiento\\\/ayuntamiento-y-hosteleros-preparan-la-iii-edicion-de-vivelasfiestasenlacalle\\\/#primaryimage\"},\"image\":{\"@id\":\"https:\\\/\\\/www.caudete.org\\\/ayuntamiento\\\/ayuntamiento-y-hosteleros-preparan-la-iii-edicion-de-vivelasfiestasenlacalle\\\/#primaryimage\"},\"thumbnailUrl\":\"https:\\\/\\\/www.caudete.org\\\/ayuntamiento\\\/wp-content\\\/uploads\\\/2023\\\/08\\\/VIVE-LAS-FIESTAS-EN-LA-CALLE-2023.jpg\",\"datePublished\":\"2023-08-09T17:57:47+00:00\",\"author\":{\"@id\":\"https:\\\/\\\/www.caudete.org\\\/ayuntamiento\\\/#\\\/schema\\\/person\\\/cc646da9133078ee4d8dd47457947253\"},\"description\":\"P\u00e1gina Oficial del Ayuntamiento de Caudete (Albacete)\",\"breadcrumb\":{\"@id\":\"https:\\\/\\\/www.caudete.org\\\/ayuntamiento\\\/ayuntamiento-y-hosteleros-preparan-la-iii-edicion-de-vivelasfiestasenlacalle\\\/#breadcrumb\"},\"inLanguage\":\"es\",\"potentialAction\":[{\"@type\":\"ReadAction\",\"target\":[\"https:\\\/\\\/www.caudete.org\\\/ayuntamiento\\\/ayuntamiento-y-hosteleros-preparan-la-iii-edicion-de-vivelasfiestasenlacalle\\\/\"]}]},{\"@type\":\"ImageObject\",\"inLanguage\":\"es\",\"@id\":\"https:\\\/\\\/www.caudete.org\\\/ayuntamiento\\\/ayuntamiento-y-hosteleros-preparan-la-iii-edicion-de-vivelasfiestasenlacalle\\\/#primaryimage\",\"url\":\"https:\\\/\\\/www.caudete.org\\\/ayuntamiento\\\/wp-content\\\/uploads\\\/2023\\\/08\\\/VIVE-LAS-FIESTAS-EN-LA-CALLE-2023.jpg\",\"contentUrl\":\"https:\\\/\\\/www.caudete.org\\\/ayuntamiento\\\/wp-content\\\/uploads\\\/2023\\\/08\\\/VIVE-LAS-FIESTAS-EN-LA-CALLE-2023.jpg\",\"width\":986,\"height\":558},{\"@type\":\"BreadcrumbList\",\"@id\":\"https:\\\/\\\/www.caudete.org\\\/ayuntamiento\\\/ayuntamiento-y-hosteleros-preparan-la-iii-edicion-de-vivelasfiestasenlacalle\\\/#breadcrumb\",\"itemListElement\":[{\"@type\":\"ListItem\",\"position\":1,\"name\":\"Inicio\",\"item\":\"https:\\\/\\\/www.caudete.org\\\/ayuntamiento\\\/\"},{\"@type\":\"ListItem\",\"position\":2,\"name\":\"Ayuntamiento y Hosteleros preparan la III Edici\u00f3n de &#8220;ViveLasFiestasEnLaCalle&#8221;\"}]},{\"@type\":\"WebSite\",\"@id\":\"https:\\\/\\\/www.caudete.org\\\/ayuntamiento\\\/#website\",\"url\":\"https:\\\/\\\/www.caudete.org\\\/ayuntamiento\\\/\",\"name\":\"MI Ayuntamiento de Caudete\",\"description\":\"P\u00e1gina Oficial del MI Ayuntamiento de Caudete\",\"potentialAction\":[{\"@type\":\"SearchAction\",\"target\":{\"@type\":\"EntryPoint\",\"urlTemplate\":\"https:\\\/\\\/www.caudete.org\\\/ayuntamiento\\\/?s={search_term_string}\"},\"query-input\":{\"@type\":\"PropertyValueSpecification\",\"valueRequired\":true,\"valueName\":\"search_term_string\"}}],\"inLanguage\":\"es\"},{\"@type\":\"Person\",\"@id\":\"https:\\\/\\\/www.caudete.org\\\/ayuntamiento\\\/#\\\/schema\\\/person\\\/cc646da9133078ee4d8dd47457947253\",\"name\":\"alcalde\",\"image\":{\"@type\":\"ImageObject\",\"inLanguage\":\"es\",\"@id\":\"https:\\\/\\\/secure.gravatar.com\\\/avatar\\\/84a817ba065b29ff08d666b215a215f5c79186a645ccb25b14a663d48a130f77?s=96&d=mm&r=g\",\"url\":\"https:\\\/\\\/secure.gravatar.com\\\/avatar\\\/84a817ba065b29ff08d666b215a215f5c79186a645ccb25b14a663d48a130f77?s=96&d=mm&r=g\",\"contentUrl\":\"https:\\\/\\\/secure.gravatar.com\\\/avatar\\\/84a817ba065b29ff08d666b215a215f5c79186a645ccb25b14a663d48a130f77?s=96&d=mm&r=g\",\"caption\":\"alcalde\"},\"url\":\"https:\\\/\\\/www.caudete.org\\\/ayuntamiento\\\/author\\\/alcalde\\\/\"}]}<\/script>\n<!-- \/ Yoast SEO plugin. -->","yoast_head_json":{"title":"Ayuntamiento y Hosteleros preparan la III Edici\u00f3n de \"ViveLasFiestasEnLaCalle\" - MI Ayuntamiento de Caudete","description":"P\u00e1gina Oficial del Ayuntamiento de Caudete (Albacete)","robots":{"index":"index","follow":"follow","max-snippet":"max-snippet:-1","max-image-preview":"max-image-preview:large","max-video-preview":"max-video-preview:-1"},"canonical":"https:\/\/www.caudete.org\/ayuntamiento\/ayuntamiento-y-hosteleros-preparan-la-iii-edicion-de-vivelasfiestasenlacalle\/","og_locale":"es_ES","og_type":"article","og_title":"Ayuntamiento y Hosteleros preparan la III Edici\u00f3n de \"ViveLasFiestasEnLaCalle\" - MI Ayuntamiento de Caudete","og_description":"P\u00e1gina Oficial del Ayuntamiento de Caudete (Albacete)","og_url":"https:\/\/www.caudete.org\/ayuntamiento\/ayuntamiento-y-hosteleros-preparan-la-iii-edicion-de-vivelasfiestasenlacalle\/","og_site_name":"MI Ayuntamiento de Caudete","article_publisher":"https:\/\/www.facebook.com\/ayuntamientocaudete\/","article_published_time":"2023-08-09T17:57:47+00:00","og_image":[{"width":986,"height":558,"url":"https:\/\/www.caudete.org\/ayuntamiento\/wp-content\/uploads\/2023\/08\/VIVE-LAS-FIESTAS-EN-LA-CALLE-2023.jpg","type":"image\/jpeg"}],"author":"alcalde","twitter_card":"summary_large_image","twitter_misc":{"Escrito por":"alcalde","Tiempo de lectura":"2 minutos"},"schema":{"@context":"https:\/\/schema.org","@graph":[{"@type":"Article","@id":"https:\/\/www.caudete.org\/ayuntamiento\/ayuntamiento-y-hosteleros-preparan-la-iii-edicion-de-vivelasfiestasenlacalle\/#article","isPartOf":{"@id":"https:\/\/www.caudete.org\/ayuntamiento\/ayuntamiento-y-hosteleros-preparan-la-iii-edicion-de-vivelasfiestasenlacalle\/"},"author":{"name":"alcalde","@id":"https:\/\/www.caudete.org\/ayuntamiento\/#\/schema\/person\/cc646da9133078ee4d8dd47457947253"},"headline":"Ayuntamiento y Hosteleros preparan la III Edici\u00f3n de &#8220;ViveLasFiestasEnLaCalle&#8221;","datePublished":"2023-08-09T17:57:47+00:00","mainEntityOfPage":{"@id":"https:\/\/www.caudete.org\/ayuntamiento\/ayuntamiento-y-hosteleros-preparan-la-iii-edicion-de-vivelasfiestasenlacalle\/"},"wordCount":356,"image":{"@id":"https:\/\/www.caudete.org\/ayuntamiento\/ayuntamiento-y-hosteleros-preparan-la-iii-edicion-de-vivelasfiestasenlacalle\/#primaryimage"},"thumbnailUrl":"https:\/\/www.caudete.org\/ayuntamiento\/wp-content\/uploads\/2023\/08\/VIVE-LAS-FIESTAS-EN-LA-CALLE-2023.jpg","articleSection":["Fiestas"],"inLanguage":"es"},{"@type":"WebPage","@id":"https:\/\/www.caudete.org\/ayuntamiento\/ayuntamiento-y-hosteleros-preparan-la-iii-edicion-de-vivelasfiestasenlacalle\/","url":"https:\/\/www.caudete.org\/ayuntamiento\/ayuntamiento-y-hosteleros-preparan-la-iii-edicion-de-vivelasfiestasenlacalle\/","name":"Ayuntamiento y Hosteleros preparan la III Edici\u00f3n de \"ViveLasFiestasEnLaCalle\" - MI Ayuntamiento de Caudete","isPartOf":{"@id":"https:\/\/www.caudete.org\/ayuntamiento\/#website"},"primaryImageOfPage":{"@id":"https:\/\/www.caudete.org\/ayuntamiento\/ayuntamiento-y-hosteleros-preparan-la-iii-edicion-de-vivelasfiestasenlacalle\/#primaryimage"},"image":{"@id":"https:\/\/www.caudete.org\/ayuntamiento\/ayuntamiento-y-hosteleros-preparan-la-iii-edicion-de-vivelasfiestasenlacalle\/#primaryimage"},"thumbnailUrl":"https:\/\/www.caudete.org\/ayuntamiento\/wp-content\/uploads\/2023\/08\/VIVE-LAS-FIESTAS-EN-LA-CALLE-2023.jpg","datePublished":"2023-08-09T17:57:47+00:00","author":{"@id":"https:\/\/www.caudete.org\/ayuntamiento\/#\/schema\/person\/cc646da9133078ee4d8dd47457947253"},"description":"P\u00e1gina Oficial del Ayuntamiento de Caudete (Albacete)","breadcrumb":{"@id":"https:\/\/www.caudete.org\/ayuntamiento\/ayuntamiento-y-hosteleros-preparan-la-iii-edicion-de-vivelasfiestasenlacalle\/#breadcrumb"},"inLanguage":"es","potentialAction":[{"@type":"ReadAction","target":["https:\/\/www.caudete.org\/ayuntamiento\/ayuntamiento-y-hosteleros-preparan-la-iii-edicion-de-vivelasfiestasenlacalle\/"]}]},{"@type":"ImageObject","inLanguage":"es","@id":"https:\/\/www.caudete.org\/ayuntamiento\/ayuntamiento-y-hosteleros-preparan-la-iii-edicion-de-vivelasfiestasenlacalle\/#primaryimage","url":"https:\/\/www.caudete.org\/ayuntamiento\/wp-content\/uploads\/2023\/08\/VIVE-LAS-FIESTAS-EN-LA-CALLE-2023.jpg","contentUrl":"https:\/\/www.caudete.org\/ayuntamiento\/wp-content\/uploads\/2023\/08\/VIVE-LAS-FIESTAS-EN-LA-CALLE-2023.jpg","width":986,"height":558},{"@type":"BreadcrumbList","@id":"https:\/\/www.caudete.org\/ayuntamiento\/ayuntamiento-y-hosteleros-preparan-la-iii-edicion-de-vivelasfiestasenlacalle\/#breadcrumb","itemListElement":[{"@type":"ListItem","position":1,"name":"Inicio","item":"https:\/\/www.caudete.org\/ayuntamiento\/"},{"@type":"ListItem","position":2,"name":"Ayuntamiento y Hosteleros preparan la III Edici\u00f3n de &#8220;ViveLasFiestasEnLaCalle&#8221;"}]},{"@type":"WebSite","@id":"https:\/\/www.caudete.org\/ayuntamiento\/#website","url":"https:\/\/www.caudete.org\/ayuntamiento\/","name":"MI Ayuntamiento de Caudete","description":"P\u00e1gina Oficial del MI Ayuntamiento de Caudete","potentialAction":[{"@type":"SearchAction","target":{"@type":"EntryPoint","urlTemplate":"https:\/\/www.caudete.org\/ayuntamiento\/?s={search_term_string}"},"query-input":{"@type":"PropertyValueSpecification","valueRequired":true,"valueName":"search_term_string"}}],"inLanguage":"es"},{"@type":"Person","@id":"https:\/\/www.caudete.org\/ayuntamiento\/#\/schema\/person\/cc646da9133078ee4d8dd47457947253","name":"alcalde","image":{"@type":"ImageObject","inLanguage":"es","@id":"https:\/\/secure.gravatar.com\/avatar\/84a817ba065b29ff08d666b215a215f5c79186a645ccb25b14a663d48a130f77?s=96&d=mm&r=g","url":"https:\/\/secure.gravatar.com\/avatar\/84a817ba065b29ff08d666b215a215f5c79186a645ccb25b14a663d48a130f77?s=96&d=mm&r=g","contentUrl":"https:\/\/secure.gravatar.com\/avatar\/84a817ba065b29ff08d666b215a215f5c79186a645ccb25b14a663d48a130f77?s=96&d=mm&r=g","caption":"alcalde"},"url":"https:\/\/www.caudete.org\/ayuntamiento\/author\/alcalde\/"}]}},"_links":{"self":[{"href":"https:\/\/www.caudete.org\/ayuntamiento\/wp-json\/wp\/v2\/posts\/23075","targetHints":{"allow":["GET"]}}],"collection":[{"href":"https:\/\/www.caudete.org\/ayuntamiento\/wp-json\/wp\/v2\/posts"}],"about":[{"href":"https:\/\/www.caudete.org\/ayuntamiento\/wp-json\/wp\/v2\/types\/post"}],"author":[{"embeddable":true,"href":"https:\/\/www.caudete.org\/ayuntamiento\/wp-json\/wp\/v2\/users\/3"}],"replies":[{"embeddable":true,"href":"https:\/\/www.caudete.org\/ayuntamiento\/wp-json\/wp\/v2\/comments?post=23075"}],"version-history":[{"count":1,"href":"https:\/\/www.caudete.org\/ayuntamiento\/wp-json\/wp\/v2\/posts\/23075\/revisions"}],"predecessor-version":[{"id":23077,"href":"https:\/\/www.caudete.org\/ayuntamiento\/wp-json\/wp\/v2\/posts\/23075\/revisions\/23077"}],"wp:featuredmedia":[{"embeddable":true,"href":"https:\/\/www.caudete.org\/ayuntamiento\/wp-json\/wp\/v2\/media\/23076"}],"wp:attachment":[{"href":"https:\/\/www.caudete.org\/ayuntamiento\/wp-json\/wp\/v2\/media?parent=23075"}],"wp:term":[{"taxonomy":"category","embeddable":true,"href":"https:\/\/www.caudete.org\/ayuntamiento\/wp-json\/wp\/v2\/categories?post=23075"},{"taxonomy":"post_tag","embeddable":true,"href":"https:\/\/www.caudete.org\/ayuntamiento\/wp-json\/wp\/v2\/tags?post=23075"}],"curies":[{"name":"wp","href":"https:\/\/api.w.org\/{rel}","templated":true}]}}