{"id":23110,"date":"2023-08-18T13:32:08","date_gmt":"2023-08-18T11:32:08","guid":{"rendered":"https:\/\/www.caudete.org\/ayuntamiento\/?p=23110"},"modified":"2023-08-28T11:50:49","modified_gmt":"2023-08-28T09:50:49","slug":"rutas-nocturnas-por-caudete-para-25-de-agosto-y-1-de-septiembre","status":"publish","type":"post","link":"https:\/\/www.caudete.org\/ayuntamiento\/rutas-nocturnas-por-caudete-para-25-de-agosto-y-1-de-septiembre\/","title":{"rendered":"Rutas nocturnas por Caudete para 25 de Agosto y 1 de Septiembre"},"content":{"rendered":"<p>Desde la Concejal\u00eda de Turismo se ha organizado para los d\u00edas 25 de agosto y 1 de septiembre 2 visitas guiadas por Caudete. Estas ser\u00e1n acompa\u00f1adas por personal de la Oficina de Turismo, comenzando a las 20\u00b430 horas con una duraci\u00f3n aproximada de 1 hora y media. El itinerario ser\u00e1 el siguiente:<\/p>\n<p style=\"padding-left: 40px;\">Punto de encuentro: Arcos de La Lonja a las 20\u00b430 hrs.<\/p>\n<p style=\"padding-left: 40px;\">Itinerario: visita a la Casa de Miguel Mart\u00ednez (oficina de turismo), iglesia de Santa Catalina, plaza de la Iglesia, recorrido por la villa medieval, castillo de Caudete, Calle Abad\u00eda, Centro de Interpretaci\u00f3n del Patrimonio, Plaza del Carmen.<\/p>\n<p>Plazas limitadas a 35 personas por d\u00eda. La visita guiada es gratuita.<\/p>\n<p>Si est\u00e1s interesado en asistir, puedes reservar tu plaza en los siguientes enlaces:<\/p>\n<p><a href=\"https:\/\/docs.google.com\/forms\/d\/e\/1FAIpQLScXyxr0aQK0F0-TxflYGOfmr9zfDNiw8u7W3Fxk-b1587-LXQ\/viewform?usp=sf_link\" target=\"_blank\" rel=\"nofollow\">Inscripciones Ruta 25 de agosto<\/a> &#8211; CUPO COMPLETO<\/p>\n<p><a href=\"https:\/\/docs.google.com\/forms\/d\/e\/1FAIpQLSfDO8nh-vAjWb-dkfCjbAa7ZskKEcUeV3Xn5An75h943pOkkw\/viewform?usp=sf_link\" target=\"_blank\" rel=\"nofollow\">Inscripciones Ruta 1 de septiembre<\/a> &#8211; CUPO COMPLETO<\/p>\n<p><a href=\"https:\/\/www.caudete.org\/ayuntamiento\/wp-content\/uploads\/2023\/08\/IMG_20220523_225832.jpg\" rel='prettyPhoto'><img fetchpriority=\"high\" decoding=\"async\" class=\"aligncenter wp-image-23112 size-full\" src=\"https:\/\/www.caudete.org\/ayuntamiento\/wp-content\/uploads\/2023\/08\/IMG_20220523_225832.jpg\" alt=\"\" width=\"800\" height=\"600\" srcset=\"https:\/\/www.caudete.org\/ayuntamiento\/wp-content\/uploads\/2023\/08\/IMG_20220523_225832.jpg 800w, https:\/\/www.caudete.org\/ayuntamiento\/wp-content\/uploads\/2023\/08\/IMG_20220523_225832-300x225.jpg 300w, https:\/\/www.caudete.org\/ayuntamiento\/wp-content\/uploads\/2023\/08\/IMG_20220523_225832-768x576.jpg 768w\" sizes=\"(max-width: 800px) 100vw, 800px\" \/><\/a><\/p>\n","protected":false},"excerpt":{"rendered":"<p>Desde la Concejal\u00eda de Turismo se ha organizado para los d\u00edas 25 de agosto y 1 de septiembre 2 visitas guiadas por Caudete. Estas ser\u00e1n acompa\u00f1adas por personal de la Oficina de Turismo, comenzando a las 20\u00b430 horas con una duraci\u00f3n aproximada de 1 hora y media. El itinerario ser\u00e1 el siguiente: Punto de encuentro: &hellip;<\/p>\n","protected":false},"author":1,"featured_media":23111,"comment_status":"closed","ping_status":"open","sticky":false,"template":"","format":"standard","meta":{"ngg_post_thumbnail":0,"footnotes":""},"categories":[43],"tags":[],"class_list":["post-23110","post","type-post","status-publish","format-standard","has-post-thumbnail","hentry","category-turismo"],"yoast_head":"<!-- This site is optimized with the Yoast SEO plugin v27.5 - https:\/\/yoast.com\/product\/yoast-seo-wordpress\/ -->\n<title>Rutas nocturnas por Caudete para 25 de Agosto y 1 de Septiembre - MI Ayuntamiento de Caudete<\/title>\n<meta name=\"description\" content=\"P\u00e1gina Oficial del Ayuntamiento de Caudete (Albacete)\" \/>\n<meta name=\"robots\" content=\"index, follow, max-snippet:-1, max-image-preview:large, max-video-preview:-1\" \/>\n<link rel=\"canonical\" href=\"https:\/\/www.caudete.org\/ayuntamiento\/rutas-nocturnas-por-caudete-para-25-de-agosto-y-1-de-septiembre\/\" \/>\n<meta property=\"og:locale\" content=\"es_ES\" \/>\n<meta property=\"og:type\" content=\"article\" \/>\n<meta property=\"og:title\" content=\"Rutas nocturnas por Caudete para 25 de Agosto y 1 de Septiembre - MI Ayuntamiento de Caudete\" \/>\n<meta property=\"og:description\" content=\"P\u00e1gina Oficial del Ayuntamiento de Caudete (Albacete)\" \/>\n<meta property=\"og:url\" content=\"https:\/\/www.caudete.org\/ayuntamiento\/rutas-nocturnas-por-caudete-para-25-de-agosto-y-1-de-septiembre\/\" \/>\n<meta property=\"og:site_name\" content=\"MI Ayuntamiento de Caudete\" \/>\n<meta property=\"article:publisher\" content=\"https:\/\/www.facebook.com\/ayuntamientocaudete\/\" \/>\n<meta property=\"article:published_time\" content=\"2023-08-18T11:32:08+00:00\" \/>\n<meta property=\"article:modified_time\" content=\"2023-08-28T09:50:49+00:00\" \/>\n<meta property=\"og:image\" content=\"https:\/\/www.caudete.org\/ayuntamiento\/wp-content\/uploads\/2023\/08\/Ruta-noctura-companario-cortado-scaled.jpg\" \/>\n\t<meta property=\"og:image:width\" content=\"2560\" \/>\n\t<meta property=\"og:image:height\" content=\"892\" \/>\n\t<meta property=\"og:image:type\" content=\"image\/jpeg\" \/>\n<meta name=\"author\" content=\"ayun\" \/>\n<meta name=\"twitter:card\" content=\"summary_large_image\" \/>\n<meta name=\"twitter:label1\" content=\"Escrito por\" \/>\n\t<meta name=\"twitter:data1\" content=\"ayun\" \/>\n\t<meta name=\"twitter:label2\" content=\"Tiempo de lectura\" \/>\n\t<meta name=\"twitter:data2\" content=\"1 minuto\" \/>\n<script type=\"application\/ld+json\" class=\"yoast-schema-graph\">{\"@context\":\"https:\\\/\\\/schema.org\",\"@graph\":[{\"@type\":\"Article\",\"@id\":\"https:\\\/\\\/www.caudete.org\\\/ayuntamiento\\\/rutas-nocturnas-por-caudete-para-25-de-agosto-y-1-de-septiembre\\\/#article\",\"isPartOf\":{\"@id\":\"https:\\\/\\\/www.caudete.org\\\/ayuntamiento\\\/rutas-nocturnas-por-caudete-para-25-de-agosto-y-1-de-septiembre\\\/\"},\"author\":{\"name\":\"ayun\",\"@id\":\"https:\\\/\\\/www.caudete.org\\\/ayuntamiento\\\/#\\\/schema\\\/person\\\/79f7e19fdd176fc2bc7a289013dc2056\"},\"headline\":\"Rutas nocturnas por Caudete para 25 de Agosto y 1 de Septiembre\",\"datePublished\":\"2023-08-18T11:32:08+00:00\",\"dateModified\":\"2023-08-28T09:50:49+00:00\",\"mainEntityOfPage\":{\"@id\":\"https:\\\/\\\/www.caudete.org\\\/ayuntamiento\\\/rutas-nocturnas-por-caudete-para-25-de-agosto-y-1-de-septiembre\\\/\"},\"wordCount\":152,\"image\":{\"@id\":\"https:\\\/\\\/www.caudete.org\\\/ayuntamiento\\\/rutas-nocturnas-por-caudete-para-25-de-agosto-y-1-de-septiembre\\\/#primaryimage\"},\"thumbnailUrl\":\"https:\\\/\\\/www.caudete.org\\\/ayuntamiento\\\/wp-content\\\/uploads\\\/2023\\\/08\\\/Ruta-noctura-companario-cortado-scaled.jpg\",\"articleSection\":[\"Turismo\"],\"inLanguage\":\"es\"},{\"@type\":\"WebPage\",\"@id\":\"https:\\\/\\\/www.caudete.org\\\/ayuntamiento\\\/rutas-nocturnas-por-caudete-para-25-de-agosto-y-1-de-septiembre\\\/\",\"url\":\"https:\\\/\\\/www.caudete.org\\\/ayuntamiento\\\/rutas-nocturnas-por-caudete-para-25-de-agosto-y-1-de-septiembre\\\/\",\"name\":\"Rutas nocturnas por Caudete para 25 de Agosto y 1 de Septiembre - MI Ayuntamiento de Caudete\",\"isPartOf\":{\"@id\":\"https:\\\/\\\/www.caudete.org\\\/ayuntamiento\\\/#website\"},\"primaryImageOfPage\":{\"@id\":\"https:\\\/\\\/www.caudete.org\\\/ayuntamiento\\\/rutas-nocturnas-por-caudete-para-25-de-agosto-y-1-de-septiembre\\\/#primaryimage\"},\"image\":{\"@id\":\"https:\\\/\\\/www.caudete.org\\\/ayuntamiento\\\/rutas-nocturnas-por-caudete-para-25-de-agosto-y-1-de-septiembre\\\/#primaryimage\"},\"thumbnailUrl\":\"https:\\\/\\\/www.caudete.org\\\/ayuntamiento\\\/wp-content\\\/uploads\\\/2023\\\/08\\\/Ruta-noctura-companario-cortado-scaled.jpg\",\"datePublished\":\"2023-08-18T11:32:08+00:00\",\"dateModified\":\"2023-08-28T09:50:49+00:00\",\"author\":{\"@id\":\"https:\\\/\\\/www.caudete.org\\\/ayuntamiento\\\/#\\\/schema\\\/person\\\/79f7e19fdd176fc2bc7a289013dc2056\"},\"description\":\"P\u00e1gina Oficial del Ayuntamiento de Caudete (Albacete)\",\"breadcrumb\":{\"@id\":\"https:\\\/\\\/www.caudete.org\\\/ayuntamiento\\\/rutas-nocturnas-por-caudete-para-25-de-agosto-y-1-de-septiembre\\\/#breadcrumb\"},\"inLanguage\":\"es\",\"potentialAction\":[{\"@type\":\"ReadAction\",\"target\":[\"https:\\\/\\\/www.caudete.org\\\/ayuntamiento\\\/rutas-nocturnas-por-caudete-para-25-de-agosto-y-1-de-septiembre\\\/\"]}]},{\"@type\":\"ImageObject\",\"inLanguage\":\"es\",\"@id\":\"https:\\\/\\\/www.caudete.org\\\/ayuntamiento\\\/rutas-nocturnas-por-caudete-para-25-de-agosto-y-1-de-septiembre\\\/#primaryimage\",\"url\":\"https:\\\/\\\/www.caudete.org\\\/ayuntamiento\\\/wp-content\\\/uploads\\\/2023\\\/08\\\/Ruta-noctura-companario-cortado-scaled.jpg\",\"contentUrl\":\"https:\\\/\\\/www.caudete.org\\\/ayuntamiento\\\/wp-content\\\/uploads\\\/2023\\\/08\\\/Ruta-noctura-companario-cortado-scaled.jpg\",\"width\":2560,\"height\":892},{\"@type\":\"BreadcrumbList\",\"@id\":\"https:\\\/\\\/www.caudete.org\\\/ayuntamiento\\\/rutas-nocturnas-por-caudete-para-25-de-agosto-y-1-de-septiembre\\\/#breadcrumb\",\"itemListElement\":[{\"@type\":\"ListItem\",\"position\":1,\"name\":\"Inicio\",\"item\":\"https:\\\/\\\/www.caudete.org\\\/ayuntamiento\\\/\"},{\"@type\":\"ListItem\",\"position\":2,\"name\":\"Rutas nocturnas por Caudete para 25 de Agosto y 1 de Septiembre\"}]},{\"@type\":\"WebSite\",\"@id\":\"https:\\\/\\\/www.caudete.org\\\/ayuntamiento\\\/#website\",\"url\":\"https:\\\/\\\/www.caudete.org\\\/ayuntamiento\\\/\",\"name\":\"MI Ayuntamiento de Caudete\",\"description\":\"P\u00e1gina Oficial del MI Ayuntamiento de Caudete\",\"potentialAction\":[{\"@type\":\"SearchAction\",\"target\":{\"@type\":\"EntryPoint\",\"urlTemplate\":\"https:\\\/\\\/www.caudete.org\\\/ayuntamiento\\\/?s={search_term_string}\"},\"query-input\":{\"@type\":\"PropertyValueSpecification\",\"valueRequired\":true,\"valueName\":\"search_term_string\"}}],\"inLanguage\":\"es\"},{\"@type\":\"Person\",\"@id\":\"https:\\\/\\\/www.caudete.org\\\/ayuntamiento\\\/#\\\/schema\\\/person\\\/79f7e19fdd176fc2bc7a289013dc2056\",\"name\":\"ayun\",\"image\":{\"@type\":\"ImageObject\",\"inLanguage\":\"es\",\"@id\":\"https:\\\/\\\/secure.gravatar.com\\\/avatar\\\/4ce797ee07c943e7e592f8cd648e503e6cd571387558ed07135799c2bd2847df?s=96&d=mm&r=g\",\"url\":\"https:\\\/\\\/secure.gravatar.com\\\/avatar\\\/4ce797ee07c943e7e592f8cd648e503e6cd571387558ed07135799c2bd2847df?s=96&d=mm&r=g\",\"contentUrl\":\"https:\\\/\\\/secure.gravatar.com\\\/avatar\\\/4ce797ee07c943e7e592f8cd648e503e6cd571387558ed07135799c2bd2847df?s=96&d=mm&r=g\",\"caption\":\"ayun\"},\"sameAs\":[\"http:\\\/\\\/www.caudete.org\\\/ayuntamiento\"],\"url\":\"https:\\\/\\\/www.caudete.org\\\/ayuntamiento\\\/author\\\/ayun\\\/\"}]}<\/script>\n<!-- \/ Yoast SEO plugin. -->","yoast_head_json":{"title":"Rutas nocturnas por Caudete para 25 de Agosto y 1 de Septiembre - MI Ayuntamiento de Caudete","description":"P\u00e1gina Oficial del Ayuntamiento de Caudete (Albacete)","robots":{"index":"index","follow":"follow","max-snippet":"max-snippet:-1","max-image-preview":"max-image-preview:large","max-video-preview":"max-video-preview:-1"},"canonical":"https:\/\/www.caudete.org\/ayuntamiento\/rutas-nocturnas-por-caudete-para-25-de-agosto-y-1-de-septiembre\/","og_locale":"es_ES","og_type":"article","og_title":"Rutas nocturnas por Caudete para 25 de Agosto y 1 de Septiembre - MI Ayuntamiento de Caudete","og_description":"P\u00e1gina Oficial del Ayuntamiento de Caudete (Albacete)","og_url":"https:\/\/www.caudete.org\/ayuntamiento\/rutas-nocturnas-por-caudete-para-25-de-agosto-y-1-de-septiembre\/","og_site_name":"MI Ayuntamiento de Caudete","article_publisher":"https:\/\/www.facebook.com\/ayuntamientocaudete\/","article_published_time":"2023-08-18T11:32:08+00:00","article_modified_time":"2023-08-28T09:50:49+00:00","og_image":[{"width":2560,"height":892,"url":"https:\/\/www.caudete.org\/ayuntamiento\/wp-content\/uploads\/2023\/08\/Ruta-noctura-companario-cortado-scaled.jpg","type":"image\/jpeg"}],"author":"ayun","twitter_card":"summary_large_image","twitter_misc":{"Escrito por":"ayun","Tiempo de lectura":"1 minuto"},"schema":{"@context":"https:\/\/schema.org","@graph":[{"@type":"Article","@id":"https:\/\/www.caudete.org\/ayuntamiento\/rutas-nocturnas-por-caudete-para-25-de-agosto-y-1-de-septiembre\/#article","isPartOf":{"@id":"https:\/\/www.caudete.org\/ayuntamiento\/rutas-nocturnas-por-caudete-para-25-de-agosto-y-1-de-septiembre\/"},"author":{"name":"ayun","@id":"https:\/\/www.caudete.org\/ayuntamiento\/#\/schema\/person\/79f7e19fdd176fc2bc7a289013dc2056"},"headline":"Rutas nocturnas por Caudete para 25 de Agosto y 1 de Septiembre","datePublished":"2023-08-18T11:32:08+00:00","dateModified":"2023-08-28T09:50:49+00:00","mainEntityOfPage":{"@id":"https:\/\/www.caudete.org\/ayuntamiento\/rutas-nocturnas-por-caudete-para-25-de-agosto-y-1-de-septiembre\/"},"wordCount":152,"image":{"@id":"https:\/\/www.caudete.org\/ayuntamiento\/rutas-nocturnas-por-caudete-para-25-de-agosto-y-1-de-septiembre\/#primaryimage"},"thumbnailUrl":"https:\/\/www.caudete.org\/ayuntamiento\/wp-content\/uploads\/2023\/08\/Ruta-noctura-companario-cortado-scaled.jpg","articleSection":["Turismo"],"inLanguage":"es"},{"@type":"WebPage","@id":"https:\/\/www.caudete.org\/ayuntamiento\/rutas-nocturnas-por-caudete-para-25-de-agosto-y-1-de-septiembre\/","url":"https:\/\/www.caudete.org\/ayuntamiento\/rutas-nocturnas-por-caudete-para-25-de-agosto-y-1-de-septiembre\/","name":"Rutas nocturnas por Caudete para 25 de Agosto y 1 de Septiembre - MI Ayuntamiento de Caudete","isPartOf":{"@id":"https:\/\/www.caudete.org\/ayuntamiento\/#website"},"primaryImageOfPage":{"@id":"https:\/\/www.caudete.org\/ayuntamiento\/rutas-nocturnas-por-caudete-para-25-de-agosto-y-1-de-septiembre\/#primaryimage"},"image":{"@id":"https:\/\/www.caudete.org\/ayuntamiento\/rutas-nocturnas-por-caudete-para-25-de-agosto-y-1-de-septiembre\/#primaryimage"},"thumbnailUrl":"https:\/\/www.caudete.org\/ayuntamiento\/wp-content\/uploads\/2023\/08\/Ruta-noctura-companario-cortado-scaled.jpg","datePublished":"2023-08-18T11:32:08+00:00","dateModified":"2023-08-28T09:50:49+00:00","author":{"@id":"https:\/\/www.caudete.org\/ayuntamiento\/#\/schema\/person\/79f7e19fdd176fc2bc7a289013dc2056"},"description":"P\u00e1gina Oficial del Ayuntamiento de Caudete (Albacete)","breadcrumb":{"@id":"https:\/\/www.caudete.org\/ayuntamiento\/rutas-nocturnas-por-caudete-para-25-de-agosto-y-1-de-septiembre\/#breadcrumb"},"inLanguage":"es","potentialAction":[{"@type":"ReadAction","target":["https:\/\/www.caudete.org\/ayuntamiento\/rutas-nocturnas-por-caudete-para-25-de-agosto-y-1-de-septiembre\/"]}]},{"@type":"ImageObject","inLanguage":"es","@id":"https:\/\/www.caudete.org\/ayuntamiento\/rutas-nocturnas-por-caudete-para-25-de-agosto-y-1-de-septiembre\/#primaryimage","url":"https:\/\/www.caudete.org\/ayuntamiento\/wp-content\/uploads\/2023\/08\/Ruta-noctura-companario-cortado-scaled.jpg","contentUrl":"https:\/\/www.caudete.org\/ayuntamiento\/wp-content\/uploads\/2023\/08\/Ruta-noctura-companario-cortado-scaled.jpg","width":2560,"height":892},{"@type":"BreadcrumbList","@id":"https:\/\/www.caudete.org\/ayuntamiento\/rutas-nocturnas-por-caudete-para-25-de-agosto-y-1-de-septiembre\/#breadcrumb","itemListElement":[{"@type":"ListItem","position":1,"name":"Inicio","item":"https:\/\/www.caudete.org\/ayuntamiento\/"},{"@type":"ListItem","position":2,"name":"Rutas nocturnas por Caudete para 25 de Agosto y 1 de Septiembre"}]},{"@type":"WebSite","@id":"https:\/\/www.caudete.org\/ayuntamiento\/#website","url":"https:\/\/www.caudete.org\/ayuntamiento\/","name":"MI Ayuntamiento de Caudete","description":"P\u00e1gina Oficial del MI Ayuntamiento de Caudete","potentialAction":[{"@type":"SearchAction","target":{"@type":"EntryPoint","urlTemplate":"https:\/\/www.caudete.org\/ayuntamiento\/?s={search_term_string}"},"query-input":{"@type":"PropertyValueSpecification","valueRequired":true,"valueName":"search_term_string"}}],"inLanguage":"es"},{"@type":"Person","@id":"https:\/\/www.caudete.org\/ayuntamiento\/#\/schema\/person\/79f7e19fdd176fc2bc7a289013dc2056","name":"ayun","image":{"@type":"ImageObject","inLanguage":"es","@id":"https:\/\/secure.gravatar.com\/avatar\/4ce797ee07c943e7e592f8cd648e503e6cd571387558ed07135799c2bd2847df?s=96&d=mm&r=g","url":"https:\/\/secure.gravatar.com\/avatar\/4ce797ee07c943e7e592f8cd648e503e6cd571387558ed07135799c2bd2847df?s=96&d=mm&r=g","contentUrl":"https:\/\/secure.gravatar.com\/avatar\/4ce797ee07c943e7e592f8cd648e503e6cd571387558ed07135799c2bd2847df?s=96&d=mm&r=g","caption":"ayun"},"sameAs":["http:\/\/www.caudete.org\/ayuntamiento"],"url":"https:\/\/www.caudete.org\/ayuntamiento\/author\/ayun\/"}]}},"_links":{"self":[{"href":"https:\/\/www.caudete.org\/ayuntamiento\/wp-json\/wp\/v2\/posts\/23110","targetHints":{"allow":["GET"]}}],"collection":[{"href":"https:\/\/www.caudete.org\/ayuntamiento\/wp-json\/wp\/v2\/posts"}],"about":[{"href":"https:\/\/www.caudete.org\/ayuntamiento\/wp-json\/wp\/v2\/types\/post"}],"author":[{"embeddable":true,"href":"https:\/\/www.caudete.org\/ayuntamiento\/wp-json\/wp\/v2\/users\/1"}],"replies":[{"embeddable":true,"href":"https:\/\/www.caudete.org\/ayuntamiento\/wp-json\/wp\/v2\/comments?post=23110"}],"version-history":[{"count":5,"href":"https:\/\/www.caudete.org\/ayuntamiento\/wp-json\/wp\/v2\/posts\/23110\/revisions"}],"predecessor-version":[{"id":23191,"href":"https:\/\/www.caudete.org\/ayuntamiento\/wp-json\/wp\/v2\/posts\/23110\/revisions\/23191"}],"wp:featuredmedia":[{"embeddable":true,"href":"https:\/\/www.caudete.org\/ayuntamiento\/wp-json\/wp\/v2\/media\/23111"}],"wp:attachment":[{"href":"https:\/\/www.caudete.org\/ayuntamiento\/wp-json\/wp\/v2\/media?parent=23110"}],"wp:term":[{"taxonomy":"category","embeddable":true,"href":"https:\/\/www.caudete.org\/ayuntamiento\/wp-json\/wp\/v2\/categories?post=23110"},{"taxonomy":"post_tag","embeddable":true,"href":"https:\/\/www.caudete.org\/ayuntamiento\/wp-json\/wp\/v2\/tags?post=23110"}],"curies":[{"name":"wp","href":"https:\/\/api.w.org\/{rel}","templated":true}]}}