{"id":23153,"date":"2023-08-22T22:39:19","date_gmt":"2023-08-22T20:39:19","guid":{"rendered":"https:\/\/www.caudete.org\/ayuntamiento\/?p=23153"},"modified":"2023-08-24T08:41:20","modified_gmt":"2023-08-24T06:41:20","slug":"manana-se-abre-al-trafico-c-mercado-y-avda-virgen-de-gracia-cambia-tramo-de-el-molino-y-moreras","status":"publish","type":"post","link":"https:\/\/www.caudete.org\/ayuntamiento\/manana-se-abre-al-trafico-c-mercado-y-avda-virgen-de-gracia-cambia-tramo-de-el-molino-y-moreras\/","title":{"rendered":"Ma\u00f1ana mi\u00e9rcoles se abre al tr\u00e1fico C\/Mercado y Avda.Virgen de Gracia. Cambia tramo de El Molino y Moreras."},"content":{"rendered":"<p style=\"text-align: justify;\">Las obras de reurbanizaci\u00f3n proyectadas por el Gobierno Municipal en la pasada legislatura para la zona del casco antiguo han concluido, y con ello, se est\u00e1 en condiciones de reabrir al tr\u00e1fico las calles afectadas, una vez dado el visto bueno los T\u00e9cnicos Municipales responsables de la obra.<\/p>\n<p style=\"text-align: justify;\">Ma\u00f1ana la Brigada de Obras proceder\u00e1 a la recolocaci\u00f3n de la se\u00f1alizaci\u00f3n vertical definitiva que regula el tr\u00e1fico, y a la retirada de la se\u00f1alizaci\u00f3n de corte para las Calles El Mercado y Avenida Virgen de Gracia.<\/p>\n<p style=\"text-align: justify;\">En el caso de <strong>Calle El Molino<\/strong>, en el <strong>tramo intersecto por Luis Pascual y Plaza del Carmen<\/strong>, cambiar\u00e1 de sentido, <strong>volviendo a ser descendente<\/strong> (de bajada).<\/p>\n<p style=\"text-align: justify;\"><strong>La Calle Las Moreras<\/strong>, <strong>cambiar\u00e1 de sentido<\/strong>, teniendo su entrada por Calle Las Eras, y su salida por Calle El Molino.<\/p>\n<p style=\"text-align: justify;\">Cabe destacar que las obras ejecutadas se han centrado en Calle Mayor, Plaza de la Iglesia, y un tramo de Abad\u00eda y otro de Virgen de Gracia, por cerca de 360.000\u20ac mediante el POS-2022. Cabe destacar la supresi\u00f3n de barreras arquitect\u00f3nicas, ampliaci\u00f3n de espacios para el peat\u00f3n, sustituci\u00f3n de canalizaciones, entre otras, alcanzadas con la actuaci\u00f3n.<\/p>\n<p style=\"text-align: justify;\">Tan solo quedar\u00e1 por instalar, una vez pasadas las Fiestas Patronales los bolardos que perimetrearan la zona de peatones de la de veh\u00edculos, as\u00ed como la instalaci\u00f3n de 2 bolardos retr\u00e1ctil en Calle El Mercado.<\/p>\n","protected":false},"excerpt":{"rendered":"<p>Las obras de reurbanizaci\u00f3n proyectadas por el Gobierno Municipal en la pasada legislatura para la zona del casco antiguo han concluido, y con ello, se est\u00e1 en condiciones de reabrir al tr\u00e1fico las calles afectadas, una vez dado el visto bueno los T\u00e9cnicos Municipales responsables de la obra. Ma\u00f1ana la Brigada de Obras proceder\u00e1 a &hellip;<\/p>\n","protected":false},"author":3,"featured_media":22918,"comment_status":"closed","ping_status":"open","sticky":false,"template":"","format":"standard","meta":{"ngg_post_thumbnail":0,"footnotes":""},"categories":[46],"tags":[],"class_list":["post-23153","post","type-post","status-publish","format-standard","has-post-thumbnail","hentry","category-movilidad-urbana"],"yoast_head":"<!-- This site is optimized with the Yoast SEO plugin v27.5 - https:\/\/yoast.com\/product\/yoast-seo-wordpress\/ -->\n<title>Ma\u00f1ana mi\u00e9rcoles se abre al tr\u00e1fico C\/Mercado y Avda.Virgen de Gracia. Cambia tramo de El Molino y Moreras. - MI Ayuntamiento de Caudete<\/title>\n<meta name=\"description\" content=\"P\u00e1gina Oficial del Ayuntamiento de Caudete (Albacete)\" \/>\n<meta name=\"robots\" content=\"index, follow, max-snippet:-1, max-image-preview:large, max-video-preview:-1\" \/>\n<link rel=\"canonical\" href=\"https:\/\/www.caudete.org\/ayuntamiento\/manana-se-abre-al-trafico-c-mercado-y-avda-virgen-de-gracia-cambia-tramo-de-el-molino-y-moreras\/\" \/>\n<meta property=\"og:locale\" content=\"es_ES\" \/>\n<meta property=\"og:type\" content=\"article\" \/>\n<meta property=\"og:title\" content=\"Ma\u00f1ana mi\u00e9rcoles se abre al tr\u00e1fico C\/Mercado y Avda.Virgen de Gracia. Cambia tramo de El Molino y Moreras. - MI Ayuntamiento de Caudete\" \/>\n<meta property=\"og:description\" content=\"P\u00e1gina Oficial del Ayuntamiento de Caudete (Albacete)\" \/>\n<meta property=\"og:url\" content=\"https:\/\/www.caudete.org\/ayuntamiento\/manana-se-abre-al-trafico-c-mercado-y-avda-virgen-de-gracia-cambia-tramo-de-el-molino-y-moreras\/\" \/>\n<meta property=\"og:site_name\" content=\"MI Ayuntamiento de Caudete\" \/>\n<meta property=\"article:publisher\" content=\"https:\/\/www.facebook.com\/ayuntamientocaudete\/\" \/>\n<meta property=\"article:published_time\" content=\"2023-08-22T20:39:19+00:00\" \/>\n<meta property=\"article:modified_time\" content=\"2023-08-24T06:41:20+00:00\" \/>\n<meta property=\"og:image\" content=\"https:\/\/www.caudete.org\/ayuntamiento\/wp-content\/uploads\/2023\/07\/WhatsApp-Image-2023-07-14-at-20.04.32-1.jpeg\" \/>\n\t<meta property=\"og:image:width\" content=\"1599\" \/>\n\t<meta property=\"og:image:height\" content=\"1200\" \/>\n\t<meta property=\"og:image:type\" content=\"image\/jpeg\" \/>\n<meta name=\"author\" content=\"alcalde\" \/>\n<meta name=\"twitter:card\" content=\"summary_large_image\" \/>\n<meta name=\"twitter:label1\" content=\"Escrito por\" \/>\n\t<meta name=\"twitter:data1\" content=\"alcalde\" \/>\n\t<meta name=\"twitter:label2\" content=\"Tiempo de lectura\" \/>\n\t<meta name=\"twitter:data2\" content=\"2 minutos\" \/>\n<script type=\"application\/ld+json\" class=\"yoast-schema-graph\">{\"@context\":\"https:\\\/\\\/schema.org\",\"@graph\":[{\"@type\":\"Article\",\"@id\":\"https:\\\/\\\/www.caudete.org\\\/ayuntamiento\\\/manana-se-abre-al-trafico-c-mercado-y-avda-virgen-de-gracia-cambia-tramo-de-el-molino-y-moreras\\\/#article\",\"isPartOf\":{\"@id\":\"https:\\\/\\\/www.caudete.org\\\/ayuntamiento\\\/manana-se-abre-al-trafico-c-mercado-y-avda-virgen-de-gracia-cambia-tramo-de-el-molino-y-moreras\\\/\"},\"author\":{\"name\":\"alcalde\",\"@id\":\"https:\\\/\\\/www.caudete.org\\\/ayuntamiento\\\/#\\\/schema\\\/person\\\/cc646da9133078ee4d8dd47457947253\"},\"headline\":\"Ma\u00f1ana mi\u00e9rcoles se abre al tr\u00e1fico C\\\/Mercado y Avda.Virgen de Gracia. Cambia tramo de El Molino y Moreras.\",\"datePublished\":\"2023-08-22T20:39:19+00:00\",\"dateModified\":\"2023-08-24T06:41:20+00:00\",\"mainEntityOfPage\":{\"@id\":\"https:\\\/\\\/www.caudete.org\\\/ayuntamiento\\\/manana-se-abre-al-trafico-c-mercado-y-avda-virgen-de-gracia-cambia-tramo-de-el-molino-y-moreras\\\/\"},\"wordCount\":265,\"image\":{\"@id\":\"https:\\\/\\\/www.caudete.org\\\/ayuntamiento\\\/manana-se-abre-al-trafico-c-mercado-y-avda-virgen-de-gracia-cambia-tramo-de-el-molino-y-moreras\\\/#primaryimage\"},\"thumbnailUrl\":\"https:\\\/\\\/www.caudete.org\\\/ayuntamiento\\\/wp-content\\\/uploads\\\/2023\\\/07\\\/WhatsApp-Image-2023-07-14-at-20.04.32-1.jpeg\",\"articleSection\":[\"Movilidad Urbana\"],\"inLanguage\":\"es\"},{\"@type\":\"WebPage\",\"@id\":\"https:\\\/\\\/www.caudete.org\\\/ayuntamiento\\\/manana-se-abre-al-trafico-c-mercado-y-avda-virgen-de-gracia-cambia-tramo-de-el-molino-y-moreras\\\/\",\"url\":\"https:\\\/\\\/www.caudete.org\\\/ayuntamiento\\\/manana-se-abre-al-trafico-c-mercado-y-avda-virgen-de-gracia-cambia-tramo-de-el-molino-y-moreras\\\/\",\"name\":\"Ma\u00f1ana mi\u00e9rcoles se abre al tr\u00e1fico C\\\/Mercado y Avda.Virgen de Gracia. Cambia tramo de El Molino y Moreras. - MI Ayuntamiento de Caudete\",\"isPartOf\":{\"@id\":\"https:\\\/\\\/www.caudete.org\\\/ayuntamiento\\\/#website\"},\"primaryImageOfPage\":{\"@id\":\"https:\\\/\\\/www.caudete.org\\\/ayuntamiento\\\/manana-se-abre-al-trafico-c-mercado-y-avda-virgen-de-gracia-cambia-tramo-de-el-molino-y-moreras\\\/#primaryimage\"},\"image\":{\"@id\":\"https:\\\/\\\/www.caudete.org\\\/ayuntamiento\\\/manana-se-abre-al-trafico-c-mercado-y-avda-virgen-de-gracia-cambia-tramo-de-el-molino-y-moreras\\\/#primaryimage\"},\"thumbnailUrl\":\"https:\\\/\\\/www.caudete.org\\\/ayuntamiento\\\/wp-content\\\/uploads\\\/2023\\\/07\\\/WhatsApp-Image-2023-07-14-at-20.04.32-1.jpeg\",\"datePublished\":\"2023-08-22T20:39:19+00:00\",\"dateModified\":\"2023-08-24T06:41:20+00:00\",\"author\":{\"@id\":\"https:\\\/\\\/www.caudete.org\\\/ayuntamiento\\\/#\\\/schema\\\/person\\\/cc646da9133078ee4d8dd47457947253\"},\"description\":\"P\u00e1gina Oficial del Ayuntamiento de Caudete (Albacete)\",\"breadcrumb\":{\"@id\":\"https:\\\/\\\/www.caudete.org\\\/ayuntamiento\\\/manana-se-abre-al-trafico-c-mercado-y-avda-virgen-de-gracia-cambia-tramo-de-el-molino-y-moreras\\\/#breadcrumb\"},\"inLanguage\":\"es\",\"potentialAction\":[{\"@type\":\"ReadAction\",\"target\":[\"https:\\\/\\\/www.caudete.org\\\/ayuntamiento\\\/manana-se-abre-al-trafico-c-mercado-y-avda-virgen-de-gracia-cambia-tramo-de-el-molino-y-moreras\\\/\"]}]},{\"@type\":\"ImageObject\",\"inLanguage\":\"es\",\"@id\":\"https:\\\/\\\/www.caudete.org\\\/ayuntamiento\\\/manana-se-abre-al-trafico-c-mercado-y-avda-virgen-de-gracia-cambia-tramo-de-el-molino-y-moreras\\\/#primaryimage\",\"url\":\"https:\\\/\\\/www.caudete.org\\\/ayuntamiento\\\/wp-content\\\/uploads\\\/2023\\\/07\\\/WhatsApp-Image-2023-07-14-at-20.04.32-1.jpeg\",\"contentUrl\":\"https:\\\/\\\/www.caudete.org\\\/ayuntamiento\\\/wp-content\\\/uploads\\\/2023\\\/07\\\/WhatsApp-Image-2023-07-14-at-20.04.32-1.jpeg\",\"width\":1599,\"height\":1200},{\"@type\":\"BreadcrumbList\",\"@id\":\"https:\\\/\\\/www.caudete.org\\\/ayuntamiento\\\/manana-se-abre-al-trafico-c-mercado-y-avda-virgen-de-gracia-cambia-tramo-de-el-molino-y-moreras\\\/#breadcrumb\",\"itemListElement\":[{\"@type\":\"ListItem\",\"position\":1,\"name\":\"Inicio\",\"item\":\"https:\\\/\\\/www.caudete.org\\\/ayuntamiento\\\/\"},{\"@type\":\"ListItem\",\"position\":2,\"name\":\"Ma\u00f1ana mi\u00e9rcoles se abre al tr\u00e1fico C\\\/Mercado y Avda.Virgen de Gracia. Cambia tramo de El Molino y Moreras.\"}]},{\"@type\":\"WebSite\",\"@id\":\"https:\\\/\\\/www.caudete.org\\\/ayuntamiento\\\/#website\",\"url\":\"https:\\\/\\\/www.caudete.org\\\/ayuntamiento\\\/\",\"name\":\"MI Ayuntamiento de Caudete\",\"description\":\"P\u00e1gina Oficial del MI Ayuntamiento de Caudete\",\"potentialAction\":[{\"@type\":\"SearchAction\",\"target\":{\"@type\":\"EntryPoint\",\"urlTemplate\":\"https:\\\/\\\/www.caudete.org\\\/ayuntamiento\\\/?s={search_term_string}\"},\"query-input\":{\"@type\":\"PropertyValueSpecification\",\"valueRequired\":true,\"valueName\":\"search_term_string\"}}],\"inLanguage\":\"es\"},{\"@type\":\"Person\",\"@id\":\"https:\\\/\\\/www.caudete.org\\\/ayuntamiento\\\/#\\\/schema\\\/person\\\/cc646da9133078ee4d8dd47457947253\",\"name\":\"alcalde\",\"image\":{\"@type\":\"ImageObject\",\"inLanguage\":\"es\",\"@id\":\"https:\\\/\\\/secure.gravatar.com\\\/avatar\\\/84a817ba065b29ff08d666b215a215f5c79186a645ccb25b14a663d48a130f77?s=96&d=mm&r=g\",\"url\":\"https:\\\/\\\/secure.gravatar.com\\\/avatar\\\/84a817ba065b29ff08d666b215a215f5c79186a645ccb25b14a663d48a130f77?s=96&d=mm&r=g\",\"contentUrl\":\"https:\\\/\\\/secure.gravatar.com\\\/avatar\\\/84a817ba065b29ff08d666b215a215f5c79186a645ccb25b14a663d48a130f77?s=96&d=mm&r=g\",\"caption\":\"alcalde\"},\"url\":\"https:\\\/\\\/www.caudete.org\\\/ayuntamiento\\\/author\\\/alcalde\\\/\"}]}<\/script>\n<!-- \/ Yoast SEO plugin. -->","yoast_head_json":{"title":"Ma\u00f1ana mi\u00e9rcoles se abre al tr\u00e1fico C\/Mercado y Avda.Virgen de Gracia. Cambia tramo de El Molino y Moreras. - MI Ayuntamiento de Caudete","description":"P\u00e1gina Oficial del Ayuntamiento de Caudete (Albacete)","robots":{"index":"index","follow":"follow","max-snippet":"max-snippet:-1","max-image-preview":"max-image-preview:large","max-video-preview":"max-video-preview:-1"},"canonical":"https:\/\/www.caudete.org\/ayuntamiento\/manana-se-abre-al-trafico-c-mercado-y-avda-virgen-de-gracia-cambia-tramo-de-el-molino-y-moreras\/","og_locale":"es_ES","og_type":"article","og_title":"Ma\u00f1ana mi\u00e9rcoles se abre al tr\u00e1fico C\/Mercado y Avda.Virgen de Gracia. Cambia tramo de El Molino y Moreras. - MI Ayuntamiento de Caudete","og_description":"P\u00e1gina Oficial del Ayuntamiento de Caudete (Albacete)","og_url":"https:\/\/www.caudete.org\/ayuntamiento\/manana-se-abre-al-trafico-c-mercado-y-avda-virgen-de-gracia-cambia-tramo-de-el-molino-y-moreras\/","og_site_name":"MI Ayuntamiento de Caudete","article_publisher":"https:\/\/www.facebook.com\/ayuntamientocaudete\/","article_published_time":"2023-08-22T20:39:19+00:00","article_modified_time":"2023-08-24T06:41:20+00:00","og_image":[{"width":1599,"height":1200,"url":"https:\/\/www.caudete.org\/ayuntamiento\/wp-content\/uploads\/2023\/07\/WhatsApp-Image-2023-07-14-at-20.04.32-1.jpeg","type":"image\/jpeg"}],"author":"alcalde","twitter_card":"summary_large_image","twitter_misc":{"Escrito por":"alcalde","Tiempo de lectura":"2 minutos"},"schema":{"@context":"https:\/\/schema.org","@graph":[{"@type":"Article","@id":"https:\/\/www.caudete.org\/ayuntamiento\/manana-se-abre-al-trafico-c-mercado-y-avda-virgen-de-gracia-cambia-tramo-de-el-molino-y-moreras\/#article","isPartOf":{"@id":"https:\/\/www.caudete.org\/ayuntamiento\/manana-se-abre-al-trafico-c-mercado-y-avda-virgen-de-gracia-cambia-tramo-de-el-molino-y-moreras\/"},"author":{"name":"alcalde","@id":"https:\/\/www.caudete.org\/ayuntamiento\/#\/schema\/person\/cc646da9133078ee4d8dd47457947253"},"headline":"Ma\u00f1ana mi\u00e9rcoles se abre al tr\u00e1fico C\/Mercado y Avda.Virgen de Gracia. Cambia tramo de El Molino y Moreras.","datePublished":"2023-08-22T20:39:19+00:00","dateModified":"2023-08-24T06:41:20+00:00","mainEntityOfPage":{"@id":"https:\/\/www.caudete.org\/ayuntamiento\/manana-se-abre-al-trafico-c-mercado-y-avda-virgen-de-gracia-cambia-tramo-de-el-molino-y-moreras\/"},"wordCount":265,"image":{"@id":"https:\/\/www.caudete.org\/ayuntamiento\/manana-se-abre-al-trafico-c-mercado-y-avda-virgen-de-gracia-cambia-tramo-de-el-molino-y-moreras\/#primaryimage"},"thumbnailUrl":"https:\/\/www.caudete.org\/ayuntamiento\/wp-content\/uploads\/2023\/07\/WhatsApp-Image-2023-07-14-at-20.04.32-1.jpeg","articleSection":["Movilidad Urbana"],"inLanguage":"es"},{"@type":"WebPage","@id":"https:\/\/www.caudete.org\/ayuntamiento\/manana-se-abre-al-trafico-c-mercado-y-avda-virgen-de-gracia-cambia-tramo-de-el-molino-y-moreras\/","url":"https:\/\/www.caudete.org\/ayuntamiento\/manana-se-abre-al-trafico-c-mercado-y-avda-virgen-de-gracia-cambia-tramo-de-el-molino-y-moreras\/","name":"Ma\u00f1ana mi\u00e9rcoles se abre al tr\u00e1fico C\/Mercado y Avda.Virgen de Gracia. Cambia tramo de El Molino y Moreras. - MI Ayuntamiento de Caudete","isPartOf":{"@id":"https:\/\/www.caudete.org\/ayuntamiento\/#website"},"primaryImageOfPage":{"@id":"https:\/\/www.caudete.org\/ayuntamiento\/manana-se-abre-al-trafico-c-mercado-y-avda-virgen-de-gracia-cambia-tramo-de-el-molino-y-moreras\/#primaryimage"},"image":{"@id":"https:\/\/www.caudete.org\/ayuntamiento\/manana-se-abre-al-trafico-c-mercado-y-avda-virgen-de-gracia-cambia-tramo-de-el-molino-y-moreras\/#primaryimage"},"thumbnailUrl":"https:\/\/www.caudete.org\/ayuntamiento\/wp-content\/uploads\/2023\/07\/WhatsApp-Image-2023-07-14-at-20.04.32-1.jpeg","datePublished":"2023-08-22T20:39:19+00:00","dateModified":"2023-08-24T06:41:20+00:00","author":{"@id":"https:\/\/www.caudete.org\/ayuntamiento\/#\/schema\/person\/cc646da9133078ee4d8dd47457947253"},"description":"P\u00e1gina Oficial del Ayuntamiento de Caudete (Albacete)","breadcrumb":{"@id":"https:\/\/www.caudete.org\/ayuntamiento\/manana-se-abre-al-trafico-c-mercado-y-avda-virgen-de-gracia-cambia-tramo-de-el-molino-y-moreras\/#breadcrumb"},"inLanguage":"es","potentialAction":[{"@type":"ReadAction","target":["https:\/\/www.caudete.org\/ayuntamiento\/manana-se-abre-al-trafico-c-mercado-y-avda-virgen-de-gracia-cambia-tramo-de-el-molino-y-moreras\/"]}]},{"@type":"ImageObject","inLanguage":"es","@id":"https:\/\/www.caudete.org\/ayuntamiento\/manana-se-abre-al-trafico-c-mercado-y-avda-virgen-de-gracia-cambia-tramo-de-el-molino-y-moreras\/#primaryimage","url":"https:\/\/www.caudete.org\/ayuntamiento\/wp-content\/uploads\/2023\/07\/WhatsApp-Image-2023-07-14-at-20.04.32-1.jpeg","contentUrl":"https:\/\/www.caudete.org\/ayuntamiento\/wp-content\/uploads\/2023\/07\/WhatsApp-Image-2023-07-14-at-20.04.32-1.jpeg","width":1599,"height":1200},{"@type":"BreadcrumbList","@id":"https:\/\/www.caudete.org\/ayuntamiento\/manana-se-abre-al-trafico-c-mercado-y-avda-virgen-de-gracia-cambia-tramo-de-el-molino-y-moreras\/#breadcrumb","itemListElement":[{"@type":"ListItem","position":1,"name":"Inicio","item":"https:\/\/www.caudete.org\/ayuntamiento\/"},{"@type":"ListItem","position":2,"name":"Ma\u00f1ana mi\u00e9rcoles se abre al tr\u00e1fico C\/Mercado y Avda.Virgen de Gracia. Cambia tramo de El Molino y Moreras."}]},{"@type":"WebSite","@id":"https:\/\/www.caudete.org\/ayuntamiento\/#website","url":"https:\/\/www.caudete.org\/ayuntamiento\/","name":"MI Ayuntamiento de Caudete","description":"P\u00e1gina Oficial del MI Ayuntamiento de Caudete","potentialAction":[{"@type":"SearchAction","target":{"@type":"EntryPoint","urlTemplate":"https:\/\/www.caudete.org\/ayuntamiento\/?s={search_term_string}"},"query-input":{"@type":"PropertyValueSpecification","valueRequired":true,"valueName":"search_term_string"}}],"inLanguage":"es"},{"@type":"Person","@id":"https:\/\/www.caudete.org\/ayuntamiento\/#\/schema\/person\/cc646da9133078ee4d8dd47457947253","name":"alcalde","image":{"@type":"ImageObject","inLanguage":"es","@id":"https:\/\/secure.gravatar.com\/avatar\/84a817ba065b29ff08d666b215a215f5c79186a645ccb25b14a663d48a130f77?s=96&d=mm&r=g","url":"https:\/\/secure.gravatar.com\/avatar\/84a817ba065b29ff08d666b215a215f5c79186a645ccb25b14a663d48a130f77?s=96&d=mm&r=g","contentUrl":"https:\/\/secure.gravatar.com\/avatar\/84a817ba065b29ff08d666b215a215f5c79186a645ccb25b14a663d48a130f77?s=96&d=mm&r=g","caption":"alcalde"},"url":"https:\/\/www.caudete.org\/ayuntamiento\/author\/alcalde\/"}]}},"_links":{"self":[{"href":"https:\/\/www.caudete.org\/ayuntamiento\/wp-json\/wp\/v2\/posts\/23153","targetHints":{"allow":["GET"]}}],"collection":[{"href":"https:\/\/www.caudete.org\/ayuntamiento\/wp-json\/wp\/v2\/posts"}],"about":[{"href":"https:\/\/www.caudete.org\/ayuntamiento\/wp-json\/wp\/v2\/types\/post"}],"author":[{"embeddable":true,"href":"https:\/\/www.caudete.org\/ayuntamiento\/wp-json\/wp\/v2\/users\/3"}],"replies":[{"embeddable":true,"href":"https:\/\/www.caudete.org\/ayuntamiento\/wp-json\/wp\/v2\/comments?post=23153"}],"version-history":[{"count":2,"href":"https:\/\/www.caudete.org\/ayuntamiento\/wp-json\/wp\/v2\/posts\/23153\/revisions"}],"predecessor-version":[{"id":23171,"href":"https:\/\/www.caudete.org\/ayuntamiento\/wp-json\/wp\/v2\/posts\/23153\/revisions\/23171"}],"wp:featuredmedia":[{"embeddable":true,"href":"https:\/\/www.caudete.org\/ayuntamiento\/wp-json\/wp\/v2\/media\/22918"}],"wp:attachment":[{"href":"https:\/\/www.caudete.org\/ayuntamiento\/wp-json\/wp\/v2\/media?parent=23153"}],"wp:term":[{"taxonomy":"category","embeddable":true,"href":"https:\/\/www.caudete.org\/ayuntamiento\/wp-json\/wp\/v2\/categories?post=23153"},{"taxonomy":"post_tag","embeddable":true,"href":"https:\/\/www.caudete.org\/ayuntamiento\/wp-json\/wp\/v2\/tags?post=23153"}],"curies":[{"name":"wp","href":"https:\/\/api.w.org\/{rel}","templated":true}]}}