{"id":23175,"date":"2023-08-24T19:42:35","date_gmt":"2023-08-24T17:42:35","guid":{"rendered":"https:\/\/www.caudete.org\/ayuntamiento\/?p=23175"},"modified":"2023-08-24T19:44:01","modified_gmt":"2023-08-24T17:44:01","slug":"el-sabado-26-jornada-de-puertas-abiertas-en-el-campanario-de-santa-catalina","status":"publish","type":"post","link":"https:\/\/www.caudete.org\/ayuntamiento\/el-sabado-26-jornada-de-puertas-abiertas-en-el-campanario-de-santa-catalina\/","title":{"rendered":"El s\u00e1bado 26 Jornada de Puertas Abiertas en el Campanario de Santa Catalina"},"content":{"rendered":"<p style=\"text-align: justify;\">El s\u00e1bado 26 de agosto, por la ma\u00f1ana, tendr\u00e1 lugar la Jornada de Puertas Abiertas al campanario de Santa Catalina.<\/p>\n<p style=\"text-align: justify;\">Un a\u00f1o m\u00e1s tendremos la oportunidad de subir al campanario m\u00e1s bonito de todo Caudete y ver de cerca sus cinco centenarias campanas: Catalina, Jes\u00fas Mar\u00eda y Jos\u00e9 y el Arc\u00e1ngel San Miguel, Rosario, Dolores y Micaela. Tambi\u00e9n podremos disfrutar de una demostraci\u00f3n de toques de campanas.<\/p>\n<p style=\"text-align: justify;\">La actividad est\u00e1 organizada por la Concejal\u00eda de Patrimonio, y colabora la Asociaci\u00f3n de Campaneros de Santa Catalina.<\/p>\n<p><a href=\"https:\/\/www.caudete.org\/ayuntamiento\/wp-content\/uploads\/2023\/08\/IMG-20230821-WA0013.jpg\" rel='prettyPhoto'><img fetchpriority=\"high\" decoding=\"async\" class=\"alignnone wp-image-23177 size-full\" src=\"https:\/\/www.caudete.org\/ayuntamiento\/wp-content\/uploads\/2023\/08\/IMG-20230821-WA0013.jpg\" alt=\"\" width=\"706\" height=\"1024\" srcset=\"https:\/\/www.caudete.org\/ayuntamiento\/wp-content\/uploads\/2023\/08\/IMG-20230821-WA0013.jpg 706w, https:\/\/www.caudete.org\/ayuntamiento\/wp-content\/uploads\/2023\/08\/IMG-20230821-WA0013-207x300.jpg 207w\" sizes=\"(max-width: 706px) 100vw, 706px\" \/><\/a><\/p>\n","protected":false},"excerpt":{"rendered":"<p>El s\u00e1bado 26 de agosto, por la ma\u00f1ana, tendr\u00e1 lugar la Jornada de Puertas Abiertas al campanario de Santa Catalina. Un a\u00f1o m\u00e1s tendremos la oportunidad de subir al campanario m\u00e1s bonito de todo Caudete y ver de cerca sus cinco centenarias campanas: Catalina, Jes\u00fas Mar\u00eda y Jos\u00e9 y el Arc\u00e1ngel San Miguel, Rosario, Dolores &hellip;<\/p>\n","protected":false},"author":3,"featured_media":23176,"comment_status":"closed","ping_status":"open","sticky":false,"template":"","format":"standard","meta":{"ngg_post_thumbnail":0,"footnotes":""},"categories":[45],"tags":[],"class_list":["post-23175","post","type-post","status-publish","format-standard","has-post-thumbnail","hentry","category-patrimonio"],"yoast_head":"<!-- This site is optimized with the Yoast SEO plugin v27.5 - https:\/\/yoast.com\/product\/yoast-seo-wordpress\/ -->\n<title>El s\u00e1bado 26 Jornada de Puertas Abiertas en el Campanario de Santa Catalina - MI Ayuntamiento de Caudete<\/title>\n<meta name=\"description\" content=\"P\u00e1gina Oficial del Ayuntamiento de Caudete (Albacete)\" \/>\n<meta name=\"robots\" content=\"index, follow, max-snippet:-1, max-image-preview:large, max-video-preview:-1\" \/>\n<link rel=\"canonical\" href=\"https:\/\/www.caudete.org\/ayuntamiento\/el-sabado-26-jornada-de-puertas-abiertas-en-el-campanario-de-santa-catalina\/\" \/>\n<meta property=\"og:locale\" content=\"es_ES\" \/>\n<meta property=\"og:type\" content=\"article\" \/>\n<meta property=\"og:title\" content=\"El s\u00e1bado 26 Jornada de Puertas Abiertas en el Campanario de Santa Catalina - MI Ayuntamiento de Caudete\" \/>\n<meta property=\"og:description\" content=\"P\u00e1gina Oficial del Ayuntamiento de Caudete (Albacete)\" \/>\n<meta property=\"og:url\" content=\"https:\/\/www.caudete.org\/ayuntamiento\/el-sabado-26-jornada-de-puertas-abiertas-en-el-campanario-de-santa-catalina\/\" \/>\n<meta property=\"og:site_name\" content=\"MI Ayuntamiento de Caudete\" \/>\n<meta property=\"article:publisher\" content=\"https:\/\/www.facebook.com\/ayuntamientocaudete\/\" \/>\n<meta property=\"article:published_time\" content=\"2023-08-24T17:42:35+00:00\" \/>\n<meta property=\"article:modified_time\" content=\"2023-08-24T17:44:01+00:00\" \/>\n<meta property=\"og:image\" content=\"https:\/\/www.caudete.org\/ayuntamiento\/wp-content\/uploads\/2023\/08\/IMG_20230824_193457.jpg\" \/>\n\t<meta property=\"og:image:width\" content=\"706\" \/>\n\t<meta property=\"og:image:height\" content=\"598\" \/>\n\t<meta property=\"og:image:type\" content=\"image\/jpeg\" \/>\n<meta name=\"author\" content=\"alcalde\" \/>\n<meta name=\"twitter:card\" content=\"summary_large_image\" \/>\n<meta name=\"twitter:label1\" content=\"Escrito por\" \/>\n\t<meta name=\"twitter:data1\" content=\"alcalde\" \/>\n\t<meta name=\"twitter:label2\" content=\"Tiempo de lectura\" \/>\n\t<meta name=\"twitter:data2\" content=\"1 minuto\" \/>\n<script type=\"application\/ld+json\" class=\"yoast-schema-graph\">{\"@context\":\"https:\\\/\\\/schema.org\",\"@graph\":[{\"@type\":\"Article\",\"@id\":\"https:\\\/\\\/www.caudete.org\\\/ayuntamiento\\\/el-sabado-26-jornada-de-puertas-abiertas-en-el-campanario-de-santa-catalina\\\/#article\",\"isPartOf\":{\"@id\":\"https:\\\/\\\/www.caudete.org\\\/ayuntamiento\\\/el-sabado-26-jornada-de-puertas-abiertas-en-el-campanario-de-santa-catalina\\\/\"},\"author\":{\"name\":\"alcalde\",\"@id\":\"https:\\\/\\\/www.caudete.org\\\/ayuntamiento\\\/#\\\/schema\\\/person\\\/cc646da9133078ee4d8dd47457947253\"},\"headline\":\"El s\u00e1bado 26 Jornada de Puertas Abiertas en el Campanario de Santa Catalina\",\"datePublished\":\"2023-08-24T17:42:35+00:00\",\"dateModified\":\"2023-08-24T17:44:01+00:00\",\"mainEntityOfPage\":{\"@id\":\"https:\\\/\\\/www.caudete.org\\\/ayuntamiento\\\/el-sabado-26-jornada-de-puertas-abiertas-en-el-campanario-de-santa-catalina\\\/\"},\"wordCount\":109,\"image\":{\"@id\":\"https:\\\/\\\/www.caudete.org\\\/ayuntamiento\\\/el-sabado-26-jornada-de-puertas-abiertas-en-el-campanario-de-santa-catalina\\\/#primaryimage\"},\"thumbnailUrl\":\"https:\\\/\\\/www.caudete.org\\\/ayuntamiento\\\/wp-content\\\/uploads\\\/2023\\\/08\\\/IMG_20230824_193457.jpg\",\"articleSection\":[\"Patrimonio\"],\"inLanguage\":\"es\"},{\"@type\":\"WebPage\",\"@id\":\"https:\\\/\\\/www.caudete.org\\\/ayuntamiento\\\/el-sabado-26-jornada-de-puertas-abiertas-en-el-campanario-de-santa-catalina\\\/\",\"url\":\"https:\\\/\\\/www.caudete.org\\\/ayuntamiento\\\/el-sabado-26-jornada-de-puertas-abiertas-en-el-campanario-de-santa-catalina\\\/\",\"name\":\"El s\u00e1bado 26 Jornada de Puertas Abiertas en el Campanario de Santa Catalina - MI Ayuntamiento de Caudete\",\"isPartOf\":{\"@id\":\"https:\\\/\\\/www.caudete.org\\\/ayuntamiento\\\/#website\"},\"primaryImageOfPage\":{\"@id\":\"https:\\\/\\\/www.caudete.org\\\/ayuntamiento\\\/el-sabado-26-jornada-de-puertas-abiertas-en-el-campanario-de-santa-catalina\\\/#primaryimage\"},\"image\":{\"@id\":\"https:\\\/\\\/www.caudete.org\\\/ayuntamiento\\\/el-sabado-26-jornada-de-puertas-abiertas-en-el-campanario-de-santa-catalina\\\/#primaryimage\"},\"thumbnailUrl\":\"https:\\\/\\\/www.caudete.org\\\/ayuntamiento\\\/wp-content\\\/uploads\\\/2023\\\/08\\\/IMG_20230824_193457.jpg\",\"datePublished\":\"2023-08-24T17:42:35+00:00\",\"dateModified\":\"2023-08-24T17:44:01+00:00\",\"author\":{\"@id\":\"https:\\\/\\\/www.caudete.org\\\/ayuntamiento\\\/#\\\/schema\\\/person\\\/cc646da9133078ee4d8dd47457947253\"},\"description\":\"P\u00e1gina Oficial del Ayuntamiento de Caudete (Albacete)\",\"breadcrumb\":{\"@id\":\"https:\\\/\\\/www.caudete.org\\\/ayuntamiento\\\/el-sabado-26-jornada-de-puertas-abiertas-en-el-campanario-de-santa-catalina\\\/#breadcrumb\"},\"inLanguage\":\"es\",\"potentialAction\":[{\"@type\":\"ReadAction\",\"target\":[\"https:\\\/\\\/www.caudete.org\\\/ayuntamiento\\\/el-sabado-26-jornada-de-puertas-abiertas-en-el-campanario-de-santa-catalina\\\/\"]}]},{\"@type\":\"ImageObject\",\"inLanguage\":\"es\",\"@id\":\"https:\\\/\\\/www.caudete.org\\\/ayuntamiento\\\/el-sabado-26-jornada-de-puertas-abiertas-en-el-campanario-de-santa-catalina\\\/#primaryimage\",\"url\":\"https:\\\/\\\/www.caudete.org\\\/ayuntamiento\\\/wp-content\\\/uploads\\\/2023\\\/08\\\/IMG_20230824_193457.jpg\",\"contentUrl\":\"https:\\\/\\\/www.caudete.org\\\/ayuntamiento\\\/wp-content\\\/uploads\\\/2023\\\/08\\\/IMG_20230824_193457.jpg\",\"width\":706,\"height\":598},{\"@type\":\"BreadcrumbList\",\"@id\":\"https:\\\/\\\/www.caudete.org\\\/ayuntamiento\\\/el-sabado-26-jornada-de-puertas-abiertas-en-el-campanario-de-santa-catalina\\\/#breadcrumb\",\"itemListElement\":[{\"@type\":\"ListItem\",\"position\":1,\"name\":\"Inicio\",\"item\":\"https:\\\/\\\/www.caudete.org\\\/ayuntamiento\\\/\"},{\"@type\":\"ListItem\",\"position\":2,\"name\":\"El s\u00e1bado 26 Jornada de Puertas Abiertas en el Campanario de Santa Catalina\"}]},{\"@type\":\"WebSite\",\"@id\":\"https:\\\/\\\/www.caudete.org\\\/ayuntamiento\\\/#website\",\"url\":\"https:\\\/\\\/www.caudete.org\\\/ayuntamiento\\\/\",\"name\":\"MI Ayuntamiento de Caudete\",\"description\":\"P\u00e1gina Oficial del MI Ayuntamiento de Caudete\",\"potentialAction\":[{\"@type\":\"SearchAction\",\"target\":{\"@type\":\"EntryPoint\",\"urlTemplate\":\"https:\\\/\\\/www.caudete.org\\\/ayuntamiento\\\/?s={search_term_string}\"},\"query-input\":{\"@type\":\"PropertyValueSpecification\",\"valueRequired\":true,\"valueName\":\"search_term_string\"}}],\"inLanguage\":\"es\"},{\"@type\":\"Person\",\"@id\":\"https:\\\/\\\/www.caudete.org\\\/ayuntamiento\\\/#\\\/schema\\\/person\\\/cc646da9133078ee4d8dd47457947253\",\"name\":\"alcalde\",\"image\":{\"@type\":\"ImageObject\",\"inLanguage\":\"es\",\"@id\":\"https:\\\/\\\/secure.gravatar.com\\\/avatar\\\/84a817ba065b29ff08d666b215a215f5c79186a645ccb25b14a663d48a130f77?s=96&d=mm&r=g\",\"url\":\"https:\\\/\\\/secure.gravatar.com\\\/avatar\\\/84a817ba065b29ff08d666b215a215f5c79186a645ccb25b14a663d48a130f77?s=96&d=mm&r=g\",\"contentUrl\":\"https:\\\/\\\/secure.gravatar.com\\\/avatar\\\/84a817ba065b29ff08d666b215a215f5c79186a645ccb25b14a663d48a130f77?s=96&d=mm&r=g\",\"caption\":\"alcalde\"},\"url\":\"https:\\\/\\\/www.caudete.org\\\/ayuntamiento\\\/author\\\/alcalde\\\/\"}]}<\/script>\n<!-- \/ Yoast SEO plugin. -->","yoast_head_json":{"title":"El s\u00e1bado 26 Jornada de Puertas Abiertas en el Campanario de Santa Catalina - MI Ayuntamiento de Caudete","description":"P\u00e1gina Oficial del Ayuntamiento de Caudete (Albacete)","robots":{"index":"index","follow":"follow","max-snippet":"max-snippet:-1","max-image-preview":"max-image-preview:large","max-video-preview":"max-video-preview:-1"},"canonical":"https:\/\/www.caudete.org\/ayuntamiento\/el-sabado-26-jornada-de-puertas-abiertas-en-el-campanario-de-santa-catalina\/","og_locale":"es_ES","og_type":"article","og_title":"El s\u00e1bado 26 Jornada de Puertas Abiertas en el Campanario de Santa Catalina - MI Ayuntamiento de Caudete","og_description":"P\u00e1gina Oficial del Ayuntamiento de Caudete (Albacete)","og_url":"https:\/\/www.caudete.org\/ayuntamiento\/el-sabado-26-jornada-de-puertas-abiertas-en-el-campanario-de-santa-catalina\/","og_site_name":"MI Ayuntamiento de Caudete","article_publisher":"https:\/\/www.facebook.com\/ayuntamientocaudete\/","article_published_time":"2023-08-24T17:42:35+00:00","article_modified_time":"2023-08-24T17:44:01+00:00","og_image":[{"width":706,"height":598,"url":"https:\/\/www.caudete.org\/ayuntamiento\/wp-content\/uploads\/2023\/08\/IMG_20230824_193457.jpg","type":"image\/jpeg"}],"author":"alcalde","twitter_card":"summary_large_image","twitter_misc":{"Escrito por":"alcalde","Tiempo de lectura":"1 minuto"},"schema":{"@context":"https:\/\/schema.org","@graph":[{"@type":"Article","@id":"https:\/\/www.caudete.org\/ayuntamiento\/el-sabado-26-jornada-de-puertas-abiertas-en-el-campanario-de-santa-catalina\/#article","isPartOf":{"@id":"https:\/\/www.caudete.org\/ayuntamiento\/el-sabado-26-jornada-de-puertas-abiertas-en-el-campanario-de-santa-catalina\/"},"author":{"name":"alcalde","@id":"https:\/\/www.caudete.org\/ayuntamiento\/#\/schema\/person\/cc646da9133078ee4d8dd47457947253"},"headline":"El s\u00e1bado 26 Jornada de Puertas Abiertas en el Campanario de Santa Catalina","datePublished":"2023-08-24T17:42:35+00:00","dateModified":"2023-08-24T17:44:01+00:00","mainEntityOfPage":{"@id":"https:\/\/www.caudete.org\/ayuntamiento\/el-sabado-26-jornada-de-puertas-abiertas-en-el-campanario-de-santa-catalina\/"},"wordCount":109,"image":{"@id":"https:\/\/www.caudete.org\/ayuntamiento\/el-sabado-26-jornada-de-puertas-abiertas-en-el-campanario-de-santa-catalina\/#primaryimage"},"thumbnailUrl":"https:\/\/www.caudete.org\/ayuntamiento\/wp-content\/uploads\/2023\/08\/IMG_20230824_193457.jpg","articleSection":["Patrimonio"],"inLanguage":"es"},{"@type":"WebPage","@id":"https:\/\/www.caudete.org\/ayuntamiento\/el-sabado-26-jornada-de-puertas-abiertas-en-el-campanario-de-santa-catalina\/","url":"https:\/\/www.caudete.org\/ayuntamiento\/el-sabado-26-jornada-de-puertas-abiertas-en-el-campanario-de-santa-catalina\/","name":"El s\u00e1bado 26 Jornada de Puertas Abiertas en el Campanario de Santa Catalina - MI Ayuntamiento de Caudete","isPartOf":{"@id":"https:\/\/www.caudete.org\/ayuntamiento\/#website"},"primaryImageOfPage":{"@id":"https:\/\/www.caudete.org\/ayuntamiento\/el-sabado-26-jornada-de-puertas-abiertas-en-el-campanario-de-santa-catalina\/#primaryimage"},"image":{"@id":"https:\/\/www.caudete.org\/ayuntamiento\/el-sabado-26-jornada-de-puertas-abiertas-en-el-campanario-de-santa-catalina\/#primaryimage"},"thumbnailUrl":"https:\/\/www.caudete.org\/ayuntamiento\/wp-content\/uploads\/2023\/08\/IMG_20230824_193457.jpg","datePublished":"2023-08-24T17:42:35+00:00","dateModified":"2023-08-24T17:44:01+00:00","author":{"@id":"https:\/\/www.caudete.org\/ayuntamiento\/#\/schema\/person\/cc646da9133078ee4d8dd47457947253"},"description":"P\u00e1gina Oficial del Ayuntamiento de Caudete (Albacete)","breadcrumb":{"@id":"https:\/\/www.caudete.org\/ayuntamiento\/el-sabado-26-jornada-de-puertas-abiertas-en-el-campanario-de-santa-catalina\/#breadcrumb"},"inLanguage":"es","potentialAction":[{"@type":"ReadAction","target":["https:\/\/www.caudete.org\/ayuntamiento\/el-sabado-26-jornada-de-puertas-abiertas-en-el-campanario-de-santa-catalina\/"]}]},{"@type":"ImageObject","inLanguage":"es","@id":"https:\/\/www.caudete.org\/ayuntamiento\/el-sabado-26-jornada-de-puertas-abiertas-en-el-campanario-de-santa-catalina\/#primaryimage","url":"https:\/\/www.caudete.org\/ayuntamiento\/wp-content\/uploads\/2023\/08\/IMG_20230824_193457.jpg","contentUrl":"https:\/\/www.caudete.org\/ayuntamiento\/wp-content\/uploads\/2023\/08\/IMG_20230824_193457.jpg","width":706,"height":598},{"@type":"BreadcrumbList","@id":"https:\/\/www.caudete.org\/ayuntamiento\/el-sabado-26-jornada-de-puertas-abiertas-en-el-campanario-de-santa-catalina\/#breadcrumb","itemListElement":[{"@type":"ListItem","position":1,"name":"Inicio","item":"https:\/\/www.caudete.org\/ayuntamiento\/"},{"@type":"ListItem","position":2,"name":"El s\u00e1bado 26 Jornada de Puertas Abiertas en el Campanario de Santa Catalina"}]},{"@type":"WebSite","@id":"https:\/\/www.caudete.org\/ayuntamiento\/#website","url":"https:\/\/www.caudete.org\/ayuntamiento\/","name":"MI Ayuntamiento de Caudete","description":"P\u00e1gina Oficial del MI Ayuntamiento de Caudete","potentialAction":[{"@type":"SearchAction","target":{"@type":"EntryPoint","urlTemplate":"https:\/\/www.caudete.org\/ayuntamiento\/?s={search_term_string}"},"query-input":{"@type":"PropertyValueSpecification","valueRequired":true,"valueName":"search_term_string"}}],"inLanguage":"es"},{"@type":"Person","@id":"https:\/\/www.caudete.org\/ayuntamiento\/#\/schema\/person\/cc646da9133078ee4d8dd47457947253","name":"alcalde","image":{"@type":"ImageObject","inLanguage":"es","@id":"https:\/\/secure.gravatar.com\/avatar\/84a817ba065b29ff08d666b215a215f5c79186a645ccb25b14a663d48a130f77?s=96&d=mm&r=g","url":"https:\/\/secure.gravatar.com\/avatar\/84a817ba065b29ff08d666b215a215f5c79186a645ccb25b14a663d48a130f77?s=96&d=mm&r=g","contentUrl":"https:\/\/secure.gravatar.com\/avatar\/84a817ba065b29ff08d666b215a215f5c79186a645ccb25b14a663d48a130f77?s=96&d=mm&r=g","caption":"alcalde"},"url":"https:\/\/www.caudete.org\/ayuntamiento\/author\/alcalde\/"}]}},"_links":{"self":[{"href":"https:\/\/www.caudete.org\/ayuntamiento\/wp-json\/wp\/v2\/posts\/23175","targetHints":{"allow":["GET"]}}],"collection":[{"href":"https:\/\/www.caudete.org\/ayuntamiento\/wp-json\/wp\/v2\/posts"}],"about":[{"href":"https:\/\/www.caudete.org\/ayuntamiento\/wp-json\/wp\/v2\/types\/post"}],"author":[{"embeddable":true,"href":"https:\/\/www.caudete.org\/ayuntamiento\/wp-json\/wp\/v2\/users\/3"}],"replies":[{"embeddable":true,"href":"https:\/\/www.caudete.org\/ayuntamiento\/wp-json\/wp\/v2\/comments?post=23175"}],"version-history":[{"count":1,"href":"https:\/\/www.caudete.org\/ayuntamiento\/wp-json\/wp\/v2\/posts\/23175\/revisions"}],"predecessor-version":[{"id":23178,"href":"https:\/\/www.caudete.org\/ayuntamiento\/wp-json\/wp\/v2\/posts\/23175\/revisions\/23178"}],"wp:featuredmedia":[{"embeddable":true,"href":"https:\/\/www.caudete.org\/ayuntamiento\/wp-json\/wp\/v2\/media\/23176"}],"wp:attachment":[{"href":"https:\/\/www.caudete.org\/ayuntamiento\/wp-json\/wp\/v2\/media?parent=23175"}],"wp:term":[{"taxonomy":"category","embeddable":true,"href":"https:\/\/www.caudete.org\/ayuntamiento\/wp-json\/wp\/v2\/categories?post=23175"},{"taxonomy":"post_tag","embeddable":true,"href":"https:\/\/www.caudete.org\/ayuntamiento\/wp-json\/wp\/v2\/tags?post=23175"}],"curies":[{"name":"wp","href":"https:\/\/api.w.org\/{rel}","templated":true}]}}