{"id":23215,"date":"2023-08-30T09:56:54","date_gmt":"2023-08-30T07:56:54","guid":{"rendered":"https:\/\/www.caudete.org\/ayuntamiento\/?p=23215"},"modified":"2023-08-30T10:15:33","modified_gmt":"2023-08-30T08:15:33","slug":"erasmus-italia-centro-de-formacion-albertina-garcia-llorens","status":"publish","type":"post","link":"https:\/\/www.caudete.org\/ayuntamiento\/erasmus-italia-centro-de-formacion-albertina-garcia-llorens\/","title":{"rendered":"CaudeteEnEuropa: 13 alumnas de Centro de Formaci\u00f3n Albertina Garc\u00eda LLorens han viajado a Italia"},"content":{"rendered":"<p style=\"text-align: justify;\"><span style=\"font-family: Arial, sans-serif;\">Mar\u00eda Dolores Requena Azor\u00edn, Concejal de Juventud, Promoci\u00f3n y Desarrollo Econ\u00f3mico, informa de la amplia participaci\u00f3n del alumnado del Centro de Formaci\u00f3n Albertina de Caudete en el proyecto Erasmus+ coordinado por el Ayuntamiento de Caudete, en el curso 2022-2023.<\/span><\/p>\n<p style=\"text-align: justify;\"><span style=\"font-family: Arial, sans-serif;\">Este a\u00f1o han sido trece las alumnas y\/o reci\u00e9n tituladas que han viajado a Italia para realizar realizar pr\u00e1cticas en diferentes empresas del sector de actividad correspondiente a los certificados de profesionalidad que se imparten en el centro.<\/span><\/p>\n<p style=\"text-align: justify;\"><span style=\"color: #000000;\"><span style=\"font-size: medium;\"><span lang=\"es-ES\"><span style=\"font-family: Arial, sans-serif;\">El programa Erasmus+<\/span><\/span><\/span><\/span><span style=\"color: #000000;\"><span style=\"font-size: medium;\"><span lang=\"es-ES\"> Formaci\u00f3n Profesional <\/span><\/span><\/span><span style=\"color: #000000;\"><span style=\"font-size: medium;\"><span lang=\"es-ES\">promueve la movilidad europea <\/span><\/span><\/span><span style=\"color: #000000;\"><span style=\"font-size: medium;\"><span lang=\"es-ES\">para la realizaci\u00f3n de pr\u00e1cticas en empresas <\/span><\/span><\/span><span style=\"color: #000000;\"><span style=\"font-size: medium;\"><span lang=\"es-ES\">del alum<\/span><\/span><\/span><span style=\"color: #000000;\"><span style=\"font-size: medium;\"><span lang=\"es-ES\">na<\/span><\/span><\/span><span style=\"color: #000000;\"><span style=\"font-size: medium;\"><span lang=\"es-ES\">do <\/span><\/span><\/span><span style=\"color: #000000;\"><span style=\"font-size: medium;\"><span lang=\"es-ES\">como v\u00eda<\/span><\/span><\/span> <span style=\"color: #000000;\"><span style=\"font-size: medium;\"><span lang=\"es-ES\">de<\/span><\/span><\/span><span style=\"color: #000000;\"><span style=\"font-size: medium;\"><span lang=\"es-ES\"> mejora <\/span><\/span><\/span><span style=\"color: #000000;\"><span style=\"font-size: medium;\"><span lang=\"es-ES\">de <\/span><\/span><\/span><span style=\"color: #000000;\"><span style=\"font-size: medium;\"><span lang=\"es-ES\">las competencias interculturales y ling\u00fc\u00edsticas,<\/span><\/span><\/span> <span style=\"color: #000000;\"><span style=\"font-size: medium;\"><span lang=\"es-ES\">para <\/span><\/span><\/span><span style=\"color: #000000;\"><span style=\"font-size: medium;\"><span lang=\"es-ES\">acercar la escuela al mercado laboral <\/span><\/span><\/span><span style=\"color: #000000;\"><span style=\"font-size: medium;\"><span lang=\"es-ES\">y, <\/span><\/span><\/span><span style=\"color: #000000;\"><span style=\"font-size: medium;\"><span lang=\"es-ES\">en \u00faltimo t\u00e9rmino, para <\/span><\/span><\/span><span style=\"color: #000000;\"><span style=\"font-size: medium;\"><span lang=\"es-ES\">favorecer un<\/span><\/span><\/span><span style=\"color: #000000;\"><span style=\"font-size: medium;\"><span lang=\"es-ES\">a<\/span><\/span><\/span><span style=\"color: #000000;\"><span style=\"font-size: medium;\"><span lang=\"es-ES\"> mayor c<\/span><\/span><\/span><span style=\"color: #000000;\"><span style=\"font-size: medium;\"><span lang=\"es-ES\">ohesi\u00f3n social en toda la <\/span><\/span><\/span><span style=\"color: #000000;\"><span style=\"font-size: medium;\"><span lang=\"es-ES\">Uni\u00f3n Europea.<\/span><\/span><\/span><\/p>\n<p style=\"text-align: justify;\"><span style=\"font-family: Arial, sans-serif;\"><span style=\"font-size: medium;\">La Acreditaci\u00f3n Erasmus con que cuenta el Ayuntamiento de Caudete garantiza la financiaci\u00f3n anual estable hasta 2027.<\/span><\/span><\/p>\n<p style=\"text-align: justify;\"><a href=\"https:\/\/www.caudete.org\/ayuntamiento\/wp-content\/uploads\/2023\/08\/8ebdba31-54b2-494a-b9e4-b1d597de0336.jpg\" rel='prettyPhoto'><img fetchpriority=\"high\" decoding=\"async\" class=\"aligncenter size-full wp-image-23216\" src=\"https:\/\/www.caudete.org\/ayuntamiento\/wp-content\/uploads\/2023\/08\/8ebdba31-54b2-494a-b9e4-b1d597de0336.jpg\" alt=\"\" width=\"768\" height=\"1024\" srcset=\"https:\/\/www.caudete.org\/ayuntamiento\/wp-content\/uploads\/2023\/08\/8ebdba31-54b2-494a-b9e4-b1d597de0336.jpg 768w, https:\/\/www.caudete.org\/ayuntamiento\/wp-content\/uploads\/2023\/08\/8ebdba31-54b2-494a-b9e4-b1d597de0336-225x300.jpg 225w\" sizes=\"(max-width: 768px) 100vw, 768px\" \/><\/a> <a href=\"https:\/\/www.caudete.org\/ayuntamiento\/wp-content\/uploads\/2023\/08\/20b5dffe-02b5-4039-ae5c-35a6d6fd4ea7.jpg\" rel='prettyPhoto'><img decoding=\"async\" class=\"aligncenter size-full wp-image-23217\" src=\"https:\/\/www.caudete.org\/ayuntamiento\/wp-content\/uploads\/2023\/08\/20b5dffe-02b5-4039-ae5c-35a6d6fd4ea7.jpg\" alt=\"\" width=\"1500\" height=\"2000\" srcset=\"https:\/\/www.caudete.org\/ayuntamiento\/wp-content\/uploads\/2023\/08\/20b5dffe-02b5-4039-ae5c-35a6d6fd4ea7.jpg 1500w, https:\/\/www.caudete.org\/ayuntamiento\/wp-content\/uploads\/2023\/08\/20b5dffe-02b5-4039-ae5c-35a6d6fd4ea7-225x300.jpg 225w, https:\/\/www.caudete.org\/ayuntamiento\/wp-content\/uploads\/2023\/08\/20b5dffe-02b5-4039-ae5c-35a6d6fd4ea7-768x1024.jpg 768w, https:\/\/www.caudete.org\/ayuntamiento\/wp-content\/uploads\/2023\/08\/20b5dffe-02b5-4039-ae5c-35a6d6fd4ea7-1152x1536.jpg 1152w\" sizes=\"(max-width: 1500px) 100vw, 1500px\" \/><\/a> <a href=\"https:\/\/www.caudete.org\/ayuntamiento\/wp-content\/uploads\/2023\/08\/26b2991c-b450-4f21-8686-3d5248714417.jpg\" rel='prettyPhoto'><img decoding=\"async\" class=\"aligncenter size-full wp-image-23218\" src=\"https:\/\/www.caudete.org\/ayuntamiento\/wp-content\/uploads\/2023\/08\/26b2991c-b450-4f21-8686-3d5248714417.jpg\" alt=\"\" width=\"2048\" height=\"1536\" srcset=\"https:\/\/www.caudete.org\/ayuntamiento\/wp-content\/uploads\/2023\/08\/26b2991c-b450-4f21-8686-3d5248714417.jpg 2048w, https:\/\/www.caudete.org\/ayuntamiento\/wp-content\/uploads\/2023\/08\/26b2991c-b450-4f21-8686-3d5248714417-300x225.jpg 300w, https:\/\/www.caudete.org\/ayuntamiento\/wp-content\/uploads\/2023\/08\/26b2991c-b450-4f21-8686-3d5248714417-1024x768.jpg 1024w, https:\/\/www.caudete.org\/ayuntamiento\/wp-content\/uploads\/2023\/08\/26b2991c-b450-4f21-8686-3d5248714417-768x576.jpg 768w, https:\/\/www.caudete.org\/ayuntamiento\/wp-content\/uploads\/2023\/08\/26b2991c-b450-4f21-8686-3d5248714417-1536x1152.jpg 1536w\" sizes=\"(max-width: 2048px) 100vw, 2048px\" \/><\/a> <a href=\"https:\/\/www.caudete.org\/ayuntamiento\/wp-content\/uploads\/2023\/08\/66f6368b-aff4-44b5-beb4-7ef9f38dd852.jpg\" rel='prettyPhoto'><img loading=\"lazy\" decoding=\"async\" class=\"aligncenter size-full wp-image-23219\" src=\"https:\/\/www.caudete.org\/ayuntamiento\/wp-content\/uploads\/2023\/08\/66f6368b-aff4-44b5-beb4-7ef9f38dd852.jpg\" alt=\"\" width=\"2048\" height=\"1536\" srcset=\"https:\/\/www.caudete.org\/ayuntamiento\/wp-content\/uploads\/2023\/08\/66f6368b-aff4-44b5-beb4-7ef9f38dd852.jpg 2048w, https:\/\/www.caudete.org\/ayuntamiento\/wp-content\/uploads\/2023\/08\/66f6368b-aff4-44b5-beb4-7ef9f38dd852-300x225.jpg 300w, https:\/\/www.caudete.org\/ayuntamiento\/wp-content\/uploads\/2023\/08\/66f6368b-aff4-44b5-beb4-7ef9f38dd852-1024x768.jpg 1024w, https:\/\/www.caudete.org\/ayuntamiento\/wp-content\/uploads\/2023\/08\/66f6368b-aff4-44b5-beb4-7ef9f38dd852-768x576.jpg 768w, https:\/\/www.caudete.org\/ayuntamiento\/wp-content\/uploads\/2023\/08\/66f6368b-aff4-44b5-beb4-7ef9f38dd852-1536x1152.jpg 1536w\" sizes=\"(max-width: 2048px) 100vw, 2048px\" \/><\/a> <a href=\"https:\/\/www.caudete.org\/ayuntamiento\/wp-content\/uploads\/2023\/08\/94e0ad3c-b262-4bec-bf0b-9884639a6f00.jpg\" rel='prettyPhoto'><img loading=\"lazy\" decoding=\"async\" class=\"aligncenter size-full wp-image-23220\" src=\"https:\/\/www.caudete.org\/ayuntamiento\/wp-content\/uploads\/2023\/08\/94e0ad3c-b262-4bec-bf0b-9884639a6f00.jpg\" alt=\"\" width=\"991\" height=\"917\" srcset=\"https:\/\/www.caudete.org\/ayuntamiento\/wp-content\/uploads\/2023\/08\/94e0ad3c-b262-4bec-bf0b-9884639a6f00.jpg 991w, https:\/\/www.caudete.org\/ayuntamiento\/wp-content\/uploads\/2023\/08\/94e0ad3c-b262-4bec-bf0b-9884639a6f00-300x278.jpg 300w, https:\/\/www.caudete.org\/ayuntamiento\/wp-content\/uploads\/2023\/08\/94e0ad3c-b262-4bec-bf0b-9884639a6f00-768x711.jpg 768w, https:\/\/www.caudete.org\/ayuntamiento\/wp-content\/uploads\/2023\/08\/94e0ad3c-b262-4bec-bf0b-9884639a6f00-280x260.jpg 280w\" sizes=\"(max-width: 991px) 100vw, 991px\" \/><\/a> <a href=\"https:\/\/www.caudete.org\/ayuntamiento\/wp-content\/uploads\/2023\/08\/352e760a-c668-4e35-813d-9de04699258c.jpg\" rel='prettyPhoto'><img loading=\"lazy\" decoding=\"async\" class=\"aligncenter size-full wp-image-23221\" src=\"https:\/\/www.caudete.org\/ayuntamiento\/wp-content\/uploads\/2023\/08\/352e760a-c668-4e35-813d-9de04699258c.jpg\" alt=\"\" width=\"1204\" height=\"1600\" srcset=\"https:\/\/www.caudete.org\/ayuntamiento\/wp-content\/uploads\/2023\/08\/352e760a-c668-4e35-813d-9de04699258c.jpg 1204w, https:\/\/www.caudete.org\/ayuntamiento\/wp-content\/uploads\/2023\/08\/352e760a-c668-4e35-813d-9de04699258c-226x300.jpg 226w, https:\/\/www.caudete.org\/ayuntamiento\/wp-content\/uploads\/2023\/08\/352e760a-c668-4e35-813d-9de04699258c-771x1024.jpg 771w, https:\/\/www.caudete.org\/ayuntamiento\/wp-content\/uploads\/2023\/08\/352e760a-c668-4e35-813d-9de04699258c-768x1021.jpg 768w, https:\/\/www.caudete.org\/ayuntamiento\/wp-content\/uploads\/2023\/08\/352e760a-c668-4e35-813d-9de04699258c-1156x1536.jpg 1156w\" sizes=\"(max-width: 1204px) 100vw, 1204px\" \/><\/a> <a href=\"https:\/\/www.caudete.org\/ayuntamiento\/wp-content\/uploads\/2023\/08\/0549246f-ab13-4883-8f11-02ba1791c8da.jpg\" rel='prettyPhoto'><img loading=\"lazy\" decoding=\"async\" class=\"size-full wp-image-23222\" src=\"https:\/\/www.caudete.org\/ayuntamiento\/wp-content\/uploads\/2023\/08\/0549246f-ab13-4883-8f11-02ba1791c8da.jpg\" alt=\"\" width=\"480\" height=\"640\" srcset=\"https:\/\/www.caudete.org\/ayuntamiento\/wp-content\/uploads\/2023\/08\/0549246f-ab13-4883-8f11-02ba1791c8da.jpg 480w, https:\/\/www.caudete.org\/ayuntamiento\/wp-content\/uploads\/2023\/08\/0549246f-ab13-4883-8f11-02ba1791c8da-225x300.jpg 225w\" sizes=\"(max-width: 480px) 100vw, 480px\" \/><\/a><\/p>\n","protected":false},"excerpt":{"rendered":"<p>Mar\u00eda Dolores Requena Azor\u00edn, Concejal de Juventud, Promoci\u00f3n y Desarrollo Econ\u00f3mico, informa de la amplia participaci\u00f3n del alumnado del Centro de Formaci\u00f3n Albertina de Caudete en el proyecto Erasmus+ coordinado por el Ayuntamiento de Caudete, en el curso 2022-2023. Este a\u00f1o han sido trece las alumnas y\/o reci\u00e9n tituladas que han viajado a Italia para &hellip;<\/p>\n","protected":false},"author":1,"featured_media":23223,"comment_status":"closed","ping_status":"open","sticky":false,"template":"","format":"standard","meta":{"ngg_post_thumbnail":0,"footnotes":""},"categories":[87],"tags":[],"class_list":["post-23215","post","type-post","status-publish","format-standard","has-post-thumbnail","hentry","category-desarrollo-local"],"yoast_head":"<!-- This site is optimized with the Yoast SEO plugin v27.4 - https:\/\/yoast.com\/product\/yoast-seo-wordpress\/ -->\n<title>CaudeteEnEuropa: 13 alumnas de Centro de Formaci\u00f3n Albertina Garc\u00eda LLorens han viajado a Italia - MI Ayuntamiento de Caudete<\/title>\n<meta name=\"description\" content=\"P\u00e1gina Oficial del Ayuntamiento de Caudete (Albacete)\" \/>\n<meta name=\"robots\" content=\"index, follow, max-snippet:-1, max-image-preview:large, max-video-preview:-1\" \/>\n<link rel=\"canonical\" href=\"https:\/\/www.caudete.org\/ayuntamiento\/erasmus-italia-centro-de-formacion-albertina-garcia-llorens\/\" \/>\n<meta property=\"og:locale\" content=\"es_ES\" \/>\n<meta property=\"og:type\" content=\"article\" \/>\n<meta property=\"og:title\" content=\"CaudeteEnEuropa: 13 alumnas de Centro de Formaci\u00f3n Albertina Garc\u00eda LLorens han viajado a Italia - MI Ayuntamiento de Caudete\" \/>\n<meta property=\"og:description\" content=\"P\u00e1gina Oficial del Ayuntamiento de Caudete (Albacete)\" \/>\n<meta property=\"og:url\" content=\"https:\/\/www.caudete.org\/ayuntamiento\/erasmus-italia-centro-de-formacion-albertina-garcia-llorens\/\" \/>\n<meta property=\"og:site_name\" content=\"MI Ayuntamiento de Caudete\" \/>\n<meta property=\"article:publisher\" content=\"https:\/\/www.facebook.com\/ayuntamientocaudete\/\" \/>\n<meta property=\"article:published_time\" content=\"2023-08-30T07:56:54+00:00\" \/>\n<meta property=\"article:modified_time\" content=\"2023-08-30T08:15:33+00:00\" \/>\n<meta property=\"og:image\" content=\"https:\/\/www.caudete.org\/ayuntamiento\/wp-content\/uploads\/2023\/08\/66f6368b-aff4-44b5-beb4-7ef9f38dd852-port.jpg\" \/>\n\t<meta property=\"og:image:width\" content=\"1653\" \/>\n\t<meta property=\"og:image:height\" content=\"609\" \/>\n\t<meta property=\"og:image:type\" content=\"image\/jpeg\" \/>\n<meta name=\"author\" content=\"ayun\" \/>\n<meta name=\"twitter:card\" content=\"summary_large_image\" \/>\n<meta name=\"twitter:label1\" content=\"Escrito por\" \/>\n\t<meta name=\"twitter:data1\" content=\"ayun\" \/>\n\t<meta name=\"twitter:label2\" content=\"Tiempo de lectura\" \/>\n\t<meta name=\"twitter:data2\" content=\"3 minutos\" \/>\n<script type=\"application\/ld+json\" class=\"yoast-schema-graph\">{\"@context\":\"https:\\\/\\\/schema.org\",\"@graph\":[{\"@type\":\"Article\",\"@id\":\"https:\\\/\\\/www.caudete.org\\\/ayuntamiento\\\/erasmus-italia-centro-de-formacion-albertina-garcia-llorens\\\/#article\",\"isPartOf\":{\"@id\":\"https:\\\/\\\/www.caudete.org\\\/ayuntamiento\\\/erasmus-italia-centro-de-formacion-albertina-garcia-llorens\\\/\"},\"author\":{\"name\":\"ayun\",\"@id\":\"https:\\\/\\\/www.caudete.org\\\/ayuntamiento\\\/#\\\/schema\\\/person\\\/79f7e19fdd176fc2bc7a289013dc2056\"},\"headline\":\"CaudeteEnEuropa: 13 alumnas de Centro de Formaci\u00f3n Albertina Garc\u00eda LLorens han viajado a Italia\",\"datePublished\":\"2023-08-30T07:56:54+00:00\",\"dateModified\":\"2023-08-30T08:15:33+00:00\",\"mainEntityOfPage\":{\"@id\":\"https:\\\/\\\/www.caudete.org\\\/ayuntamiento\\\/erasmus-italia-centro-de-formacion-albertina-garcia-llorens\\\/\"},\"wordCount\":182,\"publisher\":{\"@id\":\"https:\\\/\\\/www.caudete.org\\\/ayuntamiento\\\/#organization\"},\"image\":{\"@id\":\"https:\\\/\\\/www.caudete.org\\\/ayuntamiento\\\/erasmus-italia-centro-de-formacion-albertina-garcia-llorens\\\/#primaryimage\"},\"thumbnailUrl\":\"https:\\\/\\\/www.caudete.org\\\/ayuntamiento\\\/wp-content\\\/uploads\\\/2023\\\/08\\\/66f6368b-aff4-44b5-beb4-7ef9f38dd852-port.jpg\",\"articleSection\":[\"Desarrollo Local\"],\"inLanguage\":\"es\"},{\"@type\":\"WebPage\",\"@id\":\"https:\\\/\\\/www.caudete.org\\\/ayuntamiento\\\/erasmus-italia-centro-de-formacion-albertina-garcia-llorens\\\/\",\"url\":\"https:\\\/\\\/www.caudete.org\\\/ayuntamiento\\\/erasmus-italia-centro-de-formacion-albertina-garcia-llorens\\\/\",\"name\":\"CaudeteEnEuropa: 13 alumnas de Centro de Formaci\u00f3n Albertina Garc\u00eda LLorens han viajado a Italia - MI Ayuntamiento de Caudete\",\"isPartOf\":{\"@id\":\"https:\\\/\\\/www.caudete.org\\\/ayuntamiento\\\/#website\"},\"primaryImageOfPage\":{\"@id\":\"https:\\\/\\\/www.caudete.org\\\/ayuntamiento\\\/erasmus-italia-centro-de-formacion-albertina-garcia-llorens\\\/#primaryimage\"},\"image\":{\"@id\":\"https:\\\/\\\/www.caudete.org\\\/ayuntamiento\\\/erasmus-italia-centro-de-formacion-albertina-garcia-llorens\\\/#primaryimage\"},\"thumbnailUrl\":\"https:\\\/\\\/www.caudete.org\\\/ayuntamiento\\\/wp-content\\\/uploads\\\/2023\\\/08\\\/66f6368b-aff4-44b5-beb4-7ef9f38dd852-port.jpg\",\"datePublished\":\"2023-08-30T07:56:54+00:00\",\"dateModified\":\"2023-08-30T08:15:33+00:00\",\"description\":\"P\u00e1gina Oficial del Ayuntamiento de Caudete (Albacete)\",\"breadcrumb\":{\"@id\":\"https:\\\/\\\/www.caudete.org\\\/ayuntamiento\\\/erasmus-italia-centro-de-formacion-albertina-garcia-llorens\\\/#breadcrumb\"},\"inLanguage\":\"es\",\"potentialAction\":[{\"@type\":\"ReadAction\",\"target\":[\"https:\\\/\\\/www.caudete.org\\\/ayuntamiento\\\/erasmus-italia-centro-de-formacion-albertina-garcia-llorens\\\/\"]}]},{\"@type\":\"ImageObject\",\"inLanguage\":\"es\",\"@id\":\"https:\\\/\\\/www.caudete.org\\\/ayuntamiento\\\/erasmus-italia-centro-de-formacion-albertina-garcia-llorens\\\/#primaryimage\",\"url\":\"https:\\\/\\\/www.caudete.org\\\/ayuntamiento\\\/wp-content\\\/uploads\\\/2023\\\/08\\\/66f6368b-aff4-44b5-beb4-7ef9f38dd852-port.jpg\",\"contentUrl\":\"https:\\\/\\\/www.caudete.org\\\/ayuntamiento\\\/wp-content\\\/uploads\\\/2023\\\/08\\\/66f6368b-aff4-44b5-beb4-7ef9f38dd852-port.jpg\",\"width\":1653,\"height\":609},{\"@type\":\"BreadcrumbList\",\"@id\":\"https:\\\/\\\/www.caudete.org\\\/ayuntamiento\\\/erasmus-italia-centro-de-formacion-albertina-garcia-llorens\\\/#breadcrumb\",\"itemListElement\":[{\"@type\":\"ListItem\",\"position\":1,\"name\":\"Inicio\",\"item\":\"https:\\\/\\\/www.caudete.org\\\/ayuntamiento\\\/\"},{\"@type\":\"ListItem\",\"position\":2,\"name\":\"CaudeteEnEuropa: 13 alumnas de Centro de Formaci\u00f3n Albertina Garc\u00eda LLorens han viajado a Italia\"}]},{\"@type\":\"WebSite\",\"@id\":\"https:\\\/\\\/www.caudete.org\\\/ayuntamiento\\\/#website\",\"url\":\"https:\\\/\\\/www.caudete.org\\\/ayuntamiento\\\/\",\"name\":\"MI Ayuntamiento de Caudete\",\"description\":\"P\u00e1gina Oficial del MI Ayuntamiento de Caudete\",\"publisher\":{\"@id\":\"https:\\\/\\\/www.caudete.org\\\/ayuntamiento\\\/#organization\"},\"potentialAction\":[{\"@type\":\"SearchAction\",\"target\":{\"@type\":\"EntryPoint\",\"urlTemplate\":\"https:\\\/\\\/www.caudete.org\\\/ayuntamiento\\\/?s={search_term_string}\"},\"query-input\":{\"@type\":\"PropertyValueSpecification\",\"valueRequired\":true,\"valueName\":\"search_term_string\"}}],\"inLanguage\":\"es\"},{\"@type\":\"Organization\",\"@id\":\"https:\\\/\\\/www.caudete.org\\\/ayuntamiento\\\/#organization\",\"name\":\"Ayuntamiento de Caudete\",\"url\":\"https:\\\/\\\/www.caudete.org\\\/ayuntamiento\\\/\",\"logo\":{\"@type\":\"ImageObject\",\"inLanguage\":\"es\",\"@id\":\"https:\\\/\\\/www.caudete.org\\\/ayuntamiento\\\/#\\\/schema\\\/logo\\\/image\\\/\",\"url\":\"https:\\\/\\\/www.caudete.org\\\/ayuntamiento\\\/wp-content\\\/uploads\\\/2020\\\/11\\\/logo_ayuntamiento_caudete.jpg\",\"contentUrl\":\"https:\\\/\\\/www.caudete.org\\\/ayuntamiento\\\/wp-content\\\/uploads\\\/2020\\\/11\\\/logo_ayuntamiento_caudete.jpg\",\"width\":600,\"height\":150,\"caption\":\"Ayuntamiento de Caudete\"},\"image\":{\"@id\":\"https:\\\/\\\/www.caudete.org\\\/ayuntamiento\\\/#\\\/schema\\\/logo\\\/image\\\/\"},\"sameAs\":[\"https:\\\/\\\/www.facebook.com\\\/ayuntamientocaudete\\\/\",\"https:\\\/\\\/www.youtube.com\\\/channel\\\/UC6VztHaooNsGpw-tNoBEFnQ\"]},{\"@type\":\"Person\",\"@id\":\"https:\\\/\\\/www.caudete.org\\\/ayuntamiento\\\/#\\\/schema\\\/person\\\/79f7e19fdd176fc2bc7a289013dc2056\",\"name\":\"ayun\",\"image\":{\"@type\":\"ImageObject\",\"inLanguage\":\"es\",\"@id\":\"https:\\\/\\\/secure.gravatar.com\\\/avatar\\\/4ce797ee07c943e7e592f8cd648e503e6cd571387558ed07135799c2bd2847df?s=96&d=mm&r=g\",\"url\":\"https:\\\/\\\/secure.gravatar.com\\\/avatar\\\/4ce797ee07c943e7e592f8cd648e503e6cd571387558ed07135799c2bd2847df?s=96&d=mm&r=g\",\"contentUrl\":\"https:\\\/\\\/secure.gravatar.com\\\/avatar\\\/4ce797ee07c943e7e592f8cd648e503e6cd571387558ed07135799c2bd2847df?s=96&d=mm&r=g\",\"caption\":\"ayun\"},\"sameAs\":[\"http:\\\/\\\/www.caudete.org\\\/ayuntamiento\"],\"url\":\"https:\\\/\\\/www.caudete.org\\\/ayuntamiento\\\/author\\\/ayun\\\/\"}]}<\/script>\n<!-- \/ Yoast SEO plugin. -->","yoast_head_json":{"title":"CaudeteEnEuropa: 13 alumnas de Centro de Formaci\u00f3n Albertina Garc\u00eda LLorens han viajado a Italia - MI Ayuntamiento de Caudete","description":"P\u00e1gina Oficial del Ayuntamiento de Caudete (Albacete)","robots":{"index":"index","follow":"follow","max-snippet":"max-snippet:-1","max-image-preview":"max-image-preview:large","max-video-preview":"max-video-preview:-1"},"canonical":"https:\/\/www.caudete.org\/ayuntamiento\/erasmus-italia-centro-de-formacion-albertina-garcia-llorens\/","og_locale":"es_ES","og_type":"article","og_title":"CaudeteEnEuropa: 13 alumnas de Centro de Formaci\u00f3n Albertina Garc\u00eda LLorens han viajado a Italia - MI Ayuntamiento de Caudete","og_description":"P\u00e1gina Oficial del Ayuntamiento de Caudete (Albacete)","og_url":"https:\/\/www.caudete.org\/ayuntamiento\/erasmus-italia-centro-de-formacion-albertina-garcia-llorens\/","og_site_name":"MI Ayuntamiento de Caudete","article_publisher":"https:\/\/www.facebook.com\/ayuntamientocaudete\/","article_published_time":"2023-08-30T07:56:54+00:00","article_modified_time":"2023-08-30T08:15:33+00:00","og_image":[{"width":1653,"height":609,"url":"https:\/\/www.caudete.org\/ayuntamiento\/wp-content\/uploads\/2023\/08\/66f6368b-aff4-44b5-beb4-7ef9f38dd852-port.jpg","type":"image\/jpeg"}],"author":"ayun","twitter_card":"summary_large_image","twitter_misc":{"Escrito por":"ayun","Tiempo de lectura":"3 minutos"},"schema":{"@context":"https:\/\/schema.org","@graph":[{"@type":"Article","@id":"https:\/\/www.caudete.org\/ayuntamiento\/erasmus-italia-centro-de-formacion-albertina-garcia-llorens\/#article","isPartOf":{"@id":"https:\/\/www.caudete.org\/ayuntamiento\/erasmus-italia-centro-de-formacion-albertina-garcia-llorens\/"},"author":{"name":"ayun","@id":"https:\/\/www.caudete.org\/ayuntamiento\/#\/schema\/person\/79f7e19fdd176fc2bc7a289013dc2056"},"headline":"CaudeteEnEuropa: 13 alumnas de Centro de Formaci\u00f3n Albertina Garc\u00eda LLorens han viajado a Italia","datePublished":"2023-08-30T07:56:54+00:00","dateModified":"2023-08-30T08:15:33+00:00","mainEntityOfPage":{"@id":"https:\/\/www.caudete.org\/ayuntamiento\/erasmus-italia-centro-de-formacion-albertina-garcia-llorens\/"},"wordCount":182,"publisher":{"@id":"https:\/\/www.caudete.org\/ayuntamiento\/#organization"},"image":{"@id":"https:\/\/www.caudete.org\/ayuntamiento\/erasmus-italia-centro-de-formacion-albertina-garcia-llorens\/#primaryimage"},"thumbnailUrl":"https:\/\/www.caudete.org\/ayuntamiento\/wp-content\/uploads\/2023\/08\/66f6368b-aff4-44b5-beb4-7ef9f38dd852-port.jpg","articleSection":["Desarrollo Local"],"inLanguage":"es"},{"@type":"WebPage","@id":"https:\/\/www.caudete.org\/ayuntamiento\/erasmus-italia-centro-de-formacion-albertina-garcia-llorens\/","url":"https:\/\/www.caudete.org\/ayuntamiento\/erasmus-italia-centro-de-formacion-albertina-garcia-llorens\/","name":"CaudeteEnEuropa: 13 alumnas de Centro de Formaci\u00f3n Albertina Garc\u00eda LLorens han viajado a Italia - MI Ayuntamiento de Caudete","isPartOf":{"@id":"https:\/\/www.caudete.org\/ayuntamiento\/#website"},"primaryImageOfPage":{"@id":"https:\/\/www.caudete.org\/ayuntamiento\/erasmus-italia-centro-de-formacion-albertina-garcia-llorens\/#primaryimage"},"image":{"@id":"https:\/\/www.caudete.org\/ayuntamiento\/erasmus-italia-centro-de-formacion-albertina-garcia-llorens\/#primaryimage"},"thumbnailUrl":"https:\/\/www.caudete.org\/ayuntamiento\/wp-content\/uploads\/2023\/08\/66f6368b-aff4-44b5-beb4-7ef9f38dd852-port.jpg","datePublished":"2023-08-30T07:56:54+00:00","dateModified":"2023-08-30T08:15:33+00:00","description":"P\u00e1gina Oficial del Ayuntamiento de Caudete (Albacete)","breadcrumb":{"@id":"https:\/\/www.caudete.org\/ayuntamiento\/erasmus-italia-centro-de-formacion-albertina-garcia-llorens\/#breadcrumb"},"inLanguage":"es","potentialAction":[{"@type":"ReadAction","target":["https:\/\/www.caudete.org\/ayuntamiento\/erasmus-italia-centro-de-formacion-albertina-garcia-llorens\/"]}]},{"@type":"ImageObject","inLanguage":"es","@id":"https:\/\/www.caudete.org\/ayuntamiento\/erasmus-italia-centro-de-formacion-albertina-garcia-llorens\/#primaryimage","url":"https:\/\/www.caudete.org\/ayuntamiento\/wp-content\/uploads\/2023\/08\/66f6368b-aff4-44b5-beb4-7ef9f38dd852-port.jpg","contentUrl":"https:\/\/www.caudete.org\/ayuntamiento\/wp-content\/uploads\/2023\/08\/66f6368b-aff4-44b5-beb4-7ef9f38dd852-port.jpg","width":1653,"height":609},{"@type":"BreadcrumbList","@id":"https:\/\/www.caudete.org\/ayuntamiento\/erasmus-italia-centro-de-formacion-albertina-garcia-llorens\/#breadcrumb","itemListElement":[{"@type":"ListItem","position":1,"name":"Inicio","item":"https:\/\/www.caudete.org\/ayuntamiento\/"},{"@type":"ListItem","position":2,"name":"CaudeteEnEuropa: 13 alumnas de Centro de Formaci\u00f3n Albertina Garc\u00eda LLorens han viajado a Italia"}]},{"@type":"WebSite","@id":"https:\/\/www.caudete.org\/ayuntamiento\/#website","url":"https:\/\/www.caudete.org\/ayuntamiento\/","name":"MI Ayuntamiento de Caudete","description":"P\u00e1gina Oficial del MI Ayuntamiento de Caudete","publisher":{"@id":"https:\/\/www.caudete.org\/ayuntamiento\/#organization"},"potentialAction":[{"@type":"SearchAction","target":{"@type":"EntryPoint","urlTemplate":"https:\/\/www.caudete.org\/ayuntamiento\/?s={search_term_string}"},"query-input":{"@type":"PropertyValueSpecification","valueRequired":true,"valueName":"search_term_string"}}],"inLanguage":"es"},{"@type":"Organization","@id":"https:\/\/www.caudete.org\/ayuntamiento\/#organization","name":"Ayuntamiento de Caudete","url":"https:\/\/www.caudete.org\/ayuntamiento\/","logo":{"@type":"ImageObject","inLanguage":"es","@id":"https:\/\/www.caudete.org\/ayuntamiento\/#\/schema\/logo\/image\/","url":"https:\/\/www.caudete.org\/ayuntamiento\/wp-content\/uploads\/2020\/11\/logo_ayuntamiento_caudete.jpg","contentUrl":"https:\/\/www.caudete.org\/ayuntamiento\/wp-content\/uploads\/2020\/11\/logo_ayuntamiento_caudete.jpg","width":600,"height":150,"caption":"Ayuntamiento de Caudete"},"image":{"@id":"https:\/\/www.caudete.org\/ayuntamiento\/#\/schema\/logo\/image\/"},"sameAs":["https:\/\/www.facebook.com\/ayuntamientocaudete\/","https:\/\/www.youtube.com\/channel\/UC6VztHaooNsGpw-tNoBEFnQ"]},{"@type":"Person","@id":"https:\/\/www.caudete.org\/ayuntamiento\/#\/schema\/person\/79f7e19fdd176fc2bc7a289013dc2056","name":"ayun","image":{"@type":"ImageObject","inLanguage":"es","@id":"https:\/\/secure.gravatar.com\/avatar\/4ce797ee07c943e7e592f8cd648e503e6cd571387558ed07135799c2bd2847df?s=96&d=mm&r=g","url":"https:\/\/secure.gravatar.com\/avatar\/4ce797ee07c943e7e592f8cd648e503e6cd571387558ed07135799c2bd2847df?s=96&d=mm&r=g","contentUrl":"https:\/\/secure.gravatar.com\/avatar\/4ce797ee07c943e7e592f8cd648e503e6cd571387558ed07135799c2bd2847df?s=96&d=mm&r=g","caption":"ayun"},"sameAs":["http:\/\/www.caudete.org\/ayuntamiento"],"url":"https:\/\/www.caudete.org\/ayuntamiento\/author\/ayun\/"}]}},"_links":{"self":[{"href":"https:\/\/www.caudete.org\/ayuntamiento\/wp-json\/wp\/v2\/posts\/23215","targetHints":{"allow":["GET"]}}],"collection":[{"href":"https:\/\/www.caudete.org\/ayuntamiento\/wp-json\/wp\/v2\/posts"}],"about":[{"href":"https:\/\/www.caudete.org\/ayuntamiento\/wp-json\/wp\/v2\/types\/post"}],"author":[{"embeddable":true,"href":"https:\/\/www.caudete.org\/ayuntamiento\/wp-json\/wp\/v2\/users\/1"}],"replies":[{"embeddable":true,"href":"https:\/\/www.caudete.org\/ayuntamiento\/wp-json\/wp\/v2\/comments?post=23215"}],"version-history":[{"count":3,"href":"https:\/\/www.caudete.org\/ayuntamiento\/wp-json\/wp\/v2\/posts\/23215\/revisions"}],"predecessor-version":[{"id":23227,"href":"https:\/\/www.caudete.org\/ayuntamiento\/wp-json\/wp\/v2\/posts\/23215\/revisions\/23227"}],"wp:featuredmedia":[{"embeddable":true,"href":"https:\/\/www.caudete.org\/ayuntamiento\/wp-json\/wp\/v2\/media\/23223"}],"wp:attachment":[{"href":"https:\/\/www.caudete.org\/ayuntamiento\/wp-json\/wp\/v2\/media?parent=23215"}],"wp:term":[{"taxonomy":"category","embeddable":true,"href":"https:\/\/www.caudete.org\/ayuntamiento\/wp-json\/wp\/v2\/categories?post=23215"},{"taxonomy":"post_tag","embeddable":true,"href":"https:\/\/www.caudete.org\/ayuntamiento\/wp-json\/wp\/v2\/tags?post=23215"}],"curies":[{"name":"wp","href":"https:\/\/api.w.org\/{rel}","templated":true}]}}