{"id":23251,"date":"2023-08-31T19:15:35","date_gmt":"2023-08-31T17:15:35","guid":{"rendered":"https:\/\/www.caudete.org\/ayuntamiento\/?p=23251"},"modified":"2023-08-31T19:17:59","modified_gmt":"2023-08-31T17:17:59","slug":"repara-reutiliza-y-recicla-campana-gratuita-que-aterriza-manana-frente-al-colegio-el-paseo","status":"publish","type":"post","link":"https:\/\/www.caudete.org\/ayuntamiento\/repara-reutiliza-y-recicla-campana-gratuita-que-aterriza-manana-frente-al-colegio-el-paseo\/","title":{"rendered":"REPARA, REUTILIZA Y RECICLA, campa\u00f1a gratuita que aterriza ma\u00f1ana frente al Colegio El Paseo"},"content":{"rendered":"<p style=\"text-align: justify;\">Desde la Concejal\u00eda de Medio Ambiente se informa a los caudetanos que la campa\u00f1a REPARA, REUTILIZA Y RECICLA aterrizar\u00e1 el pr\u00f3ximo 1 de Septiembre en nuestra localidad, concretamente en la Calle Echegaray, frente al Colegio El Paseo.<\/p>\n<p style=\"text-align: justify;\">REPARA, REUTILIZA Y RECICLA es una unidad m\u00f3vil de auto-reparaci\u00f3n puesta a disposici\u00f3n de la ciudadan\u00eda. El veh\u00edculo est\u00e1 equipado con todos los materiales y repuestos necesarios y con personal t\u00e9cnico especializado dispuesto a ayudar y ense\u00f1ar a reparar peque\u00f1os electrodom\u00e9sticos al ciudadano de forma segura y gratuita.<\/p>\n<p style=\"text-align: justify;\">El proyecto, impulsado por RAEE-CLM en colaboraci\u00f3n con JCCM y las entidades locales, tiene como objetivo impulsar la auto-reparaci\u00f3n de aparatos el\u00e9ctricos y electr\u00f3nicos, capacitando al ciudadano a realizar peque\u00f1as reparaciones de electrodom\u00e9sticos, alargando as\u00ed la vida \u00fatil de los equipos y ayudando a prevenir la generaci\u00f3n innecesaria de residuos.<\/p>\n<p style=\"text-align: justify;\">El servicio de reparaci\u00f3n es totalmente gratuito y tiene una duraci\u00f3n de 7 horas en horario de ma\u00f1ana y de tarde y estar\u00e1 a disposici\u00f3n de toda la ciudadan\u00eda.<\/p>\n<p style=\"text-align: center;\"><a href=\"https:\/\/www.caudete.org\/ayuntamiento\/wp-content\/uploads\/2023\/08\/Captura-de-pantalla-2023-08-31-190840.jpg\" rel='prettyPhoto'><img fetchpriority=\"high\" decoding=\"async\" class=\"alignnone wp-image-23252 size-full\" src=\"https:\/\/www.caudete.org\/ayuntamiento\/wp-content\/uploads\/2023\/08\/Captura-de-pantalla-2023-08-31-190840.jpg\" alt=\"\" width=\"586\" height=\"807\" srcset=\"https:\/\/www.caudete.org\/ayuntamiento\/wp-content\/uploads\/2023\/08\/Captura-de-pantalla-2023-08-31-190840.jpg 586w, https:\/\/www.caudete.org\/ayuntamiento\/wp-content\/uploads\/2023\/08\/Captura-de-pantalla-2023-08-31-190840-218x300.jpg 218w\" sizes=\"(max-width: 586px) 100vw, 586px\" \/><\/a><\/p>\n","protected":false},"excerpt":{"rendered":"<p>Desde la Concejal\u00eda de Medio Ambiente se informa a los caudetanos que la campa\u00f1a REPARA, REUTILIZA Y RECICLA aterrizar\u00e1 el pr\u00f3ximo 1 de Septiembre en nuestra localidad, concretamente en la Calle Echegaray, frente al Colegio El Paseo. REPARA, REUTILIZA Y RECICLA es una unidad m\u00f3vil de auto-reparaci\u00f3n puesta a disposici\u00f3n de la ciudadan\u00eda. El veh\u00edculo &hellip;<\/p>\n","protected":false},"author":3,"featured_media":23253,"comment_status":"closed","ping_status":"open","sticky":false,"template":"","format":"standard","meta":{"ngg_post_thumbnail":0,"footnotes":""},"categories":[29],"tags":[],"class_list":["post-23251","post","type-post","status-publish","format-standard","has-post-thumbnail","hentry","category-medio-ambiente"],"yoast_head":"<!-- This site is optimized with the Yoast SEO plugin v27.5 - https:\/\/yoast.com\/product\/yoast-seo-wordpress\/ -->\n<title>REPARA, REUTILIZA Y RECICLA, campa\u00f1a gratuita que aterriza ma\u00f1ana frente al Colegio El Paseo - MI Ayuntamiento de Caudete<\/title>\n<meta name=\"description\" content=\"P\u00e1gina Oficial del Ayuntamiento de Caudete (Albacete)\" \/>\n<meta name=\"robots\" content=\"index, follow, max-snippet:-1, max-image-preview:large, max-video-preview:-1\" \/>\n<link rel=\"canonical\" href=\"https:\/\/www.caudete.org\/ayuntamiento\/repara-reutiliza-y-recicla-campana-gratuita-que-aterriza-manana-frente-al-colegio-el-paseo\/\" \/>\n<meta property=\"og:locale\" content=\"es_ES\" \/>\n<meta property=\"og:type\" content=\"article\" \/>\n<meta property=\"og:title\" content=\"REPARA, REUTILIZA Y RECICLA, campa\u00f1a gratuita que aterriza ma\u00f1ana frente al Colegio El Paseo - MI Ayuntamiento de Caudete\" \/>\n<meta property=\"og:description\" content=\"P\u00e1gina Oficial del Ayuntamiento de Caudete (Albacete)\" \/>\n<meta property=\"og:url\" content=\"https:\/\/www.caudete.org\/ayuntamiento\/repara-reutiliza-y-recicla-campana-gratuita-que-aterriza-manana-frente-al-colegio-el-paseo\/\" \/>\n<meta property=\"og:site_name\" content=\"MI Ayuntamiento de Caudete\" \/>\n<meta property=\"article:publisher\" content=\"https:\/\/www.facebook.com\/ayuntamientocaudete\/\" \/>\n<meta property=\"article:published_time\" content=\"2023-08-31T17:15:35+00:00\" \/>\n<meta property=\"article:modified_time\" content=\"2023-08-31T17:17:59+00:00\" \/>\n<meta property=\"og:image\" content=\"https:\/\/www.caudete.org\/ayuntamiento\/wp-content\/uploads\/2023\/08\/Captura-de-pantalla-2023-08-31-191319.jpg\" \/>\n\t<meta property=\"og:image:width\" content=\"1048\" \/>\n\t<meta property=\"og:image:height\" content=\"662\" \/>\n\t<meta property=\"og:image:type\" content=\"image\/jpeg\" \/>\n<meta name=\"author\" content=\"alcalde\" \/>\n<meta name=\"twitter:card\" content=\"summary_large_image\" \/>\n<meta name=\"twitter:label1\" content=\"Escrito por\" \/>\n\t<meta name=\"twitter:data1\" content=\"alcalde\" \/>\n\t<meta name=\"twitter:label2\" content=\"Tiempo de lectura\" \/>\n\t<meta name=\"twitter:data2\" content=\"1 minuto\" \/>\n<script type=\"application\/ld+json\" class=\"yoast-schema-graph\">{\"@context\":\"https:\\\/\\\/schema.org\",\"@graph\":[{\"@type\":\"Article\",\"@id\":\"https:\\\/\\\/www.caudete.org\\\/ayuntamiento\\\/repara-reutiliza-y-recicla-campana-gratuita-que-aterriza-manana-frente-al-colegio-el-paseo\\\/#article\",\"isPartOf\":{\"@id\":\"https:\\\/\\\/www.caudete.org\\\/ayuntamiento\\\/repara-reutiliza-y-recicla-campana-gratuita-que-aterriza-manana-frente-al-colegio-el-paseo\\\/\"},\"author\":{\"name\":\"alcalde\",\"@id\":\"https:\\\/\\\/www.caudete.org\\\/ayuntamiento\\\/#\\\/schema\\\/person\\\/cc646da9133078ee4d8dd47457947253\"},\"headline\":\"REPARA, REUTILIZA Y RECICLA, campa\u00f1a gratuita que aterriza ma\u00f1ana frente al Colegio El Paseo\",\"datePublished\":\"2023-08-31T17:15:35+00:00\",\"dateModified\":\"2023-08-31T17:17:59+00:00\",\"mainEntityOfPage\":{\"@id\":\"https:\\\/\\\/www.caudete.org\\\/ayuntamiento\\\/repara-reutiliza-y-recicla-campana-gratuita-que-aterriza-manana-frente-al-colegio-el-paseo\\\/\"},\"wordCount\":202,\"image\":{\"@id\":\"https:\\\/\\\/www.caudete.org\\\/ayuntamiento\\\/repara-reutiliza-y-recicla-campana-gratuita-que-aterriza-manana-frente-al-colegio-el-paseo\\\/#primaryimage\"},\"thumbnailUrl\":\"https:\\\/\\\/www.caudete.org\\\/ayuntamiento\\\/wp-content\\\/uploads\\\/2023\\\/08\\\/Captura-de-pantalla-2023-08-31-191319.jpg\",\"articleSection\":[\"Medio Ambiente\"],\"inLanguage\":\"es\"},{\"@type\":\"WebPage\",\"@id\":\"https:\\\/\\\/www.caudete.org\\\/ayuntamiento\\\/repara-reutiliza-y-recicla-campana-gratuita-que-aterriza-manana-frente-al-colegio-el-paseo\\\/\",\"url\":\"https:\\\/\\\/www.caudete.org\\\/ayuntamiento\\\/repara-reutiliza-y-recicla-campana-gratuita-que-aterriza-manana-frente-al-colegio-el-paseo\\\/\",\"name\":\"REPARA, REUTILIZA Y RECICLA, campa\u00f1a gratuita que aterriza ma\u00f1ana frente al Colegio El Paseo - MI Ayuntamiento de Caudete\",\"isPartOf\":{\"@id\":\"https:\\\/\\\/www.caudete.org\\\/ayuntamiento\\\/#website\"},\"primaryImageOfPage\":{\"@id\":\"https:\\\/\\\/www.caudete.org\\\/ayuntamiento\\\/repara-reutiliza-y-recicla-campana-gratuita-que-aterriza-manana-frente-al-colegio-el-paseo\\\/#primaryimage\"},\"image\":{\"@id\":\"https:\\\/\\\/www.caudete.org\\\/ayuntamiento\\\/repara-reutiliza-y-recicla-campana-gratuita-que-aterriza-manana-frente-al-colegio-el-paseo\\\/#primaryimage\"},\"thumbnailUrl\":\"https:\\\/\\\/www.caudete.org\\\/ayuntamiento\\\/wp-content\\\/uploads\\\/2023\\\/08\\\/Captura-de-pantalla-2023-08-31-191319.jpg\",\"datePublished\":\"2023-08-31T17:15:35+00:00\",\"dateModified\":\"2023-08-31T17:17:59+00:00\",\"author\":{\"@id\":\"https:\\\/\\\/www.caudete.org\\\/ayuntamiento\\\/#\\\/schema\\\/person\\\/cc646da9133078ee4d8dd47457947253\"},\"description\":\"P\u00e1gina Oficial del Ayuntamiento de Caudete (Albacete)\",\"breadcrumb\":{\"@id\":\"https:\\\/\\\/www.caudete.org\\\/ayuntamiento\\\/repara-reutiliza-y-recicla-campana-gratuita-que-aterriza-manana-frente-al-colegio-el-paseo\\\/#breadcrumb\"},\"inLanguage\":\"es\",\"potentialAction\":[{\"@type\":\"ReadAction\",\"target\":[\"https:\\\/\\\/www.caudete.org\\\/ayuntamiento\\\/repara-reutiliza-y-recicla-campana-gratuita-que-aterriza-manana-frente-al-colegio-el-paseo\\\/\"]}]},{\"@type\":\"ImageObject\",\"inLanguage\":\"es\",\"@id\":\"https:\\\/\\\/www.caudete.org\\\/ayuntamiento\\\/repara-reutiliza-y-recicla-campana-gratuita-que-aterriza-manana-frente-al-colegio-el-paseo\\\/#primaryimage\",\"url\":\"https:\\\/\\\/www.caudete.org\\\/ayuntamiento\\\/wp-content\\\/uploads\\\/2023\\\/08\\\/Captura-de-pantalla-2023-08-31-191319.jpg\",\"contentUrl\":\"https:\\\/\\\/www.caudete.org\\\/ayuntamiento\\\/wp-content\\\/uploads\\\/2023\\\/08\\\/Captura-de-pantalla-2023-08-31-191319.jpg\",\"width\":1048,\"height\":662},{\"@type\":\"BreadcrumbList\",\"@id\":\"https:\\\/\\\/www.caudete.org\\\/ayuntamiento\\\/repara-reutiliza-y-recicla-campana-gratuita-que-aterriza-manana-frente-al-colegio-el-paseo\\\/#breadcrumb\",\"itemListElement\":[{\"@type\":\"ListItem\",\"position\":1,\"name\":\"Inicio\",\"item\":\"https:\\\/\\\/www.caudete.org\\\/ayuntamiento\\\/\"},{\"@type\":\"ListItem\",\"position\":2,\"name\":\"REPARA, REUTILIZA Y RECICLA, campa\u00f1a gratuita que aterriza ma\u00f1ana frente al Colegio El Paseo\"}]},{\"@type\":\"WebSite\",\"@id\":\"https:\\\/\\\/www.caudete.org\\\/ayuntamiento\\\/#website\",\"url\":\"https:\\\/\\\/www.caudete.org\\\/ayuntamiento\\\/\",\"name\":\"MI Ayuntamiento de Caudete\",\"description\":\"P\u00e1gina Oficial del MI Ayuntamiento de Caudete\",\"potentialAction\":[{\"@type\":\"SearchAction\",\"target\":{\"@type\":\"EntryPoint\",\"urlTemplate\":\"https:\\\/\\\/www.caudete.org\\\/ayuntamiento\\\/?s={search_term_string}\"},\"query-input\":{\"@type\":\"PropertyValueSpecification\",\"valueRequired\":true,\"valueName\":\"search_term_string\"}}],\"inLanguage\":\"es\"},{\"@type\":\"Person\",\"@id\":\"https:\\\/\\\/www.caudete.org\\\/ayuntamiento\\\/#\\\/schema\\\/person\\\/cc646da9133078ee4d8dd47457947253\",\"name\":\"alcalde\",\"image\":{\"@type\":\"ImageObject\",\"inLanguage\":\"es\",\"@id\":\"https:\\\/\\\/secure.gravatar.com\\\/avatar\\\/84a817ba065b29ff08d666b215a215f5c79186a645ccb25b14a663d48a130f77?s=96&d=mm&r=g\",\"url\":\"https:\\\/\\\/secure.gravatar.com\\\/avatar\\\/84a817ba065b29ff08d666b215a215f5c79186a645ccb25b14a663d48a130f77?s=96&d=mm&r=g\",\"contentUrl\":\"https:\\\/\\\/secure.gravatar.com\\\/avatar\\\/84a817ba065b29ff08d666b215a215f5c79186a645ccb25b14a663d48a130f77?s=96&d=mm&r=g\",\"caption\":\"alcalde\"},\"url\":\"https:\\\/\\\/www.caudete.org\\\/ayuntamiento\\\/author\\\/alcalde\\\/\"}]}<\/script>\n<!-- \/ Yoast SEO plugin. -->","yoast_head_json":{"title":"REPARA, REUTILIZA Y RECICLA, campa\u00f1a gratuita que aterriza ma\u00f1ana frente al Colegio El Paseo - MI Ayuntamiento de Caudete","description":"P\u00e1gina Oficial del Ayuntamiento de Caudete (Albacete)","robots":{"index":"index","follow":"follow","max-snippet":"max-snippet:-1","max-image-preview":"max-image-preview:large","max-video-preview":"max-video-preview:-1"},"canonical":"https:\/\/www.caudete.org\/ayuntamiento\/repara-reutiliza-y-recicla-campana-gratuita-que-aterriza-manana-frente-al-colegio-el-paseo\/","og_locale":"es_ES","og_type":"article","og_title":"REPARA, REUTILIZA Y RECICLA, campa\u00f1a gratuita que aterriza ma\u00f1ana frente al Colegio El Paseo - MI Ayuntamiento de Caudete","og_description":"P\u00e1gina Oficial del Ayuntamiento de Caudete (Albacete)","og_url":"https:\/\/www.caudete.org\/ayuntamiento\/repara-reutiliza-y-recicla-campana-gratuita-que-aterriza-manana-frente-al-colegio-el-paseo\/","og_site_name":"MI Ayuntamiento de Caudete","article_publisher":"https:\/\/www.facebook.com\/ayuntamientocaudete\/","article_published_time":"2023-08-31T17:15:35+00:00","article_modified_time":"2023-08-31T17:17:59+00:00","og_image":[{"width":1048,"height":662,"url":"https:\/\/www.caudete.org\/ayuntamiento\/wp-content\/uploads\/2023\/08\/Captura-de-pantalla-2023-08-31-191319.jpg","type":"image\/jpeg"}],"author":"alcalde","twitter_card":"summary_large_image","twitter_misc":{"Escrito por":"alcalde","Tiempo de lectura":"1 minuto"},"schema":{"@context":"https:\/\/schema.org","@graph":[{"@type":"Article","@id":"https:\/\/www.caudete.org\/ayuntamiento\/repara-reutiliza-y-recicla-campana-gratuita-que-aterriza-manana-frente-al-colegio-el-paseo\/#article","isPartOf":{"@id":"https:\/\/www.caudete.org\/ayuntamiento\/repara-reutiliza-y-recicla-campana-gratuita-que-aterriza-manana-frente-al-colegio-el-paseo\/"},"author":{"name":"alcalde","@id":"https:\/\/www.caudete.org\/ayuntamiento\/#\/schema\/person\/cc646da9133078ee4d8dd47457947253"},"headline":"REPARA, REUTILIZA Y RECICLA, campa\u00f1a gratuita que aterriza ma\u00f1ana frente al Colegio El Paseo","datePublished":"2023-08-31T17:15:35+00:00","dateModified":"2023-08-31T17:17:59+00:00","mainEntityOfPage":{"@id":"https:\/\/www.caudete.org\/ayuntamiento\/repara-reutiliza-y-recicla-campana-gratuita-que-aterriza-manana-frente-al-colegio-el-paseo\/"},"wordCount":202,"image":{"@id":"https:\/\/www.caudete.org\/ayuntamiento\/repara-reutiliza-y-recicla-campana-gratuita-que-aterriza-manana-frente-al-colegio-el-paseo\/#primaryimage"},"thumbnailUrl":"https:\/\/www.caudete.org\/ayuntamiento\/wp-content\/uploads\/2023\/08\/Captura-de-pantalla-2023-08-31-191319.jpg","articleSection":["Medio Ambiente"],"inLanguage":"es"},{"@type":"WebPage","@id":"https:\/\/www.caudete.org\/ayuntamiento\/repara-reutiliza-y-recicla-campana-gratuita-que-aterriza-manana-frente-al-colegio-el-paseo\/","url":"https:\/\/www.caudete.org\/ayuntamiento\/repara-reutiliza-y-recicla-campana-gratuita-que-aterriza-manana-frente-al-colegio-el-paseo\/","name":"REPARA, REUTILIZA Y RECICLA, campa\u00f1a gratuita que aterriza ma\u00f1ana frente al Colegio El Paseo - MI Ayuntamiento de Caudete","isPartOf":{"@id":"https:\/\/www.caudete.org\/ayuntamiento\/#website"},"primaryImageOfPage":{"@id":"https:\/\/www.caudete.org\/ayuntamiento\/repara-reutiliza-y-recicla-campana-gratuita-que-aterriza-manana-frente-al-colegio-el-paseo\/#primaryimage"},"image":{"@id":"https:\/\/www.caudete.org\/ayuntamiento\/repara-reutiliza-y-recicla-campana-gratuita-que-aterriza-manana-frente-al-colegio-el-paseo\/#primaryimage"},"thumbnailUrl":"https:\/\/www.caudete.org\/ayuntamiento\/wp-content\/uploads\/2023\/08\/Captura-de-pantalla-2023-08-31-191319.jpg","datePublished":"2023-08-31T17:15:35+00:00","dateModified":"2023-08-31T17:17:59+00:00","author":{"@id":"https:\/\/www.caudete.org\/ayuntamiento\/#\/schema\/person\/cc646da9133078ee4d8dd47457947253"},"description":"P\u00e1gina Oficial del Ayuntamiento de Caudete (Albacete)","breadcrumb":{"@id":"https:\/\/www.caudete.org\/ayuntamiento\/repara-reutiliza-y-recicla-campana-gratuita-que-aterriza-manana-frente-al-colegio-el-paseo\/#breadcrumb"},"inLanguage":"es","potentialAction":[{"@type":"ReadAction","target":["https:\/\/www.caudete.org\/ayuntamiento\/repara-reutiliza-y-recicla-campana-gratuita-que-aterriza-manana-frente-al-colegio-el-paseo\/"]}]},{"@type":"ImageObject","inLanguage":"es","@id":"https:\/\/www.caudete.org\/ayuntamiento\/repara-reutiliza-y-recicla-campana-gratuita-que-aterriza-manana-frente-al-colegio-el-paseo\/#primaryimage","url":"https:\/\/www.caudete.org\/ayuntamiento\/wp-content\/uploads\/2023\/08\/Captura-de-pantalla-2023-08-31-191319.jpg","contentUrl":"https:\/\/www.caudete.org\/ayuntamiento\/wp-content\/uploads\/2023\/08\/Captura-de-pantalla-2023-08-31-191319.jpg","width":1048,"height":662},{"@type":"BreadcrumbList","@id":"https:\/\/www.caudete.org\/ayuntamiento\/repara-reutiliza-y-recicla-campana-gratuita-que-aterriza-manana-frente-al-colegio-el-paseo\/#breadcrumb","itemListElement":[{"@type":"ListItem","position":1,"name":"Inicio","item":"https:\/\/www.caudete.org\/ayuntamiento\/"},{"@type":"ListItem","position":2,"name":"REPARA, REUTILIZA Y RECICLA, campa\u00f1a gratuita que aterriza ma\u00f1ana frente al Colegio El Paseo"}]},{"@type":"WebSite","@id":"https:\/\/www.caudete.org\/ayuntamiento\/#website","url":"https:\/\/www.caudete.org\/ayuntamiento\/","name":"MI Ayuntamiento de Caudete","description":"P\u00e1gina Oficial del MI Ayuntamiento de Caudete","potentialAction":[{"@type":"SearchAction","target":{"@type":"EntryPoint","urlTemplate":"https:\/\/www.caudete.org\/ayuntamiento\/?s={search_term_string}"},"query-input":{"@type":"PropertyValueSpecification","valueRequired":true,"valueName":"search_term_string"}}],"inLanguage":"es"},{"@type":"Person","@id":"https:\/\/www.caudete.org\/ayuntamiento\/#\/schema\/person\/cc646da9133078ee4d8dd47457947253","name":"alcalde","image":{"@type":"ImageObject","inLanguage":"es","@id":"https:\/\/secure.gravatar.com\/avatar\/84a817ba065b29ff08d666b215a215f5c79186a645ccb25b14a663d48a130f77?s=96&d=mm&r=g","url":"https:\/\/secure.gravatar.com\/avatar\/84a817ba065b29ff08d666b215a215f5c79186a645ccb25b14a663d48a130f77?s=96&d=mm&r=g","contentUrl":"https:\/\/secure.gravatar.com\/avatar\/84a817ba065b29ff08d666b215a215f5c79186a645ccb25b14a663d48a130f77?s=96&d=mm&r=g","caption":"alcalde"},"url":"https:\/\/www.caudete.org\/ayuntamiento\/author\/alcalde\/"}]}},"_links":{"self":[{"href":"https:\/\/www.caudete.org\/ayuntamiento\/wp-json\/wp\/v2\/posts\/23251","targetHints":{"allow":["GET"]}}],"collection":[{"href":"https:\/\/www.caudete.org\/ayuntamiento\/wp-json\/wp\/v2\/posts"}],"about":[{"href":"https:\/\/www.caudete.org\/ayuntamiento\/wp-json\/wp\/v2\/types\/post"}],"author":[{"embeddable":true,"href":"https:\/\/www.caudete.org\/ayuntamiento\/wp-json\/wp\/v2\/users\/3"}],"replies":[{"embeddable":true,"href":"https:\/\/www.caudete.org\/ayuntamiento\/wp-json\/wp\/v2\/comments?post=23251"}],"version-history":[{"count":1,"href":"https:\/\/www.caudete.org\/ayuntamiento\/wp-json\/wp\/v2\/posts\/23251\/revisions"}],"predecessor-version":[{"id":23254,"href":"https:\/\/www.caudete.org\/ayuntamiento\/wp-json\/wp\/v2\/posts\/23251\/revisions\/23254"}],"wp:featuredmedia":[{"embeddable":true,"href":"https:\/\/www.caudete.org\/ayuntamiento\/wp-json\/wp\/v2\/media\/23253"}],"wp:attachment":[{"href":"https:\/\/www.caudete.org\/ayuntamiento\/wp-json\/wp\/v2\/media?parent=23251"}],"wp:term":[{"taxonomy":"category","embeddable":true,"href":"https:\/\/www.caudete.org\/ayuntamiento\/wp-json\/wp\/v2\/categories?post=23251"},{"taxonomy":"post_tag","embeddable":true,"href":"https:\/\/www.caudete.org\/ayuntamiento\/wp-json\/wp\/v2\/tags?post=23251"}],"curies":[{"name":"wp","href":"https:\/\/api.w.org\/{rel}","templated":true}]}}