{"id":23265,"date":"2023-09-01T16:01:08","date_gmt":"2023-09-01T14:01:08","guid":{"rendered":"https:\/\/www.caudete.org\/ayuntamiento\/?p=23265"},"modified":"2023-09-01T16:01:08","modified_gmt":"2023-09-01T14:01:08","slug":"el-encendido-de-luces-se-producira-esta-noche-con-el-inicio-del-concierto-de-musica-festera","status":"publish","type":"post","link":"https:\/\/www.caudete.org\/ayuntamiento\/el-encendido-de-luces-se-producira-esta-noche-con-el-inicio-del-concierto-de-musica-festera\/","title":{"rendered":"El ENCENDIDO DE LUCES se producir\u00e1 esta noche con el inicio del Concierto de M\u00fasica Festera"},"content":{"rendered":"<p style=\"text-align: justify;\">Esta noche Caudete da el pistoletazo de salida a las Fiestas Patronales de Moros y Cristianos 2023 con el Concierto de M\u00fasica Festera que realizar\u00e1 la Sdad. Uni\u00f3n Musical Santa Cecilia a las 22.00 horas en la Plaza de Ntra. Sra. del Carmen.<\/p>\n<p style=\"text-align: justify;\">Ese momento, el comienzo del Concierto, ha sido tambi\u00e9n el elegido por el Consistorio para activar el alumbrado especial que ha sido instalado por numerosas calles del municipio, y que estar\u00e1n dando color y ambiente a fiesta desde esta noche y hasta la madrugada del 11 de Septiembre. Tras ello, y si la meteorolog\u00eda lo permite, Caudete ir\u00e1 celebrando acto tras acto hasta dar comienzo oficialmente las Fiestas el pr\u00f3ximo martes d\u00eda 5.<\/p>\n<p style=\"text-align: justify;\">El Concejal de Fiestas, Francisco Medina, detallaba que la iluminaci\u00f3n y decoraci\u00f3n especial que visten nuestras calles es similar a la disfrutada el pasado a\u00f1o, con estilos diferentes para el recorrido de las Procesiones, Entrada, Enhorabuena o por ejemplo, la Retreta.<\/p>\n<p>&nbsp;<\/p>\n","protected":false},"excerpt":{"rendered":"<p>Esta noche Caudete da el pistoletazo de salida a las Fiestas Patronales de Moros y Cristianos 2023 con el Concierto de M\u00fasica Festera que realizar\u00e1 la Sdad. Uni\u00f3n Musical Santa Cecilia a las 22.00 horas en la Plaza de Ntra. Sra. del Carmen. Ese momento, el comienzo del Concierto, ha sido tambi\u00e9n el elegido por &hellip;<\/p>\n","protected":false},"author":3,"featured_media":23266,"comment_status":"closed","ping_status":"open","sticky":false,"template":"","format":"standard","meta":{"ngg_post_thumbnail":0,"footnotes":""},"categories":[31],"tags":[],"class_list":["post-23265","post","type-post","status-publish","format-standard","has-post-thumbnail","hentry","category-fiestas"],"yoast_head":"<!-- This site is optimized with the Yoast SEO plugin v27.5 - https:\/\/yoast.com\/product\/yoast-seo-wordpress\/ -->\n<title>El ENCENDIDO DE LUCES se producir\u00e1 esta noche con el inicio del Concierto de M\u00fasica Festera - MI Ayuntamiento de Caudete<\/title>\n<meta name=\"description\" content=\"P\u00e1gina Oficial del Ayuntamiento de Caudete (Albacete)\" \/>\n<meta name=\"robots\" content=\"index, follow, max-snippet:-1, max-image-preview:large, max-video-preview:-1\" \/>\n<link rel=\"canonical\" href=\"https:\/\/www.caudete.org\/ayuntamiento\/el-encendido-de-luces-se-producira-esta-noche-con-el-inicio-del-concierto-de-musica-festera\/\" \/>\n<meta property=\"og:locale\" content=\"es_ES\" \/>\n<meta property=\"og:type\" content=\"article\" \/>\n<meta property=\"og:title\" content=\"El ENCENDIDO DE LUCES se producir\u00e1 esta noche con el inicio del Concierto de M\u00fasica Festera - MI Ayuntamiento de Caudete\" \/>\n<meta property=\"og:description\" content=\"P\u00e1gina Oficial del Ayuntamiento de Caudete (Albacete)\" \/>\n<meta property=\"og:url\" content=\"https:\/\/www.caudete.org\/ayuntamiento\/el-encendido-de-luces-se-producira-esta-noche-con-el-inicio-del-concierto-de-musica-festera\/\" \/>\n<meta property=\"og:site_name\" content=\"MI Ayuntamiento de Caudete\" \/>\n<meta property=\"article:publisher\" content=\"https:\/\/www.facebook.com\/ayuntamientocaudete\/\" \/>\n<meta property=\"article:published_time\" content=\"2023-09-01T14:01:08+00:00\" \/>\n<meta property=\"og:image\" content=\"https:\/\/www.caudete.org\/ayuntamiento\/wp-content\/uploads\/2023\/09\/luces_5_caudete_digital-2.jpg\" \/>\n\t<meta property=\"og:image:width\" content=\"800\" \/>\n\t<meta property=\"og:image:height\" content=\"450\" \/>\n\t<meta property=\"og:image:type\" content=\"image\/jpeg\" \/>\n<meta name=\"author\" content=\"alcalde\" \/>\n<meta name=\"twitter:card\" content=\"summary_large_image\" \/>\n<meta name=\"twitter:label1\" content=\"Escrito por\" \/>\n\t<meta name=\"twitter:data1\" content=\"alcalde\" \/>\n\t<meta name=\"twitter:label2\" content=\"Tiempo de lectura\" \/>\n\t<meta name=\"twitter:data2\" content=\"1 minuto\" \/>\n<script type=\"application\/ld+json\" class=\"yoast-schema-graph\">{\"@context\":\"https:\\\/\\\/schema.org\",\"@graph\":[{\"@type\":\"Article\",\"@id\":\"https:\\\/\\\/www.caudete.org\\\/ayuntamiento\\\/el-encendido-de-luces-se-producira-esta-noche-con-el-inicio-del-concierto-de-musica-festera\\\/#article\",\"isPartOf\":{\"@id\":\"https:\\\/\\\/www.caudete.org\\\/ayuntamiento\\\/el-encendido-de-luces-se-producira-esta-noche-con-el-inicio-del-concierto-de-musica-festera\\\/\"},\"author\":{\"name\":\"alcalde\",\"@id\":\"https:\\\/\\\/www.caudete.org\\\/ayuntamiento\\\/#\\\/schema\\\/person\\\/cc646da9133078ee4d8dd47457947253\"},\"headline\":\"El ENCENDIDO DE LUCES se producir\u00e1 esta noche con el inicio del Concierto de M\u00fasica Festera\",\"datePublished\":\"2023-09-01T14:01:08+00:00\",\"mainEntityOfPage\":{\"@id\":\"https:\\\/\\\/www.caudete.org\\\/ayuntamiento\\\/el-encendido-de-luces-se-producira-esta-noche-con-el-inicio-del-concierto-de-musica-festera\\\/\"},\"wordCount\":181,\"image\":{\"@id\":\"https:\\\/\\\/www.caudete.org\\\/ayuntamiento\\\/el-encendido-de-luces-se-producira-esta-noche-con-el-inicio-del-concierto-de-musica-festera\\\/#primaryimage\"},\"thumbnailUrl\":\"https:\\\/\\\/www.caudete.org\\\/ayuntamiento\\\/wp-content\\\/uploads\\\/2023\\\/09\\\/luces_5_caudete_digital-2.jpg\",\"articleSection\":[\"Fiestas\"],\"inLanguage\":\"es\"},{\"@type\":\"WebPage\",\"@id\":\"https:\\\/\\\/www.caudete.org\\\/ayuntamiento\\\/el-encendido-de-luces-se-producira-esta-noche-con-el-inicio-del-concierto-de-musica-festera\\\/\",\"url\":\"https:\\\/\\\/www.caudete.org\\\/ayuntamiento\\\/el-encendido-de-luces-se-producira-esta-noche-con-el-inicio-del-concierto-de-musica-festera\\\/\",\"name\":\"El ENCENDIDO DE LUCES se producir\u00e1 esta noche con el inicio del Concierto de M\u00fasica Festera - MI Ayuntamiento de Caudete\",\"isPartOf\":{\"@id\":\"https:\\\/\\\/www.caudete.org\\\/ayuntamiento\\\/#website\"},\"primaryImageOfPage\":{\"@id\":\"https:\\\/\\\/www.caudete.org\\\/ayuntamiento\\\/el-encendido-de-luces-se-producira-esta-noche-con-el-inicio-del-concierto-de-musica-festera\\\/#primaryimage\"},\"image\":{\"@id\":\"https:\\\/\\\/www.caudete.org\\\/ayuntamiento\\\/el-encendido-de-luces-se-producira-esta-noche-con-el-inicio-del-concierto-de-musica-festera\\\/#primaryimage\"},\"thumbnailUrl\":\"https:\\\/\\\/www.caudete.org\\\/ayuntamiento\\\/wp-content\\\/uploads\\\/2023\\\/09\\\/luces_5_caudete_digital-2.jpg\",\"datePublished\":\"2023-09-01T14:01:08+00:00\",\"author\":{\"@id\":\"https:\\\/\\\/www.caudete.org\\\/ayuntamiento\\\/#\\\/schema\\\/person\\\/cc646da9133078ee4d8dd47457947253\"},\"description\":\"P\u00e1gina Oficial del Ayuntamiento de Caudete (Albacete)\",\"breadcrumb\":{\"@id\":\"https:\\\/\\\/www.caudete.org\\\/ayuntamiento\\\/el-encendido-de-luces-se-producira-esta-noche-con-el-inicio-del-concierto-de-musica-festera\\\/#breadcrumb\"},\"inLanguage\":\"es\",\"potentialAction\":[{\"@type\":\"ReadAction\",\"target\":[\"https:\\\/\\\/www.caudete.org\\\/ayuntamiento\\\/el-encendido-de-luces-se-producira-esta-noche-con-el-inicio-del-concierto-de-musica-festera\\\/\"]}]},{\"@type\":\"ImageObject\",\"inLanguage\":\"es\",\"@id\":\"https:\\\/\\\/www.caudete.org\\\/ayuntamiento\\\/el-encendido-de-luces-se-producira-esta-noche-con-el-inicio-del-concierto-de-musica-festera\\\/#primaryimage\",\"url\":\"https:\\\/\\\/www.caudete.org\\\/ayuntamiento\\\/wp-content\\\/uploads\\\/2023\\\/09\\\/luces_5_caudete_digital-2.jpg\",\"contentUrl\":\"https:\\\/\\\/www.caudete.org\\\/ayuntamiento\\\/wp-content\\\/uploads\\\/2023\\\/09\\\/luces_5_caudete_digital-2.jpg\",\"width\":800,\"height\":450},{\"@type\":\"BreadcrumbList\",\"@id\":\"https:\\\/\\\/www.caudete.org\\\/ayuntamiento\\\/el-encendido-de-luces-se-producira-esta-noche-con-el-inicio-del-concierto-de-musica-festera\\\/#breadcrumb\",\"itemListElement\":[{\"@type\":\"ListItem\",\"position\":1,\"name\":\"Inicio\",\"item\":\"https:\\\/\\\/www.caudete.org\\\/ayuntamiento\\\/\"},{\"@type\":\"ListItem\",\"position\":2,\"name\":\"El ENCENDIDO DE LUCES se producir\u00e1 esta noche con el inicio del Concierto de M\u00fasica Festera\"}]},{\"@type\":\"WebSite\",\"@id\":\"https:\\\/\\\/www.caudete.org\\\/ayuntamiento\\\/#website\",\"url\":\"https:\\\/\\\/www.caudete.org\\\/ayuntamiento\\\/\",\"name\":\"MI Ayuntamiento de Caudete\",\"description\":\"P\u00e1gina Oficial del MI Ayuntamiento de Caudete\",\"potentialAction\":[{\"@type\":\"SearchAction\",\"target\":{\"@type\":\"EntryPoint\",\"urlTemplate\":\"https:\\\/\\\/www.caudete.org\\\/ayuntamiento\\\/?s={search_term_string}\"},\"query-input\":{\"@type\":\"PropertyValueSpecification\",\"valueRequired\":true,\"valueName\":\"search_term_string\"}}],\"inLanguage\":\"es\"},{\"@type\":\"Person\",\"@id\":\"https:\\\/\\\/www.caudete.org\\\/ayuntamiento\\\/#\\\/schema\\\/person\\\/cc646da9133078ee4d8dd47457947253\",\"name\":\"alcalde\",\"image\":{\"@type\":\"ImageObject\",\"inLanguage\":\"es\",\"@id\":\"https:\\\/\\\/secure.gravatar.com\\\/avatar\\\/84a817ba065b29ff08d666b215a215f5c79186a645ccb25b14a663d48a130f77?s=96&d=mm&r=g\",\"url\":\"https:\\\/\\\/secure.gravatar.com\\\/avatar\\\/84a817ba065b29ff08d666b215a215f5c79186a645ccb25b14a663d48a130f77?s=96&d=mm&r=g\",\"contentUrl\":\"https:\\\/\\\/secure.gravatar.com\\\/avatar\\\/84a817ba065b29ff08d666b215a215f5c79186a645ccb25b14a663d48a130f77?s=96&d=mm&r=g\",\"caption\":\"alcalde\"},\"url\":\"https:\\\/\\\/www.caudete.org\\\/ayuntamiento\\\/author\\\/alcalde\\\/\"}]}<\/script>\n<!-- \/ Yoast SEO plugin. -->","yoast_head_json":{"title":"El ENCENDIDO DE LUCES se producir\u00e1 esta noche con el inicio del Concierto de M\u00fasica Festera - MI Ayuntamiento de Caudete","description":"P\u00e1gina Oficial del Ayuntamiento de Caudete (Albacete)","robots":{"index":"index","follow":"follow","max-snippet":"max-snippet:-1","max-image-preview":"max-image-preview:large","max-video-preview":"max-video-preview:-1"},"canonical":"https:\/\/www.caudete.org\/ayuntamiento\/el-encendido-de-luces-se-producira-esta-noche-con-el-inicio-del-concierto-de-musica-festera\/","og_locale":"es_ES","og_type":"article","og_title":"El ENCENDIDO DE LUCES se producir\u00e1 esta noche con el inicio del Concierto de M\u00fasica Festera - MI Ayuntamiento de Caudete","og_description":"P\u00e1gina Oficial del Ayuntamiento de Caudete (Albacete)","og_url":"https:\/\/www.caudete.org\/ayuntamiento\/el-encendido-de-luces-se-producira-esta-noche-con-el-inicio-del-concierto-de-musica-festera\/","og_site_name":"MI Ayuntamiento de Caudete","article_publisher":"https:\/\/www.facebook.com\/ayuntamientocaudete\/","article_published_time":"2023-09-01T14:01:08+00:00","og_image":[{"width":800,"height":450,"url":"https:\/\/www.caudete.org\/ayuntamiento\/wp-content\/uploads\/2023\/09\/luces_5_caudete_digital-2.jpg","type":"image\/jpeg"}],"author":"alcalde","twitter_card":"summary_large_image","twitter_misc":{"Escrito por":"alcalde","Tiempo de lectura":"1 minuto"},"schema":{"@context":"https:\/\/schema.org","@graph":[{"@type":"Article","@id":"https:\/\/www.caudete.org\/ayuntamiento\/el-encendido-de-luces-se-producira-esta-noche-con-el-inicio-del-concierto-de-musica-festera\/#article","isPartOf":{"@id":"https:\/\/www.caudete.org\/ayuntamiento\/el-encendido-de-luces-se-producira-esta-noche-con-el-inicio-del-concierto-de-musica-festera\/"},"author":{"name":"alcalde","@id":"https:\/\/www.caudete.org\/ayuntamiento\/#\/schema\/person\/cc646da9133078ee4d8dd47457947253"},"headline":"El ENCENDIDO DE LUCES se producir\u00e1 esta noche con el inicio del Concierto de M\u00fasica Festera","datePublished":"2023-09-01T14:01:08+00:00","mainEntityOfPage":{"@id":"https:\/\/www.caudete.org\/ayuntamiento\/el-encendido-de-luces-se-producira-esta-noche-con-el-inicio-del-concierto-de-musica-festera\/"},"wordCount":181,"image":{"@id":"https:\/\/www.caudete.org\/ayuntamiento\/el-encendido-de-luces-se-producira-esta-noche-con-el-inicio-del-concierto-de-musica-festera\/#primaryimage"},"thumbnailUrl":"https:\/\/www.caudete.org\/ayuntamiento\/wp-content\/uploads\/2023\/09\/luces_5_caudete_digital-2.jpg","articleSection":["Fiestas"],"inLanguage":"es"},{"@type":"WebPage","@id":"https:\/\/www.caudete.org\/ayuntamiento\/el-encendido-de-luces-se-producira-esta-noche-con-el-inicio-del-concierto-de-musica-festera\/","url":"https:\/\/www.caudete.org\/ayuntamiento\/el-encendido-de-luces-se-producira-esta-noche-con-el-inicio-del-concierto-de-musica-festera\/","name":"El ENCENDIDO DE LUCES se producir\u00e1 esta noche con el inicio del Concierto de M\u00fasica Festera - MI Ayuntamiento de Caudete","isPartOf":{"@id":"https:\/\/www.caudete.org\/ayuntamiento\/#website"},"primaryImageOfPage":{"@id":"https:\/\/www.caudete.org\/ayuntamiento\/el-encendido-de-luces-se-producira-esta-noche-con-el-inicio-del-concierto-de-musica-festera\/#primaryimage"},"image":{"@id":"https:\/\/www.caudete.org\/ayuntamiento\/el-encendido-de-luces-se-producira-esta-noche-con-el-inicio-del-concierto-de-musica-festera\/#primaryimage"},"thumbnailUrl":"https:\/\/www.caudete.org\/ayuntamiento\/wp-content\/uploads\/2023\/09\/luces_5_caudete_digital-2.jpg","datePublished":"2023-09-01T14:01:08+00:00","author":{"@id":"https:\/\/www.caudete.org\/ayuntamiento\/#\/schema\/person\/cc646da9133078ee4d8dd47457947253"},"description":"P\u00e1gina Oficial del Ayuntamiento de Caudete (Albacete)","breadcrumb":{"@id":"https:\/\/www.caudete.org\/ayuntamiento\/el-encendido-de-luces-se-producira-esta-noche-con-el-inicio-del-concierto-de-musica-festera\/#breadcrumb"},"inLanguage":"es","potentialAction":[{"@type":"ReadAction","target":["https:\/\/www.caudete.org\/ayuntamiento\/el-encendido-de-luces-se-producira-esta-noche-con-el-inicio-del-concierto-de-musica-festera\/"]}]},{"@type":"ImageObject","inLanguage":"es","@id":"https:\/\/www.caudete.org\/ayuntamiento\/el-encendido-de-luces-se-producira-esta-noche-con-el-inicio-del-concierto-de-musica-festera\/#primaryimage","url":"https:\/\/www.caudete.org\/ayuntamiento\/wp-content\/uploads\/2023\/09\/luces_5_caudete_digital-2.jpg","contentUrl":"https:\/\/www.caudete.org\/ayuntamiento\/wp-content\/uploads\/2023\/09\/luces_5_caudete_digital-2.jpg","width":800,"height":450},{"@type":"BreadcrumbList","@id":"https:\/\/www.caudete.org\/ayuntamiento\/el-encendido-de-luces-se-producira-esta-noche-con-el-inicio-del-concierto-de-musica-festera\/#breadcrumb","itemListElement":[{"@type":"ListItem","position":1,"name":"Inicio","item":"https:\/\/www.caudete.org\/ayuntamiento\/"},{"@type":"ListItem","position":2,"name":"El ENCENDIDO DE LUCES se producir\u00e1 esta noche con el inicio del Concierto de M\u00fasica Festera"}]},{"@type":"WebSite","@id":"https:\/\/www.caudete.org\/ayuntamiento\/#website","url":"https:\/\/www.caudete.org\/ayuntamiento\/","name":"MI Ayuntamiento de Caudete","description":"P\u00e1gina Oficial del MI Ayuntamiento de Caudete","potentialAction":[{"@type":"SearchAction","target":{"@type":"EntryPoint","urlTemplate":"https:\/\/www.caudete.org\/ayuntamiento\/?s={search_term_string}"},"query-input":{"@type":"PropertyValueSpecification","valueRequired":true,"valueName":"search_term_string"}}],"inLanguage":"es"},{"@type":"Person","@id":"https:\/\/www.caudete.org\/ayuntamiento\/#\/schema\/person\/cc646da9133078ee4d8dd47457947253","name":"alcalde","image":{"@type":"ImageObject","inLanguage":"es","@id":"https:\/\/secure.gravatar.com\/avatar\/84a817ba065b29ff08d666b215a215f5c79186a645ccb25b14a663d48a130f77?s=96&d=mm&r=g","url":"https:\/\/secure.gravatar.com\/avatar\/84a817ba065b29ff08d666b215a215f5c79186a645ccb25b14a663d48a130f77?s=96&d=mm&r=g","contentUrl":"https:\/\/secure.gravatar.com\/avatar\/84a817ba065b29ff08d666b215a215f5c79186a645ccb25b14a663d48a130f77?s=96&d=mm&r=g","caption":"alcalde"},"url":"https:\/\/www.caudete.org\/ayuntamiento\/author\/alcalde\/"}]}},"_links":{"self":[{"href":"https:\/\/www.caudete.org\/ayuntamiento\/wp-json\/wp\/v2\/posts\/23265","targetHints":{"allow":["GET"]}}],"collection":[{"href":"https:\/\/www.caudete.org\/ayuntamiento\/wp-json\/wp\/v2\/posts"}],"about":[{"href":"https:\/\/www.caudete.org\/ayuntamiento\/wp-json\/wp\/v2\/types\/post"}],"author":[{"embeddable":true,"href":"https:\/\/www.caudete.org\/ayuntamiento\/wp-json\/wp\/v2\/users\/3"}],"replies":[{"embeddable":true,"href":"https:\/\/www.caudete.org\/ayuntamiento\/wp-json\/wp\/v2\/comments?post=23265"}],"version-history":[{"count":1,"href":"https:\/\/www.caudete.org\/ayuntamiento\/wp-json\/wp\/v2\/posts\/23265\/revisions"}],"predecessor-version":[{"id":23267,"href":"https:\/\/www.caudete.org\/ayuntamiento\/wp-json\/wp\/v2\/posts\/23265\/revisions\/23267"}],"wp:featuredmedia":[{"embeddable":true,"href":"https:\/\/www.caudete.org\/ayuntamiento\/wp-json\/wp\/v2\/media\/23266"}],"wp:attachment":[{"href":"https:\/\/www.caudete.org\/ayuntamiento\/wp-json\/wp\/v2\/media?parent=23265"}],"wp:term":[{"taxonomy":"category","embeddable":true,"href":"https:\/\/www.caudete.org\/ayuntamiento\/wp-json\/wp\/v2\/categories?post=23265"},{"taxonomy":"post_tag","embeddable":true,"href":"https:\/\/www.caudete.org\/ayuntamiento\/wp-json\/wp\/v2\/tags?post=23265"}],"curies":[{"name":"wp","href":"https:\/\/api.w.org\/{rel}","templated":true}]}}