{"id":23329,"date":"2023-09-14T14:40:33","date_gmt":"2023-09-14T12:40:33","guid":{"rendered":"https:\/\/www.caudete.org\/ayuntamiento\/?p=23329"},"modified":"2023-09-14T14:52:53","modified_gmt":"2023-09-14T12:52:53","slug":"nuevo-horario-de-la-sala-joven","status":"publish","type":"post","link":"https:\/\/www.caudete.org\/ayuntamiento\/nuevo-horario-de-la-sala-joven\/","title":{"rendered":"Nuevo horario de la Sala Joven"},"content":{"rendered":"<p>La concejala de Juventud M.\u00aa Dolores Requena informa del nuevo horario de apertura de la SALA JOVEN:<\/p>\n<p>Del 12 de septiembre y hasta el 23 de junio ser\u00e1 el siguiente:<\/p>\n<p>De LUNES a JUEVES de 9:00 h. a 14:00 h. y de 16:30 h. A 20:30 h.<br \/>\nVIERNES de 9:00 h. a 14:00 h. y de 17:00 h. 21:00 h.<br \/>\nS\u00c1BADOS Y DOMINGOS de 11:00 h. 14:00 h. y de17:00 h. a 21:00 h.<\/p>\n<p>Os recordamos las normas de uso de la Sala Joven y sus actividades:<br \/>\n1.Para hacer uso de la Sala joven es necesario tener el carn\u00e9 de la misma, este es gratuito y da acceso al pr\u00e9stamo de equipamiento l\u00fadico, materiales, espacios y acceso a los servicios de la Sala Joven que requieren su presentaci\u00f3n .Para solicitarlo, los interesados deber\u00e1n cumplir los requisitos exigidos y registrarse en la base de datos de usuarios de la Sala Joven de manera presencial<br \/>\n2. En horario escolar no podr\u00e1n acceder al centro los menores de 16 a\u00f1os.<br \/>\n3. El acceso a espacios de juego, espacios para actividades individuales o grupales, material l\u00fadico, conexi\u00f3n a internet y espacio inform\u00e1tico se realizara a trav\u00e9s del carn\u00e9 de usuario, as\u00ed como el acceso a actividades concretas dirigida a j\u00f3venes entre 12 y 30 a\u00f1os teniendo en cuenta adem\u00e1s las condiciones de participaci\u00f3n aprobadas en cada proyecto.<\/p>\n<p>La edil tambi\u00e9n informa a los usuarios que la SALA DE ESTUDIO ubicada en la <strong>Sala Joven<\/strong> ya se encuentra <span style=\"text-decoration: underline;\">correctamente insonorizada<\/span>.<\/p>\n<p>Os recordamos las condiciones necesarias para acceder a la sala de estudios y el horario de la misma.<\/p>\n<p>El horario es de lunes a domingo de 8:30 h. a 21.30 h. ininterrumpidamente<\/p>\n<p>Para acceder a las instalaciones las personas usuarias deber\u00e1n cumplir el siguiente requisito:<\/p>\n<p>Edad<br \/>\n*Tener cumplidos los 16 a\u00f1os o cumplirlos en el a\u00f1o vigente.<br \/>\n*En caso de no tener cumplidos los 18 a\u00f1os deber\u00e1n contar con la autorizaci\u00f3n expresa de sus padres o tutores.<br \/>\nJustificaci\u00f3n de ser estudiante<br \/>\n*Para ello bastar\u00e1 con la aportaci\u00f3n de la matr\u00edcula del Centro Educativo en el que curse estudios.<br \/>\n*En caso de estudiantes de oposiciones, mediante declaraci\u00f3n jurada.<\/p>\n<p>Para la utilizaci\u00f3n de la instalaci\u00f3n deber\u00e1:<br \/>\n*Rellenar una solicitud de inscripci\u00f3n para la impresi\u00f3n de la tarjeta de acceso en la Sala Joven.<br \/>\n*Una fotocopia de DNI, en caso de ser menor se adjuntara una autorizaci\u00f3n firmada por su tutor con fotocopia del DNI del mismo.<\/p>\n<p><a href=\"https:\/\/www.caudete.org\/ayuntamiento\/wp-content\/uploads\/2023\/09\/PORTADA-CARNET-copia.jpg\" rel='prettyPhoto'><img fetchpriority=\"high\" decoding=\"async\" class=\"aligncenter size-full wp-image-23333\" src=\"https:\/\/www.caudete.org\/ayuntamiento\/wp-content\/uploads\/2023\/09\/PORTADA-CARNET-copia.jpg\" alt=\"\" width=\"502\" height=\"319\" srcset=\"https:\/\/www.caudete.org\/ayuntamiento\/wp-content\/uploads\/2023\/09\/PORTADA-CARNET-copia.jpg 502w, https:\/\/www.caudete.org\/ayuntamiento\/wp-content\/uploads\/2023\/09\/PORTADA-CARNET-copia-300x191.jpg 300w\" sizes=\"(max-width: 502px) 100vw, 502px\" \/><\/a><\/p>\n<p><a href=\"https:\/\/www.caudete.org\/ayuntamiento\/wp-content\/uploads\/2023\/09\/WhatsApp-Image-2023-09-13-at-13.56.32.jpg\" rel='prettyPhoto'><img decoding=\"async\" class=\"aligncenter size-full wp-image-23331\" src=\"https:\/\/www.caudete.org\/ayuntamiento\/wp-content\/uploads\/2023\/09\/WhatsApp-Image-2023-09-13-at-13.56.32.jpg\" alt=\"\" width=\"800\" height=\"600\" srcset=\"https:\/\/www.caudete.org\/ayuntamiento\/wp-content\/uploads\/2023\/09\/WhatsApp-Image-2023-09-13-at-13.56.32.jpg 800w, https:\/\/www.caudete.org\/ayuntamiento\/wp-content\/uploads\/2023\/09\/WhatsApp-Image-2023-09-13-at-13.56.32-300x225.jpg 300w, https:\/\/www.caudete.org\/ayuntamiento\/wp-content\/uploads\/2023\/09\/WhatsApp-Image-2023-09-13-at-13.56.32-768x576.jpg 768w\" sizes=\"(max-width: 800px) 100vw, 800px\" \/><\/a> <a href=\"https:\/\/www.caudete.org\/ayuntamiento\/wp-content\/uploads\/2023\/09\/WhatsApp-Image-2023-09-13-at-13.57.01.jpg\" rel='prettyPhoto'><img decoding=\"async\" class=\"aligncenter size-full wp-image-23332\" src=\"https:\/\/www.caudete.org\/ayuntamiento\/wp-content\/uploads\/2023\/09\/WhatsApp-Image-2023-09-13-at-13.57.01.jpg\" alt=\"\" width=\"800\" height=\"600\" srcset=\"https:\/\/www.caudete.org\/ayuntamiento\/wp-content\/uploads\/2023\/09\/WhatsApp-Image-2023-09-13-at-13.57.01.jpg 800w, https:\/\/www.caudete.org\/ayuntamiento\/wp-content\/uploads\/2023\/09\/WhatsApp-Image-2023-09-13-at-13.57.01-300x225.jpg 300w, https:\/\/www.caudete.org\/ayuntamiento\/wp-content\/uploads\/2023\/09\/WhatsApp-Image-2023-09-13-at-13.57.01-768x576.jpg 768w\" sizes=\"(max-width: 800px) 100vw, 800px\" \/><\/a><\/p>\n","protected":false},"excerpt":{"rendered":"<p>La concejala de Juventud M.\u00aa Dolores Requena informa del nuevo horario de apertura de la SALA JOVEN: Del 12 de septiembre y hasta el 23 de junio ser\u00e1 el siguiente: De LUNES a JUEVES de 9:00 h. a 14:00 h. y de 16:30 h. A 20:30 h. VIERNES de 9:00 h. a 14:00 h. y &hellip;<\/p>\n","protected":false},"author":1,"featured_media":23330,"comment_status":"closed","ping_status":"open","sticky":false,"template":"","format":"standard","meta":{"ngg_post_thumbnail":0,"footnotes":""},"categories":[121],"tags":[],"class_list":["post-23329","post","type-post","status-publish","format-standard","has-post-thumbnail","hentry","category-juventud-2"],"yoast_head":"<!-- This site is optimized with the Yoast SEO plugin v27.5 - https:\/\/yoast.com\/product\/yoast-seo-wordpress\/ -->\n<title>Nuevo horario de la Sala Joven - MI Ayuntamiento de Caudete<\/title>\n<meta name=\"description\" content=\"P\u00e1gina Oficial del Ayuntamiento de Caudete (Albacete)\" \/>\n<meta name=\"robots\" content=\"index, follow, max-snippet:-1, max-image-preview:large, max-video-preview:-1\" \/>\n<link rel=\"canonical\" href=\"https:\/\/www.caudete.org\/ayuntamiento\/nuevo-horario-de-la-sala-joven\/\" \/>\n<meta property=\"og:locale\" content=\"es_ES\" \/>\n<meta property=\"og:type\" content=\"article\" \/>\n<meta property=\"og:title\" content=\"Nuevo horario de la Sala Joven - MI Ayuntamiento de Caudete\" \/>\n<meta property=\"og:description\" content=\"P\u00e1gina Oficial del Ayuntamiento de Caudete (Albacete)\" \/>\n<meta property=\"og:url\" content=\"https:\/\/www.caudete.org\/ayuntamiento\/nuevo-horario-de-la-sala-joven\/\" \/>\n<meta property=\"og:site_name\" content=\"MI Ayuntamiento de Caudete\" \/>\n<meta property=\"article:publisher\" content=\"https:\/\/www.facebook.com\/ayuntamientocaudete\/\" \/>\n<meta property=\"article:published_time\" content=\"2023-09-14T12:40:33+00:00\" \/>\n<meta property=\"article:modified_time\" content=\"2023-09-14T12:52:53+00:00\" \/>\n<meta property=\"og:image\" content=\"https:\/\/www.caudete.org\/ayuntamiento\/wp-content\/uploads\/2023\/09\/Cabeceras-facebook-02-port.jpg\" \/>\n\t<meta property=\"og:image:width\" content=\"800\" \/>\n\t<meta property=\"og:image:height\" content=\"298\" \/>\n\t<meta property=\"og:image:type\" content=\"image\/jpeg\" \/>\n<meta name=\"author\" content=\"ayun\" \/>\n<meta name=\"twitter:card\" content=\"summary_large_image\" \/>\n<meta name=\"twitter:label1\" content=\"Escrito por\" \/>\n\t<meta name=\"twitter:data1\" content=\"ayun\" \/>\n\t<meta name=\"twitter:label2\" content=\"Tiempo de lectura\" \/>\n\t<meta name=\"twitter:data2\" content=\"3 minutos\" \/>\n<script type=\"application\/ld+json\" class=\"yoast-schema-graph\">{\"@context\":\"https:\\\/\\\/schema.org\",\"@graph\":[{\"@type\":\"Article\",\"@id\":\"https:\\\/\\\/www.caudete.org\\\/ayuntamiento\\\/nuevo-horario-de-la-sala-joven\\\/#article\",\"isPartOf\":{\"@id\":\"https:\\\/\\\/www.caudete.org\\\/ayuntamiento\\\/nuevo-horario-de-la-sala-joven\\\/\"},\"author\":{\"name\":\"ayun\",\"@id\":\"https:\\\/\\\/www.caudete.org\\\/ayuntamiento\\\/#\\\/schema\\\/person\\\/79f7e19fdd176fc2bc7a289013dc2056\"},\"headline\":\"Nuevo horario de la Sala Joven\",\"datePublished\":\"2023-09-14T12:40:33+00:00\",\"dateModified\":\"2023-09-14T12:52:53+00:00\",\"mainEntityOfPage\":{\"@id\":\"https:\\\/\\\/www.caudete.org\\\/ayuntamiento\\\/nuevo-horario-de-la-sala-joven\\\/\"},\"wordCount\":414,\"publisher\":{\"@id\":\"https:\\\/\\\/www.caudete.org\\\/ayuntamiento\\\/#organization\"},\"image\":{\"@id\":\"https:\\\/\\\/www.caudete.org\\\/ayuntamiento\\\/nuevo-horario-de-la-sala-joven\\\/#primaryimage\"},\"thumbnailUrl\":\"https:\\\/\\\/www.caudete.org\\\/ayuntamiento\\\/wp-content\\\/uploads\\\/2023\\\/09\\\/Cabeceras-facebook-02-port.jpg\",\"articleSection\":[\"Juventud\"],\"inLanguage\":\"es\"},{\"@type\":\"WebPage\",\"@id\":\"https:\\\/\\\/www.caudete.org\\\/ayuntamiento\\\/nuevo-horario-de-la-sala-joven\\\/\",\"url\":\"https:\\\/\\\/www.caudete.org\\\/ayuntamiento\\\/nuevo-horario-de-la-sala-joven\\\/\",\"name\":\"Nuevo horario de la Sala Joven - MI Ayuntamiento de Caudete\",\"isPartOf\":{\"@id\":\"https:\\\/\\\/www.caudete.org\\\/ayuntamiento\\\/#website\"},\"primaryImageOfPage\":{\"@id\":\"https:\\\/\\\/www.caudete.org\\\/ayuntamiento\\\/nuevo-horario-de-la-sala-joven\\\/#primaryimage\"},\"image\":{\"@id\":\"https:\\\/\\\/www.caudete.org\\\/ayuntamiento\\\/nuevo-horario-de-la-sala-joven\\\/#primaryimage\"},\"thumbnailUrl\":\"https:\\\/\\\/www.caudete.org\\\/ayuntamiento\\\/wp-content\\\/uploads\\\/2023\\\/09\\\/Cabeceras-facebook-02-port.jpg\",\"datePublished\":\"2023-09-14T12:40:33+00:00\",\"dateModified\":\"2023-09-14T12:52:53+00:00\",\"description\":\"P\u00e1gina Oficial del Ayuntamiento de Caudete (Albacete)\",\"breadcrumb\":{\"@id\":\"https:\\\/\\\/www.caudete.org\\\/ayuntamiento\\\/nuevo-horario-de-la-sala-joven\\\/#breadcrumb\"},\"inLanguage\":\"es\",\"potentialAction\":[{\"@type\":\"ReadAction\",\"target\":[\"https:\\\/\\\/www.caudete.org\\\/ayuntamiento\\\/nuevo-horario-de-la-sala-joven\\\/\"]}]},{\"@type\":\"ImageObject\",\"inLanguage\":\"es\",\"@id\":\"https:\\\/\\\/www.caudete.org\\\/ayuntamiento\\\/nuevo-horario-de-la-sala-joven\\\/#primaryimage\",\"url\":\"https:\\\/\\\/www.caudete.org\\\/ayuntamiento\\\/wp-content\\\/uploads\\\/2023\\\/09\\\/Cabeceras-facebook-02-port.jpg\",\"contentUrl\":\"https:\\\/\\\/www.caudete.org\\\/ayuntamiento\\\/wp-content\\\/uploads\\\/2023\\\/09\\\/Cabeceras-facebook-02-port.jpg\",\"width\":800,\"height\":298},{\"@type\":\"BreadcrumbList\",\"@id\":\"https:\\\/\\\/www.caudete.org\\\/ayuntamiento\\\/nuevo-horario-de-la-sala-joven\\\/#breadcrumb\",\"itemListElement\":[{\"@type\":\"ListItem\",\"position\":1,\"name\":\"Inicio\",\"item\":\"https:\\\/\\\/www.caudete.org\\\/ayuntamiento\\\/\"},{\"@type\":\"ListItem\",\"position\":2,\"name\":\"Nuevo horario de la Sala Joven\"}]},{\"@type\":\"WebSite\",\"@id\":\"https:\\\/\\\/www.caudete.org\\\/ayuntamiento\\\/#website\",\"url\":\"https:\\\/\\\/www.caudete.org\\\/ayuntamiento\\\/\",\"name\":\"MI Ayuntamiento de Caudete\",\"description\":\"P\u00e1gina Oficial del MI Ayuntamiento de Caudete\",\"publisher\":{\"@id\":\"https:\\\/\\\/www.caudete.org\\\/ayuntamiento\\\/#organization\"},\"potentialAction\":[{\"@type\":\"SearchAction\",\"target\":{\"@type\":\"EntryPoint\",\"urlTemplate\":\"https:\\\/\\\/www.caudete.org\\\/ayuntamiento\\\/?s={search_term_string}\"},\"query-input\":{\"@type\":\"PropertyValueSpecification\",\"valueRequired\":true,\"valueName\":\"search_term_string\"}}],\"inLanguage\":\"es\"},{\"@type\":\"Organization\",\"@id\":\"https:\\\/\\\/www.caudete.org\\\/ayuntamiento\\\/#organization\",\"name\":\"Ayuntamiento de Caudete\",\"url\":\"https:\\\/\\\/www.caudete.org\\\/ayuntamiento\\\/\",\"logo\":{\"@type\":\"ImageObject\",\"inLanguage\":\"es\",\"@id\":\"https:\\\/\\\/www.caudete.org\\\/ayuntamiento\\\/#\\\/schema\\\/logo\\\/image\\\/\",\"url\":\"https:\\\/\\\/www.caudete.org\\\/ayuntamiento\\\/wp-content\\\/uploads\\\/2020\\\/11\\\/logo_ayuntamiento_caudete.jpg\",\"contentUrl\":\"https:\\\/\\\/www.caudete.org\\\/ayuntamiento\\\/wp-content\\\/uploads\\\/2020\\\/11\\\/logo_ayuntamiento_caudete.jpg\",\"width\":600,\"height\":150,\"caption\":\"Ayuntamiento de Caudete\"},\"image\":{\"@id\":\"https:\\\/\\\/www.caudete.org\\\/ayuntamiento\\\/#\\\/schema\\\/logo\\\/image\\\/\"},\"sameAs\":[\"https:\\\/\\\/www.facebook.com\\\/ayuntamientocaudete\\\/\",\"https:\\\/\\\/www.youtube.com\\\/channel\\\/UC6VztHaooNsGpw-tNoBEFnQ\"]},{\"@type\":\"Person\",\"@id\":\"https:\\\/\\\/www.caudete.org\\\/ayuntamiento\\\/#\\\/schema\\\/person\\\/79f7e19fdd176fc2bc7a289013dc2056\",\"name\":\"ayun\",\"image\":{\"@type\":\"ImageObject\",\"inLanguage\":\"es\",\"@id\":\"https:\\\/\\\/secure.gravatar.com\\\/avatar\\\/4ce797ee07c943e7e592f8cd648e503e6cd571387558ed07135799c2bd2847df?s=96&d=mm&r=g\",\"url\":\"https:\\\/\\\/secure.gravatar.com\\\/avatar\\\/4ce797ee07c943e7e592f8cd648e503e6cd571387558ed07135799c2bd2847df?s=96&d=mm&r=g\",\"contentUrl\":\"https:\\\/\\\/secure.gravatar.com\\\/avatar\\\/4ce797ee07c943e7e592f8cd648e503e6cd571387558ed07135799c2bd2847df?s=96&d=mm&r=g\",\"caption\":\"ayun\"},\"sameAs\":[\"http:\\\/\\\/www.caudete.org\\\/ayuntamiento\"],\"url\":\"https:\\\/\\\/www.caudete.org\\\/ayuntamiento\\\/author\\\/ayun\\\/\"}]}<\/script>\n<!-- \/ Yoast SEO plugin. -->","yoast_head_json":{"title":"Nuevo horario de la Sala Joven - MI Ayuntamiento de Caudete","description":"P\u00e1gina Oficial del Ayuntamiento de Caudete (Albacete)","robots":{"index":"index","follow":"follow","max-snippet":"max-snippet:-1","max-image-preview":"max-image-preview:large","max-video-preview":"max-video-preview:-1"},"canonical":"https:\/\/www.caudete.org\/ayuntamiento\/nuevo-horario-de-la-sala-joven\/","og_locale":"es_ES","og_type":"article","og_title":"Nuevo horario de la Sala Joven - MI Ayuntamiento de Caudete","og_description":"P\u00e1gina Oficial del Ayuntamiento de Caudete (Albacete)","og_url":"https:\/\/www.caudete.org\/ayuntamiento\/nuevo-horario-de-la-sala-joven\/","og_site_name":"MI Ayuntamiento de Caudete","article_publisher":"https:\/\/www.facebook.com\/ayuntamientocaudete\/","article_published_time":"2023-09-14T12:40:33+00:00","article_modified_time":"2023-09-14T12:52:53+00:00","og_image":[{"width":800,"height":298,"url":"https:\/\/www.caudete.org\/ayuntamiento\/wp-content\/uploads\/2023\/09\/Cabeceras-facebook-02-port.jpg","type":"image\/jpeg"}],"author":"ayun","twitter_card":"summary_large_image","twitter_misc":{"Escrito por":"ayun","Tiempo de lectura":"3 minutos"},"schema":{"@context":"https:\/\/schema.org","@graph":[{"@type":"Article","@id":"https:\/\/www.caudete.org\/ayuntamiento\/nuevo-horario-de-la-sala-joven\/#article","isPartOf":{"@id":"https:\/\/www.caudete.org\/ayuntamiento\/nuevo-horario-de-la-sala-joven\/"},"author":{"name":"ayun","@id":"https:\/\/www.caudete.org\/ayuntamiento\/#\/schema\/person\/79f7e19fdd176fc2bc7a289013dc2056"},"headline":"Nuevo horario de la Sala Joven","datePublished":"2023-09-14T12:40:33+00:00","dateModified":"2023-09-14T12:52:53+00:00","mainEntityOfPage":{"@id":"https:\/\/www.caudete.org\/ayuntamiento\/nuevo-horario-de-la-sala-joven\/"},"wordCount":414,"publisher":{"@id":"https:\/\/www.caudete.org\/ayuntamiento\/#organization"},"image":{"@id":"https:\/\/www.caudete.org\/ayuntamiento\/nuevo-horario-de-la-sala-joven\/#primaryimage"},"thumbnailUrl":"https:\/\/www.caudete.org\/ayuntamiento\/wp-content\/uploads\/2023\/09\/Cabeceras-facebook-02-port.jpg","articleSection":["Juventud"],"inLanguage":"es"},{"@type":"WebPage","@id":"https:\/\/www.caudete.org\/ayuntamiento\/nuevo-horario-de-la-sala-joven\/","url":"https:\/\/www.caudete.org\/ayuntamiento\/nuevo-horario-de-la-sala-joven\/","name":"Nuevo horario de la Sala Joven - MI Ayuntamiento de Caudete","isPartOf":{"@id":"https:\/\/www.caudete.org\/ayuntamiento\/#website"},"primaryImageOfPage":{"@id":"https:\/\/www.caudete.org\/ayuntamiento\/nuevo-horario-de-la-sala-joven\/#primaryimage"},"image":{"@id":"https:\/\/www.caudete.org\/ayuntamiento\/nuevo-horario-de-la-sala-joven\/#primaryimage"},"thumbnailUrl":"https:\/\/www.caudete.org\/ayuntamiento\/wp-content\/uploads\/2023\/09\/Cabeceras-facebook-02-port.jpg","datePublished":"2023-09-14T12:40:33+00:00","dateModified":"2023-09-14T12:52:53+00:00","description":"P\u00e1gina Oficial del Ayuntamiento de Caudete (Albacete)","breadcrumb":{"@id":"https:\/\/www.caudete.org\/ayuntamiento\/nuevo-horario-de-la-sala-joven\/#breadcrumb"},"inLanguage":"es","potentialAction":[{"@type":"ReadAction","target":["https:\/\/www.caudete.org\/ayuntamiento\/nuevo-horario-de-la-sala-joven\/"]}]},{"@type":"ImageObject","inLanguage":"es","@id":"https:\/\/www.caudete.org\/ayuntamiento\/nuevo-horario-de-la-sala-joven\/#primaryimage","url":"https:\/\/www.caudete.org\/ayuntamiento\/wp-content\/uploads\/2023\/09\/Cabeceras-facebook-02-port.jpg","contentUrl":"https:\/\/www.caudete.org\/ayuntamiento\/wp-content\/uploads\/2023\/09\/Cabeceras-facebook-02-port.jpg","width":800,"height":298},{"@type":"BreadcrumbList","@id":"https:\/\/www.caudete.org\/ayuntamiento\/nuevo-horario-de-la-sala-joven\/#breadcrumb","itemListElement":[{"@type":"ListItem","position":1,"name":"Inicio","item":"https:\/\/www.caudete.org\/ayuntamiento\/"},{"@type":"ListItem","position":2,"name":"Nuevo horario de la Sala Joven"}]},{"@type":"WebSite","@id":"https:\/\/www.caudete.org\/ayuntamiento\/#website","url":"https:\/\/www.caudete.org\/ayuntamiento\/","name":"MI Ayuntamiento de Caudete","description":"P\u00e1gina Oficial del MI Ayuntamiento de Caudete","publisher":{"@id":"https:\/\/www.caudete.org\/ayuntamiento\/#organization"},"potentialAction":[{"@type":"SearchAction","target":{"@type":"EntryPoint","urlTemplate":"https:\/\/www.caudete.org\/ayuntamiento\/?s={search_term_string}"},"query-input":{"@type":"PropertyValueSpecification","valueRequired":true,"valueName":"search_term_string"}}],"inLanguage":"es"},{"@type":"Organization","@id":"https:\/\/www.caudete.org\/ayuntamiento\/#organization","name":"Ayuntamiento de Caudete","url":"https:\/\/www.caudete.org\/ayuntamiento\/","logo":{"@type":"ImageObject","inLanguage":"es","@id":"https:\/\/www.caudete.org\/ayuntamiento\/#\/schema\/logo\/image\/","url":"https:\/\/www.caudete.org\/ayuntamiento\/wp-content\/uploads\/2020\/11\/logo_ayuntamiento_caudete.jpg","contentUrl":"https:\/\/www.caudete.org\/ayuntamiento\/wp-content\/uploads\/2020\/11\/logo_ayuntamiento_caudete.jpg","width":600,"height":150,"caption":"Ayuntamiento de Caudete"},"image":{"@id":"https:\/\/www.caudete.org\/ayuntamiento\/#\/schema\/logo\/image\/"},"sameAs":["https:\/\/www.facebook.com\/ayuntamientocaudete\/","https:\/\/www.youtube.com\/channel\/UC6VztHaooNsGpw-tNoBEFnQ"]},{"@type":"Person","@id":"https:\/\/www.caudete.org\/ayuntamiento\/#\/schema\/person\/79f7e19fdd176fc2bc7a289013dc2056","name":"ayun","image":{"@type":"ImageObject","inLanguage":"es","@id":"https:\/\/secure.gravatar.com\/avatar\/4ce797ee07c943e7e592f8cd648e503e6cd571387558ed07135799c2bd2847df?s=96&d=mm&r=g","url":"https:\/\/secure.gravatar.com\/avatar\/4ce797ee07c943e7e592f8cd648e503e6cd571387558ed07135799c2bd2847df?s=96&d=mm&r=g","contentUrl":"https:\/\/secure.gravatar.com\/avatar\/4ce797ee07c943e7e592f8cd648e503e6cd571387558ed07135799c2bd2847df?s=96&d=mm&r=g","caption":"ayun"},"sameAs":["http:\/\/www.caudete.org\/ayuntamiento"],"url":"https:\/\/www.caudete.org\/ayuntamiento\/author\/ayun\/"}]}},"_links":{"self":[{"href":"https:\/\/www.caudete.org\/ayuntamiento\/wp-json\/wp\/v2\/posts\/23329","targetHints":{"allow":["GET"]}}],"collection":[{"href":"https:\/\/www.caudete.org\/ayuntamiento\/wp-json\/wp\/v2\/posts"}],"about":[{"href":"https:\/\/www.caudete.org\/ayuntamiento\/wp-json\/wp\/v2\/types\/post"}],"author":[{"embeddable":true,"href":"https:\/\/www.caudete.org\/ayuntamiento\/wp-json\/wp\/v2\/users\/1"}],"replies":[{"embeddable":true,"href":"https:\/\/www.caudete.org\/ayuntamiento\/wp-json\/wp\/v2\/comments?post=23329"}],"version-history":[{"count":2,"href":"https:\/\/www.caudete.org\/ayuntamiento\/wp-json\/wp\/v2\/posts\/23329\/revisions"}],"predecessor-version":[{"id":23335,"href":"https:\/\/www.caudete.org\/ayuntamiento\/wp-json\/wp\/v2\/posts\/23329\/revisions\/23335"}],"wp:featuredmedia":[{"embeddable":true,"href":"https:\/\/www.caudete.org\/ayuntamiento\/wp-json\/wp\/v2\/media\/23330"}],"wp:attachment":[{"href":"https:\/\/www.caudete.org\/ayuntamiento\/wp-json\/wp\/v2\/media?parent=23329"}],"wp:term":[{"taxonomy":"category","embeddable":true,"href":"https:\/\/www.caudete.org\/ayuntamiento\/wp-json\/wp\/v2\/categories?post=23329"},{"taxonomy":"post_tag","embeddable":true,"href":"https:\/\/www.caudete.org\/ayuntamiento\/wp-json\/wp\/v2\/tags?post=23329"}],"curies":[{"name":"wp","href":"https:\/\/api.w.org\/{rel}","templated":true}]}}