{"id":23337,"date":"2023-09-18T17:21:31","date_gmt":"2023-09-18T15:21:31","guid":{"rendered":"https:\/\/www.caudete.org\/ayuntamiento\/?p=23337"},"modified":"2023-09-18T17:21:31","modified_gmt":"2023-09-18T15:21:31","slug":"clausurado-el-dual-de-limpieza-y-residuos-tras-6-meses-de-duracion-y-130-000e-invertidos","status":"publish","type":"post","link":"https:\/\/www.caudete.org\/ayuntamiento\/clausurado-el-dual-de-limpieza-y-residuos-tras-6-meses-de-duracion-y-130-000e-invertidos\/","title":{"rendered":"Clausurado el DUAL DE LIMPIEZA Y RESIDUOS tras 6 meses de duraci\u00f3n y 130.000\u20ac invertidos"},"content":{"rendered":"<p><a href=\"https:\/\/www.caudete.org\/ayuntamiento\/wp-content\/uploads\/2023\/09\/WhatsApp-Image-2023-09-18-at-17.08.29.jpeg\" rel='prettyPhoto'><img fetchpriority=\"high\" decoding=\"async\" class=\"alignnone wp-image-23338 size-full\" src=\"https:\/\/www.caudete.org\/ayuntamiento\/wp-content\/uploads\/2023\/09\/WhatsApp-Image-2023-09-18-at-17.08.29.jpeg\" alt=\"\" width=\"2000\" height=\"900\" srcset=\"https:\/\/www.caudete.org\/ayuntamiento\/wp-content\/uploads\/2023\/09\/WhatsApp-Image-2023-09-18-at-17.08.29.jpeg 2000w, https:\/\/www.caudete.org\/ayuntamiento\/wp-content\/uploads\/2023\/09\/WhatsApp-Image-2023-09-18-at-17.08.29-300x135.jpeg 300w, https:\/\/www.caudete.org\/ayuntamiento\/wp-content\/uploads\/2023\/09\/WhatsApp-Image-2023-09-18-at-17.08.29-1024x461.jpeg 1024w, https:\/\/www.caudete.org\/ayuntamiento\/wp-content\/uploads\/2023\/09\/WhatsApp-Image-2023-09-18-at-17.08.29-768x346.jpeg 768w, https:\/\/www.caudete.org\/ayuntamiento\/wp-content\/uploads\/2023\/09\/WhatsApp-Image-2023-09-18-at-17.08.29-1536x691.jpeg 1536w\" sizes=\"(max-width: 2000px) 100vw, 2000px\" \/><\/a><\/p>\n<p style=\"text-align: justify;\">La Escuela de Formaci\u00f3n de Adultos acog\u00eda esta ma\u00f1ana la clausura del III PROGRAMA DUAL que el Ayuntamiento de Caudete realiza por medio de las convocatorias de la JCCM, y que ha permitido de una forma integrada formar a 8 alumnos a la vez que realizaban sus pr\u00e1cticas con contrato remunerado.<\/p>\n<p style=\"text-align: justify;\">La limpieza urbana y los residuos han marcado de nuevo este curso, acreditado con un Certificado de Profesionalidad Nivel II, en el que la empresa prestataria de servicios en el municipio FOBESA ha sido la encargada de tutorizar la parte pr\u00e1ctica en sus m\u00faltiples servicios prestados a los caudetanos.<\/p>\n<p style=\"text-align: justify;\">Dotado con cerca de 130.000\u20ac el curso, y con una plantilla inicial de 16 alumnos, la carga formativa se repart\u00eda por igual durante 6 meses en la parte te\u00f3rica, prestada en la Escuela de Formaci\u00f3n de Adultos, de la pr\u00e1ctica, con la plantilla propia de la empresa, trabajos por los que firmaban un contrato de pr\u00e1cticas al 85% del SMI durante 6 meses.<\/p>\n<div class=\"wonderplugin-video\" style=\"width:600px;height:400px;position:relative;display:block;background-color:#000;overflow:hidden;max-width:100%;margin:0 auto\" data-aspectratio=\"1.5\"><iframe class=\"wpve-iframe\" width=\"100%\" height=\"100%\" src=\"https:\/\/www.youtube.com\/embed\/bmen8ZYM9xE?si=mUPqowwLQlbmDwsN\" frameborder=\"0\" allowfullscreen><\/iframe><\/div>\n<p style=\"text-align: justify;\">Ahora, una vez finalizado, 4 alumnos tendr\u00e1n la oportunidad de poder extender su relaci\u00f3n laboral con la empresa durante al menos 3 meses m\u00e1s, como requisito propio del plan formativo.<\/p>\n<p style=\"text-align: justify;\">Al acto han asistido el Alcalde Mois\u00e9s L\u00f3pez, las Concejales de Promoci\u00f3n y Desarrollo Econ\u00f3mico M\u00aa Dolores Requena, la de Recursos Humanos Pilar Egea, entre otras, as\u00ed como T\u00e9cnicos Municipales y docentes del curso, quienes han valorado muy positivamente el progreso del curso, agradeciendo a la empresa FOBESA su apuesta por Caudete y a los alumnos su felicitaci\u00f3n por haber llegado hasta el final del proceso formativo.<\/p>\n","protected":false},"excerpt":{"rendered":"<p>La Escuela de Formaci\u00f3n de Adultos acog\u00eda esta ma\u00f1ana la clausura del III PROGRAMA DUAL que el Ayuntamiento de Caudete realiza por medio de las convocatorias de la JCCM, y que ha permitido de una forma integrada formar a 8 alumnos a la vez que realizaban sus pr\u00e1cticas con contrato remunerado. La limpieza urbana y &hellip;<\/p>\n","protected":false},"author":3,"featured_media":23338,"comment_status":"closed","ping_status":"open","sticky":false,"template":"","format":"standard","meta":{"ngg_post_thumbnail":0,"footnotes":""},"categories":[851],"tags":[],"class_list":["post-23337","post","type-post","status-publish","format-standard","has-post-thumbnail","hentry","category-promocion-y-desarrollo-economico"],"yoast_head":"<!-- This site is optimized with the Yoast SEO plugin v27.4 - https:\/\/yoast.com\/product\/yoast-seo-wordpress\/ -->\n<title>Clausurado el DUAL DE LIMPIEZA Y RESIDUOS tras 6 meses de duraci\u00f3n y 130.000\u20ac invertidos - MI Ayuntamiento de Caudete<\/title>\n<meta name=\"description\" content=\"P\u00e1gina Oficial del Ayuntamiento de Caudete (Albacete)\" \/>\n<meta name=\"robots\" content=\"index, follow, max-snippet:-1, max-image-preview:large, max-video-preview:-1\" \/>\n<link rel=\"canonical\" href=\"https:\/\/www.caudete.org\/ayuntamiento\/clausurado-el-dual-de-limpieza-y-residuos-tras-6-meses-de-duracion-y-130-000e-invertidos\/\" \/>\n<meta property=\"og:locale\" content=\"es_ES\" \/>\n<meta property=\"og:type\" content=\"article\" \/>\n<meta property=\"og:title\" content=\"Clausurado el DUAL DE LIMPIEZA Y RESIDUOS tras 6 meses de duraci\u00f3n y 130.000\u20ac invertidos - MI Ayuntamiento de Caudete\" \/>\n<meta property=\"og:description\" content=\"P\u00e1gina Oficial del Ayuntamiento de Caudete (Albacete)\" \/>\n<meta property=\"og:url\" content=\"https:\/\/www.caudete.org\/ayuntamiento\/clausurado-el-dual-de-limpieza-y-residuos-tras-6-meses-de-duracion-y-130-000e-invertidos\/\" \/>\n<meta property=\"og:site_name\" content=\"MI Ayuntamiento de Caudete\" \/>\n<meta property=\"article:publisher\" content=\"https:\/\/www.facebook.com\/ayuntamientocaudete\/\" \/>\n<meta property=\"article:published_time\" content=\"2023-09-18T15:21:31+00:00\" \/>\n<meta property=\"og:image\" content=\"https:\/\/www.caudete.org\/ayuntamiento\/wp-content\/uploads\/2023\/09\/WhatsApp-Image-2023-09-18-at-17.08.29.jpeg\" \/>\n\t<meta property=\"og:image:width\" content=\"2000\" \/>\n\t<meta property=\"og:image:height\" content=\"900\" \/>\n\t<meta property=\"og:image:type\" content=\"image\/jpeg\" \/>\n<meta name=\"author\" content=\"alcalde\" \/>\n<meta name=\"twitter:card\" content=\"summary_large_image\" \/>\n<meta name=\"twitter:label1\" content=\"Escrito por\" \/>\n\t<meta name=\"twitter:data1\" content=\"alcalde\" \/>\n\t<meta name=\"twitter:label2\" content=\"Tiempo de lectura\" \/>\n\t<meta name=\"twitter:data2\" content=\"2 minutos\" \/>\n<script type=\"application\/ld+json\" class=\"yoast-schema-graph\">{\"@context\":\"https:\\\/\\\/schema.org\",\"@graph\":[{\"@type\":\"Article\",\"@id\":\"https:\\\/\\\/www.caudete.org\\\/ayuntamiento\\\/clausurado-el-dual-de-limpieza-y-residuos-tras-6-meses-de-duracion-y-130-000e-invertidos\\\/#article\",\"isPartOf\":{\"@id\":\"https:\\\/\\\/www.caudete.org\\\/ayuntamiento\\\/clausurado-el-dual-de-limpieza-y-residuos-tras-6-meses-de-duracion-y-130-000e-invertidos\\\/\"},\"author\":{\"name\":\"alcalde\",\"@id\":\"https:\\\/\\\/www.caudete.org\\\/ayuntamiento\\\/#\\\/schema\\\/person\\\/cc646da9133078ee4d8dd47457947253\"},\"headline\":\"Clausurado el DUAL DE LIMPIEZA Y RESIDUOS tras 6 meses de duraci\u00f3n y 130.000\u20ac invertidos\",\"datePublished\":\"2023-09-18T15:21:31+00:00\",\"mainEntityOfPage\":{\"@id\":\"https:\\\/\\\/www.caudete.org\\\/ayuntamiento\\\/clausurado-el-dual-de-limpieza-y-residuos-tras-6-meses-de-duracion-y-130-000e-invertidos\\\/\"},\"wordCount\":339,\"publisher\":{\"@id\":\"https:\\\/\\\/www.caudete.org\\\/ayuntamiento\\\/#organization\"},\"image\":{\"@id\":\"https:\\\/\\\/www.caudete.org\\\/ayuntamiento\\\/clausurado-el-dual-de-limpieza-y-residuos-tras-6-meses-de-duracion-y-130-000e-invertidos\\\/#primaryimage\"},\"thumbnailUrl\":\"https:\\\/\\\/www.caudete.org\\\/ayuntamiento\\\/wp-content\\\/uploads\\\/2023\\\/09\\\/WhatsApp-Image-2023-09-18-at-17.08.29.jpeg\",\"articleSection\":[\"Promoci\u00f3n y Desarrollo Econ\u00f3mico\"],\"inLanguage\":\"es\"},{\"@type\":\"WebPage\",\"@id\":\"https:\\\/\\\/www.caudete.org\\\/ayuntamiento\\\/clausurado-el-dual-de-limpieza-y-residuos-tras-6-meses-de-duracion-y-130-000e-invertidos\\\/\",\"url\":\"https:\\\/\\\/www.caudete.org\\\/ayuntamiento\\\/clausurado-el-dual-de-limpieza-y-residuos-tras-6-meses-de-duracion-y-130-000e-invertidos\\\/\",\"name\":\"Clausurado el DUAL DE LIMPIEZA Y RESIDUOS tras 6 meses de duraci\u00f3n y 130.000\u20ac invertidos - MI Ayuntamiento de Caudete\",\"isPartOf\":{\"@id\":\"https:\\\/\\\/www.caudete.org\\\/ayuntamiento\\\/#website\"},\"primaryImageOfPage\":{\"@id\":\"https:\\\/\\\/www.caudete.org\\\/ayuntamiento\\\/clausurado-el-dual-de-limpieza-y-residuos-tras-6-meses-de-duracion-y-130-000e-invertidos\\\/#primaryimage\"},\"image\":{\"@id\":\"https:\\\/\\\/www.caudete.org\\\/ayuntamiento\\\/clausurado-el-dual-de-limpieza-y-residuos-tras-6-meses-de-duracion-y-130-000e-invertidos\\\/#primaryimage\"},\"thumbnailUrl\":\"https:\\\/\\\/www.caudete.org\\\/ayuntamiento\\\/wp-content\\\/uploads\\\/2023\\\/09\\\/WhatsApp-Image-2023-09-18-at-17.08.29.jpeg\",\"datePublished\":\"2023-09-18T15:21:31+00:00\",\"description\":\"P\u00e1gina Oficial del Ayuntamiento de Caudete (Albacete)\",\"breadcrumb\":{\"@id\":\"https:\\\/\\\/www.caudete.org\\\/ayuntamiento\\\/clausurado-el-dual-de-limpieza-y-residuos-tras-6-meses-de-duracion-y-130-000e-invertidos\\\/#breadcrumb\"},\"inLanguage\":\"es\",\"potentialAction\":[{\"@type\":\"ReadAction\",\"target\":[\"https:\\\/\\\/www.caudete.org\\\/ayuntamiento\\\/clausurado-el-dual-de-limpieza-y-residuos-tras-6-meses-de-duracion-y-130-000e-invertidos\\\/\"]}]},{\"@type\":\"ImageObject\",\"inLanguage\":\"es\",\"@id\":\"https:\\\/\\\/www.caudete.org\\\/ayuntamiento\\\/clausurado-el-dual-de-limpieza-y-residuos-tras-6-meses-de-duracion-y-130-000e-invertidos\\\/#primaryimage\",\"url\":\"https:\\\/\\\/www.caudete.org\\\/ayuntamiento\\\/wp-content\\\/uploads\\\/2023\\\/09\\\/WhatsApp-Image-2023-09-18-at-17.08.29.jpeg\",\"contentUrl\":\"https:\\\/\\\/www.caudete.org\\\/ayuntamiento\\\/wp-content\\\/uploads\\\/2023\\\/09\\\/WhatsApp-Image-2023-09-18-at-17.08.29.jpeg\",\"width\":2000,\"height\":900},{\"@type\":\"BreadcrumbList\",\"@id\":\"https:\\\/\\\/www.caudete.org\\\/ayuntamiento\\\/clausurado-el-dual-de-limpieza-y-residuos-tras-6-meses-de-duracion-y-130-000e-invertidos\\\/#breadcrumb\",\"itemListElement\":[{\"@type\":\"ListItem\",\"position\":1,\"name\":\"Inicio\",\"item\":\"https:\\\/\\\/www.caudete.org\\\/ayuntamiento\\\/\"},{\"@type\":\"ListItem\",\"position\":2,\"name\":\"Clausurado el DUAL DE LIMPIEZA Y RESIDUOS tras 6 meses de duraci\u00f3n y 130.000\u20ac invertidos\"}]},{\"@type\":\"WebSite\",\"@id\":\"https:\\\/\\\/www.caudete.org\\\/ayuntamiento\\\/#website\",\"url\":\"https:\\\/\\\/www.caudete.org\\\/ayuntamiento\\\/\",\"name\":\"MI Ayuntamiento de Caudete\",\"description\":\"P\u00e1gina Oficial del MI Ayuntamiento de Caudete\",\"publisher\":{\"@id\":\"https:\\\/\\\/www.caudete.org\\\/ayuntamiento\\\/#organization\"},\"potentialAction\":[{\"@type\":\"SearchAction\",\"target\":{\"@type\":\"EntryPoint\",\"urlTemplate\":\"https:\\\/\\\/www.caudete.org\\\/ayuntamiento\\\/?s={search_term_string}\"},\"query-input\":{\"@type\":\"PropertyValueSpecification\",\"valueRequired\":true,\"valueName\":\"search_term_string\"}}],\"inLanguage\":\"es\"},{\"@type\":\"Organization\",\"@id\":\"https:\\\/\\\/www.caudete.org\\\/ayuntamiento\\\/#organization\",\"name\":\"Ayuntamiento de Caudete\",\"url\":\"https:\\\/\\\/www.caudete.org\\\/ayuntamiento\\\/\",\"logo\":{\"@type\":\"ImageObject\",\"inLanguage\":\"es\",\"@id\":\"https:\\\/\\\/www.caudete.org\\\/ayuntamiento\\\/#\\\/schema\\\/logo\\\/image\\\/\",\"url\":\"https:\\\/\\\/www.caudete.org\\\/ayuntamiento\\\/wp-content\\\/uploads\\\/2020\\\/11\\\/logo_ayuntamiento_caudete.jpg\",\"contentUrl\":\"https:\\\/\\\/www.caudete.org\\\/ayuntamiento\\\/wp-content\\\/uploads\\\/2020\\\/11\\\/logo_ayuntamiento_caudete.jpg\",\"width\":600,\"height\":150,\"caption\":\"Ayuntamiento de Caudete\"},\"image\":{\"@id\":\"https:\\\/\\\/www.caudete.org\\\/ayuntamiento\\\/#\\\/schema\\\/logo\\\/image\\\/\"},\"sameAs\":[\"https:\\\/\\\/www.facebook.com\\\/ayuntamientocaudete\\\/\",\"https:\\\/\\\/www.youtube.com\\\/channel\\\/UC6VztHaooNsGpw-tNoBEFnQ\"]},{\"@type\":\"Person\",\"@id\":\"https:\\\/\\\/www.caudete.org\\\/ayuntamiento\\\/#\\\/schema\\\/person\\\/cc646da9133078ee4d8dd47457947253\",\"name\":\"alcalde\",\"image\":{\"@type\":\"ImageObject\",\"inLanguage\":\"es\",\"@id\":\"https:\\\/\\\/secure.gravatar.com\\\/avatar\\\/84a817ba065b29ff08d666b215a215f5c79186a645ccb25b14a663d48a130f77?s=96&d=mm&r=g\",\"url\":\"https:\\\/\\\/secure.gravatar.com\\\/avatar\\\/84a817ba065b29ff08d666b215a215f5c79186a645ccb25b14a663d48a130f77?s=96&d=mm&r=g\",\"contentUrl\":\"https:\\\/\\\/secure.gravatar.com\\\/avatar\\\/84a817ba065b29ff08d666b215a215f5c79186a645ccb25b14a663d48a130f77?s=96&d=mm&r=g\",\"caption\":\"alcalde\"},\"url\":\"https:\\\/\\\/www.caudete.org\\\/ayuntamiento\\\/author\\\/alcalde\\\/\"}]}<\/script>\n<!-- \/ Yoast SEO plugin. -->","yoast_head_json":{"title":"Clausurado el DUAL DE LIMPIEZA Y RESIDUOS tras 6 meses de duraci\u00f3n y 130.000\u20ac invertidos - MI Ayuntamiento de Caudete","description":"P\u00e1gina Oficial del Ayuntamiento de Caudete (Albacete)","robots":{"index":"index","follow":"follow","max-snippet":"max-snippet:-1","max-image-preview":"max-image-preview:large","max-video-preview":"max-video-preview:-1"},"canonical":"https:\/\/www.caudete.org\/ayuntamiento\/clausurado-el-dual-de-limpieza-y-residuos-tras-6-meses-de-duracion-y-130-000e-invertidos\/","og_locale":"es_ES","og_type":"article","og_title":"Clausurado el DUAL DE LIMPIEZA Y RESIDUOS tras 6 meses de duraci\u00f3n y 130.000\u20ac invertidos - MI Ayuntamiento de Caudete","og_description":"P\u00e1gina Oficial del Ayuntamiento de Caudete (Albacete)","og_url":"https:\/\/www.caudete.org\/ayuntamiento\/clausurado-el-dual-de-limpieza-y-residuos-tras-6-meses-de-duracion-y-130-000e-invertidos\/","og_site_name":"MI Ayuntamiento de Caudete","article_publisher":"https:\/\/www.facebook.com\/ayuntamientocaudete\/","article_published_time":"2023-09-18T15:21:31+00:00","og_image":[{"width":2000,"height":900,"url":"https:\/\/www.caudete.org\/ayuntamiento\/wp-content\/uploads\/2023\/09\/WhatsApp-Image-2023-09-18-at-17.08.29.jpeg","type":"image\/jpeg"}],"author":"alcalde","twitter_card":"summary_large_image","twitter_misc":{"Escrito por":"alcalde","Tiempo de lectura":"2 minutos"},"schema":{"@context":"https:\/\/schema.org","@graph":[{"@type":"Article","@id":"https:\/\/www.caudete.org\/ayuntamiento\/clausurado-el-dual-de-limpieza-y-residuos-tras-6-meses-de-duracion-y-130-000e-invertidos\/#article","isPartOf":{"@id":"https:\/\/www.caudete.org\/ayuntamiento\/clausurado-el-dual-de-limpieza-y-residuos-tras-6-meses-de-duracion-y-130-000e-invertidos\/"},"author":{"name":"alcalde","@id":"https:\/\/www.caudete.org\/ayuntamiento\/#\/schema\/person\/cc646da9133078ee4d8dd47457947253"},"headline":"Clausurado el DUAL DE LIMPIEZA Y RESIDUOS tras 6 meses de duraci\u00f3n y 130.000\u20ac invertidos","datePublished":"2023-09-18T15:21:31+00:00","mainEntityOfPage":{"@id":"https:\/\/www.caudete.org\/ayuntamiento\/clausurado-el-dual-de-limpieza-y-residuos-tras-6-meses-de-duracion-y-130-000e-invertidos\/"},"wordCount":339,"publisher":{"@id":"https:\/\/www.caudete.org\/ayuntamiento\/#organization"},"image":{"@id":"https:\/\/www.caudete.org\/ayuntamiento\/clausurado-el-dual-de-limpieza-y-residuos-tras-6-meses-de-duracion-y-130-000e-invertidos\/#primaryimage"},"thumbnailUrl":"https:\/\/www.caudete.org\/ayuntamiento\/wp-content\/uploads\/2023\/09\/WhatsApp-Image-2023-09-18-at-17.08.29.jpeg","articleSection":["Promoci\u00f3n y Desarrollo Econ\u00f3mico"],"inLanguage":"es"},{"@type":"WebPage","@id":"https:\/\/www.caudete.org\/ayuntamiento\/clausurado-el-dual-de-limpieza-y-residuos-tras-6-meses-de-duracion-y-130-000e-invertidos\/","url":"https:\/\/www.caudete.org\/ayuntamiento\/clausurado-el-dual-de-limpieza-y-residuos-tras-6-meses-de-duracion-y-130-000e-invertidos\/","name":"Clausurado el DUAL DE LIMPIEZA Y RESIDUOS tras 6 meses de duraci\u00f3n y 130.000\u20ac invertidos - MI Ayuntamiento de Caudete","isPartOf":{"@id":"https:\/\/www.caudete.org\/ayuntamiento\/#website"},"primaryImageOfPage":{"@id":"https:\/\/www.caudete.org\/ayuntamiento\/clausurado-el-dual-de-limpieza-y-residuos-tras-6-meses-de-duracion-y-130-000e-invertidos\/#primaryimage"},"image":{"@id":"https:\/\/www.caudete.org\/ayuntamiento\/clausurado-el-dual-de-limpieza-y-residuos-tras-6-meses-de-duracion-y-130-000e-invertidos\/#primaryimage"},"thumbnailUrl":"https:\/\/www.caudete.org\/ayuntamiento\/wp-content\/uploads\/2023\/09\/WhatsApp-Image-2023-09-18-at-17.08.29.jpeg","datePublished":"2023-09-18T15:21:31+00:00","description":"P\u00e1gina Oficial del Ayuntamiento de Caudete (Albacete)","breadcrumb":{"@id":"https:\/\/www.caudete.org\/ayuntamiento\/clausurado-el-dual-de-limpieza-y-residuos-tras-6-meses-de-duracion-y-130-000e-invertidos\/#breadcrumb"},"inLanguage":"es","potentialAction":[{"@type":"ReadAction","target":["https:\/\/www.caudete.org\/ayuntamiento\/clausurado-el-dual-de-limpieza-y-residuos-tras-6-meses-de-duracion-y-130-000e-invertidos\/"]}]},{"@type":"ImageObject","inLanguage":"es","@id":"https:\/\/www.caudete.org\/ayuntamiento\/clausurado-el-dual-de-limpieza-y-residuos-tras-6-meses-de-duracion-y-130-000e-invertidos\/#primaryimage","url":"https:\/\/www.caudete.org\/ayuntamiento\/wp-content\/uploads\/2023\/09\/WhatsApp-Image-2023-09-18-at-17.08.29.jpeg","contentUrl":"https:\/\/www.caudete.org\/ayuntamiento\/wp-content\/uploads\/2023\/09\/WhatsApp-Image-2023-09-18-at-17.08.29.jpeg","width":2000,"height":900},{"@type":"BreadcrumbList","@id":"https:\/\/www.caudete.org\/ayuntamiento\/clausurado-el-dual-de-limpieza-y-residuos-tras-6-meses-de-duracion-y-130-000e-invertidos\/#breadcrumb","itemListElement":[{"@type":"ListItem","position":1,"name":"Inicio","item":"https:\/\/www.caudete.org\/ayuntamiento\/"},{"@type":"ListItem","position":2,"name":"Clausurado el DUAL DE LIMPIEZA Y RESIDUOS tras 6 meses de duraci\u00f3n y 130.000\u20ac invertidos"}]},{"@type":"WebSite","@id":"https:\/\/www.caudete.org\/ayuntamiento\/#website","url":"https:\/\/www.caudete.org\/ayuntamiento\/","name":"MI Ayuntamiento de Caudete","description":"P\u00e1gina Oficial del MI Ayuntamiento de Caudete","publisher":{"@id":"https:\/\/www.caudete.org\/ayuntamiento\/#organization"},"potentialAction":[{"@type":"SearchAction","target":{"@type":"EntryPoint","urlTemplate":"https:\/\/www.caudete.org\/ayuntamiento\/?s={search_term_string}"},"query-input":{"@type":"PropertyValueSpecification","valueRequired":true,"valueName":"search_term_string"}}],"inLanguage":"es"},{"@type":"Organization","@id":"https:\/\/www.caudete.org\/ayuntamiento\/#organization","name":"Ayuntamiento de Caudete","url":"https:\/\/www.caudete.org\/ayuntamiento\/","logo":{"@type":"ImageObject","inLanguage":"es","@id":"https:\/\/www.caudete.org\/ayuntamiento\/#\/schema\/logo\/image\/","url":"https:\/\/www.caudete.org\/ayuntamiento\/wp-content\/uploads\/2020\/11\/logo_ayuntamiento_caudete.jpg","contentUrl":"https:\/\/www.caudete.org\/ayuntamiento\/wp-content\/uploads\/2020\/11\/logo_ayuntamiento_caudete.jpg","width":600,"height":150,"caption":"Ayuntamiento de Caudete"},"image":{"@id":"https:\/\/www.caudete.org\/ayuntamiento\/#\/schema\/logo\/image\/"},"sameAs":["https:\/\/www.facebook.com\/ayuntamientocaudete\/","https:\/\/www.youtube.com\/channel\/UC6VztHaooNsGpw-tNoBEFnQ"]},{"@type":"Person","@id":"https:\/\/www.caudete.org\/ayuntamiento\/#\/schema\/person\/cc646da9133078ee4d8dd47457947253","name":"alcalde","image":{"@type":"ImageObject","inLanguage":"es","@id":"https:\/\/secure.gravatar.com\/avatar\/84a817ba065b29ff08d666b215a215f5c79186a645ccb25b14a663d48a130f77?s=96&d=mm&r=g","url":"https:\/\/secure.gravatar.com\/avatar\/84a817ba065b29ff08d666b215a215f5c79186a645ccb25b14a663d48a130f77?s=96&d=mm&r=g","contentUrl":"https:\/\/secure.gravatar.com\/avatar\/84a817ba065b29ff08d666b215a215f5c79186a645ccb25b14a663d48a130f77?s=96&d=mm&r=g","caption":"alcalde"},"url":"https:\/\/www.caudete.org\/ayuntamiento\/author\/alcalde\/"}]}},"_links":{"self":[{"href":"https:\/\/www.caudete.org\/ayuntamiento\/wp-json\/wp\/v2\/posts\/23337","targetHints":{"allow":["GET"]}}],"collection":[{"href":"https:\/\/www.caudete.org\/ayuntamiento\/wp-json\/wp\/v2\/posts"}],"about":[{"href":"https:\/\/www.caudete.org\/ayuntamiento\/wp-json\/wp\/v2\/types\/post"}],"author":[{"embeddable":true,"href":"https:\/\/www.caudete.org\/ayuntamiento\/wp-json\/wp\/v2\/users\/3"}],"replies":[{"embeddable":true,"href":"https:\/\/www.caudete.org\/ayuntamiento\/wp-json\/wp\/v2\/comments?post=23337"}],"version-history":[{"count":1,"href":"https:\/\/www.caudete.org\/ayuntamiento\/wp-json\/wp\/v2\/posts\/23337\/revisions"}],"predecessor-version":[{"id":23339,"href":"https:\/\/www.caudete.org\/ayuntamiento\/wp-json\/wp\/v2\/posts\/23337\/revisions\/23339"}],"wp:featuredmedia":[{"embeddable":true,"href":"https:\/\/www.caudete.org\/ayuntamiento\/wp-json\/wp\/v2\/media\/23338"}],"wp:attachment":[{"href":"https:\/\/www.caudete.org\/ayuntamiento\/wp-json\/wp\/v2\/media?parent=23337"}],"wp:term":[{"taxonomy":"category","embeddable":true,"href":"https:\/\/www.caudete.org\/ayuntamiento\/wp-json\/wp\/v2\/categories?post=23337"},{"taxonomy":"post_tag","embeddable":true,"href":"https:\/\/www.caudete.org\/ayuntamiento\/wp-json\/wp\/v2\/tags?post=23337"}],"curies":[{"name":"wp","href":"https:\/\/api.w.org\/{rel}","templated":true}]}}