{"id":23360,"date":"2023-09-22T14:39:38","date_gmt":"2023-09-22T12:39:38","guid":{"rendered":"https:\/\/www.caudete.org\/ayuntamiento\/?p=23360"},"modified":"2023-09-22T14:39:38","modified_gmt":"2023-09-22T12:39:38","slug":"la-feria-de-san-miguel-se-celebrara-del-29-de-septiembre-al-1-de-octubre","status":"publish","type":"post","link":"https:\/\/www.caudete.org\/ayuntamiento\/la-feria-de-san-miguel-se-celebrara-del-29-de-septiembre-al-1-de-octubre\/","title":{"rendered":"La FERIA DE SAN MIGUEL se celebrar\u00e1 del 29 de Septiembre al 1 de Octubre"},"content":{"rendered":"<p style=\"text-align: justify;\">Diego Cuenca, Concejal de Turismo presenta una nueva edici\u00f3n de la Feria de San Miguel, que se va a celebrar en Caudete del 29 de septiembre al 1 de octubre de 2023, un evento que trata no solo de recuperar una centenaria cita para el municipio, visibilizando aspectos hist\u00f3ricos del mismo, adem\u00e1s de promocionar la artesan\u00eda de autor. El pistoletazo de salida desde la Lonja a las 6 tarde.<\/p>\n<p style=\"text-align: justify;\">El emplazamiento ser\u00e1 Plaza de la Iglesia, Calle Mayor y Plaza de Ntra. Sra. del Carmen, reservando la Calle El Mercado a la muestra de las asociaciones sociosanitarias, que una vez m\u00e1s se sumar\u00e1n a la cita con su Feria de la Solidaridad, siendo inaugurada el s\u00e1bado 30 a las 11:00 horas.<\/p>\n<p style=\"text-align: justify;\">Como promoci\u00f3n tur\u00edstica del municipio, la Concejal\u00eda de Turismo obsequiar\u00e1 a las compras superiores a 20\u20ac con una taza esmaltada con im\u00e1genes de lugares emblem\u00e1ticos de Caudete.<\/p>\n<p><a href=\"https:\/\/www.caudete.org\/ayuntamiento\/wp-content\/uploads\/2023\/09\/WhatsApp-Image-2023-09-21-at-17.19.29-2.jpeg\" rel='prettyPhoto'><img fetchpriority=\"high\" decoding=\"async\" class=\"alignnone wp-image-23365 size-full\" src=\"https:\/\/www.caudete.org\/ayuntamiento\/wp-content\/uploads\/2023\/09\/WhatsApp-Image-2023-09-21-at-17.19.29-2.jpeg\" alt=\"\" width=\"1600\" height=\"1066\" srcset=\"https:\/\/www.caudete.org\/ayuntamiento\/wp-content\/uploads\/2023\/09\/WhatsApp-Image-2023-09-21-at-17.19.29-2.jpeg 1600w, https:\/\/www.caudete.org\/ayuntamiento\/wp-content\/uploads\/2023\/09\/WhatsApp-Image-2023-09-21-at-17.19.29-2-300x200.jpeg 300w, https:\/\/www.caudete.org\/ayuntamiento\/wp-content\/uploads\/2023\/09\/WhatsApp-Image-2023-09-21-at-17.19.29-2-1024x682.jpeg 1024w, https:\/\/www.caudete.org\/ayuntamiento\/wp-content\/uploads\/2023\/09\/WhatsApp-Image-2023-09-21-at-17.19.29-2-768x512.jpeg 768w, https:\/\/www.caudete.org\/ayuntamiento\/wp-content\/uploads\/2023\/09\/WhatsApp-Image-2023-09-21-at-17.19.29-2-1536x1023.jpeg 1536w\" sizes=\"(max-width: 1600px) 100vw, 1600px\" \/><\/a><\/p>\n<p style=\"text-align: justify;\">Matizaba el Concejal que este a\u00f1o hay novedades respecto del pasado a\u00f1o. Por un lado, tras la gran demanda por parte de la ciudadan\u00eda la Plaza de la Iglesia estar\u00e1 completada con una zona de hosteler\u00eda con puestos de pulpo, braser\u00eda, turco, tes y dulces marroqu\u00edes y creps.<\/p>\n<p><a href=\"https:\/\/www.caudete.org\/ayuntamiento\/wp-content\/uploads\/2023\/09\/WhatsApp-Image-2023-09-21-at-17.19.29-1.jpeg\" rel='prettyPhoto'><img decoding=\"async\" class=\"alignnone wp-image-23363 size-full\" src=\"https:\/\/www.caudete.org\/ayuntamiento\/wp-content\/uploads\/2023\/09\/WhatsApp-Image-2023-09-21-at-17.19.29-1.jpeg\" alt=\"\" width=\"1131\" height=\"1600\" srcset=\"https:\/\/www.caudete.org\/ayuntamiento\/wp-content\/uploads\/2023\/09\/WhatsApp-Image-2023-09-21-at-17.19.29-1.jpeg 1131w, https:\/\/www.caudete.org\/ayuntamiento\/wp-content\/uploads\/2023\/09\/WhatsApp-Image-2023-09-21-at-17.19.29-1-212x300.jpeg 212w, https:\/\/www.caudete.org\/ayuntamiento\/wp-content\/uploads\/2023\/09\/WhatsApp-Image-2023-09-21-at-17.19.29-1-724x1024.jpeg 724w, https:\/\/www.caudete.org\/ayuntamiento\/wp-content\/uploads\/2023\/09\/WhatsApp-Image-2023-09-21-at-17.19.29-1-768x1086.jpeg 768w, https:\/\/www.caudete.org\/ayuntamiento\/wp-content\/uploads\/2023\/09\/WhatsApp-Image-2023-09-21-at-17.19.29-1-1086x1536.jpeg 1086w\" sizes=\"(max-width: 1131px) 100vw, 1131px\" \/><\/a><\/p>\n<p style=\"text-align: justify;\">Durante todo el fin de semana tendremos multitud de actividades destacando el toque de campanas (llevado a cabo por l Asociaci\u00f3n Cultural Campaneros de Santa Catalina) y la degustaci\u00f3n de jam\u00f3n, quesos, embutidos y vinos locales (mediante inscripci\u00f3n y abono de entrada), sin faltar las visitas guiadas por el casco antiguo del municipio. Adem\u00e1s, el Club Ajedrez de Caudete realizar\u00e1 su Campeonato y partidas libres actividades en el Paseo Luis Golf.<\/p>\n<p>\u00a0\u00a0<a href=\"https:\/\/www.caudete.org\/ayuntamiento\/wp-content\/uploads\/2023\/09\/WhatsApp-Image-2023-09-21-at-17.19.28.jpeg\" rel='prettyPhoto'><img decoding=\"async\" class=\"alignnone wp-image-23364 size-full\" src=\"https:\/\/www.caudete.org\/ayuntamiento\/wp-content\/uploads\/2023\/09\/WhatsApp-Image-2023-09-21-at-17.19.28.jpeg\" alt=\"\" width=\"1131\" height=\"1600\" srcset=\"https:\/\/www.caudete.org\/ayuntamiento\/wp-content\/uploads\/2023\/09\/WhatsApp-Image-2023-09-21-at-17.19.28.jpeg 1131w, https:\/\/www.caudete.org\/ayuntamiento\/wp-content\/uploads\/2023\/09\/WhatsApp-Image-2023-09-21-at-17.19.28-212x300.jpeg 212w, https:\/\/www.caudete.org\/ayuntamiento\/wp-content\/uploads\/2023\/09\/WhatsApp-Image-2023-09-21-at-17.19.28-724x1024.jpeg 724w, https:\/\/www.caudete.org\/ayuntamiento\/wp-content\/uploads\/2023\/09\/WhatsApp-Image-2023-09-21-at-17.19.28-768x1086.jpeg 768w, https:\/\/www.caudete.org\/ayuntamiento\/wp-content\/uploads\/2023\/09\/WhatsApp-Image-2023-09-21-at-17.19.28-1086x1536.jpeg 1086w\" sizes=\"(max-width: 1131px) 100vw, 1131px\" \/><\/a><\/p>\n<p style=\"text-align: justify;\">Como colof\u00f3n a las novedades, contaremos con la presencia del grupo de recreadores &#8220;Yecla Siglo de Oro&#8221;, quienes ser\u00e1n los encargados de poner color y ambiente hist\u00f3rico al Caudete de finales del S.XVI con algunos de los acontecimientos que se produjeron en nuestro municipio: la ratificaci\u00f3n de Feria por Felipe II, la impronta del m\u00e9dico local Juan Bautista de Almaz\u00e1n o la llegada de los primeros Frailes Capuchinos al municipio.<\/p>\n<p><a href=\"https:\/\/www.caudete.org\/ayuntamiento\/wp-content\/uploads\/2023\/09\/WhatsApp-Image-2023-09-21-at-17.19.30.jpeg\" rel='prettyPhoto'><img loading=\"lazy\" decoding=\"async\" class=\"alignnone wp-image-23362 size-full\" src=\"https:\/\/www.caudete.org\/ayuntamiento\/wp-content\/uploads\/2023\/09\/WhatsApp-Image-2023-09-21-at-17.19.30.jpeg\" alt=\"\" width=\"1600\" height=\"1131\" srcset=\"https:\/\/www.caudete.org\/ayuntamiento\/wp-content\/uploads\/2023\/09\/WhatsApp-Image-2023-09-21-at-17.19.30.jpeg 1600w, https:\/\/www.caudete.org\/ayuntamiento\/wp-content\/uploads\/2023\/09\/WhatsApp-Image-2023-09-21-at-17.19.30-300x212.jpeg 300w, https:\/\/www.caudete.org\/ayuntamiento\/wp-content\/uploads\/2023\/09\/WhatsApp-Image-2023-09-21-at-17.19.30-1024x724.jpeg 1024w, https:\/\/www.caudete.org\/ayuntamiento\/wp-content\/uploads\/2023\/09\/WhatsApp-Image-2023-09-21-at-17.19.30-768x543.jpeg 768w, https:\/\/www.caudete.org\/ayuntamiento\/wp-content\/uploads\/2023\/09\/WhatsApp-Image-2023-09-21-at-17.19.30-1536x1086.jpeg 1536w\" sizes=\"(max-width: 1600px) 100vw, 1600px\" \/><\/a><\/p>\n<p style=\"text-align: justify;\">La Feria de San Miguel tiene origen en Caudete en 1362 cuando el Rey Pedro IV el Ceremonioso concede a Caudete el PRIVILEGIO DE FERIA en reconocimiento a los servicios prestados por la localidad, durante 15 d\u00edas, coincidiendo con la celebraci\u00f3n de quien era el patr\u00f3n del Caudete de entonces, San Miguel. Sufre cambios de fecha con el devenir de los tiempos, y pierde su formato ya entrado el Siglo XX, hasta perderse por completo en su primer tercio de siglo, siendo recuperada su efem\u00e9ride y su esencia en 2022.<\/p>\n","protected":false},"excerpt":{"rendered":"<p>Diego Cuenca, Concejal de Turismo presenta una nueva edici\u00f3n de la Feria de San Miguel, que se va a celebrar en Caudete del 29 de septiembre al 1 de octubre de 2023, un evento que trata no solo de recuperar una centenaria cita para el municipio, visibilizando aspectos hist\u00f3ricos del mismo, adem\u00e1s de promocionar la &hellip;<\/p>\n","protected":false},"author":3,"featured_media":23361,"comment_status":"closed","ping_status":"open","sticky":false,"template":"","format":"standard","meta":{"ngg_post_thumbnail":0,"footnotes":""},"categories":[43],"tags":[],"class_list":["post-23360","post","type-post","status-publish","format-standard","has-post-thumbnail","hentry","category-turismo"],"yoast_head":"<!-- This site is optimized with the Yoast SEO plugin v27.5 - https:\/\/yoast.com\/product\/yoast-seo-wordpress\/ -->\n<title>La FERIA DE SAN MIGUEL se celebrar\u00e1 del 29 de Septiembre al 1 de Octubre - MI Ayuntamiento de Caudete<\/title>\n<meta name=\"description\" content=\"P\u00e1gina Oficial del Ayuntamiento de Caudete (Albacete)\" \/>\n<meta name=\"robots\" content=\"index, follow, max-snippet:-1, max-image-preview:large, max-video-preview:-1\" \/>\n<link rel=\"canonical\" href=\"https:\/\/www.caudete.org\/ayuntamiento\/la-feria-de-san-miguel-se-celebrara-del-29-de-septiembre-al-1-de-octubre\/\" \/>\n<meta property=\"og:locale\" content=\"es_ES\" \/>\n<meta property=\"og:type\" content=\"article\" \/>\n<meta property=\"og:title\" content=\"La FERIA DE SAN MIGUEL se celebrar\u00e1 del 29 de Septiembre al 1 de Octubre - MI Ayuntamiento de Caudete\" \/>\n<meta property=\"og:description\" content=\"P\u00e1gina Oficial del Ayuntamiento de Caudete (Albacete)\" \/>\n<meta property=\"og:url\" content=\"https:\/\/www.caudete.org\/ayuntamiento\/la-feria-de-san-miguel-se-celebrara-del-29-de-septiembre-al-1-de-octubre\/\" \/>\n<meta property=\"og:site_name\" content=\"MI Ayuntamiento de Caudete\" \/>\n<meta property=\"article:publisher\" content=\"https:\/\/www.facebook.com\/ayuntamientocaudete\/\" \/>\n<meta property=\"article:published_time\" content=\"2023-09-22T12:39:38+00:00\" \/>\n<meta property=\"og:image\" content=\"https:\/\/www.caudete.org\/ayuntamiento\/wp-content\/uploads\/2023\/09\/WhatsApp-Image-2023-09-21-at-17.19.29.jpeg\" \/>\n\t<meta property=\"og:image:width\" content=\"1135\" \/>\n\t<meta property=\"og:image:height\" content=\"834\" \/>\n\t<meta property=\"og:image:type\" content=\"image\/jpeg\" \/>\n<meta name=\"author\" content=\"alcalde\" \/>\n<meta name=\"twitter:card\" content=\"summary_large_image\" \/>\n<meta name=\"twitter:label1\" content=\"Escrito por\" \/>\n\t<meta name=\"twitter:data1\" content=\"alcalde\" \/>\n\t<meta name=\"twitter:label2\" content=\"Tiempo de lectura\" \/>\n\t<meta name=\"twitter:data2\" content=\"3 minutos\" \/>\n<script type=\"application\/ld+json\" class=\"yoast-schema-graph\">{\"@context\":\"https:\\\/\\\/schema.org\",\"@graph\":[{\"@type\":\"Article\",\"@id\":\"https:\\\/\\\/www.caudete.org\\\/ayuntamiento\\\/la-feria-de-san-miguel-se-celebrara-del-29-de-septiembre-al-1-de-octubre\\\/#article\",\"isPartOf\":{\"@id\":\"https:\\\/\\\/www.caudete.org\\\/ayuntamiento\\\/la-feria-de-san-miguel-se-celebrara-del-29-de-septiembre-al-1-de-octubre\\\/\"},\"author\":{\"name\":\"alcalde\",\"@id\":\"https:\\\/\\\/www.caudete.org\\\/ayuntamiento\\\/#\\\/schema\\\/person\\\/cc646da9133078ee4d8dd47457947253\"},\"headline\":\"La FERIA DE SAN MIGUEL se celebrar\u00e1 del 29 de Septiembre al 1 de Octubre\",\"datePublished\":\"2023-09-22T12:39:38+00:00\",\"mainEntityOfPage\":{\"@id\":\"https:\\\/\\\/www.caudete.org\\\/ayuntamiento\\\/la-feria-de-san-miguel-se-celebrara-del-29-de-septiembre-al-1-de-octubre\\\/\"},\"wordCount\":464,\"image\":{\"@id\":\"https:\\\/\\\/www.caudete.org\\\/ayuntamiento\\\/la-feria-de-san-miguel-se-celebrara-del-29-de-septiembre-al-1-de-octubre\\\/#primaryimage\"},\"thumbnailUrl\":\"https:\\\/\\\/www.caudete.org\\\/ayuntamiento\\\/wp-content\\\/uploads\\\/2023\\\/09\\\/WhatsApp-Image-2023-09-21-at-17.19.29.jpeg\",\"articleSection\":[\"Turismo\"],\"inLanguage\":\"es\"},{\"@type\":\"WebPage\",\"@id\":\"https:\\\/\\\/www.caudete.org\\\/ayuntamiento\\\/la-feria-de-san-miguel-se-celebrara-del-29-de-septiembre-al-1-de-octubre\\\/\",\"url\":\"https:\\\/\\\/www.caudete.org\\\/ayuntamiento\\\/la-feria-de-san-miguel-se-celebrara-del-29-de-septiembre-al-1-de-octubre\\\/\",\"name\":\"La FERIA DE SAN MIGUEL se celebrar\u00e1 del 29 de Septiembre al 1 de Octubre - MI Ayuntamiento de Caudete\",\"isPartOf\":{\"@id\":\"https:\\\/\\\/www.caudete.org\\\/ayuntamiento\\\/#website\"},\"primaryImageOfPage\":{\"@id\":\"https:\\\/\\\/www.caudete.org\\\/ayuntamiento\\\/la-feria-de-san-miguel-se-celebrara-del-29-de-septiembre-al-1-de-octubre\\\/#primaryimage\"},\"image\":{\"@id\":\"https:\\\/\\\/www.caudete.org\\\/ayuntamiento\\\/la-feria-de-san-miguel-se-celebrara-del-29-de-septiembre-al-1-de-octubre\\\/#primaryimage\"},\"thumbnailUrl\":\"https:\\\/\\\/www.caudete.org\\\/ayuntamiento\\\/wp-content\\\/uploads\\\/2023\\\/09\\\/WhatsApp-Image-2023-09-21-at-17.19.29.jpeg\",\"datePublished\":\"2023-09-22T12:39:38+00:00\",\"author\":{\"@id\":\"https:\\\/\\\/www.caudete.org\\\/ayuntamiento\\\/#\\\/schema\\\/person\\\/cc646da9133078ee4d8dd47457947253\"},\"description\":\"P\u00e1gina Oficial del Ayuntamiento de Caudete (Albacete)\",\"breadcrumb\":{\"@id\":\"https:\\\/\\\/www.caudete.org\\\/ayuntamiento\\\/la-feria-de-san-miguel-se-celebrara-del-29-de-septiembre-al-1-de-octubre\\\/#breadcrumb\"},\"inLanguage\":\"es\",\"potentialAction\":[{\"@type\":\"ReadAction\",\"target\":[\"https:\\\/\\\/www.caudete.org\\\/ayuntamiento\\\/la-feria-de-san-miguel-se-celebrara-del-29-de-septiembre-al-1-de-octubre\\\/\"]}]},{\"@type\":\"ImageObject\",\"inLanguage\":\"es\",\"@id\":\"https:\\\/\\\/www.caudete.org\\\/ayuntamiento\\\/la-feria-de-san-miguel-se-celebrara-del-29-de-septiembre-al-1-de-octubre\\\/#primaryimage\",\"url\":\"https:\\\/\\\/www.caudete.org\\\/ayuntamiento\\\/wp-content\\\/uploads\\\/2023\\\/09\\\/WhatsApp-Image-2023-09-21-at-17.19.29.jpeg\",\"contentUrl\":\"https:\\\/\\\/www.caudete.org\\\/ayuntamiento\\\/wp-content\\\/uploads\\\/2023\\\/09\\\/WhatsApp-Image-2023-09-21-at-17.19.29.jpeg\",\"width\":1135,\"height\":834},{\"@type\":\"BreadcrumbList\",\"@id\":\"https:\\\/\\\/www.caudete.org\\\/ayuntamiento\\\/la-feria-de-san-miguel-se-celebrara-del-29-de-septiembre-al-1-de-octubre\\\/#breadcrumb\",\"itemListElement\":[{\"@type\":\"ListItem\",\"position\":1,\"name\":\"Inicio\",\"item\":\"https:\\\/\\\/www.caudete.org\\\/ayuntamiento\\\/\"},{\"@type\":\"ListItem\",\"position\":2,\"name\":\"La FERIA DE SAN MIGUEL se celebrar\u00e1 del 29 de Septiembre al 1 de Octubre\"}]},{\"@type\":\"WebSite\",\"@id\":\"https:\\\/\\\/www.caudete.org\\\/ayuntamiento\\\/#website\",\"url\":\"https:\\\/\\\/www.caudete.org\\\/ayuntamiento\\\/\",\"name\":\"MI Ayuntamiento de Caudete\",\"description\":\"P\u00e1gina Oficial del MI Ayuntamiento de Caudete\",\"potentialAction\":[{\"@type\":\"SearchAction\",\"target\":{\"@type\":\"EntryPoint\",\"urlTemplate\":\"https:\\\/\\\/www.caudete.org\\\/ayuntamiento\\\/?s={search_term_string}\"},\"query-input\":{\"@type\":\"PropertyValueSpecification\",\"valueRequired\":true,\"valueName\":\"search_term_string\"}}],\"inLanguage\":\"es\"},{\"@type\":\"Person\",\"@id\":\"https:\\\/\\\/www.caudete.org\\\/ayuntamiento\\\/#\\\/schema\\\/person\\\/cc646da9133078ee4d8dd47457947253\",\"name\":\"alcalde\",\"image\":{\"@type\":\"ImageObject\",\"inLanguage\":\"es\",\"@id\":\"https:\\\/\\\/secure.gravatar.com\\\/avatar\\\/84a817ba065b29ff08d666b215a215f5c79186a645ccb25b14a663d48a130f77?s=96&d=mm&r=g\",\"url\":\"https:\\\/\\\/secure.gravatar.com\\\/avatar\\\/84a817ba065b29ff08d666b215a215f5c79186a645ccb25b14a663d48a130f77?s=96&d=mm&r=g\",\"contentUrl\":\"https:\\\/\\\/secure.gravatar.com\\\/avatar\\\/84a817ba065b29ff08d666b215a215f5c79186a645ccb25b14a663d48a130f77?s=96&d=mm&r=g\",\"caption\":\"alcalde\"},\"url\":\"https:\\\/\\\/www.caudete.org\\\/ayuntamiento\\\/author\\\/alcalde\\\/\"}]}<\/script>\n<!-- \/ Yoast SEO plugin. -->","yoast_head_json":{"title":"La FERIA DE SAN MIGUEL se celebrar\u00e1 del 29 de Septiembre al 1 de Octubre - MI Ayuntamiento de Caudete","description":"P\u00e1gina Oficial del Ayuntamiento de Caudete (Albacete)","robots":{"index":"index","follow":"follow","max-snippet":"max-snippet:-1","max-image-preview":"max-image-preview:large","max-video-preview":"max-video-preview:-1"},"canonical":"https:\/\/www.caudete.org\/ayuntamiento\/la-feria-de-san-miguel-se-celebrara-del-29-de-septiembre-al-1-de-octubre\/","og_locale":"es_ES","og_type":"article","og_title":"La FERIA DE SAN MIGUEL se celebrar\u00e1 del 29 de Septiembre al 1 de Octubre - MI Ayuntamiento de Caudete","og_description":"P\u00e1gina Oficial del Ayuntamiento de Caudete (Albacete)","og_url":"https:\/\/www.caudete.org\/ayuntamiento\/la-feria-de-san-miguel-se-celebrara-del-29-de-septiembre-al-1-de-octubre\/","og_site_name":"MI Ayuntamiento de Caudete","article_publisher":"https:\/\/www.facebook.com\/ayuntamientocaudete\/","article_published_time":"2023-09-22T12:39:38+00:00","og_image":[{"width":1135,"height":834,"url":"https:\/\/www.caudete.org\/ayuntamiento\/wp-content\/uploads\/2023\/09\/WhatsApp-Image-2023-09-21-at-17.19.29.jpeg","type":"image\/jpeg"}],"author":"alcalde","twitter_card":"summary_large_image","twitter_misc":{"Escrito por":"alcalde","Tiempo de lectura":"3 minutos"},"schema":{"@context":"https:\/\/schema.org","@graph":[{"@type":"Article","@id":"https:\/\/www.caudete.org\/ayuntamiento\/la-feria-de-san-miguel-se-celebrara-del-29-de-septiembre-al-1-de-octubre\/#article","isPartOf":{"@id":"https:\/\/www.caudete.org\/ayuntamiento\/la-feria-de-san-miguel-se-celebrara-del-29-de-septiembre-al-1-de-octubre\/"},"author":{"name":"alcalde","@id":"https:\/\/www.caudete.org\/ayuntamiento\/#\/schema\/person\/cc646da9133078ee4d8dd47457947253"},"headline":"La FERIA DE SAN MIGUEL se celebrar\u00e1 del 29 de Septiembre al 1 de Octubre","datePublished":"2023-09-22T12:39:38+00:00","mainEntityOfPage":{"@id":"https:\/\/www.caudete.org\/ayuntamiento\/la-feria-de-san-miguel-se-celebrara-del-29-de-septiembre-al-1-de-octubre\/"},"wordCount":464,"image":{"@id":"https:\/\/www.caudete.org\/ayuntamiento\/la-feria-de-san-miguel-se-celebrara-del-29-de-septiembre-al-1-de-octubre\/#primaryimage"},"thumbnailUrl":"https:\/\/www.caudete.org\/ayuntamiento\/wp-content\/uploads\/2023\/09\/WhatsApp-Image-2023-09-21-at-17.19.29.jpeg","articleSection":["Turismo"],"inLanguage":"es"},{"@type":"WebPage","@id":"https:\/\/www.caudete.org\/ayuntamiento\/la-feria-de-san-miguel-se-celebrara-del-29-de-septiembre-al-1-de-octubre\/","url":"https:\/\/www.caudete.org\/ayuntamiento\/la-feria-de-san-miguel-se-celebrara-del-29-de-septiembre-al-1-de-octubre\/","name":"La FERIA DE SAN MIGUEL se celebrar\u00e1 del 29 de Septiembre al 1 de Octubre - MI Ayuntamiento de Caudete","isPartOf":{"@id":"https:\/\/www.caudete.org\/ayuntamiento\/#website"},"primaryImageOfPage":{"@id":"https:\/\/www.caudete.org\/ayuntamiento\/la-feria-de-san-miguel-se-celebrara-del-29-de-septiembre-al-1-de-octubre\/#primaryimage"},"image":{"@id":"https:\/\/www.caudete.org\/ayuntamiento\/la-feria-de-san-miguel-se-celebrara-del-29-de-septiembre-al-1-de-octubre\/#primaryimage"},"thumbnailUrl":"https:\/\/www.caudete.org\/ayuntamiento\/wp-content\/uploads\/2023\/09\/WhatsApp-Image-2023-09-21-at-17.19.29.jpeg","datePublished":"2023-09-22T12:39:38+00:00","author":{"@id":"https:\/\/www.caudete.org\/ayuntamiento\/#\/schema\/person\/cc646da9133078ee4d8dd47457947253"},"description":"P\u00e1gina Oficial del Ayuntamiento de Caudete (Albacete)","breadcrumb":{"@id":"https:\/\/www.caudete.org\/ayuntamiento\/la-feria-de-san-miguel-se-celebrara-del-29-de-septiembre-al-1-de-octubre\/#breadcrumb"},"inLanguage":"es","potentialAction":[{"@type":"ReadAction","target":["https:\/\/www.caudete.org\/ayuntamiento\/la-feria-de-san-miguel-se-celebrara-del-29-de-septiembre-al-1-de-octubre\/"]}]},{"@type":"ImageObject","inLanguage":"es","@id":"https:\/\/www.caudete.org\/ayuntamiento\/la-feria-de-san-miguel-se-celebrara-del-29-de-septiembre-al-1-de-octubre\/#primaryimage","url":"https:\/\/www.caudete.org\/ayuntamiento\/wp-content\/uploads\/2023\/09\/WhatsApp-Image-2023-09-21-at-17.19.29.jpeg","contentUrl":"https:\/\/www.caudete.org\/ayuntamiento\/wp-content\/uploads\/2023\/09\/WhatsApp-Image-2023-09-21-at-17.19.29.jpeg","width":1135,"height":834},{"@type":"BreadcrumbList","@id":"https:\/\/www.caudete.org\/ayuntamiento\/la-feria-de-san-miguel-se-celebrara-del-29-de-septiembre-al-1-de-octubre\/#breadcrumb","itemListElement":[{"@type":"ListItem","position":1,"name":"Inicio","item":"https:\/\/www.caudete.org\/ayuntamiento\/"},{"@type":"ListItem","position":2,"name":"La FERIA DE SAN MIGUEL se celebrar\u00e1 del 29 de Septiembre al 1 de Octubre"}]},{"@type":"WebSite","@id":"https:\/\/www.caudete.org\/ayuntamiento\/#website","url":"https:\/\/www.caudete.org\/ayuntamiento\/","name":"MI Ayuntamiento de Caudete","description":"P\u00e1gina Oficial del MI Ayuntamiento de Caudete","potentialAction":[{"@type":"SearchAction","target":{"@type":"EntryPoint","urlTemplate":"https:\/\/www.caudete.org\/ayuntamiento\/?s={search_term_string}"},"query-input":{"@type":"PropertyValueSpecification","valueRequired":true,"valueName":"search_term_string"}}],"inLanguage":"es"},{"@type":"Person","@id":"https:\/\/www.caudete.org\/ayuntamiento\/#\/schema\/person\/cc646da9133078ee4d8dd47457947253","name":"alcalde","image":{"@type":"ImageObject","inLanguage":"es","@id":"https:\/\/secure.gravatar.com\/avatar\/84a817ba065b29ff08d666b215a215f5c79186a645ccb25b14a663d48a130f77?s=96&d=mm&r=g","url":"https:\/\/secure.gravatar.com\/avatar\/84a817ba065b29ff08d666b215a215f5c79186a645ccb25b14a663d48a130f77?s=96&d=mm&r=g","contentUrl":"https:\/\/secure.gravatar.com\/avatar\/84a817ba065b29ff08d666b215a215f5c79186a645ccb25b14a663d48a130f77?s=96&d=mm&r=g","caption":"alcalde"},"url":"https:\/\/www.caudete.org\/ayuntamiento\/author\/alcalde\/"}]}},"_links":{"self":[{"href":"https:\/\/www.caudete.org\/ayuntamiento\/wp-json\/wp\/v2\/posts\/23360","targetHints":{"allow":["GET"]}}],"collection":[{"href":"https:\/\/www.caudete.org\/ayuntamiento\/wp-json\/wp\/v2\/posts"}],"about":[{"href":"https:\/\/www.caudete.org\/ayuntamiento\/wp-json\/wp\/v2\/types\/post"}],"author":[{"embeddable":true,"href":"https:\/\/www.caudete.org\/ayuntamiento\/wp-json\/wp\/v2\/users\/3"}],"replies":[{"embeddable":true,"href":"https:\/\/www.caudete.org\/ayuntamiento\/wp-json\/wp\/v2\/comments?post=23360"}],"version-history":[{"count":1,"href":"https:\/\/www.caudete.org\/ayuntamiento\/wp-json\/wp\/v2\/posts\/23360\/revisions"}],"predecessor-version":[{"id":23366,"href":"https:\/\/www.caudete.org\/ayuntamiento\/wp-json\/wp\/v2\/posts\/23360\/revisions\/23366"}],"wp:featuredmedia":[{"embeddable":true,"href":"https:\/\/www.caudete.org\/ayuntamiento\/wp-json\/wp\/v2\/media\/23361"}],"wp:attachment":[{"href":"https:\/\/www.caudete.org\/ayuntamiento\/wp-json\/wp\/v2\/media?parent=23360"}],"wp:term":[{"taxonomy":"category","embeddable":true,"href":"https:\/\/www.caudete.org\/ayuntamiento\/wp-json\/wp\/v2\/categories?post=23360"},{"taxonomy":"post_tag","embeddable":true,"href":"https:\/\/www.caudete.org\/ayuntamiento\/wp-json\/wp\/v2\/tags?post=23360"}],"curies":[{"name":"wp","href":"https:\/\/api.w.org\/{rel}","templated":true}]}}