{"id":23387,"date":"2023-09-26T09:00:43","date_gmt":"2023-09-26T07:00:43","guid":{"rendered":"https:\/\/www.caudete.org\/ayuntamiento\/?p=23387"},"modified":"2023-09-25T13:50:03","modified_gmt":"2023-09-25T11:50:03","slug":"inserta-empleo-un-nuevo-recurso-de-insercion-en-caudete-para-personas-con-discapacidad","status":"publish","type":"post","link":"https:\/\/www.caudete.org\/ayuntamiento\/inserta-empleo-un-nuevo-recurso-de-insercion-en-caudete-para-personas-con-discapacidad\/","title":{"rendered":"Inserta empleo, un nuevo recurso de inserci\u00f3n en Caudete para personas con discapacidad"},"content":{"rendered":"<p>Un servicio de la Fundaci\u00f3n ONCE para personas con discapacidad o incapacidad, que est\u00e9n en situaci\u00f3n de desempleo y precisen de alg\u00fan apoyo.<\/p>\n<p>Este taller informativo fue abierto por la Concejal de Bienestar Social Mar\u00eda Mart\u00ednez Garc\u00eda, acompa\u00f1ada por profesionales del centro. El taller ha sido impartido por Juan Jos\u00e9 Poquet, T\u00e9cnico Agente de Desarrollo Local de Inserta Empleo, con sede en Albacete. Una actividad a la que se ha convocado a personas de la localidad con discapacidad superior al 33%, as\u00ed como a entidades socio-sanitarias. Agradecer la presencia de ACAFEM y ACALUCA, muy activos en dicho acto.<\/p>\n<p>El objetivo fundamental de Inserta Empleo es mediar entre empresas de la localidad y las personas inscritas en la base de datos de la entidad, para facilitar la m\u00e1xima inserci\u00f3n laboral de estos colectivos. Inserta Empleo tambi\u00e9n asesora a las empresas sobre la obligatoriedad de contratar a personas con discapacidad si tienen una plantilla superior a 50 empleados\/as, as\u00ed como de las ventajas fiscales y ayudas econ\u00f3micas de realizar contrataciones con esos perfiles.<br \/>\nA su vez Inserta Empleo facilita un portal digital denominado www.portalento.es, en el que las personas con discapacidad o incapacidad pueden inscribirse para acceder a ofertas de empleo espec\u00edficas, formaci\u00f3n etc.<\/p>\n<p>Cualquier persona con discapacidad f\u00edsica, intelectual, ps\u00edquica, sensorial etc, o incapacidad, puede solicitar m\u00e1s informaci\u00f3n en el Centro Municipal de Servicios Sociales, o bien directamente a Inserta Empleo, tel\u00e9fonos 967031858 o al 667177054.<\/p>\n<p><a href=\"https:\/\/www.caudete.org\/ayuntamiento\/wp-content\/uploads\/2023\/09\/foto-noticia-inserta-empleo-scaled.jpg\" rel='prettyPhoto'><img fetchpriority=\"high\" decoding=\"async\" class=\"aligncenter size-full wp-image-23389\" src=\"https:\/\/www.caudete.org\/ayuntamiento\/wp-content\/uploads\/2023\/09\/foto-noticia-inserta-empleo-scaled.jpg\" alt=\"\" width=\"2560\" height=\"1968\" srcset=\"https:\/\/www.caudete.org\/ayuntamiento\/wp-content\/uploads\/2023\/09\/foto-noticia-inserta-empleo-scaled.jpg 2560w, https:\/\/www.caudete.org\/ayuntamiento\/wp-content\/uploads\/2023\/09\/foto-noticia-inserta-empleo-300x231.jpg 300w, https:\/\/www.caudete.org\/ayuntamiento\/wp-content\/uploads\/2023\/09\/foto-noticia-inserta-empleo-1024x787.jpg 1024w, https:\/\/www.caudete.org\/ayuntamiento\/wp-content\/uploads\/2023\/09\/foto-noticia-inserta-empleo-768x590.jpg 768w, https:\/\/www.caudete.org\/ayuntamiento\/wp-content\/uploads\/2023\/09\/foto-noticia-inserta-empleo-1536x1181.jpg 1536w, https:\/\/www.caudete.org\/ayuntamiento\/wp-content\/uploads\/2023\/09\/foto-noticia-inserta-empleo-2048x1574.jpg 2048w\" sizes=\"(max-width: 2560px) 100vw, 2560px\" \/><\/a><\/p>\n","protected":false},"excerpt":{"rendered":"<p>Un servicio de la Fundaci\u00f3n ONCE para personas con discapacidad o incapacidad, que est\u00e9n en situaci\u00f3n de desempleo y precisen de alg\u00fan apoyo. Este taller informativo fue abierto por la Concejal de Bienestar Social Mar\u00eda Mart\u00ednez Garc\u00eda, acompa\u00f1ada por profesionales del centro. El taller ha sido impartido por Juan Jos\u00e9 Poquet, T\u00e9cnico Agente de Desarrollo &hellip;<\/p>\n","protected":false},"author":1,"featured_media":23388,"comment_status":"closed","ping_status":"open","sticky":false,"template":"","format":"standard","meta":{"ngg_post_thumbnail":0,"footnotes":""},"categories":[51],"tags":[],"class_list":["post-23387","post","type-post","status-publish","format-standard","has-post-thumbnail","hentry","category-bienestar-social"],"yoast_head":"<!-- This site is optimized with the Yoast SEO plugin v27.5 - https:\/\/yoast.com\/product\/yoast-seo-wordpress\/ -->\n<title>Inserta empleo, un nuevo recurso de inserci\u00f3n en Caudete para personas con discapacidad - MI Ayuntamiento de Caudete<\/title>\n<meta name=\"description\" content=\"P\u00e1gina Oficial del Ayuntamiento de Caudete (Albacete)\" \/>\n<meta name=\"robots\" content=\"index, follow, max-snippet:-1, max-image-preview:large, max-video-preview:-1\" \/>\n<link rel=\"canonical\" href=\"https:\/\/www.caudete.org\/ayuntamiento\/inserta-empleo-un-nuevo-recurso-de-insercion-en-caudete-para-personas-con-discapacidad\/\" \/>\n<meta property=\"og:locale\" content=\"es_ES\" \/>\n<meta property=\"og:type\" content=\"article\" \/>\n<meta property=\"og:title\" content=\"Inserta empleo, un nuevo recurso de inserci\u00f3n en Caudete para personas con discapacidad - MI Ayuntamiento de Caudete\" \/>\n<meta property=\"og:description\" content=\"P\u00e1gina Oficial del Ayuntamiento de Caudete (Albacete)\" \/>\n<meta property=\"og:url\" content=\"https:\/\/www.caudete.org\/ayuntamiento\/inserta-empleo-un-nuevo-recurso-de-insercion-en-caudete-para-personas-con-discapacidad\/\" \/>\n<meta property=\"og:site_name\" content=\"MI Ayuntamiento de Caudete\" \/>\n<meta property=\"article:publisher\" content=\"https:\/\/www.facebook.com\/ayuntamientocaudete\/\" \/>\n<meta property=\"article:published_time\" content=\"2023-09-26T07:00:43+00:00\" \/>\n<meta property=\"og:image\" content=\"https:\/\/www.caudete.org\/ayuntamiento\/wp-content\/uploads\/2023\/09\/noticia-2-scaled.jpg\" \/>\n\t<meta property=\"og:image:width\" content=\"2560\" \/>\n\t<meta property=\"og:image:height\" content=\"1041\" \/>\n\t<meta property=\"og:image:type\" content=\"image\/jpeg\" \/>\n<meta name=\"author\" content=\"ayun\" \/>\n<meta name=\"twitter:card\" content=\"summary_large_image\" \/>\n<meta name=\"twitter:label1\" content=\"Escrito por\" \/>\n\t<meta name=\"twitter:data1\" content=\"ayun\" \/>\n\t<meta name=\"twitter:label2\" content=\"Tiempo de lectura\" \/>\n\t<meta name=\"twitter:data2\" content=\"2 minutos\" \/>\n<script type=\"application\/ld+json\" class=\"yoast-schema-graph\">{\"@context\":\"https:\\\/\\\/schema.org\",\"@graph\":[{\"@type\":\"Article\",\"@id\":\"https:\\\/\\\/www.caudete.org\\\/ayuntamiento\\\/inserta-empleo-un-nuevo-recurso-de-insercion-en-caudete-para-personas-con-discapacidad\\\/#article\",\"isPartOf\":{\"@id\":\"https:\\\/\\\/www.caudete.org\\\/ayuntamiento\\\/inserta-empleo-un-nuevo-recurso-de-insercion-en-caudete-para-personas-con-discapacidad\\\/\"},\"author\":{\"name\":\"ayun\",\"@id\":\"https:\\\/\\\/www.caudete.org\\\/ayuntamiento\\\/#\\\/schema\\\/person\\\/79f7e19fdd176fc2bc7a289013dc2056\"},\"headline\":\"Inserta empleo, un nuevo recurso de inserci\u00f3n en Caudete para personas con discapacidad\",\"datePublished\":\"2023-09-26T07:00:43+00:00\",\"mainEntityOfPage\":{\"@id\":\"https:\\\/\\\/www.caudete.org\\\/ayuntamiento\\\/inserta-empleo-un-nuevo-recurso-de-insercion-en-caudete-para-personas-con-discapacidad\\\/\"},\"wordCount\":268,\"image\":{\"@id\":\"https:\\\/\\\/www.caudete.org\\\/ayuntamiento\\\/inserta-empleo-un-nuevo-recurso-de-insercion-en-caudete-para-personas-con-discapacidad\\\/#primaryimage\"},\"thumbnailUrl\":\"https:\\\/\\\/www.caudete.org\\\/ayuntamiento\\\/wp-content\\\/uploads\\\/2023\\\/09\\\/noticia-2-scaled.jpg\",\"articleSection\":[\"Bienestar Social\"],\"inLanguage\":\"es\"},{\"@type\":\"WebPage\",\"@id\":\"https:\\\/\\\/www.caudete.org\\\/ayuntamiento\\\/inserta-empleo-un-nuevo-recurso-de-insercion-en-caudete-para-personas-con-discapacidad\\\/\",\"url\":\"https:\\\/\\\/www.caudete.org\\\/ayuntamiento\\\/inserta-empleo-un-nuevo-recurso-de-insercion-en-caudete-para-personas-con-discapacidad\\\/\",\"name\":\"Inserta empleo, un nuevo recurso de inserci\u00f3n en Caudete para personas con discapacidad - MI Ayuntamiento de Caudete\",\"isPartOf\":{\"@id\":\"https:\\\/\\\/www.caudete.org\\\/ayuntamiento\\\/#website\"},\"primaryImageOfPage\":{\"@id\":\"https:\\\/\\\/www.caudete.org\\\/ayuntamiento\\\/inserta-empleo-un-nuevo-recurso-de-insercion-en-caudete-para-personas-con-discapacidad\\\/#primaryimage\"},\"image\":{\"@id\":\"https:\\\/\\\/www.caudete.org\\\/ayuntamiento\\\/inserta-empleo-un-nuevo-recurso-de-insercion-en-caudete-para-personas-con-discapacidad\\\/#primaryimage\"},\"thumbnailUrl\":\"https:\\\/\\\/www.caudete.org\\\/ayuntamiento\\\/wp-content\\\/uploads\\\/2023\\\/09\\\/noticia-2-scaled.jpg\",\"datePublished\":\"2023-09-26T07:00:43+00:00\",\"author\":{\"@id\":\"https:\\\/\\\/www.caudete.org\\\/ayuntamiento\\\/#\\\/schema\\\/person\\\/79f7e19fdd176fc2bc7a289013dc2056\"},\"description\":\"P\u00e1gina Oficial del Ayuntamiento de Caudete (Albacete)\",\"breadcrumb\":{\"@id\":\"https:\\\/\\\/www.caudete.org\\\/ayuntamiento\\\/inserta-empleo-un-nuevo-recurso-de-insercion-en-caudete-para-personas-con-discapacidad\\\/#breadcrumb\"},\"inLanguage\":\"es\",\"potentialAction\":[{\"@type\":\"ReadAction\",\"target\":[\"https:\\\/\\\/www.caudete.org\\\/ayuntamiento\\\/inserta-empleo-un-nuevo-recurso-de-insercion-en-caudete-para-personas-con-discapacidad\\\/\"]}]},{\"@type\":\"ImageObject\",\"inLanguage\":\"es\",\"@id\":\"https:\\\/\\\/www.caudete.org\\\/ayuntamiento\\\/inserta-empleo-un-nuevo-recurso-de-insercion-en-caudete-para-personas-con-discapacidad\\\/#primaryimage\",\"url\":\"https:\\\/\\\/www.caudete.org\\\/ayuntamiento\\\/wp-content\\\/uploads\\\/2023\\\/09\\\/noticia-2-scaled.jpg\",\"contentUrl\":\"https:\\\/\\\/www.caudete.org\\\/ayuntamiento\\\/wp-content\\\/uploads\\\/2023\\\/09\\\/noticia-2-scaled.jpg\",\"width\":2560,\"height\":1041},{\"@type\":\"BreadcrumbList\",\"@id\":\"https:\\\/\\\/www.caudete.org\\\/ayuntamiento\\\/inserta-empleo-un-nuevo-recurso-de-insercion-en-caudete-para-personas-con-discapacidad\\\/#breadcrumb\",\"itemListElement\":[{\"@type\":\"ListItem\",\"position\":1,\"name\":\"Inicio\",\"item\":\"https:\\\/\\\/www.caudete.org\\\/ayuntamiento\\\/\"},{\"@type\":\"ListItem\",\"position\":2,\"name\":\"Inserta empleo, un nuevo recurso de inserci\u00f3n en Caudete para personas con discapacidad\"}]},{\"@type\":\"WebSite\",\"@id\":\"https:\\\/\\\/www.caudete.org\\\/ayuntamiento\\\/#website\",\"url\":\"https:\\\/\\\/www.caudete.org\\\/ayuntamiento\\\/\",\"name\":\"MI Ayuntamiento de Caudete\",\"description\":\"P\u00e1gina Oficial del MI Ayuntamiento de Caudete\",\"potentialAction\":[{\"@type\":\"SearchAction\",\"target\":{\"@type\":\"EntryPoint\",\"urlTemplate\":\"https:\\\/\\\/www.caudete.org\\\/ayuntamiento\\\/?s={search_term_string}\"},\"query-input\":{\"@type\":\"PropertyValueSpecification\",\"valueRequired\":true,\"valueName\":\"search_term_string\"}}],\"inLanguage\":\"es\"},{\"@type\":\"Person\",\"@id\":\"https:\\\/\\\/www.caudete.org\\\/ayuntamiento\\\/#\\\/schema\\\/person\\\/79f7e19fdd176fc2bc7a289013dc2056\",\"name\":\"ayun\",\"image\":{\"@type\":\"ImageObject\",\"inLanguage\":\"es\",\"@id\":\"https:\\\/\\\/secure.gravatar.com\\\/avatar\\\/4ce797ee07c943e7e592f8cd648e503e6cd571387558ed07135799c2bd2847df?s=96&d=mm&r=g\",\"url\":\"https:\\\/\\\/secure.gravatar.com\\\/avatar\\\/4ce797ee07c943e7e592f8cd648e503e6cd571387558ed07135799c2bd2847df?s=96&d=mm&r=g\",\"contentUrl\":\"https:\\\/\\\/secure.gravatar.com\\\/avatar\\\/4ce797ee07c943e7e592f8cd648e503e6cd571387558ed07135799c2bd2847df?s=96&d=mm&r=g\",\"caption\":\"ayun\"},\"sameAs\":[\"http:\\\/\\\/www.caudete.org\\\/ayuntamiento\"],\"url\":\"https:\\\/\\\/www.caudete.org\\\/ayuntamiento\\\/author\\\/ayun\\\/\"}]}<\/script>\n<!-- \/ Yoast SEO plugin. -->","yoast_head_json":{"title":"Inserta empleo, un nuevo recurso de inserci\u00f3n en Caudete para personas con discapacidad - MI Ayuntamiento de Caudete","description":"P\u00e1gina Oficial del Ayuntamiento de Caudete (Albacete)","robots":{"index":"index","follow":"follow","max-snippet":"max-snippet:-1","max-image-preview":"max-image-preview:large","max-video-preview":"max-video-preview:-1"},"canonical":"https:\/\/www.caudete.org\/ayuntamiento\/inserta-empleo-un-nuevo-recurso-de-insercion-en-caudete-para-personas-con-discapacidad\/","og_locale":"es_ES","og_type":"article","og_title":"Inserta empleo, un nuevo recurso de inserci\u00f3n en Caudete para personas con discapacidad - MI Ayuntamiento de Caudete","og_description":"P\u00e1gina Oficial del Ayuntamiento de Caudete (Albacete)","og_url":"https:\/\/www.caudete.org\/ayuntamiento\/inserta-empleo-un-nuevo-recurso-de-insercion-en-caudete-para-personas-con-discapacidad\/","og_site_name":"MI Ayuntamiento de Caudete","article_publisher":"https:\/\/www.facebook.com\/ayuntamientocaudete\/","article_published_time":"2023-09-26T07:00:43+00:00","og_image":[{"width":2560,"height":1041,"url":"https:\/\/www.caudete.org\/ayuntamiento\/wp-content\/uploads\/2023\/09\/noticia-2-scaled.jpg","type":"image\/jpeg"}],"author":"ayun","twitter_card":"summary_large_image","twitter_misc":{"Escrito por":"ayun","Tiempo de lectura":"2 minutos"},"schema":{"@context":"https:\/\/schema.org","@graph":[{"@type":"Article","@id":"https:\/\/www.caudete.org\/ayuntamiento\/inserta-empleo-un-nuevo-recurso-de-insercion-en-caudete-para-personas-con-discapacidad\/#article","isPartOf":{"@id":"https:\/\/www.caudete.org\/ayuntamiento\/inserta-empleo-un-nuevo-recurso-de-insercion-en-caudete-para-personas-con-discapacidad\/"},"author":{"name":"ayun","@id":"https:\/\/www.caudete.org\/ayuntamiento\/#\/schema\/person\/79f7e19fdd176fc2bc7a289013dc2056"},"headline":"Inserta empleo, un nuevo recurso de inserci\u00f3n en Caudete para personas con discapacidad","datePublished":"2023-09-26T07:00:43+00:00","mainEntityOfPage":{"@id":"https:\/\/www.caudete.org\/ayuntamiento\/inserta-empleo-un-nuevo-recurso-de-insercion-en-caudete-para-personas-con-discapacidad\/"},"wordCount":268,"image":{"@id":"https:\/\/www.caudete.org\/ayuntamiento\/inserta-empleo-un-nuevo-recurso-de-insercion-en-caudete-para-personas-con-discapacidad\/#primaryimage"},"thumbnailUrl":"https:\/\/www.caudete.org\/ayuntamiento\/wp-content\/uploads\/2023\/09\/noticia-2-scaled.jpg","articleSection":["Bienestar Social"],"inLanguage":"es"},{"@type":"WebPage","@id":"https:\/\/www.caudete.org\/ayuntamiento\/inserta-empleo-un-nuevo-recurso-de-insercion-en-caudete-para-personas-con-discapacidad\/","url":"https:\/\/www.caudete.org\/ayuntamiento\/inserta-empleo-un-nuevo-recurso-de-insercion-en-caudete-para-personas-con-discapacidad\/","name":"Inserta empleo, un nuevo recurso de inserci\u00f3n en Caudete para personas con discapacidad - MI Ayuntamiento de Caudete","isPartOf":{"@id":"https:\/\/www.caudete.org\/ayuntamiento\/#website"},"primaryImageOfPage":{"@id":"https:\/\/www.caudete.org\/ayuntamiento\/inserta-empleo-un-nuevo-recurso-de-insercion-en-caudete-para-personas-con-discapacidad\/#primaryimage"},"image":{"@id":"https:\/\/www.caudete.org\/ayuntamiento\/inserta-empleo-un-nuevo-recurso-de-insercion-en-caudete-para-personas-con-discapacidad\/#primaryimage"},"thumbnailUrl":"https:\/\/www.caudete.org\/ayuntamiento\/wp-content\/uploads\/2023\/09\/noticia-2-scaled.jpg","datePublished":"2023-09-26T07:00:43+00:00","author":{"@id":"https:\/\/www.caudete.org\/ayuntamiento\/#\/schema\/person\/79f7e19fdd176fc2bc7a289013dc2056"},"description":"P\u00e1gina Oficial del Ayuntamiento de Caudete (Albacete)","breadcrumb":{"@id":"https:\/\/www.caudete.org\/ayuntamiento\/inserta-empleo-un-nuevo-recurso-de-insercion-en-caudete-para-personas-con-discapacidad\/#breadcrumb"},"inLanguage":"es","potentialAction":[{"@type":"ReadAction","target":["https:\/\/www.caudete.org\/ayuntamiento\/inserta-empleo-un-nuevo-recurso-de-insercion-en-caudete-para-personas-con-discapacidad\/"]}]},{"@type":"ImageObject","inLanguage":"es","@id":"https:\/\/www.caudete.org\/ayuntamiento\/inserta-empleo-un-nuevo-recurso-de-insercion-en-caudete-para-personas-con-discapacidad\/#primaryimage","url":"https:\/\/www.caudete.org\/ayuntamiento\/wp-content\/uploads\/2023\/09\/noticia-2-scaled.jpg","contentUrl":"https:\/\/www.caudete.org\/ayuntamiento\/wp-content\/uploads\/2023\/09\/noticia-2-scaled.jpg","width":2560,"height":1041},{"@type":"BreadcrumbList","@id":"https:\/\/www.caudete.org\/ayuntamiento\/inserta-empleo-un-nuevo-recurso-de-insercion-en-caudete-para-personas-con-discapacidad\/#breadcrumb","itemListElement":[{"@type":"ListItem","position":1,"name":"Inicio","item":"https:\/\/www.caudete.org\/ayuntamiento\/"},{"@type":"ListItem","position":2,"name":"Inserta empleo, un nuevo recurso de inserci\u00f3n en Caudete para personas con discapacidad"}]},{"@type":"WebSite","@id":"https:\/\/www.caudete.org\/ayuntamiento\/#website","url":"https:\/\/www.caudete.org\/ayuntamiento\/","name":"MI Ayuntamiento de Caudete","description":"P\u00e1gina Oficial del MI Ayuntamiento de Caudete","potentialAction":[{"@type":"SearchAction","target":{"@type":"EntryPoint","urlTemplate":"https:\/\/www.caudete.org\/ayuntamiento\/?s={search_term_string}"},"query-input":{"@type":"PropertyValueSpecification","valueRequired":true,"valueName":"search_term_string"}}],"inLanguage":"es"},{"@type":"Person","@id":"https:\/\/www.caudete.org\/ayuntamiento\/#\/schema\/person\/79f7e19fdd176fc2bc7a289013dc2056","name":"ayun","image":{"@type":"ImageObject","inLanguage":"es","@id":"https:\/\/secure.gravatar.com\/avatar\/4ce797ee07c943e7e592f8cd648e503e6cd571387558ed07135799c2bd2847df?s=96&d=mm&r=g","url":"https:\/\/secure.gravatar.com\/avatar\/4ce797ee07c943e7e592f8cd648e503e6cd571387558ed07135799c2bd2847df?s=96&d=mm&r=g","contentUrl":"https:\/\/secure.gravatar.com\/avatar\/4ce797ee07c943e7e592f8cd648e503e6cd571387558ed07135799c2bd2847df?s=96&d=mm&r=g","caption":"ayun"},"sameAs":["http:\/\/www.caudete.org\/ayuntamiento"],"url":"https:\/\/www.caudete.org\/ayuntamiento\/author\/ayun\/"}]}},"_links":{"self":[{"href":"https:\/\/www.caudete.org\/ayuntamiento\/wp-json\/wp\/v2\/posts\/23387","targetHints":{"allow":["GET"]}}],"collection":[{"href":"https:\/\/www.caudete.org\/ayuntamiento\/wp-json\/wp\/v2\/posts"}],"about":[{"href":"https:\/\/www.caudete.org\/ayuntamiento\/wp-json\/wp\/v2\/types\/post"}],"author":[{"embeddable":true,"href":"https:\/\/www.caudete.org\/ayuntamiento\/wp-json\/wp\/v2\/users\/1"}],"replies":[{"embeddable":true,"href":"https:\/\/www.caudete.org\/ayuntamiento\/wp-json\/wp\/v2\/comments?post=23387"}],"version-history":[{"count":1,"href":"https:\/\/www.caudete.org\/ayuntamiento\/wp-json\/wp\/v2\/posts\/23387\/revisions"}],"predecessor-version":[{"id":23390,"href":"https:\/\/www.caudete.org\/ayuntamiento\/wp-json\/wp\/v2\/posts\/23387\/revisions\/23390"}],"wp:featuredmedia":[{"embeddable":true,"href":"https:\/\/www.caudete.org\/ayuntamiento\/wp-json\/wp\/v2\/media\/23388"}],"wp:attachment":[{"href":"https:\/\/www.caudete.org\/ayuntamiento\/wp-json\/wp\/v2\/media?parent=23387"}],"wp:term":[{"taxonomy":"category","embeddable":true,"href":"https:\/\/www.caudete.org\/ayuntamiento\/wp-json\/wp\/v2\/categories?post=23387"},{"taxonomy":"post_tag","embeddable":true,"href":"https:\/\/www.caudete.org\/ayuntamiento\/wp-json\/wp\/v2\/tags?post=23387"}],"curies":[{"name":"wp","href":"https:\/\/api.w.org\/{rel}","templated":true}]}}