{"id":23391,"date":"2023-09-25T14:00:18","date_gmt":"2023-09-25T12:00:18","guid":{"rendered":"https:\/\/www.caudete.org\/ayuntamiento\/?p=23391"},"modified":"2023-09-26T12:22:23","modified_gmt":"2023-09-26T10:22:23","slug":"visitas-guiadas-durante-la-feria-de-san-miguel-2023","status":"publish","type":"post","link":"https:\/\/www.caudete.org\/ayuntamiento\/visitas-guiadas-durante-la-feria-de-san-miguel-2023\/","title":{"rendered":"Visitas guiadas durante la feria de San Miguel 2023"},"content":{"rendered":"<p style=\"text-align: justify;\">Con motivo de la Feria de San Miguel, desde la Concejal\u00eda de Turismo del Ayuntamiento de Caudete se organizar\u00e1n, los d\u00edas 29, 30 de septiembre y 1 de octubre varias visitas guiadas por el casco hist\u00f3rico.<\/p>\n<p style=\"text-align: justify;\">Estos ser\u00e1n los horarios:<\/p>\n<ul style=\"text-align: justify;\">\n<li><a href=\"https:\/\/forms.gle\/mkaqtYUxeH85kHjAA\" target=\"_blank\" rel=\"nofollow\">Viernes 29 de septiembre: visita a las 17:00 hrs<\/a><\/li>\n<li><a href=\"https:\/\/forms.gle\/AaEpqSstybayjev27\" target=\"_blank\" rel=\"nofollow\">S\u00e1bado 30 de septiembre: visitas a las 12:00 hrs<\/a><\/li>\n<li><a href=\"https:\/\/forms.gle\/PsuBt59Hj2soyXL16\" target=\"_blank\" rel=\"nofollow\">S\u00e1bado 30 de septiembre: visitas a 17:00 hrs<\/a><\/li>\n<li><a href=\"https:\/\/forms.gle\/k6TbaoRbzYJp8EMg7\" target=\"_blank\" rel=\"nofollow\">Domingo 1 de octubre: a las 17\u00b400 hrs<\/a><\/li>\n<\/ul>\n<p style=\"text-align: justify;\">Plazas limitadas a 25 personas por visita.<\/p>\n<p style=\"text-align: justify;\">Es necesario reservar plaza inscribi\u00e9ndose en los enlaces web dedicados a cada visita.<\/p>\n<p style=\"text-align: justify;\">La visita guiada es gratuita.<\/p>\n<p style=\"text-align: justify;\">Punto de encuentro: Arcos de La Lonja.<\/p>\n<p style=\"text-align: justify;\"><a href=\"https:\/\/www.caudete.org\/ayuntamiento\/wp-content\/uploads\/2023\/09\/visita-guiada.png\" rel='prettyPhoto'><img fetchpriority=\"high\" decoding=\"async\" class=\"aligncenter size-full wp-image-23394\" src=\"https:\/\/www.caudete.org\/ayuntamiento\/wp-content\/uploads\/2023\/09\/visita-guiada.png\" alt=\"\" width=\"2000\" height=\"1414\" srcset=\"https:\/\/www.caudete.org\/ayuntamiento\/wp-content\/uploads\/2023\/09\/visita-guiada.png 2000w, https:\/\/www.caudete.org\/ayuntamiento\/wp-content\/uploads\/2023\/09\/visita-guiada-300x212.png 300w, https:\/\/www.caudete.org\/ayuntamiento\/wp-content\/uploads\/2023\/09\/visita-guiada-1024x724.png 1024w, https:\/\/www.caudete.org\/ayuntamiento\/wp-content\/uploads\/2023\/09\/visita-guiada-768x543.png 768w, https:\/\/www.caudete.org\/ayuntamiento\/wp-content\/uploads\/2023\/09\/visita-guiada-1536x1086.png 1536w\" sizes=\"(max-width: 2000px) 100vw, 2000px\" \/><\/a><\/p>\n<p style=\"text-align: justify;\">&nbsp;<\/p>\n","protected":false},"excerpt":{"rendered":"<p>Con motivo de la Feria de San Miguel, desde la Concejal\u00eda de Turismo del Ayuntamiento de Caudete se organizar\u00e1n, los d\u00edas 29, 30 de septiembre y 1 de octubre varias visitas guiadas por el casco hist\u00f3rico. Estos ser\u00e1n los horarios: Viernes 29 de septiembre: visita a las 17:00 hrs S\u00e1bado 30 de septiembre: visitas a &hellip;<\/p>\n","protected":false},"author":1,"featured_media":23396,"comment_status":"closed","ping_status":"open","sticky":false,"template":"","format":"standard","meta":{"ngg_post_thumbnail":0,"footnotes":""},"categories":[43],"tags":[],"class_list":["post-23391","post","type-post","status-publish","format-standard","has-post-thumbnail","hentry","category-turismo"],"yoast_head":"<!-- This site is optimized with the Yoast SEO plugin v27.5 - https:\/\/yoast.com\/product\/yoast-seo-wordpress\/ -->\n<title>Visitas guiadas durante la feria de San Miguel 2023 - MI Ayuntamiento de Caudete<\/title>\n<meta name=\"description\" content=\"P\u00e1gina Oficial del Ayuntamiento de Caudete (Albacete)\" \/>\n<meta name=\"robots\" content=\"index, follow, max-snippet:-1, max-image-preview:large, max-video-preview:-1\" \/>\n<link rel=\"canonical\" href=\"https:\/\/www.caudete.org\/ayuntamiento\/visitas-guiadas-durante-la-feria-de-san-miguel-2023\/\" \/>\n<meta property=\"og:locale\" content=\"es_ES\" \/>\n<meta property=\"og:type\" content=\"article\" \/>\n<meta property=\"og:title\" content=\"Visitas guiadas durante la feria de San Miguel 2023 - MI Ayuntamiento de Caudete\" \/>\n<meta property=\"og:description\" content=\"P\u00e1gina Oficial del Ayuntamiento de Caudete (Albacete)\" \/>\n<meta property=\"og:url\" content=\"https:\/\/www.caudete.org\/ayuntamiento\/visitas-guiadas-durante-la-feria-de-san-miguel-2023\/\" \/>\n<meta property=\"og:site_name\" content=\"MI Ayuntamiento de Caudete\" \/>\n<meta property=\"article:publisher\" content=\"https:\/\/www.facebook.com\/ayuntamientocaudete\/\" \/>\n<meta property=\"article:published_time\" content=\"2023-09-25T12:00:18+00:00\" \/>\n<meta property=\"article:modified_time\" content=\"2023-09-26T10:22:23+00:00\" \/>\n<meta property=\"og:image\" content=\"https:\/\/www.caudete.org\/ayuntamiento\/wp-content\/uploads\/2023\/09\/visita-guiada-port.jpg\" \/>\n\t<meta property=\"og:image:width\" content=\"721\" \/>\n\t<meta property=\"og:image:height\" content=\"226\" \/>\n\t<meta property=\"og:image:type\" content=\"image\/jpeg\" \/>\n<meta name=\"author\" content=\"ayun\" \/>\n<meta name=\"twitter:card\" content=\"summary_large_image\" \/>\n<meta name=\"twitter:label1\" content=\"Escrito por\" \/>\n\t<meta name=\"twitter:data1\" content=\"ayun\" \/>\n\t<meta name=\"twitter:label2\" content=\"Tiempo de lectura\" \/>\n\t<meta name=\"twitter:data2\" content=\"1 minuto\" \/>\n<script type=\"application\/ld+json\" class=\"yoast-schema-graph\">{\"@context\":\"https:\\\/\\\/schema.org\",\"@graph\":[{\"@type\":\"Article\",\"@id\":\"https:\\\/\\\/www.caudete.org\\\/ayuntamiento\\\/visitas-guiadas-durante-la-feria-de-san-miguel-2023\\\/#article\",\"isPartOf\":{\"@id\":\"https:\\\/\\\/www.caudete.org\\\/ayuntamiento\\\/visitas-guiadas-durante-la-feria-de-san-miguel-2023\\\/\"},\"author\":{\"name\":\"ayun\",\"@id\":\"https:\\\/\\\/www.caudete.org\\\/ayuntamiento\\\/#\\\/schema\\\/person\\\/79f7e19fdd176fc2bc7a289013dc2056\"},\"headline\":\"Visitas guiadas durante la feria de San Miguel 2023\",\"datePublished\":\"2023-09-25T12:00:18+00:00\",\"dateModified\":\"2023-09-26T10:22:23+00:00\",\"mainEntityOfPage\":{\"@id\":\"https:\\\/\\\/www.caudete.org\\\/ayuntamiento\\\/visitas-guiadas-durante-la-feria-de-san-miguel-2023\\\/\"},\"wordCount\":111,\"image\":{\"@id\":\"https:\\\/\\\/www.caudete.org\\\/ayuntamiento\\\/visitas-guiadas-durante-la-feria-de-san-miguel-2023\\\/#primaryimage\"},\"thumbnailUrl\":\"https:\\\/\\\/www.caudete.org\\\/ayuntamiento\\\/wp-content\\\/uploads\\\/2023\\\/09\\\/visita-guiada-port.jpg\",\"articleSection\":[\"Turismo\"],\"inLanguage\":\"es\"},{\"@type\":\"WebPage\",\"@id\":\"https:\\\/\\\/www.caudete.org\\\/ayuntamiento\\\/visitas-guiadas-durante-la-feria-de-san-miguel-2023\\\/\",\"url\":\"https:\\\/\\\/www.caudete.org\\\/ayuntamiento\\\/visitas-guiadas-durante-la-feria-de-san-miguel-2023\\\/\",\"name\":\"Visitas guiadas durante la feria de San Miguel 2023 - MI Ayuntamiento de Caudete\",\"isPartOf\":{\"@id\":\"https:\\\/\\\/www.caudete.org\\\/ayuntamiento\\\/#website\"},\"primaryImageOfPage\":{\"@id\":\"https:\\\/\\\/www.caudete.org\\\/ayuntamiento\\\/visitas-guiadas-durante-la-feria-de-san-miguel-2023\\\/#primaryimage\"},\"image\":{\"@id\":\"https:\\\/\\\/www.caudete.org\\\/ayuntamiento\\\/visitas-guiadas-durante-la-feria-de-san-miguel-2023\\\/#primaryimage\"},\"thumbnailUrl\":\"https:\\\/\\\/www.caudete.org\\\/ayuntamiento\\\/wp-content\\\/uploads\\\/2023\\\/09\\\/visita-guiada-port.jpg\",\"datePublished\":\"2023-09-25T12:00:18+00:00\",\"dateModified\":\"2023-09-26T10:22:23+00:00\",\"author\":{\"@id\":\"https:\\\/\\\/www.caudete.org\\\/ayuntamiento\\\/#\\\/schema\\\/person\\\/79f7e19fdd176fc2bc7a289013dc2056\"},\"description\":\"P\u00e1gina Oficial del Ayuntamiento de Caudete (Albacete)\",\"breadcrumb\":{\"@id\":\"https:\\\/\\\/www.caudete.org\\\/ayuntamiento\\\/visitas-guiadas-durante-la-feria-de-san-miguel-2023\\\/#breadcrumb\"},\"inLanguage\":\"es\",\"potentialAction\":[{\"@type\":\"ReadAction\",\"target\":[\"https:\\\/\\\/www.caudete.org\\\/ayuntamiento\\\/visitas-guiadas-durante-la-feria-de-san-miguel-2023\\\/\"]}]},{\"@type\":\"ImageObject\",\"inLanguage\":\"es\",\"@id\":\"https:\\\/\\\/www.caudete.org\\\/ayuntamiento\\\/visitas-guiadas-durante-la-feria-de-san-miguel-2023\\\/#primaryimage\",\"url\":\"https:\\\/\\\/www.caudete.org\\\/ayuntamiento\\\/wp-content\\\/uploads\\\/2023\\\/09\\\/visita-guiada-port.jpg\",\"contentUrl\":\"https:\\\/\\\/www.caudete.org\\\/ayuntamiento\\\/wp-content\\\/uploads\\\/2023\\\/09\\\/visita-guiada-port.jpg\",\"width\":721,\"height\":226},{\"@type\":\"BreadcrumbList\",\"@id\":\"https:\\\/\\\/www.caudete.org\\\/ayuntamiento\\\/visitas-guiadas-durante-la-feria-de-san-miguel-2023\\\/#breadcrumb\",\"itemListElement\":[{\"@type\":\"ListItem\",\"position\":1,\"name\":\"Inicio\",\"item\":\"https:\\\/\\\/www.caudete.org\\\/ayuntamiento\\\/\"},{\"@type\":\"ListItem\",\"position\":2,\"name\":\"Visitas guiadas durante la feria de San Miguel 2023\"}]},{\"@type\":\"WebSite\",\"@id\":\"https:\\\/\\\/www.caudete.org\\\/ayuntamiento\\\/#website\",\"url\":\"https:\\\/\\\/www.caudete.org\\\/ayuntamiento\\\/\",\"name\":\"MI Ayuntamiento de Caudete\",\"description\":\"P\u00e1gina Oficial del MI Ayuntamiento de Caudete\",\"potentialAction\":[{\"@type\":\"SearchAction\",\"target\":{\"@type\":\"EntryPoint\",\"urlTemplate\":\"https:\\\/\\\/www.caudete.org\\\/ayuntamiento\\\/?s={search_term_string}\"},\"query-input\":{\"@type\":\"PropertyValueSpecification\",\"valueRequired\":true,\"valueName\":\"search_term_string\"}}],\"inLanguage\":\"es\"},{\"@type\":\"Person\",\"@id\":\"https:\\\/\\\/www.caudete.org\\\/ayuntamiento\\\/#\\\/schema\\\/person\\\/79f7e19fdd176fc2bc7a289013dc2056\",\"name\":\"ayun\",\"image\":{\"@type\":\"ImageObject\",\"inLanguage\":\"es\",\"@id\":\"https:\\\/\\\/secure.gravatar.com\\\/avatar\\\/4ce797ee07c943e7e592f8cd648e503e6cd571387558ed07135799c2bd2847df?s=96&d=mm&r=g\",\"url\":\"https:\\\/\\\/secure.gravatar.com\\\/avatar\\\/4ce797ee07c943e7e592f8cd648e503e6cd571387558ed07135799c2bd2847df?s=96&d=mm&r=g\",\"contentUrl\":\"https:\\\/\\\/secure.gravatar.com\\\/avatar\\\/4ce797ee07c943e7e592f8cd648e503e6cd571387558ed07135799c2bd2847df?s=96&d=mm&r=g\",\"caption\":\"ayun\"},\"sameAs\":[\"http:\\\/\\\/www.caudete.org\\\/ayuntamiento\"],\"url\":\"https:\\\/\\\/www.caudete.org\\\/ayuntamiento\\\/author\\\/ayun\\\/\"}]}<\/script>\n<!-- \/ Yoast SEO plugin. -->","yoast_head_json":{"title":"Visitas guiadas durante la feria de San Miguel 2023 - MI Ayuntamiento de Caudete","description":"P\u00e1gina Oficial del Ayuntamiento de Caudete (Albacete)","robots":{"index":"index","follow":"follow","max-snippet":"max-snippet:-1","max-image-preview":"max-image-preview:large","max-video-preview":"max-video-preview:-1"},"canonical":"https:\/\/www.caudete.org\/ayuntamiento\/visitas-guiadas-durante-la-feria-de-san-miguel-2023\/","og_locale":"es_ES","og_type":"article","og_title":"Visitas guiadas durante la feria de San Miguel 2023 - MI Ayuntamiento de Caudete","og_description":"P\u00e1gina Oficial del Ayuntamiento de Caudete (Albacete)","og_url":"https:\/\/www.caudete.org\/ayuntamiento\/visitas-guiadas-durante-la-feria-de-san-miguel-2023\/","og_site_name":"MI Ayuntamiento de Caudete","article_publisher":"https:\/\/www.facebook.com\/ayuntamientocaudete\/","article_published_time":"2023-09-25T12:00:18+00:00","article_modified_time":"2023-09-26T10:22:23+00:00","og_image":[{"width":721,"height":226,"url":"https:\/\/www.caudete.org\/ayuntamiento\/wp-content\/uploads\/2023\/09\/visita-guiada-port.jpg","type":"image\/jpeg"}],"author":"ayun","twitter_card":"summary_large_image","twitter_misc":{"Escrito por":"ayun","Tiempo de lectura":"1 minuto"},"schema":{"@context":"https:\/\/schema.org","@graph":[{"@type":"Article","@id":"https:\/\/www.caudete.org\/ayuntamiento\/visitas-guiadas-durante-la-feria-de-san-miguel-2023\/#article","isPartOf":{"@id":"https:\/\/www.caudete.org\/ayuntamiento\/visitas-guiadas-durante-la-feria-de-san-miguel-2023\/"},"author":{"name":"ayun","@id":"https:\/\/www.caudete.org\/ayuntamiento\/#\/schema\/person\/79f7e19fdd176fc2bc7a289013dc2056"},"headline":"Visitas guiadas durante la feria de San Miguel 2023","datePublished":"2023-09-25T12:00:18+00:00","dateModified":"2023-09-26T10:22:23+00:00","mainEntityOfPage":{"@id":"https:\/\/www.caudete.org\/ayuntamiento\/visitas-guiadas-durante-la-feria-de-san-miguel-2023\/"},"wordCount":111,"image":{"@id":"https:\/\/www.caudete.org\/ayuntamiento\/visitas-guiadas-durante-la-feria-de-san-miguel-2023\/#primaryimage"},"thumbnailUrl":"https:\/\/www.caudete.org\/ayuntamiento\/wp-content\/uploads\/2023\/09\/visita-guiada-port.jpg","articleSection":["Turismo"],"inLanguage":"es"},{"@type":"WebPage","@id":"https:\/\/www.caudete.org\/ayuntamiento\/visitas-guiadas-durante-la-feria-de-san-miguel-2023\/","url":"https:\/\/www.caudete.org\/ayuntamiento\/visitas-guiadas-durante-la-feria-de-san-miguel-2023\/","name":"Visitas guiadas durante la feria de San Miguel 2023 - MI Ayuntamiento de Caudete","isPartOf":{"@id":"https:\/\/www.caudete.org\/ayuntamiento\/#website"},"primaryImageOfPage":{"@id":"https:\/\/www.caudete.org\/ayuntamiento\/visitas-guiadas-durante-la-feria-de-san-miguel-2023\/#primaryimage"},"image":{"@id":"https:\/\/www.caudete.org\/ayuntamiento\/visitas-guiadas-durante-la-feria-de-san-miguel-2023\/#primaryimage"},"thumbnailUrl":"https:\/\/www.caudete.org\/ayuntamiento\/wp-content\/uploads\/2023\/09\/visita-guiada-port.jpg","datePublished":"2023-09-25T12:00:18+00:00","dateModified":"2023-09-26T10:22:23+00:00","author":{"@id":"https:\/\/www.caudete.org\/ayuntamiento\/#\/schema\/person\/79f7e19fdd176fc2bc7a289013dc2056"},"description":"P\u00e1gina Oficial del Ayuntamiento de Caudete (Albacete)","breadcrumb":{"@id":"https:\/\/www.caudete.org\/ayuntamiento\/visitas-guiadas-durante-la-feria-de-san-miguel-2023\/#breadcrumb"},"inLanguage":"es","potentialAction":[{"@type":"ReadAction","target":["https:\/\/www.caudete.org\/ayuntamiento\/visitas-guiadas-durante-la-feria-de-san-miguel-2023\/"]}]},{"@type":"ImageObject","inLanguage":"es","@id":"https:\/\/www.caudete.org\/ayuntamiento\/visitas-guiadas-durante-la-feria-de-san-miguel-2023\/#primaryimage","url":"https:\/\/www.caudete.org\/ayuntamiento\/wp-content\/uploads\/2023\/09\/visita-guiada-port.jpg","contentUrl":"https:\/\/www.caudete.org\/ayuntamiento\/wp-content\/uploads\/2023\/09\/visita-guiada-port.jpg","width":721,"height":226},{"@type":"BreadcrumbList","@id":"https:\/\/www.caudete.org\/ayuntamiento\/visitas-guiadas-durante-la-feria-de-san-miguel-2023\/#breadcrumb","itemListElement":[{"@type":"ListItem","position":1,"name":"Inicio","item":"https:\/\/www.caudete.org\/ayuntamiento\/"},{"@type":"ListItem","position":2,"name":"Visitas guiadas durante la feria de San Miguel 2023"}]},{"@type":"WebSite","@id":"https:\/\/www.caudete.org\/ayuntamiento\/#website","url":"https:\/\/www.caudete.org\/ayuntamiento\/","name":"MI Ayuntamiento de Caudete","description":"P\u00e1gina Oficial del MI Ayuntamiento de Caudete","potentialAction":[{"@type":"SearchAction","target":{"@type":"EntryPoint","urlTemplate":"https:\/\/www.caudete.org\/ayuntamiento\/?s={search_term_string}"},"query-input":{"@type":"PropertyValueSpecification","valueRequired":true,"valueName":"search_term_string"}}],"inLanguage":"es"},{"@type":"Person","@id":"https:\/\/www.caudete.org\/ayuntamiento\/#\/schema\/person\/79f7e19fdd176fc2bc7a289013dc2056","name":"ayun","image":{"@type":"ImageObject","inLanguage":"es","@id":"https:\/\/secure.gravatar.com\/avatar\/4ce797ee07c943e7e592f8cd648e503e6cd571387558ed07135799c2bd2847df?s=96&d=mm&r=g","url":"https:\/\/secure.gravatar.com\/avatar\/4ce797ee07c943e7e592f8cd648e503e6cd571387558ed07135799c2bd2847df?s=96&d=mm&r=g","contentUrl":"https:\/\/secure.gravatar.com\/avatar\/4ce797ee07c943e7e592f8cd648e503e6cd571387558ed07135799c2bd2847df?s=96&d=mm&r=g","caption":"ayun"},"sameAs":["http:\/\/www.caudete.org\/ayuntamiento"],"url":"https:\/\/www.caudete.org\/ayuntamiento\/author\/ayun\/"}]}},"_links":{"self":[{"href":"https:\/\/www.caudete.org\/ayuntamiento\/wp-json\/wp\/v2\/posts\/23391","targetHints":{"allow":["GET"]}}],"collection":[{"href":"https:\/\/www.caudete.org\/ayuntamiento\/wp-json\/wp\/v2\/posts"}],"about":[{"href":"https:\/\/www.caudete.org\/ayuntamiento\/wp-json\/wp\/v2\/types\/post"}],"author":[{"embeddable":true,"href":"https:\/\/www.caudete.org\/ayuntamiento\/wp-json\/wp\/v2\/users\/1"}],"replies":[{"embeddable":true,"href":"https:\/\/www.caudete.org\/ayuntamiento\/wp-json\/wp\/v2\/comments?post=23391"}],"version-history":[{"count":5,"href":"https:\/\/www.caudete.org\/ayuntamiento\/wp-json\/wp\/v2\/posts\/23391\/revisions"}],"predecessor-version":[{"id":23412,"href":"https:\/\/www.caudete.org\/ayuntamiento\/wp-json\/wp\/v2\/posts\/23391\/revisions\/23412"}],"wp:featuredmedia":[{"embeddable":true,"href":"https:\/\/www.caudete.org\/ayuntamiento\/wp-json\/wp\/v2\/media\/23396"}],"wp:attachment":[{"href":"https:\/\/www.caudete.org\/ayuntamiento\/wp-json\/wp\/v2\/media?parent=23391"}],"wp:term":[{"taxonomy":"category","embeddable":true,"href":"https:\/\/www.caudete.org\/ayuntamiento\/wp-json\/wp\/v2\/categories?post=23391"},{"taxonomy":"post_tag","embeddable":true,"href":"https:\/\/www.caudete.org\/ayuntamiento\/wp-json\/wp\/v2\/tags?post=23391"}],"curies":[{"name":"wp","href":"https:\/\/api.w.org\/{rel}","templated":true}]}}