{"id":23432,"date":"2023-10-06T08:31:56","date_gmt":"2023-10-06T06:31:56","guid":{"rendered":"https:\/\/www.caudete.org\/ayuntamiento\/?p=23432"},"modified":"2023-10-06T08:54:09","modified_gmt":"2023-10-06T06:54:09","slug":"jornada-erasmusdays-2023-caudete-acreditado-erasmus-en-educacion-escolar-formacion-profesional-y-educacion-de-adultos","status":"publish","type":"post","link":"https:\/\/www.caudete.org\/ayuntamiento\/jornada-erasmusdays-2023-caudete-acreditado-erasmus-en-educacion-escolar-formacion-profesional-y-educacion-de-adultos\/","title":{"rendered":"Jornada ErasmusDays 2023: \u201cCaudete, acreditado Erasmus+ en Educaci\u00f3n Escolar, Formaci\u00f3n Profesional y Educaci\u00f3n de Adultos\u201d"},"content":{"rendered":"<p>Mar\u00eda Dolores Requena Azor\u00edn, Concejal de Juventud, Promoci\u00f3n y Desarrollo Econ\u00f3mico informa de la celebraci\u00f3n el pr\u00f3ximo d\u00eda <strong>10 de octubre<\/strong> de la Jornada ErasmusDays 2023 organizada de forma conjunta por el IES Pintor Rafael Requena y el Ayuntamiento de Caudete en el Museo Rafael Requena de la Casa de Cultura del Ayuntamiento de Caudete.<\/p>\n<p>Despu\u00e9s de siete a\u00f1os de trabajo en el programa, el municipio cuenta con financiaci\u00f3n estable en los sectores de escolar, a trav\u00e9s de la Acreditaci\u00f3n Erasmus del Instituto de Educaci\u00f3n Secundaria de Caudete, y de Formaci\u00f3n Profesional y Educaci\u00f3n de Adultos, a trav\u00e9s de los proyectos que coordina el ayuntamiento.<\/p>\n<p>En esta campa\u00f1a Erasmusdays, que se celebra entre los d\u00edas 9 y 14 de octubre en toda Europa, las entidades beneficiarias de financiaci\u00f3n en el programa difunden sus experiencias, compartiendo con la poblaci\u00f3n en general los resultados de los proyectos desarrollados.<\/p>\n<p>La jornada contar\u00e1 con la participaci\u00f3n de personal de la Escuela Municipal de M\u00fasica y Danza, que ofrecer\u00e1 una actuaci\u00f3n musical, con profesorado y alumnado de escolar y formaci\u00f3n profesional del IES, as\u00ed como con personal y alumnado adulto de la Biblioteca Municipal Ana Mar\u00eda Matute y de la Universidad Popular de Caudete.<\/p>\n<p>Un recorrido por los siete pa\u00edses, Francia, Irlanda, Grecia, Ruman\u00eda, Italia, Estonia y Finlandia, en los que se han desarrollado las actividades y que nos permite, por tanto, celebrar la ciudadan\u00eda europea y las oportunidades de aprendizaje que el programa Erasmus nos ofrece.<\/p>\n<p><a href=\"https:\/\/www.caudete.org\/ayuntamiento\/wp-content\/uploads\/2023\/10\/Programa-Erasmus-Days-2023.pdf\" class=\"mtli_attachment mtli_pdf\">Programa Jornada Erasmus Days 2023<\/a><\/p>\n<p><a href=\"https:\/\/www.caudete.org\/ayuntamiento\/wp-content\/uploads\/2023\/10\/WEB-BANNERS-01.jpg\" rel='prettyPhoto'><img fetchpriority=\"high\" decoding=\"async\" class=\"aligncenter size-full wp-image-23433\" src=\"https:\/\/www.caudete.org\/ayuntamiento\/wp-content\/uploads\/2023\/10\/WEB-BANNERS-01.jpg\" alt=\"\" width=\"800\" height=\"206\" srcset=\"https:\/\/www.caudete.org\/ayuntamiento\/wp-content\/uploads\/2023\/10\/WEB-BANNERS-01.jpg 800w, https:\/\/www.caudete.org\/ayuntamiento\/wp-content\/uploads\/2023\/10\/WEB-BANNERS-01-300x77.jpg 300w, https:\/\/www.caudete.org\/ayuntamiento\/wp-content\/uploads\/2023\/10\/WEB-BANNERS-01-768x198.jpg 768w\" sizes=\"(max-width: 800px) 100vw, 800px\" \/><\/a><\/p>\n<p>&nbsp;<\/p>\n","protected":false},"excerpt":{"rendered":"<p>Mar\u00eda Dolores Requena Azor\u00edn, Concejal de Juventud, Promoci\u00f3n y Desarrollo Econ\u00f3mico informa de la celebraci\u00f3n el pr\u00f3ximo d\u00eda 10 de octubre de la Jornada ErasmusDays 2023 organizada de forma conjunta por el IES Pintor Rafael Requena y el Ayuntamiento de Caudete en el Museo Rafael Requena de la Casa de Cultura del Ayuntamiento de Caudete. &hellip;<\/p>\n","protected":false},"author":1,"featured_media":23434,"comment_status":"closed","ping_status":"open","sticky":false,"template":"","format":"standard","meta":{"ngg_post_thumbnail":0,"footnotes":""},"categories":[87],"tags":[],"class_list":["post-23432","post","type-post","status-publish","format-standard","has-post-thumbnail","hentry","category-desarrollo-local"],"yoast_head":"<!-- This site is optimized with the Yoast SEO plugin v27.4 - https:\/\/yoast.com\/product\/yoast-seo-wordpress\/ -->\n<title>Jornada ErasmusDays 2023: \u201cCaudete, acreditado Erasmus+ en Educaci\u00f3n Escolar, Formaci\u00f3n Profesional y Educaci\u00f3n de Adultos\u201d - MI Ayuntamiento de Caudete<\/title>\n<meta name=\"description\" content=\"P\u00e1gina Oficial del Ayuntamiento de Caudete (Albacete)\" \/>\n<meta name=\"robots\" content=\"index, follow, max-snippet:-1, max-image-preview:large, max-video-preview:-1\" \/>\n<link rel=\"canonical\" href=\"https:\/\/www.caudete.org\/ayuntamiento\/jornada-erasmusdays-2023-caudete-acreditado-erasmus-en-educacion-escolar-formacion-profesional-y-educacion-de-adultos\/\" \/>\n<meta property=\"og:locale\" content=\"es_ES\" \/>\n<meta property=\"og:type\" content=\"article\" \/>\n<meta property=\"og:title\" content=\"Jornada ErasmusDays 2023: \u201cCaudete, acreditado Erasmus+ en Educaci\u00f3n Escolar, Formaci\u00f3n Profesional y Educaci\u00f3n de Adultos\u201d - MI Ayuntamiento de Caudete\" \/>\n<meta property=\"og:description\" content=\"P\u00e1gina Oficial del Ayuntamiento de Caudete (Albacete)\" \/>\n<meta property=\"og:url\" content=\"https:\/\/www.caudete.org\/ayuntamiento\/jornada-erasmusdays-2023-caudete-acreditado-erasmus-en-educacion-escolar-formacion-profesional-y-educacion-de-adultos\/\" \/>\n<meta property=\"og:site_name\" content=\"MI Ayuntamiento de Caudete\" \/>\n<meta property=\"article:publisher\" content=\"https:\/\/www.facebook.com\/ayuntamientocaudete\/\" \/>\n<meta property=\"article:published_time\" content=\"2023-10-06T06:31:56+00:00\" \/>\n<meta property=\"article:modified_time\" content=\"2023-10-06T06:54:09+00:00\" \/>\n<meta property=\"og:image\" content=\"https:\/\/www.caudete.org\/ayuntamiento\/wp-content\/uploads\/2023\/10\/WEB-BANNERS-01-1.jpg\" \/>\n\t<meta property=\"og:image:width\" content=\"800\" \/>\n\t<meta property=\"og:image:height\" content=\"206\" \/>\n\t<meta property=\"og:image:type\" content=\"image\/jpeg\" \/>\n<meta name=\"author\" content=\"ayun\" \/>\n<meta name=\"twitter:card\" content=\"summary_large_image\" \/>\n<meta name=\"twitter:label1\" content=\"Escrito por\" \/>\n\t<meta name=\"twitter:data1\" content=\"ayun\" \/>\n\t<meta name=\"twitter:label2\" content=\"Tiempo de lectura\" \/>\n\t<meta name=\"twitter:data2\" content=\"2 minutos\" \/>\n<script type=\"application\/ld+json\" class=\"yoast-schema-graph\">{\"@context\":\"https:\\\/\\\/schema.org\",\"@graph\":[{\"@type\":\"Article\",\"@id\":\"https:\\\/\\\/www.caudete.org\\\/ayuntamiento\\\/jornada-erasmusdays-2023-caudete-acreditado-erasmus-en-educacion-escolar-formacion-profesional-y-educacion-de-adultos\\\/#article\",\"isPartOf\":{\"@id\":\"https:\\\/\\\/www.caudete.org\\\/ayuntamiento\\\/jornada-erasmusdays-2023-caudete-acreditado-erasmus-en-educacion-escolar-formacion-profesional-y-educacion-de-adultos\\\/\"},\"author\":{\"name\":\"ayun\",\"@id\":\"https:\\\/\\\/www.caudete.org\\\/ayuntamiento\\\/#\\\/schema\\\/person\\\/79f7e19fdd176fc2bc7a289013dc2056\"},\"headline\":\"Jornada ErasmusDays 2023: \u201cCaudete, acreditado Erasmus+ en Educaci\u00f3n Escolar, Formaci\u00f3n Profesional y Educaci\u00f3n de Adultos\u201d\",\"datePublished\":\"2023-10-06T06:31:56+00:00\",\"dateModified\":\"2023-10-06T06:54:09+00:00\",\"mainEntityOfPage\":{\"@id\":\"https:\\\/\\\/www.caudete.org\\\/ayuntamiento\\\/jornada-erasmusdays-2023-caudete-acreditado-erasmus-en-educacion-escolar-formacion-profesional-y-educacion-de-adultos\\\/\"},\"wordCount\":288,\"publisher\":{\"@id\":\"https:\\\/\\\/www.caudete.org\\\/ayuntamiento\\\/#organization\"},\"image\":{\"@id\":\"https:\\\/\\\/www.caudete.org\\\/ayuntamiento\\\/jornada-erasmusdays-2023-caudete-acreditado-erasmus-en-educacion-escolar-formacion-profesional-y-educacion-de-adultos\\\/#primaryimage\"},\"thumbnailUrl\":\"https:\\\/\\\/www.caudete.org\\\/ayuntamiento\\\/wp-content\\\/uploads\\\/2023\\\/10\\\/WEB-BANNERS-01-1.jpg\",\"articleSection\":[\"Desarrollo Local\"],\"inLanguage\":\"es\"},{\"@type\":\"WebPage\",\"@id\":\"https:\\\/\\\/www.caudete.org\\\/ayuntamiento\\\/jornada-erasmusdays-2023-caudete-acreditado-erasmus-en-educacion-escolar-formacion-profesional-y-educacion-de-adultos\\\/\",\"url\":\"https:\\\/\\\/www.caudete.org\\\/ayuntamiento\\\/jornada-erasmusdays-2023-caudete-acreditado-erasmus-en-educacion-escolar-formacion-profesional-y-educacion-de-adultos\\\/\",\"name\":\"Jornada ErasmusDays 2023: \u201cCaudete, acreditado Erasmus+ en Educaci\u00f3n Escolar, Formaci\u00f3n Profesional y Educaci\u00f3n de Adultos\u201d - MI Ayuntamiento de Caudete\",\"isPartOf\":{\"@id\":\"https:\\\/\\\/www.caudete.org\\\/ayuntamiento\\\/#website\"},\"primaryImageOfPage\":{\"@id\":\"https:\\\/\\\/www.caudete.org\\\/ayuntamiento\\\/jornada-erasmusdays-2023-caudete-acreditado-erasmus-en-educacion-escolar-formacion-profesional-y-educacion-de-adultos\\\/#primaryimage\"},\"image\":{\"@id\":\"https:\\\/\\\/www.caudete.org\\\/ayuntamiento\\\/jornada-erasmusdays-2023-caudete-acreditado-erasmus-en-educacion-escolar-formacion-profesional-y-educacion-de-adultos\\\/#primaryimage\"},\"thumbnailUrl\":\"https:\\\/\\\/www.caudete.org\\\/ayuntamiento\\\/wp-content\\\/uploads\\\/2023\\\/10\\\/WEB-BANNERS-01-1.jpg\",\"datePublished\":\"2023-10-06T06:31:56+00:00\",\"dateModified\":\"2023-10-06T06:54:09+00:00\",\"description\":\"P\u00e1gina Oficial del Ayuntamiento de Caudete (Albacete)\",\"breadcrumb\":{\"@id\":\"https:\\\/\\\/www.caudete.org\\\/ayuntamiento\\\/jornada-erasmusdays-2023-caudete-acreditado-erasmus-en-educacion-escolar-formacion-profesional-y-educacion-de-adultos\\\/#breadcrumb\"},\"inLanguage\":\"es\",\"potentialAction\":[{\"@type\":\"ReadAction\",\"target\":[\"https:\\\/\\\/www.caudete.org\\\/ayuntamiento\\\/jornada-erasmusdays-2023-caudete-acreditado-erasmus-en-educacion-escolar-formacion-profesional-y-educacion-de-adultos\\\/\"]}]},{\"@type\":\"ImageObject\",\"inLanguage\":\"es\",\"@id\":\"https:\\\/\\\/www.caudete.org\\\/ayuntamiento\\\/jornada-erasmusdays-2023-caudete-acreditado-erasmus-en-educacion-escolar-formacion-profesional-y-educacion-de-adultos\\\/#primaryimage\",\"url\":\"https:\\\/\\\/www.caudete.org\\\/ayuntamiento\\\/wp-content\\\/uploads\\\/2023\\\/10\\\/WEB-BANNERS-01-1.jpg\",\"contentUrl\":\"https:\\\/\\\/www.caudete.org\\\/ayuntamiento\\\/wp-content\\\/uploads\\\/2023\\\/10\\\/WEB-BANNERS-01-1.jpg\",\"width\":800,\"height\":206},{\"@type\":\"BreadcrumbList\",\"@id\":\"https:\\\/\\\/www.caudete.org\\\/ayuntamiento\\\/jornada-erasmusdays-2023-caudete-acreditado-erasmus-en-educacion-escolar-formacion-profesional-y-educacion-de-adultos\\\/#breadcrumb\",\"itemListElement\":[{\"@type\":\"ListItem\",\"position\":1,\"name\":\"Inicio\",\"item\":\"https:\\\/\\\/www.caudete.org\\\/ayuntamiento\\\/\"},{\"@type\":\"ListItem\",\"position\":2,\"name\":\"Jornada ErasmusDays 2023: \u201cCaudete, acreditado Erasmus+ en Educaci\u00f3n Escolar, Formaci\u00f3n Profesional y Educaci\u00f3n de Adultos\u201d\"}]},{\"@type\":\"WebSite\",\"@id\":\"https:\\\/\\\/www.caudete.org\\\/ayuntamiento\\\/#website\",\"url\":\"https:\\\/\\\/www.caudete.org\\\/ayuntamiento\\\/\",\"name\":\"MI Ayuntamiento de Caudete\",\"description\":\"P\u00e1gina Oficial del MI Ayuntamiento de Caudete\",\"publisher\":{\"@id\":\"https:\\\/\\\/www.caudete.org\\\/ayuntamiento\\\/#organization\"},\"potentialAction\":[{\"@type\":\"SearchAction\",\"target\":{\"@type\":\"EntryPoint\",\"urlTemplate\":\"https:\\\/\\\/www.caudete.org\\\/ayuntamiento\\\/?s={search_term_string}\"},\"query-input\":{\"@type\":\"PropertyValueSpecification\",\"valueRequired\":true,\"valueName\":\"search_term_string\"}}],\"inLanguage\":\"es\"},{\"@type\":\"Organization\",\"@id\":\"https:\\\/\\\/www.caudete.org\\\/ayuntamiento\\\/#organization\",\"name\":\"Ayuntamiento de Caudete\",\"url\":\"https:\\\/\\\/www.caudete.org\\\/ayuntamiento\\\/\",\"logo\":{\"@type\":\"ImageObject\",\"inLanguage\":\"es\",\"@id\":\"https:\\\/\\\/www.caudete.org\\\/ayuntamiento\\\/#\\\/schema\\\/logo\\\/image\\\/\",\"url\":\"https:\\\/\\\/www.caudete.org\\\/ayuntamiento\\\/wp-content\\\/uploads\\\/2020\\\/11\\\/logo_ayuntamiento_caudete.jpg\",\"contentUrl\":\"https:\\\/\\\/www.caudete.org\\\/ayuntamiento\\\/wp-content\\\/uploads\\\/2020\\\/11\\\/logo_ayuntamiento_caudete.jpg\",\"width\":600,\"height\":150,\"caption\":\"Ayuntamiento de Caudete\"},\"image\":{\"@id\":\"https:\\\/\\\/www.caudete.org\\\/ayuntamiento\\\/#\\\/schema\\\/logo\\\/image\\\/\"},\"sameAs\":[\"https:\\\/\\\/www.facebook.com\\\/ayuntamientocaudete\\\/\",\"https:\\\/\\\/www.youtube.com\\\/channel\\\/UC6VztHaooNsGpw-tNoBEFnQ\"]},{\"@type\":\"Person\",\"@id\":\"https:\\\/\\\/www.caudete.org\\\/ayuntamiento\\\/#\\\/schema\\\/person\\\/79f7e19fdd176fc2bc7a289013dc2056\",\"name\":\"ayun\",\"image\":{\"@type\":\"ImageObject\",\"inLanguage\":\"es\",\"@id\":\"https:\\\/\\\/secure.gravatar.com\\\/avatar\\\/4ce797ee07c943e7e592f8cd648e503e6cd571387558ed07135799c2bd2847df?s=96&d=mm&r=g\",\"url\":\"https:\\\/\\\/secure.gravatar.com\\\/avatar\\\/4ce797ee07c943e7e592f8cd648e503e6cd571387558ed07135799c2bd2847df?s=96&d=mm&r=g\",\"contentUrl\":\"https:\\\/\\\/secure.gravatar.com\\\/avatar\\\/4ce797ee07c943e7e592f8cd648e503e6cd571387558ed07135799c2bd2847df?s=96&d=mm&r=g\",\"caption\":\"ayun\"},\"sameAs\":[\"http:\\\/\\\/www.caudete.org\\\/ayuntamiento\"],\"url\":\"https:\\\/\\\/www.caudete.org\\\/ayuntamiento\\\/author\\\/ayun\\\/\"}]}<\/script>\n<!-- \/ Yoast SEO plugin. -->","yoast_head_json":{"title":"Jornada ErasmusDays 2023: \u201cCaudete, acreditado Erasmus+ en Educaci\u00f3n Escolar, Formaci\u00f3n Profesional y Educaci\u00f3n de Adultos\u201d - MI Ayuntamiento de Caudete","description":"P\u00e1gina Oficial del Ayuntamiento de Caudete (Albacete)","robots":{"index":"index","follow":"follow","max-snippet":"max-snippet:-1","max-image-preview":"max-image-preview:large","max-video-preview":"max-video-preview:-1"},"canonical":"https:\/\/www.caudete.org\/ayuntamiento\/jornada-erasmusdays-2023-caudete-acreditado-erasmus-en-educacion-escolar-formacion-profesional-y-educacion-de-adultos\/","og_locale":"es_ES","og_type":"article","og_title":"Jornada ErasmusDays 2023: \u201cCaudete, acreditado Erasmus+ en Educaci\u00f3n Escolar, Formaci\u00f3n Profesional y Educaci\u00f3n de Adultos\u201d - MI Ayuntamiento de Caudete","og_description":"P\u00e1gina Oficial del Ayuntamiento de Caudete (Albacete)","og_url":"https:\/\/www.caudete.org\/ayuntamiento\/jornada-erasmusdays-2023-caudete-acreditado-erasmus-en-educacion-escolar-formacion-profesional-y-educacion-de-adultos\/","og_site_name":"MI Ayuntamiento de Caudete","article_publisher":"https:\/\/www.facebook.com\/ayuntamientocaudete\/","article_published_time":"2023-10-06T06:31:56+00:00","article_modified_time":"2023-10-06T06:54:09+00:00","og_image":[{"width":800,"height":206,"url":"https:\/\/www.caudete.org\/ayuntamiento\/wp-content\/uploads\/2023\/10\/WEB-BANNERS-01-1.jpg","type":"image\/jpeg"}],"author":"ayun","twitter_card":"summary_large_image","twitter_misc":{"Escrito por":"ayun","Tiempo de lectura":"2 minutos"},"schema":{"@context":"https:\/\/schema.org","@graph":[{"@type":"Article","@id":"https:\/\/www.caudete.org\/ayuntamiento\/jornada-erasmusdays-2023-caudete-acreditado-erasmus-en-educacion-escolar-formacion-profesional-y-educacion-de-adultos\/#article","isPartOf":{"@id":"https:\/\/www.caudete.org\/ayuntamiento\/jornada-erasmusdays-2023-caudete-acreditado-erasmus-en-educacion-escolar-formacion-profesional-y-educacion-de-adultos\/"},"author":{"name":"ayun","@id":"https:\/\/www.caudete.org\/ayuntamiento\/#\/schema\/person\/79f7e19fdd176fc2bc7a289013dc2056"},"headline":"Jornada ErasmusDays 2023: \u201cCaudete, acreditado Erasmus+ en Educaci\u00f3n Escolar, Formaci\u00f3n Profesional y Educaci\u00f3n de Adultos\u201d","datePublished":"2023-10-06T06:31:56+00:00","dateModified":"2023-10-06T06:54:09+00:00","mainEntityOfPage":{"@id":"https:\/\/www.caudete.org\/ayuntamiento\/jornada-erasmusdays-2023-caudete-acreditado-erasmus-en-educacion-escolar-formacion-profesional-y-educacion-de-adultos\/"},"wordCount":288,"publisher":{"@id":"https:\/\/www.caudete.org\/ayuntamiento\/#organization"},"image":{"@id":"https:\/\/www.caudete.org\/ayuntamiento\/jornada-erasmusdays-2023-caudete-acreditado-erasmus-en-educacion-escolar-formacion-profesional-y-educacion-de-adultos\/#primaryimage"},"thumbnailUrl":"https:\/\/www.caudete.org\/ayuntamiento\/wp-content\/uploads\/2023\/10\/WEB-BANNERS-01-1.jpg","articleSection":["Desarrollo Local"],"inLanguage":"es"},{"@type":"WebPage","@id":"https:\/\/www.caudete.org\/ayuntamiento\/jornada-erasmusdays-2023-caudete-acreditado-erasmus-en-educacion-escolar-formacion-profesional-y-educacion-de-adultos\/","url":"https:\/\/www.caudete.org\/ayuntamiento\/jornada-erasmusdays-2023-caudete-acreditado-erasmus-en-educacion-escolar-formacion-profesional-y-educacion-de-adultos\/","name":"Jornada ErasmusDays 2023: \u201cCaudete, acreditado Erasmus+ en Educaci\u00f3n Escolar, Formaci\u00f3n Profesional y Educaci\u00f3n de Adultos\u201d - MI Ayuntamiento de Caudete","isPartOf":{"@id":"https:\/\/www.caudete.org\/ayuntamiento\/#website"},"primaryImageOfPage":{"@id":"https:\/\/www.caudete.org\/ayuntamiento\/jornada-erasmusdays-2023-caudete-acreditado-erasmus-en-educacion-escolar-formacion-profesional-y-educacion-de-adultos\/#primaryimage"},"image":{"@id":"https:\/\/www.caudete.org\/ayuntamiento\/jornada-erasmusdays-2023-caudete-acreditado-erasmus-en-educacion-escolar-formacion-profesional-y-educacion-de-adultos\/#primaryimage"},"thumbnailUrl":"https:\/\/www.caudete.org\/ayuntamiento\/wp-content\/uploads\/2023\/10\/WEB-BANNERS-01-1.jpg","datePublished":"2023-10-06T06:31:56+00:00","dateModified":"2023-10-06T06:54:09+00:00","description":"P\u00e1gina Oficial del Ayuntamiento de Caudete (Albacete)","breadcrumb":{"@id":"https:\/\/www.caudete.org\/ayuntamiento\/jornada-erasmusdays-2023-caudete-acreditado-erasmus-en-educacion-escolar-formacion-profesional-y-educacion-de-adultos\/#breadcrumb"},"inLanguage":"es","potentialAction":[{"@type":"ReadAction","target":["https:\/\/www.caudete.org\/ayuntamiento\/jornada-erasmusdays-2023-caudete-acreditado-erasmus-en-educacion-escolar-formacion-profesional-y-educacion-de-adultos\/"]}]},{"@type":"ImageObject","inLanguage":"es","@id":"https:\/\/www.caudete.org\/ayuntamiento\/jornada-erasmusdays-2023-caudete-acreditado-erasmus-en-educacion-escolar-formacion-profesional-y-educacion-de-adultos\/#primaryimage","url":"https:\/\/www.caudete.org\/ayuntamiento\/wp-content\/uploads\/2023\/10\/WEB-BANNERS-01-1.jpg","contentUrl":"https:\/\/www.caudete.org\/ayuntamiento\/wp-content\/uploads\/2023\/10\/WEB-BANNERS-01-1.jpg","width":800,"height":206},{"@type":"BreadcrumbList","@id":"https:\/\/www.caudete.org\/ayuntamiento\/jornada-erasmusdays-2023-caudete-acreditado-erasmus-en-educacion-escolar-formacion-profesional-y-educacion-de-adultos\/#breadcrumb","itemListElement":[{"@type":"ListItem","position":1,"name":"Inicio","item":"https:\/\/www.caudete.org\/ayuntamiento\/"},{"@type":"ListItem","position":2,"name":"Jornada ErasmusDays 2023: \u201cCaudete, acreditado Erasmus+ en Educaci\u00f3n Escolar, Formaci\u00f3n Profesional y Educaci\u00f3n de Adultos\u201d"}]},{"@type":"WebSite","@id":"https:\/\/www.caudete.org\/ayuntamiento\/#website","url":"https:\/\/www.caudete.org\/ayuntamiento\/","name":"MI Ayuntamiento de Caudete","description":"P\u00e1gina Oficial del MI Ayuntamiento de Caudete","publisher":{"@id":"https:\/\/www.caudete.org\/ayuntamiento\/#organization"},"potentialAction":[{"@type":"SearchAction","target":{"@type":"EntryPoint","urlTemplate":"https:\/\/www.caudete.org\/ayuntamiento\/?s={search_term_string}"},"query-input":{"@type":"PropertyValueSpecification","valueRequired":true,"valueName":"search_term_string"}}],"inLanguage":"es"},{"@type":"Organization","@id":"https:\/\/www.caudete.org\/ayuntamiento\/#organization","name":"Ayuntamiento de Caudete","url":"https:\/\/www.caudete.org\/ayuntamiento\/","logo":{"@type":"ImageObject","inLanguage":"es","@id":"https:\/\/www.caudete.org\/ayuntamiento\/#\/schema\/logo\/image\/","url":"https:\/\/www.caudete.org\/ayuntamiento\/wp-content\/uploads\/2020\/11\/logo_ayuntamiento_caudete.jpg","contentUrl":"https:\/\/www.caudete.org\/ayuntamiento\/wp-content\/uploads\/2020\/11\/logo_ayuntamiento_caudete.jpg","width":600,"height":150,"caption":"Ayuntamiento de Caudete"},"image":{"@id":"https:\/\/www.caudete.org\/ayuntamiento\/#\/schema\/logo\/image\/"},"sameAs":["https:\/\/www.facebook.com\/ayuntamientocaudete\/","https:\/\/www.youtube.com\/channel\/UC6VztHaooNsGpw-tNoBEFnQ"]},{"@type":"Person","@id":"https:\/\/www.caudete.org\/ayuntamiento\/#\/schema\/person\/79f7e19fdd176fc2bc7a289013dc2056","name":"ayun","image":{"@type":"ImageObject","inLanguage":"es","@id":"https:\/\/secure.gravatar.com\/avatar\/4ce797ee07c943e7e592f8cd648e503e6cd571387558ed07135799c2bd2847df?s=96&d=mm&r=g","url":"https:\/\/secure.gravatar.com\/avatar\/4ce797ee07c943e7e592f8cd648e503e6cd571387558ed07135799c2bd2847df?s=96&d=mm&r=g","contentUrl":"https:\/\/secure.gravatar.com\/avatar\/4ce797ee07c943e7e592f8cd648e503e6cd571387558ed07135799c2bd2847df?s=96&d=mm&r=g","caption":"ayun"},"sameAs":["http:\/\/www.caudete.org\/ayuntamiento"],"url":"https:\/\/www.caudete.org\/ayuntamiento\/author\/ayun\/"}]}},"_links":{"self":[{"href":"https:\/\/www.caudete.org\/ayuntamiento\/wp-json\/wp\/v2\/posts\/23432","targetHints":{"allow":["GET"]}}],"collection":[{"href":"https:\/\/www.caudete.org\/ayuntamiento\/wp-json\/wp\/v2\/posts"}],"about":[{"href":"https:\/\/www.caudete.org\/ayuntamiento\/wp-json\/wp\/v2\/types\/post"}],"author":[{"embeddable":true,"href":"https:\/\/www.caudete.org\/ayuntamiento\/wp-json\/wp\/v2\/users\/1"}],"replies":[{"embeddable":true,"href":"https:\/\/www.caudete.org\/ayuntamiento\/wp-json\/wp\/v2\/comments?post=23432"}],"version-history":[{"count":4,"href":"https:\/\/www.caudete.org\/ayuntamiento\/wp-json\/wp\/v2\/posts\/23432\/revisions"}],"predecessor-version":[{"id":23448,"href":"https:\/\/www.caudete.org\/ayuntamiento\/wp-json\/wp\/v2\/posts\/23432\/revisions\/23448"}],"wp:featuredmedia":[{"embeddable":true,"href":"https:\/\/www.caudete.org\/ayuntamiento\/wp-json\/wp\/v2\/media\/23434"}],"wp:attachment":[{"href":"https:\/\/www.caudete.org\/ayuntamiento\/wp-json\/wp\/v2\/media?parent=23432"}],"wp:term":[{"taxonomy":"category","embeddable":true,"href":"https:\/\/www.caudete.org\/ayuntamiento\/wp-json\/wp\/v2\/categories?post=23432"},{"taxonomy":"post_tag","embeddable":true,"href":"https:\/\/www.caudete.org\/ayuntamiento\/wp-json\/wp\/v2\/tags?post=23432"}],"curies":[{"name":"wp","href":"https:\/\/api.w.org\/{rel}","templated":true}]}}