{"id":23453,"date":"2023-10-06T15:19:58","date_gmt":"2023-10-06T13:19:58","guid":{"rendered":"https:\/\/www.caudete.org\/ayuntamiento\/?p=23453"},"modified":"2023-10-06T15:21:43","modified_gmt":"2023-10-06T13:21:43","slug":"exito-de-la-feria-de-san-miguel","status":"publish","type":"post","link":"https:\/\/www.caudete.org\/ayuntamiento\/exito-de-la-feria-de-san-miguel\/","title":{"rendered":"\u00c9xito de la FERIA DE SAN MIGUEL"},"content":{"rendered":"<p style=\"text-align: justify;\"><span style=\"font-family: georgia, palatino, serif;\">Esta ma\u00f1ana, el Concejal de Turismo calificaba de &#8220;excelentes resultados la feria de San Miguel 2023&#8221;, sobre la celebrada e<\/span><span style=\"font-family: georgia, palatino, serif;\">l pasado fin de semana del 29 de septiembre al 1 de octubre, en\u00a0 su\u00a0 II edici\u00f3n bajo la denominaci\u00f3n de Feria de San Miguel, en la que se alcanz\u00f3 una afluencia superior al a\u00f1o anterior. <\/span><\/p>\n<p style=\"text-align: justify;\"><span style=\"font-family: georgia, palatino, serif;\">Para la organizaci\u00f3n de la feria contamos con la ayuda de los artesanos de Amata, asociaci\u00f3n que ya lleva 25 a\u00f1os promocionando la artesan\u00eda de autor. Y, como en otras ocasiones, nuestra feria de San Miguel se celebr\u00f3 paralela a la Feria de la Solidaridad, contando con la presencia de varias asociaciones locales. <\/span><\/p>\n<p style=\"text-align: justify;\"><span style=\"font-family: georgia, palatino, serif;\">Durante el fin de semana se celebraron actividades para todos los p\u00fablicos: teatro de t\u00edteres, carrusel, juegos y talleres para ni\u00f1os, adem\u00e1s de partidas y campeonato de ajedrez. Esta \u00faltima actividad despert\u00f3 gran inter\u00e9s entre los j\u00f3venes. <\/span><\/p>\n<p style=\"text-align: justify;\"><span style=\"font-family: georgia, palatino, serif;\">Se celebraron dos catas de embutidos, jam\u00f3n y vino, evento organizado por Carnicer\u00eda Mil\u00e1n que cont\u00f3 con vinos de Bodega Deitania; siendo un \u00e9xito de afluencia.<\/span><\/p>\n<p style=\"text-align: justify;\"><span style=\"font-family: georgia, palatino, serif;\">Gran expectaci\u00f3n gener\u00f3 el toque manual de campanas por parte de la Asociaci\u00f3n de Campaneros de Santa Catalina, confluyendo un gran n\u00famero de espectadores en la plaza de la iglesia para disfrutar de estos toques a las horas programadas. <\/span><\/p>\n<p style=\"text-align: justify;\"><span style=\"font-family: georgia, palatino, serif;\">Asimismo, contamos con la presencia de la Asociaci\u00f3n Yecla Siglo de Oro, que, durante el s\u00e1bado, ambient\u00f3 la feria con su elaborada escenificaci\u00f3n y sus atuendos inspirados en el s. XVII. <\/span><\/p>\n<p style=\"text-align: justify;\"><span style=\"font-family: georgia, palatino, serif;\">Por otra parte, se realizaron 4 visitas guiadas por el casco antiguo de Caudete, actividad que tuvo gran aceptaci\u00f3n tanto entre la poblaci\u00f3n local como entre los visitantes for\u00e1neos.<\/span><\/p>\n<p style=\"text-align: justify;\"><span style=\"font-family: georgia, palatino, serif;\">La Oficina de Turismo, Casa-Museo de D. Miguel Mart\u00ednez, celebr\u00f3 jornada de puertas abiertas, registr\u00e1ndose un total de 1.184 visitas a la casa en los tres d\u00edas de feria.<\/span><\/p>\n<p style=\"text-align: justify;\"><span style=\"font-family: georgia, palatino, serif;\">Seg\u00fan los datos obtenidos por la oficina de turismo, durante estos d\u00edas de feria recibimos visitantes de or\u00edgenes muy diversos, entre ellos Albacete capital, Villena, Yecla, Almansa, Sax, Pinoso y Cieza entre otros. <\/span><\/p>\n<p style=\"text-align: justify;\"><span style=\"font-family: georgia, palatino, serif;\">Tambi\u00e9n el domingo d\u00eda 1 de octubre recibimos la visita de un grupo de 52 personas procedentes de Murcia capital, que hab\u00edan concertado un itinerario guiado por Caudete y tambi\u00e9n tuvieron la oportunidad de disfrutar de la feria, as\u00ed como de visitar Bodega Deitania para conocer nuestros vinos y aceites locales. <\/span><\/p>\n","protected":false},"excerpt":{"rendered":"<p>Esta ma\u00f1ana, el Concejal de Turismo calificaba de &#8220;excelentes resultados la feria de San Miguel 2023&#8221;, sobre la celebrada el pasado fin de semana del 29 de septiembre al 1 de octubre, en\u00a0 su\u00a0 II edici\u00f3n bajo la denominaci\u00f3n de Feria de San Miguel, en la que se alcanz\u00f3 una afluencia superior al a\u00f1o anterior. &hellip;<\/p>\n","protected":false},"author":3,"featured_media":23455,"comment_status":"closed","ping_status":"open","sticky":false,"template":"","format":"standard","meta":{"ngg_post_thumbnail":0,"footnotes":""},"categories":[43],"tags":[],"class_list":["post-23453","post","type-post","status-publish","format-standard","has-post-thumbnail","hentry","category-turismo"],"yoast_head":"<!-- This site is optimized with the Yoast SEO plugin v27.5 - https:\/\/yoast.com\/product\/yoast-seo-wordpress\/ -->\n<title>\u00c9xito de la FERIA DE SAN MIGUEL - MI Ayuntamiento de Caudete<\/title>\n<meta name=\"description\" content=\"P\u00e1gina Oficial del Ayuntamiento de Caudete (Albacete)\" \/>\n<meta name=\"robots\" content=\"index, follow, max-snippet:-1, max-image-preview:large, max-video-preview:-1\" \/>\n<link rel=\"canonical\" href=\"https:\/\/www.caudete.org\/ayuntamiento\/exito-de-la-feria-de-san-miguel\/\" \/>\n<meta property=\"og:locale\" content=\"es_ES\" \/>\n<meta property=\"og:type\" content=\"article\" \/>\n<meta property=\"og:title\" content=\"\u00c9xito de la FERIA DE SAN MIGUEL - MI Ayuntamiento de Caudete\" \/>\n<meta property=\"og:description\" content=\"P\u00e1gina Oficial del Ayuntamiento de Caudete (Albacete)\" \/>\n<meta property=\"og:url\" content=\"https:\/\/www.caudete.org\/ayuntamiento\/exito-de-la-feria-de-san-miguel\/\" \/>\n<meta property=\"og:site_name\" content=\"MI Ayuntamiento de Caudete\" \/>\n<meta property=\"article:publisher\" content=\"https:\/\/www.facebook.com\/ayuntamientocaudete\/\" \/>\n<meta property=\"article:published_time\" content=\"2023-10-06T13:19:58+00:00\" \/>\n<meta property=\"article:modified_time\" content=\"2023-10-06T13:21:43+00:00\" \/>\n<meta property=\"og:image\" content=\"https:\/\/www.caudete.org\/ayuntamiento\/wp-content\/uploads\/2023\/10\/WhatsApp-Image-2023-09-30-at-14.44.10.jpeg\" \/>\n\t<meta property=\"og:image:width\" content=\"1023\" \/>\n\t<meta property=\"og:image:height\" content=\"709\" \/>\n\t<meta property=\"og:image:type\" content=\"image\/jpeg\" \/>\n<meta name=\"author\" content=\"alcalde\" \/>\n<meta name=\"twitter:card\" content=\"summary_large_image\" \/>\n<meta name=\"twitter:label1\" content=\"Escrito por\" \/>\n\t<meta name=\"twitter:data1\" content=\"alcalde\" \/>\n\t<meta name=\"twitter:label2\" content=\"Tiempo de lectura\" \/>\n\t<meta name=\"twitter:data2\" content=\"2 minutos\" \/>\n<script type=\"application\/ld+json\" class=\"yoast-schema-graph\">{\"@context\":\"https:\\\/\\\/schema.org\",\"@graph\":[{\"@type\":\"Article\",\"@id\":\"https:\\\/\\\/www.caudete.org\\\/ayuntamiento\\\/exito-de-la-feria-de-san-miguel\\\/#article\",\"isPartOf\":{\"@id\":\"https:\\\/\\\/www.caudete.org\\\/ayuntamiento\\\/exito-de-la-feria-de-san-miguel\\\/\"},\"author\":{\"name\":\"alcalde\",\"@id\":\"https:\\\/\\\/www.caudete.org\\\/ayuntamiento\\\/#\\\/schema\\\/person\\\/cc646da9133078ee4d8dd47457947253\"},\"headline\":\"\u00c9xito de la FERIA DE SAN MIGUEL\",\"datePublished\":\"2023-10-06T13:19:58+00:00\",\"dateModified\":\"2023-10-06T13:21:43+00:00\",\"mainEntityOfPage\":{\"@id\":\"https:\\\/\\\/www.caudete.org\\\/ayuntamiento\\\/exito-de-la-feria-de-san-miguel\\\/\"},\"wordCount\":419,\"image\":{\"@id\":\"https:\\\/\\\/www.caudete.org\\\/ayuntamiento\\\/exito-de-la-feria-de-san-miguel\\\/#primaryimage\"},\"thumbnailUrl\":\"https:\\\/\\\/www.caudete.org\\\/ayuntamiento\\\/wp-content\\\/uploads\\\/2023\\\/10\\\/WhatsApp-Image-2023-09-30-at-14.44.10.jpeg\",\"articleSection\":[\"Turismo\"],\"inLanguage\":\"es\"},{\"@type\":\"WebPage\",\"@id\":\"https:\\\/\\\/www.caudete.org\\\/ayuntamiento\\\/exito-de-la-feria-de-san-miguel\\\/\",\"url\":\"https:\\\/\\\/www.caudete.org\\\/ayuntamiento\\\/exito-de-la-feria-de-san-miguel\\\/\",\"name\":\"\u00c9xito de la FERIA DE SAN MIGUEL - MI Ayuntamiento de Caudete\",\"isPartOf\":{\"@id\":\"https:\\\/\\\/www.caudete.org\\\/ayuntamiento\\\/#website\"},\"primaryImageOfPage\":{\"@id\":\"https:\\\/\\\/www.caudete.org\\\/ayuntamiento\\\/exito-de-la-feria-de-san-miguel\\\/#primaryimage\"},\"image\":{\"@id\":\"https:\\\/\\\/www.caudete.org\\\/ayuntamiento\\\/exito-de-la-feria-de-san-miguel\\\/#primaryimage\"},\"thumbnailUrl\":\"https:\\\/\\\/www.caudete.org\\\/ayuntamiento\\\/wp-content\\\/uploads\\\/2023\\\/10\\\/WhatsApp-Image-2023-09-30-at-14.44.10.jpeg\",\"datePublished\":\"2023-10-06T13:19:58+00:00\",\"dateModified\":\"2023-10-06T13:21:43+00:00\",\"author\":{\"@id\":\"https:\\\/\\\/www.caudete.org\\\/ayuntamiento\\\/#\\\/schema\\\/person\\\/cc646da9133078ee4d8dd47457947253\"},\"description\":\"P\u00e1gina Oficial del Ayuntamiento de Caudete (Albacete)\",\"breadcrumb\":{\"@id\":\"https:\\\/\\\/www.caudete.org\\\/ayuntamiento\\\/exito-de-la-feria-de-san-miguel\\\/#breadcrumb\"},\"inLanguage\":\"es\",\"potentialAction\":[{\"@type\":\"ReadAction\",\"target\":[\"https:\\\/\\\/www.caudete.org\\\/ayuntamiento\\\/exito-de-la-feria-de-san-miguel\\\/\"]}]},{\"@type\":\"ImageObject\",\"inLanguage\":\"es\",\"@id\":\"https:\\\/\\\/www.caudete.org\\\/ayuntamiento\\\/exito-de-la-feria-de-san-miguel\\\/#primaryimage\",\"url\":\"https:\\\/\\\/www.caudete.org\\\/ayuntamiento\\\/wp-content\\\/uploads\\\/2023\\\/10\\\/WhatsApp-Image-2023-09-30-at-14.44.10.jpeg\",\"contentUrl\":\"https:\\\/\\\/www.caudete.org\\\/ayuntamiento\\\/wp-content\\\/uploads\\\/2023\\\/10\\\/WhatsApp-Image-2023-09-30-at-14.44.10.jpeg\",\"width\":1023,\"height\":709},{\"@type\":\"BreadcrumbList\",\"@id\":\"https:\\\/\\\/www.caudete.org\\\/ayuntamiento\\\/exito-de-la-feria-de-san-miguel\\\/#breadcrumb\",\"itemListElement\":[{\"@type\":\"ListItem\",\"position\":1,\"name\":\"Inicio\",\"item\":\"https:\\\/\\\/www.caudete.org\\\/ayuntamiento\\\/\"},{\"@type\":\"ListItem\",\"position\":2,\"name\":\"\u00c9xito de la FERIA DE SAN MIGUEL\"}]},{\"@type\":\"WebSite\",\"@id\":\"https:\\\/\\\/www.caudete.org\\\/ayuntamiento\\\/#website\",\"url\":\"https:\\\/\\\/www.caudete.org\\\/ayuntamiento\\\/\",\"name\":\"MI Ayuntamiento de Caudete\",\"description\":\"P\u00e1gina Oficial del MI Ayuntamiento de Caudete\",\"potentialAction\":[{\"@type\":\"SearchAction\",\"target\":{\"@type\":\"EntryPoint\",\"urlTemplate\":\"https:\\\/\\\/www.caudete.org\\\/ayuntamiento\\\/?s={search_term_string}\"},\"query-input\":{\"@type\":\"PropertyValueSpecification\",\"valueRequired\":true,\"valueName\":\"search_term_string\"}}],\"inLanguage\":\"es\"},{\"@type\":\"Person\",\"@id\":\"https:\\\/\\\/www.caudete.org\\\/ayuntamiento\\\/#\\\/schema\\\/person\\\/cc646da9133078ee4d8dd47457947253\",\"name\":\"alcalde\",\"image\":{\"@type\":\"ImageObject\",\"inLanguage\":\"es\",\"@id\":\"https:\\\/\\\/secure.gravatar.com\\\/avatar\\\/84a817ba065b29ff08d666b215a215f5c79186a645ccb25b14a663d48a130f77?s=96&d=mm&r=g\",\"url\":\"https:\\\/\\\/secure.gravatar.com\\\/avatar\\\/84a817ba065b29ff08d666b215a215f5c79186a645ccb25b14a663d48a130f77?s=96&d=mm&r=g\",\"contentUrl\":\"https:\\\/\\\/secure.gravatar.com\\\/avatar\\\/84a817ba065b29ff08d666b215a215f5c79186a645ccb25b14a663d48a130f77?s=96&d=mm&r=g\",\"caption\":\"alcalde\"},\"url\":\"https:\\\/\\\/www.caudete.org\\\/ayuntamiento\\\/author\\\/alcalde\\\/\"}]}<\/script>\n<!-- \/ Yoast SEO plugin. -->","yoast_head_json":{"title":"\u00c9xito de la FERIA DE SAN MIGUEL - MI Ayuntamiento de Caudete","description":"P\u00e1gina Oficial del Ayuntamiento de Caudete (Albacete)","robots":{"index":"index","follow":"follow","max-snippet":"max-snippet:-1","max-image-preview":"max-image-preview:large","max-video-preview":"max-video-preview:-1"},"canonical":"https:\/\/www.caudete.org\/ayuntamiento\/exito-de-la-feria-de-san-miguel\/","og_locale":"es_ES","og_type":"article","og_title":"\u00c9xito de la FERIA DE SAN MIGUEL - MI Ayuntamiento de Caudete","og_description":"P\u00e1gina Oficial del Ayuntamiento de Caudete (Albacete)","og_url":"https:\/\/www.caudete.org\/ayuntamiento\/exito-de-la-feria-de-san-miguel\/","og_site_name":"MI Ayuntamiento de Caudete","article_publisher":"https:\/\/www.facebook.com\/ayuntamientocaudete\/","article_published_time":"2023-10-06T13:19:58+00:00","article_modified_time":"2023-10-06T13:21:43+00:00","og_image":[{"width":1023,"height":709,"url":"https:\/\/www.caudete.org\/ayuntamiento\/wp-content\/uploads\/2023\/10\/WhatsApp-Image-2023-09-30-at-14.44.10.jpeg","type":"image\/jpeg"}],"author":"alcalde","twitter_card":"summary_large_image","twitter_misc":{"Escrito por":"alcalde","Tiempo de lectura":"2 minutos"},"schema":{"@context":"https:\/\/schema.org","@graph":[{"@type":"Article","@id":"https:\/\/www.caudete.org\/ayuntamiento\/exito-de-la-feria-de-san-miguel\/#article","isPartOf":{"@id":"https:\/\/www.caudete.org\/ayuntamiento\/exito-de-la-feria-de-san-miguel\/"},"author":{"name":"alcalde","@id":"https:\/\/www.caudete.org\/ayuntamiento\/#\/schema\/person\/cc646da9133078ee4d8dd47457947253"},"headline":"\u00c9xito de la FERIA DE SAN MIGUEL","datePublished":"2023-10-06T13:19:58+00:00","dateModified":"2023-10-06T13:21:43+00:00","mainEntityOfPage":{"@id":"https:\/\/www.caudete.org\/ayuntamiento\/exito-de-la-feria-de-san-miguel\/"},"wordCount":419,"image":{"@id":"https:\/\/www.caudete.org\/ayuntamiento\/exito-de-la-feria-de-san-miguel\/#primaryimage"},"thumbnailUrl":"https:\/\/www.caudete.org\/ayuntamiento\/wp-content\/uploads\/2023\/10\/WhatsApp-Image-2023-09-30-at-14.44.10.jpeg","articleSection":["Turismo"],"inLanguage":"es"},{"@type":"WebPage","@id":"https:\/\/www.caudete.org\/ayuntamiento\/exito-de-la-feria-de-san-miguel\/","url":"https:\/\/www.caudete.org\/ayuntamiento\/exito-de-la-feria-de-san-miguel\/","name":"\u00c9xito de la FERIA DE SAN MIGUEL - MI Ayuntamiento de Caudete","isPartOf":{"@id":"https:\/\/www.caudete.org\/ayuntamiento\/#website"},"primaryImageOfPage":{"@id":"https:\/\/www.caudete.org\/ayuntamiento\/exito-de-la-feria-de-san-miguel\/#primaryimage"},"image":{"@id":"https:\/\/www.caudete.org\/ayuntamiento\/exito-de-la-feria-de-san-miguel\/#primaryimage"},"thumbnailUrl":"https:\/\/www.caudete.org\/ayuntamiento\/wp-content\/uploads\/2023\/10\/WhatsApp-Image-2023-09-30-at-14.44.10.jpeg","datePublished":"2023-10-06T13:19:58+00:00","dateModified":"2023-10-06T13:21:43+00:00","author":{"@id":"https:\/\/www.caudete.org\/ayuntamiento\/#\/schema\/person\/cc646da9133078ee4d8dd47457947253"},"description":"P\u00e1gina Oficial del Ayuntamiento de Caudete (Albacete)","breadcrumb":{"@id":"https:\/\/www.caudete.org\/ayuntamiento\/exito-de-la-feria-de-san-miguel\/#breadcrumb"},"inLanguage":"es","potentialAction":[{"@type":"ReadAction","target":["https:\/\/www.caudete.org\/ayuntamiento\/exito-de-la-feria-de-san-miguel\/"]}]},{"@type":"ImageObject","inLanguage":"es","@id":"https:\/\/www.caudete.org\/ayuntamiento\/exito-de-la-feria-de-san-miguel\/#primaryimage","url":"https:\/\/www.caudete.org\/ayuntamiento\/wp-content\/uploads\/2023\/10\/WhatsApp-Image-2023-09-30-at-14.44.10.jpeg","contentUrl":"https:\/\/www.caudete.org\/ayuntamiento\/wp-content\/uploads\/2023\/10\/WhatsApp-Image-2023-09-30-at-14.44.10.jpeg","width":1023,"height":709},{"@type":"BreadcrumbList","@id":"https:\/\/www.caudete.org\/ayuntamiento\/exito-de-la-feria-de-san-miguel\/#breadcrumb","itemListElement":[{"@type":"ListItem","position":1,"name":"Inicio","item":"https:\/\/www.caudete.org\/ayuntamiento\/"},{"@type":"ListItem","position":2,"name":"\u00c9xito de la FERIA DE SAN MIGUEL"}]},{"@type":"WebSite","@id":"https:\/\/www.caudete.org\/ayuntamiento\/#website","url":"https:\/\/www.caudete.org\/ayuntamiento\/","name":"MI Ayuntamiento de Caudete","description":"P\u00e1gina Oficial del MI Ayuntamiento de Caudete","potentialAction":[{"@type":"SearchAction","target":{"@type":"EntryPoint","urlTemplate":"https:\/\/www.caudete.org\/ayuntamiento\/?s={search_term_string}"},"query-input":{"@type":"PropertyValueSpecification","valueRequired":true,"valueName":"search_term_string"}}],"inLanguage":"es"},{"@type":"Person","@id":"https:\/\/www.caudete.org\/ayuntamiento\/#\/schema\/person\/cc646da9133078ee4d8dd47457947253","name":"alcalde","image":{"@type":"ImageObject","inLanguage":"es","@id":"https:\/\/secure.gravatar.com\/avatar\/84a817ba065b29ff08d666b215a215f5c79186a645ccb25b14a663d48a130f77?s=96&d=mm&r=g","url":"https:\/\/secure.gravatar.com\/avatar\/84a817ba065b29ff08d666b215a215f5c79186a645ccb25b14a663d48a130f77?s=96&d=mm&r=g","contentUrl":"https:\/\/secure.gravatar.com\/avatar\/84a817ba065b29ff08d666b215a215f5c79186a645ccb25b14a663d48a130f77?s=96&d=mm&r=g","caption":"alcalde"},"url":"https:\/\/www.caudete.org\/ayuntamiento\/author\/alcalde\/"}]}},"_links":{"self":[{"href":"https:\/\/www.caudete.org\/ayuntamiento\/wp-json\/wp\/v2\/posts\/23453","targetHints":{"allow":["GET"]}}],"collection":[{"href":"https:\/\/www.caudete.org\/ayuntamiento\/wp-json\/wp\/v2\/posts"}],"about":[{"href":"https:\/\/www.caudete.org\/ayuntamiento\/wp-json\/wp\/v2\/types\/post"}],"author":[{"embeddable":true,"href":"https:\/\/www.caudete.org\/ayuntamiento\/wp-json\/wp\/v2\/users\/3"}],"replies":[{"embeddable":true,"href":"https:\/\/www.caudete.org\/ayuntamiento\/wp-json\/wp\/v2\/comments?post=23453"}],"version-history":[{"count":1,"href":"https:\/\/www.caudete.org\/ayuntamiento\/wp-json\/wp\/v2\/posts\/23453\/revisions"}],"predecessor-version":[{"id":23454,"href":"https:\/\/www.caudete.org\/ayuntamiento\/wp-json\/wp\/v2\/posts\/23453\/revisions\/23454"}],"wp:featuredmedia":[{"embeddable":true,"href":"https:\/\/www.caudete.org\/ayuntamiento\/wp-json\/wp\/v2\/media\/23455"}],"wp:attachment":[{"href":"https:\/\/www.caudete.org\/ayuntamiento\/wp-json\/wp\/v2\/media?parent=23453"}],"wp:term":[{"taxonomy":"category","embeddable":true,"href":"https:\/\/www.caudete.org\/ayuntamiento\/wp-json\/wp\/v2\/categories?post=23453"},{"taxonomy":"post_tag","embeddable":true,"href":"https:\/\/www.caudete.org\/ayuntamiento\/wp-json\/wp\/v2\/tags?post=23453"}],"curies":[{"name":"wp","href":"https:\/\/api.w.org\/{rel}","templated":true}]}}