{"id":23457,"date":"2023-10-10T09:20:56","date_gmt":"2023-10-10T07:20:56","guid":{"rendered":"https:\/\/www.caudete.org\/ayuntamiento\/?p=23457"},"modified":"2023-10-10T09:20:56","modified_gmt":"2023-10-10T07:20:56","slug":"caudeteemprende-abre-sus-puertas-herbo-green-s-l","status":"publish","type":"post","link":"https:\/\/www.caudete.org\/ayuntamiento\/caudeteemprende-abre-sus-puertas-herbo-green-s-l\/","title":{"rendered":"CaudeteEMPRENDE: abre sus puertas &#8220;HERBO GREEN, S.L.&#8221;"},"content":{"rendered":"<p style=\"text-align: justify;\">\n<span style=\"font-family: georgia, palatino, serif;\">El Concejal de Comercio Diego Cuenca Olivares, contin\u00faa con la campa\u00f1a CaudeteEMPRENDE, donde nos presenta en el d\u00eda de hoy la apertura de <strong>Herbo Green S.L. <\/strong><\/span><\/p>\n<p style=\"text-align: justify;\"><span style=\"font-family: georgia, palatino, serif;\"><strong>Herbo Green S.L.<\/strong> se encuentra en la <strong>Avenida Juan Carlos I<\/strong> y sus gerentes y creadores de la marca <strong>\u00c1ngel Guilarte D\u00edaz y Juan Graci\u00e1 Franc\u00e9s<\/strong> nos han recibido para ense\u00f1arnos su tienda y explicarnos todos sus productos y servicios.<\/span><br \/>\n<span style=\"font-family: georgia, palatino, serif;\">Tal y como ellos mismos nos explican: <\/span><span style=\"font-family: georgia, palatino, serif;\">\u201c\u00a1Vamos por buen camino! Hoy podemos decir que\u2026Somos una firma de alta cosm\u00e9tica natural, ecol\u00f3gica y vegana.!<\/span><\/p>\n<p style=\"text-align: justify;\"><span style=\"font-family: georgia, palatino, serif;\">Hace dos a\u00f1os se propusieron un objetivo: d<\/span><span style=\"font-family: georgia, palatino, serif;\">esarrollar l\u00edneas de <strong>productos cosm\u00e9ticos naturales, ecol\u00f3gicos y veganos<\/strong> con formulaci\u00f3n propia:<\/span><\/p>\n<p style=\"text-align: justify; padding-left: 40px;\"><span style=\"font-family: georgia, palatino, serif;\">1.- CICALMATRI, L\u00ednea de productos regenerantes y reparadores; altamente eficaces. Pensados para todo tipo de pieles, pero especialmente para uso en pieles at\u00f3picas, da\u00f1adas, quemadas, irradiadas, sensibles y ultrasensibles, sus ingredientes totalmente naturales ayudan a regenerar tejidos da\u00f1ados y mejoran la piel en profundidad.<\/span><\/p>\n<p style=\"text-align: justify; padding-left: 40px;\"><span style=\"font-family: georgia, palatino, serif;\">2.- MAGN\u00cdFICA Toda una l\u00ednea de productos faciales rejuvenecedores, regeneradores y reparadores para\u00a0todo tipo de pieles, pero especialmente para pieles at\u00f3picas, maltratadas, envejecidas, y sensibles. MAGN\u00cdFICA es un tesoro natural para el cuidado del rostro y de las pieles m\u00e1s exigentes gracias al enorme poder de la naturaleza, las eficaces f\u00f3rmulas de HERBOGREEN y la exclusividad de sus ingredientes naturales, ecol\u00f3gicos y veganos respetuosos con la piel y con el planeta.<\/span><\/p>\n<p style=\"text-align: justify; padding-left: 40px;\"><span style=\"font-family: georgia, palatino, serif;\">3.- LA CUCCU, l\u00ednea de maquillaje que alimenta tu piel, esta l\u00ednea est\u00e1 especialmente dise\u00f1ada para pieles sensibles, con f\u00f3rmulas respetuosas con la piel y tonos naturales.<\/span><\/p>\n<p style=\"text-align: justify;\"><span style=\"font-family: georgia, palatino, serif;\">La tecnolog\u00eda, innovaci\u00f3n y eficacia de los productos HERBOGREEN no est\u00e1 re\u00f1ida con la responsabilidad de ser <strong>100% naturales, sostenibles y respetuosos con el planeta<\/strong>. Con resultados demostrados desde los primeros d\u00edas de uso, sus productos 100% vegetales sin agentes qu\u00edmicos contaminantes ni disruptores endocrinos y sin testeo animal, ayudan a regenerar tejidos da\u00f1ados y mejoran la piel en profundidad. <\/span><\/p>\n<p style=\"text-align: justify;\"><span style=\"text-decoration: underline;\"><strong><span style=\"font-family: georgia, palatino, serif;\">SUS 5 BENEFICIOS, SUS 5 DIFERENCIAS:<\/span><\/strong><\/span><\/p>\n<p style=\"text-align: justify; padding-left: 40px;\"><span style=\"font-family: georgia, palatino, serif;\">1.- Formulas propias basadas en los benefi\u00adcios y bondades de las plantas. <\/span><\/p>\n<p style=\"text-align: justify; padding-left: 40px;\"><span style=\"font-family: georgia, palatino, serif;\">2.- Productos elaborados con Ingredientes de m\u00e1xima calidad, certifi\u00adcados \u00e9tica y legalmente como Naturales-Ecol\u00f3gicos y Veganos. Libre de crueldad animal. <\/span><\/p>\n<p style=\"text-align: justify; padding-left: 40px;\"><span style=\"font-family: georgia, palatino, serif;\">3.- Productos inspirados en los principios claves de la aromaterapia. Aromas terap\u00e9uticos que contribuyen a nuestro bienestar, ofreci\u00e9ndonos una experiencia sensorial excepcional <\/span><\/p>\n<p style=\"text-align: justify; padding-left: 40px;\"><span style=\"font-family: georgia, palatino, serif;\">4.- Todos los productos han sido testados bajo control dermatol\u00f3gico, con estudios m\u00e9dicos cient\u00edfi\u00adcos que certifi\u00adcan que la f\u00f3rmula del cosm\u00e9tico es segura para la piel y que el producto va a ser apto para su uso recomendado y para cualquier persona que lo utilice. <\/span><\/p>\n<p style=\"text-align: justify; padding-left: 40px;\"><span style=\"font-family: georgia, palatino, serif;\">5.- Usar productos HERBOGREEN es el sentimiento de respetar el planeta, es garant\u00eda de pensar y utilizar Cosm\u00e9tica consciente, Cosm\u00e9tica efi\u00adciente.<\/span><\/p>\n<p style=\"text-align: justify;\"><span style=\"font-family: georgia, palatino, serif;\">Les tomo tiempo llegar al punto donde se encuentran ahora, pero han conseguido tener productos cosm\u00e9ticos ecol\u00f3gicos de alta calidad, todos realizados con sus f\u00f3rmulas propias, este sin duda, les sit\u00faa como una empresa que se consolida como una tendencia en el sector de la cosm\u00e9tica natural, haciendo triunfar a todos aquellos productos que aportan beneficios para el usuario y que est\u00e9n en sinton\u00eda con el planeta.<\/span><\/p>\n<p style=\"text-align: justify;\">\n<span style=\"font-family: georgia, palatino, serif;\">La\u00a0cosm\u00e9tica sostenible, vegana y ecol\u00f3gica\u00a0est\u00e1 de auge. La cantidad de empresas espa\u00f1olas que se dedican a formular y fabricar productos naturales para el cuidado de la piel no para de crecer. Tenemos muy buenas marcas made in Spain, algunas est\u00e1n capitaneadas por mujeres emprendedoras, otras son negocios familiares en peque\u00f1os pueblos, pero todas tienen algo en com\u00fan: el amor por nuestro planeta.<\/span><\/p>\n<p style=\"text-align: justify;\">\n<span style=\"font-family: georgia, palatino, serif;\">Desde la consultora\u00a0Grand View Research\u00a0prev\u00e9n un\u00a0crecimiento anual del 9,1% en el sector de la cosm\u00e9tica org\u00e1nica, que estima llegar a alcanzar una\u00a0facturaci\u00f3n aproximada de 43.245M\u20ac para el a\u00f1o 2030. Una de las grandes razones que justifican el aumento en la demanda de este tipo de productos es la\u00a0creciente concienciaci\u00f3n y preocupaci\u00f3n de los consumidores por el impacto medioambiental generado por la industria.\u00a0De hecho, actualmente un\u00a077% de los consumidores afirma tener en cuenta el origen de los ingredientes en los cosm\u00e9ticos. Esta tendencia ha llevado a los principales players del sector a explorar la opci\u00f3n de ofrecer productos menos contaminantes y m\u00e1s respetuosos con el planeta, cumpliendo as\u00ed con las actuales exigencias de los consumidores.<\/span><\/p>\n<p style=\"text-align: justify;\">\n<span style=\"font-family: georgia, palatino, serif;\">HERBOGREEN comenz\u00f3 en el a\u00f1o 2015 y opera desde el 2019 en Espa\u00f1a. Hoy en d\u00eda cuenta con sucursales y filiares, donde ofrece su cosm\u00e9tica eficiente \u2013 consciente para ayudar a mejorar la calidad de vida de las personas y medio ambiente.<\/span><\/p>\n","protected":false},"excerpt":{"rendered":"<p>El Concejal de Comercio Diego Cuenca Olivares, contin\u00faa con la campa\u00f1a CaudeteEMPRENDE, donde nos presenta en el d\u00eda de hoy la apertura de Herbo Green S.L. Herbo Green S.L. se encuentra en la Avenida Juan Carlos I y sus gerentes y creadores de la marca \u00c1ngel Guilarte D\u00edaz y Juan Graci\u00e1 Franc\u00e9s nos han recibido &hellip;<\/p>\n","protected":false},"author":3,"featured_media":23458,"comment_status":"closed","ping_status":"open","sticky":false,"template":"","format":"standard","meta":{"ngg_post_thumbnail":0,"footnotes":""},"categories":[42],"tags":[],"class_list":["post-23457","post","type-post","status-publish","format-standard","has-post-thumbnail","hentry","category-comercio"],"yoast_head":"<!-- This site is optimized with the Yoast SEO plugin v27.5 - https:\/\/yoast.com\/product\/yoast-seo-wordpress\/ -->\n<title>CaudeteEMPRENDE: abre sus puertas &quot;HERBO GREEN, S.L.&quot; - MI Ayuntamiento de Caudete<\/title>\n<meta name=\"description\" content=\"P\u00e1gina Oficial del Ayuntamiento de Caudete (Albacete)\" \/>\n<meta name=\"robots\" content=\"index, follow, max-snippet:-1, max-image-preview:large, max-video-preview:-1\" \/>\n<link rel=\"canonical\" href=\"https:\/\/www.caudete.org\/ayuntamiento\/caudeteemprende-abre-sus-puertas-herbo-green-s-l\/\" \/>\n<meta property=\"og:locale\" content=\"es_ES\" \/>\n<meta property=\"og:type\" content=\"article\" \/>\n<meta property=\"og:title\" content=\"CaudeteEMPRENDE: abre sus puertas &quot;HERBO GREEN, S.L.&quot; - MI Ayuntamiento de Caudete\" \/>\n<meta property=\"og:description\" content=\"P\u00e1gina Oficial del Ayuntamiento de Caudete (Albacete)\" \/>\n<meta property=\"og:url\" content=\"https:\/\/www.caudete.org\/ayuntamiento\/caudeteemprende-abre-sus-puertas-herbo-green-s-l\/\" \/>\n<meta property=\"og:site_name\" content=\"MI Ayuntamiento de Caudete\" \/>\n<meta property=\"article:publisher\" content=\"https:\/\/www.facebook.com\/ayuntamientocaudete\/\" \/>\n<meta property=\"article:published_time\" content=\"2023-10-10T07:20:56+00:00\" \/>\n<meta property=\"og:image\" content=\"https:\/\/www.caudete.org\/ayuntamiento\/wp-content\/uploads\/2023\/10\/WhatsApp-Image-2023-10-06-at-13.33.55.jpeg\" \/>\n\t<meta property=\"og:image:width\" content=\"1600\" \/>\n\t<meta property=\"og:image:height\" content=\"720\" \/>\n\t<meta property=\"og:image:type\" content=\"image\/jpeg\" \/>\n<meta name=\"author\" content=\"alcalde\" \/>\n<meta name=\"twitter:card\" content=\"summary_large_image\" \/>\n<meta name=\"twitter:label1\" content=\"Escrito por\" \/>\n\t<meta name=\"twitter:data1\" content=\"alcalde\" \/>\n\t<meta name=\"twitter:label2\" content=\"Tiempo de lectura\" \/>\n\t<meta name=\"twitter:data2\" content=\"4 minutos\" \/>\n<script type=\"application\/ld+json\" class=\"yoast-schema-graph\">{\"@context\":\"https:\\\/\\\/schema.org\",\"@graph\":[{\"@type\":\"Article\",\"@id\":\"https:\\\/\\\/www.caudete.org\\\/ayuntamiento\\\/caudeteemprende-abre-sus-puertas-herbo-green-s-l\\\/#article\",\"isPartOf\":{\"@id\":\"https:\\\/\\\/www.caudete.org\\\/ayuntamiento\\\/caudeteemprende-abre-sus-puertas-herbo-green-s-l\\\/\"},\"author\":{\"name\":\"alcalde\",\"@id\":\"https:\\\/\\\/www.caudete.org\\\/ayuntamiento\\\/#\\\/schema\\\/person\\\/cc646da9133078ee4d8dd47457947253\"},\"headline\":\"CaudeteEMPRENDE: abre sus puertas &#8220;HERBO GREEN, S.L.&#8221;\",\"datePublished\":\"2023-10-10T07:20:56+00:00\",\"mainEntityOfPage\":{\"@id\":\"https:\\\/\\\/www.caudete.org\\\/ayuntamiento\\\/caudeteemprende-abre-sus-puertas-herbo-green-s-l\\\/\"},\"wordCount\":812,\"image\":{\"@id\":\"https:\\\/\\\/www.caudete.org\\\/ayuntamiento\\\/caudeteemprende-abre-sus-puertas-herbo-green-s-l\\\/#primaryimage\"},\"thumbnailUrl\":\"https:\\\/\\\/www.caudete.org\\\/ayuntamiento\\\/wp-content\\\/uploads\\\/2023\\\/10\\\/WhatsApp-Image-2023-10-06-at-13.33.55.jpeg\",\"articleSection\":[\"Comercio\"],\"inLanguage\":\"es\"},{\"@type\":\"WebPage\",\"@id\":\"https:\\\/\\\/www.caudete.org\\\/ayuntamiento\\\/caudeteemprende-abre-sus-puertas-herbo-green-s-l\\\/\",\"url\":\"https:\\\/\\\/www.caudete.org\\\/ayuntamiento\\\/caudeteemprende-abre-sus-puertas-herbo-green-s-l\\\/\",\"name\":\"CaudeteEMPRENDE: abre sus puertas \\\"HERBO GREEN, S.L.\\\" - MI Ayuntamiento de Caudete\",\"isPartOf\":{\"@id\":\"https:\\\/\\\/www.caudete.org\\\/ayuntamiento\\\/#website\"},\"primaryImageOfPage\":{\"@id\":\"https:\\\/\\\/www.caudete.org\\\/ayuntamiento\\\/caudeteemprende-abre-sus-puertas-herbo-green-s-l\\\/#primaryimage\"},\"image\":{\"@id\":\"https:\\\/\\\/www.caudete.org\\\/ayuntamiento\\\/caudeteemprende-abre-sus-puertas-herbo-green-s-l\\\/#primaryimage\"},\"thumbnailUrl\":\"https:\\\/\\\/www.caudete.org\\\/ayuntamiento\\\/wp-content\\\/uploads\\\/2023\\\/10\\\/WhatsApp-Image-2023-10-06-at-13.33.55.jpeg\",\"datePublished\":\"2023-10-10T07:20:56+00:00\",\"author\":{\"@id\":\"https:\\\/\\\/www.caudete.org\\\/ayuntamiento\\\/#\\\/schema\\\/person\\\/cc646da9133078ee4d8dd47457947253\"},\"description\":\"P\u00e1gina Oficial del Ayuntamiento de Caudete (Albacete)\",\"breadcrumb\":{\"@id\":\"https:\\\/\\\/www.caudete.org\\\/ayuntamiento\\\/caudeteemprende-abre-sus-puertas-herbo-green-s-l\\\/#breadcrumb\"},\"inLanguage\":\"es\",\"potentialAction\":[{\"@type\":\"ReadAction\",\"target\":[\"https:\\\/\\\/www.caudete.org\\\/ayuntamiento\\\/caudeteemprende-abre-sus-puertas-herbo-green-s-l\\\/\"]}]},{\"@type\":\"ImageObject\",\"inLanguage\":\"es\",\"@id\":\"https:\\\/\\\/www.caudete.org\\\/ayuntamiento\\\/caudeteemprende-abre-sus-puertas-herbo-green-s-l\\\/#primaryimage\",\"url\":\"https:\\\/\\\/www.caudete.org\\\/ayuntamiento\\\/wp-content\\\/uploads\\\/2023\\\/10\\\/WhatsApp-Image-2023-10-06-at-13.33.55.jpeg\",\"contentUrl\":\"https:\\\/\\\/www.caudete.org\\\/ayuntamiento\\\/wp-content\\\/uploads\\\/2023\\\/10\\\/WhatsApp-Image-2023-10-06-at-13.33.55.jpeg\",\"width\":1600,\"height\":720},{\"@type\":\"BreadcrumbList\",\"@id\":\"https:\\\/\\\/www.caudete.org\\\/ayuntamiento\\\/caudeteemprende-abre-sus-puertas-herbo-green-s-l\\\/#breadcrumb\",\"itemListElement\":[{\"@type\":\"ListItem\",\"position\":1,\"name\":\"Inicio\",\"item\":\"https:\\\/\\\/www.caudete.org\\\/ayuntamiento\\\/\"},{\"@type\":\"ListItem\",\"position\":2,\"name\":\"CaudeteEMPRENDE: abre sus puertas &#8220;HERBO GREEN, S.L.&#8221;\"}]},{\"@type\":\"WebSite\",\"@id\":\"https:\\\/\\\/www.caudete.org\\\/ayuntamiento\\\/#website\",\"url\":\"https:\\\/\\\/www.caudete.org\\\/ayuntamiento\\\/\",\"name\":\"MI Ayuntamiento de Caudete\",\"description\":\"P\u00e1gina Oficial del MI Ayuntamiento de Caudete\",\"potentialAction\":[{\"@type\":\"SearchAction\",\"target\":{\"@type\":\"EntryPoint\",\"urlTemplate\":\"https:\\\/\\\/www.caudete.org\\\/ayuntamiento\\\/?s={search_term_string}\"},\"query-input\":{\"@type\":\"PropertyValueSpecification\",\"valueRequired\":true,\"valueName\":\"search_term_string\"}}],\"inLanguage\":\"es\"},{\"@type\":\"Person\",\"@id\":\"https:\\\/\\\/www.caudete.org\\\/ayuntamiento\\\/#\\\/schema\\\/person\\\/cc646da9133078ee4d8dd47457947253\",\"name\":\"alcalde\",\"image\":{\"@type\":\"ImageObject\",\"inLanguage\":\"es\",\"@id\":\"https:\\\/\\\/secure.gravatar.com\\\/avatar\\\/84a817ba065b29ff08d666b215a215f5c79186a645ccb25b14a663d48a130f77?s=96&d=mm&r=g\",\"url\":\"https:\\\/\\\/secure.gravatar.com\\\/avatar\\\/84a817ba065b29ff08d666b215a215f5c79186a645ccb25b14a663d48a130f77?s=96&d=mm&r=g\",\"contentUrl\":\"https:\\\/\\\/secure.gravatar.com\\\/avatar\\\/84a817ba065b29ff08d666b215a215f5c79186a645ccb25b14a663d48a130f77?s=96&d=mm&r=g\",\"caption\":\"alcalde\"},\"url\":\"https:\\\/\\\/www.caudete.org\\\/ayuntamiento\\\/author\\\/alcalde\\\/\"}]}<\/script>\n<!-- \/ Yoast SEO plugin. -->","yoast_head_json":{"title":"CaudeteEMPRENDE: abre sus puertas \"HERBO GREEN, S.L.\" - MI Ayuntamiento de Caudete","description":"P\u00e1gina Oficial del Ayuntamiento de Caudete (Albacete)","robots":{"index":"index","follow":"follow","max-snippet":"max-snippet:-1","max-image-preview":"max-image-preview:large","max-video-preview":"max-video-preview:-1"},"canonical":"https:\/\/www.caudete.org\/ayuntamiento\/caudeteemprende-abre-sus-puertas-herbo-green-s-l\/","og_locale":"es_ES","og_type":"article","og_title":"CaudeteEMPRENDE: abre sus puertas \"HERBO GREEN, S.L.\" - MI Ayuntamiento de Caudete","og_description":"P\u00e1gina Oficial del Ayuntamiento de Caudete (Albacete)","og_url":"https:\/\/www.caudete.org\/ayuntamiento\/caudeteemprende-abre-sus-puertas-herbo-green-s-l\/","og_site_name":"MI Ayuntamiento de Caudete","article_publisher":"https:\/\/www.facebook.com\/ayuntamientocaudete\/","article_published_time":"2023-10-10T07:20:56+00:00","og_image":[{"width":1600,"height":720,"url":"https:\/\/www.caudete.org\/ayuntamiento\/wp-content\/uploads\/2023\/10\/WhatsApp-Image-2023-10-06-at-13.33.55.jpeg","type":"image\/jpeg"}],"author":"alcalde","twitter_card":"summary_large_image","twitter_misc":{"Escrito por":"alcalde","Tiempo de lectura":"4 minutos"},"schema":{"@context":"https:\/\/schema.org","@graph":[{"@type":"Article","@id":"https:\/\/www.caudete.org\/ayuntamiento\/caudeteemprende-abre-sus-puertas-herbo-green-s-l\/#article","isPartOf":{"@id":"https:\/\/www.caudete.org\/ayuntamiento\/caudeteemprende-abre-sus-puertas-herbo-green-s-l\/"},"author":{"name":"alcalde","@id":"https:\/\/www.caudete.org\/ayuntamiento\/#\/schema\/person\/cc646da9133078ee4d8dd47457947253"},"headline":"CaudeteEMPRENDE: abre sus puertas &#8220;HERBO GREEN, S.L.&#8221;","datePublished":"2023-10-10T07:20:56+00:00","mainEntityOfPage":{"@id":"https:\/\/www.caudete.org\/ayuntamiento\/caudeteemprende-abre-sus-puertas-herbo-green-s-l\/"},"wordCount":812,"image":{"@id":"https:\/\/www.caudete.org\/ayuntamiento\/caudeteemprende-abre-sus-puertas-herbo-green-s-l\/#primaryimage"},"thumbnailUrl":"https:\/\/www.caudete.org\/ayuntamiento\/wp-content\/uploads\/2023\/10\/WhatsApp-Image-2023-10-06-at-13.33.55.jpeg","articleSection":["Comercio"],"inLanguage":"es"},{"@type":"WebPage","@id":"https:\/\/www.caudete.org\/ayuntamiento\/caudeteemprende-abre-sus-puertas-herbo-green-s-l\/","url":"https:\/\/www.caudete.org\/ayuntamiento\/caudeteemprende-abre-sus-puertas-herbo-green-s-l\/","name":"CaudeteEMPRENDE: abre sus puertas \"HERBO GREEN, S.L.\" - MI Ayuntamiento de Caudete","isPartOf":{"@id":"https:\/\/www.caudete.org\/ayuntamiento\/#website"},"primaryImageOfPage":{"@id":"https:\/\/www.caudete.org\/ayuntamiento\/caudeteemprende-abre-sus-puertas-herbo-green-s-l\/#primaryimage"},"image":{"@id":"https:\/\/www.caudete.org\/ayuntamiento\/caudeteemprende-abre-sus-puertas-herbo-green-s-l\/#primaryimage"},"thumbnailUrl":"https:\/\/www.caudete.org\/ayuntamiento\/wp-content\/uploads\/2023\/10\/WhatsApp-Image-2023-10-06-at-13.33.55.jpeg","datePublished":"2023-10-10T07:20:56+00:00","author":{"@id":"https:\/\/www.caudete.org\/ayuntamiento\/#\/schema\/person\/cc646da9133078ee4d8dd47457947253"},"description":"P\u00e1gina Oficial del Ayuntamiento de Caudete (Albacete)","breadcrumb":{"@id":"https:\/\/www.caudete.org\/ayuntamiento\/caudeteemprende-abre-sus-puertas-herbo-green-s-l\/#breadcrumb"},"inLanguage":"es","potentialAction":[{"@type":"ReadAction","target":["https:\/\/www.caudete.org\/ayuntamiento\/caudeteemprende-abre-sus-puertas-herbo-green-s-l\/"]}]},{"@type":"ImageObject","inLanguage":"es","@id":"https:\/\/www.caudete.org\/ayuntamiento\/caudeteemprende-abre-sus-puertas-herbo-green-s-l\/#primaryimage","url":"https:\/\/www.caudete.org\/ayuntamiento\/wp-content\/uploads\/2023\/10\/WhatsApp-Image-2023-10-06-at-13.33.55.jpeg","contentUrl":"https:\/\/www.caudete.org\/ayuntamiento\/wp-content\/uploads\/2023\/10\/WhatsApp-Image-2023-10-06-at-13.33.55.jpeg","width":1600,"height":720},{"@type":"BreadcrumbList","@id":"https:\/\/www.caudete.org\/ayuntamiento\/caudeteemprende-abre-sus-puertas-herbo-green-s-l\/#breadcrumb","itemListElement":[{"@type":"ListItem","position":1,"name":"Inicio","item":"https:\/\/www.caudete.org\/ayuntamiento\/"},{"@type":"ListItem","position":2,"name":"CaudeteEMPRENDE: abre sus puertas &#8220;HERBO GREEN, S.L.&#8221;"}]},{"@type":"WebSite","@id":"https:\/\/www.caudete.org\/ayuntamiento\/#website","url":"https:\/\/www.caudete.org\/ayuntamiento\/","name":"MI Ayuntamiento de Caudete","description":"P\u00e1gina Oficial del MI Ayuntamiento de Caudete","potentialAction":[{"@type":"SearchAction","target":{"@type":"EntryPoint","urlTemplate":"https:\/\/www.caudete.org\/ayuntamiento\/?s={search_term_string}"},"query-input":{"@type":"PropertyValueSpecification","valueRequired":true,"valueName":"search_term_string"}}],"inLanguage":"es"},{"@type":"Person","@id":"https:\/\/www.caudete.org\/ayuntamiento\/#\/schema\/person\/cc646da9133078ee4d8dd47457947253","name":"alcalde","image":{"@type":"ImageObject","inLanguage":"es","@id":"https:\/\/secure.gravatar.com\/avatar\/84a817ba065b29ff08d666b215a215f5c79186a645ccb25b14a663d48a130f77?s=96&d=mm&r=g","url":"https:\/\/secure.gravatar.com\/avatar\/84a817ba065b29ff08d666b215a215f5c79186a645ccb25b14a663d48a130f77?s=96&d=mm&r=g","contentUrl":"https:\/\/secure.gravatar.com\/avatar\/84a817ba065b29ff08d666b215a215f5c79186a645ccb25b14a663d48a130f77?s=96&d=mm&r=g","caption":"alcalde"},"url":"https:\/\/www.caudete.org\/ayuntamiento\/author\/alcalde\/"}]}},"_links":{"self":[{"href":"https:\/\/www.caudete.org\/ayuntamiento\/wp-json\/wp\/v2\/posts\/23457","targetHints":{"allow":["GET"]}}],"collection":[{"href":"https:\/\/www.caudete.org\/ayuntamiento\/wp-json\/wp\/v2\/posts"}],"about":[{"href":"https:\/\/www.caudete.org\/ayuntamiento\/wp-json\/wp\/v2\/types\/post"}],"author":[{"embeddable":true,"href":"https:\/\/www.caudete.org\/ayuntamiento\/wp-json\/wp\/v2\/users\/3"}],"replies":[{"embeddable":true,"href":"https:\/\/www.caudete.org\/ayuntamiento\/wp-json\/wp\/v2\/comments?post=23457"}],"version-history":[{"count":1,"href":"https:\/\/www.caudete.org\/ayuntamiento\/wp-json\/wp\/v2\/posts\/23457\/revisions"}],"predecessor-version":[{"id":23459,"href":"https:\/\/www.caudete.org\/ayuntamiento\/wp-json\/wp\/v2\/posts\/23457\/revisions\/23459"}],"wp:featuredmedia":[{"embeddable":true,"href":"https:\/\/www.caudete.org\/ayuntamiento\/wp-json\/wp\/v2\/media\/23458"}],"wp:attachment":[{"href":"https:\/\/www.caudete.org\/ayuntamiento\/wp-json\/wp\/v2\/media?parent=23457"}],"wp:term":[{"taxonomy":"category","embeddable":true,"href":"https:\/\/www.caudete.org\/ayuntamiento\/wp-json\/wp\/v2\/categories?post=23457"},{"taxonomy":"post_tag","embeddable":true,"href":"https:\/\/www.caudete.org\/ayuntamiento\/wp-json\/wp\/v2\/tags?post=23457"}],"curies":[{"name":"wp","href":"https:\/\/api.w.org\/{rel}","templated":true}]}}