{"id":23513,"date":"2023-10-16T11:43:23","date_gmt":"2023-10-16T09:43:23","guid":{"rendered":"https:\/\/www.caudete.org\/ayuntamiento\/?p=23513"},"modified":"2023-10-16T15:33:06","modified_gmt":"2023-10-16T13:33:06","slug":"la-concejalia-de-deportes-del-ayuntamiento-de-caudete-anuncia-el-inicio-de-las-jornadas-de-fomento-y-captacion-con-los-centros-educativos-de-primaria","status":"publish","type":"post","link":"https:\/\/www.caudete.org\/ayuntamiento\/la-concejalia-de-deportes-del-ayuntamiento-de-caudete-anuncia-el-inicio-de-las-jornadas-de-fomento-y-captacion-con-los-centros-educativos-de-primaria\/","title":{"rendered":"Iniciadas las Jornadas de Fomento y Captaci\u00f3n con los Centros Educativos de Primaria"},"content":{"rendered":"<p>La Concejal de Deportes, Pilar Egea, ha comunicado a los medios el comienzo de las <strong>Jornadas de Fomento y Captaci\u00f3n <\/strong>las cuales se desarrollan junto con los Centros de Educaci\u00f3n Primaria del Municipio. Jornadas que comienzan el lunes 16 y mi\u00e9rcoles 18 de octubre con los escolares de primer ciclo, los cuales visitan las instalaciones de la Ciudad Deportiva Antonio Amor\u00f3s para llevar a cabo las jornadas de Multideporte.<\/p>\n<p>Durante cada una de las dos sesiones los discentes participaran en un circuito organizado por postas donde se ejecutan propuestas como f\u00fatbol 5C5, recoge conos, bolos, lanzamiento de jabalina, carrera de relevos, gymkana de atletismo, roba cintas\u2026<\/p>\n<p>Unas jornadas con las que se pretende dar a conocer a los m\u00e1s peque\u00f1os las instalaciones de la Ciudad Deportiva a la vez que contribuir en su la formaci\u00f3n motriz de los escolares y en su h\u00e1bito hacia la pr\u00e1ctica deportiva.<\/p>\n<p><a href=\"https:\/\/www.caudete.org\/ayuntamiento\/wp-content\/uploads\/2023\/10\/WhatsApp-Image-2023-10-16-at-10.18.36.jpg\" rel='prettyPhoto'><img fetchpriority=\"high\" decoding=\"async\" class=\"aligncenter size-full wp-image-23515\" src=\"https:\/\/www.caudete.org\/ayuntamiento\/wp-content\/uploads\/2023\/10\/WhatsApp-Image-2023-10-16-at-10.18.36.jpg\" alt=\"\" width=\"800\" height=\"600\" srcset=\"https:\/\/www.caudete.org\/ayuntamiento\/wp-content\/uploads\/2023\/10\/WhatsApp-Image-2023-10-16-at-10.18.36.jpg 800w, https:\/\/www.caudete.org\/ayuntamiento\/wp-content\/uploads\/2023\/10\/WhatsApp-Image-2023-10-16-at-10.18.36-300x225.jpg 300w, https:\/\/www.caudete.org\/ayuntamiento\/wp-content\/uploads\/2023\/10\/WhatsApp-Image-2023-10-16-at-10.18.36-768x576.jpg 768w\" sizes=\"(max-width: 800px) 100vw, 800px\" \/><\/a> <a href=\"https:\/\/www.caudete.org\/ayuntamiento\/wp-content\/uploads\/2023\/10\/WhatsApp-Image-2023-10-16-at-10.18.36port.jpg\" rel='prettyPhoto'><img decoding=\"async\" class=\"aligncenter size-full wp-image-23516\" src=\"https:\/\/www.caudete.org\/ayuntamiento\/wp-content\/uploads\/2023\/10\/WhatsApp-Image-2023-10-16-at-10.18.36port.jpg\" alt=\"\" width=\"646\" height=\"286\" srcset=\"https:\/\/www.caudete.org\/ayuntamiento\/wp-content\/uploads\/2023\/10\/WhatsApp-Image-2023-10-16-at-10.18.36port.jpg 646w, https:\/\/www.caudete.org\/ayuntamiento\/wp-content\/uploads\/2023\/10\/WhatsApp-Image-2023-10-16-at-10.18.36port-300x133.jpg 300w\" sizes=\"(max-width: 646px) 100vw, 646px\" \/><\/a> <a href=\"https:\/\/www.caudete.org\/ayuntamiento\/wp-content\/uploads\/2023\/10\/WhatsApp-Image-2023-10-16-at-10.18.49.jpg\" rel='prettyPhoto'><img decoding=\"async\" class=\"aligncenter size-full wp-image-23517\" src=\"https:\/\/www.caudete.org\/ayuntamiento\/wp-content\/uploads\/2023\/10\/WhatsApp-Image-2023-10-16-at-10.18.49.jpg\" alt=\"\" width=\"800\" height=\"600\" srcset=\"https:\/\/www.caudete.org\/ayuntamiento\/wp-content\/uploads\/2023\/10\/WhatsApp-Image-2023-10-16-at-10.18.49.jpg 800w, https:\/\/www.caudete.org\/ayuntamiento\/wp-content\/uploads\/2023\/10\/WhatsApp-Image-2023-10-16-at-10.18.49-300x225.jpg 300w, https:\/\/www.caudete.org\/ayuntamiento\/wp-content\/uploads\/2023\/10\/WhatsApp-Image-2023-10-16-at-10.18.49-768x576.jpg 768w\" sizes=\"(max-width: 800px) 100vw, 800px\" \/><\/a> <a href=\"https:\/\/www.caudete.org\/ayuntamiento\/wp-content\/uploads\/2023\/10\/WhatsApp-Image-2023-10-16-at-10.20.08.jpg\" rel='prettyPhoto'><img loading=\"lazy\" decoding=\"async\" class=\"aligncenter size-full wp-image-23518\" src=\"https:\/\/www.caudete.org\/ayuntamiento\/wp-content\/uploads\/2023\/10\/WhatsApp-Image-2023-10-16-at-10.20.08.jpg\" alt=\"\" width=\"800\" height=\"600\" srcset=\"https:\/\/www.caudete.org\/ayuntamiento\/wp-content\/uploads\/2023\/10\/WhatsApp-Image-2023-10-16-at-10.20.08.jpg 800w, https:\/\/www.caudete.org\/ayuntamiento\/wp-content\/uploads\/2023\/10\/WhatsApp-Image-2023-10-16-at-10.20.08-300x225.jpg 300w, https:\/\/www.caudete.org\/ayuntamiento\/wp-content\/uploads\/2023\/10\/WhatsApp-Image-2023-10-16-at-10.20.08-768x576.jpg 768w\" sizes=\"(max-width: 800px) 100vw, 800px\" \/><\/a> <a href=\"https:\/\/www.caudete.org\/ayuntamiento\/wp-content\/uploads\/2023\/10\/WhatsApp-Image-2023-10-16-at-10.20.11.jpg\" rel='prettyPhoto'><img loading=\"lazy\" decoding=\"async\" class=\"aligncenter size-full wp-image-23519\" src=\"https:\/\/www.caudete.org\/ayuntamiento\/wp-content\/uploads\/2023\/10\/WhatsApp-Image-2023-10-16-at-10.20.11.jpg\" alt=\"\" width=\"800\" height=\"600\" srcset=\"https:\/\/www.caudete.org\/ayuntamiento\/wp-content\/uploads\/2023\/10\/WhatsApp-Image-2023-10-16-at-10.20.11.jpg 800w, https:\/\/www.caudete.org\/ayuntamiento\/wp-content\/uploads\/2023\/10\/WhatsApp-Image-2023-10-16-at-10.20.11-300x225.jpg 300w, https:\/\/www.caudete.org\/ayuntamiento\/wp-content\/uploads\/2023\/10\/WhatsApp-Image-2023-10-16-at-10.20.11-768x576.jpg 768w\" sizes=\"(max-width: 800px) 100vw, 800px\" \/><\/a> <a href=\"https:\/\/www.caudete.org\/ayuntamiento\/wp-content\/uploads\/2023\/10\/WhatsApp-Image-2023-10-16-at-10.20.12.jpg\" rel='prettyPhoto'><img loading=\"lazy\" decoding=\"async\" class=\"aligncenter size-full wp-image-23520\" src=\"https:\/\/www.caudete.org\/ayuntamiento\/wp-content\/uploads\/2023\/10\/WhatsApp-Image-2023-10-16-at-10.20.12.jpg\" alt=\"\" width=\"800\" height=\"600\" srcset=\"https:\/\/www.caudete.org\/ayuntamiento\/wp-content\/uploads\/2023\/10\/WhatsApp-Image-2023-10-16-at-10.20.12.jpg 800w, https:\/\/www.caudete.org\/ayuntamiento\/wp-content\/uploads\/2023\/10\/WhatsApp-Image-2023-10-16-at-10.20.12-300x225.jpg 300w, https:\/\/www.caudete.org\/ayuntamiento\/wp-content\/uploads\/2023\/10\/WhatsApp-Image-2023-10-16-at-10.20.12-768x576.jpg 768w\" sizes=\"(max-width: 800px) 100vw, 800px\" \/><\/a><\/p>\n","protected":false},"excerpt":{"rendered":"<p>La Concejal de Deportes, Pilar Egea, ha comunicado a los medios el comienzo de las Jornadas de Fomento y Captaci\u00f3n las cuales se desarrollan junto con los Centros de Educaci\u00f3n Primaria del Municipio. Jornadas que comienzan el lunes 16 y mi\u00e9rcoles 18 de octubre con los escolares de primer ciclo, los cuales visitan las instalaciones &hellip;<\/p>\n","protected":false},"author":1,"featured_media":23521,"comment_status":"closed","ping_status":"open","sticky":false,"template":"","format":"standard","meta":{"ngg_post_thumbnail":0,"footnotes":""},"categories":[23],"tags":[],"class_list":["post-23513","post","type-post","status-publish","format-standard","has-post-thumbnail","hentry","category-deportes"],"yoast_head":"<!-- This site is optimized with the Yoast SEO plugin v27.5 - https:\/\/yoast.com\/product\/yoast-seo-wordpress\/ -->\n<title>Iniciadas las Jornadas de Fomento y Captaci\u00f3n con los Centros Educativos de Primaria - MI Ayuntamiento de Caudete<\/title>\n<meta name=\"description\" content=\"P\u00e1gina Oficial del Ayuntamiento de Caudete (Albacete)\" \/>\n<meta name=\"robots\" content=\"index, follow, max-snippet:-1, max-image-preview:large, max-video-preview:-1\" \/>\n<link rel=\"canonical\" href=\"https:\/\/www.caudete.org\/ayuntamiento\/la-concejalia-de-deportes-del-ayuntamiento-de-caudete-anuncia-el-inicio-de-las-jornadas-de-fomento-y-captacion-con-los-centros-educativos-de-primaria\/\" \/>\n<meta property=\"og:locale\" content=\"es_ES\" \/>\n<meta property=\"og:type\" content=\"article\" \/>\n<meta property=\"og:title\" content=\"Iniciadas las Jornadas de Fomento y Captaci\u00f3n con los Centros Educativos de Primaria - MI Ayuntamiento de Caudete\" \/>\n<meta property=\"og:description\" content=\"P\u00e1gina Oficial del Ayuntamiento de Caudete (Albacete)\" \/>\n<meta property=\"og:url\" content=\"https:\/\/www.caudete.org\/ayuntamiento\/la-concejalia-de-deportes-del-ayuntamiento-de-caudete-anuncia-el-inicio-de-las-jornadas-de-fomento-y-captacion-con-los-centros-educativos-de-primaria\/\" \/>\n<meta property=\"og:site_name\" content=\"MI Ayuntamiento de Caudete\" \/>\n<meta property=\"article:publisher\" content=\"https:\/\/www.facebook.com\/ayuntamientocaudete\/\" \/>\n<meta property=\"article:published_time\" content=\"2023-10-16T09:43:23+00:00\" \/>\n<meta property=\"article:modified_time\" content=\"2023-10-16T13:33:06+00:00\" \/>\n<meta property=\"og:image\" content=\"https:\/\/www.caudete.org\/ayuntamiento\/wp-content\/uploads\/2023\/10\/WhatsApp-Image-2023-10-16-at-10.18.36port-1.jpg\" \/>\n\t<meta property=\"og:image:width\" content=\"646\" \/>\n\t<meta property=\"og:image:height\" content=\"286\" \/>\n\t<meta property=\"og:image:type\" content=\"image\/jpeg\" \/>\n<meta name=\"author\" content=\"ayun\" \/>\n<meta name=\"twitter:card\" content=\"summary_large_image\" \/>\n<meta name=\"twitter:label1\" content=\"Escrito por\" \/>\n\t<meta name=\"twitter:data1\" content=\"ayun\" \/>\n\t<meta name=\"twitter:label2\" content=\"Tiempo de lectura\" \/>\n\t<meta name=\"twitter:data2\" content=\"2 minutos\" \/>\n<script type=\"application\/ld+json\" class=\"yoast-schema-graph\">{\"@context\":\"https:\\\/\\\/schema.org\",\"@graph\":[{\"@type\":\"Article\",\"@id\":\"https:\\\/\\\/www.caudete.org\\\/ayuntamiento\\\/la-concejalia-de-deportes-del-ayuntamiento-de-caudete-anuncia-el-inicio-de-las-jornadas-de-fomento-y-captacion-con-los-centros-educativos-de-primaria\\\/#article\",\"isPartOf\":{\"@id\":\"https:\\\/\\\/www.caudete.org\\\/ayuntamiento\\\/la-concejalia-de-deportes-del-ayuntamiento-de-caudete-anuncia-el-inicio-de-las-jornadas-de-fomento-y-captacion-con-los-centros-educativos-de-primaria\\\/\"},\"author\":{\"name\":\"ayun\",\"@id\":\"https:\\\/\\\/www.caudete.org\\\/ayuntamiento\\\/#\\\/schema\\\/person\\\/79f7e19fdd176fc2bc7a289013dc2056\"},\"headline\":\"Iniciadas las Jornadas de Fomento y Captaci\u00f3n con los Centros Educativos de Primaria\",\"datePublished\":\"2023-10-16T09:43:23+00:00\",\"dateModified\":\"2023-10-16T13:33:06+00:00\",\"mainEntityOfPage\":{\"@id\":\"https:\\\/\\\/www.caudete.org\\\/ayuntamiento\\\/la-concejalia-de-deportes-del-ayuntamiento-de-caudete-anuncia-el-inicio-de-las-jornadas-de-fomento-y-captacion-con-los-centros-educativos-de-primaria\\\/\"},\"wordCount\":169,\"image\":{\"@id\":\"https:\\\/\\\/www.caudete.org\\\/ayuntamiento\\\/la-concejalia-de-deportes-del-ayuntamiento-de-caudete-anuncia-el-inicio-de-las-jornadas-de-fomento-y-captacion-con-los-centros-educativos-de-primaria\\\/#primaryimage\"},\"thumbnailUrl\":\"https:\\\/\\\/www.caudete.org\\\/ayuntamiento\\\/wp-content\\\/uploads\\\/2023\\\/10\\\/WhatsApp-Image-2023-10-16-at-10.18.36port-1.jpg\",\"articleSection\":[\"Deportes\"],\"inLanguage\":\"es\"},{\"@type\":\"WebPage\",\"@id\":\"https:\\\/\\\/www.caudete.org\\\/ayuntamiento\\\/la-concejalia-de-deportes-del-ayuntamiento-de-caudete-anuncia-el-inicio-de-las-jornadas-de-fomento-y-captacion-con-los-centros-educativos-de-primaria\\\/\",\"url\":\"https:\\\/\\\/www.caudete.org\\\/ayuntamiento\\\/la-concejalia-de-deportes-del-ayuntamiento-de-caudete-anuncia-el-inicio-de-las-jornadas-de-fomento-y-captacion-con-los-centros-educativos-de-primaria\\\/\",\"name\":\"Iniciadas las Jornadas de Fomento y Captaci\u00f3n con los Centros Educativos de Primaria - MI Ayuntamiento de Caudete\",\"isPartOf\":{\"@id\":\"https:\\\/\\\/www.caudete.org\\\/ayuntamiento\\\/#website\"},\"primaryImageOfPage\":{\"@id\":\"https:\\\/\\\/www.caudete.org\\\/ayuntamiento\\\/la-concejalia-de-deportes-del-ayuntamiento-de-caudete-anuncia-el-inicio-de-las-jornadas-de-fomento-y-captacion-con-los-centros-educativos-de-primaria\\\/#primaryimage\"},\"image\":{\"@id\":\"https:\\\/\\\/www.caudete.org\\\/ayuntamiento\\\/la-concejalia-de-deportes-del-ayuntamiento-de-caudete-anuncia-el-inicio-de-las-jornadas-de-fomento-y-captacion-con-los-centros-educativos-de-primaria\\\/#primaryimage\"},\"thumbnailUrl\":\"https:\\\/\\\/www.caudete.org\\\/ayuntamiento\\\/wp-content\\\/uploads\\\/2023\\\/10\\\/WhatsApp-Image-2023-10-16-at-10.18.36port-1.jpg\",\"datePublished\":\"2023-10-16T09:43:23+00:00\",\"dateModified\":\"2023-10-16T13:33:06+00:00\",\"author\":{\"@id\":\"https:\\\/\\\/www.caudete.org\\\/ayuntamiento\\\/#\\\/schema\\\/person\\\/79f7e19fdd176fc2bc7a289013dc2056\"},\"description\":\"P\u00e1gina Oficial del Ayuntamiento de Caudete (Albacete)\",\"breadcrumb\":{\"@id\":\"https:\\\/\\\/www.caudete.org\\\/ayuntamiento\\\/la-concejalia-de-deportes-del-ayuntamiento-de-caudete-anuncia-el-inicio-de-las-jornadas-de-fomento-y-captacion-con-los-centros-educativos-de-primaria\\\/#breadcrumb\"},\"inLanguage\":\"es\",\"potentialAction\":[{\"@type\":\"ReadAction\",\"target\":[\"https:\\\/\\\/www.caudete.org\\\/ayuntamiento\\\/la-concejalia-de-deportes-del-ayuntamiento-de-caudete-anuncia-el-inicio-de-las-jornadas-de-fomento-y-captacion-con-los-centros-educativos-de-primaria\\\/\"]}]},{\"@type\":\"ImageObject\",\"inLanguage\":\"es\",\"@id\":\"https:\\\/\\\/www.caudete.org\\\/ayuntamiento\\\/la-concejalia-de-deportes-del-ayuntamiento-de-caudete-anuncia-el-inicio-de-las-jornadas-de-fomento-y-captacion-con-los-centros-educativos-de-primaria\\\/#primaryimage\",\"url\":\"https:\\\/\\\/www.caudete.org\\\/ayuntamiento\\\/wp-content\\\/uploads\\\/2023\\\/10\\\/WhatsApp-Image-2023-10-16-at-10.18.36port-1.jpg\",\"contentUrl\":\"https:\\\/\\\/www.caudete.org\\\/ayuntamiento\\\/wp-content\\\/uploads\\\/2023\\\/10\\\/WhatsApp-Image-2023-10-16-at-10.18.36port-1.jpg\",\"width\":646,\"height\":286},{\"@type\":\"BreadcrumbList\",\"@id\":\"https:\\\/\\\/www.caudete.org\\\/ayuntamiento\\\/la-concejalia-de-deportes-del-ayuntamiento-de-caudete-anuncia-el-inicio-de-las-jornadas-de-fomento-y-captacion-con-los-centros-educativos-de-primaria\\\/#breadcrumb\",\"itemListElement\":[{\"@type\":\"ListItem\",\"position\":1,\"name\":\"Inicio\",\"item\":\"https:\\\/\\\/www.caudete.org\\\/ayuntamiento\\\/\"},{\"@type\":\"ListItem\",\"position\":2,\"name\":\"Iniciadas las Jornadas de Fomento y Captaci\u00f3n con los Centros Educativos de Primaria\"}]},{\"@type\":\"WebSite\",\"@id\":\"https:\\\/\\\/www.caudete.org\\\/ayuntamiento\\\/#website\",\"url\":\"https:\\\/\\\/www.caudete.org\\\/ayuntamiento\\\/\",\"name\":\"MI Ayuntamiento de Caudete\",\"description\":\"P\u00e1gina Oficial del MI Ayuntamiento de Caudete\",\"potentialAction\":[{\"@type\":\"SearchAction\",\"target\":{\"@type\":\"EntryPoint\",\"urlTemplate\":\"https:\\\/\\\/www.caudete.org\\\/ayuntamiento\\\/?s={search_term_string}\"},\"query-input\":{\"@type\":\"PropertyValueSpecification\",\"valueRequired\":true,\"valueName\":\"search_term_string\"}}],\"inLanguage\":\"es\"},{\"@type\":\"Person\",\"@id\":\"https:\\\/\\\/www.caudete.org\\\/ayuntamiento\\\/#\\\/schema\\\/person\\\/79f7e19fdd176fc2bc7a289013dc2056\",\"name\":\"ayun\",\"image\":{\"@type\":\"ImageObject\",\"inLanguage\":\"es\",\"@id\":\"https:\\\/\\\/secure.gravatar.com\\\/avatar\\\/4ce797ee07c943e7e592f8cd648e503e6cd571387558ed07135799c2bd2847df?s=96&d=mm&r=g\",\"url\":\"https:\\\/\\\/secure.gravatar.com\\\/avatar\\\/4ce797ee07c943e7e592f8cd648e503e6cd571387558ed07135799c2bd2847df?s=96&d=mm&r=g\",\"contentUrl\":\"https:\\\/\\\/secure.gravatar.com\\\/avatar\\\/4ce797ee07c943e7e592f8cd648e503e6cd571387558ed07135799c2bd2847df?s=96&d=mm&r=g\",\"caption\":\"ayun\"},\"sameAs\":[\"http:\\\/\\\/www.caudete.org\\\/ayuntamiento\"],\"url\":\"https:\\\/\\\/www.caudete.org\\\/ayuntamiento\\\/author\\\/ayun\\\/\"}]}<\/script>\n<!-- \/ Yoast SEO plugin. -->","yoast_head_json":{"title":"Iniciadas las Jornadas de Fomento y Captaci\u00f3n con los Centros Educativos de Primaria - MI Ayuntamiento de Caudete","description":"P\u00e1gina Oficial del Ayuntamiento de Caudete (Albacete)","robots":{"index":"index","follow":"follow","max-snippet":"max-snippet:-1","max-image-preview":"max-image-preview:large","max-video-preview":"max-video-preview:-1"},"canonical":"https:\/\/www.caudete.org\/ayuntamiento\/la-concejalia-de-deportes-del-ayuntamiento-de-caudete-anuncia-el-inicio-de-las-jornadas-de-fomento-y-captacion-con-los-centros-educativos-de-primaria\/","og_locale":"es_ES","og_type":"article","og_title":"Iniciadas las Jornadas de Fomento y Captaci\u00f3n con los Centros Educativos de Primaria - MI Ayuntamiento de Caudete","og_description":"P\u00e1gina Oficial del Ayuntamiento de Caudete (Albacete)","og_url":"https:\/\/www.caudete.org\/ayuntamiento\/la-concejalia-de-deportes-del-ayuntamiento-de-caudete-anuncia-el-inicio-de-las-jornadas-de-fomento-y-captacion-con-los-centros-educativos-de-primaria\/","og_site_name":"MI Ayuntamiento de Caudete","article_publisher":"https:\/\/www.facebook.com\/ayuntamientocaudete\/","article_published_time":"2023-10-16T09:43:23+00:00","article_modified_time":"2023-10-16T13:33:06+00:00","og_image":[{"width":646,"height":286,"url":"https:\/\/www.caudete.org\/ayuntamiento\/wp-content\/uploads\/2023\/10\/WhatsApp-Image-2023-10-16-at-10.18.36port-1.jpg","type":"image\/jpeg"}],"author":"ayun","twitter_card":"summary_large_image","twitter_misc":{"Escrito por":"ayun","Tiempo de lectura":"2 minutos"},"schema":{"@context":"https:\/\/schema.org","@graph":[{"@type":"Article","@id":"https:\/\/www.caudete.org\/ayuntamiento\/la-concejalia-de-deportes-del-ayuntamiento-de-caudete-anuncia-el-inicio-de-las-jornadas-de-fomento-y-captacion-con-los-centros-educativos-de-primaria\/#article","isPartOf":{"@id":"https:\/\/www.caudete.org\/ayuntamiento\/la-concejalia-de-deportes-del-ayuntamiento-de-caudete-anuncia-el-inicio-de-las-jornadas-de-fomento-y-captacion-con-los-centros-educativos-de-primaria\/"},"author":{"name":"ayun","@id":"https:\/\/www.caudete.org\/ayuntamiento\/#\/schema\/person\/79f7e19fdd176fc2bc7a289013dc2056"},"headline":"Iniciadas las Jornadas de Fomento y Captaci\u00f3n con los Centros Educativos de Primaria","datePublished":"2023-10-16T09:43:23+00:00","dateModified":"2023-10-16T13:33:06+00:00","mainEntityOfPage":{"@id":"https:\/\/www.caudete.org\/ayuntamiento\/la-concejalia-de-deportes-del-ayuntamiento-de-caudete-anuncia-el-inicio-de-las-jornadas-de-fomento-y-captacion-con-los-centros-educativos-de-primaria\/"},"wordCount":169,"image":{"@id":"https:\/\/www.caudete.org\/ayuntamiento\/la-concejalia-de-deportes-del-ayuntamiento-de-caudete-anuncia-el-inicio-de-las-jornadas-de-fomento-y-captacion-con-los-centros-educativos-de-primaria\/#primaryimage"},"thumbnailUrl":"https:\/\/www.caudete.org\/ayuntamiento\/wp-content\/uploads\/2023\/10\/WhatsApp-Image-2023-10-16-at-10.18.36port-1.jpg","articleSection":["Deportes"],"inLanguage":"es"},{"@type":"WebPage","@id":"https:\/\/www.caudete.org\/ayuntamiento\/la-concejalia-de-deportes-del-ayuntamiento-de-caudete-anuncia-el-inicio-de-las-jornadas-de-fomento-y-captacion-con-los-centros-educativos-de-primaria\/","url":"https:\/\/www.caudete.org\/ayuntamiento\/la-concejalia-de-deportes-del-ayuntamiento-de-caudete-anuncia-el-inicio-de-las-jornadas-de-fomento-y-captacion-con-los-centros-educativos-de-primaria\/","name":"Iniciadas las Jornadas de Fomento y Captaci\u00f3n con los Centros Educativos de Primaria - MI Ayuntamiento de Caudete","isPartOf":{"@id":"https:\/\/www.caudete.org\/ayuntamiento\/#website"},"primaryImageOfPage":{"@id":"https:\/\/www.caudete.org\/ayuntamiento\/la-concejalia-de-deportes-del-ayuntamiento-de-caudete-anuncia-el-inicio-de-las-jornadas-de-fomento-y-captacion-con-los-centros-educativos-de-primaria\/#primaryimage"},"image":{"@id":"https:\/\/www.caudete.org\/ayuntamiento\/la-concejalia-de-deportes-del-ayuntamiento-de-caudete-anuncia-el-inicio-de-las-jornadas-de-fomento-y-captacion-con-los-centros-educativos-de-primaria\/#primaryimage"},"thumbnailUrl":"https:\/\/www.caudete.org\/ayuntamiento\/wp-content\/uploads\/2023\/10\/WhatsApp-Image-2023-10-16-at-10.18.36port-1.jpg","datePublished":"2023-10-16T09:43:23+00:00","dateModified":"2023-10-16T13:33:06+00:00","author":{"@id":"https:\/\/www.caudete.org\/ayuntamiento\/#\/schema\/person\/79f7e19fdd176fc2bc7a289013dc2056"},"description":"P\u00e1gina Oficial del Ayuntamiento de Caudete (Albacete)","breadcrumb":{"@id":"https:\/\/www.caudete.org\/ayuntamiento\/la-concejalia-de-deportes-del-ayuntamiento-de-caudete-anuncia-el-inicio-de-las-jornadas-de-fomento-y-captacion-con-los-centros-educativos-de-primaria\/#breadcrumb"},"inLanguage":"es","potentialAction":[{"@type":"ReadAction","target":["https:\/\/www.caudete.org\/ayuntamiento\/la-concejalia-de-deportes-del-ayuntamiento-de-caudete-anuncia-el-inicio-de-las-jornadas-de-fomento-y-captacion-con-los-centros-educativos-de-primaria\/"]}]},{"@type":"ImageObject","inLanguage":"es","@id":"https:\/\/www.caudete.org\/ayuntamiento\/la-concejalia-de-deportes-del-ayuntamiento-de-caudete-anuncia-el-inicio-de-las-jornadas-de-fomento-y-captacion-con-los-centros-educativos-de-primaria\/#primaryimage","url":"https:\/\/www.caudete.org\/ayuntamiento\/wp-content\/uploads\/2023\/10\/WhatsApp-Image-2023-10-16-at-10.18.36port-1.jpg","contentUrl":"https:\/\/www.caudete.org\/ayuntamiento\/wp-content\/uploads\/2023\/10\/WhatsApp-Image-2023-10-16-at-10.18.36port-1.jpg","width":646,"height":286},{"@type":"BreadcrumbList","@id":"https:\/\/www.caudete.org\/ayuntamiento\/la-concejalia-de-deportes-del-ayuntamiento-de-caudete-anuncia-el-inicio-de-las-jornadas-de-fomento-y-captacion-con-los-centros-educativos-de-primaria\/#breadcrumb","itemListElement":[{"@type":"ListItem","position":1,"name":"Inicio","item":"https:\/\/www.caudete.org\/ayuntamiento\/"},{"@type":"ListItem","position":2,"name":"Iniciadas las Jornadas de Fomento y Captaci\u00f3n con los Centros Educativos de Primaria"}]},{"@type":"WebSite","@id":"https:\/\/www.caudete.org\/ayuntamiento\/#website","url":"https:\/\/www.caudete.org\/ayuntamiento\/","name":"MI Ayuntamiento de Caudete","description":"P\u00e1gina Oficial del MI Ayuntamiento de Caudete","potentialAction":[{"@type":"SearchAction","target":{"@type":"EntryPoint","urlTemplate":"https:\/\/www.caudete.org\/ayuntamiento\/?s={search_term_string}"},"query-input":{"@type":"PropertyValueSpecification","valueRequired":true,"valueName":"search_term_string"}}],"inLanguage":"es"},{"@type":"Person","@id":"https:\/\/www.caudete.org\/ayuntamiento\/#\/schema\/person\/79f7e19fdd176fc2bc7a289013dc2056","name":"ayun","image":{"@type":"ImageObject","inLanguage":"es","@id":"https:\/\/secure.gravatar.com\/avatar\/4ce797ee07c943e7e592f8cd648e503e6cd571387558ed07135799c2bd2847df?s=96&d=mm&r=g","url":"https:\/\/secure.gravatar.com\/avatar\/4ce797ee07c943e7e592f8cd648e503e6cd571387558ed07135799c2bd2847df?s=96&d=mm&r=g","contentUrl":"https:\/\/secure.gravatar.com\/avatar\/4ce797ee07c943e7e592f8cd648e503e6cd571387558ed07135799c2bd2847df?s=96&d=mm&r=g","caption":"ayun"},"sameAs":["http:\/\/www.caudete.org\/ayuntamiento"],"url":"https:\/\/www.caudete.org\/ayuntamiento\/author\/ayun\/"}]}},"_links":{"self":[{"href":"https:\/\/www.caudete.org\/ayuntamiento\/wp-json\/wp\/v2\/posts\/23513","targetHints":{"allow":["GET"]}}],"collection":[{"href":"https:\/\/www.caudete.org\/ayuntamiento\/wp-json\/wp\/v2\/posts"}],"about":[{"href":"https:\/\/www.caudete.org\/ayuntamiento\/wp-json\/wp\/v2\/types\/post"}],"author":[{"embeddable":true,"href":"https:\/\/www.caudete.org\/ayuntamiento\/wp-json\/wp\/v2\/users\/1"}],"replies":[{"embeddable":true,"href":"https:\/\/www.caudete.org\/ayuntamiento\/wp-json\/wp\/v2\/comments?post=23513"}],"version-history":[{"count":4,"href":"https:\/\/www.caudete.org\/ayuntamiento\/wp-json\/wp\/v2\/posts\/23513\/revisions"}],"predecessor-version":[{"id":23524,"href":"https:\/\/www.caudete.org\/ayuntamiento\/wp-json\/wp\/v2\/posts\/23513\/revisions\/23524"}],"wp:featuredmedia":[{"embeddable":true,"href":"https:\/\/www.caudete.org\/ayuntamiento\/wp-json\/wp\/v2\/media\/23521"}],"wp:attachment":[{"href":"https:\/\/www.caudete.org\/ayuntamiento\/wp-json\/wp\/v2\/media?parent=23513"}],"wp:term":[{"taxonomy":"category","embeddable":true,"href":"https:\/\/www.caudete.org\/ayuntamiento\/wp-json\/wp\/v2\/categories?post=23513"},{"taxonomy":"post_tag","embeddable":true,"href":"https:\/\/www.caudete.org\/ayuntamiento\/wp-json\/wp\/v2\/tags?post=23513"}],"curies":[{"name":"wp","href":"https:\/\/api.w.org\/{rel}","templated":true}]}}