{"id":23525,"date":"2023-10-17T10:06:24","date_gmt":"2023-10-17T08:06:24","guid":{"rendered":"https:\/\/www.caudete.org\/ayuntamiento\/?p=23525"},"modified":"2023-10-17T10:44:30","modified_gmt":"2023-10-17T08:44:30","slug":"el-gobierno-municipal-pregunta-a-los-caudetanos-sobre-el-modelo-de-feria-que-quieren","status":"publish","type":"post","link":"https:\/\/www.caudete.org\/ayuntamiento\/el-gobierno-municipal-pregunta-a-los-caudetanos-sobre-el-modelo-de-feria-que-quieren\/","title":{"rendered":"El Gobierno Municipal pregunta a los caudetanos sobre el modelo de FERIA que quieren"},"content":{"rendered":"<p style=\"text-align: justify;\">Esta ma\u00f1ana, el Alcalde Mois\u00e9s L\u00f3pez y el Concejal de Fiestas Francisco Medina presentaban ante los medios la encuesta que junto a la Concejal\u00eda de Participaci\u00f3n Ciudadana lanzaban para poder conocer de primera mano cu\u00e1l es el modelo de Feria que los caudetanos quieren, para as\u00ed, desde el Gobierno Municipal trabajar para su fortalecimiento.<\/p>\n<p style=\"text-align: justify;\">Los excelentes resultados obtenidos en las pasadas Fiestas Patronales de Moros y Cristianos, tanto en actos festeros como el ambiente festero, decoraci\u00f3n, iluminaci\u00f3n y dem\u00e1s, chocan con la visi\u00f3n y el sentimiento que los caudetanos han apreciado sobre la Feria de Atracciones, que se ha visto mermada en presencia tanto de puestos de venta ambulante de todo tipo, como en las propias atracciones, as\u00ed como en sus horarios de apertura.<\/p>\n<p style=\"text-align: justify;\">Cabe destacar que son los propios feriantes y comerciantes, a t\u00edtulo personal, quienes dirigen sus peticiones de instalacion de puestos o atracciones en suelo municipal, y por tanto quienes eligen la plaza a la que asistir en unas fechas concretas. Igualmente, son ellos mismos los que en funci\u00f3n de la demanda marcan sus horarios de apertura, as\u00ed como el d\u00eda que dejan libre el espacio utilizado. El Consistorio recibe, tramita, autoriza y sit\u00faa a aquellas que cumplen con todos los requisitos legales.<\/p>\n<p style=\"text-align: justify;\">Desde tiempo inmemorial, la coincidencia de Feria y Fiestas Patronales han convivido en nuestro calendario, pero con el avance del tiempo, y quiz\u00e1 por comportamientos sociales, por la particularidad del gui\u00f3n de actos oficiales, por cualquier otra causa, o por una mezcla de todas ellas, lo cierto es que la Feria de Atracciones va perdiendo fuerza desde hace muchos a\u00f1os, siendo un secreto a voces entre la ciudadan\u00eda, y tema de conversaci\u00f3n durante las Fiestas y despu\u00e9s de ellas.<\/p>\n<p style=\"text-align: justify;\">Una vez m\u00e1s nos encontramos con una demanda social, que ning\u00fan colectivo ha puesto sobre la mesa, pero que desde el Gobierno Municipal, sensibles al sentir de los caudetanos estamos dispuestos a solucionar, para que tanto las Fiestas Patronales como la Feria de Atracciones se vean fortalecidas, luzcan por s\u00ed mismas, y sean disfrutadas al m\u00e1ximo por caudetanos y visitantes.<\/p>\n<p style=\"text-align: justify;\">Como expresaba el Alcalde, &#8220;<em>no hay prisas, pero si hay una meta y un m\u00e9todo<\/em>&#8221; refiri\u00e9ndose a que los tiempos han de ser los m\u00ednimos posibles, pero donde va a primar el di\u00e1logo y el sentir de los caudetanos, que ser\u00e1n quienes fijen la meta en la que se pretende trabajar.<\/p>\n<p style=\"text-align: justify;\">Para ello, se ha establecido una nueva encuesta, que estar\u00e1 abierta desde hoy mismo y hasta el pr\u00f3ximo domingo 29 de Octubre de 2023.<\/p>\n<p style=\"text-align: center;\">Para participar en esta encuesta pulsa sobre el enlace:<\/p>\n<p style=\"text-align: center;\"><a href=\"https:\/\/forms.gle\/ieoP2u795Njmyyid8\" target=\"_blank\" rel=\"nofollow\">https:\/\/forms.gle\/ieoP2u795Njmyyid8<\/a><\/p>\n<p>&nbsp;<\/p>\n","protected":false},"excerpt":{"rendered":"<p>Esta ma\u00f1ana, el Alcalde Mois\u00e9s L\u00f3pez y el Concejal de Fiestas Francisco Medina presentaban ante los medios la encuesta que junto a la Concejal\u00eda de Participaci\u00f3n Ciudadana lanzaban para poder conocer de primera mano cu\u00e1l es el modelo de Feria que los caudetanos quieren, para as\u00ed, desde el Gobierno Municipal trabajar para su fortalecimiento. Los &hellip;<\/p>\n","protected":false},"author":1,"featured_media":23532,"comment_status":"closed","ping_status":"open","sticky":false,"template":"","format":"standard","meta":{"ngg_post_thumbnail":0,"footnotes":""},"categories":[31],"tags":[],"class_list":["post-23525","post","type-post","status-publish","format-standard","has-post-thumbnail","hentry","category-fiestas"],"yoast_head":"<!-- This site is optimized with the Yoast SEO plugin v27.5 - https:\/\/yoast.com\/product\/yoast-seo-wordpress\/ -->\n<title>El Gobierno Municipal pregunta a los caudetanos sobre el modelo de FERIA que quieren - MI Ayuntamiento de Caudete<\/title>\n<meta name=\"description\" content=\"P\u00e1gina Oficial del Ayuntamiento de Caudete (Albacete)\" \/>\n<meta name=\"robots\" content=\"index, follow, max-snippet:-1, max-image-preview:large, max-video-preview:-1\" \/>\n<link rel=\"canonical\" href=\"https:\/\/www.caudete.org\/ayuntamiento\/el-gobierno-municipal-pregunta-a-los-caudetanos-sobre-el-modelo-de-feria-que-quieren\/\" \/>\n<meta property=\"og:locale\" content=\"es_ES\" \/>\n<meta property=\"og:type\" content=\"article\" \/>\n<meta property=\"og:title\" content=\"El Gobierno Municipal pregunta a los caudetanos sobre el modelo de FERIA que quieren - MI Ayuntamiento de Caudete\" \/>\n<meta property=\"og:description\" content=\"P\u00e1gina Oficial del Ayuntamiento de Caudete (Albacete)\" \/>\n<meta property=\"og:url\" content=\"https:\/\/www.caudete.org\/ayuntamiento\/el-gobierno-municipal-pregunta-a-los-caudetanos-sobre-el-modelo-de-feria-que-quieren\/\" \/>\n<meta property=\"og:site_name\" content=\"MI Ayuntamiento de Caudete\" \/>\n<meta property=\"article:publisher\" content=\"https:\/\/www.facebook.com\/ayuntamientocaudete\/\" \/>\n<meta property=\"article:published_time\" content=\"2023-10-17T08:06:24+00:00\" \/>\n<meta property=\"article:modified_time\" content=\"2023-10-17T08:44:30+00:00\" \/>\n<meta property=\"og:image\" content=\"https:\/\/www.caudete.org\/ayuntamiento\/wp-content\/uploads\/2023\/10\/feria-1.jpg\" \/>\n\t<meta property=\"og:image:width\" content=\"600\" \/>\n\t<meta property=\"og:image:height\" content=\"338\" \/>\n\t<meta property=\"og:image:type\" content=\"image\/jpeg\" \/>\n<meta name=\"author\" content=\"ayun\" \/>\n<meta name=\"twitter:card\" content=\"summary_large_image\" \/>\n<meta name=\"twitter:label1\" content=\"Escrito por\" \/>\n\t<meta name=\"twitter:data1\" content=\"ayun\" \/>\n\t<meta name=\"twitter:label2\" content=\"Tiempo de lectura\" \/>\n\t<meta name=\"twitter:data2\" content=\"2 minutos\" \/>\n<script type=\"application\/ld+json\" class=\"yoast-schema-graph\">{\"@context\":\"https:\\\/\\\/schema.org\",\"@graph\":[{\"@type\":\"Article\",\"@id\":\"https:\\\/\\\/www.caudete.org\\\/ayuntamiento\\\/el-gobierno-municipal-pregunta-a-los-caudetanos-sobre-el-modelo-de-feria-que-quieren\\\/#article\",\"isPartOf\":{\"@id\":\"https:\\\/\\\/www.caudete.org\\\/ayuntamiento\\\/el-gobierno-municipal-pregunta-a-los-caudetanos-sobre-el-modelo-de-feria-que-quieren\\\/\"},\"author\":{\"name\":\"ayun\",\"@id\":\"https:\\\/\\\/www.caudete.org\\\/ayuntamiento\\\/#\\\/schema\\\/person\\\/79f7e19fdd176fc2bc7a289013dc2056\"},\"headline\":\"El Gobierno Municipal pregunta a los caudetanos sobre el modelo de FERIA que quieren\",\"datePublished\":\"2023-10-17T08:06:24+00:00\",\"dateModified\":\"2023-10-17T08:44:30+00:00\",\"mainEntityOfPage\":{\"@id\":\"https:\\\/\\\/www.caudete.org\\\/ayuntamiento\\\/el-gobierno-municipal-pregunta-a-los-caudetanos-sobre-el-modelo-de-feria-que-quieren\\\/\"},\"wordCount\":476,\"image\":{\"@id\":\"https:\\\/\\\/www.caudete.org\\\/ayuntamiento\\\/el-gobierno-municipal-pregunta-a-los-caudetanos-sobre-el-modelo-de-feria-que-quieren\\\/#primaryimage\"},\"thumbnailUrl\":\"https:\\\/\\\/www.caudete.org\\\/ayuntamiento\\\/wp-content\\\/uploads\\\/2023\\\/10\\\/feria-1.jpg\",\"articleSection\":[\"Fiestas\"],\"inLanguage\":\"es\"},{\"@type\":\"WebPage\",\"@id\":\"https:\\\/\\\/www.caudete.org\\\/ayuntamiento\\\/el-gobierno-municipal-pregunta-a-los-caudetanos-sobre-el-modelo-de-feria-que-quieren\\\/\",\"url\":\"https:\\\/\\\/www.caudete.org\\\/ayuntamiento\\\/el-gobierno-municipal-pregunta-a-los-caudetanos-sobre-el-modelo-de-feria-que-quieren\\\/\",\"name\":\"El Gobierno Municipal pregunta a los caudetanos sobre el modelo de FERIA que quieren - MI Ayuntamiento de Caudete\",\"isPartOf\":{\"@id\":\"https:\\\/\\\/www.caudete.org\\\/ayuntamiento\\\/#website\"},\"primaryImageOfPage\":{\"@id\":\"https:\\\/\\\/www.caudete.org\\\/ayuntamiento\\\/el-gobierno-municipal-pregunta-a-los-caudetanos-sobre-el-modelo-de-feria-que-quieren\\\/#primaryimage\"},\"image\":{\"@id\":\"https:\\\/\\\/www.caudete.org\\\/ayuntamiento\\\/el-gobierno-municipal-pregunta-a-los-caudetanos-sobre-el-modelo-de-feria-que-quieren\\\/#primaryimage\"},\"thumbnailUrl\":\"https:\\\/\\\/www.caudete.org\\\/ayuntamiento\\\/wp-content\\\/uploads\\\/2023\\\/10\\\/feria-1.jpg\",\"datePublished\":\"2023-10-17T08:06:24+00:00\",\"dateModified\":\"2023-10-17T08:44:30+00:00\",\"author\":{\"@id\":\"https:\\\/\\\/www.caudete.org\\\/ayuntamiento\\\/#\\\/schema\\\/person\\\/79f7e19fdd176fc2bc7a289013dc2056\"},\"description\":\"P\u00e1gina Oficial del Ayuntamiento de Caudete (Albacete)\",\"breadcrumb\":{\"@id\":\"https:\\\/\\\/www.caudete.org\\\/ayuntamiento\\\/el-gobierno-municipal-pregunta-a-los-caudetanos-sobre-el-modelo-de-feria-que-quieren\\\/#breadcrumb\"},\"inLanguage\":\"es\",\"potentialAction\":[{\"@type\":\"ReadAction\",\"target\":[\"https:\\\/\\\/www.caudete.org\\\/ayuntamiento\\\/el-gobierno-municipal-pregunta-a-los-caudetanos-sobre-el-modelo-de-feria-que-quieren\\\/\"]}]},{\"@type\":\"ImageObject\",\"inLanguage\":\"es\",\"@id\":\"https:\\\/\\\/www.caudete.org\\\/ayuntamiento\\\/el-gobierno-municipal-pregunta-a-los-caudetanos-sobre-el-modelo-de-feria-que-quieren\\\/#primaryimage\",\"url\":\"https:\\\/\\\/www.caudete.org\\\/ayuntamiento\\\/wp-content\\\/uploads\\\/2023\\\/10\\\/feria-1.jpg\",\"contentUrl\":\"https:\\\/\\\/www.caudete.org\\\/ayuntamiento\\\/wp-content\\\/uploads\\\/2023\\\/10\\\/feria-1.jpg\",\"width\":600,\"height\":338},{\"@type\":\"BreadcrumbList\",\"@id\":\"https:\\\/\\\/www.caudete.org\\\/ayuntamiento\\\/el-gobierno-municipal-pregunta-a-los-caudetanos-sobre-el-modelo-de-feria-que-quieren\\\/#breadcrumb\",\"itemListElement\":[{\"@type\":\"ListItem\",\"position\":1,\"name\":\"Inicio\",\"item\":\"https:\\\/\\\/www.caudete.org\\\/ayuntamiento\\\/\"},{\"@type\":\"ListItem\",\"position\":2,\"name\":\"El Gobierno Municipal pregunta a los caudetanos sobre el modelo de FERIA que quieren\"}]},{\"@type\":\"WebSite\",\"@id\":\"https:\\\/\\\/www.caudete.org\\\/ayuntamiento\\\/#website\",\"url\":\"https:\\\/\\\/www.caudete.org\\\/ayuntamiento\\\/\",\"name\":\"MI Ayuntamiento de Caudete\",\"description\":\"P\u00e1gina Oficial del MI Ayuntamiento de Caudete\",\"potentialAction\":[{\"@type\":\"SearchAction\",\"target\":{\"@type\":\"EntryPoint\",\"urlTemplate\":\"https:\\\/\\\/www.caudete.org\\\/ayuntamiento\\\/?s={search_term_string}\"},\"query-input\":{\"@type\":\"PropertyValueSpecification\",\"valueRequired\":true,\"valueName\":\"search_term_string\"}}],\"inLanguage\":\"es\"},{\"@type\":\"Person\",\"@id\":\"https:\\\/\\\/www.caudete.org\\\/ayuntamiento\\\/#\\\/schema\\\/person\\\/79f7e19fdd176fc2bc7a289013dc2056\",\"name\":\"ayun\",\"image\":{\"@type\":\"ImageObject\",\"inLanguage\":\"es\",\"@id\":\"https:\\\/\\\/secure.gravatar.com\\\/avatar\\\/4ce797ee07c943e7e592f8cd648e503e6cd571387558ed07135799c2bd2847df?s=96&d=mm&r=g\",\"url\":\"https:\\\/\\\/secure.gravatar.com\\\/avatar\\\/4ce797ee07c943e7e592f8cd648e503e6cd571387558ed07135799c2bd2847df?s=96&d=mm&r=g\",\"contentUrl\":\"https:\\\/\\\/secure.gravatar.com\\\/avatar\\\/4ce797ee07c943e7e592f8cd648e503e6cd571387558ed07135799c2bd2847df?s=96&d=mm&r=g\",\"caption\":\"ayun\"},\"sameAs\":[\"http:\\\/\\\/www.caudete.org\\\/ayuntamiento\"],\"url\":\"https:\\\/\\\/www.caudete.org\\\/ayuntamiento\\\/author\\\/ayun\\\/\"}]}<\/script>\n<!-- \/ Yoast SEO plugin. -->","yoast_head_json":{"title":"El Gobierno Municipal pregunta a los caudetanos sobre el modelo de FERIA que quieren - MI Ayuntamiento de Caudete","description":"P\u00e1gina Oficial del Ayuntamiento de Caudete (Albacete)","robots":{"index":"index","follow":"follow","max-snippet":"max-snippet:-1","max-image-preview":"max-image-preview:large","max-video-preview":"max-video-preview:-1"},"canonical":"https:\/\/www.caudete.org\/ayuntamiento\/el-gobierno-municipal-pregunta-a-los-caudetanos-sobre-el-modelo-de-feria-que-quieren\/","og_locale":"es_ES","og_type":"article","og_title":"El Gobierno Municipal pregunta a los caudetanos sobre el modelo de FERIA que quieren - MI Ayuntamiento de Caudete","og_description":"P\u00e1gina Oficial del Ayuntamiento de Caudete (Albacete)","og_url":"https:\/\/www.caudete.org\/ayuntamiento\/el-gobierno-municipal-pregunta-a-los-caudetanos-sobre-el-modelo-de-feria-que-quieren\/","og_site_name":"MI Ayuntamiento de Caudete","article_publisher":"https:\/\/www.facebook.com\/ayuntamientocaudete\/","article_published_time":"2023-10-17T08:06:24+00:00","article_modified_time":"2023-10-17T08:44:30+00:00","og_image":[{"width":600,"height":338,"url":"https:\/\/www.caudete.org\/ayuntamiento\/wp-content\/uploads\/2023\/10\/feria-1.jpg","type":"image\/jpeg"}],"author":"ayun","twitter_card":"summary_large_image","twitter_misc":{"Escrito por":"ayun","Tiempo de lectura":"2 minutos"},"schema":{"@context":"https:\/\/schema.org","@graph":[{"@type":"Article","@id":"https:\/\/www.caudete.org\/ayuntamiento\/el-gobierno-municipal-pregunta-a-los-caudetanos-sobre-el-modelo-de-feria-que-quieren\/#article","isPartOf":{"@id":"https:\/\/www.caudete.org\/ayuntamiento\/el-gobierno-municipal-pregunta-a-los-caudetanos-sobre-el-modelo-de-feria-que-quieren\/"},"author":{"name":"ayun","@id":"https:\/\/www.caudete.org\/ayuntamiento\/#\/schema\/person\/79f7e19fdd176fc2bc7a289013dc2056"},"headline":"El Gobierno Municipal pregunta a los caudetanos sobre el modelo de FERIA que quieren","datePublished":"2023-10-17T08:06:24+00:00","dateModified":"2023-10-17T08:44:30+00:00","mainEntityOfPage":{"@id":"https:\/\/www.caudete.org\/ayuntamiento\/el-gobierno-municipal-pregunta-a-los-caudetanos-sobre-el-modelo-de-feria-que-quieren\/"},"wordCount":476,"image":{"@id":"https:\/\/www.caudete.org\/ayuntamiento\/el-gobierno-municipal-pregunta-a-los-caudetanos-sobre-el-modelo-de-feria-que-quieren\/#primaryimage"},"thumbnailUrl":"https:\/\/www.caudete.org\/ayuntamiento\/wp-content\/uploads\/2023\/10\/feria-1.jpg","articleSection":["Fiestas"],"inLanguage":"es"},{"@type":"WebPage","@id":"https:\/\/www.caudete.org\/ayuntamiento\/el-gobierno-municipal-pregunta-a-los-caudetanos-sobre-el-modelo-de-feria-que-quieren\/","url":"https:\/\/www.caudete.org\/ayuntamiento\/el-gobierno-municipal-pregunta-a-los-caudetanos-sobre-el-modelo-de-feria-que-quieren\/","name":"El Gobierno Municipal pregunta a los caudetanos sobre el modelo de FERIA que quieren - MI Ayuntamiento de Caudete","isPartOf":{"@id":"https:\/\/www.caudete.org\/ayuntamiento\/#website"},"primaryImageOfPage":{"@id":"https:\/\/www.caudete.org\/ayuntamiento\/el-gobierno-municipal-pregunta-a-los-caudetanos-sobre-el-modelo-de-feria-que-quieren\/#primaryimage"},"image":{"@id":"https:\/\/www.caudete.org\/ayuntamiento\/el-gobierno-municipal-pregunta-a-los-caudetanos-sobre-el-modelo-de-feria-que-quieren\/#primaryimage"},"thumbnailUrl":"https:\/\/www.caudete.org\/ayuntamiento\/wp-content\/uploads\/2023\/10\/feria-1.jpg","datePublished":"2023-10-17T08:06:24+00:00","dateModified":"2023-10-17T08:44:30+00:00","author":{"@id":"https:\/\/www.caudete.org\/ayuntamiento\/#\/schema\/person\/79f7e19fdd176fc2bc7a289013dc2056"},"description":"P\u00e1gina Oficial del Ayuntamiento de Caudete (Albacete)","breadcrumb":{"@id":"https:\/\/www.caudete.org\/ayuntamiento\/el-gobierno-municipal-pregunta-a-los-caudetanos-sobre-el-modelo-de-feria-que-quieren\/#breadcrumb"},"inLanguage":"es","potentialAction":[{"@type":"ReadAction","target":["https:\/\/www.caudete.org\/ayuntamiento\/el-gobierno-municipal-pregunta-a-los-caudetanos-sobre-el-modelo-de-feria-que-quieren\/"]}]},{"@type":"ImageObject","inLanguage":"es","@id":"https:\/\/www.caudete.org\/ayuntamiento\/el-gobierno-municipal-pregunta-a-los-caudetanos-sobre-el-modelo-de-feria-que-quieren\/#primaryimage","url":"https:\/\/www.caudete.org\/ayuntamiento\/wp-content\/uploads\/2023\/10\/feria-1.jpg","contentUrl":"https:\/\/www.caudete.org\/ayuntamiento\/wp-content\/uploads\/2023\/10\/feria-1.jpg","width":600,"height":338},{"@type":"BreadcrumbList","@id":"https:\/\/www.caudete.org\/ayuntamiento\/el-gobierno-municipal-pregunta-a-los-caudetanos-sobre-el-modelo-de-feria-que-quieren\/#breadcrumb","itemListElement":[{"@type":"ListItem","position":1,"name":"Inicio","item":"https:\/\/www.caudete.org\/ayuntamiento\/"},{"@type":"ListItem","position":2,"name":"El Gobierno Municipal pregunta a los caudetanos sobre el modelo de FERIA que quieren"}]},{"@type":"WebSite","@id":"https:\/\/www.caudete.org\/ayuntamiento\/#website","url":"https:\/\/www.caudete.org\/ayuntamiento\/","name":"MI Ayuntamiento de Caudete","description":"P\u00e1gina Oficial del MI Ayuntamiento de Caudete","potentialAction":[{"@type":"SearchAction","target":{"@type":"EntryPoint","urlTemplate":"https:\/\/www.caudete.org\/ayuntamiento\/?s={search_term_string}"},"query-input":{"@type":"PropertyValueSpecification","valueRequired":true,"valueName":"search_term_string"}}],"inLanguage":"es"},{"@type":"Person","@id":"https:\/\/www.caudete.org\/ayuntamiento\/#\/schema\/person\/79f7e19fdd176fc2bc7a289013dc2056","name":"ayun","image":{"@type":"ImageObject","inLanguage":"es","@id":"https:\/\/secure.gravatar.com\/avatar\/4ce797ee07c943e7e592f8cd648e503e6cd571387558ed07135799c2bd2847df?s=96&d=mm&r=g","url":"https:\/\/secure.gravatar.com\/avatar\/4ce797ee07c943e7e592f8cd648e503e6cd571387558ed07135799c2bd2847df?s=96&d=mm&r=g","contentUrl":"https:\/\/secure.gravatar.com\/avatar\/4ce797ee07c943e7e592f8cd648e503e6cd571387558ed07135799c2bd2847df?s=96&d=mm&r=g","caption":"ayun"},"sameAs":["http:\/\/www.caudete.org\/ayuntamiento"],"url":"https:\/\/www.caudete.org\/ayuntamiento\/author\/ayun\/"}]}},"_links":{"self":[{"href":"https:\/\/www.caudete.org\/ayuntamiento\/wp-json\/wp\/v2\/posts\/23525","targetHints":{"allow":["GET"]}}],"collection":[{"href":"https:\/\/www.caudete.org\/ayuntamiento\/wp-json\/wp\/v2\/posts"}],"about":[{"href":"https:\/\/www.caudete.org\/ayuntamiento\/wp-json\/wp\/v2\/types\/post"}],"author":[{"embeddable":true,"href":"https:\/\/www.caudete.org\/ayuntamiento\/wp-json\/wp\/v2\/users\/1"}],"replies":[{"embeddable":true,"href":"https:\/\/www.caudete.org\/ayuntamiento\/wp-json\/wp\/v2\/comments?post=23525"}],"version-history":[{"count":4,"href":"https:\/\/www.caudete.org\/ayuntamiento\/wp-json\/wp\/v2\/posts\/23525\/revisions"}],"predecessor-version":[{"id":23551,"href":"https:\/\/www.caudete.org\/ayuntamiento\/wp-json\/wp\/v2\/posts\/23525\/revisions\/23551"}],"wp:featuredmedia":[{"embeddable":true,"href":"https:\/\/www.caudete.org\/ayuntamiento\/wp-json\/wp\/v2\/media\/23532"}],"wp:attachment":[{"href":"https:\/\/www.caudete.org\/ayuntamiento\/wp-json\/wp\/v2\/media?parent=23525"}],"wp:term":[{"taxonomy":"category","embeddable":true,"href":"https:\/\/www.caudete.org\/ayuntamiento\/wp-json\/wp\/v2\/categories?post=23525"},{"taxonomy":"post_tag","embeddable":true,"href":"https:\/\/www.caudete.org\/ayuntamiento\/wp-json\/wp\/v2\/tags?post=23525"}],"curies":[{"name":"wp","href":"https:\/\/api.w.org\/{rel}","templated":true}]}}