{"id":23568,"date":"2023-10-19T20:18:32","date_gmt":"2023-10-19T18:18:32","guid":{"rendered":"https:\/\/www.caudete.org\/ayuntamiento\/?p=23568"},"modified":"2023-10-19T20:18:32","modified_gmt":"2023-10-19T18:18:32","slug":"caudeteemprende-nueva-apertura-de-oxide-23","status":"publish","type":"post","link":"https:\/\/www.caudete.org\/ayuntamiento\/caudeteemprende-nueva-apertura-de-oxide-23\/","title":{"rendered":"CaudeteEMPRENDE: nueva apertura de &#8220;OXIDE 23&#8221;"},"content":{"rendered":"<p style=\"text-align: justify;\">De nuevo, la Concejal\u00eda de Comercio que gestiona Diego Cuenca Olivares, contin\u00faa con la campa\u00f1a CaudeteEMPRENDE, donde nos presenta en el d\u00eda de hoy la nueva apertura de <strong>OXIDE 23<\/strong>, regentado por Mari Paz Solera y que se encuentra ubicado en Plaza San Crist\u00f3bal, 2.<\/p>\n<p style=\"text-align: justify;\">Oxide 23 abri\u00f3 sus puertas hace unas semanas con una gran aceptaci\u00f3n por parte de los caudetanos. Tiene en su carta bocadillos y tapas ya conocidas en la localidad, de la antigua bocater\u00eda <em><strong>Cubid\u00ed<\/strong><\/em>. El <strong>servicio de cocina se da los viernes, s\u00e1bados y domingos de 19:00 a 24:00 horas.<\/strong><\/p>\n<p style=\"text-align: justify;\">\nA su vez Oxide 23 <strong>abre de martes a domingo por las ma\u00f1anas, de 9:00 a 12:00 horas<\/strong>, para servir desayunos, con una carta donde encontrar\u00e1s una amplia variedad de tostadas a\u00f1adiendo a las tradicionales nuevas tostadas saludables, ofreciendo adem\u00e1s distintos tipos de pan centeno, sin gluten, ch\u00eda , as\u00ed como de leches y bebidas vegetales (soja, avena, etc.)<\/p>\n<p style=\"text-align: justify;\">\nOxide 23 cuenta con servicio para llevar y de sala, as\u00ed como terraza y patio interior.<\/p>\n<p style=\"text-align: justify;\">Tienen eventos tem\u00e1ticos para celebrar diferentes festividades: Oktoberfest , Halloween, Navidad, carnavales&#8230;. Podr\u00e1s encontrar toda la informaci\u00f3n en sus redes sociales Instagram y Facebook.<\/p>\n<p><a href=\"https:\/\/www.caudete.org\/ayuntamiento\/wp-content\/uploads\/2023\/10\/WhatsApp-Image-2023-10-19-at-14.51.55.jpeg\" rel='prettyPhoto'><img fetchpriority=\"high\" decoding=\"async\" class=\"alignnone wp-image-23569 size-full\" src=\"https:\/\/www.caudete.org\/ayuntamiento\/wp-content\/uploads\/2023\/10\/WhatsApp-Image-2023-10-19-at-14.51.55.jpeg\" alt=\"\" width=\"1984\" height=\"1120\" srcset=\"https:\/\/www.caudete.org\/ayuntamiento\/wp-content\/uploads\/2023\/10\/WhatsApp-Image-2023-10-19-at-14.51.55.jpeg 1984w, https:\/\/www.caudete.org\/ayuntamiento\/wp-content\/uploads\/2023\/10\/WhatsApp-Image-2023-10-19-at-14.51.55-300x169.jpeg 300w, https:\/\/www.caudete.org\/ayuntamiento\/wp-content\/uploads\/2023\/10\/WhatsApp-Image-2023-10-19-at-14.51.55-1024x578.jpeg 1024w, https:\/\/www.caudete.org\/ayuntamiento\/wp-content\/uploads\/2023\/10\/WhatsApp-Image-2023-10-19-at-14.51.55-768x434.jpeg 768w, https:\/\/www.caudete.org\/ayuntamiento\/wp-content\/uploads\/2023\/10\/WhatsApp-Image-2023-10-19-at-14.51.55-1536x867.jpeg 1536w\" sizes=\"(max-width: 1984px) 100vw, 1984px\" \/><\/a><\/p>\n","protected":false},"excerpt":{"rendered":"<p>De nuevo, la Concejal\u00eda de Comercio que gestiona Diego Cuenca Olivares, contin\u00faa con la campa\u00f1a CaudeteEMPRENDE, donde nos presenta en el d\u00eda de hoy la nueva apertura de OXIDE 23, regentado por Mari Paz Solera y que se encuentra ubicado en Plaza San Crist\u00f3bal, 2. Oxide 23 abri\u00f3 sus puertas hace unas semanas con una &hellip;<\/p>\n","protected":false},"author":3,"featured_media":23569,"comment_status":"closed","ping_status":"open","sticky":false,"template":"","format":"standard","meta":{"ngg_post_thumbnail":0,"footnotes":""},"categories":[42],"tags":[],"class_list":["post-23568","post","type-post","status-publish","format-standard","has-post-thumbnail","hentry","category-comercio"],"yoast_head":"<!-- This site is optimized with the Yoast SEO plugin v27.5 - https:\/\/yoast.com\/product\/yoast-seo-wordpress\/ -->\n<title>CaudeteEMPRENDE: nueva apertura de &quot;OXIDE 23&quot; - MI Ayuntamiento de Caudete<\/title>\n<meta name=\"description\" content=\"P\u00e1gina Oficial del Ayuntamiento de Caudete (Albacete)\" \/>\n<meta name=\"robots\" content=\"index, follow, max-snippet:-1, max-image-preview:large, max-video-preview:-1\" \/>\n<link rel=\"canonical\" href=\"https:\/\/www.caudete.org\/ayuntamiento\/caudeteemprende-nueva-apertura-de-oxide-23\/\" \/>\n<meta property=\"og:locale\" content=\"es_ES\" \/>\n<meta property=\"og:type\" content=\"article\" \/>\n<meta property=\"og:title\" content=\"CaudeteEMPRENDE: nueva apertura de &quot;OXIDE 23&quot; - MI Ayuntamiento de Caudete\" \/>\n<meta property=\"og:description\" content=\"P\u00e1gina Oficial del Ayuntamiento de Caudete (Albacete)\" \/>\n<meta property=\"og:url\" content=\"https:\/\/www.caudete.org\/ayuntamiento\/caudeteemprende-nueva-apertura-de-oxide-23\/\" \/>\n<meta property=\"og:site_name\" content=\"MI Ayuntamiento de Caudete\" \/>\n<meta property=\"article:publisher\" content=\"https:\/\/www.facebook.com\/ayuntamientocaudete\/\" \/>\n<meta property=\"article:published_time\" content=\"2023-10-19T18:18:32+00:00\" \/>\n<meta property=\"og:image\" content=\"https:\/\/www.caudete.org\/ayuntamiento\/wp-content\/uploads\/2023\/10\/WhatsApp-Image-2023-10-19-at-14.51.55.jpeg\" \/>\n\t<meta property=\"og:image:width\" content=\"1984\" \/>\n\t<meta property=\"og:image:height\" content=\"1120\" \/>\n\t<meta property=\"og:image:type\" content=\"image\/jpeg\" \/>\n<meta name=\"author\" content=\"alcalde\" \/>\n<meta name=\"twitter:card\" content=\"summary_large_image\" \/>\n<meta name=\"twitter:label1\" content=\"Escrito por\" \/>\n\t<meta name=\"twitter:data1\" content=\"alcalde\" \/>\n\t<meta name=\"twitter:label2\" content=\"Tiempo de lectura\" \/>\n\t<meta name=\"twitter:data2\" content=\"2 minutos\" \/>\n<script type=\"application\/ld+json\" class=\"yoast-schema-graph\">{\"@context\":\"https:\\\/\\\/schema.org\",\"@graph\":[{\"@type\":\"Article\",\"@id\":\"https:\\\/\\\/www.caudete.org\\\/ayuntamiento\\\/caudeteemprende-nueva-apertura-de-oxide-23\\\/#article\",\"isPartOf\":{\"@id\":\"https:\\\/\\\/www.caudete.org\\\/ayuntamiento\\\/caudeteemprende-nueva-apertura-de-oxide-23\\\/\"},\"author\":{\"name\":\"alcalde\",\"@id\":\"https:\\\/\\\/www.caudete.org\\\/ayuntamiento\\\/#\\\/schema\\\/person\\\/cc646da9133078ee4d8dd47457947253\"},\"headline\":\"CaudeteEMPRENDE: nueva apertura de &#8220;OXIDE 23&#8221;\",\"datePublished\":\"2023-10-19T18:18:32+00:00\",\"mainEntityOfPage\":{\"@id\":\"https:\\\/\\\/www.caudete.org\\\/ayuntamiento\\\/caudeteemprende-nueva-apertura-de-oxide-23\\\/\"},\"wordCount\":204,\"image\":{\"@id\":\"https:\\\/\\\/www.caudete.org\\\/ayuntamiento\\\/caudeteemprende-nueva-apertura-de-oxide-23\\\/#primaryimage\"},\"thumbnailUrl\":\"https:\\\/\\\/www.caudete.org\\\/ayuntamiento\\\/wp-content\\\/uploads\\\/2023\\\/10\\\/WhatsApp-Image-2023-10-19-at-14.51.55.jpeg\",\"articleSection\":[\"Comercio\"],\"inLanguage\":\"es\"},{\"@type\":\"WebPage\",\"@id\":\"https:\\\/\\\/www.caudete.org\\\/ayuntamiento\\\/caudeteemprende-nueva-apertura-de-oxide-23\\\/\",\"url\":\"https:\\\/\\\/www.caudete.org\\\/ayuntamiento\\\/caudeteemprende-nueva-apertura-de-oxide-23\\\/\",\"name\":\"CaudeteEMPRENDE: nueva apertura de \\\"OXIDE 23\\\" - MI Ayuntamiento de Caudete\",\"isPartOf\":{\"@id\":\"https:\\\/\\\/www.caudete.org\\\/ayuntamiento\\\/#website\"},\"primaryImageOfPage\":{\"@id\":\"https:\\\/\\\/www.caudete.org\\\/ayuntamiento\\\/caudeteemprende-nueva-apertura-de-oxide-23\\\/#primaryimage\"},\"image\":{\"@id\":\"https:\\\/\\\/www.caudete.org\\\/ayuntamiento\\\/caudeteemprende-nueva-apertura-de-oxide-23\\\/#primaryimage\"},\"thumbnailUrl\":\"https:\\\/\\\/www.caudete.org\\\/ayuntamiento\\\/wp-content\\\/uploads\\\/2023\\\/10\\\/WhatsApp-Image-2023-10-19-at-14.51.55.jpeg\",\"datePublished\":\"2023-10-19T18:18:32+00:00\",\"author\":{\"@id\":\"https:\\\/\\\/www.caudete.org\\\/ayuntamiento\\\/#\\\/schema\\\/person\\\/cc646da9133078ee4d8dd47457947253\"},\"description\":\"P\u00e1gina Oficial del Ayuntamiento de Caudete (Albacete)\",\"breadcrumb\":{\"@id\":\"https:\\\/\\\/www.caudete.org\\\/ayuntamiento\\\/caudeteemprende-nueva-apertura-de-oxide-23\\\/#breadcrumb\"},\"inLanguage\":\"es\",\"potentialAction\":[{\"@type\":\"ReadAction\",\"target\":[\"https:\\\/\\\/www.caudete.org\\\/ayuntamiento\\\/caudeteemprende-nueva-apertura-de-oxide-23\\\/\"]}]},{\"@type\":\"ImageObject\",\"inLanguage\":\"es\",\"@id\":\"https:\\\/\\\/www.caudete.org\\\/ayuntamiento\\\/caudeteemprende-nueva-apertura-de-oxide-23\\\/#primaryimage\",\"url\":\"https:\\\/\\\/www.caudete.org\\\/ayuntamiento\\\/wp-content\\\/uploads\\\/2023\\\/10\\\/WhatsApp-Image-2023-10-19-at-14.51.55.jpeg\",\"contentUrl\":\"https:\\\/\\\/www.caudete.org\\\/ayuntamiento\\\/wp-content\\\/uploads\\\/2023\\\/10\\\/WhatsApp-Image-2023-10-19-at-14.51.55.jpeg\",\"width\":1984,\"height\":1120},{\"@type\":\"BreadcrumbList\",\"@id\":\"https:\\\/\\\/www.caudete.org\\\/ayuntamiento\\\/caudeteemprende-nueva-apertura-de-oxide-23\\\/#breadcrumb\",\"itemListElement\":[{\"@type\":\"ListItem\",\"position\":1,\"name\":\"Inicio\",\"item\":\"https:\\\/\\\/www.caudete.org\\\/ayuntamiento\\\/\"},{\"@type\":\"ListItem\",\"position\":2,\"name\":\"CaudeteEMPRENDE: nueva apertura de &#8220;OXIDE 23&#8221;\"}]},{\"@type\":\"WebSite\",\"@id\":\"https:\\\/\\\/www.caudete.org\\\/ayuntamiento\\\/#website\",\"url\":\"https:\\\/\\\/www.caudete.org\\\/ayuntamiento\\\/\",\"name\":\"MI Ayuntamiento de Caudete\",\"description\":\"P\u00e1gina Oficial del MI Ayuntamiento de Caudete\",\"potentialAction\":[{\"@type\":\"SearchAction\",\"target\":{\"@type\":\"EntryPoint\",\"urlTemplate\":\"https:\\\/\\\/www.caudete.org\\\/ayuntamiento\\\/?s={search_term_string}\"},\"query-input\":{\"@type\":\"PropertyValueSpecification\",\"valueRequired\":true,\"valueName\":\"search_term_string\"}}],\"inLanguage\":\"es\"},{\"@type\":\"Person\",\"@id\":\"https:\\\/\\\/www.caudete.org\\\/ayuntamiento\\\/#\\\/schema\\\/person\\\/cc646da9133078ee4d8dd47457947253\",\"name\":\"alcalde\",\"image\":{\"@type\":\"ImageObject\",\"inLanguage\":\"es\",\"@id\":\"https:\\\/\\\/secure.gravatar.com\\\/avatar\\\/84a817ba065b29ff08d666b215a215f5c79186a645ccb25b14a663d48a130f77?s=96&d=mm&r=g\",\"url\":\"https:\\\/\\\/secure.gravatar.com\\\/avatar\\\/84a817ba065b29ff08d666b215a215f5c79186a645ccb25b14a663d48a130f77?s=96&d=mm&r=g\",\"contentUrl\":\"https:\\\/\\\/secure.gravatar.com\\\/avatar\\\/84a817ba065b29ff08d666b215a215f5c79186a645ccb25b14a663d48a130f77?s=96&d=mm&r=g\",\"caption\":\"alcalde\"},\"url\":\"https:\\\/\\\/www.caudete.org\\\/ayuntamiento\\\/author\\\/alcalde\\\/\"}]}<\/script>\n<!-- \/ Yoast SEO plugin. -->","yoast_head_json":{"title":"CaudeteEMPRENDE: nueva apertura de \"OXIDE 23\" - MI Ayuntamiento de Caudete","description":"P\u00e1gina Oficial del Ayuntamiento de Caudete (Albacete)","robots":{"index":"index","follow":"follow","max-snippet":"max-snippet:-1","max-image-preview":"max-image-preview:large","max-video-preview":"max-video-preview:-1"},"canonical":"https:\/\/www.caudete.org\/ayuntamiento\/caudeteemprende-nueva-apertura-de-oxide-23\/","og_locale":"es_ES","og_type":"article","og_title":"CaudeteEMPRENDE: nueva apertura de \"OXIDE 23\" - MI Ayuntamiento de Caudete","og_description":"P\u00e1gina Oficial del Ayuntamiento de Caudete (Albacete)","og_url":"https:\/\/www.caudete.org\/ayuntamiento\/caudeteemprende-nueva-apertura-de-oxide-23\/","og_site_name":"MI Ayuntamiento de Caudete","article_publisher":"https:\/\/www.facebook.com\/ayuntamientocaudete\/","article_published_time":"2023-10-19T18:18:32+00:00","og_image":[{"width":1984,"height":1120,"url":"https:\/\/www.caudete.org\/ayuntamiento\/wp-content\/uploads\/2023\/10\/WhatsApp-Image-2023-10-19-at-14.51.55.jpeg","type":"image\/jpeg"}],"author":"alcalde","twitter_card":"summary_large_image","twitter_misc":{"Escrito por":"alcalde","Tiempo de lectura":"2 minutos"},"schema":{"@context":"https:\/\/schema.org","@graph":[{"@type":"Article","@id":"https:\/\/www.caudete.org\/ayuntamiento\/caudeteemprende-nueva-apertura-de-oxide-23\/#article","isPartOf":{"@id":"https:\/\/www.caudete.org\/ayuntamiento\/caudeteemprende-nueva-apertura-de-oxide-23\/"},"author":{"name":"alcalde","@id":"https:\/\/www.caudete.org\/ayuntamiento\/#\/schema\/person\/cc646da9133078ee4d8dd47457947253"},"headline":"CaudeteEMPRENDE: nueva apertura de &#8220;OXIDE 23&#8221;","datePublished":"2023-10-19T18:18:32+00:00","mainEntityOfPage":{"@id":"https:\/\/www.caudete.org\/ayuntamiento\/caudeteemprende-nueva-apertura-de-oxide-23\/"},"wordCount":204,"image":{"@id":"https:\/\/www.caudete.org\/ayuntamiento\/caudeteemprende-nueva-apertura-de-oxide-23\/#primaryimage"},"thumbnailUrl":"https:\/\/www.caudete.org\/ayuntamiento\/wp-content\/uploads\/2023\/10\/WhatsApp-Image-2023-10-19-at-14.51.55.jpeg","articleSection":["Comercio"],"inLanguage":"es"},{"@type":"WebPage","@id":"https:\/\/www.caudete.org\/ayuntamiento\/caudeteemprende-nueva-apertura-de-oxide-23\/","url":"https:\/\/www.caudete.org\/ayuntamiento\/caudeteemprende-nueva-apertura-de-oxide-23\/","name":"CaudeteEMPRENDE: nueva apertura de \"OXIDE 23\" - MI Ayuntamiento de Caudete","isPartOf":{"@id":"https:\/\/www.caudete.org\/ayuntamiento\/#website"},"primaryImageOfPage":{"@id":"https:\/\/www.caudete.org\/ayuntamiento\/caudeteemprende-nueva-apertura-de-oxide-23\/#primaryimage"},"image":{"@id":"https:\/\/www.caudete.org\/ayuntamiento\/caudeteemprende-nueva-apertura-de-oxide-23\/#primaryimage"},"thumbnailUrl":"https:\/\/www.caudete.org\/ayuntamiento\/wp-content\/uploads\/2023\/10\/WhatsApp-Image-2023-10-19-at-14.51.55.jpeg","datePublished":"2023-10-19T18:18:32+00:00","author":{"@id":"https:\/\/www.caudete.org\/ayuntamiento\/#\/schema\/person\/cc646da9133078ee4d8dd47457947253"},"description":"P\u00e1gina Oficial del Ayuntamiento de Caudete (Albacete)","breadcrumb":{"@id":"https:\/\/www.caudete.org\/ayuntamiento\/caudeteemprende-nueva-apertura-de-oxide-23\/#breadcrumb"},"inLanguage":"es","potentialAction":[{"@type":"ReadAction","target":["https:\/\/www.caudete.org\/ayuntamiento\/caudeteemprende-nueva-apertura-de-oxide-23\/"]}]},{"@type":"ImageObject","inLanguage":"es","@id":"https:\/\/www.caudete.org\/ayuntamiento\/caudeteemprende-nueva-apertura-de-oxide-23\/#primaryimage","url":"https:\/\/www.caudete.org\/ayuntamiento\/wp-content\/uploads\/2023\/10\/WhatsApp-Image-2023-10-19-at-14.51.55.jpeg","contentUrl":"https:\/\/www.caudete.org\/ayuntamiento\/wp-content\/uploads\/2023\/10\/WhatsApp-Image-2023-10-19-at-14.51.55.jpeg","width":1984,"height":1120},{"@type":"BreadcrumbList","@id":"https:\/\/www.caudete.org\/ayuntamiento\/caudeteemprende-nueva-apertura-de-oxide-23\/#breadcrumb","itemListElement":[{"@type":"ListItem","position":1,"name":"Inicio","item":"https:\/\/www.caudete.org\/ayuntamiento\/"},{"@type":"ListItem","position":2,"name":"CaudeteEMPRENDE: nueva apertura de &#8220;OXIDE 23&#8221;"}]},{"@type":"WebSite","@id":"https:\/\/www.caudete.org\/ayuntamiento\/#website","url":"https:\/\/www.caudete.org\/ayuntamiento\/","name":"MI Ayuntamiento de Caudete","description":"P\u00e1gina Oficial del MI Ayuntamiento de Caudete","potentialAction":[{"@type":"SearchAction","target":{"@type":"EntryPoint","urlTemplate":"https:\/\/www.caudete.org\/ayuntamiento\/?s={search_term_string}"},"query-input":{"@type":"PropertyValueSpecification","valueRequired":true,"valueName":"search_term_string"}}],"inLanguage":"es"},{"@type":"Person","@id":"https:\/\/www.caudete.org\/ayuntamiento\/#\/schema\/person\/cc646da9133078ee4d8dd47457947253","name":"alcalde","image":{"@type":"ImageObject","inLanguage":"es","@id":"https:\/\/secure.gravatar.com\/avatar\/84a817ba065b29ff08d666b215a215f5c79186a645ccb25b14a663d48a130f77?s=96&d=mm&r=g","url":"https:\/\/secure.gravatar.com\/avatar\/84a817ba065b29ff08d666b215a215f5c79186a645ccb25b14a663d48a130f77?s=96&d=mm&r=g","contentUrl":"https:\/\/secure.gravatar.com\/avatar\/84a817ba065b29ff08d666b215a215f5c79186a645ccb25b14a663d48a130f77?s=96&d=mm&r=g","caption":"alcalde"},"url":"https:\/\/www.caudete.org\/ayuntamiento\/author\/alcalde\/"}]}},"_links":{"self":[{"href":"https:\/\/www.caudete.org\/ayuntamiento\/wp-json\/wp\/v2\/posts\/23568","targetHints":{"allow":["GET"]}}],"collection":[{"href":"https:\/\/www.caudete.org\/ayuntamiento\/wp-json\/wp\/v2\/posts"}],"about":[{"href":"https:\/\/www.caudete.org\/ayuntamiento\/wp-json\/wp\/v2\/types\/post"}],"author":[{"embeddable":true,"href":"https:\/\/www.caudete.org\/ayuntamiento\/wp-json\/wp\/v2\/users\/3"}],"replies":[{"embeddable":true,"href":"https:\/\/www.caudete.org\/ayuntamiento\/wp-json\/wp\/v2\/comments?post=23568"}],"version-history":[{"count":1,"href":"https:\/\/www.caudete.org\/ayuntamiento\/wp-json\/wp\/v2\/posts\/23568\/revisions"}],"predecessor-version":[{"id":23570,"href":"https:\/\/www.caudete.org\/ayuntamiento\/wp-json\/wp\/v2\/posts\/23568\/revisions\/23570"}],"wp:featuredmedia":[{"embeddable":true,"href":"https:\/\/www.caudete.org\/ayuntamiento\/wp-json\/wp\/v2\/media\/23569"}],"wp:attachment":[{"href":"https:\/\/www.caudete.org\/ayuntamiento\/wp-json\/wp\/v2\/media?parent=23568"}],"wp:term":[{"taxonomy":"category","embeddable":true,"href":"https:\/\/www.caudete.org\/ayuntamiento\/wp-json\/wp\/v2\/categories?post=23568"},{"taxonomy":"post_tag","embeddable":true,"href":"https:\/\/www.caudete.org\/ayuntamiento\/wp-json\/wp\/v2\/tags?post=23568"}],"curies":[{"name":"wp","href":"https:\/\/api.w.org\/{rel}","templated":true}]}}