{"id":23598,"date":"2023-10-25T09:00:05","date_gmt":"2023-10-25T07:00:05","guid":{"rendered":"https:\/\/www.caudete.org\/ayuntamiento\/?p=23598"},"modified":"2023-10-24T14:32:58","modified_gmt":"2023-10-24T12:32:58","slug":"la-policia-local-participa-en-la-campana-de-vigilancia-y-control-de-distracciones-al-volante","status":"publish","type":"post","link":"https:\/\/www.caudete.org\/ayuntamiento\/la-policia-local-participa-en-la-campana-de-vigilancia-y-control-de-distracciones-al-volante\/","title":{"rendered":"La Polic\u00eda Local participa en la Campa\u00f1a de vigilancia y control de distracciones al volante"},"content":{"rendered":"<p style=\"text-align: justify;\">M\u00aa Dolores Requena, Concejal de Seguridad Ciudadana y encargada de la Polic\u00eda Local del municipio ha informado de que entre los pasados d\u00edas 09 y 15 de Octubre los agentes de la Polic\u00eda Local de Caudete han llevado a cabo controles aleatorios en diferentes puntos del casco urbano y sus accesos con el fin de vigilar, controlar y prevenir aquellas conductas que provocan distracciones al volante, dentro de la campa\u00f1a organizada por la DGT.<\/p>\n<p style=\"text-align: justify;\">La conducci\u00f3n distra\u00edda y\/o desatenta se mantiene como primera causa concurrente m\u00e1s frecuente en los siniestros de tr\u00e1fico en las v\u00edas de circulaci\u00f3n desde 2017, con mayor intensidad tanto respecto del porcentaje total de siniestros como del porcentaje total de casos con fallecidos. Las distracciones al volante estuvieron presentes en el 17% de los siniestros en el a\u00f1o 2022; al mismo tiempo que fue factor concurrente en el 31% de los siniestros de tr\u00e1fico con v\u00edctimas mortales, 404 casos asociados.<\/p>\n<p style=\"text-align: justify;\">En una encuesta reciente, tres de cada cuatro conductores espa\u00f1oles, exactamente un 76% de los conductores encuestados reconocen conducir distra\u00eddos con cierta frecuencia, y hasta un 5% reconocen distraerse al volante \u201ccasi siempre\u201d. Los mayores de 65 a\u00f1os se distraen 10 veces menos que los j\u00f3venes de 18 a 29 a\u00f1os.<br \/>\nConductas tan cotidianas como encender y\/o apagar un cigarrillo que se tarda una media de 4 segundos, a una velocidad de 100 km\/h, implica que el veh\u00edculo recorra 113 metros sin control y marcar un n\u00famero de tel\u00e9fono en un dispositivo m\u00f3vil mientras se conduce podr\u00eda multiplicar por 12 el riesgo de sufrir un siniestro de tr\u00e1fico.<\/p>\n<p>En los controles que ha llevado a cabo la Polic\u00eda Local se han vigilado un total de 491 veh\u00edculos, interponiendo un total de 51 denuncias por diversos motivos como:<\/p>\n<ul>\n<li style=\"text-align: justify;\">21 denuncias por no utilizar el cintur\u00f3n de seguridad el conductor y ocupantes de los veh\u00edculos.<\/li>\n<li style=\"text-align: justify;\">17 denuncias por no haber sometido el veh\u00edculo a la ITV en el periodo establecido.<\/li>\n<li style=\"text-align: justify;\">4 denuncias por conducir con el permiso de conducir caducado.<\/li>\n<li style=\"text-align: justify;\">2 denuncias por conducir superando la tasa m\u00e1xima de alcoholemia permitida.<\/li>\n<li style=\"text-align: justify;\">2 denuncias por circular careciendo de seguro obligatorio.<\/li>\n<li style=\"text-align: justify;\">1 denuncia por conducir haciendo uso manual de telefon\u00eda m\u00f3vil<\/li>\n<li style=\"text-align: justify;\">1 denuncia por circular con el veh\u00edculo de baja.<\/li>\n<li style=\"text-align: justify;\">1 denuncia por transportar a menores careciendo de los sistemas de retenci\u00f3n obligatorios.<\/li>\n<li style=\"text-align: justify;\">1 denuncia por circular transportando a un animal sin adoptar las medidas obligatorias.<\/li>\n<li style=\"text-align: justify;\">1 denuncia por dar aviso a resto de usuarios de la v\u00eda de la presencia de un control policial.<\/li>\n<\/ul>\n","protected":false},"excerpt":{"rendered":"<p>M\u00aa Dolores Requena, Concejal de Seguridad Ciudadana y encargada de la Polic\u00eda Local del municipio ha informado de que entre los pasados d\u00edas 09 y 15 de Octubre los agentes de la Polic\u00eda Local de Caudete han llevado a cabo controles aleatorios en diferentes puntos del casco urbano y sus accesos con el fin de &hellip;<\/p>\n","protected":false},"author":3,"featured_media":23599,"comment_status":"closed","ping_status":"open","sticky":false,"template":"","format":"standard","meta":{"ngg_post_thumbnail":0,"footnotes":""},"categories":[35],"tags":[],"class_list":["post-23598","post","type-post","status-publish","format-standard","has-post-thumbnail","hentry","category-policia-local"],"yoast_head":"<!-- This site is optimized with the Yoast SEO plugin v27.5 - https:\/\/yoast.com\/product\/yoast-seo-wordpress\/ -->\n<title>La Polic\u00eda Local participa en la Campa\u00f1a de vigilancia y control de distracciones al volante - MI Ayuntamiento de Caudete<\/title>\n<meta name=\"description\" content=\"P\u00e1gina Oficial del Ayuntamiento de Caudete (Albacete)\" \/>\n<meta name=\"robots\" content=\"index, follow, max-snippet:-1, max-image-preview:large, max-video-preview:-1\" \/>\n<link rel=\"canonical\" href=\"https:\/\/www.caudete.org\/ayuntamiento\/la-policia-local-participa-en-la-campana-de-vigilancia-y-control-de-distracciones-al-volante\/\" \/>\n<meta property=\"og:locale\" content=\"es_ES\" \/>\n<meta property=\"og:type\" content=\"article\" \/>\n<meta property=\"og:title\" content=\"La Polic\u00eda Local participa en la Campa\u00f1a de vigilancia y control de distracciones al volante - MI Ayuntamiento de Caudete\" \/>\n<meta property=\"og:description\" content=\"P\u00e1gina Oficial del Ayuntamiento de Caudete (Albacete)\" \/>\n<meta property=\"og:url\" content=\"https:\/\/www.caudete.org\/ayuntamiento\/la-policia-local-participa-en-la-campana-de-vigilancia-y-control-de-distracciones-al-volante\/\" \/>\n<meta property=\"og:site_name\" content=\"MI Ayuntamiento de Caudete\" \/>\n<meta property=\"article:publisher\" content=\"https:\/\/www.facebook.com\/ayuntamientocaudete\/\" \/>\n<meta property=\"article:published_time\" content=\"2023-10-25T07:00:05+00:00\" \/>\n<meta property=\"og:image\" content=\"https:\/\/www.caudete.org\/ayuntamiento\/wp-content\/uploads\/2023\/10\/MDOLROES_POLICIA.jpg\" \/>\n\t<meta property=\"og:image:width\" content=\"921\" \/>\n\t<meta property=\"og:image:height\" content=\"625\" \/>\n\t<meta property=\"og:image:type\" content=\"image\/jpeg\" \/>\n<meta name=\"author\" content=\"alcalde\" \/>\n<meta name=\"twitter:card\" content=\"summary_large_image\" \/>\n<meta name=\"twitter:label1\" content=\"Escrito por\" \/>\n\t<meta name=\"twitter:data1\" content=\"alcalde\" \/>\n\t<meta name=\"twitter:label2\" content=\"Tiempo de lectura\" \/>\n\t<meta name=\"twitter:data2\" content=\"2 minutos\" \/>\n<script type=\"application\/ld+json\" class=\"yoast-schema-graph\">{\"@context\":\"https:\\\/\\\/schema.org\",\"@graph\":[{\"@type\":\"Article\",\"@id\":\"https:\\\/\\\/www.caudete.org\\\/ayuntamiento\\\/la-policia-local-participa-en-la-campana-de-vigilancia-y-control-de-distracciones-al-volante\\\/#article\",\"isPartOf\":{\"@id\":\"https:\\\/\\\/www.caudete.org\\\/ayuntamiento\\\/la-policia-local-participa-en-la-campana-de-vigilancia-y-control-de-distracciones-al-volante\\\/\"},\"author\":{\"name\":\"alcalde\",\"@id\":\"https:\\\/\\\/www.caudete.org\\\/ayuntamiento\\\/#\\\/schema\\\/person\\\/cc646da9133078ee4d8dd47457947253\"},\"headline\":\"La Polic\u00eda Local participa en la Campa\u00f1a de vigilancia y control de distracciones al volante\",\"datePublished\":\"2023-10-25T07:00:05+00:00\",\"mainEntityOfPage\":{\"@id\":\"https:\\\/\\\/www.caudete.org\\\/ayuntamiento\\\/la-policia-local-participa-en-la-campana-de-vigilancia-y-control-de-distracciones-al-volante\\\/\"},\"wordCount\":441,\"image\":{\"@id\":\"https:\\\/\\\/www.caudete.org\\\/ayuntamiento\\\/la-policia-local-participa-en-la-campana-de-vigilancia-y-control-de-distracciones-al-volante\\\/#primaryimage\"},\"thumbnailUrl\":\"https:\\\/\\\/www.caudete.org\\\/ayuntamiento\\\/wp-content\\\/uploads\\\/2023\\\/10\\\/MDOLROES_POLICIA.jpg\",\"articleSection\":[\"Polic\u00eda Local\"],\"inLanguage\":\"es\"},{\"@type\":\"WebPage\",\"@id\":\"https:\\\/\\\/www.caudete.org\\\/ayuntamiento\\\/la-policia-local-participa-en-la-campana-de-vigilancia-y-control-de-distracciones-al-volante\\\/\",\"url\":\"https:\\\/\\\/www.caudete.org\\\/ayuntamiento\\\/la-policia-local-participa-en-la-campana-de-vigilancia-y-control-de-distracciones-al-volante\\\/\",\"name\":\"La Polic\u00eda Local participa en la Campa\u00f1a de vigilancia y control de distracciones al volante - MI Ayuntamiento de Caudete\",\"isPartOf\":{\"@id\":\"https:\\\/\\\/www.caudete.org\\\/ayuntamiento\\\/#website\"},\"primaryImageOfPage\":{\"@id\":\"https:\\\/\\\/www.caudete.org\\\/ayuntamiento\\\/la-policia-local-participa-en-la-campana-de-vigilancia-y-control-de-distracciones-al-volante\\\/#primaryimage\"},\"image\":{\"@id\":\"https:\\\/\\\/www.caudete.org\\\/ayuntamiento\\\/la-policia-local-participa-en-la-campana-de-vigilancia-y-control-de-distracciones-al-volante\\\/#primaryimage\"},\"thumbnailUrl\":\"https:\\\/\\\/www.caudete.org\\\/ayuntamiento\\\/wp-content\\\/uploads\\\/2023\\\/10\\\/MDOLROES_POLICIA.jpg\",\"datePublished\":\"2023-10-25T07:00:05+00:00\",\"author\":{\"@id\":\"https:\\\/\\\/www.caudete.org\\\/ayuntamiento\\\/#\\\/schema\\\/person\\\/cc646da9133078ee4d8dd47457947253\"},\"description\":\"P\u00e1gina Oficial del Ayuntamiento de Caudete (Albacete)\",\"breadcrumb\":{\"@id\":\"https:\\\/\\\/www.caudete.org\\\/ayuntamiento\\\/la-policia-local-participa-en-la-campana-de-vigilancia-y-control-de-distracciones-al-volante\\\/#breadcrumb\"},\"inLanguage\":\"es\",\"potentialAction\":[{\"@type\":\"ReadAction\",\"target\":[\"https:\\\/\\\/www.caudete.org\\\/ayuntamiento\\\/la-policia-local-participa-en-la-campana-de-vigilancia-y-control-de-distracciones-al-volante\\\/\"]}]},{\"@type\":\"ImageObject\",\"inLanguage\":\"es\",\"@id\":\"https:\\\/\\\/www.caudete.org\\\/ayuntamiento\\\/la-policia-local-participa-en-la-campana-de-vigilancia-y-control-de-distracciones-al-volante\\\/#primaryimage\",\"url\":\"https:\\\/\\\/www.caudete.org\\\/ayuntamiento\\\/wp-content\\\/uploads\\\/2023\\\/10\\\/MDOLROES_POLICIA.jpg\",\"contentUrl\":\"https:\\\/\\\/www.caudete.org\\\/ayuntamiento\\\/wp-content\\\/uploads\\\/2023\\\/10\\\/MDOLROES_POLICIA.jpg\",\"width\":921,\"height\":625},{\"@type\":\"BreadcrumbList\",\"@id\":\"https:\\\/\\\/www.caudete.org\\\/ayuntamiento\\\/la-policia-local-participa-en-la-campana-de-vigilancia-y-control-de-distracciones-al-volante\\\/#breadcrumb\",\"itemListElement\":[{\"@type\":\"ListItem\",\"position\":1,\"name\":\"Inicio\",\"item\":\"https:\\\/\\\/www.caudete.org\\\/ayuntamiento\\\/\"},{\"@type\":\"ListItem\",\"position\":2,\"name\":\"La Polic\u00eda Local participa en la Campa\u00f1a de vigilancia y control de distracciones al volante\"}]},{\"@type\":\"WebSite\",\"@id\":\"https:\\\/\\\/www.caudete.org\\\/ayuntamiento\\\/#website\",\"url\":\"https:\\\/\\\/www.caudete.org\\\/ayuntamiento\\\/\",\"name\":\"MI Ayuntamiento de Caudete\",\"description\":\"P\u00e1gina Oficial del MI Ayuntamiento de Caudete\",\"potentialAction\":[{\"@type\":\"SearchAction\",\"target\":{\"@type\":\"EntryPoint\",\"urlTemplate\":\"https:\\\/\\\/www.caudete.org\\\/ayuntamiento\\\/?s={search_term_string}\"},\"query-input\":{\"@type\":\"PropertyValueSpecification\",\"valueRequired\":true,\"valueName\":\"search_term_string\"}}],\"inLanguage\":\"es\"},{\"@type\":\"Person\",\"@id\":\"https:\\\/\\\/www.caudete.org\\\/ayuntamiento\\\/#\\\/schema\\\/person\\\/cc646da9133078ee4d8dd47457947253\",\"name\":\"alcalde\",\"image\":{\"@type\":\"ImageObject\",\"inLanguage\":\"es\",\"@id\":\"https:\\\/\\\/secure.gravatar.com\\\/avatar\\\/84a817ba065b29ff08d666b215a215f5c79186a645ccb25b14a663d48a130f77?s=96&d=mm&r=g\",\"url\":\"https:\\\/\\\/secure.gravatar.com\\\/avatar\\\/84a817ba065b29ff08d666b215a215f5c79186a645ccb25b14a663d48a130f77?s=96&d=mm&r=g\",\"contentUrl\":\"https:\\\/\\\/secure.gravatar.com\\\/avatar\\\/84a817ba065b29ff08d666b215a215f5c79186a645ccb25b14a663d48a130f77?s=96&d=mm&r=g\",\"caption\":\"alcalde\"},\"url\":\"https:\\\/\\\/www.caudete.org\\\/ayuntamiento\\\/author\\\/alcalde\\\/\"}]}<\/script>\n<!-- \/ Yoast SEO plugin. -->","yoast_head_json":{"title":"La Polic\u00eda Local participa en la Campa\u00f1a de vigilancia y control de distracciones al volante - MI Ayuntamiento de Caudete","description":"P\u00e1gina Oficial del Ayuntamiento de Caudete (Albacete)","robots":{"index":"index","follow":"follow","max-snippet":"max-snippet:-1","max-image-preview":"max-image-preview:large","max-video-preview":"max-video-preview:-1"},"canonical":"https:\/\/www.caudete.org\/ayuntamiento\/la-policia-local-participa-en-la-campana-de-vigilancia-y-control-de-distracciones-al-volante\/","og_locale":"es_ES","og_type":"article","og_title":"La Polic\u00eda Local participa en la Campa\u00f1a de vigilancia y control de distracciones al volante - MI Ayuntamiento de Caudete","og_description":"P\u00e1gina Oficial del Ayuntamiento de Caudete (Albacete)","og_url":"https:\/\/www.caudete.org\/ayuntamiento\/la-policia-local-participa-en-la-campana-de-vigilancia-y-control-de-distracciones-al-volante\/","og_site_name":"MI Ayuntamiento de Caudete","article_publisher":"https:\/\/www.facebook.com\/ayuntamientocaudete\/","article_published_time":"2023-10-25T07:00:05+00:00","og_image":[{"width":921,"height":625,"url":"https:\/\/www.caudete.org\/ayuntamiento\/wp-content\/uploads\/2023\/10\/MDOLROES_POLICIA.jpg","type":"image\/jpeg"}],"author":"alcalde","twitter_card":"summary_large_image","twitter_misc":{"Escrito por":"alcalde","Tiempo de lectura":"2 minutos"},"schema":{"@context":"https:\/\/schema.org","@graph":[{"@type":"Article","@id":"https:\/\/www.caudete.org\/ayuntamiento\/la-policia-local-participa-en-la-campana-de-vigilancia-y-control-de-distracciones-al-volante\/#article","isPartOf":{"@id":"https:\/\/www.caudete.org\/ayuntamiento\/la-policia-local-participa-en-la-campana-de-vigilancia-y-control-de-distracciones-al-volante\/"},"author":{"name":"alcalde","@id":"https:\/\/www.caudete.org\/ayuntamiento\/#\/schema\/person\/cc646da9133078ee4d8dd47457947253"},"headline":"La Polic\u00eda Local participa en la Campa\u00f1a de vigilancia y control de distracciones al volante","datePublished":"2023-10-25T07:00:05+00:00","mainEntityOfPage":{"@id":"https:\/\/www.caudete.org\/ayuntamiento\/la-policia-local-participa-en-la-campana-de-vigilancia-y-control-de-distracciones-al-volante\/"},"wordCount":441,"image":{"@id":"https:\/\/www.caudete.org\/ayuntamiento\/la-policia-local-participa-en-la-campana-de-vigilancia-y-control-de-distracciones-al-volante\/#primaryimage"},"thumbnailUrl":"https:\/\/www.caudete.org\/ayuntamiento\/wp-content\/uploads\/2023\/10\/MDOLROES_POLICIA.jpg","articleSection":["Polic\u00eda Local"],"inLanguage":"es"},{"@type":"WebPage","@id":"https:\/\/www.caudete.org\/ayuntamiento\/la-policia-local-participa-en-la-campana-de-vigilancia-y-control-de-distracciones-al-volante\/","url":"https:\/\/www.caudete.org\/ayuntamiento\/la-policia-local-participa-en-la-campana-de-vigilancia-y-control-de-distracciones-al-volante\/","name":"La Polic\u00eda Local participa en la Campa\u00f1a de vigilancia y control de distracciones al volante - MI Ayuntamiento de Caudete","isPartOf":{"@id":"https:\/\/www.caudete.org\/ayuntamiento\/#website"},"primaryImageOfPage":{"@id":"https:\/\/www.caudete.org\/ayuntamiento\/la-policia-local-participa-en-la-campana-de-vigilancia-y-control-de-distracciones-al-volante\/#primaryimage"},"image":{"@id":"https:\/\/www.caudete.org\/ayuntamiento\/la-policia-local-participa-en-la-campana-de-vigilancia-y-control-de-distracciones-al-volante\/#primaryimage"},"thumbnailUrl":"https:\/\/www.caudete.org\/ayuntamiento\/wp-content\/uploads\/2023\/10\/MDOLROES_POLICIA.jpg","datePublished":"2023-10-25T07:00:05+00:00","author":{"@id":"https:\/\/www.caudete.org\/ayuntamiento\/#\/schema\/person\/cc646da9133078ee4d8dd47457947253"},"description":"P\u00e1gina Oficial del Ayuntamiento de Caudete (Albacete)","breadcrumb":{"@id":"https:\/\/www.caudete.org\/ayuntamiento\/la-policia-local-participa-en-la-campana-de-vigilancia-y-control-de-distracciones-al-volante\/#breadcrumb"},"inLanguage":"es","potentialAction":[{"@type":"ReadAction","target":["https:\/\/www.caudete.org\/ayuntamiento\/la-policia-local-participa-en-la-campana-de-vigilancia-y-control-de-distracciones-al-volante\/"]}]},{"@type":"ImageObject","inLanguage":"es","@id":"https:\/\/www.caudete.org\/ayuntamiento\/la-policia-local-participa-en-la-campana-de-vigilancia-y-control-de-distracciones-al-volante\/#primaryimage","url":"https:\/\/www.caudete.org\/ayuntamiento\/wp-content\/uploads\/2023\/10\/MDOLROES_POLICIA.jpg","contentUrl":"https:\/\/www.caudete.org\/ayuntamiento\/wp-content\/uploads\/2023\/10\/MDOLROES_POLICIA.jpg","width":921,"height":625},{"@type":"BreadcrumbList","@id":"https:\/\/www.caudete.org\/ayuntamiento\/la-policia-local-participa-en-la-campana-de-vigilancia-y-control-de-distracciones-al-volante\/#breadcrumb","itemListElement":[{"@type":"ListItem","position":1,"name":"Inicio","item":"https:\/\/www.caudete.org\/ayuntamiento\/"},{"@type":"ListItem","position":2,"name":"La Polic\u00eda Local participa en la Campa\u00f1a de vigilancia y control de distracciones al volante"}]},{"@type":"WebSite","@id":"https:\/\/www.caudete.org\/ayuntamiento\/#website","url":"https:\/\/www.caudete.org\/ayuntamiento\/","name":"MI Ayuntamiento de Caudete","description":"P\u00e1gina Oficial del MI Ayuntamiento de Caudete","potentialAction":[{"@type":"SearchAction","target":{"@type":"EntryPoint","urlTemplate":"https:\/\/www.caudete.org\/ayuntamiento\/?s={search_term_string}"},"query-input":{"@type":"PropertyValueSpecification","valueRequired":true,"valueName":"search_term_string"}}],"inLanguage":"es"},{"@type":"Person","@id":"https:\/\/www.caudete.org\/ayuntamiento\/#\/schema\/person\/cc646da9133078ee4d8dd47457947253","name":"alcalde","image":{"@type":"ImageObject","inLanguage":"es","@id":"https:\/\/secure.gravatar.com\/avatar\/84a817ba065b29ff08d666b215a215f5c79186a645ccb25b14a663d48a130f77?s=96&d=mm&r=g","url":"https:\/\/secure.gravatar.com\/avatar\/84a817ba065b29ff08d666b215a215f5c79186a645ccb25b14a663d48a130f77?s=96&d=mm&r=g","contentUrl":"https:\/\/secure.gravatar.com\/avatar\/84a817ba065b29ff08d666b215a215f5c79186a645ccb25b14a663d48a130f77?s=96&d=mm&r=g","caption":"alcalde"},"url":"https:\/\/www.caudete.org\/ayuntamiento\/author\/alcalde\/"}]}},"_links":{"self":[{"href":"https:\/\/www.caudete.org\/ayuntamiento\/wp-json\/wp\/v2\/posts\/23598","targetHints":{"allow":["GET"]}}],"collection":[{"href":"https:\/\/www.caudete.org\/ayuntamiento\/wp-json\/wp\/v2\/posts"}],"about":[{"href":"https:\/\/www.caudete.org\/ayuntamiento\/wp-json\/wp\/v2\/types\/post"}],"author":[{"embeddable":true,"href":"https:\/\/www.caudete.org\/ayuntamiento\/wp-json\/wp\/v2\/users\/3"}],"replies":[{"embeddable":true,"href":"https:\/\/www.caudete.org\/ayuntamiento\/wp-json\/wp\/v2\/comments?post=23598"}],"version-history":[{"count":2,"href":"https:\/\/www.caudete.org\/ayuntamiento\/wp-json\/wp\/v2\/posts\/23598\/revisions"}],"predecessor-version":[{"id":23610,"href":"https:\/\/www.caudete.org\/ayuntamiento\/wp-json\/wp\/v2\/posts\/23598\/revisions\/23610"}],"wp:featuredmedia":[{"embeddable":true,"href":"https:\/\/www.caudete.org\/ayuntamiento\/wp-json\/wp\/v2\/media\/23599"}],"wp:attachment":[{"href":"https:\/\/www.caudete.org\/ayuntamiento\/wp-json\/wp\/v2\/media?parent=23598"}],"wp:term":[{"taxonomy":"category","embeddable":true,"href":"https:\/\/www.caudete.org\/ayuntamiento\/wp-json\/wp\/v2\/categories?post=23598"},{"taxonomy":"post_tag","embeddable":true,"href":"https:\/\/www.caudete.org\/ayuntamiento\/wp-json\/wp\/v2\/tags?post=23598"}],"curies":[{"name":"wp","href":"https:\/\/api.w.org\/{rel}","templated":true}]}}