{"id":23601,"date":"2023-10-24T18:19:34","date_gmt":"2023-10-24T16:19:34","guid":{"rendered":"https:\/\/www.caudete.org\/ayuntamiento\/?p=23601"},"modified":"2023-10-31T13:45:37","modified_gmt":"2023-10-31T12:45:37","slug":"1a-jornadas-de-la-vida-y-de-la-muerte-una-vision-diferente","status":"publish","type":"post","link":"https:\/\/www.caudete.org\/ayuntamiento\/1a-jornadas-de-la-vida-y-de-la-muerte-una-vision-diferente\/","title":{"rendered":"1\u00aa Jornadas. DE LA VIDA Y DE LA MUERTE. Una visi\u00f3n diferente."},"content":{"rendered":"<p style=\"text-align: justify;\">Esta ma\u00f1ana el Alcalde Mois\u00e9s L\u00f3pez y la Concejal de Cultura Manoli Gonz\u00e1lez han presentado la programaci\u00f3n de las&nbsp; &nbsp; &nbsp;<em><strong>I Jornadas &#8220;DE LA VIDA Y DE LA MUERTE. UNA VISI\u00d3N DIFERENTE&#8221;<\/strong><\/em> que por vez primera organiza el Consistorio en torno a la festividad de Todos Los Santos y Fieles Difuntos.<\/p>\n<p style=\"text-align: justify;\">Siendo una realidad que afecta a la sociedad, se busca dejar atr\u00e1s el tab\u00fa de la muerte para adentrarse y conocer la cultura funeraria desde diferentes puntos de vista: hist\u00f3rico, social, psicol\u00f3gico, cultural, etc. Todo ello, dentro del marco del acto principal que desde 2019 el Ayuntamiento realiza el 1 de Noviembre, en recuerdo a todos los caudetanos difuntos del \u00faltimo a\u00f1o.<\/p>\n<p style=\"text-align: justify;\"><em><strong>del 27 oct al 5 nov<\/strong>, Exposici\u00f3n: <strong>LA CIUDAD DORMIDA, ORIGEN Y EVOLUCI\u00d3N<\/strong><\/em><\/p>\n<p style=\"text-align: justify;\">Horario de apertura del Cementerio Municipal. <em>Casa Conserje del Cementerio Municipal.<\/em><\/p>\n<p style=\"text-align: justify;\">Un recorrido visual de c\u00f3mo ha evolucionado la cultura funeraria hasta llegar a la Ciudad Dormida que hoy conocemos, pasando por las diferentes ubicaciones que ha tenido en nuestro municipio desde el siglo XVI.<br \/>\nConoce adem\u00e1s como surge el actual camposanto, c\u00f3mo se dise\u00f1\u00f3 y c\u00f3mo ha evolucionado.<\/p>\n<p style=\"text-align: justify;\"><em>s\u00e1bados <strong>28 oct y 4 nov<\/strong>, <strong>VISITA TUR\u00cdSTICA POR EL INTERIOR DEL CEMENTERIO.<\/strong>&nbsp;<\/em><\/p>\n<p style=\"text-align: justify;\"><strong><em>12.00 h, <\/em><em>Cementerio Municipal.<\/em><\/strong><\/p>\n<p style=\"text-align: justify;\">Previa inscripci\u00f3n<\/p>\n<p style=\"text-align: justify;\"><em>lunes <strong>30 oct<\/strong>, Charla: <strong>CULTURA Y PATRIMONIO DEL CEMENTERIO<\/strong>.&nbsp;<\/em><\/p>\n<p style=\"text-align: justify;\"><em><strong>Ponente: Klaus Schriewer,<\/strong> Catedr\u00e1tico de Antropolog\u00eda Social de la Universidad de Murcia.<\/em><\/p>\n<p style=\"text-align: justify;\"><strong><em>20:00 h, Museo de Acuarela Rafael Requena.<\/em><\/strong><\/p>\n<p style=\"text-align: justify;\">El cementerio es reflejo de la vida social, pol\u00edtica y cultural de un pueblo. La configuraci\u00f3n tal y como los conocemos hoy d\u00eda tienen su origen en la \u00e9poca de la ilustraci\u00f3n, materializ\u00e1ndose en Espa\u00f1a los Cementerios extramuros por medio de la reforma de Carlos III, a finales del S.XVIII, con lo que deja de enterrarse en el interior de iglesias y zonas aleda\u00f1as.<\/p>\n<p style=\"text-align: justify;\">Se configuran as\u00ed los actuales cementerios, en los que se localizan diferentes tipos de mensaje, y en los que se constata una verdadera muestra de arte y patrimonio ligado a cada momento hist\u00f3rico, social y econ\u00f3mico de sus pueblos y habitantes.<\/p>\n<p><em>martes <strong>31 oct<\/strong>, Charla: <strong>EL TAB\u00da DE LA MUERTE EN LA INFANCIA Y LA ADOLESCENCIA<\/strong>,&nbsp;<\/em><\/p>\n<p style=\"text-align: justify;\"><em><strong>Ponente: Pilar Gallur Gimeno<\/strong>, Psic\u00f3loga<\/em><\/p>\n<p style=\"text-align: justify;\"><strong><em>20.00 h Museo de Acuarela Rafael Requena.<\/em><\/strong><\/p>\n<p style=\"text-align: justify;\">Todos, en alg\u00fan momento, viviremos el duelo por la muerte de un ser querido. De ah\u00ed la importancia de naturalizar la muerte en cualquier etapa, por doloroso que pueda ser, adapt\u00e1ndonos a las capacidades cognitivas y emocionales de nuestros hijos.<\/p>\n<p style=\"text-align: justify;\">Para ello, en esta charla en la que podr\u00e9is participar de manera activa, aprenderemos la manera en la que nuestros hijos conciben la muerte y su significado, seg\u00fan su etapa madurativa. Adem\u00e1s de recibir informaci\u00f3n de c\u00f3mo acompa\u00f1ar el duelo, de la manera m\u00e1s respetuosa y cercana posible.<br \/>\nPonente: Pilar Gallur Gimeno, Psic\u00f3loga<\/p>\n<p style=\"text-align: justify;\"><em>mi\u00e9rcoles <strong>1 nov<\/strong>, Concierto: <strong>RECUERDO A LOS DIFUNTOS<\/strong>, por la <strong>Orquesta de la Sociedad Uni\u00f3n Musical Santa Cecilia de Caudete<\/strong>. <\/em><\/p>\n<p style=\"text-align: justify;\"><strong><em>12.30 h Cementerio Municipal<\/em><\/strong><\/p>\n<p style=\"text-align: justify;\">La m\u00fasica y la poes\u00eda pondr\u00e1n color a una ma\u00f1ana de recuerdo de los caudetanos que nos han dejado en el \u00faltimo a\u00f1o.<\/p>\n<p style=\"text-align: justify;\">jueves <strong>2 nov<\/strong>, Charla: <strong>LOS CEMENTERIOS DE LA PARROQUIA DE SANTA CATALINA.&nbsp;<\/strong><\/p>\n<p style=\"text-align: justify;\"><strong>Ponente: Joaqu\u00edn Moll\u00e1 Franc\u00e9s<\/strong>, Investigador local.<\/p>\n<p style=\"text-align: justify;\"><strong>20:00 h <em>Museo de Acuarela Rafael Requena.<\/em><\/strong><\/p>\n<p style=\"text-align: justify;\">El templo de Santa Catalina ha ido creciendo y adapt\u00e1ndose a las nuevas necesidades lit\u00fargicas y estilos o modas art\u00edsticas.<\/p>\n<p style=\"text-align: justify;\">Tanto que la necesidad de contar con una capilla de Comuni\u00f3n exigi\u00f3 el traslado del primer cementerio, o fosar, parroquial del que tiene noticia. Este cambio fue sucesivamente resuelto de manera bastante precaria, tanto que la provisionalidad dur\u00f3 hasta 1911, a\u00f1o en que se inaugur\u00f3 el actual cementerio ya de car\u00e1cter municipal.<\/p>\n<p style=\"text-align: justify;\"><a href=\"https:\/\/www.caudete.org\/ayuntamiento\/wp-content\/uploads\/2023\/10\/cartel-jornadas-vida-muerte.png\" rel='prettyPhoto'><img fetchpriority=\"high\" decoding=\"async\" class=\"alignnone wp-image-23602 size-full\" src=\"https:\/\/www.caudete.org\/ayuntamiento\/wp-content\/uploads\/2023\/10\/cartel-jornadas-vida-muerte.png\" alt=\"\" width=\"2000\" height=\"1414\" srcset=\"https:\/\/www.caudete.org\/ayuntamiento\/wp-content\/uploads\/2023\/10\/cartel-jornadas-vida-muerte.png 2000w, https:\/\/www.caudete.org\/ayuntamiento\/wp-content\/uploads\/2023\/10\/cartel-jornadas-vida-muerte-300x212.png 300w, https:\/\/www.caudete.org\/ayuntamiento\/wp-content\/uploads\/2023\/10\/cartel-jornadas-vida-muerte-1024x724.png 1024w, https:\/\/www.caudete.org\/ayuntamiento\/wp-content\/uploads\/2023\/10\/cartel-jornadas-vida-muerte-768x543.png 768w, https:\/\/www.caudete.org\/ayuntamiento\/wp-content\/uploads\/2023\/10\/cartel-jornadas-vida-muerte-1536x1086.png 1536w\" sizes=\"(max-width: 2000px) 100vw, 2000px\" \/><\/a><\/p>\n","protected":false},"excerpt":{"rendered":"<p>Esta ma\u00f1ana el Alcalde Mois\u00e9s L\u00f3pez y la Concejal de Cultura Manoli Gonz\u00e1lez han presentado la programaci\u00f3n de las&nbsp; &nbsp; &nbsp;I Jornadas &#8220;DE LA VIDA Y DE LA MUERTE. UNA VISI\u00d3N DIFERENTE&#8221; que por vez primera organiza el Consistorio en torno a la festividad de Todos Los Santos y Fieles Difuntos. Siendo una realidad que &hellip;<\/p>\n","protected":false},"author":3,"featured_media":23612,"comment_status":"closed","ping_status":"open","sticky":false,"template":"","format":"standard","meta":{"ngg_post_thumbnail":0,"footnotes":""},"categories":[30],"tags":[],"class_list":["post-23601","post","type-post","status-publish","format-standard","has-post-thumbnail","hentry","category-cementerio"],"yoast_head":"<!-- This site is optimized with the Yoast SEO plugin v27.5 - https:\/\/yoast.com\/product\/yoast-seo-wordpress\/ -->\n<title>1\u00aa Jornadas. DE LA VIDA Y DE LA MUERTE. Una visi\u00f3n diferente. - MI Ayuntamiento de Caudete<\/title>\n<meta name=\"description\" content=\"P\u00e1gina Oficial del Ayuntamiento de Caudete (Albacete)\" \/>\n<meta name=\"robots\" content=\"index, follow, max-snippet:-1, max-image-preview:large, max-video-preview:-1\" \/>\n<link rel=\"canonical\" href=\"https:\/\/www.caudete.org\/ayuntamiento\/1a-jornadas-de-la-vida-y-de-la-muerte-una-vision-diferente\/\" \/>\n<meta property=\"og:locale\" content=\"es_ES\" \/>\n<meta property=\"og:type\" content=\"article\" \/>\n<meta property=\"og:title\" content=\"1\u00aa Jornadas. DE LA VIDA Y DE LA MUERTE. Una visi\u00f3n diferente. - MI Ayuntamiento de Caudete\" \/>\n<meta property=\"og:description\" content=\"P\u00e1gina Oficial del Ayuntamiento de Caudete (Albacete)\" \/>\n<meta property=\"og:url\" content=\"https:\/\/www.caudete.org\/ayuntamiento\/1a-jornadas-de-la-vida-y-de-la-muerte-una-vision-diferente\/\" \/>\n<meta property=\"og:site_name\" content=\"MI Ayuntamiento de Caudete\" \/>\n<meta property=\"article:publisher\" content=\"https:\/\/www.facebook.com\/ayuntamientocaudete\/\" \/>\n<meta property=\"article:published_time\" content=\"2023-10-24T16:19:34+00:00\" \/>\n<meta property=\"article:modified_time\" content=\"2023-10-31T12:45:37+00:00\" \/>\n<meta property=\"og:image\" content=\"https:\/\/www.caudete.org\/ayuntamiento\/wp-content\/uploads\/2023\/10\/cartel-mixto-de-la-vida-1024x724.png\" \/>\n\t<meta property=\"og:image:width\" content=\"1024\" \/>\n\t<meta property=\"og:image:height\" content=\"724\" \/>\n\t<meta property=\"og:image:type\" content=\"image\/png\" \/>\n<meta name=\"author\" content=\"alcalde\" \/>\n<meta name=\"twitter:card\" content=\"summary_large_image\" \/>\n<meta name=\"twitter:label1\" content=\"Escrito por\" \/>\n\t<meta name=\"twitter:data1\" content=\"alcalde\" \/>\n\t<meta name=\"twitter:label2\" content=\"Tiempo de lectura\" \/>\n\t<meta name=\"twitter:data2\" content=\"3 minutos\" \/>\n<script type=\"application\/ld+json\" class=\"yoast-schema-graph\">{\"@context\":\"https:\\\/\\\/schema.org\",\"@graph\":[{\"@type\":\"Article\",\"@id\":\"https:\\\/\\\/www.caudete.org\\\/ayuntamiento\\\/1a-jornadas-de-la-vida-y-de-la-muerte-una-vision-diferente\\\/#article\",\"isPartOf\":{\"@id\":\"https:\\\/\\\/www.caudete.org\\\/ayuntamiento\\\/1a-jornadas-de-la-vida-y-de-la-muerte-una-vision-diferente\\\/\"},\"author\":{\"name\":\"alcalde\",\"@id\":\"https:\\\/\\\/www.caudete.org\\\/ayuntamiento\\\/#\\\/schema\\\/person\\\/cc646da9133078ee4d8dd47457947253\"},\"headline\":\"1\u00aa Jornadas. DE LA VIDA Y DE LA MUERTE. Una visi\u00f3n diferente.\",\"datePublished\":\"2023-10-24T16:19:34+00:00\",\"dateModified\":\"2023-10-31T12:45:37+00:00\",\"mainEntityOfPage\":{\"@id\":\"https:\\\/\\\/www.caudete.org\\\/ayuntamiento\\\/1a-jornadas-de-la-vida-y-de-la-muerte-una-vision-diferente\\\/\"},\"wordCount\":660,\"publisher\":{\"@id\":\"https:\\\/\\\/www.caudete.org\\\/ayuntamiento\\\/#organization\"},\"image\":{\"@id\":\"https:\\\/\\\/www.caudete.org\\\/ayuntamiento\\\/1a-jornadas-de-la-vida-y-de-la-muerte-una-vision-diferente\\\/#primaryimage\"},\"thumbnailUrl\":\"https:\\\/\\\/www.caudete.org\\\/ayuntamiento\\\/wp-content\\\/uploads\\\/2023\\\/10\\\/cartel-mixto-de-la-vida.png\",\"articleSection\":[\"Cementerio\"],\"inLanguage\":\"es\"},{\"@type\":\"WebPage\",\"@id\":\"https:\\\/\\\/www.caudete.org\\\/ayuntamiento\\\/1a-jornadas-de-la-vida-y-de-la-muerte-una-vision-diferente\\\/\",\"url\":\"https:\\\/\\\/www.caudete.org\\\/ayuntamiento\\\/1a-jornadas-de-la-vida-y-de-la-muerte-una-vision-diferente\\\/\",\"name\":\"1\u00aa Jornadas. DE LA VIDA Y DE LA MUERTE. Una visi\u00f3n diferente. - MI Ayuntamiento de Caudete\",\"isPartOf\":{\"@id\":\"https:\\\/\\\/www.caudete.org\\\/ayuntamiento\\\/#website\"},\"primaryImageOfPage\":{\"@id\":\"https:\\\/\\\/www.caudete.org\\\/ayuntamiento\\\/1a-jornadas-de-la-vida-y-de-la-muerte-una-vision-diferente\\\/#primaryimage\"},\"image\":{\"@id\":\"https:\\\/\\\/www.caudete.org\\\/ayuntamiento\\\/1a-jornadas-de-la-vida-y-de-la-muerte-una-vision-diferente\\\/#primaryimage\"},\"thumbnailUrl\":\"https:\\\/\\\/www.caudete.org\\\/ayuntamiento\\\/wp-content\\\/uploads\\\/2023\\\/10\\\/cartel-mixto-de-la-vida.png\",\"datePublished\":\"2023-10-24T16:19:34+00:00\",\"dateModified\":\"2023-10-31T12:45:37+00:00\",\"description\":\"P\u00e1gina Oficial del Ayuntamiento de Caudete (Albacete)\",\"breadcrumb\":{\"@id\":\"https:\\\/\\\/www.caudete.org\\\/ayuntamiento\\\/1a-jornadas-de-la-vida-y-de-la-muerte-una-vision-diferente\\\/#breadcrumb\"},\"inLanguage\":\"es\",\"potentialAction\":[{\"@type\":\"ReadAction\",\"target\":[\"https:\\\/\\\/www.caudete.org\\\/ayuntamiento\\\/1a-jornadas-de-la-vida-y-de-la-muerte-una-vision-diferente\\\/\"]}]},{\"@type\":\"ImageObject\",\"inLanguage\":\"es\",\"@id\":\"https:\\\/\\\/www.caudete.org\\\/ayuntamiento\\\/1a-jornadas-de-la-vida-y-de-la-muerte-una-vision-diferente\\\/#primaryimage\",\"url\":\"https:\\\/\\\/www.caudete.org\\\/ayuntamiento\\\/wp-content\\\/uploads\\\/2023\\\/10\\\/cartel-mixto-de-la-vida.png\",\"contentUrl\":\"https:\\\/\\\/www.caudete.org\\\/ayuntamiento\\\/wp-content\\\/uploads\\\/2023\\\/10\\\/cartel-mixto-de-la-vida.png\",\"width\":2000,\"height\":1414},{\"@type\":\"BreadcrumbList\",\"@id\":\"https:\\\/\\\/www.caudete.org\\\/ayuntamiento\\\/1a-jornadas-de-la-vida-y-de-la-muerte-una-vision-diferente\\\/#breadcrumb\",\"itemListElement\":[{\"@type\":\"ListItem\",\"position\":1,\"name\":\"Inicio\",\"item\":\"https:\\\/\\\/www.caudete.org\\\/ayuntamiento\\\/\"},{\"@type\":\"ListItem\",\"position\":2,\"name\":\"1\u00aa Jornadas. DE LA VIDA Y DE LA MUERTE. Una visi\u00f3n diferente.\"}]},{\"@type\":\"WebSite\",\"@id\":\"https:\\\/\\\/www.caudete.org\\\/ayuntamiento\\\/#website\",\"url\":\"https:\\\/\\\/www.caudete.org\\\/ayuntamiento\\\/\",\"name\":\"MI Ayuntamiento de Caudete\",\"description\":\"P\u00e1gina Oficial del MI Ayuntamiento de Caudete\",\"publisher\":{\"@id\":\"https:\\\/\\\/www.caudete.org\\\/ayuntamiento\\\/#organization\"},\"potentialAction\":[{\"@type\":\"SearchAction\",\"target\":{\"@type\":\"EntryPoint\",\"urlTemplate\":\"https:\\\/\\\/www.caudete.org\\\/ayuntamiento\\\/?s={search_term_string}\"},\"query-input\":{\"@type\":\"PropertyValueSpecification\",\"valueRequired\":true,\"valueName\":\"search_term_string\"}}],\"inLanguage\":\"es\"},{\"@type\":\"Organization\",\"@id\":\"https:\\\/\\\/www.caudete.org\\\/ayuntamiento\\\/#organization\",\"name\":\"Ayuntamiento de Caudete\",\"url\":\"https:\\\/\\\/www.caudete.org\\\/ayuntamiento\\\/\",\"logo\":{\"@type\":\"ImageObject\",\"inLanguage\":\"es\",\"@id\":\"https:\\\/\\\/www.caudete.org\\\/ayuntamiento\\\/#\\\/schema\\\/logo\\\/image\\\/\",\"url\":\"https:\\\/\\\/www.caudete.org\\\/ayuntamiento\\\/wp-content\\\/uploads\\\/2020\\\/11\\\/logo_ayuntamiento_caudete.jpg\",\"contentUrl\":\"https:\\\/\\\/www.caudete.org\\\/ayuntamiento\\\/wp-content\\\/uploads\\\/2020\\\/11\\\/logo_ayuntamiento_caudete.jpg\",\"width\":600,\"height\":150,\"caption\":\"Ayuntamiento de Caudete\"},\"image\":{\"@id\":\"https:\\\/\\\/www.caudete.org\\\/ayuntamiento\\\/#\\\/schema\\\/logo\\\/image\\\/\"},\"sameAs\":[\"https:\\\/\\\/www.facebook.com\\\/ayuntamientocaudete\\\/\",\"https:\\\/\\\/www.youtube.com\\\/channel\\\/UC6VztHaooNsGpw-tNoBEFnQ\"]},{\"@type\":\"Person\",\"@id\":\"https:\\\/\\\/www.caudete.org\\\/ayuntamiento\\\/#\\\/schema\\\/person\\\/cc646da9133078ee4d8dd47457947253\",\"name\":\"alcalde\",\"image\":{\"@type\":\"ImageObject\",\"inLanguage\":\"es\",\"@id\":\"https:\\\/\\\/secure.gravatar.com\\\/avatar\\\/84a817ba065b29ff08d666b215a215f5c79186a645ccb25b14a663d48a130f77?s=96&d=mm&r=g\",\"url\":\"https:\\\/\\\/secure.gravatar.com\\\/avatar\\\/84a817ba065b29ff08d666b215a215f5c79186a645ccb25b14a663d48a130f77?s=96&d=mm&r=g\",\"contentUrl\":\"https:\\\/\\\/secure.gravatar.com\\\/avatar\\\/84a817ba065b29ff08d666b215a215f5c79186a645ccb25b14a663d48a130f77?s=96&d=mm&r=g\",\"caption\":\"alcalde\"},\"url\":\"https:\\\/\\\/www.caudete.org\\\/ayuntamiento\\\/author\\\/alcalde\\\/\"}]}<\/script>\n<!-- \/ Yoast SEO plugin. -->","yoast_head_json":{"title":"1\u00aa Jornadas. DE LA VIDA Y DE LA MUERTE. Una visi\u00f3n diferente. - MI Ayuntamiento de Caudete","description":"P\u00e1gina Oficial del Ayuntamiento de Caudete (Albacete)","robots":{"index":"index","follow":"follow","max-snippet":"max-snippet:-1","max-image-preview":"max-image-preview:large","max-video-preview":"max-video-preview:-1"},"canonical":"https:\/\/www.caudete.org\/ayuntamiento\/1a-jornadas-de-la-vida-y-de-la-muerte-una-vision-diferente\/","og_locale":"es_ES","og_type":"article","og_title":"1\u00aa Jornadas. DE LA VIDA Y DE LA MUERTE. Una visi\u00f3n diferente. - MI Ayuntamiento de Caudete","og_description":"P\u00e1gina Oficial del Ayuntamiento de Caudete (Albacete)","og_url":"https:\/\/www.caudete.org\/ayuntamiento\/1a-jornadas-de-la-vida-y-de-la-muerte-una-vision-diferente\/","og_site_name":"MI Ayuntamiento de Caudete","article_publisher":"https:\/\/www.facebook.com\/ayuntamientocaudete\/","article_published_time":"2023-10-24T16:19:34+00:00","article_modified_time":"2023-10-31T12:45:37+00:00","og_image":[{"width":1024,"height":724,"url":"https:\/\/www.caudete.org\/ayuntamiento\/wp-content\/uploads\/2023\/10\/cartel-mixto-de-la-vida-1024x724.png","type":"image\/png"}],"author":"alcalde","twitter_card":"summary_large_image","twitter_misc":{"Escrito por":"alcalde","Tiempo de lectura":"3 minutos"},"schema":{"@context":"https:\/\/schema.org","@graph":[{"@type":"Article","@id":"https:\/\/www.caudete.org\/ayuntamiento\/1a-jornadas-de-la-vida-y-de-la-muerte-una-vision-diferente\/#article","isPartOf":{"@id":"https:\/\/www.caudete.org\/ayuntamiento\/1a-jornadas-de-la-vida-y-de-la-muerte-una-vision-diferente\/"},"author":{"name":"alcalde","@id":"https:\/\/www.caudete.org\/ayuntamiento\/#\/schema\/person\/cc646da9133078ee4d8dd47457947253"},"headline":"1\u00aa Jornadas. DE LA VIDA Y DE LA MUERTE. Una visi\u00f3n diferente.","datePublished":"2023-10-24T16:19:34+00:00","dateModified":"2023-10-31T12:45:37+00:00","mainEntityOfPage":{"@id":"https:\/\/www.caudete.org\/ayuntamiento\/1a-jornadas-de-la-vida-y-de-la-muerte-una-vision-diferente\/"},"wordCount":660,"publisher":{"@id":"https:\/\/www.caudete.org\/ayuntamiento\/#organization"},"image":{"@id":"https:\/\/www.caudete.org\/ayuntamiento\/1a-jornadas-de-la-vida-y-de-la-muerte-una-vision-diferente\/#primaryimage"},"thumbnailUrl":"https:\/\/www.caudete.org\/ayuntamiento\/wp-content\/uploads\/2023\/10\/cartel-mixto-de-la-vida.png","articleSection":["Cementerio"],"inLanguage":"es"},{"@type":"WebPage","@id":"https:\/\/www.caudete.org\/ayuntamiento\/1a-jornadas-de-la-vida-y-de-la-muerte-una-vision-diferente\/","url":"https:\/\/www.caudete.org\/ayuntamiento\/1a-jornadas-de-la-vida-y-de-la-muerte-una-vision-diferente\/","name":"1\u00aa Jornadas. DE LA VIDA Y DE LA MUERTE. Una visi\u00f3n diferente. - MI Ayuntamiento de Caudete","isPartOf":{"@id":"https:\/\/www.caudete.org\/ayuntamiento\/#website"},"primaryImageOfPage":{"@id":"https:\/\/www.caudete.org\/ayuntamiento\/1a-jornadas-de-la-vida-y-de-la-muerte-una-vision-diferente\/#primaryimage"},"image":{"@id":"https:\/\/www.caudete.org\/ayuntamiento\/1a-jornadas-de-la-vida-y-de-la-muerte-una-vision-diferente\/#primaryimage"},"thumbnailUrl":"https:\/\/www.caudete.org\/ayuntamiento\/wp-content\/uploads\/2023\/10\/cartel-mixto-de-la-vida.png","datePublished":"2023-10-24T16:19:34+00:00","dateModified":"2023-10-31T12:45:37+00:00","description":"P\u00e1gina Oficial del Ayuntamiento de Caudete (Albacete)","breadcrumb":{"@id":"https:\/\/www.caudete.org\/ayuntamiento\/1a-jornadas-de-la-vida-y-de-la-muerte-una-vision-diferente\/#breadcrumb"},"inLanguage":"es","potentialAction":[{"@type":"ReadAction","target":["https:\/\/www.caudete.org\/ayuntamiento\/1a-jornadas-de-la-vida-y-de-la-muerte-una-vision-diferente\/"]}]},{"@type":"ImageObject","inLanguage":"es","@id":"https:\/\/www.caudete.org\/ayuntamiento\/1a-jornadas-de-la-vida-y-de-la-muerte-una-vision-diferente\/#primaryimage","url":"https:\/\/www.caudete.org\/ayuntamiento\/wp-content\/uploads\/2023\/10\/cartel-mixto-de-la-vida.png","contentUrl":"https:\/\/www.caudete.org\/ayuntamiento\/wp-content\/uploads\/2023\/10\/cartel-mixto-de-la-vida.png","width":2000,"height":1414},{"@type":"BreadcrumbList","@id":"https:\/\/www.caudete.org\/ayuntamiento\/1a-jornadas-de-la-vida-y-de-la-muerte-una-vision-diferente\/#breadcrumb","itemListElement":[{"@type":"ListItem","position":1,"name":"Inicio","item":"https:\/\/www.caudete.org\/ayuntamiento\/"},{"@type":"ListItem","position":2,"name":"1\u00aa Jornadas. DE LA VIDA Y DE LA MUERTE. Una visi\u00f3n diferente."}]},{"@type":"WebSite","@id":"https:\/\/www.caudete.org\/ayuntamiento\/#website","url":"https:\/\/www.caudete.org\/ayuntamiento\/","name":"MI Ayuntamiento de Caudete","description":"P\u00e1gina Oficial del MI Ayuntamiento de Caudete","publisher":{"@id":"https:\/\/www.caudete.org\/ayuntamiento\/#organization"},"potentialAction":[{"@type":"SearchAction","target":{"@type":"EntryPoint","urlTemplate":"https:\/\/www.caudete.org\/ayuntamiento\/?s={search_term_string}"},"query-input":{"@type":"PropertyValueSpecification","valueRequired":true,"valueName":"search_term_string"}}],"inLanguage":"es"},{"@type":"Organization","@id":"https:\/\/www.caudete.org\/ayuntamiento\/#organization","name":"Ayuntamiento de Caudete","url":"https:\/\/www.caudete.org\/ayuntamiento\/","logo":{"@type":"ImageObject","inLanguage":"es","@id":"https:\/\/www.caudete.org\/ayuntamiento\/#\/schema\/logo\/image\/","url":"https:\/\/www.caudete.org\/ayuntamiento\/wp-content\/uploads\/2020\/11\/logo_ayuntamiento_caudete.jpg","contentUrl":"https:\/\/www.caudete.org\/ayuntamiento\/wp-content\/uploads\/2020\/11\/logo_ayuntamiento_caudete.jpg","width":600,"height":150,"caption":"Ayuntamiento de Caudete"},"image":{"@id":"https:\/\/www.caudete.org\/ayuntamiento\/#\/schema\/logo\/image\/"},"sameAs":["https:\/\/www.facebook.com\/ayuntamientocaudete\/","https:\/\/www.youtube.com\/channel\/UC6VztHaooNsGpw-tNoBEFnQ"]},{"@type":"Person","@id":"https:\/\/www.caudete.org\/ayuntamiento\/#\/schema\/person\/cc646da9133078ee4d8dd47457947253","name":"alcalde","image":{"@type":"ImageObject","inLanguage":"es","@id":"https:\/\/secure.gravatar.com\/avatar\/84a817ba065b29ff08d666b215a215f5c79186a645ccb25b14a663d48a130f77?s=96&d=mm&r=g","url":"https:\/\/secure.gravatar.com\/avatar\/84a817ba065b29ff08d666b215a215f5c79186a645ccb25b14a663d48a130f77?s=96&d=mm&r=g","contentUrl":"https:\/\/secure.gravatar.com\/avatar\/84a817ba065b29ff08d666b215a215f5c79186a645ccb25b14a663d48a130f77?s=96&d=mm&r=g","caption":"alcalde"},"url":"https:\/\/www.caudete.org\/ayuntamiento\/author\/alcalde\/"}]}},"_links":{"self":[{"href":"https:\/\/www.caudete.org\/ayuntamiento\/wp-json\/wp\/v2\/posts\/23601","targetHints":{"allow":["GET"]}}],"collection":[{"href":"https:\/\/www.caudete.org\/ayuntamiento\/wp-json\/wp\/v2\/posts"}],"about":[{"href":"https:\/\/www.caudete.org\/ayuntamiento\/wp-json\/wp\/v2\/types\/post"}],"author":[{"embeddable":true,"href":"https:\/\/www.caudete.org\/ayuntamiento\/wp-json\/wp\/v2\/users\/3"}],"replies":[{"embeddable":true,"href":"https:\/\/www.caudete.org\/ayuntamiento\/wp-json\/wp\/v2\/comments?post=23601"}],"version-history":[{"count":3,"href":"https:\/\/www.caudete.org\/ayuntamiento\/wp-json\/wp\/v2\/posts\/23601\/revisions"}],"predecessor-version":[{"id":23635,"href":"https:\/\/www.caudete.org\/ayuntamiento\/wp-json\/wp\/v2\/posts\/23601\/revisions\/23635"}],"wp:featuredmedia":[{"embeddable":true,"href":"https:\/\/www.caudete.org\/ayuntamiento\/wp-json\/wp\/v2\/media\/23612"}],"wp:attachment":[{"href":"https:\/\/www.caudete.org\/ayuntamiento\/wp-json\/wp\/v2\/media?parent=23601"}],"wp:term":[{"taxonomy":"category","embeddable":true,"href":"https:\/\/www.caudete.org\/ayuntamiento\/wp-json\/wp\/v2\/categories?post=23601"},{"taxonomy":"post_tag","embeddable":true,"href":"https:\/\/www.caudete.org\/ayuntamiento\/wp-json\/wp\/v2\/tags?post=23601"}],"curies":[{"name":"wp","href":"https:\/\/api.w.org\/{rel}","templated":true}]}}