{"id":23624,"date":"2023-10-27T14:21:27","date_gmt":"2023-10-27T12:21:27","guid":{"rendered":"https:\/\/www.caudete.org\/ayuntamiento\/?p=23624"},"modified":"2023-10-27T14:22:22","modified_gmt":"2023-10-27T12:22:22","slug":"el-caudetano-angel-torres-ayuso-se-proclama-subcampeon-de-espana-federado-sub16-por-equipos","status":"publish","type":"post","link":"https:\/\/www.caudete.org\/ayuntamiento\/el-caudetano-angel-torres-ayuso-se-proclama-subcampeon-de-espana-federado-sub16-por-equipos\/","title":{"rendered":"El caudetano \u00c1ngel Torres Ayuso se proclama subcampe\u00f3n de Espa\u00f1a federado sub16 por equipos"},"content":{"rendered":"<p>Seg\u00fan informa la Concejal de Deportes, Pilar Egea, el atleta de las Escuelas Deportivas Municipales de Atletismo de Caudete, \u00c1ngel Torres Ayuso, se alz\u00f3 con la medalla de plata en el <strong>Campeonato de Espa\u00f1a Federado<\/strong> en la categor\u00eda sub16 de pista por equipos celebrado en Valencia el pasado fin de semana.<br \/>\n\u00c1ngel que compiti\u00f3 en el citado campeonato bajo los colores del Club Atletismo Albacete, particip\u00f3 en la prueba de salto de longitud, obteniendo el quinto puesto con su mejor registro de 5,55 metros, consiguiendo de este modo unos valiosos puntos para su equipo.<br \/>\nEsta competici\u00f3n estuvo integrada por los ocho mejores clubes de Espa\u00f1a en base a las marcas obtenidas por sus atletas, debiendo cada equipo participar en la totalidad de disciplinas y pruebas que alberg\u00f3 el evento.<br \/>\nCon este resultado se ha conseguido un hito hist\u00f3rico, tanto para el Club Atletismo Albacete que se alza por primera vez con una medalla a nivel nacional en categor\u00edas de escolares, como del propio \u00c1ngel que se convierte en el primer deportista de las <strong>Escuelas Deportivas Municipales de Caudete<\/strong> en la modalidad de atletismo que consigue una medalla en un Campeonato de Espa\u00f1a.<\/p>\n<p><a href=\"https:\/\/www.caudete.org\/ayuntamiento\/wp-content\/uploads\/2023\/10\/Deportes-1.jpg\" rel='prettyPhoto'><img fetchpriority=\"high\" decoding=\"async\" class=\"aligncenter size-full wp-image-23626\" src=\"https:\/\/www.caudete.org\/ayuntamiento\/wp-content\/uploads\/2023\/10\/Deportes-1.jpg\" alt=\"\" width=\"922\" height=\"700\" srcset=\"https:\/\/www.caudete.org\/ayuntamiento\/wp-content\/uploads\/2023\/10\/Deportes-1.jpg 922w, https:\/\/www.caudete.org\/ayuntamiento\/wp-content\/uploads\/2023\/10\/Deportes-1-300x228.jpg 300w, https:\/\/www.caudete.org\/ayuntamiento\/wp-content\/uploads\/2023\/10\/Deportes-1-768x583.jpg 768w\" sizes=\"(max-width: 922px) 100vw, 922px\" \/><\/a><\/p>\n","protected":false},"excerpt":{"rendered":"<p>Seg\u00fan informa la Concejal de Deportes, Pilar Egea, el atleta de las Escuelas Deportivas Municipales de Atletismo de Caudete, \u00c1ngel Torres Ayuso, se alz\u00f3 con la medalla de plata en el Campeonato de Espa\u00f1a Federado en la categor\u00eda sub16 de pista por equipos celebrado en Valencia el pasado fin de semana. \u00c1ngel que compiti\u00f3 en &hellip;<\/p>\n","protected":false},"author":1,"featured_media":23629,"comment_status":"closed","ping_status":"open","sticky":false,"template":"","format":"standard","meta":{"ngg_post_thumbnail":0,"footnotes":""},"categories":[23],"tags":[],"class_list":["post-23624","post","type-post","status-publish","format-standard","has-post-thumbnail","hentry","category-deportes"],"yoast_head":"<!-- This site is optimized with the Yoast SEO plugin v27.5 - https:\/\/yoast.com\/product\/yoast-seo-wordpress\/ -->\n<title>El caudetano \u00c1ngel Torres Ayuso se proclama subcampe\u00f3n de Espa\u00f1a federado sub16 por equipos - MI Ayuntamiento de Caudete<\/title>\n<meta name=\"description\" content=\"P\u00e1gina Oficial del Ayuntamiento de Caudete (Albacete)\" \/>\n<meta name=\"robots\" content=\"index, follow, max-snippet:-1, max-image-preview:large, max-video-preview:-1\" \/>\n<link rel=\"canonical\" href=\"https:\/\/www.caudete.org\/ayuntamiento\/el-caudetano-angel-torres-ayuso-se-proclama-subcampeon-de-espana-federado-sub16-por-equipos\/\" \/>\n<meta property=\"og:locale\" content=\"es_ES\" \/>\n<meta property=\"og:type\" content=\"article\" \/>\n<meta property=\"og:title\" content=\"El caudetano \u00c1ngel Torres Ayuso se proclama subcampe\u00f3n de Espa\u00f1a federado sub16 por equipos - MI Ayuntamiento de Caudete\" \/>\n<meta property=\"og:description\" content=\"P\u00e1gina Oficial del Ayuntamiento de Caudete (Albacete)\" \/>\n<meta property=\"og:url\" content=\"https:\/\/www.caudete.org\/ayuntamiento\/el-caudetano-angel-torres-ayuso-se-proclama-subcampeon-de-espana-federado-sub16-por-equipos\/\" \/>\n<meta property=\"og:site_name\" content=\"MI Ayuntamiento de Caudete\" \/>\n<meta property=\"article:publisher\" content=\"https:\/\/www.facebook.com\/ayuntamientocaudete\/\" \/>\n<meta property=\"article:published_time\" content=\"2023-10-27T12:21:27+00:00\" \/>\n<meta property=\"article:modified_time\" content=\"2023-10-27T12:22:22+00:00\" \/>\n<meta property=\"og:image\" content=\"https:\/\/www.caudete.org\/ayuntamiento\/wp-content\/uploads\/2023\/10\/deportes-port-1.jpg\" \/>\n\t<meta property=\"og:image:width\" content=\"1079\" \/>\n\t<meta property=\"og:image:height\" content=\"381\" \/>\n\t<meta property=\"og:image:type\" content=\"image\/jpeg\" \/>\n<meta name=\"author\" content=\"ayun\" \/>\n<meta name=\"twitter:card\" content=\"summary_large_image\" \/>\n<meta name=\"twitter:label1\" content=\"Escrito por\" \/>\n\t<meta name=\"twitter:data1\" content=\"ayun\" \/>\n\t<meta name=\"twitter:label2\" content=\"Tiempo de lectura\" \/>\n\t<meta name=\"twitter:data2\" content=\"2 minutos\" \/>\n<script type=\"application\/ld+json\" class=\"yoast-schema-graph\">{\"@context\":\"https:\\\/\\\/schema.org\",\"@graph\":[{\"@type\":\"Article\",\"@id\":\"https:\\\/\\\/www.caudete.org\\\/ayuntamiento\\\/el-caudetano-angel-torres-ayuso-se-proclama-subcampeon-de-espana-federado-sub16-por-equipos\\\/#article\",\"isPartOf\":{\"@id\":\"https:\\\/\\\/www.caudete.org\\\/ayuntamiento\\\/el-caudetano-angel-torres-ayuso-se-proclama-subcampeon-de-espana-federado-sub16-por-equipos\\\/\"},\"author\":{\"name\":\"ayun\",\"@id\":\"https:\\\/\\\/www.caudete.org\\\/ayuntamiento\\\/#\\\/schema\\\/person\\\/79f7e19fdd176fc2bc7a289013dc2056\"},\"headline\":\"El caudetano \u00c1ngel Torres Ayuso se proclama subcampe\u00f3n de Espa\u00f1a federado sub16 por equipos\",\"datePublished\":\"2023-10-27T12:21:27+00:00\",\"dateModified\":\"2023-10-27T12:22:22+00:00\",\"mainEntityOfPage\":{\"@id\":\"https:\\\/\\\/www.caudete.org\\\/ayuntamiento\\\/el-caudetano-angel-torres-ayuso-se-proclama-subcampeon-de-espana-federado-sub16-por-equipos\\\/\"},\"wordCount\":215,\"image\":{\"@id\":\"https:\\\/\\\/www.caudete.org\\\/ayuntamiento\\\/el-caudetano-angel-torres-ayuso-se-proclama-subcampeon-de-espana-federado-sub16-por-equipos\\\/#primaryimage\"},\"thumbnailUrl\":\"https:\\\/\\\/www.caudete.org\\\/ayuntamiento\\\/wp-content\\\/uploads\\\/2023\\\/10\\\/deportes-port-1.jpg\",\"articleSection\":[\"Deportes\"],\"inLanguage\":\"es\"},{\"@type\":\"WebPage\",\"@id\":\"https:\\\/\\\/www.caudete.org\\\/ayuntamiento\\\/el-caudetano-angel-torres-ayuso-se-proclama-subcampeon-de-espana-federado-sub16-por-equipos\\\/\",\"url\":\"https:\\\/\\\/www.caudete.org\\\/ayuntamiento\\\/el-caudetano-angel-torres-ayuso-se-proclama-subcampeon-de-espana-federado-sub16-por-equipos\\\/\",\"name\":\"El caudetano \u00c1ngel Torres Ayuso se proclama subcampe\u00f3n de Espa\u00f1a federado sub16 por equipos - MI Ayuntamiento de Caudete\",\"isPartOf\":{\"@id\":\"https:\\\/\\\/www.caudete.org\\\/ayuntamiento\\\/#website\"},\"primaryImageOfPage\":{\"@id\":\"https:\\\/\\\/www.caudete.org\\\/ayuntamiento\\\/el-caudetano-angel-torres-ayuso-se-proclama-subcampeon-de-espana-federado-sub16-por-equipos\\\/#primaryimage\"},\"image\":{\"@id\":\"https:\\\/\\\/www.caudete.org\\\/ayuntamiento\\\/el-caudetano-angel-torres-ayuso-se-proclama-subcampeon-de-espana-federado-sub16-por-equipos\\\/#primaryimage\"},\"thumbnailUrl\":\"https:\\\/\\\/www.caudete.org\\\/ayuntamiento\\\/wp-content\\\/uploads\\\/2023\\\/10\\\/deportes-port-1.jpg\",\"datePublished\":\"2023-10-27T12:21:27+00:00\",\"dateModified\":\"2023-10-27T12:22:22+00:00\",\"author\":{\"@id\":\"https:\\\/\\\/www.caudete.org\\\/ayuntamiento\\\/#\\\/schema\\\/person\\\/79f7e19fdd176fc2bc7a289013dc2056\"},\"description\":\"P\u00e1gina Oficial del Ayuntamiento de Caudete (Albacete)\",\"breadcrumb\":{\"@id\":\"https:\\\/\\\/www.caudete.org\\\/ayuntamiento\\\/el-caudetano-angel-torres-ayuso-se-proclama-subcampeon-de-espana-federado-sub16-por-equipos\\\/#breadcrumb\"},\"inLanguage\":\"es\",\"potentialAction\":[{\"@type\":\"ReadAction\",\"target\":[\"https:\\\/\\\/www.caudete.org\\\/ayuntamiento\\\/el-caudetano-angel-torres-ayuso-se-proclama-subcampeon-de-espana-federado-sub16-por-equipos\\\/\"]}]},{\"@type\":\"ImageObject\",\"inLanguage\":\"es\",\"@id\":\"https:\\\/\\\/www.caudete.org\\\/ayuntamiento\\\/el-caudetano-angel-torres-ayuso-se-proclama-subcampeon-de-espana-federado-sub16-por-equipos\\\/#primaryimage\",\"url\":\"https:\\\/\\\/www.caudete.org\\\/ayuntamiento\\\/wp-content\\\/uploads\\\/2023\\\/10\\\/deportes-port-1.jpg\",\"contentUrl\":\"https:\\\/\\\/www.caudete.org\\\/ayuntamiento\\\/wp-content\\\/uploads\\\/2023\\\/10\\\/deportes-port-1.jpg\",\"width\":1079,\"height\":381},{\"@type\":\"BreadcrumbList\",\"@id\":\"https:\\\/\\\/www.caudete.org\\\/ayuntamiento\\\/el-caudetano-angel-torres-ayuso-se-proclama-subcampeon-de-espana-federado-sub16-por-equipos\\\/#breadcrumb\",\"itemListElement\":[{\"@type\":\"ListItem\",\"position\":1,\"name\":\"Inicio\",\"item\":\"https:\\\/\\\/www.caudete.org\\\/ayuntamiento\\\/\"},{\"@type\":\"ListItem\",\"position\":2,\"name\":\"El caudetano \u00c1ngel Torres Ayuso se proclama subcampe\u00f3n de Espa\u00f1a federado sub16 por equipos\"}]},{\"@type\":\"WebSite\",\"@id\":\"https:\\\/\\\/www.caudete.org\\\/ayuntamiento\\\/#website\",\"url\":\"https:\\\/\\\/www.caudete.org\\\/ayuntamiento\\\/\",\"name\":\"MI Ayuntamiento de Caudete\",\"description\":\"P\u00e1gina Oficial del MI Ayuntamiento de Caudete\",\"potentialAction\":[{\"@type\":\"SearchAction\",\"target\":{\"@type\":\"EntryPoint\",\"urlTemplate\":\"https:\\\/\\\/www.caudete.org\\\/ayuntamiento\\\/?s={search_term_string}\"},\"query-input\":{\"@type\":\"PropertyValueSpecification\",\"valueRequired\":true,\"valueName\":\"search_term_string\"}}],\"inLanguage\":\"es\"},{\"@type\":\"Person\",\"@id\":\"https:\\\/\\\/www.caudete.org\\\/ayuntamiento\\\/#\\\/schema\\\/person\\\/79f7e19fdd176fc2bc7a289013dc2056\",\"name\":\"ayun\",\"image\":{\"@type\":\"ImageObject\",\"inLanguage\":\"es\",\"@id\":\"https:\\\/\\\/secure.gravatar.com\\\/avatar\\\/4ce797ee07c943e7e592f8cd648e503e6cd571387558ed07135799c2bd2847df?s=96&d=mm&r=g\",\"url\":\"https:\\\/\\\/secure.gravatar.com\\\/avatar\\\/4ce797ee07c943e7e592f8cd648e503e6cd571387558ed07135799c2bd2847df?s=96&d=mm&r=g\",\"contentUrl\":\"https:\\\/\\\/secure.gravatar.com\\\/avatar\\\/4ce797ee07c943e7e592f8cd648e503e6cd571387558ed07135799c2bd2847df?s=96&d=mm&r=g\",\"caption\":\"ayun\"},\"sameAs\":[\"http:\\\/\\\/www.caudete.org\\\/ayuntamiento\"],\"url\":\"https:\\\/\\\/www.caudete.org\\\/ayuntamiento\\\/author\\\/ayun\\\/\"}]}<\/script>\n<!-- \/ Yoast SEO plugin. -->","yoast_head_json":{"title":"El caudetano \u00c1ngel Torres Ayuso se proclama subcampe\u00f3n de Espa\u00f1a federado sub16 por equipos - MI Ayuntamiento de Caudete","description":"P\u00e1gina Oficial del Ayuntamiento de Caudete (Albacete)","robots":{"index":"index","follow":"follow","max-snippet":"max-snippet:-1","max-image-preview":"max-image-preview:large","max-video-preview":"max-video-preview:-1"},"canonical":"https:\/\/www.caudete.org\/ayuntamiento\/el-caudetano-angel-torres-ayuso-se-proclama-subcampeon-de-espana-federado-sub16-por-equipos\/","og_locale":"es_ES","og_type":"article","og_title":"El caudetano \u00c1ngel Torres Ayuso se proclama subcampe\u00f3n de Espa\u00f1a federado sub16 por equipos - MI Ayuntamiento de Caudete","og_description":"P\u00e1gina Oficial del Ayuntamiento de Caudete (Albacete)","og_url":"https:\/\/www.caudete.org\/ayuntamiento\/el-caudetano-angel-torres-ayuso-se-proclama-subcampeon-de-espana-federado-sub16-por-equipos\/","og_site_name":"MI Ayuntamiento de Caudete","article_publisher":"https:\/\/www.facebook.com\/ayuntamientocaudete\/","article_published_time":"2023-10-27T12:21:27+00:00","article_modified_time":"2023-10-27T12:22:22+00:00","og_image":[{"width":1079,"height":381,"url":"https:\/\/www.caudete.org\/ayuntamiento\/wp-content\/uploads\/2023\/10\/deportes-port-1.jpg","type":"image\/jpeg"}],"author":"ayun","twitter_card":"summary_large_image","twitter_misc":{"Escrito por":"ayun","Tiempo de lectura":"2 minutos"},"schema":{"@context":"https:\/\/schema.org","@graph":[{"@type":"Article","@id":"https:\/\/www.caudete.org\/ayuntamiento\/el-caudetano-angel-torres-ayuso-se-proclama-subcampeon-de-espana-federado-sub16-por-equipos\/#article","isPartOf":{"@id":"https:\/\/www.caudete.org\/ayuntamiento\/el-caudetano-angel-torres-ayuso-se-proclama-subcampeon-de-espana-federado-sub16-por-equipos\/"},"author":{"name":"ayun","@id":"https:\/\/www.caudete.org\/ayuntamiento\/#\/schema\/person\/79f7e19fdd176fc2bc7a289013dc2056"},"headline":"El caudetano \u00c1ngel Torres Ayuso se proclama subcampe\u00f3n de Espa\u00f1a federado sub16 por equipos","datePublished":"2023-10-27T12:21:27+00:00","dateModified":"2023-10-27T12:22:22+00:00","mainEntityOfPage":{"@id":"https:\/\/www.caudete.org\/ayuntamiento\/el-caudetano-angel-torres-ayuso-se-proclama-subcampeon-de-espana-federado-sub16-por-equipos\/"},"wordCount":215,"image":{"@id":"https:\/\/www.caudete.org\/ayuntamiento\/el-caudetano-angel-torres-ayuso-se-proclama-subcampeon-de-espana-federado-sub16-por-equipos\/#primaryimage"},"thumbnailUrl":"https:\/\/www.caudete.org\/ayuntamiento\/wp-content\/uploads\/2023\/10\/deportes-port-1.jpg","articleSection":["Deportes"],"inLanguage":"es"},{"@type":"WebPage","@id":"https:\/\/www.caudete.org\/ayuntamiento\/el-caudetano-angel-torres-ayuso-se-proclama-subcampeon-de-espana-federado-sub16-por-equipos\/","url":"https:\/\/www.caudete.org\/ayuntamiento\/el-caudetano-angel-torres-ayuso-se-proclama-subcampeon-de-espana-federado-sub16-por-equipos\/","name":"El caudetano \u00c1ngel Torres Ayuso se proclama subcampe\u00f3n de Espa\u00f1a federado sub16 por equipos - MI Ayuntamiento de Caudete","isPartOf":{"@id":"https:\/\/www.caudete.org\/ayuntamiento\/#website"},"primaryImageOfPage":{"@id":"https:\/\/www.caudete.org\/ayuntamiento\/el-caudetano-angel-torres-ayuso-se-proclama-subcampeon-de-espana-federado-sub16-por-equipos\/#primaryimage"},"image":{"@id":"https:\/\/www.caudete.org\/ayuntamiento\/el-caudetano-angel-torres-ayuso-se-proclama-subcampeon-de-espana-federado-sub16-por-equipos\/#primaryimage"},"thumbnailUrl":"https:\/\/www.caudete.org\/ayuntamiento\/wp-content\/uploads\/2023\/10\/deportes-port-1.jpg","datePublished":"2023-10-27T12:21:27+00:00","dateModified":"2023-10-27T12:22:22+00:00","author":{"@id":"https:\/\/www.caudete.org\/ayuntamiento\/#\/schema\/person\/79f7e19fdd176fc2bc7a289013dc2056"},"description":"P\u00e1gina Oficial del Ayuntamiento de Caudete (Albacete)","breadcrumb":{"@id":"https:\/\/www.caudete.org\/ayuntamiento\/el-caudetano-angel-torres-ayuso-se-proclama-subcampeon-de-espana-federado-sub16-por-equipos\/#breadcrumb"},"inLanguage":"es","potentialAction":[{"@type":"ReadAction","target":["https:\/\/www.caudete.org\/ayuntamiento\/el-caudetano-angel-torres-ayuso-se-proclama-subcampeon-de-espana-federado-sub16-por-equipos\/"]}]},{"@type":"ImageObject","inLanguage":"es","@id":"https:\/\/www.caudete.org\/ayuntamiento\/el-caudetano-angel-torres-ayuso-se-proclama-subcampeon-de-espana-federado-sub16-por-equipos\/#primaryimage","url":"https:\/\/www.caudete.org\/ayuntamiento\/wp-content\/uploads\/2023\/10\/deportes-port-1.jpg","contentUrl":"https:\/\/www.caudete.org\/ayuntamiento\/wp-content\/uploads\/2023\/10\/deportes-port-1.jpg","width":1079,"height":381},{"@type":"BreadcrumbList","@id":"https:\/\/www.caudete.org\/ayuntamiento\/el-caudetano-angel-torres-ayuso-se-proclama-subcampeon-de-espana-federado-sub16-por-equipos\/#breadcrumb","itemListElement":[{"@type":"ListItem","position":1,"name":"Inicio","item":"https:\/\/www.caudete.org\/ayuntamiento\/"},{"@type":"ListItem","position":2,"name":"El caudetano \u00c1ngel Torres Ayuso se proclama subcampe\u00f3n de Espa\u00f1a federado sub16 por equipos"}]},{"@type":"WebSite","@id":"https:\/\/www.caudete.org\/ayuntamiento\/#website","url":"https:\/\/www.caudete.org\/ayuntamiento\/","name":"MI Ayuntamiento de Caudete","description":"P\u00e1gina Oficial del MI Ayuntamiento de Caudete","potentialAction":[{"@type":"SearchAction","target":{"@type":"EntryPoint","urlTemplate":"https:\/\/www.caudete.org\/ayuntamiento\/?s={search_term_string}"},"query-input":{"@type":"PropertyValueSpecification","valueRequired":true,"valueName":"search_term_string"}}],"inLanguage":"es"},{"@type":"Person","@id":"https:\/\/www.caudete.org\/ayuntamiento\/#\/schema\/person\/79f7e19fdd176fc2bc7a289013dc2056","name":"ayun","image":{"@type":"ImageObject","inLanguage":"es","@id":"https:\/\/secure.gravatar.com\/avatar\/4ce797ee07c943e7e592f8cd648e503e6cd571387558ed07135799c2bd2847df?s=96&d=mm&r=g","url":"https:\/\/secure.gravatar.com\/avatar\/4ce797ee07c943e7e592f8cd648e503e6cd571387558ed07135799c2bd2847df?s=96&d=mm&r=g","contentUrl":"https:\/\/secure.gravatar.com\/avatar\/4ce797ee07c943e7e592f8cd648e503e6cd571387558ed07135799c2bd2847df?s=96&d=mm&r=g","caption":"ayun"},"sameAs":["http:\/\/www.caudete.org\/ayuntamiento"],"url":"https:\/\/www.caudete.org\/ayuntamiento\/author\/ayun\/"}]}},"_links":{"self":[{"href":"https:\/\/www.caudete.org\/ayuntamiento\/wp-json\/wp\/v2\/posts\/23624","targetHints":{"allow":["GET"]}}],"collection":[{"href":"https:\/\/www.caudete.org\/ayuntamiento\/wp-json\/wp\/v2\/posts"}],"about":[{"href":"https:\/\/www.caudete.org\/ayuntamiento\/wp-json\/wp\/v2\/types\/post"}],"author":[{"embeddable":true,"href":"https:\/\/www.caudete.org\/ayuntamiento\/wp-json\/wp\/v2\/users\/1"}],"replies":[{"embeddable":true,"href":"https:\/\/www.caudete.org\/ayuntamiento\/wp-json\/wp\/v2\/comments?post=23624"}],"version-history":[{"count":1,"href":"https:\/\/www.caudete.org\/ayuntamiento\/wp-json\/wp\/v2\/posts\/23624\/revisions"}],"predecessor-version":[{"id":23628,"href":"https:\/\/www.caudete.org\/ayuntamiento\/wp-json\/wp\/v2\/posts\/23624\/revisions\/23628"}],"wp:featuredmedia":[{"embeddable":true,"href":"https:\/\/www.caudete.org\/ayuntamiento\/wp-json\/wp\/v2\/media\/23629"}],"wp:attachment":[{"href":"https:\/\/www.caudete.org\/ayuntamiento\/wp-json\/wp\/v2\/media?parent=23624"}],"wp:term":[{"taxonomy":"category","embeddable":true,"href":"https:\/\/www.caudete.org\/ayuntamiento\/wp-json\/wp\/v2\/categories?post=23624"},{"taxonomy":"post_tag","embeddable":true,"href":"https:\/\/www.caudete.org\/ayuntamiento\/wp-json\/wp\/v2\/tags?post=23624"}],"curies":[{"name":"wp","href":"https:\/\/api.w.org\/{rel}","templated":true}]}}