{"id":23663,"date":"2023-11-02T15:27:03","date_gmt":"2023-11-02T14:27:03","guid":{"rendered":"https:\/\/www.caudete.org\/ayuntamiento\/?p=23663"},"modified":"2023-11-02T15:37:07","modified_gmt":"2023-11-02T14:37:07","slug":"activado-en-fase-de-alerta-el-plan-municipal-de-emergencias-por-fuertes-vientos","status":"publish","type":"post","link":"https:\/\/www.caudete.org\/ayuntamiento\/activado-en-fase-de-alerta-el-plan-municipal-de-emergencias-por-fuertes-vientos\/","title":{"rendered":"Activado en Fase de ALERTA el Plan Municipal de Emergencias por fuertes vientos"},"content":{"rendered":"<p style=\"text-align: justify;\">D. Mois\u00e9s L\u00f3pez Mart\u00ednez, Alcalde-Presidente del Muy Ilustre Ayuntamiento de Caudete (Albacete), como Director del Plan de Emergencias Municipal.<\/p>\n<p style=\"text-align: center;\"><span style=\"text-decoration: underline;\"><strong>DECLARO<\/strong><\/span><\/p>\n<p style=\"text-align: center;\"><strong>Activado el Plan de Emergencias Municipal en fase de Alerta<\/strong><\/p>\n<p style=\"text-align: justify;\">Como consecuencia de la activaci\u00f3n por parte de la AEMET de Nivel Naranja por vientos de hasta 100 km\/h desde las 06:00h del d\u00eda 02\/11\/2023.<\/p>\n<p style=\"text-align: justify;\">En base a dicha situaci\u00f3n, se adoptan las siguientes medidas preventivas:<\/p>\n<p style=\"text-align: justify;\">&#8211; Informar a la ciudadan\u00eda de las condiciones meteorol\u00f3gicas desfavorables comunicadas por la AEMET.<\/p>\n<p style=\"text-align: justify;\">&#8211; Solicitar a la ciudadan\u00eda <strong>no transitar por zonas arboladas.<\/strong><\/p>\n<p style=\"text-align: justify;\">&#8211; Solicitar <strong>a la ciudadan\u00eda el plegado de toldos, recogida de mobiliario y elementos en terrazas y balcones.<\/strong><\/p>\n<p style=\"text-align: justify;\">&#8211; Solicitar <strong>a los hosteleros el cierre de las terrazas, plegado de toldos<\/strong>, recogida de mobiliario y elementos sueltos.<\/p>\n<p style=\"text-align: justify;\">&#8211; Decretar el <strong>cierre parcial de parques con arbolado<\/strong>, permitiendo \u00fanicamente el acceso a viviendas.<\/p>\n","protected":false},"excerpt":{"rendered":"<p>D. Mois\u00e9s L\u00f3pez Mart\u00ednez, Alcalde-Presidente del Muy Ilustre Ayuntamiento de Caudete (Albacete), como Director del Plan de Emergencias Municipal. DECLARO Activado el Plan de Emergencias Municipal en fase de Alerta Como consecuencia de la activaci\u00f3n por parte de la AEMET de Nivel Naranja por vientos de hasta 100 km\/h desde las 06:00h del d\u00eda 02\/11\/2023. &hellip;<\/p>\n","protected":false},"author":3,"featured_media":23665,"comment_status":"closed","ping_status":"open","sticky":false,"template":"","format":"standard","meta":{"ngg_post_thumbnail":0,"footnotes":""},"categories":[41],"tags":[],"class_list":["post-23663","post","type-post","status-publish","format-standard","has-post-thumbnail","hentry","category-emergencias"],"yoast_head":"<!-- This site is optimized with the Yoast SEO plugin v27.5 - https:\/\/yoast.com\/product\/yoast-seo-wordpress\/ -->\n<title>Activado en Fase de ALERTA el Plan Municipal de Emergencias por fuertes vientos - MI Ayuntamiento de Caudete<\/title>\n<meta name=\"description\" content=\"P\u00e1gina Oficial del Ayuntamiento de Caudete (Albacete)\" \/>\n<meta name=\"robots\" content=\"index, follow, max-snippet:-1, max-image-preview:large, max-video-preview:-1\" \/>\n<link rel=\"canonical\" href=\"https:\/\/www.caudete.org\/ayuntamiento\/activado-en-fase-de-alerta-el-plan-municipal-de-emergencias-por-fuertes-vientos\/\" \/>\n<meta property=\"og:locale\" content=\"es_ES\" \/>\n<meta property=\"og:type\" content=\"article\" \/>\n<meta property=\"og:title\" content=\"Activado en Fase de ALERTA el Plan Municipal de Emergencias por fuertes vientos - MI Ayuntamiento de Caudete\" \/>\n<meta property=\"og:description\" content=\"P\u00e1gina Oficial del Ayuntamiento de Caudete (Albacete)\" \/>\n<meta property=\"og:url\" content=\"https:\/\/www.caudete.org\/ayuntamiento\/activado-en-fase-de-alerta-el-plan-municipal-de-emergencias-por-fuertes-vientos\/\" \/>\n<meta property=\"og:site_name\" content=\"MI Ayuntamiento de Caudete\" \/>\n<meta property=\"article:publisher\" content=\"https:\/\/www.facebook.com\/ayuntamientocaudete\/\" \/>\n<meta property=\"article:published_time\" content=\"2023-11-02T14:27:03+00:00\" \/>\n<meta property=\"article:modified_time\" content=\"2023-11-02T14:37:07+00:00\" \/>\n<meta property=\"og:image\" content=\"https:\/\/www.caudete.org\/ayuntamiento\/wp-content\/uploads\/2023\/11\/emergencias_2020_caudete_digital.jpg\" \/>\n\t<meta property=\"og:image:width\" content=\"640\" \/>\n\t<meta property=\"og:image:height\" content=\"300\" \/>\n\t<meta property=\"og:image:type\" content=\"image\/jpeg\" \/>\n<meta name=\"author\" content=\"alcalde\" \/>\n<meta name=\"twitter:card\" content=\"summary_large_image\" \/>\n<meta name=\"twitter:label1\" content=\"Escrito por\" \/>\n\t<meta name=\"twitter:data1\" content=\"alcalde\" \/>\n\t<meta name=\"twitter:label2\" content=\"Tiempo de lectura\" \/>\n\t<meta name=\"twitter:data2\" content=\"1 minuto\" \/>\n<script type=\"application\/ld+json\" class=\"yoast-schema-graph\">{\"@context\":\"https:\\\/\\\/schema.org\",\"@graph\":[{\"@type\":\"Article\",\"@id\":\"https:\\\/\\\/www.caudete.org\\\/ayuntamiento\\\/activado-en-fase-de-alerta-el-plan-municipal-de-emergencias-por-fuertes-vientos\\\/#article\",\"isPartOf\":{\"@id\":\"https:\\\/\\\/www.caudete.org\\\/ayuntamiento\\\/activado-en-fase-de-alerta-el-plan-municipal-de-emergencias-por-fuertes-vientos\\\/\"},\"author\":{\"name\":\"alcalde\",\"@id\":\"https:\\\/\\\/www.caudete.org\\\/ayuntamiento\\\/#\\\/schema\\\/person\\\/cc646da9133078ee4d8dd47457947253\"},\"headline\":\"Activado en Fase de ALERTA el Plan Municipal de Emergencias por fuertes vientos\",\"datePublished\":\"2023-11-02T14:27:03+00:00\",\"dateModified\":\"2023-11-02T14:37:07+00:00\",\"mainEntityOfPage\":{\"@id\":\"https:\\\/\\\/www.caudete.org\\\/ayuntamiento\\\/activado-en-fase-de-alerta-el-plan-municipal-de-emergencias-por-fuertes-vientos\\\/\"},\"wordCount\":164,\"publisher\":{\"@id\":\"https:\\\/\\\/www.caudete.org\\\/ayuntamiento\\\/#organization\"},\"image\":{\"@id\":\"https:\\\/\\\/www.caudete.org\\\/ayuntamiento\\\/activado-en-fase-de-alerta-el-plan-municipal-de-emergencias-por-fuertes-vientos\\\/#primaryimage\"},\"thumbnailUrl\":\"https:\\\/\\\/www.caudete.org\\\/ayuntamiento\\\/wp-content\\\/uploads\\\/2023\\\/11\\\/emergencias_2020_caudete_digital.jpg\",\"articleSection\":[\"Emergencias\"],\"inLanguage\":\"es\"},{\"@type\":\"WebPage\",\"@id\":\"https:\\\/\\\/www.caudete.org\\\/ayuntamiento\\\/activado-en-fase-de-alerta-el-plan-municipal-de-emergencias-por-fuertes-vientos\\\/\",\"url\":\"https:\\\/\\\/www.caudete.org\\\/ayuntamiento\\\/activado-en-fase-de-alerta-el-plan-municipal-de-emergencias-por-fuertes-vientos\\\/\",\"name\":\"Activado en Fase de ALERTA el Plan Municipal de Emergencias por fuertes vientos - MI Ayuntamiento de Caudete\",\"isPartOf\":{\"@id\":\"https:\\\/\\\/www.caudete.org\\\/ayuntamiento\\\/#website\"},\"primaryImageOfPage\":{\"@id\":\"https:\\\/\\\/www.caudete.org\\\/ayuntamiento\\\/activado-en-fase-de-alerta-el-plan-municipal-de-emergencias-por-fuertes-vientos\\\/#primaryimage\"},\"image\":{\"@id\":\"https:\\\/\\\/www.caudete.org\\\/ayuntamiento\\\/activado-en-fase-de-alerta-el-plan-municipal-de-emergencias-por-fuertes-vientos\\\/#primaryimage\"},\"thumbnailUrl\":\"https:\\\/\\\/www.caudete.org\\\/ayuntamiento\\\/wp-content\\\/uploads\\\/2023\\\/11\\\/emergencias_2020_caudete_digital.jpg\",\"datePublished\":\"2023-11-02T14:27:03+00:00\",\"dateModified\":\"2023-11-02T14:37:07+00:00\",\"description\":\"P\u00e1gina Oficial del Ayuntamiento de Caudete (Albacete)\",\"breadcrumb\":{\"@id\":\"https:\\\/\\\/www.caudete.org\\\/ayuntamiento\\\/activado-en-fase-de-alerta-el-plan-municipal-de-emergencias-por-fuertes-vientos\\\/#breadcrumb\"},\"inLanguage\":\"es\",\"potentialAction\":[{\"@type\":\"ReadAction\",\"target\":[\"https:\\\/\\\/www.caudete.org\\\/ayuntamiento\\\/activado-en-fase-de-alerta-el-plan-municipal-de-emergencias-por-fuertes-vientos\\\/\"]}]},{\"@type\":\"ImageObject\",\"inLanguage\":\"es\",\"@id\":\"https:\\\/\\\/www.caudete.org\\\/ayuntamiento\\\/activado-en-fase-de-alerta-el-plan-municipal-de-emergencias-por-fuertes-vientos\\\/#primaryimage\",\"url\":\"https:\\\/\\\/www.caudete.org\\\/ayuntamiento\\\/wp-content\\\/uploads\\\/2023\\\/11\\\/emergencias_2020_caudete_digital.jpg\",\"contentUrl\":\"https:\\\/\\\/www.caudete.org\\\/ayuntamiento\\\/wp-content\\\/uploads\\\/2023\\\/11\\\/emergencias_2020_caudete_digital.jpg\",\"width\":640,\"height\":300},{\"@type\":\"BreadcrumbList\",\"@id\":\"https:\\\/\\\/www.caudete.org\\\/ayuntamiento\\\/activado-en-fase-de-alerta-el-plan-municipal-de-emergencias-por-fuertes-vientos\\\/#breadcrumb\",\"itemListElement\":[{\"@type\":\"ListItem\",\"position\":1,\"name\":\"Inicio\",\"item\":\"https:\\\/\\\/www.caudete.org\\\/ayuntamiento\\\/\"},{\"@type\":\"ListItem\",\"position\":2,\"name\":\"Activado en Fase de ALERTA el Plan Municipal de Emergencias por fuertes vientos\"}]},{\"@type\":\"WebSite\",\"@id\":\"https:\\\/\\\/www.caudete.org\\\/ayuntamiento\\\/#website\",\"url\":\"https:\\\/\\\/www.caudete.org\\\/ayuntamiento\\\/\",\"name\":\"MI Ayuntamiento de Caudete\",\"description\":\"P\u00e1gina Oficial del MI Ayuntamiento de Caudete\",\"publisher\":{\"@id\":\"https:\\\/\\\/www.caudete.org\\\/ayuntamiento\\\/#organization\"},\"potentialAction\":[{\"@type\":\"SearchAction\",\"target\":{\"@type\":\"EntryPoint\",\"urlTemplate\":\"https:\\\/\\\/www.caudete.org\\\/ayuntamiento\\\/?s={search_term_string}\"},\"query-input\":{\"@type\":\"PropertyValueSpecification\",\"valueRequired\":true,\"valueName\":\"search_term_string\"}}],\"inLanguage\":\"es\"},{\"@type\":\"Organization\",\"@id\":\"https:\\\/\\\/www.caudete.org\\\/ayuntamiento\\\/#organization\",\"name\":\"Ayuntamiento de Caudete\",\"url\":\"https:\\\/\\\/www.caudete.org\\\/ayuntamiento\\\/\",\"logo\":{\"@type\":\"ImageObject\",\"inLanguage\":\"es\",\"@id\":\"https:\\\/\\\/www.caudete.org\\\/ayuntamiento\\\/#\\\/schema\\\/logo\\\/image\\\/\",\"url\":\"https:\\\/\\\/www.caudete.org\\\/ayuntamiento\\\/wp-content\\\/uploads\\\/2020\\\/11\\\/logo_ayuntamiento_caudete.jpg\",\"contentUrl\":\"https:\\\/\\\/www.caudete.org\\\/ayuntamiento\\\/wp-content\\\/uploads\\\/2020\\\/11\\\/logo_ayuntamiento_caudete.jpg\",\"width\":600,\"height\":150,\"caption\":\"Ayuntamiento de Caudete\"},\"image\":{\"@id\":\"https:\\\/\\\/www.caudete.org\\\/ayuntamiento\\\/#\\\/schema\\\/logo\\\/image\\\/\"},\"sameAs\":[\"https:\\\/\\\/www.facebook.com\\\/ayuntamientocaudete\\\/\",\"https:\\\/\\\/www.youtube.com\\\/channel\\\/UC6VztHaooNsGpw-tNoBEFnQ\"]},{\"@type\":\"Person\",\"@id\":\"https:\\\/\\\/www.caudete.org\\\/ayuntamiento\\\/#\\\/schema\\\/person\\\/cc646da9133078ee4d8dd47457947253\",\"name\":\"alcalde\",\"image\":{\"@type\":\"ImageObject\",\"inLanguage\":\"es\",\"@id\":\"https:\\\/\\\/secure.gravatar.com\\\/avatar\\\/84a817ba065b29ff08d666b215a215f5c79186a645ccb25b14a663d48a130f77?s=96&d=mm&r=g\",\"url\":\"https:\\\/\\\/secure.gravatar.com\\\/avatar\\\/84a817ba065b29ff08d666b215a215f5c79186a645ccb25b14a663d48a130f77?s=96&d=mm&r=g\",\"contentUrl\":\"https:\\\/\\\/secure.gravatar.com\\\/avatar\\\/84a817ba065b29ff08d666b215a215f5c79186a645ccb25b14a663d48a130f77?s=96&d=mm&r=g\",\"caption\":\"alcalde\"},\"url\":\"https:\\\/\\\/www.caudete.org\\\/ayuntamiento\\\/author\\\/alcalde\\\/\"}]}<\/script>\n<!-- \/ Yoast SEO plugin. -->","yoast_head_json":{"title":"Activado en Fase de ALERTA el Plan Municipal de Emergencias por fuertes vientos - MI Ayuntamiento de Caudete","description":"P\u00e1gina Oficial del Ayuntamiento de Caudete (Albacete)","robots":{"index":"index","follow":"follow","max-snippet":"max-snippet:-1","max-image-preview":"max-image-preview:large","max-video-preview":"max-video-preview:-1"},"canonical":"https:\/\/www.caudete.org\/ayuntamiento\/activado-en-fase-de-alerta-el-plan-municipal-de-emergencias-por-fuertes-vientos\/","og_locale":"es_ES","og_type":"article","og_title":"Activado en Fase de ALERTA el Plan Municipal de Emergencias por fuertes vientos - MI Ayuntamiento de Caudete","og_description":"P\u00e1gina Oficial del Ayuntamiento de Caudete (Albacete)","og_url":"https:\/\/www.caudete.org\/ayuntamiento\/activado-en-fase-de-alerta-el-plan-municipal-de-emergencias-por-fuertes-vientos\/","og_site_name":"MI Ayuntamiento de Caudete","article_publisher":"https:\/\/www.facebook.com\/ayuntamientocaudete\/","article_published_time":"2023-11-02T14:27:03+00:00","article_modified_time":"2023-11-02T14:37:07+00:00","og_image":[{"width":640,"height":300,"url":"https:\/\/www.caudete.org\/ayuntamiento\/wp-content\/uploads\/2023\/11\/emergencias_2020_caudete_digital.jpg","type":"image\/jpeg"}],"author":"alcalde","twitter_card":"summary_large_image","twitter_misc":{"Escrito por":"alcalde","Tiempo de lectura":"1 minuto"},"schema":{"@context":"https:\/\/schema.org","@graph":[{"@type":"Article","@id":"https:\/\/www.caudete.org\/ayuntamiento\/activado-en-fase-de-alerta-el-plan-municipal-de-emergencias-por-fuertes-vientos\/#article","isPartOf":{"@id":"https:\/\/www.caudete.org\/ayuntamiento\/activado-en-fase-de-alerta-el-plan-municipal-de-emergencias-por-fuertes-vientos\/"},"author":{"name":"alcalde","@id":"https:\/\/www.caudete.org\/ayuntamiento\/#\/schema\/person\/cc646da9133078ee4d8dd47457947253"},"headline":"Activado en Fase de ALERTA el Plan Municipal de Emergencias por fuertes vientos","datePublished":"2023-11-02T14:27:03+00:00","dateModified":"2023-11-02T14:37:07+00:00","mainEntityOfPage":{"@id":"https:\/\/www.caudete.org\/ayuntamiento\/activado-en-fase-de-alerta-el-plan-municipal-de-emergencias-por-fuertes-vientos\/"},"wordCount":164,"publisher":{"@id":"https:\/\/www.caudete.org\/ayuntamiento\/#organization"},"image":{"@id":"https:\/\/www.caudete.org\/ayuntamiento\/activado-en-fase-de-alerta-el-plan-municipal-de-emergencias-por-fuertes-vientos\/#primaryimage"},"thumbnailUrl":"https:\/\/www.caudete.org\/ayuntamiento\/wp-content\/uploads\/2023\/11\/emergencias_2020_caudete_digital.jpg","articleSection":["Emergencias"],"inLanguage":"es"},{"@type":"WebPage","@id":"https:\/\/www.caudete.org\/ayuntamiento\/activado-en-fase-de-alerta-el-plan-municipal-de-emergencias-por-fuertes-vientos\/","url":"https:\/\/www.caudete.org\/ayuntamiento\/activado-en-fase-de-alerta-el-plan-municipal-de-emergencias-por-fuertes-vientos\/","name":"Activado en Fase de ALERTA el Plan Municipal de Emergencias por fuertes vientos - MI Ayuntamiento de Caudete","isPartOf":{"@id":"https:\/\/www.caudete.org\/ayuntamiento\/#website"},"primaryImageOfPage":{"@id":"https:\/\/www.caudete.org\/ayuntamiento\/activado-en-fase-de-alerta-el-plan-municipal-de-emergencias-por-fuertes-vientos\/#primaryimage"},"image":{"@id":"https:\/\/www.caudete.org\/ayuntamiento\/activado-en-fase-de-alerta-el-plan-municipal-de-emergencias-por-fuertes-vientos\/#primaryimage"},"thumbnailUrl":"https:\/\/www.caudete.org\/ayuntamiento\/wp-content\/uploads\/2023\/11\/emergencias_2020_caudete_digital.jpg","datePublished":"2023-11-02T14:27:03+00:00","dateModified":"2023-11-02T14:37:07+00:00","description":"P\u00e1gina Oficial del Ayuntamiento de Caudete (Albacete)","breadcrumb":{"@id":"https:\/\/www.caudete.org\/ayuntamiento\/activado-en-fase-de-alerta-el-plan-municipal-de-emergencias-por-fuertes-vientos\/#breadcrumb"},"inLanguage":"es","potentialAction":[{"@type":"ReadAction","target":["https:\/\/www.caudete.org\/ayuntamiento\/activado-en-fase-de-alerta-el-plan-municipal-de-emergencias-por-fuertes-vientos\/"]}]},{"@type":"ImageObject","inLanguage":"es","@id":"https:\/\/www.caudete.org\/ayuntamiento\/activado-en-fase-de-alerta-el-plan-municipal-de-emergencias-por-fuertes-vientos\/#primaryimage","url":"https:\/\/www.caudete.org\/ayuntamiento\/wp-content\/uploads\/2023\/11\/emergencias_2020_caudete_digital.jpg","contentUrl":"https:\/\/www.caudete.org\/ayuntamiento\/wp-content\/uploads\/2023\/11\/emergencias_2020_caudete_digital.jpg","width":640,"height":300},{"@type":"BreadcrumbList","@id":"https:\/\/www.caudete.org\/ayuntamiento\/activado-en-fase-de-alerta-el-plan-municipal-de-emergencias-por-fuertes-vientos\/#breadcrumb","itemListElement":[{"@type":"ListItem","position":1,"name":"Inicio","item":"https:\/\/www.caudete.org\/ayuntamiento\/"},{"@type":"ListItem","position":2,"name":"Activado en Fase de ALERTA el Plan Municipal de Emergencias por fuertes vientos"}]},{"@type":"WebSite","@id":"https:\/\/www.caudete.org\/ayuntamiento\/#website","url":"https:\/\/www.caudete.org\/ayuntamiento\/","name":"MI Ayuntamiento de Caudete","description":"P\u00e1gina Oficial del MI Ayuntamiento de Caudete","publisher":{"@id":"https:\/\/www.caudete.org\/ayuntamiento\/#organization"},"potentialAction":[{"@type":"SearchAction","target":{"@type":"EntryPoint","urlTemplate":"https:\/\/www.caudete.org\/ayuntamiento\/?s={search_term_string}"},"query-input":{"@type":"PropertyValueSpecification","valueRequired":true,"valueName":"search_term_string"}}],"inLanguage":"es"},{"@type":"Organization","@id":"https:\/\/www.caudete.org\/ayuntamiento\/#organization","name":"Ayuntamiento de Caudete","url":"https:\/\/www.caudete.org\/ayuntamiento\/","logo":{"@type":"ImageObject","inLanguage":"es","@id":"https:\/\/www.caudete.org\/ayuntamiento\/#\/schema\/logo\/image\/","url":"https:\/\/www.caudete.org\/ayuntamiento\/wp-content\/uploads\/2020\/11\/logo_ayuntamiento_caudete.jpg","contentUrl":"https:\/\/www.caudete.org\/ayuntamiento\/wp-content\/uploads\/2020\/11\/logo_ayuntamiento_caudete.jpg","width":600,"height":150,"caption":"Ayuntamiento de Caudete"},"image":{"@id":"https:\/\/www.caudete.org\/ayuntamiento\/#\/schema\/logo\/image\/"},"sameAs":["https:\/\/www.facebook.com\/ayuntamientocaudete\/","https:\/\/www.youtube.com\/channel\/UC6VztHaooNsGpw-tNoBEFnQ"]},{"@type":"Person","@id":"https:\/\/www.caudete.org\/ayuntamiento\/#\/schema\/person\/cc646da9133078ee4d8dd47457947253","name":"alcalde","image":{"@type":"ImageObject","inLanguage":"es","@id":"https:\/\/secure.gravatar.com\/avatar\/84a817ba065b29ff08d666b215a215f5c79186a645ccb25b14a663d48a130f77?s=96&d=mm&r=g","url":"https:\/\/secure.gravatar.com\/avatar\/84a817ba065b29ff08d666b215a215f5c79186a645ccb25b14a663d48a130f77?s=96&d=mm&r=g","contentUrl":"https:\/\/secure.gravatar.com\/avatar\/84a817ba065b29ff08d666b215a215f5c79186a645ccb25b14a663d48a130f77?s=96&d=mm&r=g","caption":"alcalde"},"url":"https:\/\/www.caudete.org\/ayuntamiento\/author\/alcalde\/"}]}},"_links":{"self":[{"href":"https:\/\/www.caudete.org\/ayuntamiento\/wp-json\/wp\/v2\/posts\/23663","targetHints":{"allow":["GET"]}}],"collection":[{"href":"https:\/\/www.caudete.org\/ayuntamiento\/wp-json\/wp\/v2\/posts"}],"about":[{"href":"https:\/\/www.caudete.org\/ayuntamiento\/wp-json\/wp\/v2\/types\/post"}],"author":[{"embeddable":true,"href":"https:\/\/www.caudete.org\/ayuntamiento\/wp-json\/wp\/v2\/users\/3"}],"replies":[{"embeddable":true,"href":"https:\/\/www.caudete.org\/ayuntamiento\/wp-json\/wp\/v2\/comments?post=23663"}],"version-history":[{"count":1,"href":"https:\/\/www.caudete.org\/ayuntamiento\/wp-json\/wp\/v2\/posts\/23663\/revisions"}],"predecessor-version":[{"id":23664,"href":"https:\/\/www.caudete.org\/ayuntamiento\/wp-json\/wp\/v2\/posts\/23663\/revisions\/23664"}],"wp:featuredmedia":[{"embeddable":true,"href":"https:\/\/www.caudete.org\/ayuntamiento\/wp-json\/wp\/v2\/media\/23665"}],"wp:attachment":[{"href":"https:\/\/www.caudete.org\/ayuntamiento\/wp-json\/wp\/v2\/media?parent=23663"}],"wp:term":[{"taxonomy":"category","embeddable":true,"href":"https:\/\/www.caudete.org\/ayuntamiento\/wp-json\/wp\/v2\/categories?post=23663"},{"taxonomy":"post_tag","embeddable":true,"href":"https:\/\/www.caudete.org\/ayuntamiento\/wp-json\/wp\/v2\/tags?post=23663"}],"curies":[{"name":"wp","href":"https:\/\/api.w.org\/{rel}","templated":true}]}}