{"id":23702,"date":"2023-11-13T08:29:36","date_gmt":"2023-11-13T07:29:36","guid":{"rendered":"https:\/\/www.caudete.org\/ayuntamiento\/?p=23702"},"modified":"2023-11-08T08:47:27","modified_gmt":"2023-11-08T07:47:27","slug":"presentacion-del-libro-la-esencia-del-pincel-el-proximo-jueves-a-las-19-30h","status":"publish","type":"post","link":"https:\/\/www.caudete.org\/ayuntamiento\/presentacion-del-libro-la-esencia-del-pincel-el-proximo-jueves-a-las-19-30h\/","title":{"rendered":"Presentaci\u00f3n del libro &#8220;LA ESENCIA DEL PINCEL&#8221; el pr\u00f3ximo jueves a las 19.30h"},"content":{"rendered":"<p><a href=\"https:\/\/www.caudete.org\/ayuntamiento\/wp-content\/uploads\/2023\/11\/WhatsApp-Image-2023-11-07-at-10.53.46.jpeg\" rel='prettyPhoto'><img fetchpriority=\"high\" decoding=\"async\" class=\"alignnone wp-image-23704 size-full\" src=\"https:\/\/www.caudete.org\/ayuntamiento\/wp-content\/uploads\/2023\/11\/WhatsApp-Image-2023-11-07-at-10.53.46.jpeg\" alt=\"\" width=\"1152\" height=\"2048\" srcset=\"https:\/\/www.caudete.org\/ayuntamiento\/wp-content\/uploads\/2023\/11\/WhatsApp-Image-2023-11-07-at-10.53.46.jpeg 1152w, https:\/\/www.caudete.org\/ayuntamiento\/wp-content\/uploads\/2023\/11\/WhatsApp-Image-2023-11-07-at-10.53.46-169x300.jpeg 169w, https:\/\/www.caudete.org\/ayuntamiento\/wp-content\/uploads\/2023\/11\/WhatsApp-Image-2023-11-07-at-10.53.46-576x1024.jpeg 576w, https:\/\/www.caudete.org\/ayuntamiento\/wp-content\/uploads\/2023\/11\/WhatsApp-Image-2023-11-07-at-10.53.46-768x1365.jpeg 768w, https:\/\/www.caudete.org\/ayuntamiento\/wp-content\/uploads\/2023\/11\/WhatsApp-Image-2023-11-07-at-10.53.46-864x1536.jpeg 864w\" sizes=\"(max-width: 1152px) 100vw, 1152px\" \/><\/a><\/p>\n<p style=\"text-align: justify;\"><span style=\"color: #000000; font-family: georgia, palatino, serif; font-size: 12pt;\"><u><b>&#8220;Presentaci\u00f3n del libro &#8216;La esencia del pincel&#8217; de Marisa Guillem Cebri\u00e1n, un encuentro \u00fanico con la Educaci\u00f3n y el Arte en el Museo Rafael Requena&#8221; de Caudete. <\/b><\/u><\/span><\/p>\n<p style=\"text-align: justify;\"><span style=\"color: #000000; font-family: georgia, palatino, serif; font-size: 12pt;\">Manoli Gonz\u00e1lez, Concejal de Cultura del M.I. Ayuntamiento de Caudete, informa de la pr\u00f3xima actividad literaria que se va a desarrollar dentro de la programaci\u00f3n de la Biblioteca Municipal. Se trata de la presentaci\u00f3n del poemario &#8220;La esencia del pincel&#8221; de Marisa Guillem Cebri\u00e1n.<\/span><\/p>\n<p style=\"text-align: justify;\"><span style=\"color: #000000; font-family: georgia, palatino, serif; font-size: 12pt;\">El evento literario contar\u00e1 con la participaci\u00f3n de la autora y tendr\u00e1 lugar el jueves 16 de noviembre a las 19:30 horas, en el Museo de la Acuarela &#8220;Rafael Requena&#8221;, en Caudete. <\/span><\/p>\n<p style=\"text-align: justify;\"><span style=\"color: #000000; font-family: georgia, palatino, serif; font-size: 12pt;\">&#8220;La esencia del pincel&#8221; es un poemario que gira en torno a la relaci\u00f3n del docente y profesor con su alumnado y con la realidad de la ense\u00f1anza en Espa\u00f1a, todo ello bajo la asignatura de Educaci\u00f3n Pl\u00e1stica y Visual, que la autora imparti\u00f3 durante 34 a\u00f1os. Los poemas a\u00fanan las esperanzas y desesperanzas de la docente a la hora de dar clase, desde la sorpresa y alegr\u00eda por un alumno aventajado e interesado, hasta la desaz\u00f3n por la conquista social de las nuevas tecnolog\u00edas, aunque estas tambi\u00e9n tengan sus ventajas. Para ello se utiliza, en ocasiones, el di\u00e1logo poetizado, mostrando con esta particular t\u00e9cnica la original visi\u00f3n de la juventud de instituto en contraposici\u00f3n a la del profesorado. Una muestra honesta, esperanzadora y cr\u00edtica de la situaci\u00f3n docente sobrevenida por la pandemia, acontecimiento durante el cual se escribi\u00f3 la obra, todo ello desde la experiencia de la autora.<\/span><\/p>\n<p style=\"text-align: justify;\"><span style=\"color: #000000; font-family: georgia, palatino, serif; font-size: 12pt;\">Est\u00e1s invitado a un evento excepcional que celebra la fusi\u00f3n entre la pintura y la poes\u00eda. Este encuentro, abierto a todos los amantes del arte, promete ser una experiencia enriquecedora y \u00fanica. <\/span><\/p>\n<p style=\"text-align: justify;\"><span style=\"color: #000000; font-family: georgia, palatino, serif; font-size: 12pt;\">Adem\u00e1s, tendr\u00e1s la oportunidad de adquirir alguno de los los libros publicados por la autora durante la presentaci\u00f3n literaria.<\/span><\/p>\n<p style=\"text-align: justify;\"><span style=\"color: #000000; font-family: georgia, palatino, serif; font-size: 12pt;\">\u00a1Esperamos contar con tu presencia!<\/span><\/p>\n<p><a href=\"https:\/\/www.caudete.org\/ayuntamiento\/wp-content\/uploads\/2023\/11\/la-esencia-del-pincel-2.jpg\" rel='prettyPhoto'><img decoding=\"async\" class=\"alignnone wp-image-23705 size-full\" src=\"https:\/\/www.caudete.org\/ayuntamiento\/wp-content\/uploads\/2023\/11\/la-esencia-del-pincel-2.jpg\" alt=\"\" width=\"1587\" height=\"2245\" srcset=\"https:\/\/www.caudete.org\/ayuntamiento\/wp-content\/uploads\/2023\/11\/la-esencia-del-pincel-2.jpg 1587w, https:\/\/www.caudete.org\/ayuntamiento\/wp-content\/uploads\/2023\/11\/la-esencia-del-pincel-2-212x300.jpg 212w, https:\/\/www.caudete.org\/ayuntamiento\/wp-content\/uploads\/2023\/11\/la-esencia-del-pincel-2-724x1024.jpg 724w, https:\/\/www.caudete.org\/ayuntamiento\/wp-content\/uploads\/2023\/11\/la-esencia-del-pincel-2-768x1086.jpg 768w, https:\/\/www.caudete.org\/ayuntamiento\/wp-content\/uploads\/2023\/11\/la-esencia-del-pincel-2-1086x1536.jpg 1086w, https:\/\/www.caudete.org\/ayuntamiento\/wp-content\/uploads\/2023\/11\/la-esencia-del-pincel-2-1448x2048.jpg 1448w\" sizes=\"(max-width: 1587px) 100vw, 1587px\" \/><\/a><\/p>\n","protected":false},"excerpt":{"rendered":"<p>&#8220;Presentaci\u00f3n del libro &#8216;La esencia del pincel&#8217; de Marisa Guillem Cebri\u00e1n, un encuentro \u00fanico con la Educaci\u00f3n y el Arte en el Museo Rafael Requena&#8221; de Caudete. Manoli Gonz\u00e1lez, Concejal de Cultura del M.I. Ayuntamiento de Caudete, informa de la pr\u00f3xima actividad literaria que se va a desarrollar dentro de la programaci\u00f3n de la Biblioteca &hellip;<\/p>\n","protected":false},"author":3,"featured_media":23703,"comment_status":"closed","ping_status":"open","sticky":false,"template":"","format":"standard","meta":{"ngg_post_thumbnail":0,"footnotes":""},"categories":[14],"tags":[],"class_list":["post-23702","post","type-post","status-publish","format-standard","has-post-thumbnail","hentry","category-cultura"],"yoast_head":"<!-- This site is optimized with the Yoast SEO plugin v27.5 - https:\/\/yoast.com\/product\/yoast-seo-wordpress\/ -->\n<title>Presentaci\u00f3n del libro &quot;LA ESENCIA DEL PINCEL&quot; el pr\u00f3ximo jueves a las 19.30h - MI Ayuntamiento de Caudete<\/title>\n<meta name=\"description\" content=\"P\u00e1gina Oficial del Ayuntamiento de Caudete (Albacete)\" \/>\n<meta name=\"robots\" content=\"index, follow, max-snippet:-1, max-image-preview:large, max-video-preview:-1\" \/>\n<link rel=\"canonical\" href=\"https:\/\/www.caudete.org\/ayuntamiento\/presentacion-del-libro-la-esencia-del-pincel-el-proximo-jueves-a-las-19-30h\/\" \/>\n<meta property=\"og:locale\" content=\"es_ES\" \/>\n<meta property=\"og:type\" content=\"article\" \/>\n<meta property=\"og:title\" content=\"Presentaci\u00f3n del libro &quot;LA ESENCIA DEL PINCEL&quot; el pr\u00f3ximo jueves a las 19.30h - MI Ayuntamiento de Caudete\" \/>\n<meta property=\"og:description\" content=\"P\u00e1gina Oficial del Ayuntamiento de Caudete (Albacete)\" \/>\n<meta property=\"og:url\" content=\"https:\/\/www.caudete.org\/ayuntamiento\/presentacion-del-libro-la-esencia-del-pincel-el-proximo-jueves-a-las-19-30h\/\" \/>\n<meta property=\"og:site_name\" content=\"MI Ayuntamiento de Caudete\" \/>\n<meta property=\"article:publisher\" content=\"https:\/\/www.facebook.com\/ayuntamientocaudete\/\" \/>\n<meta property=\"article:published_time\" content=\"2023-11-13T07:29:36+00:00\" \/>\n<meta property=\"og:image\" content=\"https:\/\/www.caudete.org\/ayuntamiento\/wp-content\/uploads\/2023\/11\/la-esencia-del-pincel-BIS.jpg\" \/>\n\t<meta property=\"og:image:width\" content=\"1587\" \/>\n\t<meta property=\"og:image:height\" content=\"997\" \/>\n\t<meta property=\"og:image:type\" content=\"image\/jpeg\" \/>\n<meta name=\"author\" content=\"alcalde\" \/>\n<meta name=\"twitter:card\" content=\"summary_large_image\" \/>\n<meta name=\"twitter:label1\" content=\"Escrito por\" \/>\n\t<meta name=\"twitter:data1\" content=\"alcalde\" \/>\n\t<meta name=\"twitter:label2\" content=\"Tiempo de lectura\" \/>\n\t<meta name=\"twitter:data2\" content=\"2 minutos\" \/>\n<script type=\"application\/ld+json\" class=\"yoast-schema-graph\">{\"@context\":\"https:\\\/\\\/schema.org\",\"@graph\":[{\"@type\":\"Article\",\"@id\":\"https:\\\/\\\/www.caudete.org\\\/ayuntamiento\\\/presentacion-del-libro-la-esencia-del-pincel-el-proximo-jueves-a-las-19-30h\\\/#article\",\"isPartOf\":{\"@id\":\"https:\\\/\\\/www.caudete.org\\\/ayuntamiento\\\/presentacion-del-libro-la-esencia-del-pincel-el-proximo-jueves-a-las-19-30h\\\/\"},\"author\":{\"name\":\"alcalde\",\"@id\":\"https:\\\/\\\/www.caudete.org\\\/ayuntamiento\\\/#\\\/schema\\\/person\\\/cc646da9133078ee4d8dd47457947253\"},\"headline\":\"Presentaci\u00f3n del libro &#8220;LA ESENCIA DEL PINCEL&#8221; el pr\u00f3ximo jueves a las 19.30h\",\"datePublished\":\"2023-11-13T07:29:36+00:00\",\"mainEntityOfPage\":{\"@id\":\"https:\\\/\\\/www.caudete.org\\\/ayuntamiento\\\/presentacion-del-libro-la-esencia-del-pincel-el-proximo-jueves-a-las-19-30h\\\/\"},\"wordCount\":353,\"image\":{\"@id\":\"https:\\\/\\\/www.caudete.org\\\/ayuntamiento\\\/presentacion-del-libro-la-esencia-del-pincel-el-proximo-jueves-a-las-19-30h\\\/#primaryimage\"},\"thumbnailUrl\":\"https:\\\/\\\/www.caudete.org\\\/ayuntamiento\\\/wp-content\\\/uploads\\\/2023\\\/11\\\/la-esencia-del-pincel-BIS.jpg\",\"articleSection\":[\"Cultura\"],\"inLanguage\":\"es\"},{\"@type\":\"WebPage\",\"@id\":\"https:\\\/\\\/www.caudete.org\\\/ayuntamiento\\\/presentacion-del-libro-la-esencia-del-pincel-el-proximo-jueves-a-las-19-30h\\\/\",\"url\":\"https:\\\/\\\/www.caudete.org\\\/ayuntamiento\\\/presentacion-del-libro-la-esencia-del-pincel-el-proximo-jueves-a-las-19-30h\\\/\",\"name\":\"Presentaci\u00f3n del libro \\\"LA ESENCIA DEL PINCEL\\\" el pr\u00f3ximo jueves a las 19.30h - MI Ayuntamiento de Caudete\",\"isPartOf\":{\"@id\":\"https:\\\/\\\/www.caudete.org\\\/ayuntamiento\\\/#website\"},\"primaryImageOfPage\":{\"@id\":\"https:\\\/\\\/www.caudete.org\\\/ayuntamiento\\\/presentacion-del-libro-la-esencia-del-pincel-el-proximo-jueves-a-las-19-30h\\\/#primaryimage\"},\"image\":{\"@id\":\"https:\\\/\\\/www.caudete.org\\\/ayuntamiento\\\/presentacion-del-libro-la-esencia-del-pincel-el-proximo-jueves-a-las-19-30h\\\/#primaryimage\"},\"thumbnailUrl\":\"https:\\\/\\\/www.caudete.org\\\/ayuntamiento\\\/wp-content\\\/uploads\\\/2023\\\/11\\\/la-esencia-del-pincel-BIS.jpg\",\"datePublished\":\"2023-11-13T07:29:36+00:00\",\"author\":{\"@id\":\"https:\\\/\\\/www.caudete.org\\\/ayuntamiento\\\/#\\\/schema\\\/person\\\/cc646da9133078ee4d8dd47457947253\"},\"description\":\"P\u00e1gina Oficial del Ayuntamiento de Caudete (Albacete)\",\"breadcrumb\":{\"@id\":\"https:\\\/\\\/www.caudete.org\\\/ayuntamiento\\\/presentacion-del-libro-la-esencia-del-pincel-el-proximo-jueves-a-las-19-30h\\\/#breadcrumb\"},\"inLanguage\":\"es\",\"potentialAction\":[{\"@type\":\"ReadAction\",\"target\":[\"https:\\\/\\\/www.caudete.org\\\/ayuntamiento\\\/presentacion-del-libro-la-esencia-del-pincel-el-proximo-jueves-a-las-19-30h\\\/\"]}]},{\"@type\":\"ImageObject\",\"inLanguage\":\"es\",\"@id\":\"https:\\\/\\\/www.caudete.org\\\/ayuntamiento\\\/presentacion-del-libro-la-esencia-del-pincel-el-proximo-jueves-a-las-19-30h\\\/#primaryimage\",\"url\":\"https:\\\/\\\/www.caudete.org\\\/ayuntamiento\\\/wp-content\\\/uploads\\\/2023\\\/11\\\/la-esencia-del-pincel-BIS.jpg\",\"contentUrl\":\"https:\\\/\\\/www.caudete.org\\\/ayuntamiento\\\/wp-content\\\/uploads\\\/2023\\\/11\\\/la-esencia-del-pincel-BIS.jpg\",\"width\":1587,\"height\":997,\"caption\":\"la esencia del pincel - 1\"},{\"@type\":\"BreadcrumbList\",\"@id\":\"https:\\\/\\\/www.caudete.org\\\/ayuntamiento\\\/presentacion-del-libro-la-esencia-del-pincel-el-proximo-jueves-a-las-19-30h\\\/#breadcrumb\",\"itemListElement\":[{\"@type\":\"ListItem\",\"position\":1,\"name\":\"Inicio\",\"item\":\"https:\\\/\\\/www.caudete.org\\\/ayuntamiento\\\/\"},{\"@type\":\"ListItem\",\"position\":2,\"name\":\"Presentaci\u00f3n del libro &#8220;LA ESENCIA DEL PINCEL&#8221; el pr\u00f3ximo jueves a las 19.30h\"}]},{\"@type\":\"WebSite\",\"@id\":\"https:\\\/\\\/www.caudete.org\\\/ayuntamiento\\\/#website\",\"url\":\"https:\\\/\\\/www.caudete.org\\\/ayuntamiento\\\/\",\"name\":\"MI Ayuntamiento de Caudete\",\"description\":\"P\u00e1gina Oficial del MI Ayuntamiento de Caudete\",\"potentialAction\":[{\"@type\":\"SearchAction\",\"target\":{\"@type\":\"EntryPoint\",\"urlTemplate\":\"https:\\\/\\\/www.caudete.org\\\/ayuntamiento\\\/?s={search_term_string}\"},\"query-input\":{\"@type\":\"PropertyValueSpecification\",\"valueRequired\":true,\"valueName\":\"search_term_string\"}}],\"inLanguage\":\"es\"},{\"@type\":\"Person\",\"@id\":\"https:\\\/\\\/www.caudete.org\\\/ayuntamiento\\\/#\\\/schema\\\/person\\\/cc646da9133078ee4d8dd47457947253\",\"name\":\"alcalde\",\"image\":{\"@type\":\"ImageObject\",\"inLanguage\":\"es\",\"@id\":\"https:\\\/\\\/secure.gravatar.com\\\/avatar\\\/84a817ba065b29ff08d666b215a215f5c79186a645ccb25b14a663d48a130f77?s=96&d=mm&r=g\",\"url\":\"https:\\\/\\\/secure.gravatar.com\\\/avatar\\\/84a817ba065b29ff08d666b215a215f5c79186a645ccb25b14a663d48a130f77?s=96&d=mm&r=g\",\"contentUrl\":\"https:\\\/\\\/secure.gravatar.com\\\/avatar\\\/84a817ba065b29ff08d666b215a215f5c79186a645ccb25b14a663d48a130f77?s=96&d=mm&r=g\",\"caption\":\"alcalde\"},\"url\":\"https:\\\/\\\/www.caudete.org\\\/ayuntamiento\\\/author\\\/alcalde\\\/\"}]}<\/script>\n<!-- \/ Yoast SEO plugin. -->","yoast_head_json":{"title":"Presentaci\u00f3n del libro \"LA ESENCIA DEL PINCEL\" el pr\u00f3ximo jueves a las 19.30h - MI Ayuntamiento de Caudete","description":"P\u00e1gina Oficial del Ayuntamiento de Caudete (Albacete)","robots":{"index":"index","follow":"follow","max-snippet":"max-snippet:-1","max-image-preview":"max-image-preview:large","max-video-preview":"max-video-preview:-1"},"canonical":"https:\/\/www.caudete.org\/ayuntamiento\/presentacion-del-libro-la-esencia-del-pincel-el-proximo-jueves-a-las-19-30h\/","og_locale":"es_ES","og_type":"article","og_title":"Presentaci\u00f3n del libro \"LA ESENCIA DEL PINCEL\" el pr\u00f3ximo jueves a las 19.30h - MI Ayuntamiento de Caudete","og_description":"P\u00e1gina Oficial del Ayuntamiento de Caudete (Albacete)","og_url":"https:\/\/www.caudete.org\/ayuntamiento\/presentacion-del-libro-la-esencia-del-pincel-el-proximo-jueves-a-las-19-30h\/","og_site_name":"MI Ayuntamiento de Caudete","article_publisher":"https:\/\/www.facebook.com\/ayuntamientocaudete\/","article_published_time":"2023-11-13T07:29:36+00:00","og_image":[{"width":1587,"height":997,"url":"https:\/\/www.caudete.org\/ayuntamiento\/wp-content\/uploads\/2023\/11\/la-esencia-del-pincel-BIS.jpg","type":"image\/jpeg"}],"author":"alcalde","twitter_card":"summary_large_image","twitter_misc":{"Escrito por":"alcalde","Tiempo de lectura":"2 minutos"},"schema":{"@context":"https:\/\/schema.org","@graph":[{"@type":"Article","@id":"https:\/\/www.caudete.org\/ayuntamiento\/presentacion-del-libro-la-esencia-del-pincel-el-proximo-jueves-a-las-19-30h\/#article","isPartOf":{"@id":"https:\/\/www.caudete.org\/ayuntamiento\/presentacion-del-libro-la-esencia-del-pincel-el-proximo-jueves-a-las-19-30h\/"},"author":{"name":"alcalde","@id":"https:\/\/www.caudete.org\/ayuntamiento\/#\/schema\/person\/cc646da9133078ee4d8dd47457947253"},"headline":"Presentaci\u00f3n del libro &#8220;LA ESENCIA DEL PINCEL&#8221; el pr\u00f3ximo jueves a las 19.30h","datePublished":"2023-11-13T07:29:36+00:00","mainEntityOfPage":{"@id":"https:\/\/www.caudete.org\/ayuntamiento\/presentacion-del-libro-la-esencia-del-pincel-el-proximo-jueves-a-las-19-30h\/"},"wordCount":353,"image":{"@id":"https:\/\/www.caudete.org\/ayuntamiento\/presentacion-del-libro-la-esencia-del-pincel-el-proximo-jueves-a-las-19-30h\/#primaryimage"},"thumbnailUrl":"https:\/\/www.caudete.org\/ayuntamiento\/wp-content\/uploads\/2023\/11\/la-esencia-del-pincel-BIS.jpg","articleSection":["Cultura"],"inLanguage":"es"},{"@type":"WebPage","@id":"https:\/\/www.caudete.org\/ayuntamiento\/presentacion-del-libro-la-esencia-del-pincel-el-proximo-jueves-a-las-19-30h\/","url":"https:\/\/www.caudete.org\/ayuntamiento\/presentacion-del-libro-la-esencia-del-pincel-el-proximo-jueves-a-las-19-30h\/","name":"Presentaci\u00f3n del libro \"LA ESENCIA DEL PINCEL\" el pr\u00f3ximo jueves a las 19.30h - MI Ayuntamiento de Caudete","isPartOf":{"@id":"https:\/\/www.caudete.org\/ayuntamiento\/#website"},"primaryImageOfPage":{"@id":"https:\/\/www.caudete.org\/ayuntamiento\/presentacion-del-libro-la-esencia-del-pincel-el-proximo-jueves-a-las-19-30h\/#primaryimage"},"image":{"@id":"https:\/\/www.caudete.org\/ayuntamiento\/presentacion-del-libro-la-esencia-del-pincel-el-proximo-jueves-a-las-19-30h\/#primaryimage"},"thumbnailUrl":"https:\/\/www.caudete.org\/ayuntamiento\/wp-content\/uploads\/2023\/11\/la-esencia-del-pincel-BIS.jpg","datePublished":"2023-11-13T07:29:36+00:00","author":{"@id":"https:\/\/www.caudete.org\/ayuntamiento\/#\/schema\/person\/cc646da9133078ee4d8dd47457947253"},"description":"P\u00e1gina Oficial del Ayuntamiento de Caudete (Albacete)","breadcrumb":{"@id":"https:\/\/www.caudete.org\/ayuntamiento\/presentacion-del-libro-la-esencia-del-pincel-el-proximo-jueves-a-las-19-30h\/#breadcrumb"},"inLanguage":"es","potentialAction":[{"@type":"ReadAction","target":["https:\/\/www.caudete.org\/ayuntamiento\/presentacion-del-libro-la-esencia-del-pincel-el-proximo-jueves-a-las-19-30h\/"]}]},{"@type":"ImageObject","inLanguage":"es","@id":"https:\/\/www.caudete.org\/ayuntamiento\/presentacion-del-libro-la-esencia-del-pincel-el-proximo-jueves-a-las-19-30h\/#primaryimage","url":"https:\/\/www.caudete.org\/ayuntamiento\/wp-content\/uploads\/2023\/11\/la-esencia-del-pincel-BIS.jpg","contentUrl":"https:\/\/www.caudete.org\/ayuntamiento\/wp-content\/uploads\/2023\/11\/la-esencia-del-pincel-BIS.jpg","width":1587,"height":997,"caption":"la esencia del pincel - 1"},{"@type":"BreadcrumbList","@id":"https:\/\/www.caudete.org\/ayuntamiento\/presentacion-del-libro-la-esencia-del-pincel-el-proximo-jueves-a-las-19-30h\/#breadcrumb","itemListElement":[{"@type":"ListItem","position":1,"name":"Inicio","item":"https:\/\/www.caudete.org\/ayuntamiento\/"},{"@type":"ListItem","position":2,"name":"Presentaci\u00f3n del libro &#8220;LA ESENCIA DEL PINCEL&#8221; el pr\u00f3ximo jueves a las 19.30h"}]},{"@type":"WebSite","@id":"https:\/\/www.caudete.org\/ayuntamiento\/#website","url":"https:\/\/www.caudete.org\/ayuntamiento\/","name":"MI Ayuntamiento de Caudete","description":"P\u00e1gina Oficial del MI Ayuntamiento de Caudete","potentialAction":[{"@type":"SearchAction","target":{"@type":"EntryPoint","urlTemplate":"https:\/\/www.caudete.org\/ayuntamiento\/?s={search_term_string}"},"query-input":{"@type":"PropertyValueSpecification","valueRequired":true,"valueName":"search_term_string"}}],"inLanguage":"es"},{"@type":"Person","@id":"https:\/\/www.caudete.org\/ayuntamiento\/#\/schema\/person\/cc646da9133078ee4d8dd47457947253","name":"alcalde","image":{"@type":"ImageObject","inLanguage":"es","@id":"https:\/\/secure.gravatar.com\/avatar\/84a817ba065b29ff08d666b215a215f5c79186a645ccb25b14a663d48a130f77?s=96&d=mm&r=g","url":"https:\/\/secure.gravatar.com\/avatar\/84a817ba065b29ff08d666b215a215f5c79186a645ccb25b14a663d48a130f77?s=96&d=mm&r=g","contentUrl":"https:\/\/secure.gravatar.com\/avatar\/84a817ba065b29ff08d666b215a215f5c79186a645ccb25b14a663d48a130f77?s=96&d=mm&r=g","caption":"alcalde"},"url":"https:\/\/www.caudete.org\/ayuntamiento\/author\/alcalde\/"}]}},"_links":{"self":[{"href":"https:\/\/www.caudete.org\/ayuntamiento\/wp-json\/wp\/v2\/posts\/23702","targetHints":{"allow":["GET"]}}],"collection":[{"href":"https:\/\/www.caudete.org\/ayuntamiento\/wp-json\/wp\/v2\/posts"}],"about":[{"href":"https:\/\/www.caudete.org\/ayuntamiento\/wp-json\/wp\/v2\/types\/post"}],"author":[{"embeddable":true,"href":"https:\/\/www.caudete.org\/ayuntamiento\/wp-json\/wp\/v2\/users\/3"}],"replies":[{"embeddable":true,"href":"https:\/\/www.caudete.org\/ayuntamiento\/wp-json\/wp\/v2\/comments?post=23702"}],"version-history":[{"count":1,"href":"https:\/\/www.caudete.org\/ayuntamiento\/wp-json\/wp\/v2\/posts\/23702\/revisions"}],"predecessor-version":[{"id":23706,"href":"https:\/\/www.caudete.org\/ayuntamiento\/wp-json\/wp\/v2\/posts\/23702\/revisions\/23706"}],"wp:featuredmedia":[{"embeddable":true,"href":"https:\/\/www.caudete.org\/ayuntamiento\/wp-json\/wp\/v2\/media\/23703"}],"wp:attachment":[{"href":"https:\/\/www.caudete.org\/ayuntamiento\/wp-json\/wp\/v2\/media?parent=23702"}],"wp:term":[{"taxonomy":"category","embeddable":true,"href":"https:\/\/www.caudete.org\/ayuntamiento\/wp-json\/wp\/v2\/categories?post=23702"},{"taxonomy":"post_tag","embeddable":true,"href":"https:\/\/www.caudete.org\/ayuntamiento\/wp-json\/wp\/v2\/tags?post=23702"}],"curies":[{"name":"wp","href":"https:\/\/api.w.org\/{rel}","templated":true}]}}