{"id":23754,"date":"2023-11-20T09:52:56","date_gmt":"2023-11-20T08:52:56","guid":{"rendered":"https:\/\/www.caudete.org\/ayuntamiento\/?p=23754"},"modified":"2023-11-20T09:52:56","modified_gmt":"2023-11-20T08:52:56","slug":"el-proximo-domingo-26-de-noviembre-caudete-acogera-una-de-las-fases-del-campeonato-provincial-de-campo-a-traves","status":"publish","type":"post","link":"https:\/\/www.caudete.org\/ayuntamiento\/el-proximo-domingo-26-de-noviembre-caudete-acogera-una-de-las-fases-del-campeonato-provincial-de-campo-a-traves\/","title":{"rendered":"El pr\u00f3ximo domingo 26 de noviembre Caudete acoger\u00e1 una de las fases del Campeonato Provincial de Campo a Trav\u00e9s"},"content":{"rendered":"<p>La Concejal de Deportes, Pilar Egea, ha anunciado a los medios la celebraci\u00f3n en nuestro municipio de una de las pruebas que comprenden el Calendario Provincial de Campo a Trav\u00e9s Escolar enmarcado dentro del Programa Somos Deporte 3-18, concretamente la tercera edici\u00f3n tras las celebraci\u00f3n en las localidades de Tobarra y Tarazona.<\/p>\n<p>El evento que tendr\u00e1 lugar el domingo 26 de noviembre dar\u00e1 comienzo a las 10:30 horas, finalizando a las 13:00 horas. El lugar seleccionado para su celebraci\u00f3n ha sido el espacio natural de la Acequia de Bogarra y zonas adyacentes, tambi\u00e9n conocido como el Parque de los Ni\u00f1os. Un lugar que debido a su orograf\u00eda permite la pr\u00e1ctica de esta modalidad deportiva con un mayor nivel de exigencia y un atractivo adicional tanto para participantes como para el p\u00fablico.<\/p>\n<p>La competici\u00f3n albergar\u00e1 desde la categor\u00eda de absoluta, que realizar\u00e1n la m\u00e1xima distancia con un total de 4.000 m, hasta Sub-8 con un recorrido de 200 m, pasando por las categor\u00edas de Sub-16, Sub-14, Sub-12 y Sub-10.<\/p>\n<p><img fetchpriority=\"high\" decoding=\"async\" class=\"alignnone size-full wp-image-23755\" src=\"https:\/\/www.caudete.org\/ayuntamiento\/wp-content\/uploads\/2023\/11\/CARTEL-CIRCUITO-CAMPO-A-TRAVES.jpg\" alt=\"\" width=\"800\" height=\"600\" srcset=\"https:\/\/www.caudete.org\/ayuntamiento\/wp-content\/uploads\/2023\/11\/CARTEL-CIRCUITO-CAMPO-A-TRAVES.jpg 800w, https:\/\/www.caudete.org\/ayuntamiento\/wp-content\/uploads\/2023\/11\/CARTEL-CIRCUITO-CAMPO-A-TRAVES-300x225.jpg 300w, https:\/\/www.caudete.org\/ayuntamiento\/wp-content\/uploads\/2023\/11\/CARTEL-CIRCUITO-CAMPO-A-TRAVES-768x576.jpg 768w\" sizes=\"(max-width: 800px) 100vw, 800px\" \/> <img decoding=\"async\" class=\"alignnone size-full wp-image-23756\" src=\"https:\/\/www.caudete.org\/ayuntamiento\/wp-content\/uploads\/2023\/11\/Cartel-pruebas-campo-a-traves.jpeg\" alt=\"\" width=\"458\" height=\"643\" srcset=\"https:\/\/www.caudete.org\/ayuntamiento\/wp-content\/uploads\/2023\/11\/Cartel-pruebas-campo-a-traves.jpeg 458w, https:\/\/www.caudete.org\/ayuntamiento\/wp-content\/uploads\/2023\/11\/Cartel-pruebas-campo-a-traves-214x300.jpeg 214w\" sizes=\"(max-width: 458px) 100vw, 458px\" \/><\/p>\n","protected":false},"excerpt":{"rendered":"<p>La Concejal de Deportes, Pilar Egea, ha anunciado a los medios la celebraci\u00f3n en nuestro municipio de una de las pruebas que comprenden el Calendario Provincial de Campo a Trav\u00e9s Escolar enmarcado dentro del Programa Somos Deporte 3-18, concretamente la tercera edici\u00f3n tras las celebraci\u00f3n en las localidades de Tobarra y Tarazona. El evento que &hellip;<\/p>\n","protected":false},"author":5,"featured_media":23757,"comment_status":"closed","ping_status":"open","sticky":false,"template":"","format":"standard","meta":{"ngg_post_thumbnail":0,"footnotes":""},"categories":[23],"tags":[],"class_list":["post-23754","post","type-post","status-publish","format-standard","has-post-thumbnail","hentry","category-deportes"],"yoast_head":"<!-- This site is optimized with the Yoast SEO plugin v27.5 - https:\/\/yoast.com\/product\/yoast-seo-wordpress\/ -->\n<title>El pr\u00f3ximo domingo 26 de noviembre Caudete acoger\u00e1 una de las fases del Campeonato Provincial de Campo a Trav\u00e9s - MI Ayuntamiento de Caudete<\/title>\n<meta name=\"description\" content=\"P\u00e1gina Oficial del Ayuntamiento de Caudete (Albacete)\" \/>\n<meta name=\"robots\" content=\"index, follow, max-snippet:-1, max-image-preview:large, max-video-preview:-1\" \/>\n<link rel=\"canonical\" href=\"https:\/\/www.caudete.org\/ayuntamiento\/el-proximo-domingo-26-de-noviembre-caudete-acogera-una-de-las-fases-del-campeonato-provincial-de-campo-a-traves\/\" \/>\n<meta property=\"og:locale\" content=\"es_ES\" \/>\n<meta property=\"og:type\" content=\"article\" \/>\n<meta property=\"og:title\" content=\"El pr\u00f3ximo domingo 26 de noviembre Caudete acoger\u00e1 una de las fases del Campeonato Provincial de Campo a Trav\u00e9s - MI Ayuntamiento de Caudete\" \/>\n<meta property=\"og:description\" content=\"P\u00e1gina Oficial del Ayuntamiento de Caudete (Albacete)\" \/>\n<meta property=\"og:url\" content=\"https:\/\/www.caudete.org\/ayuntamiento\/el-proximo-domingo-26-de-noviembre-caudete-acogera-una-de-las-fases-del-campeonato-provincial-de-campo-a-traves\/\" \/>\n<meta property=\"og:site_name\" content=\"MI Ayuntamiento de Caudete\" \/>\n<meta property=\"article:publisher\" content=\"https:\/\/www.facebook.com\/ayuntamientocaudete\/\" \/>\n<meta property=\"article:published_time\" content=\"2023-11-20T08:52:56+00:00\" \/>\n<meta property=\"og:image\" content=\"https:\/\/www.caudete.org\/ayuntamiento\/wp-content\/uploads\/2023\/11\/CARTEL-CIRCUITO-CAMPO-A-TRAVES-port.jpg\" \/>\n\t<meta property=\"og:image:width\" content=\"794\" \/>\n\t<meta property=\"og:image:height\" content=\"237\" \/>\n\t<meta property=\"og:image:type\" content=\"image\/jpeg\" \/>\n<meta name=\"author\" content=\"Dpto Informatica MI Ayuntamiento de Caudete\" \/>\n<meta name=\"twitter:card\" content=\"summary_large_image\" \/>\n<meta name=\"twitter:label1\" content=\"Escrito por\" \/>\n\t<meta name=\"twitter:data1\" content=\"Dpto Informatica MI Ayuntamiento de Caudete\" \/>\n\t<meta name=\"twitter:label2\" content=\"Tiempo de lectura\" \/>\n\t<meta name=\"twitter:data2\" content=\"2 minutos\" \/>\n<script type=\"application\/ld+json\" class=\"yoast-schema-graph\">{\"@context\":\"https:\\\/\\\/schema.org\",\"@graph\":[{\"@type\":\"Article\",\"@id\":\"https:\\\/\\\/www.caudete.org\\\/ayuntamiento\\\/el-proximo-domingo-26-de-noviembre-caudete-acogera-una-de-las-fases-del-campeonato-provincial-de-campo-a-traves\\\/#article\",\"isPartOf\":{\"@id\":\"https:\\\/\\\/www.caudete.org\\\/ayuntamiento\\\/el-proximo-domingo-26-de-noviembre-caudete-acogera-una-de-las-fases-del-campeonato-provincial-de-campo-a-traves\\\/\"},\"author\":{\"name\":\"Dpto Informatica MI Ayuntamiento de Caudete\",\"@id\":\"https:\\\/\\\/www.caudete.org\\\/ayuntamiento\\\/#\\\/schema\\\/person\\\/4b9eab41761957db9b1bf9c418d1ef46\"},\"headline\":\"El pr\u00f3ximo domingo 26 de noviembre Caudete acoger\u00e1 una de las fases del Campeonato Provincial de Campo a Trav\u00e9s\",\"datePublished\":\"2023-11-20T08:52:56+00:00\",\"mainEntityOfPage\":{\"@id\":\"https:\\\/\\\/www.caudete.org\\\/ayuntamiento\\\/el-proximo-domingo-26-de-noviembre-caudete-acogera-una-de-las-fases-del-campeonato-provincial-de-campo-a-traves\\\/\"},\"wordCount\":198,\"image\":{\"@id\":\"https:\\\/\\\/www.caudete.org\\\/ayuntamiento\\\/el-proximo-domingo-26-de-noviembre-caudete-acogera-una-de-las-fases-del-campeonato-provincial-de-campo-a-traves\\\/#primaryimage\"},\"thumbnailUrl\":\"https:\\\/\\\/www.caudete.org\\\/ayuntamiento\\\/wp-content\\\/uploads\\\/2023\\\/11\\\/CARTEL-CIRCUITO-CAMPO-A-TRAVES-port.jpg\",\"articleSection\":[\"Deportes\"],\"inLanguage\":\"es\"},{\"@type\":\"WebPage\",\"@id\":\"https:\\\/\\\/www.caudete.org\\\/ayuntamiento\\\/el-proximo-domingo-26-de-noviembre-caudete-acogera-una-de-las-fases-del-campeonato-provincial-de-campo-a-traves\\\/\",\"url\":\"https:\\\/\\\/www.caudete.org\\\/ayuntamiento\\\/el-proximo-domingo-26-de-noviembre-caudete-acogera-una-de-las-fases-del-campeonato-provincial-de-campo-a-traves\\\/\",\"name\":\"El pr\u00f3ximo domingo 26 de noviembre Caudete acoger\u00e1 una de las fases del Campeonato Provincial de Campo a Trav\u00e9s - MI Ayuntamiento de Caudete\",\"isPartOf\":{\"@id\":\"https:\\\/\\\/www.caudete.org\\\/ayuntamiento\\\/#website\"},\"primaryImageOfPage\":{\"@id\":\"https:\\\/\\\/www.caudete.org\\\/ayuntamiento\\\/el-proximo-domingo-26-de-noviembre-caudete-acogera-una-de-las-fases-del-campeonato-provincial-de-campo-a-traves\\\/#primaryimage\"},\"image\":{\"@id\":\"https:\\\/\\\/www.caudete.org\\\/ayuntamiento\\\/el-proximo-domingo-26-de-noviembre-caudete-acogera-una-de-las-fases-del-campeonato-provincial-de-campo-a-traves\\\/#primaryimage\"},\"thumbnailUrl\":\"https:\\\/\\\/www.caudete.org\\\/ayuntamiento\\\/wp-content\\\/uploads\\\/2023\\\/11\\\/CARTEL-CIRCUITO-CAMPO-A-TRAVES-port.jpg\",\"datePublished\":\"2023-11-20T08:52:56+00:00\",\"author\":{\"@id\":\"https:\\\/\\\/www.caudete.org\\\/ayuntamiento\\\/#\\\/schema\\\/person\\\/4b9eab41761957db9b1bf9c418d1ef46\"},\"description\":\"P\u00e1gina Oficial del Ayuntamiento de Caudete (Albacete)\",\"breadcrumb\":{\"@id\":\"https:\\\/\\\/www.caudete.org\\\/ayuntamiento\\\/el-proximo-domingo-26-de-noviembre-caudete-acogera-una-de-las-fases-del-campeonato-provincial-de-campo-a-traves\\\/#breadcrumb\"},\"inLanguage\":\"es\",\"potentialAction\":[{\"@type\":\"ReadAction\",\"target\":[\"https:\\\/\\\/www.caudete.org\\\/ayuntamiento\\\/el-proximo-domingo-26-de-noviembre-caudete-acogera-una-de-las-fases-del-campeonato-provincial-de-campo-a-traves\\\/\"]}]},{\"@type\":\"ImageObject\",\"inLanguage\":\"es\",\"@id\":\"https:\\\/\\\/www.caudete.org\\\/ayuntamiento\\\/el-proximo-domingo-26-de-noviembre-caudete-acogera-una-de-las-fases-del-campeonato-provincial-de-campo-a-traves\\\/#primaryimage\",\"url\":\"https:\\\/\\\/www.caudete.org\\\/ayuntamiento\\\/wp-content\\\/uploads\\\/2023\\\/11\\\/CARTEL-CIRCUITO-CAMPO-A-TRAVES-port.jpg\",\"contentUrl\":\"https:\\\/\\\/www.caudete.org\\\/ayuntamiento\\\/wp-content\\\/uploads\\\/2023\\\/11\\\/CARTEL-CIRCUITO-CAMPO-A-TRAVES-port.jpg\",\"width\":794,\"height\":237},{\"@type\":\"BreadcrumbList\",\"@id\":\"https:\\\/\\\/www.caudete.org\\\/ayuntamiento\\\/el-proximo-domingo-26-de-noviembre-caudete-acogera-una-de-las-fases-del-campeonato-provincial-de-campo-a-traves\\\/#breadcrumb\",\"itemListElement\":[{\"@type\":\"ListItem\",\"position\":1,\"name\":\"Inicio\",\"item\":\"https:\\\/\\\/www.caudete.org\\\/ayuntamiento\\\/\"},{\"@type\":\"ListItem\",\"position\":2,\"name\":\"El pr\u00f3ximo domingo 26 de noviembre Caudete acoger\u00e1 una de las fases del Campeonato Provincial de Campo a Trav\u00e9s\"}]},{\"@type\":\"WebSite\",\"@id\":\"https:\\\/\\\/www.caudete.org\\\/ayuntamiento\\\/#website\",\"url\":\"https:\\\/\\\/www.caudete.org\\\/ayuntamiento\\\/\",\"name\":\"MI Ayuntamiento de Caudete\",\"description\":\"P\u00e1gina Oficial del MI Ayuntamiento de Caudete\",\"potentialAction\":[{\"@type\":\"SearchAction\",\"target\":{\"@type\":\"EntryPoint\",\"urlTemplate\":\"https:\\\/\\\/www.caudete.org\\\/ayuntamiento\\\/?s={search_term_string}\"},\"query-input\":{\"@type\":\"PropertyValueSpecification\",\"valueRequired\":true,\"valueName\":\"search_term_string\"}}],\"inLanguage\":\"es\"},{\"@type\":\"Person\",\"@id\":\"https:\\\/\\\/www.caudete.org\\\/ayuntamiento\\\/#\\\/schema\\\/person\\\/4b9eab41761957db9b1bf9c418d1ef46\",\"name\":\"Dpto Informatica MI Ayuntamiento de Caudete\",\"image\":{\"@type\":\"ImageObject\",\"inLanguage\":\"es\",\"@id\":\"https:\\\/\\\/secure.gravatar.com\\\/avatar\\\/ac0321ee4a0a83e82a253e7b2d348ef539e2c8fe16d06b600bde04de1b364fa7?s=96&d=mm&r=g\",\"url\":\"https:\\\/\\\/secure.gravatar.com\\\/avatar\\\/ac0321ee4a0a83e82a253e7b2d348ef539e2c8fe16d06b600bde04de1b364fa7?s=96&d=mm&r=g\",\"contentUrl\":\"https:\\\/\\\/secure.gravatar.com\\\/avatar\\\/ac0321ee4a0a83e82a253e7b2d348ef539e2c8fe16d06b600bde04de1b364fa7?s=96&d=mm&r=g\",\"caption\":\"Dpto Informatica MI Ayuntamiento de Caudete\"},\"url\":\"https:\\\/\\\/www.caudete.org\\\/ayuntamiento\\\/author\\\/informatica\\\/\"}]}<\/script>\n<!-- \/ Yoast SEO plugin. -->","yoast_head_json":{"title":"El pr\u00f3ximo domingo 26 de noviembre Caudete acoger\u00e1 una de las fases del Campeonato Provincial de Campo a Trav\u00e9s - MI Ayuntamiento de Caudete","description":"P\u00e1gina Oficial del Ayuntamiento de Caudete (Albacete)","robots":{"index":"index","follow":"follow","max-snippet":"max-snippet:-1","max-image-preview":"max-image-preview:large","max-video-preview":"max-video-preview:-1"},"canonical":"https:\/\/www.caudete.org\/ayuntamiento\/el-proximo-domingo-26-de-noviembre-caudete-acogera-una-de-las-fases-del-campeonato-provincial-de-campo-a-traves\/","og_locale":"es_ES","og_type":"article","og_title":"El pr\u00f3ximo domingo 26 de noviembre Caudete acoger\u00e1 una de las fases del Campeonato Provincial de Campo a Trav\u00e9s - MI Ayuntamiento de Caudete","og_description":"P\u00e1gina Oficial del Ayuntamiento de Caudete (Albacete)","og_url":"https:\/\/www.caudete.org\/ayuntamiento\/el-proximo-domingo-26-de-noviembre-caudete-acogera-una-de-las-fases-del-campeonato-provincial-de-campo-a-traves\/","og_site_name":"MI Ayuntamiento de Caudete","article_publisher":"https:\/\/www.facebook.com\/ayuntamientocaudete\/","article_published_time":"2023-11-20T08:52:56+00:00","og_image":[{"width":794,"height":237,"url":"https:\/\/www.caudete.org\/ayuntamiento\/wp-content\/uploads\/2023\/11\/CARTEL-CIRCUITO-CAMPO-A-TRAVES-port.jpg","type":"image\/jpeg"}],"author":"Dpto Informatica MI Ayuntamiento de Caudete","twitter_card":"summary_large_image","twitter_misc":{"Escrito por":"Dpto Informatica MI Ayuntamiento de Caudete","Tiempo de lectura":"2 minutos"},"schema":{"@context":"https:\/\/schema.org","@graph":[{"@type":"Article","@id":"https:\/\/www.caudete.org\/ayuntamiento\/el-proximo-domingo-26-de-noviembre-caudete-acogera-una-de-las-fases-del-campeonato-provincial-de-campo-a-traves\/#article","isPartOf":{"@id":"https:\/\/www.caudete.org\/ayuntamiento\/el-proximo-domingo-26-de-noviembre-caudete-acogera-una-de-las-fases-del-campeonato-provincial-de-campo-a-traves\/"},"author":{"name":"Dpto Informatica MI Ayuntamiento de Caudete","@id":"https:\/\/www.caudete.org\/ayuntamiento\/#\/schema\/person\/4b9eab41761957db9b1bf9c418d1ef46"},"headline":"El pr\u00f3ximo domingo 26 de noviembre Caudete acoger\u00e1 una de las fases del Campeonato Provincial de Campo a Trav\u00e9s","datePublished":"2023-11-20T08:52:56+00:00","mainEntityOfPage":{"@id":"https:\/\/www.caudete.org\/ayuntamiento\/el-proximo-domingo-26-de-noviembre-caudete-acogera-una-de-las-fases-del-campeonato-provincial-de-campo-a-traves\/"},"wordCount":198,"image":{"@id":"https:\/\/www.caudete.org\/ayuntamiento\/el-proximo-domingo-26-de-noviembre-caudete-acogera-una-de-las-fases-del-campeonato-provincial-de-campo-a-traves\/#primaryimage"},"thumbnailUrl":"https:\/\/www.caudete.org\/ayuntamiento\/wp-content\/uploads\/2023\/11\/CARTEL-CIRCUITO-CAMPO-A-TRAVES-port.jpg","articleSection":["Deportes"],"inLanguage":"es"},{"@type":"WebPage","@id":"https:\/\/www.caudete.org\/ayuntamiento\/el-proximo-domingo-26-de-noviembre-caudete-acogera-una-de-las-fases-del-campeonato-provincial-de-campo-a-traves\/","url":"https:\/\/www.caudete.org\/ayuntamiento\/el-proximo-domingo-26-de-noviembre-caudete-acogera-una-de-las-fases-del-campeonato-provincial-de-campo-a-traves\/","name":"El pr\u00f3ximo domingo 26 de noviembre Caudete acoger\u00e1 una de las fases del Campeonato Provincial de Campo a Trav\u00e9s - MI Ayuntamiento de Caudete","isPartOf":{"@id":"https:\/\/www.caudete.org\/ayuntamiento\/#website"},"primaryImageOfPage":{"@id":"https:\/\/www.caudete.org\/ayuntamiento\/el-proximo-domingo-26-de-noviembre-caudete-acogera-una-de-las-fases-del-campeonato-provincial-de-campo-a-traves\/#primaryimage"},"image":{"@id":"https:\/\/www.caudete.org\/ayuntamiento\/el-proximo-domingo-26-de-noviembre-caudete-acogera-una-de-las-fases-del-campeonato-provincial-de-campo-a-traves\/#primaryimage"},"thumbnailUrl":"https:\/\/www.caudete.org\/ayuntamiento\/wp-content\/uploads\/2023\/11\/CARTEL-CIRCUITO-CAMPO-A-TRAVES-port.jpg","datePublished":"2023-11-20T08:52:56+00:00","author":{"@id":"https:\/\/www.caudete.org\/ayuntamiento\/#\/schema\/person\/4b9eab41761957db9b1bf9c418d1ef46"},"description":"P\u00e1gina Oficial del Ayuntamiento de Caudete (Albacete)","breadcrumb":{"@id":"https:\/\/www.caudete.org\/ayuntamiento\/el-proximo-domingo-26-de-noviembre-caudete-acogera-una-de-las-fases-del-campeonato-provincial-de-campo-a-traves\/#breadcrumb"},"inLanguage":"es","potentialAction":[{"@type":"ReadAction","target":["https:\/\/www.caudete.org\/ayuntamiento\/el-proximo-domingo-26-de-noviembre-caudete-acogera-una-de-las-fases-del-campeonato-provincial-de-campo-a-traves\/"]}]},{"@type":"ImageObject","inLanguage":"es","@id":"https:\/\/www.caudete.org\/ayuntamiento\/el-proximo-domingo-26-de-noviembre-caudete-acogera-una-de-las-fases-del-campeonato-provincial-de-campo-a-traves\/#primaryimage","url":"https:\/\/www.caudete.org\/ayuntamiento\/wp-content\/uploads\/2023\/11\/CARTEL-CIRCUITO-CAMPO-A-TRAVES-port.jpg","contentUrl":"https:\/\/www.caudete.org\/ayuntamiento\/wp-content\/uploads\/2023\/11\/CARTEL-CIRCUITO-CAMPO-A-TRAVES-port.jpg","width":794,"height":237},{"@type":"BreadcrumbList","@id":"https:\/\/www.caudete.org\/ayuntamiento\/el-proximo-domingo-26-de-noviembre-caudete-acogera-una-de-las-fases-del-campeonato-provincial-de-campo-a-traves\/#breadcrumb","itemListElement":[{"@type":"ListItem","position":1,"name":"Inicio","item":"https:\/\/www.caudete.org\/ayuntamiento\/"},{"@type":"ListItem","position":2,"name":"El pr\u00f3ximo domingo 26 de noviembre Caudete acoger\u00e1 una de las fases del Campeonato Provincial de Campo a Trav\u00e9s"}]},{"@type":"WebSite","@id":"https:\/\/www.caudete.org\/ayuntamiento\/#website","url":"https:\/\/www.caudete.org\/ayuntamiento\/","name":"MI Ayuntamiento de Caudete","description":"P\u00e1gina Oficial del MI Ayuntamiento de Caudete","potentialAction":[{"@type":"SearchAction","target":{"@type":"EntryPoint","urlTemplate":"https:\/\/www.caudete.org\/ayuntamiento\/?s={search_term_string}"},"query-input":{"@type":"PropertyValueSpecification","valueRequired":true,"valueName":"search_term_string"}}],"inLanguage":"es"},{"@type":"Person","@id":"https:\/\/www.caudete.org\/ayuntamiento\/#\/schema\/person\/4b9eab41761957db9b1bf9c418d1ef46","name":"Dpto Informatica MI Ayuntamiento de Caudete","image":{"@type":"ImageObject","inLanguage":"es","@id":"https:\/\/secure.gravatar.com\/avatar\/ac0321ee4a0a83e82a253e7b2d348ef539e2c8fe16d06b600bde04de1b364fa7?s=96&d=mm&r=g","url":"https:\/\/secure.gravatar.com\/avatar\/ac0321ee4a0a83e82a253e7b2d348ef539e2c8fe16d06b600bde04de1b364fa7?s=96&d=mm&r=g","contentUrl":"https:\/\/secure.gravatar.com\/avatar\/ac0321ee4a0a83e82a253e7b2d348ef539e2c8fe16d06b600bde04de1b364fa7?s=96&d=mm&r=g","caption":"Dpto Informatica MI Ayuntamiento de Caudete"},"url":"https:\/\/www.caudete.org\/ayuntamiento\/author\/informatica\/"}]}},"_links":{"self":[{"href":"https:\/\/www.caudete.org\/ayuntamiento\/wp-json\/wp\/v2\/posts\/23754","targetHints":{"allow":["GET"]}}],"collection":[{"href":"https:\/\/www.caudete.org\/ayuntamiento\/wp-json\/wp\/v2\/posts"}],"about":[{"href":"https:\/\/www.caudete.org\/ayuntamiento\/wp-json\/wp\/v2\/types\/post"}],"author":[{"embeddable":true,"href":"https:\/\/www.caudete.org\/ayuntamiento\/wp-json\/wp\/v2\/users\/5"}],"replies":[{"embeddable":true,"href":"https:\/\/www.caudete.org\/ayuntamiento\/wp-json\/wp\/v2\/comments?post=23754"}],"version-history":[{"count":1,"href":"https:\/\/www.caudete.org\/ayuntamiento\/wp-json\/wp\/v2\/posts\/23754\/revisions"}],"predecessor-version":[{"id":23758,"href":"https:\/\/www.caudete.org\/ayuntamiento\/wp-json\/wp\/v2\/posts\/23754\/revisions\/23758"}],"wp:featuredmedia":[{"embeddable":true,"href":"https:\/\/www.caudete.org\/ayuntamiento\/wp-json\/wp\/v2\/media\/23757"}],"wp:attachment":[{"href":"https:\/\/www.caudete.org\/ayuntamiento\/wp-json\/wp\/v2\/media?parent=23754"}],"wp:term":[{"taxonomy":"category","embeddable":true,"href":"https:\/\/www.caudete.org\/ayuntamiento\/wp-json\/wp\/v2\/categories?post=23754"},{"taxonomy":"post_tag","embeddable":true,"href":"https:\/\/www.caudete.org\/ayuntamiento\/wp-json\/wp\/v2\/tags?post=23754"}],"curies":[{"name":"wp","href":"https:\/\/api.w.org\/{rel}","templated":true}]}}