{"id":23784,"date":"2023-11-22T19:43:52","date_gmt":"2023-11-22T18:43:52","guid":{"rendered":"https:\/\/www.caudete.org\/ayuntamiento\/?p=23784"},"modified":"2023-11-22T19:43:52","modified_gmt":"2023-11-22T18:43:52","slug":"5-agentes-de-la-policia-de-caudete-han-sido-graduados-hoy-en-toledo","status":"publish","type":"post","link":"https:\/\/www.caudete.org\/ayuntamiento\/5-agentes-de-la-policia-de-caudete-han-sido-graduados-hoy-en-toledo\/","title":{"rendered":"5 Agentes de la Polic\u00eda de Caudete han sido Graduados hoy en Toledo"},"content":{"rendered":"<p><a href=\"https:\/\/www.caudete.org\/ayuntamiento\/wp-content\/uploads\/2023\/11\/IMG-20231122-WA0025.jpg\" rel='prettyPhoto'><img fetchpriority=\"high\" decoding=\"async\" class=\"alignnone wp-image-23783 size-full\" src=\"https:\/\/www.caudete.org\/ayuntamiento\/wp-content\/uploads\/2023\/11\/IMG-20231122-WA0025.jpg\" alt=\"\" width=\"2048\" height=\"1798\" srcset=\"https:\/\/www.caudete.org\/ayuntamiento\/wp-content\/uploads\/2023\/11\/IMG-20231122-WA0025.jpg 2048w, https:\/\/www.caudete.org\/ayuntamiento\/wp-content\/uploads\/2023\/11\/IMG-20231122-WA0025-300x263.jpg 300w, https:\/\/www.caudete.org\/ayuntamiento\/wp-content\/uploads\/2023\/11\/IMG-20231122-WA0025-1024x899.jpg 1024w, https:\/\/www.caudete.org\/ayuntamiento\/wp-content\/uploads\/2023\/11\/IMG-20231122-WA0025-768x674.jpg 768w, https:\/\/www.caudete.org\/ayuntamiento\/wp-content\/uploads\/2023\/11\/IMG-20231122-WA0025-1536x1349.jpg 1536w\" sizes=\"(max-width: 2048px) 100vw, 2048px\" \/><\/a><\/p>\n<p style=\"text-align: justify;\">El <em>Auditorium<\/em> de la Real F\u00e1brica de Armas de Toledo (sede de la Universidad de CLM) ha sido est\u00e1 ma\u00f1ana el escenario escogido para clausurar LA 2\u00aa Edici\u00f3n del XXXV Curso de Formaci\u00f3n Inicial de la Polic\u00eda Local de Castilla La Mancha.<\/p>\n<p style=\"text-align: justify;\">De un total de 63 nuevos agentes graduados en el d\u00eda de hoy, 5 son los pertenecientes a la plantilla caudetana, motivo por el que esta ma\u00f1ana han estado arropados por familiares y en representaci\u00f3n Municipal el Alcalde Mois\u00e9s L\u00f3pez, la Concejal de Seguridad M\u00aa Dolores Requena y el Subinspector de Polic\u00eda.<\/p>\n<p style=\"text-align: justify;\">Tras este acto, los 3 agentes tomar\u00e1n posesi\u00f3n como funcionarios de carrera en el d\u00eda de ma\u00f1ana, pasando a ser Agentes de la Polic\u00eda Local en plenas funciones, para un cuerpo que alcanza por primera vez en la historia local los 18 agentes.<\/p>\n<p><a href=\"https:\/\/www.caudete.org\/ayuntamiento\/wp-content\/uploads\/2023\/11\/IMG-20231122-WA0027.jpg\" rel='prettyPhoto'><img decoding=\"async\" class=\"alignnone wp-image-23781 size-full\" src=\"https:\/\/www.caudete.org\/ayuntamiento\/wp-content\/uploads\/2023\/11\/IMG-20231122-WA0027.jpg\" alt=\"\" width=\"2048\" height=\"998\" srcset=\"https:\/\/www.caudete.org\/ayuntamiento\/wp-content\/uploads\/2023\/11\/IMG-20231122-WA0027.jpg 2048w, https:\/\/www.caudete.org\/ayuntamiento\/wp-content\/uploads\/2023\/11\/IMG-20231122-WA0027-300x146.jpg 300w, https:\/\/www.caudete.org\/ayuntamiento\/wp-content\/uploads\/2023\/11\/IMG-20231122-WA0027-1024x499.jpg 1024w, https:\/\/www.caudete.org\/ayuntamiento\/wp-content\/uploads\/2023\/11\/IMG-20231122-WA0027-768x374.jpg 768w, https:\/\/www.caudete.org\/ayuntamiento\/wp-content\/uploads\/2023\/11\/IMG-20231122-WA0027-1536x749.jpg 1536w\" sizes=\"(max-width: 2048px) 100vw, 2048px\" \/><\/a> <a href=\"https:\/\/www.caudete.org\/ayuntamiento\/wp-content\/uploads\/2023\/11\/IMG-20231122-WA0028.jpg\" rel='prettyPhoto'><img decoding=\"async\" class=\"alignnone wp-image-23780 size-full\" src=\"https:\/\/www.caudete.org\/ayuntamiento\/wp-content\/uploads\/2023\/11\/IMG-20231122-WA0028.jpg\" alt=\"\" width=\"1772\" height=\"737\" srcset=\"https:\/\/www.caudete.org\/ayuntamiento\/wp-content\/uploads\/2023\/11\/IMG-20231122-WA0028.jpg 1772w, https:\/\/www.caudete.org\/ayuntamiento\/wp-content\/uploads\/2023\/11\/IMG-20231122-WA0028-300x125.jpg 300w, https:\/\/www.caudete.org\/ayuntamiento\/wp-content\/uploads\/2023\/11\/IMG-20231122-WA0028-1024x426.jpg 1024w, https:\/\/www.caudete.org\/ayuntamiento\/wp-content\/uploads\/2023\/11\/IMG-20231122-WA0028-768x319.jpg 768w, https:\/\/www.caudete.org\/ayuntamiento\/wp-content\/uploads\/2023\/11\/IMG-20231122-WA0028-1536x639.jpg 1536w\" sizes=\"(max-width: 1772px) 100vw, 1772px\" \/><\/a><\/p>\n","protected":false},"excerpt":{"rendered":"<p>El Auditorium de la Real F\u00e1brica de Armas de Toledo (sede de la Universidad de CLM) ha sido est\u00e1 ma\u00f1ana el escenario escogido para clausurar LA 2\u00aa Edici\u00f3n del XXXV Curso de Formaci\u00f3n Inicial de la Polic\u00eda Local de Castilla La Mancha. De un total de 63 nuevos agentes graduados en el d\u00eda de hoy, &hellip;<\/p>\n","protected":false},"author":3,"featured_media":23782,"comment_status":"closed","ping_status":"open","sticky":false,"template":"","format":"standard","meta":{"ngg_post_thumbnail":0,"footnotes":""},"categories":[852],"tags":[],"class_list":["post-23784","post","type-post","status-publish","format-standard","has-post-thumbnail","hentry","category-seguridad-ciudadana"],"yoast_head":"<!-- This site is optimized with the Yoast SEO plugin v27.5 - https:\/\/yoast.com\/product\/yoast-seo-wordpress\/ -->\n<title>5 Agentes de la Polic\u00eda de Caudete han sido Graduados hoy en Toledo - MI Ayuntamiento de Caudete<\/title>\n<meta name=\"description\" content=\"P\u00e1gina Oficial del Ayuntamiento de Caudete (Albacete)\" \/>\n<meta name=\"robots\" content=\"index, follow, max-snippet:-1, max-image-preview:large, max-video-preview:-1\" \/>\n<link rel=\"canonical\" href=\"https:\/\/www.caudete.org\/ayuntamiento\/5-agentes-de-la-policia-de-caudete-han-sido-graduados-hoy-en-toledo\/\" \/>\n<meta property=\"og:locale\" content=\"es_ES\" \/>\n<meta property=\"og:type\" content=\"article\" \/>\n<meta property=\"og:title\" content=\"5 Agentes de la Polic\u00eda de Caudete han sido Graduados hoy en Toledo - MI Ayuntamiento de Caudete\" \/>\n<meta property=\"og:description\" content=\"P\u00e1gina Oficial del Ayuntamiento de Caudete (Albacete)\" \/>\n<meta property=\"og:url\" content=\"https:\/\/www.caudete.org\/ayuntamiento\/5-agentes-de-la-policia-de-caudete-han-sido-graduados-hoy-en-toledo\/\" \/>\n<meta property=\"og:site_name\" content=\"MI Ayuntamiento de Caudete\" \/>\n<meta property=\"article:publisher\" content=\"https:\/\/www.facebook.com\/ayuntamientocaudete\/\" \/>\n<meta property=\"article:published_time\" content=\"2023-11-22T18:43:52+00:00\" \/>\n<meta property=\"og:image\" content=\"https:\/\/www.caudete.org\/ayuntamiento\/wp-content\/uploads\/2023\/11\/IMG-20231122-WA0024.jpg\" \/>\n\t<meta property=\"og:image:width\" content=\"1848\" \/>\n\t<meta property=\"og:image:height\" content=\"1123\" \/>\n\t<meta property=\"og:image:type\" content=\"image\/jpeg\" \/>\n<meta name=\"author\" content=\"alcalde\" \/>\n<meta name=\"twitter:card\" content=\"summary_large_image\" \/>\n<meta name=\"twitter:label1\" content=\"Escrito por\" \/>\n\t<meta name=\"twitter:data1\" content=\"alcalde\" \/>\n\t<meta name=\"twitter:label2\" content=\"Tiempo de lectura\" \/>\n\t<meta name=\"twitter:data2\" content=\"2 minutos\" \/>\n<script type=\"application\/ld+json\" class=\"yoast-schema-graph\">{\"@context\":\"https:\\\/\\\/schema.org\",\"@graph\":[{\"@type\":\"Article\",\"@id\":\"https:\\\/\\\/www.caudete.org\\\/ayuntamiento\\\/5-agentes-de-la-policia-de-caudete-han-sido-graduados-hoy-en-toledo\\\/#article\",\"isPartOf\":{\"@id\":\"https:\\\/\\\/www.caudete.org\\\/ayuntamiento\\\/5-agentes-de-la-policia-de-caudete-han-sido-graduados-hoy-en-toledo\\\/\"},\"author\":{\"name\":\"alcalde\",\"@id\":\"https:\\\/\\\/www.caudete.org\\\/ayuntamiento\\\/#\\\/schema\\\/person\\\/cc646da9133078ee4d8dd47457947253\"},\"headline\":\"5 Agentes de la Polic\u00eda de Caudete han sido Graduados hoy en Toledo\",\"datePublished\":\"2023-11-22T18:43:52+00:00\",\"mainEntityOfPage\":{\"@id\":\"https:\\\/\\\/www.caudete.org\\\/ayuntamiento\\\/5-agentes-de-la-policia-de-caudete-han-sido-graduados-hoy-en-toledo\\\/\"},\"wordCount\":161,\"image\":{\"@id\":\"https:\\\/\\\/www.caudete.org\\\/ayuntamiento\\\/5-agentes-de-la-policia-de-caudete-han-sido-graduados-hoy-en-toledo\\\/#primaryimage\"},\"thumbnailUrl\":\"https:\\\/\\\/www.caudete.org\\\/ayuntamiento\\\/wp-content\\\/uploads\\\/2023\\\/11\\\/IMG-20231122-WA0024.jpg\",\"articleSection\":[\"Seguridad Ciudadana\"],\"inLanguage\":\"es\"},{\"@type\":\"WebPage\",\"@id\":\"https:\\\/\\\/www.caudete.org\\\/ayuntamiento\\\/5-agentes-de-la-policia-de-caudete-han-sido-graduados-hoy-en-toledo\\\/\",\"url\":\"https:\\\/\\\/www.caudete.org\\\/ayuntamiento\\\/5-agentes-de-la-policia-de-caudete-han-sido-graduados-hoy-en-toledo\\\/\",\"name\":\"5 Agentes de la Polic\u00eda de Caudete han sido Graduados hoy en Toledo - MI Ayuntamiento de Caudete\",\"isPartOf\":{\"@id\":\"https:\\\/\\\/www.caudete.org\\\/ayuntamiento\\\/#website\"},\"primaryImageOfPage\":{\"@id\":\"https:\\\/\\\/www.caudete.org\\\/ayuntamiento\\\/5-agentes-de-la-policia-de-caudete-han-sido-graduados-hoy-en-toledo\\\/#primaryimage\"},\"image\":{\"@id\":\"https:\\\/\\\/www.caudete.org\\\/ayuntamiento\\\/5-agentes-de-la-policia-de-caudete-han-sido-graduados-hoy-en-toledo\\\/#primaryimage\"},\"thumbnailUrl\":\"https:\\\/\\\/www.caudete.org\\\/ayuntamiento\\\/wp-content\\\/uploads\\\/2023\\\/11\\\/IMG-20231122-WA0024.jpg\",\"datePublished\":\"2023-11-22T18:43:52+00:00\",\"author\":{\"@id\":\"https:\\\/\\\/www.caudete.org\\\/ayuntamiento\\\/#\\\/schema\\\/person\\\/cc646da9133078ee4d8dd47457947253\"},\"description\":\"P\u00e1gina Oficial del Ayuntamiento de Caudete (Albacete)\",\"breadcrumb\":{\"@id\":\"https:\\\/\\\/www.caudete.org\\\/ayuntamiento\\\/5-agentes-de-la-policia-de-caudete-han-sido-graduados-hoy-en-toledo\\\/#breadcrumb\"},\"inLanguage\":\"es\",\"potentialAction\":[{\"@type\":\"ReadAction\",\"target\":[\"https:\\\/\\\/www.caudete.org\\\/ayuntamiento\\\/5-agentes-de-la-policia-de-caudete-han-sido-graduados-hoy-en-toledo\\\/\"]}]},{\"@type\":\"ImageObject\",\"inLanguage\":\"es\",\"@id\":\"https:\\\/\\\/www.caudete.org\\\/ayuntamiento\\\/5-agentes-de-la-policia-de-caudete-han-sido-graduados-hoy-en-toledo\\\/#primaryimage\",\"url\":\"https:\\\/\\\/www.caudete.org\\\/ayuntamiento\\\/wp-content\\\/uploads\\\/2023\\\/11\\\/IMG-20231122-WA0024.jpg\",\"contentUrl\":\"https:\\\/\\\/www.caudete.org\\\/ayuntamiento\\\/wp-content\\\/uploads\\\/2023\\\/11\\\/IMG-20231122-WA0024.jpg\",\"width\":1848,\"height\":1123},{\"@type\":\"BreadcrumbList\",\"@id\":\"https:\\\/\\\/www.caudete.org\\\/ayuntamiento\\\/5-agentes-de-la-policia-de-caudete-han-sido-graduados-hoy-en-toledo\\\/#breadcrumb\",\"itemListElement\":[{\"@type\":\"ListItem\",\"position\":1,\"name\":\"Inicio\",\"item\":\"https:\\\/\\\/www.caudete.org\\\/ayuntamiento\\\/\"},{\"@type\":\"ListItem\",\"position\":2,\"name\":\"5 Agentes de la Polic\u00eda de Caudete han sido Graduados hoy en Toledo\"}]},{\"@type\":\"WebSite\",\"@id\":\"https:\\\/\\\/www.caudete.org\\\/ayuntamiento\\\/#website\",\"url\":\"https:\\\/\\\/www.caudete.org\\\/ayuntamiento\\\/\",\"name\":\"MI Ayuntamiento de Caudete\",\"description\":\"P\u00e1gina Oficial del MI Ayuntamiento de Caudete\",\"potentialAction\":[{\"@type\":\"SearchAction\",\"target\":{\"@type\":\"EntryPoint\",\"urlTemplate\":\"https:\\\/\\\/www.caudete.org\\\/ayuntamiento\\\/?s={search_term_string}\"},\"query-input\":{\"@type\":\"PropertyValueSpecification\",\"valueRequired\":true,\"valueName\":\"search_term_string\"}}],\"inLanguage\":\"es\"},{\"@type\":\"Person\",\"@id\":\"https:\\\/\\\/www.caudete.org\\\/ayuntamiento\\\/#\\\/schema\\\/person\\\/cc646da9133078ee4d8dd47457947253\",\"name\":\"alcalde\",\"image\":{\"@type\":\"ImageObject\",\"inLanguage\":\"es\",\"@id\":\"https:\\\/\\\/secure.gravatar.com\\\/avatar\\\/84a817ba065b29ff08d666b215a215f5c79186a645ccb25b14a663d48a130f77?s=96&d=mm&r=g\",\"url\":\"https:\\\/\\\/secure.gravatar.com\\\/avatar\\\/84a817ba065b29ff08d666b215a215f5c79186a645ccb25b14a663d48a130f77?s=96&d=mm&r=g\",\"contentUrl\":\"https:\\\/\\\/secure.gravatar.com\\\/avatar\\\/84a817ba065b29ff08d666b215a215f5c79186a645ccb25b14a663d48a130f77?s=96&d=mm&r=g\",\"caption\":\"alcalde\"},\"url\":\"https:\\\/\\\/www.caudete.org\\\/ayuntamiento\\\/author\\\/alcalde\\\/\"}]}<\/script>\n<!-- \/ Yoast SEO plugin. -->","yoast_head_json":{"title":"5 Agentes de la Polic\u00eda de Caudete han sido Graduados hoy en Toledo - MI Ayuntamiento de Caudete","description":"P\u00e1gina Oficial del Ayuntamiento de Caudete (Albacete)","robots":{"index":"index","follow":"follow","max-snippet":"max-snippet:-1","max-image-preview":"max-image-preview:large","max-video-preview":"max-video-preview:-1"},"canonical":"https:\/\/www.caudete.org\/ayuntamiento\/5-agentes-de-la-policia-de-caudete-han-sido-graduados-hoy-en-toledo\/","og_locale":"es_ES","og_type":"article","og_title":"5 Agentes de la Polic\u00eda de Caudete han sido Graduados hoy en Toledo - MI Ayuntamiento de Caudete","og_description":"P\u00e1gina Oficial del Ayuntamiento de Caudete (Albacete)","og_url":"https:\/\/www.caudete.org\/ayuntamiento\/5-agentes-de-la-policia-de-caudete-han-sido-graduados-hoy-en-toledo\/","og_site_name":"MI Ayuntamiento de Caudete","article_publisher":"https:\/\/www.facebook.com\/ayuntamientocaudete\/","article_published_time":"2023-11-22T18:43:52+00:00","og_image":[{"width":1848,"height":1123,"url":"https:\/\/www.caudete.org\/ayuntamiento\/wp-content\/uploads\/2023\/11\/IMG-20231122-WA0024.jpg","type":"image\/jpeg"}],"author":"alcalde","twitter_card":"summary_large_image","twitter_misc":{"Escrito por":"alcalde","Tiempo de lectura":"2 minutos"},"schema":{"@context":"https:\/\/schema.org","@graph":[{"@type":"Article","@id":"https:\/\/www.caudete.org\/ayuntamiento\/5-agentes-de-la-policia-de-caudete-han-sido-graduados-hoy-en-toledo\/#article","isPartOf":{"@id":"https:\/\/www.caudete.org\/ayuntamiento\/5-agentes-de-la-policia-de-caudete-han-sido-graduados-hoy-en-toledo\/"},"author":{"name":"alcalde","@id":"https:\/\/www.caudete.org\/ayuntamiento\/#\/schema\/person\/cc646da9133078ee4d8dd47457947253"},"headline":"5 Agentes de la Polic\u00eda de Caudete han sido Graduados hoy en Toledo","datePublished":"2023-11-22T18:43:52+00:00","mainEntityOfPage":{"@id":"https:\/\/www.caudete.org\/ayuntamiento\/5-agentes-de-la-policia-de-caudete-han-sido-graduados-hoy-en-toledo\/"},"wordCount":161,"image":{"@id":"https:\/\/www.caudete.org\/ayuntamiento\/5-agentes-de-la-policia-de-caudete-han-sido-graduados-hoy-en-toledo\/#primaryimage"},"thumbnailUrl":"https:\/\/www.caudete.org\/ayuntamiento\/wp-content\/uploads\/2023\/11\/IMG-20231122-WA0024.jpg","articleSection":["Seguridad Ciudadana"],"inLanguage":"es"},{"@type":"WebPage","@id":"https:\/\/www.caudete.org\/ayuntamiento\/5-agentes-de-la-policia-de-caudete-han-sido-graduados-hoy-en-toledo\/","url":"https:\/\/www.caudete.org\/ayuntamiento\/5-agentes-de-la-policia-de-caudete-han-sido-graduados-hoy-en-toledo\/","name":"5 Agentes de la Polic\u00eda de Caudete han sido Graduados hoy en Toledo - MI Ayuntamiento de Caudete","isPartOf":{"@id":"https:\/\/www.caudete.org\/ayuntamiento\/#website"},"primaryImageOfPage":{"@id":"https:\/\/www.caudete.org\/ayuntamiento\/5-agentes-de-la-policia-de-caudete-han-sido-graduados-hoy-en-toledo\/#primaryimage"},"image":{"@id":"https:\/\/www.caudete.org\/ayuntamiento\/5-agentes-de-la-policia-de-caudete-han-sido-graduados-hoy-en-toledo\/#primaryimage"},"thumbnailUrl":"https:\/\/www.caudete.org\/ayuntamiento\/wp-content\/uploads\/2023\/11\/IMG-20231122-WA0024.jpg","datePublished":"2023-11-22T18:43:52+00:00","author":{"@id":"https:\/\/www.caudete.org\/ayuntamiento\/#\/schema\/person\/cc646da9133078ee4d8dd47457947253"},"description":"P\u00e1gina Oficial del Ayuntamiento de Caudete (Albacete)","breadcrumb":{"@id":"https:\/\/www.caudete.org\/ayuntamiento\/5-agentes-de-la-policia-de-caudete-han-sido-graduados-hoy-en-toledo\/#breadcrumb"},"inLanguage":"es","potentialAction":[{"@type":"ReadAction","target":["https:\/\/www.caudete.org\/ayuntamiento\/5-agentes-de-la-policia-de-caudete-han-sido-graduados-hoy-en-toledo\/"]}]},{"@type":"ImageObject","inLanguage":"es","@id":"https:\/\/www.caudete.org\/ayuntamiento\/5-agentes-de-la-policia-de-caudete-han-sido-graduados-hoy-en-toledo\/#primaryimage","url":"https:\/\/www.caudete.org\/ayuntamiento\/wp-content\/uploads\/2023\/11\/IMG-20231122-WA0024.jpg","contentUrl":"https:\/\/www.caudete.org\/ayuntamiento\/wp-content\/uploads\/2023\/11\/IMG-20231122-WA0024.jpg","width":1848,"height":1123},{"@type":"BreadcrumbList","@id":"https:\/\/www.caudete.org\/ayuntamiento\/5-agentes-de-la-policia-de-caudete-han-sido-graduados-hoy-en-toledo\/#breadcrumb","itemListElement":[{"@type":"ListItem","position":1,"name":"Inicio","item":"https:\/\/www.caudete.org\/ayuntamiento\/"},{"@type":"ListItem","position":2,"name":"5 Agentes de la Polic\u00eda de Caudete han sido Graduados hoy en Toledo"}]},{"@type":"WebSite","@id":"https:\/\/www.caudete.org\/ayuntamiento\/#website","url":"https:\/\/www.caudete.org\/ayuntamiento\/","name":"MI Ayuntamiento de Caudete","description":"P\u00e1gina Oficial del MI Ayuntamiento de Caudete","potentialAction":[{"@type":"SearchAction","target":{"@type":"EntryPoint","urlTemplate":"https:\/\/www.caudete.org\/ayuntamiento\/?s={search_term_string}"},"query-input":{"@type":"PropertyValueSpecification","valueRequired":true,"valueName":"search_term_string"}}],"inLanguage":"es"},{"@type":"Person","@id":"https:\/\/www.caudete.org\/ayuntamiento\/#\/schema\/person\/cc646da9133078ee4d8dd47457947253","name":"alcalde","image":{"@type":"ImageObject","inLanguage":"es","@id":"https:\/\/secure.gravatar.com\/avatar\/84a817ba065b29ff08d666b215a215f5c79186a645ccb25b14a663d48a130f77?s=96&d=mm&r=g","url":"https:\/\/secure.gravatar.com\/avatar\/84a817ba065b29ff08d666b215a215f5c79186a645ccb25b14a663d48a130f77?s=96&d=mm&r=g","contentUrl":"https:\/\/secure.gravatar.com\/avatar\/84a817ba065b29ff08d666b215a215f5c79186a645ccb25b14a663d48a130f77?s=96&d=mm&r=g","caption":"alcalde"},"url":"https:\/\/www.caudete.org\/ayuntamiento\/author\/alcalde\/"}]}},"_links":{"self":[{"href":"https:\/\/www.caudete.org\/ayuntamiento\/wp-json\/wp\/v2\/posts\/23784","targetHints":{"allow":["GET"]}}],"collection":[{"href":"https:\/\/www.caudete.org\/ayuntamiento\/wp-json\/wp\/v2\/posts"}],"about":[{"href":"https:\/\/www.caudete.org\/ayuntamiento\/wp-json\/wp\/v2\/types\/post"}],"author":[{"embeddable":true,"href":"https:\/\/www.caudete.org\/ayuntamiento\/wp-json\/wp\/v2\/users\/3"}],"replies":[{"embeddable":true,"href":"https:\/\/www.caudete.org\/ayuntamiento\/wp-json\/wp\/v2\/comments?post=23784"}],"version-history":[{"count":1,"href":"https:\/\/www.caudete.org\/ayuntamiento\/wp-json\/wp\/v2\/posts\/23784\/revisions"}],"predecessor-version":[{"id":23785,"href":"https:\/\/www.caudete.org\/ayuntamiento\/wp-json\/wp\/v2\/posts\/23784\/revisions\/23785"}],"wp:featuredmedia":[{"embeddable":true,"href":"https:\/\/www.caudete.org\/ayuntamiento\/wp-json\/wp\/v2\/media\/23782"}],"wp:attachment":[{"href":"https:\/\/www.caudete.org\/ayuntamiento\/wp-json\/wp\/v2\/media?parent=23784"}],"wp:term":[{"taxonomy":"category","embeddable":true,"href":"https:\/\/www.caudete.org\/ayuntamiento\/wp-json\/wp\/v2\/categories?post=23784"},{"taxonomy":"post_tag","embeddable":true,"href":"https:\/\/www.caudete.org\/ayuntamiento\/wp-json\/wp\/v2\/tags?post=23784"}],"curies":[{"name":"wp","href":"https:\/\/api.w.org\/{rel}","templated":true}]}}