{"id":23786,"date":"2023-11-23T09:36:37","date_gmt":"2023-11-23T08:36:37","guid":{"rendered":"https:\/\/www.caudete.org\/ayuntamiento\/?p=23786"},"modified":"2023-11-23T09:36:37","modified_gmt":"2023-11-23T08:36:37","slug":"aunque-esta-vez-no-ha-sido-posible-el-ptec-de-caudete-ya-compite-entre-los-grandes-de-la-logistica-internacional","status":"publish","type":"post","link":"https:\/\/www.caudete.org\/ayuntamiento\/aunque-esta-vez-no-ha-sido-posible-el-ptec-de-caudete-ya-compite-entre-los-grandes-de-la-logistica-internacional\/","title":{"rendered":"Aunque esta vez no ha sido posible, el PTEC de Caudete ya compite entre los grandes de la log\u00edstica internacional"},"content":{"rendered":"<p style=\"text-align: justify;\">El Equipo de Gobierno quiere trasladar a la poblaci\u00f3n una informaci\u00f3n que se ha estado llevando por el Ayuntamiento durante los pasados meses y que ha estado relacionada con una importante inversi\u00f3n que, al final, no ha podido llevarse a cabo en nuestro municipio.<\/p>\n<p style=\"text-align: justify;\">Se trataba de un proyecto muy ambicioso que superaba los 200 millones de euros y unos 250 empleos directos impulsado por la multinacional danesa JYSK que ha estado buscando una ubicaci\u00f3n para instalar su nueva plataforma log\u00edstica para dar servicio a Espa\u00f1a y Portugal.<\/p>\n<p style=\"text-align: justify;\">La empresa, que definitivamente va a ejecutar este proyecto en Almenara (Castell\u00f3n), ha estado barajando un total de 6 opciones en el levante espa\u00f1ol, siendo Caudete uno de los enclaves preseleccionados.<\/p>\n<p style=\"text-align: justify;\">Caudete ofert\u00f3 con la m\u00e1s absoluta seriedad una ubicaci\u00f3n estrat\u00e9gica muy interesante y puso a disposici\u00f3n de los directivos de la empresa todas las facilidades administrativas y urban\u00edsticas. En la misma l\u00ednea se ha movido la Junta de Comunidades de Castilla-La Mancha, con las Delegaciones Provinciales de Econom\u00eda, Empresas y Empleo, y Fomento. La Administraci\u00f3n Auton\u00f3mica ofreci\u00f3 desde el primer momento todas las ayudas econ\u00f3micas posibles, as\u00ed como declarar esta iniciativa como proyecto prioritario, lo que supon\u00eda una gran agilidad en los tr\u00e1mites.<\/p>\n<p style=\"text-align: justify;\">Cabe destacar que el Equipo de Gobierno y el resto de grupos pol\u00edticos se han unido en esta ocasi\u00f3n aunando esfuerzos para lograr captar esta extraordinaria inversi\u00f3n. El entendimiento y la discreci\u00f3n han sido muy destacables durante todo el proceso. Ni la campa\u00f1a electoral del mes de mayo pasado ni ninguna otra circunstancia ha sido aprovechada como arma pol\u00edtica por lo que el comportamiento de todos ha sido absolutamente ejemplar.<\/p>\n<p style=\"text-align: justify;\">El fin no ha sido el deseado. Pero Caudete suena cada vez con m\u00e1s fuerza como destino id\u00f3neo para este tipo de inversiones. La decisi\u00f3n de Jysk de no instalarse en nuestro territorio no ha obedecido a razones que tenga que ver con Caudete sino que han preferido ubicarse m\u00e1s cerca del Puerto de Valencia, dado que pr\u00e1cticamente la totalidad de sus mercanc\u00edas llegan por esa v\u00eda.<\/p>\n<p style=\"text-align: justify;\">Ahora toca seguir trabajando de la misma manera, todos juntos y pensando en el futuro de Caudete para atraer el mayor n\u00famero de empresas en el menor plazo posible. El empleo y el bienestar social y econ\u00f3mico ha de seguir siendo el principal objetivo de cualquier gobierno municipal.<\/p>\n<p style=\"text-align: justify;\">Y por \u00faltimo, hacer patente el profundo agradecimiento a la Junta de Comunidades y a todos los grupos pol\u00edticos por la actitud mostrada en este asunto y sin la cual Caudete hubiese sido descartada como opci\u00f3n mucho antes.<\/p>\n<p style=\"text-align: justify;\">\n","protected":false},"excerpt":{"rendered":"<p>El Equipo de Gobierno quiere trasladar a la poblaci\u00f3n una informaci\u00f3n que se ha estado llevando por el Ayuntamiento durante los pasados meses y que ha estado relacionada con una importante inversi\u00f3n que, al final, no ha podido llevarse a cabo en nuestro municipio. Se trataba de un proyecto muy ambicioso que superaba los 200 &hellip;<\/p>\n","protected":false},"author":3,"featured_media":23788,"comment_status":"closed","ping_status":"open","sticky":false,"template":"","format":"standard","meta":{"ngg_post_thumbnail":0,"footnotes":""},"categories":[851],"tags":[],"class_list":["post-23786","post","type-post","status-publish","format-standard","has-post-thumbnail","hentry","category-promocion-y-desarrollo-economico"],"yoast_head":"<!-- This site is optimized with the Yoast SEO plugin v27.4 - https:\/\/yoast.com\/product\/yoast-seo-wordpress\/ -->\n<title>Aunque esta vez no ha sido posible, el PTEC de Caudete ya compite entre los grandes de la log\u00edstica internacional - MI Ayuntamiento de Caudete<\/title>\n<meta name=\"description\" content=\"P\u00e1gina Oficial del Ayuntamiento de Caudete (Albacete)\" \/>\n<meta name=\"robots\" content=\"index, follow, max-snippet:-1, max-image-preview:large, max-video-preview:-1\" \/>\n<link rel=\"canonical\" href=\"https:\/\/www.caudete.org\/ayuntamiento\/aunque-esta-vez-no-ha-sido-posible-el-ptec-de-caudete-ya-compite-entre-los-grandes-de-la-logistica-internacional\/\" \/>\n<meta property=\"og:locale\" content=\"es_ES\" \/>\n<meta property=\"og:type\" content=\"article\" \/>\n<meta property=\"og:title\" content=\"Aunque esta vez no ha sido posible, el PTEC de Caudete ya compite entre los grandes de la log\u00edstica internacional - MI Ayuntamiento de Caudete\" \/>\n<meta property=\"og:description\" content=\"P\u00e1gina Oficial del Ayuntamiento de Caudete (Albacete)\" \/>\n<meta property=\"og:url\" content=\"https:\/\/www.caudete.org\/ayuntamiento\/aunque-esta-vez-no-ha-sido-posible-el-ptec-de-caudete-ya-compite-entre-los-grandes-de-la-logistica-internacional\/\" \/>\n<meta property=\"og:site_name\" content=\"MI Ayuntamiento de Caudete\" \/>\n<meta property=\"article:publisher\" content=\"https:\/\/www.facebook.com\/ayuntamientocaudete\/\" \/>\n<meta property=\"article:published_time\" content=\"2023-11-23T08:36:37+00:00\" \/>\n<meta property=\"og:image\" content=\"https:\/\/www.caudete.org\/ayuntamiento\/wp-content\/uploads\/2023\/11\/ptec-cabecera-caudete.jpg\" \/>\n\t<meta property=\"og:image:width\" content=\"760\" \/>\n\t<meta property=\"og:image:height\" content=\"600\" \/>\n\t<meta property=\"og:image:type\" content=\"image\/jpeg\" \/>\n<meta name=\"author\" content=\"alcalde\" \/>\n<meta name=\"twitter:card\" content=\"summary_large_image\" \/>\n<meta name=\"twitter:label1\" content=\"Escrito por\" \/>\n\t<meta name=\"twitter:data1\" content=\"alcalde\" \/>\n\t<meta name=\"twitter:label2\" content=\"Tiempo de lectura\" \/>\n\t<meta name=\"twitter:data2\" content=\"2 minutos\" \/>\n<script type=\"application\/ld+json\" class=\"yoast-schema-graph\">{\"@context\":\"https:\\\/\\\/schema.org\",\"@graph\":[{\"@type\":\"Article\",\"@id\":\"https:\\\/\\\/www.caudete.org\\\/ayuntamiento\\\/aunque-esta-vez-no-ha-sido-posible-el-ptec-de-caudete-ya-compite-entre-los-grandes-de-la-logistica-internacional\\\/#article\",\"isPartOf\":{\"@id\":\"https:\\\/\\\/www.caudete.org\\\/ayuntamiento\\\/aunque-esta-vez-no-ha-sido-posible-el-ptec-de-caudete-ya-compite-entre-los-grandes-de-la-logistica-internacional\\\/\"},\"author\":{\"name\":\"alcalde\",\"@id\":\"https:\\\/\\\/www.caudete.org\\\/ayuntamiento\\\/#\\\/schema\\\/person\\\/cc646da9133078ee4d8dd47457947253\"},\"headline\":\"Aunque esta vez no ha sido posible, el PTEC de Caudete ya compite entre los grandes de la log\u00edstica internacional\",\"datePublished\":\"2023-11-23T08:36:37+00:00\",\"mainEntityOfPage\":{\"@id\":\"https:\\\/\\\/www.caudete.org\\\/ayuntamiento\\\/aunque-esta-vez-no-ha-sido-posible-el-ptec-de-caudete-ya-compite-entre-los-grandes-de-la-logistica-internacional\\\/\"},\"wordCount\":480,\"publisher\":{\"@id\":\"https:\\\/\\\/www.caudete.org\\\/ayuntamiento\\\/#organization\"},\"image\":{\"@id\":\"https:\\\/\\\/www.caudete.org\\\/ayuntamiento\\\/aunque-esta-vez-no-ha-sido-posible-el-ptec-de-caudete-ya-compite-entre-los-grandes-de-la-logistica-internacional\\\/#primaryimage\"},\"thumbnailUrl\":\"https:\\\/\\\/www.caudete.org\\\/ayuntamiento\\\/wp-content\\\/uploads\\\/2023\\\/11\\\/ptec-cabecera-caudete.jpg\",\"articleSection\":[\"Promoci\u00f3n y Desarrollo Econ\u00f3mico\"],\"inLanguage\":\"es\"},{\"@type\":\"WebPage\",\"@id\":\"https:\\\/\\\/www.caudete.org\\\/ayuntamiento\\\/aunque-esta-vez-no-ha-sido-posible-el-ptec-de-caudete-ya-compite-entre-los-grandes-de-la-logistica-internacional\\\/\",\"url\":\"https:\\\/\\\/www.caudete.org\\\/ayuntamiento\\\/aunque-esta-vez-no-ha-sido-posible-el-ptec-de-caudete-ya-compite-entre-los-grandes-de-la-logistica-internacional\\\/\",\"name\":\"Aunque esta vez no ha sido posible, el PTEC de Caudete ya compite entre los grandes de la log\u00edstica internacional - MI Ayuntamiento de Caudete\",\"isPartOf\":{\"@id\":\"https:\\\/\\\/www.caudete.org\\\/ayuntamiento\\\/#website\"},\"primaryImageOfPage\":{\"@id\":\"https:\\\/\\\/www.caudete.org\\\/ayuntamiento\\\/aunque-esta-vez-no-ha-sido-posible-el-ptec-de-caudete-ya-compite-entre-los-grandes-de-la-logistica-internacional\\\/#primaryimage\"},\"image\":{\"@id\":\"https:\\\/\\\/www.caudete.org\\\/ayuntamiento\\\/aunque-esta-vez-no-ha-sido-posible-el-ptec-de-caudete-ya-compite-entre-los-grandes-de-la-logistica-internacional\\\/#primaryimage\"},\"thumbnailUrl\":\"https:\\\/\\\/www.caudete.org\\\/ayuntamiento\\\/wp-content\\\/uploads\\\/2023\\\/11\\\/ptec-cabecera-caudete.jpg\",\"datePublished\":\"2023-11-23T08:36:37+00:00\",\"description\":\"P\u00e1gina Oficial del Ayuntamiento de Caudete (Albacete)\",\"breadcrumb\":{\"@id\":\"https:\\\/\\\/www.caudete.org\\\/ayuntamiento\\\/aunque-esta-vez-no-ha-sido-posible-el-ptec-de-caudete-ya-compite-entre-los-grandes-de-la-logistica-internacional\\\/#breadcrumb\"},\"inLanguage\":\"es\",\"potentialAction\":[{\"@type\":\"ReadAction\",\"target\":[\"https:\\\/\\\/www.caudete.org\\\/ayuntamiento\\\/aunque-esta-vez-no-ha-sido-posible-el-ptec-de-caudete-ya-compite-entre-los-grandes-de-la-logistica-internacional\\\/\"]}]},{\"@type\":\"ImageObject\",\"inLanguage\":\"es\",\"@id\":\"https:\\\/\\\/www.caudete.org\\\/ayuntamiento\\\/aunque-esta-vez-no-ha-sido-posible-el-ptec-de-caudete-ya-compite-entre-los-grandes-de-la-logistica-internacional\\\/#primaryimage\",\"url\":\"https:\\\/\\\/www.caudete.org\\\/ayuntamiento\\\/wp-content\\\/uploads\\\/2023\\\/11\\\/ptec-cabecera-caudete.jpg\",\"contentUrl\":\"https:\\\/\\\/www.caudete.org\\\/ayuntamiento\\\/wp-content\\\/uploads\\\/2023\\\/11\\\/ptec-cabecera-caudete.jpg\",\"width\":760,\"height\":600},{\"@type\":\"BreadcrumbList\",\"@id\":\"https:\\\/\\\/www.caudete.org\\\/ayuntamiento\\\/aunque-esta-vez-no-ha-sido-posible-el-ptec-de-caudete-ya-compite-entre-los-grandes-de-la-logistica-internacional\\\/#breadcrumb\",\"itemListElement\":[{\"@type\":\"ListItem\",\"position\":1,\"name\":\"Inicio\",\"item\":\"https:\\\/\\\/www.caudete.org\\\/ayuntamiento\\\/\"},{\"@type\":\"ListItem\",\"position\":2,\"name\":\"Aunque esta vez no ha sido posible, el PTEC de Caudete ya compite entre los grandes de la log\u00edstica internacional\"}]},{\"@type\":\"WebSite\",\"@id\":\"https:\\\/\\\/www.caudete.org\\\/ayuntamiento\\\/#website\",\"url\":\"https:\\\/\\\/www.caudete.org\\\/ayuntamiento\\\/\",\"name\":\"MI Ayuntamiento de Caudete\",\"description\":\"P\u00e1gina Oficial del MI Ayuntamiento de Caudete\",\"publisher\":{\"@id\":\"https:\\\/\\\/www.caudete.org\\\/ayuntamiento\\\/#organization\"},\"potentialAction\":[{\"@type\":\"SearchAction\",\"target\":{\"@type\":\"EntryPoint\",\"urlTemplate\":\"https:\\\/\\\/www.caudete.org\\\/ayuntamiento\\\/?s={search_term_string}\"},\"query-input\":{\"@type\":\"PropertyValueSpecification\",\"valueRequired\":true,\"valueName\":\"search_term_string\"}}],\"inLanguage\":\"es\"},{\"@type\":\"Organization\",\"@id\":\"https:\\\/\\\/www.caudete.org\\\/ayuntamiento\\\/#organization\",\"name\":\"Ayuntamiento de Caudete\",\"url\":\"https:\\\/\\\/www.caudete.org\\\/ayuntamiento\\\/\",\"logo\":{\"@type\":\"ImageObject\",\"inLanguage\":\"es\",\"@id\":\"https:\\\/\\\/www.caudete.org\\\/ayuntamiento\\\/#\\\/schema\\\/logo\\\/image\\\/\",\"url\":\"https:\\\/\\\/www.caudete.org\\\/ayuntamiento\\\/wp-content\\\/uploads\\\/2020\\\/11\\\/logo_ayuntamiento_caudete.jpg\",\"contentUrl\":\"https:\\\/\\\/www.caudete.org\\\/ayuntamiento\\\/wp-content\\\/uploads\\\/2020\\\/11\\\/logo_ayuntamiento_caudete.jpg\",\"width\":600,\"height\":150,\"caption\":\"Ayuntamiento de Caudete\"},\"image\":{\"@id\":\"https:\\\/\\\/www.caudete.org\\\/ayuntamiento\\\/#\\\/schema\\\/logo\\\/image\\\/\"},\"sameAs\":[\"https:\\\/\\\/www.facebook.com\\\/ayuntamientocaudete\\\/\",\"https:\\\/\\\/www.youtube.com\\\/channel\\\/UC6VztHaooNsGpw-tNoBEFnQ\"]},{\"@type\":\"Person\",\"@id\":\"https:\\\/\\\/www.caudete.org\\\/ayuntamiento\\\/#\\\/schema\\\/person\\\/cc646da9133078ee4d8dd47457947253\",\"name\":\"alcalde\",\"image\":{\"@type\":\"ImageObject\",\"inLanguage\":\"es\",\"@id\":\"https:\\\/\\\/secure.gravatar.com\\\/avatar\\\/84a817ba065b29ff08d666b215a215f5c79186a645ccb25b14a663d48a130f77?s=96&d=mm&r=g\",\"url\":\"https:\\\/\\\/secure.gravatar.com\\\/avatar\\\/84a817ba065b29ff08d666b215a215f5c79186a645ccb25b14a663d48a130f77?s=96&d=mm&r=g\",\"contentUrl\":\"https:\\\/\\\/secure.gravatar.com\\\/avatar\\\/84a817ba065b29ff08d666b215a215f5c79186a645ccb25b14a663d48a130f77?s=96&d=mm&r=g\",\"caption\":\"alcalde\"},\"url\":\"https:\\\/\\\/www.caudete.org\\\/ayuntamiento\\\/author\\\/alcalde\\\/\"}]}<\/script>\n<!-- \/ Yoast SEO plugin. -->","yoast_head_json":{"title":"Aunque esta vez no ha sido posible, el PTEC de Caudete ya compite entre los grandes de la log\u00edstica internacional - MI Ayuntamiento de Caudete","description":"P\u00e1gina Oficial del Ayuntamiento de Caudete (Albacete)","robots":{"index":"index","follow":"follow","max-snippet":"max-snippet:-1","max-image-preview":"max-image-preview:large","max-video-preview":"max-video-preview:-1"},"canonical":"https:\/\/www.caudete.org\/ayuntamiento\/aunque-esta-vez-no-ha-sido-posible-el-ptec-de-caudete-ya-compite-entre-los-grandes-de-la-logistica-internacional\/","og_locale":"es_ES","og_type":"article","og_title":"Aunque esta vez no ha sido posible, el PTEC de Caudete ya compite entre los grandes de la log\u00edstica internacional - MI Ayuntamiento de Caudete","og_description":"P\u00e1gina Oficial del Ayuntamiento de Caudete (Albacete)","og_url":"https:\/\/www.caudete.org\/ayuntamiento\/aunque-esta-vez-no-ha-sido-posible-el-ptec-de-caudete-ya-compite-entre-los-grandes-de-la-logistica-internacional\/","og_site_name":"MI Ayuntamiento de Caudete","article_publisher":"https:\/\/www.facebook.com\/ayuntamientocaudete\/","article_published_time":"2023-11-23T08:36:37+00:00","og_image":[{"width":760,"height":600,"url":"https:\/\/www.caudete.org\/ayuntamiento\/wp-content\/uploads\/2023\/11\/ptec-cabecera-caudete.jpg","type":"image\/jpeg"}],"author":"alcalde","twitter_card":"summary_large_image","twitter_misc":{"Escrito por":"alcalde","Tiempo de lectura":"2 minutos"},"schema":{"@context":"https:\/\/schema.org","@graph":[{"@type":"Article","@id":"https:\/\/www.caudete.org\/ayuntamiento\/aunque-esta-vez-no-ha-sido-posible-el-ptec-de-caudete-ya-compite-entre-los-grandes-de-la-logistica-internacional\/#article","isPartOf":{"@id":"https:\/\/www.caudete.org\/ayuntamiento\/aunque-esta-vez-no-ha-sido-posible-el-ptec-de-caudete-ya-compite-entre-los-grandes-de-la-logistica-internacional\/"},"author":{"name":"alcalde","@id":"https:\/\/www.caudete.org\/ayuntamiento\/#\/schema\/person\/cc646da9133078ee4d8dd47457947253"},"headline":"Aunque esta vez no ha sido posible, el PTEC de Caudete ya compite entre los grandes de la log\u00edstica internacional","datePublished":"2023-11-23T08:36:37+00:00","mainEntityOfPage":{"@id":"https:\/\/www.caudete.org\/ayuntamiento\/aunque-esta-vez-no-ha-sido-posible-el-ptec-de-caudete-ya-compite-entre-los-grandes-de-la-logistica-internacional\/"},"wordCount":480,"publisher":{"@id":"https:\/\/www.caudete.org\/ayuntamiento\/#organization"},"image":{"@id":"https:\/\/www.caudete.org\/ayuntamiento\/aunque-esta-vez-no-ha-sido-posible-el-ptec-de-caudete-ya-compite-entre-los-grandes-de-la-logistica-internacional\/#primaryimage"},"thumbnailUrl":"https:\/\/www.caudete.org\/ayuntamiento\/wp-content\/uploads\/2023\/11\/ptec-cabecera-caudete.jpg","articleSection":["Promoci\u00f3n y Desarrollo Econ\u00f3mico"],"inLanguage":"es"},{"@type":"WebPage","@id":"https:\/\/www.caudete.org\/ayuntamiento\/aunque-esta-vez-no-ha-sido-posible-el-ptec-de-caudete-ya-compite-entre-los-grandes-de-la-logistica-internacional\/","url":"https:\/\/www.caudete.org\/ayuntamiento\/aunque-esta-vez-no-ha-sido-posible-el-ptec-de-caudete-ya-compite-entre-los-grandes-de-la-logistica-internacional\/","name":"Aunque esta vez no ha sido posible, el PTEC de Caudete ya compite entre los grandes de la log\u00edstica internacional - MI Ayuntamiento de Caudete","isPartOf":{"@id":"https:\/\/www.caudete.org\/ayuntamiento\/#website"},"primaryImageOfPage":{"@id":"https:\/\/www.caudete.org\/ayuntamiento\/aunque-esta-vez-no-ha-sido-posible-el-ptec-de-caudete-ya-compite-entre-los-grandes-de-la-logistica-internacional\/#primaryimage"},"image":{"@id":"https:\/\/www.caudete.org\/ayuntamiento\/aunque-esta-vez-no-ha-sido-posible-el-ptec-de-caudete-ya-compite-entre-los-grandes-de-la-logistica-internacional\/#primaryimage"},"thumbnailUrl":"https:\/\/www.caudete.org\/ayuntamiento\/wp-content\/uploads\/2023\/11\/ptec-cabecera-caudete.jpg","datePublished":"2023-11-23T08:36:37+00:00","description":"P\u00e1gina Oficial del Ayuntamiento de Caudete (Albacete)","breadcrumb":{"@id":"https:\/\/www.caudete.org\/ayuntamiento\/aunque-esta-vez-no-ha-sido-posible-el-ptec-de-caudete-ya-compite-entre-los-grandes-de-la-logistica-internacional\/#breadcrumb"},"inLanguage":"es","potentialAction":[{"@type":"ReadAction","target":["https:\/\/www.caudete.org\/ayuntamiento\/aunque-esta-vez-no-ha-sido-posible-el-ptec-de-caudete-ya-compite-entre-los-grandes-de-la-logistica-internacional\/"]}]},{"@type":"ImageObject","inLanguage":"es","@id":"https:\/\/www.caudete.org\/ayuntamiento\/aunque-esta-vez-no-ha-sido-posible-el-ptec-de-caudete-ya-compite-entre-los-grandes-de-la-logistica-internacional\/#primaryimage","url":"https:\/\/www.caudete.org\/ayuntamiento\/wp-content\/uploads\/2023\/11\/ptec-cabecera-caudete.jpg","contentUrl":"https:\/\/www.caudete.org\/ayuntamiento\/wp-content\/uploads\/2023\/11\/ptec-cabecera-caudete.jpg","width":760,"height":600},{"@type":"BreadcrumbList","@id":"https:\/\/www.caudete.org\/ayuntamiento\/aunque-esta-vez-no-ha-sido-posible-el-ptec-de-caudete-ya-compite-entre-los-grandes-de-la-logistica-internacional\/#breadcrumb","itemListElement":[{"@type":"ListItem","position":1,"name":"Inicio","item":"https:\/\/www.caudete.org\/ayuntamiento\/"},{"@type":"ListItem","position":2,"name":"Aunque esta vez no ha sido posible, el PTEC de Caudete ya compite entre los grandes de la log\u00edstica internacional"}]},{"@type":"WebSite","@id":"https:\/\/www.caudete.org\/ayuntamiento\/#website","url":"https:\/\/www.caudete.org\/ayuntamiento\/","name":"MI Ayuntamiento de Caudete","description":"P\u00e1gina Oficial del MI Ayuntamiento de Caudete","publisher":{"@id":"https:\/\/www.caudete.org\/ayuntamiento\/#organization"},"potentialAction":[{"@type":"SearchAction","target":{"@type":"EntryPoint","urlTemplate":"https:\/\/www.caudete.org\/ayuntamiento\/?s={search_term_string}"},"query-input":{"@type":"PropertyValueSpecification","valueRequired":true,"valueName":"search_term_string"}}],"inLanguage":"es"},{"@type":"Organization","@id":"https:\/\/www.caudete.org\/ayuntamiento\/#organization","name":"Ayuntamiento de Caudete","url":"https:\/\/www.caudete.org\/ayuntamiento\/","logo":{"@type":"ImageObject","inLanguage":"es","@id":"https:\/\/www.caudete.org\/ayuntamiento\/#\/schema\/logo\/image\/","url":"https:\/\/www.caudete.org\/ayuntamiento\/wp-content\/uploads\/2020\/11\/logo_ayuntamiento_caudete.jpg","contentUrl":"https:\/\/www.caudete.org\/ayuntamiento\/wp-content\/uploads\/2020\/11\/logo_ayuntamiento_caudete.jpg","width":600,"height":150,"caption":"Ayuntamiento de Caudete"},"image":{"@id":"https:\/\/www.caudete.org\/ayuntamiento\/#\/schema\/logo\/image\/"},"sameAs":["https:\/\/www.facebook.com\/ayuntamientocaudete\/","https:\/\/www.youtube.com\/channel\/UC6VztHaooNsGpw-tNoBEFnQ"]},{"@type":"Person","@id":"https:\/\/www.caudete.org\/ayuntamiento\/#\/schema\/person\/cc646da9133078ee4d8dd47457947253","name":"alcalde","image":{"@type":"ImageObject","inLanguage":"es","@id":"https:\/\/secure.gravatar.com\/avatar\/84a817ba065b29ff08d666b215a215f5c79186a645ccb25b14a663d48a130f77?s=96&d=mm&r=g","url":"https:\/\/secure.gravatar.com\/avatar\/84a817ba065b29ff08d666b215a215f5c79186a645ccb25b14a663d48a130f77?s=96&d=mm&r=g","contentUrl":"https:\/\/secure.gravatar.com\/avatar\/84a817ba065b29ff08d666b215a215f5c79186a645ccb25b14a663d48a130f77?s=96&d=mm&r=g","caption":"alcalde"},"url":"https:\/\/www.caudete.org\/ayuntamiento\/author\/alcalde\/"}]}},"_links":{"self":[{"href":"https:\/\/www.caudete.org\/ayuntamiento\/wp-json\/wp\/v2\/posts\/23786","targetHints":{"allow":["GET"]}}],"collection":[{"href":"https:\/\/www.caudete.org\/ayuntamiento\/wp-json\/wp\/v2\/posts"}],"about":[{"href":"https:\/\/www.caudete.org\/ayuntamiento\/wp-json\/wp\/v2\/types\/post"}],"author":[{"embeddable":true,"href":"https:\/\/www.caudete.org\/ayuntamiento\/wp-json\/wp\/v2\/users\/3"}],"replies":[{"embeddable":true,"href":"https:\/\/www.caudete.org\/ayuntamiento\/wp-json\/wp\/v2\/comments?post=23786"}],"version-history":[{"count":1,"href":"https:\/\/www.caudete.org\/ayuntamiento\/wp-json\/wp\/v2\/posts\/23786\/revisions"}],"predecessor-version":[{"id":23789,"href":"https:\/\/www.caudete.org\/ayuntamiento\/wp-json\/wp\/v2\/posts\/23786\/revisions\/23789"}],"wp:featuredmedia":[{"embeddable":true,"href":"https:\/\/www.caudete.org\/ayuntamiento\/wp-json\/wp\/v2\/media\/23788"}],"wp:attachment":[{"href":"https:\/\/www.caudete.org\/ayuntamiento\/wp-json\/wp\/v2\/media?parent=23786"}],"wp:term":[{"taxonomy":"category","embeddable":true,"href":"https:\/\/www.caudete.org\/ayuntamiento\/wp-json\/wp\/v2\/categories?post=23786"},{"taxonomy":"post_tag","embeddable":true,"href":"https:\/\/www.caudete.org\/ayuntamiento\/wp-json\/wp\/v2\/tags?post=23786"}],"curies":[{"name":"wp","href":"https:\/\/api.w.org\/{rel}","templated":true}]}}