{"id":23791,"date":"2023-11-23T14:22:40","date_gmt":"2023-11-23T13:22:40","guid":{"rendered":"https:\/\/www.caudete.org\/ayuntamiento\/?p=23791"},"modified":"2023-11-23T21:19:00","modified_gmt":"2023-11-23T20:19:00","slug":"la-concejalia-del-ciclo-integral-del-agua-toma-medidas-para-garantizar-la-seguridad-en-el-llamado-deposito-bajo","status":"publish","type":"post","link":"https:\/\/www.caudete.org\/ayuntamiento\/la-concejalia-del-ciclo-integral-del-agua-toma-medidas-para-garantizar-la-seguridad-en-el-llamado-deposito-bajo\/","title":{"rendered":"Se toman medidas para garantizar la seguridad en el llamado &#8220;Dep\u00f3sito Bajo&#8221;"},"content":{"rendered":"<p>Jos\u00e9 Miguel Moll\u00e1, concejal del Ciclo Integral del Agua de Caudete, ha informado de que se van a tomar medidas para garantizar la seguridad en el llamado \u2018Dep\u00f3sito Bajo\u2019 de agua potable.<\/p>\n<p>\u00abHoy jueves, 23 de noviembre, se va a proceder a realizar lo que considero una obra muy importante. Vamos a electrificar mediante placas solares el dep\u00f3sito bajo. Este dep\u00f3sito se termin\u00f3 de construir en el a\u00f1o 1966. Esto quiere decir que tiene ahora 57 a\u00f1os. Durante todo este tiempo han pasado Corporaciones de todos los colores pol\u00edticos, y ninguna ha considerado primordial dotar de electricidad esta infraestructura tan importante para el bienestar y la salud de los caudetanos. Ha habido dinero para muchas cosas, pero para esto, en lo que nos jugamos la salud de los ciudadanos, no ha habido. Esa es la diferencia entre que gobiernen unos o que gobernemos otros. Unos dicen que se preocupan de la gente, y otros de verdad nos preocupamos\u00bb, ha subrayado Moll\u00e1.<\/p>\n<p>Inicialmente, se va a instalar un sistema de placas solares que ser\u00e1n las encargadas de alimentar de corriente el\u00e9ctrica todos los sistemas y mecanismos que se van a instalar posteriormente.<\/p>\n<p>En una segunda fase, se instalar\u00e1 una sonda para autocontrol de llenado del dep\u00f3sito. Esta sonda evitar\u00e1 que el personal municipal tenga que hacer viajes continuamente para controlar el nivel del dep\u00f3sito. Tambi\u00e9n se va a instalar un sistema de alarmas y c\u00e1maras de vigilancia en todo el per\u00edmetro del dep\u00f3sito.<\/p>\n<p><strong>Inversi\u00f3n<\/strong><\/p>\n<p>La inversi\u00f3n que se va a realizar para llevar a cabo esta instalaci\u00f3n es de 4.271 euros, IVA incluido.<\/p>\n<p>La obra se prev\u00e9 que est\u00e9 terminada en una jornada.<\/p>\n<p>\u00abComo siempre digo, para mejorar el servicio del agua necesitamos que cuando surja un problema de cualquier \u00edndole, os pong\u00e1is en contacto con nosotros llamando al siguiente tel\u00e9fono: 96 582 58 69 y con la mayor brevedad posible se os atender\u00e1\u00bb, finaliza el concejal.<\/p>\n<p><img fetchpriority=\"high\" decoding=\"async\" class=\"alignnone size-full wp-image-23796\" src=\"https:\/\/www.caudete.org\/ayuntamiento\/wp-content\/uploads\/2023\/11\/WhatsApp-Image-2023-11-23-at-17.04.52.jpg\" alt=\"\" width=\"800\" height=\"452\" srcset=\"https:\/\/www.caudete.org\/ayuntamiento\/wp-content\/uploads\/2023\/11\/WhatsApp-Image-2023-11-23-at-17.04.52.jpg 800w, https:\/\/www.caudete.org\/ayuntamiento\/wp-content\/uploads\/2023\/11\/WhatsApp-Image-2023-11-23-at-17.04.52-300x170.jpg 300w, https:\/\/www.caudete.org\/ayuntamiento\/wp-content\/uploads\/2023\/11\/WhatsApp-Image-2023-11-23-at-17.04.52-768x434.jpg 768w\" sizes=\"(max-width: 800px) 100vw, 800px\" \/><\/p>\n<p><img decoding=\"async\" class=\"alignnone size-full wp-image-23792\" src=\"https:\/\/www.caudete.org\/ayuntamiento\/wp-content\/uploads\/2023\/11\/pozo-agua-caudete-digital.jpg\" alt=\"\" width=\"1024\" height=\"559\" srcset=\"https:\/\/www.caudete.org\/ayuntamiento\/wp-content\/uploads\/2023\/11\/pozo-agua-caudete-digital.jpg 1024w, https:\/\/www.caudete.org\/ayuntamiento\/wp-content\/uploads\/2023\/11\/pozo-agua-caudete-digital-300x164.jpg 300w, https:\/\/www.caudete.org\/ayuntamiento\/wp-content\/uploads\/2023\/11\/pozo-agua-caudete-digital-768x419.jpg 768w\" sizes=\"(max-width: 1024px) 100vw, 1024px\" \/><\/p>\n","protected":false},"excerpt":{"rendered":"<p>Jos\u00e9 Miguel Moll\u00e1, concejal del Ciclo Integral del Agua de Caudete, ha informado de que se van a tomar medidas para garantizar la seguridad en el llamado \u2018Dep\u00f3sito Bajo\u2019 de agua potable. \u00abHoy jueves, 23 de noviembre, se va a proceder a realizar lo que considero una obra muy importante. Vamos a electrificar mediante placas &hellip;<\/p>\n","protected":false},"author":5,"featured_media":23793,"comment_status":"closed","ping_status":"open","sticky":false,"template":"","format":"standard","meta":{"ngg_post_thumbnail":0,"footnotes":""},"categories":[49],"tags":[],"class_list":["post-23791","post","type-post","status-publish","format-standard","has-post-thumbnail","hentry","category-ciclo-integral-del-agua"],"yoast_head":"<!-- This site is optimized with the Yoast SEO plugin v27.5 - https:\/\/yoast.com\/product\/yoast-seo-wordpress\/ -->\n<title>Se toman medidas para garantizar la seguridad en el llamado &quot;Dep\u00f3sito Bajo&quot; - MI Ayuntamiento de Caudete<\/title>\n<meta name=\"description\" content=\"P\u00e1gina Oficial del Ayuntamiento de Caudete (Albacete)\" \/>\n<meta name=\"robots\" content=\"index, follow, max-snippet:-1, max-image-preview:large, max-video-preview:-1\" \/>\n<link rel=\"canonical\" href=\"https:\/\/www.caudete.org\/ayuntamiento\/la-concejalia-del-ciclo-integral-del-agua-toma-medidas-para-garantizar-la-seguridad-en-el-llamado-deposito-bajo\/\" \/>\n<meta property=\"og:locale\" content=\"es_ES\" \/>\n<meta property=\"og:type\" content=\"article\" \/>\n<meta property=\"og:title\" content=\"Se toman medidas para garantizar la seguridad en el llamado &quot;Dep\u00f3sito Bajo&quot; - MI Ayuntamiento de Caudete\" \/>\n<meta property=\"og:description\" content=\"P\u00e1gina Oficial del Ayuntamiento de Caudete (Albacete)\" \/>\n<meta property=\"og:url\" content=\"https:\/\/www.caudete.org\/ayuntamiento\/la-concejalia-del-ciclo-integral-del-agua-toma-medidas-para-garantizar-la-seguridad-en-el-llamado-deposito-bajo\/\" \/>\n<meta property=\"og:site_name\" content=\"MI Ayuntamiento de Caudete\" \/>\n<meta property=\"article:publisher\" content=\"https:\/\/www.facebook.com\/ayuntamientocaudete\/\" \/>\n<meta property=\"article:published_time\" content=\"2023-11-23T13:22:40+00:00\" \/>\n<meta property=\"article:modified_time\" content=\"2023-11-23T20:19:00+00:00\" \/>\n<meta property=\"og:image\" content=\"https:\/\/www.caudete.org\/ayuntamiento\/wp-content\/uploads\/2023\/11\/agua.jpg\" \/>\n\t<meta property=\"og:image:width\" content=\"1200\" \/>\n\t<meta property=\"og:image:height\" content=\"803\" \/>\n\t<meta property=\"og:image:type\" content=\"image\/jpeg\" \/>\n<meta name=\"author\" content=\"Dpto Informatica MI Ayuntamiento de Caudete\" \/>\n<meta name=\"twitter:card\" content=\"summary_large_image\" \/>\n<meta name=\"twitter:label1\" content=\"Escrito por\" \/>\n\t<meta name=\"twitter:data1\" content=\"Dpto Informatica MI Ayuntamiento de Caudete\" \/>\n\t<meta name=\"twitter:label2\" content=\"Tiempo de lectura\" \/>\n\t<meta name=\"twitter:data2\" content=\"2 minutos\" \/>\n<script type=\"application\/ld+json\" class=\"yoast-schema-graph\">{\"@context\":\"https:\\\/\\\/schema.org\",\"@graph\":[{\"@type\":\"Article\",\"@id\":\"https:\\\/\\\/www.caudete.org\\\/ayuntamiento\\\/la-concejalia-del-ciclo-integral-del-agua-toma-medidas-para-garantizar-la-seguridad-en-el-llamado-deposito-bajo\\\/#article\",\"isPartOf\":{\"@id\":\"https:\\\/\\\/www.caudete.org\\\/ayuntamiento\\\/la-concejalia-del-ciclo-integral-del-agua-toma-medidas-para-garantizar-la-seguridad-en-el-llamado-deposito-bajo\\\/\"},\"author\":{\"name\":\"Dpto Informatica MI Ayuntamiento de Caudete\",\"@id\":\"https:\\\/\\\/www.caudete.org\\\/ayuntamiento\\\/#\\\/schema\\\/person\\\/4b9eab41761957db9b1bf9c418d1ef46\"},\"headline\":\"Se toman medidas para garantizar la seguridad en el llamado &#8220;Dep\u00f3sito Bajo&#8221;\",\"datePublished\":\"2023-11-23T13:22:40+00:00\",\"dateModified\":\"2023-11-23T20:19:00+00:00\",\"mainEntityOfPage\":{\"@id\":\"https:\\\/\\\/www.caudete.org\\\/ayuntamiento\\\/la-concejalia-del-ciclo-integral-del-agua-toma-medidas-para-garantizar-la-seguridad-en-el-llamado-deposito-bajo\\\/\"},\"wordCount\":340,\"image\":{\"@id\":\"https:\\\/\\\/www.caudete.org\\\/ayuntamiento\\\/la-concejalia-del-ciclo-integral-del-agua-toma-medidas-para-garantizar-la-seguridad-en-el-llamado-deposito-bajo\\\/#primaryimage\"},\"thumbnailUrl\":\"https:\\\/\\\/www.caudete.org\\\/ayuntamiento\\\/wp-content\\\/uploads\\\/2023\\\/11\\\/agua.jpg\",\"articleSection\":[\"Ciclo Integral del Agua\"],\"inLanguage\":\"es\"},{\"@type\":\"WebPage\",\"@id\":\"https:\\\/\\\/www.caudete.org\\\/ayuntamiento\\\/la-concejalia-del-ciclo-integral-del-agua-toma-medidas-para-garantizar-la-seguridad-en-el-llamado-deposito-bajo\\\/\",\"url\":\"https:\\\/\\\/www.caudete.org\\\/ayuntamiento\\\/la-concejalia-del-ciclo-integral-del-agua-toma-medidas-para-garantizar-la-seguridad-en-el-llamado-deposito-bajo\\\/\",\"name\":\"Se toman medidas para garantizar la seguridad en el llamado \\\"Dep\u00f3sito Bajo\\\" - MI Ayuntamiento de Caudete\",\"isPartOf\":{\"@id\":\"https:\\\/\\\/www.caudete.org\\\/ayuntamiento\\\/#website\"},\"primaryImageOfPage\":{\"@id\":\"https:\\\/\\\/www.caudete.org\\\/ayuntamiento\\\/la-concejalia-del-ciclo-integral-del-agua-toma-medidas-para-garantizar-la-seguridad-en-el-llamado-deposito-bajo\\\/#primaryimage\"},\"image\":{\"@id\":\"https:\\\/\\\/www.caudete.org\\\/ayuntamiento\\\/la-concejalia-del-ciclo-integral-del-agua-toma-medidas-para-garantizar-la-seguridad-en-el-llamado-deposito-bajo\\\/#primaryimage\"},\"thumbnailUrl\":\"https:\\\/\\\/www.caudete.org\\\/ayuntamiento\\\/wp-content\\\/uploads\\\/2023\\\/11\\\/agua.jpg\",\"datePublished\":\"2023-11-23T13:22:40+00:00\",\"dateModified\":\"2023-11-23T20:19:00+00:00\",\"author\":{\"@id\":\"https:\\\/\\\/www.caudete.org\\\/ayuntamiento\\\/#\\\/schema\\\/person\\\/4b9eab41761957db9b1bf9c418d1ef46\"},\"description\":\"P\u00e1gina Oficial del Ayuntamiento de Caudete (Albacete)\",\"breadcrumb\":{\"@id\":\"https:\\\/\\\/www.caudete.org\\\/ayuntamiento\\\/la-concejalia-del-ciclo-integral-del-agua-toma-medidas-para-garantizar-la-seguridad-en-el-llamado-deposito-bajo\\\/#breadcrumb\"},\"inLanguage\":\"es\",\"potentialAction\":[{\"@type\":\"ReadAction\",\"target\":[\"https:\\\/\\\/www.caudete.org\\\/ayuntamiento\\\/la-concejalia-del-ciclo-integral-del-agua-toma-medidas-para-garantizar-la-seguridad-en-el-llamado-deposito-bajo\\\/\"]}]},{\"@type\":\"ImageObject\",\"inLanguage\":\"es\",\"@id\":\"https:\\\/\\\/www.caudete.org\\\/ayuntamiento\\\/la-concejalia-del-ciclo-integral-del-agua-toma-medidas-para-garantizar-la-seguridad-en-el-llamado-deposito-bajo\\\/#primaryimage\",\"url\":\"https:\\\/\\\/www.caudete.org\\\/ayuntamiento\\\/wp-content\\\/uploads\\\/2023\\\/11\\\/agua.jpg\",\"contentUrl\":\"https:\\\/\\\/www.caudete.org\\\/ayuntamiento\\\/wp-content\\\/uploads\\\/2023\\\/11\\\/agua.jpg\",\"width\":1200,\"height\":803},{\"@type\":\"BreadcrumbList\",\"@id\":\"https:\\\/\\\/www.caudete.org\\\/ayuntamiento\\\/la-concejalia-del-ciclo-integral-del-agua-toma-medidas-para-garantizar-la-seguridad-en-el-llamado-deposito-bajo\\\/#breadcrumb\",\"itemListElement\":[{\"@type\":\"ListItem\",\"position\":1,\"name\":\"Inicio\",\"item\":\"https:\\\/\\\/www.caudete.org\\\/ayuntamiento\\\/\"},{\"@type\":\"ListItem\",\"position\":2,\"name\":\"Se toman medidas para garantizar la seguridad en el llamado &#8220;Dep\u00f3sito Bajo&#8221;\"}]},{\"@type\":\"WebSite\",\"@id\":\"https:\\\/\\\/www.caudete.org\\\/ayuntamiento\\\/#website\",\"url\":\"https:\\\/\\\/www.caudete.org\\\/ayuntamiento\\\/\",\"name\":\"MI Ayuntamiento de Caudete\",\"description\":\"P\u00e1gina Oficial del MI Ayuntamiento de Caudete\",\"potentialAction\":[{\"@type\":\"SearchAction\",\"target\":{\"@type\":\"EntryPoint\",\"urlTemplate\":\"https:\\\/\\\/www.caudete.org\\\/ayuntamiento\\\/?s={search_term_string}\"},\"query-input\":{\"@type\":\"PropertyValueSpecification\",\"valueRequired\":true,\"valueName\":\"search_term_string\"}}],\"inLanguage\":\"es\"},{\"@type\":\"Person\",\"@id\":\"https:\\\/\\\/www.caudete.org\\\/ayuntamiento\\\/#\\\/schema\\\/person\\\/4b9eab41761957db9b1bf9c418d1ef46\",\"name\":\"Dpto Informatica MI Ayuntamiento de Caudete\",\"image\":{\"@type\":\"ImageObject\",\"inLanguage\":\"es\",\"@id\":\"https:\\\/\\\/secure.gravatar.com\\\/avatar\\\/ac0321ee4a0a83e82a253e7b2d348ef539e2c8fe16d06b600bde04de1b364fa7?s=96&d=mm&r=g\",\"url\":\"https:\\\/\\\/secure.gravatar.com\\\/avatar\\\/ac0321ee4a0a83e82a253e7b2d348ef539e2c8fe16d06b600bde04de1b364fa7?s=96&d=mm&r=g\",\"contentUrl\":\"https:\\\/\\\/secure.gravatar.com\\\/avatar\\\/ac0321ee4a0a83e82a253e7b2d348ef539e2c8fe16d06b600bde04de1b364fa7?s=96&d=mm&r=g\",\"caption\":\"Dpto Informatica MI Ayuntamiento de Caudete\"},\"url\":\"https:\\\/\\\/www.caudete.org\\\/ayuntamiento\\\/author\\\/informatica\\\/\"}]}<\/script>\n<!-- \/ Yoast SEO plugin. -->","yoast_head_json":{"title":"Se toman medidas para garantizar la seguridad en el llamado \"Dep\u00f3sito Bajo\" - MI Ayuntamiento de Caudete","description":"P\u00e1gina Oficial del Ayuntamiento de Caudete (Albacete)","robots":{"index":"index","follow":"follow","max-snippet":"max-snippet:-1","max-image-preview":"max-image-preview:large","max-video-preview":"max-video-preview:-1"},"canonical":"https:\/\/www.caudete.org\/ayuntamiento\/la-concejalia-del-ciclo-integral-del-agua-toma-medidas-para-garantizar-la-seguridad-en-el-llamado-deposito-bajo\/","og_locale":"es_ES","og_type":"article","og_title":"Se toman medidas para garantizar la seguridad en el llamado \"Dep\u00f3sito Bajo\" - MI Ayuntamiento de Caudete","og_description":"P\u00e1gina Oficial del Ayuntamiento de Caudete (Albacete)","og_url":"https:\/\/www.caudete.org\/ayuntamiento\/la-concejalia-del-ciclo-integral-del-agua-toma-medidas-para-garantizar-la-seguridad-en-el-llamado-deposito-bajo\/","og_site_name":"MI Ayuntamiento de Caudete","article_publisher":"https:\/\/www.facebook.com\/ayuntamientocaudete\/","article_published_time":"2023-11-23T13:22:40+00:00","article_modified_time":"2023-11-23T20:19:00+00:00","og_image":[{"width":1200,"height":803,"url":"https:\/\/www.caudete.org\/ayuntamiento\/wp-content\/uploads\/2023\/11\/agua.jpg","type":"image\/jpeg"}],"author":"Dpto Informatica MI Ayuntamiento de Caudete","twitter_card":"summary_large_image","twitter_misc":{"Escrito por":"Dpto Informatica MI Ayuntamiento de Caudete","Tiempo de lectura":"2 minutos"},"schema":{"@context":"https:\/\/schema.org","@graph":[{"@type":"Article","@id":"https:\/\/www.caudete.org\/ayuntamiento\/la-concejalia-del-ciclo-integral-del-agua-toma-medidas-para-garantizar-la-seguridad-en-el-llamado-deposito-bajo\/#article","isPartOf":{"@id":"https:\/\/www.caudete.org\/ayuntamiento\/la-concejalia-del-ciclo-integral-del-agua-toma-medidas-para-garantizar-la-seguridad-en-el-llamado-deposito-bajo\/"},"author":{"name":"Dpto Informatica MI Ayuntamiento de Caudete","@id":"https:\/\/www.caudete.org\/ayuntamiento\/#\/schema\/person\/4b9eab41761957db9b1bf9c418d1ef46"},"headline":"Se toman medidas para garantizar la seguridad en el llamado &#8220;Dep\u00f3sito Bajo&#8221;","datePublished":"2023-11-23T13:22:40+00:00","dateModified":"2023-11-23T20:19:00+00:00","mainEntityOfPage":{"@id":"https:\/\/www.caudete.org\/ayuntamiento\/la-concejalia-del-ciclo-integral-del-agua-toma-medidas-para-garantizar-la-seguridad-en-el-llamado-deposito-bajo\/"},"wordCount":340,"image":{"@id":"https:\/\/www.caudete.org\/ayuntamiento\/la-concejalia-del-ciclo-integral-del-agua-toma-medidas-para-garantizar-la-seguridad-en-el-llamado-deposito-bajo\/#primaryimage"},"thumbnailUrl":"https:\/\/www.caudete.org\/ayuntamiento\/wp-content\/uploads\/2023\/11\/agua.jpg","articleSection":["Ciclo Integral del Agua"],"inLanguage":"es"},{"@type":"WebPage","@id":"https:\/\/www.caudete.org\/ayuntamiento\/la-concejalia-del-ciclo-integral-del-agua-toma-medidas-para-garantizar-la-seguridad-en-el-llamado-deposito-bajo\/","url":"https:\/\/www.caudete.org\/ayuntamiento\/la-concejalia-del-ciclo-integral-del-agua-toma-medidas-para-garantizar-la-seguridad-en-el-llamado-deposito-bajo\/","name":"Se toman medidas para garantizar la seguridad en el llamado \"Dep\u00f3sito Bajo\" - MI Ayuntamiento de Caudete","isPartOf":{"@id":"https:\/\/www.caudete.org\/ayuntamiento\/#website"},"primaryImageOfPage":{"@id":"https:\/\/www.caudete.org\/ayuntamiento\/la-concejalia-del-ciclo-integral-del-agua-toma-medidas-para-garantizar-la-seguridad-en-el-llamado-deposito-bajo\/#primaryimage"},"image":{"@id":"https:\/\/www.caudete.org\/ayuntamiento\/la-concejalia-del-ciclo-integral-del-agua-toma-medidas-para-garantizar-la-seguridad-en-el-llamado-deposito-bajo\/#primaryimage"},"thumbnailUrl":"https:\/\/www.caudete.org\/ayuntamiento\/wp-content\/uploads\/2023\/11\/agua.jpg","datePublished":"2023-11-23T13:22:40+00:00","dateModified":"2023-11-23T20:19:00+00:00","author":{"@id":"https:\/\/www.caudete.org\/ayuntamiento\/#\/schema\/person\/4b9eab41761957db9b1bf9c418d1ef46"},"description":"P\u00e1gina Oficial del Ayuntamiento de Caudete (Albacete)","breadcrumb":{"@id":"https:\/\/www.caudete.org\/ayuntamiento\/la-concejalia-del-ciclo-integral-del-agua-toma-medidas-para-garantizar-la-seguridad-en-el-llamado-deposito-bajo\/#breadcrumb"},"inLanguage":"es","potentialAction":[{"@type":"ReadAction","target":["https:\/\/www.caudete.org\/ayuntamiento\/la-concejalia-del-ciclo-integral-del-agua-toma-medidas-para-garantizar-la-seguridad-en-el-llamado-deposito-bajo\/"]}]},{"@type":"ImageObject","inLanguage":"es","@id":"https:\/\/www.caudete.org\/ayuntamiento\/la-concejalia-del-ciclo-integral-del-agua-toma-medidas-para-garantizar-la-seguridad-en-el-llamado-deposito-bajo\/#primaryimage","url":"https:\/\/www.caudete.org\/ayuntamiento\/wp-content\/uploads\/2023\/11\/agua.jpg","contentUrl":"https:\/\/www.caudete.org\/ayuntamiento\/wp-content\/uploads\/2023\/11\/agua.jpg","width":1200,"height":803},{"@type":"BreadcrumbList","@id":"https:\/\/www.caudete.org\/ayuntamiento\/la-concejalia-del-ciclo-integral-del-agua-toma-medidas-para-garantizar-la-seguridad-en-el-llamado-deposito-bajo\/#breadcrumb","itemListElement":[{"@type":"ListItem","position":1,"name":"Inicio","item":"https:\/\/www.caudete.org\/ayuntamiento\/"},{"@type":"ListItem","position":2,"name":"Se toman medidas para garantizar la seguridad en el llamado &#8220;Dep\u00f3sito Bajo&#8221;"}]},{"@type":"WebSite","@id":"https:\/\/www.caudete.org\/ayuntamiento\/#website","url":"https:\/\/www.caudete.org\/ayuntamiento\/","name":"MI Ayuntamiento de Caudete","description":"P\u00e1gina Oficial del MI Ayuntamiento de Caudete","potentialAction":[{"@type":"SearchAction","target":{"@type":"EntryPoint","urlTemplate":"https:\/\/www.caudete.org\/ayuntamiento\/?s={search_term_string}"},"query-input":{"@type":"PropertyValueSpecification","valueRequired":true,"valueName":"search_term_string"}}],"inLanguage":"es"},{"@type":"Person","@id":"https:\/\/www.caudete.org\/ayuntamiento\/#\/schema\/person\/4b9eab41761957db9b1bf9c418d1ef46","name":"Dpto Informatica MI Ayuntamiento de Caudete","image":{"@type":"ImageObject","inLanguage":"es","@id":"https:\/\/secure.gravatar.com\/avatar\/ac0321ee4a0a83e82a253e7b2d348ef539e2c8fe16d06b600bde04de1b364fa7?s=96&d=mm&r=g","url":"https:\/\/secure.gravatar.com\/avatar\/ac0321ee4a0a83e82a253e7b2d348ef539e2c8fe16d06b600bde04de1b364fa7?s=96&d=mm&r=g","contentUrl":"https:\/\/secure.gravatar.com\/avatar\/ac0321ee4a0a83e82a253e7b2d348ef539e2c8fe16d06b600bde04de1b364fa7?s=96&d=mm&r=g","caption":"Dpto Informatica MI Ayuntamiento de Caudete"},"url":"https:\/\/www.caudete.org\/ayuntamiento\/author\/informatica\/"}]}},"_links":{"self":[{"href":"https:\/\/www.caudete.org\/ayuntamiento\/wp-json\/wp\/v2\/posts\/23791","targetHints":{"allow":["GET"]}}],"collection":[{"href":"https:\/\/www.caudete.org\/ayuntamiento\/wp-json\/wp\/v2\/posts"}],"about":[{"href":"https:\/\/www.caudete.org\/ayuntamiento\/wp-json\/wp\/v2\/types\/post"}],"author":[{"embeddable":true,"href":"https:\/\/www.caudete.org\/ayuntamiento\/wp-json\/wp\/v2\/users\/5"}],"replies":[{"embeddable":true,"href":"https:\/\/www.caudete.org\/ayuntamiento\/wp-json\/wp\/v2\/comments?post=23791"}],"version-history":[{"count":4,"href":"https:\/\/www.caudete.org\/ayuntamiento\/wp-json\/wp\/v2\/posts\/23791\/revisions"}],"predecessor-version":[{"id":23811,"href":"https:\/\/www.caudete.org\/ayuntamiento\/wp-json\/wp\/v2\/posts\/23791\/revisions\/23811"}],"wp:featuredmedia":[{"embeddable":true,"href":"https:\/\/www.caudete.org\/ayuntamiento\/wp-json\/wp\/v2\/media\/23793"}],"wp:attachment":[{"href":"https:\/\/www.caudete.org\/ayuntamiento\/wp-json\/wp\/v2\/media?parent=23791"}],"wp:term":[{"taxonomy":"category","embeddable":true,"href":"https:\/\/www.caudete.org\/ayuntamiento\/wp-json\/wp\/v2\/categories?post=23791"},{"taxonomy":"post_tag","embeddable":true,"href":"https:\/\/www.caudete.org\/ayuntamiento\/wp-json\/wp\/v2\/tags?post=23791"}],"curies":[{"name":"wp","href":"https:\/\/api.w.org\/{rel}","templated":true}]}}