{"id":23801,"date":"2023-11-23T20:39:32","date_gmt":"2023-11-23T19:39:32","guid":{"rendered":"https:\/\/www.caudete.org\/ayuntamiento\/?p=23801"},"modified":"2023-11-23T20:39:32","modified_gmt":"2023-11-23T19:39:32","slug":"esta-manana-han-tomado-posesion-los-5-nuevos-agentes-de-la-policia-local","status":"publish","type":"post","link":"https:\/\/www.caudete.org\/ayuntamiento\/esta-manana-han-tomado-posesion-los-5-nuevos-agentes-de-la-policia-local\/","title":{"rendered":"Esta ma\u00f1ana han tomado posesi\u00f3n los 5 nuevos Agentes de la Polic\u00eda Local"},"content":{"rendered":"<p><a href=\"https:\/\/www.caudete.org\/ayuntamiento\/wp-content\/uploads\/2023\/11\/WhatsApp-Image-2023-11-23-at-14.02.32.jpeg\" rel='prettyPhoto'><img fetchpriority=\"high\" decoding=\"async\" class=\"alignnone wp-image-23802 size-full\" src=\"https:\/\/www.caudete.org\/ayuntamiento\/wp-content\/uploads\/2023\/11\/WhatsApp-Image-2023-11-23-at-14.02.32.jpeg\" alt=\"\" width=\"1528\" height=\"921\" srcset=\"https:\/\/www.caudete.org\/ayuntamiento\/wp-content\/uploads\/2023\/11\/WhatsApp-Image-2023-11-23-at-14.02.32.jpeg 1528w, https:\/\/www.caudete.org\/ayuntamiento\/wp-content\/uploads\/2023\/11\/WhatsApp-Image-2023-11-23-at-14.02.32-300x181.jpeg 300w, https:\/\/www.caudete.org\/ayuntamiento\/wp-content\/uploads\/2023\/11\/WhatsApp-Image-2023-11-23-at-14.02.32-1024x617.jpeg 1024w, https:\/\/www.caudete.org\/ayuntamiento\/wp-content\/uploads\/2023\/11\/WhatsApp-Image-2023-11-23-at-14.02.32-768x463.jpeg 768w\" sizes=\"(max-width: 1528px) 100vw, 1528px\" \/><\/a><\/p>\n<p style=\"text-align: justify;\">El Sal\u00f3n de Plenos del Ayuntamiento de Caudete acog\u00eda esta ma\u00f1ana el acto solemne de Toma de Posesi\u00f3n de las Actas de Agentes de Polic\u00eda Local, como funcionarios de carrera, para los 5 nuevos agentes que en el d\u00eda de ayer se graduaron en la Escuela de Protecci\u00f3n Ciudadana de Toledo.<\/p>\n<p style=\"text-align: justify;\">El Alcalde, en nombre de la Corporaci\u00f3n Municipal y del pueblo de Caudete les trasladaba la felicitaci\u00f3n por haber conseguido llegar hasta la meta, tras meses duros de oposici\u00f3n, formaci\u00f3n y pr\u00e1cticas. Resaltaba el buen hacer que han tenido y la marca que han dejado en la Escuela de Toledo, lo que ayer era transmitido por sus superiores al propio Alcalde, algo, que es de agradecer y valorar.<\/p>\n<p style=\"text-align: justify;\">Destacaba tambi\u00e9n que se cumplen dos hitos importantes: el primero, que la plantilla alcanza por primera vez los 18 agentes en activo, y el segundo, que pone de manifiesto el compromiso hecho realidad de mejorar la seguridad ciudadana con la dotaci\u00f3n de recursos y la ampliaci\u00f3n de la plantilla policial.<\/p>\n<p style=\"text-align: justify;\">Tras ello, con la f\u00f3rmula legal, todos los Agentes han jurado el cargo y firmado su correspondiente acta, tras lo cual, tanto el SubInspector de Polic\u00eda como la Concejal de Seguridad Ciudadana se han dirigido a los presentes brevemente, cerrando el acto con un Vino de Honor.<\/p>\n<p><a href=\"https:\/\/www.caudete.org\/ayuntamiento\/wp-content\/uploads\/2023\/11\/WhatsApp-Image-2023-11-23-at-14.02.35-2.jpeg\" rel='prettyPhoto'><img decoding=\"async\" class=\"alignnone wp-image-23807 size-full\" src=\"https:\/\/www.caudete.org\/ayuntamiento\/wp-content\/uploads\/2023\/11\/WhatsApp-Image-2023-11-23-at-14.02.35-2.jpeg\" alt=\"\" width=\"1393\" height=\"921\" srcset=\"https:\/\/www.caudete.org\/ayuntamiento\/wp-content\/uploads\/2023\/11\/WhatsApp-Image-2023-11-23-at-14.02.35-2.jpeg 1393w, https:\/\/www.caudete.org\/ayuntamiento\/wp-content\/uploads\/2023\/11\/WhatsApp-Image-2023-11-23-at-14.02.35-2-300x198.jpeg 300w, https:\/\/www.caudete.org\/ayuntamiento\/wp-content\/uploads\/2023\/11\/WhatsApp-Image-2023-11-23-at-14.02.35-2-1024x677.jpeg 1024w, https:\/\/www.caudete.org\/ayuntamiento\/wp-content\/uploads\/2023\/11\/WhatsApp-Image-2023-11-23-at-14.02.35-2-768x508.jpeg 768w\" sizes=\"(max-width: 1393px) 100vw, 1393px\" \/><\/a> <a href=\"https:\/\/www.caudete.org\/ayuntamiento\/wp-content\/uploads\/2023\/11\/WhatsApp-Image-2023-11-23-at-14.02.35-1.jpeg\" rel='prettyPhoto'><img decoding=\"async\" class=\"alignnone wp-image-23806 size-full\" src=\"https:\/\/www.caudete.org\/ayuntamiento\/wp-content\/uploads\/2023\/11\/WhatsApp-Image-2023-11-23-at-14.02.35-1.jpeg\" alt=\"\" width=\"1326\" height=\"921\" srcset=\"https:\/\/www.caudete.org\/ayuntamiento\/wp-content\/uploads\/2023\/11\/WhatsApp-Image-2023-11-23-at-14.02.35-1.jpeg 1326w, https:\/\/www.caudete.org\/ayuntamiento\/wp-content\/uploads\/2023\/11\/WhatsApp-Image-2023-11-23-at-14.02.35-1-300x208.jpeg 300w, https:\/\/www.caudete.org\/ayuntamiento\/wp-content\/uploads\/2023\/11\/WhatsApp-Image-2023-11-23-at-14.02.35-1-1024x711.jpeg 1024w, https:\/\/www.caudete.org\/ayuntamiento\/wp-content\/uploads\/2023\/11\/WhatsApp-Image-2023-11-23-at-14.02.35-1-768x533.jpeg 768w\" sizes=\"(max-width: 1326px) 100vw, 1326px\" \/><\/a> <a href=\"https:\/\/www.caudete.org\/ayuntamiento\/wp-content\/uploads\/2023\/11\/WhatsApp-Image-2023-11-23-at-14.02.35.jpeg\" rel='prettyPhoto'><img loading=\"lazy\" decoding=\"async\" class=\"alignnone wp-image-23805 size-full\" src=\"https:\/\/www.caudete.org\/ayuntamiento\/wp-content\/uploads\/2023\/11\/WhatsApp-Image-2023-11-23-at-14.02.35.jpeg\" alt=\"\" width=\"1333\" height=\"921\" srcset=\"https:\/\/www.caudete.org\/ayuntamiento\/wp-content\/uploads\/2023\/11\/WhatsApp-Image-2023-11-23-at-14.02.35.jpeg 1333w, https:\/\/www.caudete.org\/ayuntamiento\/wp-content\/uploads\/2023\/11\/WhatsApp-Image-2023-11-23-at-14.02.35-300x207.jpeg 300w, https:\/\/www.caudete.org\/ayuntamiento\/wp-content\/uploads\/2023\/11\/WhatsApp-Image-2023-11-23-at-14.02.35-1024x708.jpeg 1024w, https:\/\/www.caudete.org\/ayuntamiento\/wp-content\/uploads\/2023\/11\/WhatsApp-Image-2023-11-23-at-14.02.35-768x531.jpeg 768w\" sizes=\"(max-width: 1333px) 100vw, 1333px\" \/><\/a> <a href=\"https:\/\/www.caudete.org\/ayuntamiento\/wp-content\/uploads\/2023\/11\/WhatsApp-Image-2023-11-23-at-14.02.34.jpeg\" rel='prettyPhoto'><img loading=\"lazy\" decoding=\"async\" class=\"alignnone wp-image-23803 size-full\" src=\"https:\/\/www.caudete.org\/ayuntamiento\/wp-content\/uploads\/2023\/11\/WhatsApp-Image-2023-11-23-at-14.02.34.jpeg\" alt=\"\" width=\"1448\" height=\"921\" srcset=\"https:\/\/www.caudete.org\/ayuntamiento\/wp-content\/uploads\/2023\/11\/WhatsApp-Image-2023-11-23-at-14.02.34.jpeg 1448w, https:\/\/www.caudete.org\/ayuntamiento\/wp-content\/uploads\/2023\/11\/WhatsApp-Image-2023-11-23-at-14.02.34-300x191.jpeg 300w, https:\/\/www.caudete.org\/ayuntamiento\/wp-content\/uploads\/2023\/11\/WhatsApp-Image-2023-11-23-at-14.02.34-1024x651.jpeg 1024w, https:\/\/www.caudete.org\/ayuntamiento\/wp-content\/uploads\/2023\/11\/WhatsApp-Image-2023-11-23-at-14.02.34-768x488.jpeg 768w\" sizes=\"(max-width: 1448px) 100vw, 1448px\" \/><\/a> <a href=\"https:\/\/www.caudete.org\/ayuntamiento\/wp-content\/uploads\/2023\/11\/WhatsApp-Image-2023-11-23-at-14.02.34-1.jpeg\" rel='prettyPhoto'><img loading=\"lazy\" decoding=\"async\" class=\"alignnone wp-image-23804 size-full\" src=\"https:\/\/www.caudete.org\/ayuntamiento\/wp-content\/uploads\/2023\/11\/WhatsApp-Image-2023-11-23-at-14.02.34-1.jpeg\" alt=\"\" width=\"1281\" height=\"921\" srcset=\"https:\/\/www.caudete.org\/ayuntamiento\/wp-content\/uploads\/2023\/11\/WhatsApp-Image-2023-11-23-at-14.02.34-1.jpeg 1281w, https:\/\/www.caudete.org\/ayuntamiento\/wp-content\/uploads\/2023\/11\/WhatsApp-Image-2023-11-23-at-14.02.34-1-300x216.jpeg 300w, https:\/\/www.caudete.org\/ayuntamiento\/wp-content\/uploads\/2023\/11\/WhatsApp-Image-2023-11-23-at-14.02.34-1-1024x736.jpeg 1024w, https:\/\/www.caudete.org\/ayuntamiento\/wp-content\/uploads\/2023\/11\/WhatsApp-Image-2023-11-23-at-14.02.34-1-768x552.jpeg 768w\" sizes=\"(max-width: 1281px) 100vw, 1281px\" \/><\/a><\/p>\n","protected":false},"excerpt":{"rendered":"<p>El Sal\u00f3n de Plenos del Ayuntamiento de Caudete acog\u00eda esta ma\u00f1ana el acto solemne de Toma de Posesi\u00f3n de las Actas de Agentes de Polic\u00eda Local, como funcionarios de carrera, para los 5 nuevos agentes que en el d\u00eda de ayer se graduaron en la Escuela de Protecci\u00f3n Ciudadana de Toledo. El Alcalde, en nombre &hellip;<\/p>\n","protected":false},"author":3,"featured_media":23809,"comment_status":"closed","ping_status":"open","sticky":false,"template":"","format":"standard","meta":{"ngg_post_thumbnail":0,"footnotes":""},"categories":[35],"tags":[],"class_list":["post-23801","post","type-post","status-publish","format-standard","has-post-thumbnail","hentry","category-policia-local"],"yoast_head":"<!-- This site is optimized with the Yoast SEO plugin v27.5 - https:\/\/yoast.com\/product\/yoast-seo-wordpress\/ -->\n<title>Esta ma\u00f1ana han tomado posesi\u00f3n los 5 nuevos Agentes de la Polic\u00eda Local - MI Ayuntamiento de Caudete<\/title>\n<meta name=\"description\" content=\"P\u00e1gina Oficial del Ayuntamiento de Caudete (Albacete)\" \/>\n<meta name=\"robots\" content=\"index, follow, max-snippet:-1, max-image-preview:large, max-video-preview:-1\" \/>\n<link rel=\"canonical\" href=\"https:\/\/www.caudete.org\/ayuntamiento\/esta-manana-han-tomado-posesion-los-5-nuevos-agentes-de-la-policia-local\/\" \/>\n<meta property=\"og:locale\" content=\"es_ES\" \/>\n<meta property=\"og:type\" content=\"article\" \/>\n<meta property=\"og:title\" content=\"Esta ma\u00f1ana han tomado posesi\u00f3n los 5 nuevos Agentes de la Polic\u00eda Local - MI Ayuntamiento de Caudete\" \/>\n<meta property=\"og:description\" content=\"P\u00e1gina Oficial del Ayuntamiento de Caudete (Albacete)\" \/>\n<meta property=\"og:url\" content=\"https:\/\/www.caudete.org\/ayuntamiento\/esta-manana-han-tomado-posesion-los-5-nuevos-agentes-de-la-policia-local\/\" \/>\n<meta property=\"og:site_name\" content=\"MI Ayuntamiento de Caudete\" \/>\n<meta property=\"article:publisher\" content=\"https:\/\/www.facebook.com\/ayuntamientocaudete\/\" \/>\n<meta property=\"article:published_time\" content=\"2023-11-23T19:39:32+00:00\" \/>\n<meta property=\"og:image\" content=\"https:\/\/www.caudete.org\/ayuntamiento\/wp-content\/uploads\/2023\/11\/WhatsApp-Image-2023-11-23-at-14.30.59.jpeg\" \/>\n\t<meta property=\"og:image:width\" content=\"1600\" \/>\n\t<meta property=\"og:image:height\" content=\"1200\" \/>\n\t<meta property=\"og:image:type\" content=\"image\/jpeg\" \/>\n<meta name=\"author\" content=\"alcalde\" \/>\n<meta name=\"twitter:card\" content=\"summary_large_image\" \/>\n<meta name=\"twitter:label1\" content=\"Escrito por\" \/>\n\t<meta name=\"twitter:data1\" content=\"alcalde\" \/>\n\t<meta name=\"twitter:label2\" content=\"Tiempo de lectura\" \/>\n\t<meta name=\"twitter:data2\" content=\"3 minutos\" \/>\n<script type=\"application\/ld+json\" class=\"yoast-schema-graph\">{\"@context\":\"https:\\\/\\\/schema.org\",\"@graph\":[{\"@type\":\"Article\",\"@id\":\"https:\\\/\\\/www.caudete.org\\\/ayuntamiento\\\/esta-manana-han-tomado-posesion-los-5-nuevos-agentes-de-la-policia-local\\\/#article\",\"isPartOf\":{\"@id\":\"https:\\\/\\\/www.caudete.org\\\/ayuntamiento\\\/esta-manana-han-tomado-posesion-los-5-nuevos-agentes-de-la-policia-local\\\/\"},\"author\":{\"name\":\"alcalde\",\"@id\":\"https:\\\/\\\/www.caudete.org\\\/ayuntamiento\\\/#\\\/schema\\\/person\\\/cc646da9133078ee4d8dd47457947253\"},\"headline\":\"Esta ma\u00f1ana han tomado posesi\u00f3n los 5 nuevos Agentes de la Polic\u00eda Local\",\"datePublished\":\"2023-11-23T19:39:32+00:00\",\"mainEntityOfPage\":{\"@id\":\"https:\\\/\\\/www.caudete.org\\\/ayuntamiento\\\/esta-manana-han-tomado-posesion-los-5-nuevos-agentes-de-la-policia-local\\\/\"},\"wordCount\":246,\"image\":{\"@id\":\"https:\\\/\\\/www.caudete.org\\\/ayuntamiento\\\/esta-manana-han-tomado-posesion-los-5-nuevos-agentes-de-la-policia-local\\\/#primaryimage\"},\"thumbnailUrl\":\"https:\\\/\\\/www.caudete.org\\\/ayuntamiento\\\/wp-content\\\/uploads\\\/2023\\\/11\\\/WhatsApp-Image-2023-11-23-at-14.30.59.jpeg\",\"articleSection\":[\"Polic\u00eda Local\"],\"inLanguage\":\"es\"},{\"@type\":\"WebPage\",\"@id\":\"https:\\\/\\\/www.caudete.org\\\/ayuntamiento\\\/esta-manana-han-tomado-posesion-los-5-nuevos-agentes-de-la-policia-local\\\/\",\"url\":\"https:\\\/\\\/www.caudete.org\\\/ayuntamiento\\\/esta-manana-han-tomado-posesion-los-5-nuevos-agentes-de-la-policia-local\\\/\",\"name\":\"Esta ma\u00f1ana han tomado posesi\u00f3n los 5 nuevos Agentes de la Polic\u00eda Local - MI Ayuntamiento de Caudete\",\"isPartOf\":{\"@id\":\"https:\\\/\\\/www.caudete.org\\\/ayuntamiento\\\/#website\"},\"primaryImageOfPage\":{\"@id\":\"https:\\\/\\\/www.caudete.org\\\/ayuntamiento\\\/esta-manana-han-tomado-posesion-los-5-nuevos-agentes-de-la-policia-local\\\/#primaryimage\"},\"image\":{\"@id\":\"https:\\\/\\\/www.caudete.org\\\/ayuntamiento\\\/esta-manana-han-tomado-posesion-los-5-nuevos-agentes-de-la-policia-local\\\/#primaryimage\"},\"thumbnailUrl\":\"https:\\\/\\\/www.caudete.org\\\/ayuntamiento\\\/wp-content\\\/uploads\\\/2023\\\/11\\\/WhatsApp-Image-2023-11-23-at-14.30.59.jpeg\",\"datePublished\":\"2023-11-23T19:39:32+00:00\",\"author\":{\"@id\":\"https:\\\/\\\/www.caudete.org\\\/ayuntamiento\\\/#\\\/schema\\\/person\\\/cc646da9133078ee4d8dd47457947253\"},\"description\":\"P\u00e1gina Oficial del Ayuntamiento de Caudete (Albacete)\",\"breadcrumb\":{\"@id\":\"https:\\\/\\\/www.caudete.org\\\/ayuntamiento\\\/esta-manana-han-tomado-posesion-los-5-nuevos-agentes-de-la-policia-local\\\/#breadcrumb\"},\"inLanguage\":\"es\",\"potentialAction\":[{\"@type\":\"ReadAction\",\"target\":[\"https:\\\/\\\/www.caudete.org\\\/ayuntamiento\\\/esta-manana-han-tomado-posesion-los-5-nuevos-agentes-de-la-policia-local\\\/\"]}]},{\"@type\":\"ImageObject\",\"inLanguage\":\"es\",\"@id\":\"https:\\\/\\\/www.caudete.org\\\/ayuntamiento\\\/esta-manana-han-tomado-posesion-los-5-nuevos-agentes-de-la-policia-local\\\/#primaryimage\",\"url\":\"https:\\\/\\\/www.caudete.org\\\/ayuntamiento\\\/wp-content\\\/uploads\\\/2023\\\/11\\\/WhatsApp-Image-2023-11-23-at-14.30.59.jpeg\",\"contentUrl\":\"https:\\\/\\\/www.caudete.org\\\/ayuntamiento\\\/wp-content\\\/uploads\\\/2023\\\/11\\\/WhatsApp-Image-2023-11-23-at-14.30.59.jpeg\",\"width\":1600,\"height\":1200},{\"@type\":\"BreadcrumbList\",\"@id\":\"https:\\\/\\\/www.caudete.org\\\/ayuntamiento\\\/esta-manana-han-tomado-posesion-los-5-nuevos-agentes-de-la-policia-local\\\/#breadcrumb\",\"itemListElement\":[{\"@type\":\"ListItem\",\"position\":1,\"name\":\"Inicio\",\"item\":\"https:\\\/\\\/www.caudete.org\\\/ayuntamiento\\\/\"},{\"@type\":\"ListItem\",\"position\":2,\"name\":\"Esta ma\u00f1ana han tomado posesi\u00f3n los 5 nuevos Agentes de la Polic\u00eda Local\"}]},{\"@type\":\"WebSite\",\"@id\":\"https:\\\/\\\/www.caudete.org\\\/ayuntamiento\\\/#website\",\"url\":\"https:\\\/\\\/www.caudete.org\\\/ayuntamiento\\\/\",\"name\":\"MI Ayuntamiento de Caudete\",\"description\":\"P\u00e1gina Oficial del MI Ayuntamiento de Caudete\",\"potentialAction\":[{\"@type\":\"SearchAction\",\"target\":{\"@type\":\"EntryPoint\",\"urlTemplate\":\"https:\\\/\\\/www.caudete.org\\\/ayuntamiento\\\/?s={search_term_string}\"},\"query-input\":{\"@type\":\"PropertyValueSpecification\",\"valueRequired\":true,\"valueName\":\"search_term_string\"}}],\"inLanguage\":\"es\"},{\"@type\":\"Person\",\"@id\":\"https:\\\/\\\/www.caudete.org\\\/ayuntamiento\\\/#\\\/schema\\\/person\\\/cc646da9133078ee4d8dd47457947253\",\"name\":\"alcalde\",\"image\":{\"@type\":\"ImageObject\",\"inLanguage\":\"es\",\"@id\":\"https:\\\/\\\/secure.gravatar.com\\\/avatar\\\/84a817ba065b29ff08d666b215a215f5c79186a645ccb25b14a663d48a130f77?s=96&d=mm&r=g\",\"url\":\"https:\\\/\\\/secure.gravatar.com\\\/avatar\\\/84a817ba065b29ff08d666b215a215f5c79186a645ccb25b14a663d48a130f77?s=96&d=mm&r=g\",\"contentUrl\":\"https:\\\/\\\/secure.gravatar.com\\\/avatar\\\/84a817ba065b29ff08d666b215a215f5c79186a645ccb25b14a663d48a130f77?s=96&d=mm&r=g\",\"caption\":\"alcalde\"},\"url\":\"https:\\\/\\\/www.caudete.org\\\/ayuntamiento\\\/author\\\/alcalde\\\/\"}]}<\/script>\n<!-- \/ Yoast SEO plugin. -->","yoast_head_json":{"title":"Esta ma\u00f1ana han tomado posesi\u00f3n los 5 nuevos Agentes de la Polic\u00eda Local - MI Ayuntamiento de Caudete","description":"P\u00e1gina Oficial del Ayuntamiento de Caudete (Albacete)","robots":{"index":"index","follow":"follow","max-snippet":"max-snippet:-1","max-image-preview":"max-image-preview:large","max-video-preview":"max-video-preview:-1"},"canonical":"https:\/\/www.caudete.org\/ayuntamiento\/esta-manana-han-tomado-posesion-los-5-nuevos-agentes-de-la-policia-local\/","og_locale":"es_ES","og_type":"article","og_title":"Esta ma\u00f1ana han tomado posesi\u00f3n los 5 nuevos Agentes de la Polic\u00eda Local - MI Ayuntamiento de Caudete","og_description":"P\u00e1gina Oficial del Ayuntamiento de Caudete (Albacete)","og_url":"https:\/\/www.caudete.org\/ayuntamiento\/esta-manana-han-tomado-posesion-los-5-nuevos-agentes-de-la-policia-local\/","og_site_name":"MI Ayuntamiento de Caudete","article_publisher":"https:\/\/www.facebook.com\/ayuntamientocaudete\/","article_published_time":"2023-11-23T19:39:32+00:00","og_image":[{"width":1600,"height":1200,"url":"https:\/\/www.caudete.org\/ayuntamiento\/wp-content\/uploads\/2023\/11\/WhatsApp-Image-2023-11-23-at-14.30.59.jpeg","type":"image\/jpeg"}],"author":"alcalde","twitter_card":"summary_large_image","twitter_misc":{"Escrito por":"alcalde","Tiempo de lectura":"3 minutos"},"schema":{"@context":"https:\/\/schema.org","@graph":[{"@type":"Article","@id":"https:\/\/www.caudete.org\/ayuntamiento\/esta-manana-han-tomado-posesion-los-5-nuevos-agentes-de-la-policia-local\/#article","isPartOf":{"@id":"https:\/\/www.caudete.org\/ayuntamiento\/esta-manana-han-tomado-posesion-los-5-nuevos-agentes-de-la-policia-local\/"},"author":{"name":"alcalde","@id":"https:\/\/www.caudete.org\/ayuntamiento\/#\/schema\/person\/cc646da9133078ee4d8dd47457947253"},"headline":"Esta ma\u00f1ana han tomado posesi\u00f3n los 5 nuevos Agentes de la Polic\u00eda Local","datePublished":"2023-11-23T19:39:32+00:00","mainEntityOfPage":{"@id":"https:\/\/www.caudete.org\/ayuntamiento\/esta-manana-han-tomado-posesion-los-5-nuevos-agentes-de-la-policia-local\/"},"wordCount":246,"image":{"@id":"https:\/\/www.caudete.org\/ayuntamiento\/esta-manana-han-tomado-posesion-los-5-nuevos-agentes-de-la-policia-local\/#primaryimage"},"thumbnailUrl":"https:\/\/www.caudete.org\/ayuntamiento\/wp-content\/uploads\/2023\/11\/WhatsApp-Image-2023-11-23-at-14.30.59.jpeg","articleSection":["Polic\u00eda Local"],"inLanguage":"es"},{"@type":"WebPage","@id":"https:\/\/www.caudete.org\/ayuntamiento\/esta-manana-han-tomado-posesion-los-5-nuevos-agentes-de-la-policia-local\/","url":"https:\/\/www.caudete.org\/ayuntamiento\/esta-manana-han-tomado-posesion-los-5-nuevos-agentes-de-la-policia-local\/","name":"Esta ma\u00f1ana han tomado posesi\u00f3n los 5 nuevos Agentes de la Polic\u00eda Local - MI Ayuntamiento de Caudete","isPartOf":{"@id":"https:\/\/www.caudete.org\/ayuntamiento\/#website"},"primaryImageOfPage":{"@id":"https:\/\/www.caudete.org\/ayuntamiento\/esta-manana-han-tomado-posesion-los-5-nuevos-agentes-de-la-policia-local\/#primaryimage"},"image":{"@id":"https:\/\/www.caudete.org\/ayuntamiento\/esta-manana-han-tomado-posesion-los-5-nuevos-agentes-de-la-policia-local\/#primaryimage"},"thumbnailUrl":"https:\/\/www.caudete.org\/ayuntamiento\/wp-content\/uploads\/2023\/11\/WhatsApp-Image-2023-11-23-at-14.30.59.jpeg","datePublished":"2023-11-23T19:39:32+00:00","author":{"@id":"https:\/\/www.caudete.org\/ayuntamiento\/#\/schema\/person\/cc646da9133078ee4d8dd47457947253"},"description":"P\u00e1gina Oficial del Ayuntamiento de Caudete (Albacete)","breadcrumb":{"@id":"https:\/\/www.caudete.org\/ayuntamiento\/esta-manana-han-tomado-posesion-los-5-nuevos-agentes-de-la-policia-local\/#breadcrumb"},"inLanguage":"es","potentialAction":[{"@type":"ReadAction","target":["https:\/\/www.caudete.org\/ayuntamiento\/esta-manana-han-tomado-posesion-los-5-nuevos-agentes-de-la-policia-local\/"]}]},{"@type":"ImageObject","inLanguage":"es","@id":"https:\/\/www.caudete.org\/ayuntamiento\/esta-manana-han-tomado-posesion-los-5-nuevos-agentes-de-la-policia-local\/#primaryimage","url":"https:\/\/www.caudete.org\/ayuntamiento\/wp-content\/uploads\/2023\/11\/WhatsApp-Image-2023-11-23-at-14.30.59.jpeg","contentUrl":"https:\/\/www.caudete.org\/ayuntamiento\/wp-content\/uploads\/2023\/11\/WhatsApp-Image-2023-11-23-at-14.30.59.jpeg","width":1600,"height":1200},{"@type":"BreadcrumbList","@id":"https:\/\/www.caudete.org\/ayuntamiento\/esta-manana-han-tomado-posesion-los-5-nuevos-agentes-de-la-policia-local\/#breadcrumb","itemListElement":[{"@type":"ListItem","position":1,"name":"Inicio","item":"https:\/\/www.caudete.org\/ayuntamiento\/"},{"@type":"ListItem","position":2,"name":"Esta ma\u00f1ana han tomado posesi\u00f3n los 5 nuevos Agentes de la Polic\u00eda Local"}]},{"@type":"WebSite","@id":"https:\/\/www.caudete.org\/ayuntamiento\/#website","url":"https:\/\/www.caudete.org\/ayuntamiento\/","name":"MI Ayuntamiento de Caudete","description":"P\u00e1gina Oficial del MI Ayuntamiento de Caudete","potentialAction":[{"@type":"SearchAction","target":{"@type":"EntryPoint","urlTemplate":"https:\/\/www.caudete.org\/ayuntamiento\/?s={search_term_string}"},"query-input":{"@type":"PropertyValueSpecification","valueRequired":true,"valueName":"search_term_string"}}],"inLanguage":"es"},{"@type":"Person","@id":"https:\/\/www.caudete.org\/ayuntamiento\/#\/schema\/person\/cc646da9133078ee4d8dd47457947253","name":"alcalde","image":{"@type":"ImageObject","inLanguage":"es","@id":"https:\/\/secure.gravatar.com\/avatar\/84a817ba065b29ff08d666b215a215f5c79186a645ccb25b14a663d48a130f77?s=96&d=mm&r=g","url":"https:\/\/secure.gravatar.com\/avatar\/84a817ba065b29ff08d666b215a215f5c79186a645ccb25b14a663d48a130f77?s=96&d=mm&r=g","contentUrl":"https:\/\/secure.gravatar.com\/avatar\/84a817ba065b29ff08d666b215a215f5c79186a645ccb25b14a663d48a130f77?s=96&d=mm&r=g","caption":"alcalde"},"url":"https:\/\/www.caudete.org\/ayuntamiento\/author\/alcalde\/"}]}},"_links":{"self":[{"href":"https:\/\/www.caudete.org\/ayuntamiento\/wp-json\/wp\/v2\/posts\/23801","targetHints":{"allow":["GET"]}}],"collection":[{"href":"https:\/\/www.caudete.org\/ayuntamiento\/wp-json\/wp\/v2\/posts"}],"about":[{"href":"https:\/\/www.caudete.org\/ayuntamiento\/wp-json\/wp\/v2\/types\/post"}],"author":[{"embeddable":true,"href":"https:\/\/www.caudete.org\/ayuntamiento\/wp-json\/wp\/v2\/users\/3"}],"replies":[{"embeddable":true,"href":"https:\/\/www.caudete.org\/ayuntamiento\/wp-json\/wp\/v2\/comments?post=23801"}],"version-history":[{"count":1,"href":"https:\/\/www.caudete.org\/ayuntamiento\/wp-json\/wp\/v2\/posts\/23801\/revisions"}],"predecessor-version":[{"id":23810,"href":"https:\/\/www.caudete.org\/ayuntamiento\/wp-json\/wp\/v2\/posts\/23801\/revisions\/23810"}],"wp:featuredmedia":[{"embeddable":true,"href":"https:\/\/www.caudete.org\/ayuntamiento\/wp-json\/wp\/v2\/media\/23809"}],"wp:attachment":[{"href":"https:\/\/www.caudete.org\/ayuntamiento\/wp-json\/wp\/v2\/media?parent=23801"}],"wp:term":[{"taxonomy":"category","embeddable":true,"href":"https:\/\/www.caudete.org\/ayuntamiento\/wp-json\/wp\/v2\/categories?post=23801"},{"taxonomy":"post_tag","embeddable":true,"href":"https:\/\/www.caudete.org\/ayuntamiento\/wp-json\/wp\/v2\/tags?post=23801"}],"curies":[{"name":"wp","href":"https:\/\/api.w.org\/{rel}","templated":true}]}}