{"id":23819,"date":"2023-11-24T17:44:01","date_gmt":"2023-11-24T16:44:01","guid":{"rendered":"https:\/\/www.caudete.org\/ayuntamiento\/?p=23819"},"modified":"2023-11-24T17:44:01","modified_gmt":"2023-11-24T16:44:01","slug":"un-vallado-perimetral-mejora-el-area-de-autocaravanas-entre-ayuntamiento-y-diputacion","status":"publish","type":"post","link":"https:\/\/www.caudete.org\/ayuntamiento\/un-vallado-perimetral-mejora-el-area-de-autocaravanas-entre-ayuntamiento-y-diputacion\/","title":{"rendered":"Un vallado perimetral mejora el \u00c1REA DE AUTOCARAVANAS entre Ayuntamiento y Diputaci\u00f3n"},"content":{"rendered":"<p style=\"text-align: justify;\">La reci\u00e9n y exitosa creada \u00c1rea de Autocaravanas del municipio se beneficia de unas mejoras propuestas por la Concejal\u00eda de Turismo enmarcadas en las Ayudas que la Excma. Diputaci\u00f3n Provincial de Albacete ha lanzado en 2023 para la creaci\u00f3n o mejora de estos espacios.<\/p>\n<p style=\"text-align: justify;\">Si el pasado a\u00f1o la ayuda permiti\u00f3 impulsar el proyecto desde cero, este a\u00f1o los 3.000\u20ac recibidos como subvenci\u00f3n han sido destinados al vallado perimetral de una celos\u00eda de acero electrosoldado lacado de 1&#8217;5 metros de altura, que librando los accesos, otorga seguridad y l\u00edmites al recinto, por un coste total de 3.915&#8217;56\u20ac y por medio de una empresa local.<\/p>\n<p style=\"text-align: justify;\">Para pr\u00f3ximos ejercicios se plantea la dotaci\u00f3n de sistemas de seguridad, quedando el \u00c1rea de Autocaravanas incluida en dicho caso dentro de la Red de Videovigilancia Urbana.<\/p>\n","protected":false},"excerpt":{"rendered":"<p>La reci\u00e9n y exitosa creada \u00c1rea de Autocaravanas del municipio se beneficia de unas mejoras propuestas por la Concejal\u00eda de Turismo enmarcadas en las Ayudas que la Excma. Diputaci\u00f3n Provincial de Albacete ha lanzado en 2023 para la creaci\u00f3n o mejora de estos espacios. Si el pasado a\u00f1o la ayuda permiti\u00f3 impulsar el proyecto desde &hellip;<\/p>\n","protected":false},"author":3,"featured_media":23820,"comment_status":"closed","ping_status":"open","sticky":false,"template":"","format":"standard","meta":{"ngg_post_thumbnail":0,"footnotes":""},"categories":[43],"tags":[],"class_list":["post-23819","post","type-post","status-publish","format-standard","has-post-thumbnail","hentry","category-turismo"],"yoast_head":"<!-- This site is optimized with the Yoast SEO plugin v27.5 - https:\/\/yoast.com\/product\/yoast-seo-wordpress\/ -->\n<title>Un vallado perimetral mejora el \u00c1REA DE AUTOCARAVANAS entre Ayuntamiento y Diputaci\u00f3n - MI Ayuntamiento de Caudete<\/title>\n<meta name=\"description\" content=\"P\u00e1gina Oficial del Ayuntamiento de Caudete (Albacete)\" \/>\n<meta name=\"robots\" content=\"index, follow, max-snippet:-1, max-image-preview:large, max-video-preview:-1\" \/>\n<link rel=\"canonical\" href=\"https:\/\/www.caudete.org\/ayuntamiento\/un-vallado-perimetral-mejora-el-area-de-autocaravanas-entre-ayuntamiento-y-diputacion\/\" \/>\n<meta property=\"og:locale\" content=\"es_ES\" \/>\n<meta property=\"og:type\" content=\"article\" \/>\n<meta property=\"og:title\" content=\"Un vallado perimetral mejora el \u00c1REA DE AUTOCARAVANAS entre Ayuntamiento y Diputaci\u00f3n - MI Ayuntamiento de Caudete\" \/>\n<meta property=\"og:description\" content=\"P\u00e1gina Oficial del Ayuntamiento de Caudete (Albacete)\" \/>\n<meta property=\"og:url\" content=\"https:\/\/www.caudete.org\/ayuntamiento\/un-vallado-perimetral-mejora-el-area-de-autocaravanas-entre-ayuntamiento-y-diputacion\/\" \/>\n<meta property=\"og:site_name\" content=\"MI Ayuntamiento de Caudete\" \/>\n<meta property=\"article:publisher\" content=\"https:\/\/www.facebook.com\/ayuntamientocaudete\/\" \/>\n<meta property=\"article:published_time\" content=\"2023-11-24T16:44:01+00:00\" \/>\n<meta property=\"og:image\" content=\"https:\/\/www.caudete.org\/ayuntamiento\/wp-content\/uploads\/2023\/11\/WhatsApp-Image-2023-11-24-at-17.42.59.jpeg\" \/>\n\t<meta property=\"og:image:width\" content=\"1599\" \/>\n\t<meta property=\"og:image:height\" content=\"1200\" \/>\n\t<meta property=\"og:image:type\" content=\"image\/jpeg\" \/>\n<meta name=\"author\" content=\"alcalde\" \/>\n<meta name=\"twitter:card\" content=\"summary_large_image\" \/>\n<meta name=\"twitter:label1\" content=\"Escrito por\" \/>\n\t<meta name=\"twitter:data1\" content=\"alcalde\" \/>\n\t<meta name=\"twitter:label2\" content=\"Tiempo de lectura\" \/>\n\t<meta name=\"twitter:data2\" content=\"1 minuto\" \/>\n<script type=\"application\/ld+json\" class=\"yoast-schema-graph\">{\"@context\":\"https:\\\/\\\/schema.org\",\"@graph\":[{\"@type\":\"Article\",\"@id\":\"https:\\\/\\\/www.caudete.org\\\/ayuntamiento\\\/un-vallado-perimetral-mejora-el-area-de-autocaravanas-entre-ayuntamiento-y-diputacion\\\/#article\",\"isPartOf\":{\"@id\":\"https:\\\/\\\/www.caudete.org\\\/ayuntamiento\\\/un-vallado-perimetral-mejora-el-area-de-autocaravanas-entre-ayuntamiento-y-diputacion\\\/\"},\"author\":{\"name\":\"alcalde\",\"@id\":\"https:\\\/\\\/www.caudete.org\\\/ayuntamiento\\\/#\\\/schema\\\/person\\\/cc646da9133078ee4d8dd47457947253\"},\"headline\":\"Un vallado perimetral mejora el \u00c1REA DE AUTOCARAVANAS entre Ayuntamiento y Diputaci\u00f3n\",\"datePublished\":\"2023-11-24T16:44:01+00:00\",\"mainEntityOfPage\":{\"@id\":\"https:\\\/\\\/www.caudete.org\\\/ayuntamiento\\\/un-vallado-perimetral-mejora-el-area-de-autocaravanas-entre-ayuntamiento-y-diputacion\\\/\"},\"wordCount\":151,\"image\":{\"@id\":\"https:\\\/\\\/www.caudete.org\\\/ayuntamiento\\\/un-vallado-perimetral-mejora-el-area-de-autocaravanas-entre-ayuntamiento-y-diputacion\\\/#primaryimage\"},\"thumbnailUrl\":\"https:\\\/\\\/www.caudete.org\\\/ayuntamiento\\\/wp-content\\\/uploads\\\/2023\\\/11\\\/WhatsApp-Image-2023-11-24-at-17.42.59.jpeg\",\"articleSection\":[\"Turismo\"],\"inLanguage\":\"es\"},{\"@type\":\"WebPage\",\"@id\":\"https:\\\/\\\/www.caudete.org\\\/ayuntamiento\\\/un-vallado-perimetral-mejora-el-area-de-autocaravanas-entre-ayuntamiento-y-diputacion\\\/\",\"url\":\"https:\\\/\\\/www.caudete.org\\\/ayuntamiento\\\/un-vallado-perimetral-mejora-el-area-de-autocaravanas-entre-ayuntamiento-y-diputacion\\\/\",\"name\":\"Un vallado perimetral mejora el \u00c1REA DE AUTOCARAVANAS entre Ayuntamiento y Diputaci\u00f3n - MI Ayuntamiento de Caudete\",\"isPartOf\":{\"@id\":\"https:\\\/\\\/www.caudete.org\\\/ayuntamiento\\\/#website\"},\"primaryImageOfPage\":{\"@id\":\"https:\\\/\\\/www.caudete.org\\\/ayuntamiento\\\/un-vallado-perimetral-mejora-el-area-de-autocaravanas-entre-ayuntamiento-y-diputacion\\\/#primaryimage\"},\"image\":{\"@id\":\"https:\\\/\\\/www.caudete.org\\\/ayuntamiento\\\/un-vallado-perimetral-mejora-el-area-de-autocaravanas-entre-ayuntamiento-y-diputacion\\\/#primaryimage\"},\"thumbnailUrl\":\"https:\\\/\\\/www.caudete.org\\\/ayuntamiento\\\/wp-content\\\/uploads\\\/2023\\\/11\\\/WhatsApp-Image-2023-11-24-at-17.42.59.jpeg\",\"datePublished\":\"2023-11-24T16:44:01+00:00\",\"author\":{\"@id\":\"https:\\\/\\\/www.caudete.org\\\/ayuntamiento\\\/#\\\/schema\\\/person\\\/cc646da9133078ee4d8dd47457947253\"},\"description\":\"P\u00e1gina Oficial del Ayuntamiento de Caudete (Albacete)\",\"breadcrumb\":{\"@id\":\"https:\\\/\\\/www.caudete.org\\\/ayuntamiento\\\/un-vallado-perimetral-mejora-el-area-de-autocaravanas-entre-ayuntamiento-y-diputacion\\\/#breadcrumb\"},\"inLanguage\":\"es\",\"potentialAction\":[{\"@type\":\"ReadAction\",\"target\":[\"https:\\\/\\\/www.caudete.org\\\/ayuntamiento\\\/un-vallado-perimetral-mejora-el-area-de-autocaravanas-entre-ayuntamiento-y-diputacion\\\/\"]}]},{\"@type\":\"ImageObject\",\"inLanguage\":\"es\",\"@id\":\"https:\\\/\\\/www.caudete.org\\\/ayuntamiento\\\/un-vallado-perimetral-mejora-el-area-de-autocaravanas-entre-ayuntamiento-y-diputacion\\\/#primaryimage\",\"url\":\"https:\\\/\\\/www.caudete.org\\\/ayuntamiento\\\/wp-content\\\/uploads\\\/2023\\\/11\\\/WhatsApp-Image-2023-11-24-at-17.42.59.jpeg\",\"contentUrl\":\"https:\\\/\\\/www.caudete.org\\\/ayuntamiento\\\/wp-content\\\/uploads\\\/2023\\\/11\\\/WhatsApp-Image-2023-11-24-at-17.42.59.jpeg\",\"width\":1599,\"height\":1200},{\"@type\":\"BreadcrumbList\",\"@id\":\"https:\\\/\\\/www.caudete.org\\\/ayuntamiento\\\/un-vallado-perimetral-mejora-el-area-de-autocaravanas-entre-ayuntamiento-y-diputacion\\\/#breadcrumb\",\"itemListElement\":[{\"@type\":\"ListItem\",\"position\":1,\"name\":\"Inicio\",\"item\":\"https:\\\/\\\/www.caudete.org\\\/ayuntamiento\\\/\"},{\"@type\":\"ListItem\",\"position\":2,\"name\":\"Un vallado perimetral mejora el \u00c1REA DE AUTOCARAVANAS entre Ayuntamiento y Diputaci\u00f3n\"}]},{\"@type\":\"WebSite\",\"@id\":\"https:\\\/\\\/www.caudete.org\\\/ayuntamiento\\\/#website\",\"url\":\"https:\\\/\\\/www.caudete.org\\\/ayuntamiento\\\/\",\"name\":\"MI Ayuntamiento de Caudete\",\"description\":\"P\u00e1gina Oficial del MI Ayuntamiento de Caudete\",\"potentialAction\":[{\"@type\":\"SearchAction\",\"target\":{\"@type\":\"EntryPoint\",\"urlTemplate\":\"https:\\\/\\\/www.caudete.org\\\/ayuntamiento\\\/?s={search_term_string}\"},\"query-input\":{\"@type\":\"PropertyValueSpecification\",\"valueRequired\":true,\"valueName\":\"search_term_string\"}}],\"inLanguage\":\"es\"},{\"@type\":\"Person\",\"@id\":\"https:\\\/\\\/www.caudete.org\\\/ayuntamiento\\\/#\\\/schema\\\/person\\\/cc646da9133078ee4d8dd47457947253\",\"name\":\"alcalde\",\"image\":{\"@type\":\"ImageObject\",\"inLanguage\":\"es\",\"@id\":\"https:\\\/\\\/secure.gravatar.com\\\/avatar\\\/84a817ba065b29ff08d666b215a215f5c79186a645ccb25b14a663d48a130f77?s=96&d=mm&r=g\",\"url\":\"https:\\\/\\\/secure.gravatar.com\\\/avatar\\\/84a817ba065b29ff08d666b215a215f5c79186a645ccb25b14a663d48a130f77?s=96&d=mm&r=g\",\"contentUrl\":\"https:\\\/\\\/secure.gravatar.com\\\/avatar\\\/84a817ba065b29ff08d666b215a215f5c79186a645ccb25b14a663d48a130f77?s=96&d=mm&r=g\",\"caption\":\"alcalde\"},\"url\":\"https:\\\/\\\/www.caudete.org\\\/ayuntamiento\\\/author\\\/alcalde\\\/\"}]}<\/script>\n<!-- \/ Yoast SEO plugin. -->","yoast_head_json":{"title":"Un vallado perimetral mejora el \u00c1REA DE AUTOCARAVANAS entre Ayuntamiento y Diputaci\u00f3n - MI Ayuntamiento de Caudete","description":"P\u00e1gina Oficial del Ayuntamiento de Caudete (Albacete)","robots":{"index":"index","follow":"follow","max-snippet":"max-snippet:-1","max-image-preview":"max-image-preview:large","max-video-preview":"max-video-preview:-1"},"canonical":"https:\/\/www.caudete.org\/ayuntamiento\/un-vallado-perimetral-mejora-el-area-de-autocaravanas-entre-ayuntamiento-y-diputacion\/","og_locale":"es_ES","og_type":"article","og_title":"Un vallado perimetral mejora el \u00c1REA DE AUTOCARAVANAS entre Ayuntamiento y Diputaci\u00f3n - MI Ayuntamiento de Caudete","og_description":"P\u00e1gina Oficial del Ayuntamiento de Caudete (Albacete)","og_url":"https:\/\/www.caudete.org\/ayuntamiento\/un-vallado-perimetral-mejora-el-area-de-autocaravanas-entre-ayuntamiento-y-diputacion\/","og_site_name":"MI Ayuntamiento de Caudete","article_publisher":"https:\/\/www.facebook.com\/ayuntamientocaudete\/","article_published_time":"2023-11-24T16:44:01+00:00","og_image":[{"width":1599,"height":1200,"url":"https:\/\/www.caudete.org\/ayuntamiento\/wp-content\/uploads\/2023\/11\/WhatsApp-Image-2023-11-24-at-17.42.59.jpeg","type":"image\/jpeg"}],"author":"alcalde","twitter_card":"summary_large_image","twitter_misc":{"Escrito por":"alcalde","Tiempo de lectura":"1 minuto"},"schema":{"@context":"https:\/\/schema.org","@graph":[{"@type":"Article","@id":"https:\/\/www.caudete.org\/ayuntamiento\/un-vallado-perimetral-mejora-el-area-de-autocaravanas-entre-ayuntamiento-y-diputacion\/#article","isPartOf":{"@id":"https:\/\/www.caudete.org\/ayuntamiento\/un-vallado-perimetral-mejora-el-area-de-autocaravanas-entre-ayuntamiento-y-diputacion\/"},"author":{"name":"alcalde","@id":"https:\/\/www.caudete.org\/ayuntamiento\/#\/schema\/person\/cc646da9133078ee4d8dd47457947253"},"headline":"Un vallado perimetral mejora el \u00c1REA DE AUTOCARAVANAS entre Ayuntamiento y Diputaci\u00f3n","datePublished":"2023-11-24T16:44:01+00:00","mainEntityOfPage":{"@id":"https:\/\/www.caudete.org\/ayuntamiento\/un-vallado-perimetral-mejora-el-area-de-autocaravanas-entre-ayuntamiento-y-diputacion\/"},"wordCount":151,"image":{"@id":"https:\/\/www.caudete.org\/ayuntamiento\/un-vallado-perimetral-mejora-el-area-de-autocaravanas-entre-ayuntamiento-y-diputacion\/#primaryimage"},"thumbnailUrl":"https:\/\/www.caudete.org\/ayuntamiento\/wp-content\/uploads\/2023\/11\/WhatsApp-Image-2023-11-24-at-17.42.59.jpeg","articleSection":["Turismo"],"inLanguage":"es"},{"@type":"WebPage","@id":"https:\/\/www.caudete.org\/ayuntamiento\/un-vallado-perimetral-mejora-el-area-de-autocaravanas-entre-ayuntamiento-y-diputacion\/","url":"https:\/\/www.caudete.org\/ayuntamiento\/un-vallado-perimetral-mejora-el-area-de-autocaravanas-entre-ayuntamiento-y-diputacion\/","name":"Un vallado perimetral mejora el \u00c1REA DE AUTOCARAVANAS entre Ayuntamiento y Diputaci\u00f3n - MI Ayuntamiento de Caudete","isPartOf":{"@id":"https:\/\/www.caudete.org\/ayuntamiento\/#website"},"primaryImageOfPage":{"@id":"https:\/\/www.caudete.org\/ayuntamiento\/un-vallado-perimetral-mejora-el-area-de-autocaravanas-entre-ayuntamiento-y-diputacion\/#primaryimage"},"image":{"@id":"https:\/\/www.caudete.org\/ayuntamiento\/un-vallado-perimetral-mejora-el-area-de-autocaravanas-entre-ayuntamiento-y-diputacion\/#primaryimage"},"thumbnailUrl":"https:\/\/www.caudete.org\/ayuntamiento\/wp-content\/uploads\/2023\/11\/WhatsApp-Image-2023-11-24-at-17.42.59.jpeg","datePublished":"2023-11-24T16:44:01+00:00","author":{"@id":"https:\/\/www.caudete.org\/ayuntamiento\/#\/schema\/person\/cc646da9133078ee4d8dd47457947253"},"description":"P\u00e1gina Oficial del Ayuntamiento de Caudete (Albacete)","breadcrumb":{"@id":"https:\/\/www.caudete.org\/ayuntamiento\/un-vallado-perimetral-mejora-el-area-de-autocaravanas-entre-ayuntamiento-y-diputacion\/#breadcrumb"},"inLanguage":"es","potentialAction":[{"@type":"ReadAction","target":["https:\/\/www.caudete.org\/ayuntamiento\/un-vallado-perimetral-mejora-el-area-de-autocaravanas-entre-ayuntamiento-y-diputacion\/"]}]},{"@type":"ImageObject","inLanguage":"es","@id":"https:\/\/www.caudete.org\/ayuntamiento\/un-vallado-perimetral-mejora-el-area-de-autocaravanas-entre-ayuntamiento-y-diputacion\/#primaryimage","url":"https:\/\/www.caudete.org\/ayuntamiento\/wp-content\/uploads\/2023\/11\/WhatsApp-Image-2023-11-24-at-17.42.59.jpeg","contentUrl":"https:\/\/www.caudete.org\/ayuntamiento\/wp-content\/uploads\/2023\/11\/WhatsApp-Image-2023-11-24-at-17.42.59.jpeg","width":1599,"height":1200},{"@type":"BreadcrumbList","@id":"https:\/\/www.caudete.org\/ayuntamiento\/un-vallado-perimetral-mejora-el-area-de-autocaravanas-entre-ayuntamiento-y-diputacion\/#breadcrumb","itemListElement":[{"@type":"ListItem","position":1,"name":"Inicio","item":"https:\/\/www.caudete.org\/ayuntamiento\/"},{"@type":"ListItem","position":2,"name":"Un vallado perimetral mejora el \u00c1REA DE AUTOCARAVANAS entre Ayuntamiento y Diputaci\u00f3n"}]},{"@type":"WebSite","@id":"https:\/\/www.caudete.org\/ayuntamiento\/#website","url":"https:\/\/www.caudete.org\/ayuntamiento\/","name":"MI Ayuntamiento de Caudete","description":"P\u00e1gina Oficial del MI Ayuntamiento de Caudete","potentialAction":[{"@type":"SearchAction","target":{"@type":"EntryPoint","urlTemplate":"https:\/\/www.caudete.org\/ayuntamiento\/?s={search_term_string}"},"query-input":{"@type":"PropertyValueSpecification","valueRequired":true,"valueName":"search_term_string"}}],"inLanguage":"es"},{"@type":"Person","@id":"https:\/\/www.caudete.org\/ayuntamiento\/#\/schema\/person\/cc646da9133078ee4d8dd47457947253","name":"alcalde","image":{"@type":"ImageObject","inLanguage":"es","@id":"https:\/\/secure.gravatar.com\/avatar\/84a817ba065b29ff08d666b215a215f5c79186a645ccb25b14a663d48a130f77?s=96&d=mm&r=g","url":"https:\/\/secure.gravatar.com\/avatar\/84a817ba065b29ff08d666b215a215f5c79186a645ccb25b14a663d48a130f77?s=96&d=mm&r=g","contentUrl":"https:\/\/secure.gravatar.com\/avatar\/84a817ba065b29ff08d666b215a215f5c79186a645ccb25b14a663d48a130f77?s=96&d=mm&r=g","caption":"alcalde"},"url":"https:\/\/www.caudete.org\/ayuntamiento\/author\/alcalde\/"}]}},"_links":{"self":[{"href":"https:\/\/www.caudete.org\/ayuntamiento\/wp-json\/wp\/v2\/posts\/23819","targetHints":{"allow":["GET"]}}],"collection":[{"href":"https:\/\/www.caudete.org\/ayuntamiento\/wp-json\/wp\/v2\/posts"}],"about":[{"href":"https:\/\/www.caudete.org\/ayuntamiento\/wp-json\/wp\/v2\/types\/post"}],"author":[{"embeddable":true,"href":"https:\/\/www.caudete.org\/ayuntamiento\/wp-json\/wp\/v2\/users\/3"}],"replies":[{"embeddable":true,"href":"https:\/\/www.caudete.org\/ayuntamiento\/wp-json\/wp\/v2\/comments?post=23819"}],"version-history":[{"count":1,"href":"https:\/\/www.caudete.org\/ayuntamiento\/wp-json\/wp\/v2\/posts\/23819\/revisions"}],"predecessor-version":[{"id":23821,"href":"https:\/\/www.caudete.org\/ayuntamiento\/wp-json\/wp\/v2\/posts\/23819\/revisions\/23821"}],"wp:featuredmedia":[{"embeddable":true,"href":"https:\/\/www.caudete.org\/ayuntamiento\/wp-json\/wp\/v2\/media\/23820"}],"wp:attachment":[{"href":"https:\/\/www.caudete.org\/ayuntamiento\/wp-json\/wp\/v2\/media?parent=23819"}],"wp:term":[{"taxonomy":"category","embeddable":true,"href":"https:\/\/www.caudete.org\/ayuntamiento\/wp-json\/wp\/v2\/categories?post=23819"},{"taxonomy":"post_tag","embeddable":true,"href":"https:\/\/www.caudete.org\/ayuntamiento\/wp-json\/wp\/v2\/tags?post=23819"}],"curies":[{"name":"wp","href":"https:\/\/api.w.org\/{rel}","templated":true}]}}