{"id":23822,"date":"2023-11-27T10:46:37","date_gmt":"2023-11-27T09:46:37","guid":{"rendered":"https:\/\/www.caudete.org\/ayuntamiento\/?p=23822"},"modified":"2023-11-27T10:46:37","modified_gmt":"2023-11-27T09:46:37","slug":"las-camaras-de-videovigilancia-captan-el-vandalismo-de-un-individuo-en-la-plaza-del-carmen","status":"publish","type":"post","link":"https:\/\/www.caudete.org\/ayuntamiento\/las-camaras-de-videovigilancia-captan-el-vandalismo-de-un-individuo-en-la-plaza-del-carmen\/","title":{"rendered":"Las c\u00e1maras de videovigilancia captan el vandalismo de un individuo en la Plaza del Carmen"},"content":{"rendered":"<p style=\"text-align: justify;\">La Red de Videovigilancia urbana contin\u00faa dando sus frutos. En este caso, ha captado el vandalismo que un individuo realiz\u00f3 caprichosamente durante la madrugada del domingo pasado sobre diferentes objetos del mobiliario urbano de dicha v\u00eda p\u00fablica.<\/p>\n<p style=\"text-align: justify;\">Las alarmas saltan al encenderse el \u00c1rbol de Navidad en la tarde del domingo. La Brigada de Obras acude para apagarlo, y comprueban que la conexi\u00f3n realizada no es la propia de los empleados municipales, de hecho, se reserva hasta el d\u00eda de encendido, previsto para el d\u00eda 15 de Diciembre.<\/p>\n<p style=\"text-align: justify;\">Revisadas esta ma\u00f1ana la grabaci\u00f3n de im\u00e1genes, a petici\u00f3n de la Alcald\u00eda, se observa como el s\u00e1bado entre las 4 y las 5 de la ma\u00f1ana un individuo sale de un inmueble pr\u00f3ximo, y de forma relajada, durante un tiempo, procede a maltratar el mobiliario urbano. Primeramente, arrancando un pivote, para posteriormente, centrarse en el \u00e1rbol luminosos colocado en la fuente con motivo de la navidad.<\/p>\n<p style=\"text-align: justify;\">Sobre \u00e9ste, y tras escalar sobre el mismo, arranca varias l\u00edneas luminosas, y accede a la zona de mandos conectando a la corriente el\u00e9ctrica el \u00e1rbol.<\/p>\n<p style=\"text-align: justify;\">Con dichas pruebas, la Polic\u00eda Local ha dado comienzo a la investigaci\u00f3n de los hechos, para identificar al autor, cuantificar los da\u00f1os, y dar continuidad a los procedimientos que correspondan para que el autor pague por sus actos.<\/p>\n","protected":false},"excerpt":{"rendered":"<p>La Red de Videovigilancia urbana contin\u00faa dando sus frutos. En este caso, ha captado el vandalismo que un individuo realiz\u00f3 caprichosamente durante la madrugada del domingo pasado sobre diferentes objetos del mobiliario urbano de dicha v\u00eda p\u00fablica. Las alarmas saltan al encenderse el \u00c1rbol de Navidad en la tarde del domingo. La Brigada de Obras &hellip;<\/p>\n","protected":false},"author":3,"featured_media":17080,"comment_status":"closed","ping_status":"open","sticky":false,"template":"","format":"standard","meta":{"ngg_post_thumbnail":0,"footnotes":""},"categories":[852],"tags":[],"class_list":["post-23822","post","type-post","status-publish","format-standard","has-post-thumbnail","hentry","category-seguridad-ciudadana"],"yoast_head":"<!-- This site is optimized with the Yoast SEO plugin v27.5 - https:\/\/yoast.com\/product\/yoast-seo-wordpress\/ -->\n<title>Las c\u00e1maras de videovigilancia captan el vandalismo de un individuo en la Plaza del Carmen - MI Ayuntamiento de Caudete<\/title>\n<meta name=\"description\" content=\"P\u00e1gina Oficial del Ayuntamiento de Caudete (Albacete)\" \/>\n<meta name=\"robots\" content=\"index, follow, max-snippet:-1, max-image-preview:large, max-video-preview:-1\" \/>\n<link rel=\"canonical\" href=\"https:\/\/www.caudete.org\/ayuntamiento\/las-camaras-de-videovigilancia-captan-el-vandalismo-de-un-individuo-en-la-plaza-del-carmen\/\" \/>\n<meta property=\"og:locale\" content=\"es_ES\" \/>\n<meta property=\"og:type\" content=\"article\" \/>\n<meta property=\"og:title\" content=\"Las c\u00e1maras de videovigilancia captan el vandalismo de un individuo en la Plaza del Carmen - MI Ayuntamiento de Caudete\" \/>\n<meta property=\"og:description\" content=\"P\u00e1gina Oficial del Ayuntamiento de Caudete (Albacete)\" \/>\n<meta property=\"og:url\" content=\"https:\/\/www.caudete.org\/ayuntamiento\/las-camaras-de-videovigilancia-captan-el-vandalismo-de-un-individuo-en-la-plaza-del-carmen\/\" \/>\n<meta property=\"og:site_name\" content=\"MI Ayuntamiento de Caudete\" \/>\n<meta property=\"article:publisher\" content=\"https:\/\/www.facebook.com\/ayuntamientocaudete\/\" \/>\n<meta property=\"article:published_time\" content=\"2023-11-27T09:46:37+00:00\" \/>\n<meta property=\"og:image\" content=\"https:\/\/www.caudete.org\/ayuntamiento\/wp-content\/uploads\/2021\/11\/videovigilancia_conceptos2.jpg\" \/>\n\t<meta property=\"og:image:width\" content=\"1200\" \/>\n\t<meta property=\"og:image:height\" content=\"780\" \/>\n\t<meta property=\"og:image:type\" content=\"image\/jpeg\" \/>\n<meta name=\"author\" content=\"alcalde\" \/>\n<meta name=\"twitter:card\" content=\"summary_large_image\" \/>\n<meta name=\"twitter:label1\" content=\"Escrito por\" \/>\n\t<meta name=\"twitter:data1\" content=\"alcalde\" \/>\n\t<meta name=\"twitter:label2\" content=\"Tiempo de lectura\" \/>\n\t<meta name=\"twitter:data2\" content=\"1 minuto\" \/>\n<script type=\"application\/ld+json\" class=\"yoast-schema-graph\">{\"@context\":\"https:\\\/\\\/schema.org\",\"@graph\":[{\"@type\":\"Article\",\"@id\":\"https:\\\/\\\/www.caudete.org\\\/ayuntamiento\\\/las-camaras-de-videovigilancia-captan-el-vandalismo-de-un-individuo-en-la-plaza-del-carmen\\\/#article\",\"isPartOf\":{\"@id\":\"https:\\\/\\\/www.caudete.org\\\/ayuntamiento\\\/las-camaras-de-videovigilancia-captan-el-vandalismo-de-un-individuo-en-la-plaza-del-carmen\\\/\"},\"author\":{\"name\":\"alcalde\",\"@id\":\"https:\\\/\\\/www.caudete.org\\\/ayuntamiento\\\/#\\\/schema\\\/person\\\/cc646da9133078ee4d8dd47457947253\"},\"headline\":\"Las c\u00e1maras de videovigilancia captan el vandalismo de un individuo en la Plaza del Carmen\",\"datePublished\":\"2023-11-27T09:46:37+00:00\",\"mainEntityOfPage\":{\"@id\":\"https:\\\/\\\/www.caudete.org\\\/ayuntamiento\\\/las-camaras-de-videovigilancia-captan-el-vandalismo-de-un-individuo-en-la-plaza-del-carmen\\\/\"},\"wordCount\":250,\"image\":{\"@id\":\"https:\\\/\\\/www.caudete.org\\\/ayuntamiento\\\/las-camaras-de-videovigilancia-captan-el-vandalismo-de-un-individuo-en-la-plaza-del-carmen\\\/#primaryimage\"},\"thumbnailUrl\":\"https:\\\/\\\/www.caudete.org\\\/ayuntamiento\\\/wp-content\\\/uploads\\\/2021\\\/11\\\/videovigilancia_conceptos2.jpg\",\"articleSection\":[\"Seguridad Ciudadana\"],\"inLanguage\":\"es\"},{\"@type\":\"WebPage\",\"@id\":\"https:\\\/\\\/www.caudete.org\\\/ayuntamiento\\\/las-camaras-de-videovigilancia-captan-el-vandalismo-de-un-individuo-en-la-plaza-del-carmen\\\/\",\"url\":\"https:\\\/\\\/www.caudete.org\\\/ayuntamiento\\\/las-camaras-de-videovigilancia-captan-el-vandalismo-de-un-individuo-en-la-plaza-del-carmen\\\/\",\"name\":\"Las c\u00e1maras de videovigilancia captan el vandalismo de un individuo en la Plaza del Carmen - MI Ayuntamiento de Caudete\",\"isPartOf\":{\"@id\":\"https:\\\/\\\/www.caudete.org\\\/ayuntamiento\\\/#website\"},\"primaryImageOfPage\":{\"@id\":\"https:\\\/\\\/www.caudete.org\\\/ayuntamiento\\\/las-camaras-de-videovigilancia-captan-el-vandalismo-de-un-individuo-en-la-plaza-del-carmen\\\/#primaryimage\"},\"image\":{\"@id\":\"https:\\\/\\\/www.caudete.org\\\/ayuntamiento\\\/las-camaras-de-videovigilancia-captan-el-vandalismo-de-un-individuo-en-la-plaza-del-carmen\\\/#primaryimage\"},\"thumbnailUrl\":\"https:\\\/\\\/www.caudete.org\\\/ayuntamiento\\\/wp-content\\\/uploads\\\/2021\\\/11\\\/videovigilancia_conceptos2.jpg\",\"datePublished\":\"2023-11-27T09:46:37+00:00\",\"author\":{\"@id\":\"https:\\\/\\\/www.caudete.org\\\/ayuntamiento\\\/#\\\/schema\\\/person\\\/cc646da9133078ee4d8dd47457947253\"},\"description\":\"P\u00e1gina Oficial del Ayuntamiento de Caudete (Albacete)\",\"breadcrumb\":{\"@id\":\"https:\\\/\\\/www.caudete.org\\\/ayuntamiento\\\/las-camaras-de-videovigilancia-captan-el-vandalismo-de-un-individuo-en-la-plaza-del-carmen\\\/#breadcrumb\"},\"inLanguage\":\"es\",\"potentialAction\":[{\"@type\":\"ReadAction\",\"target\":[\"https:\\\/\\\/www.caudete.org\\\/ayuntamiento\\\/las-camaras-de-videovigilancia-captan-el-vandalismo-de-un-individuo-en-la-plaza-del-carmen\\\/\"]}]},{\"@type\":\"ImageObject\",\"inLanguage\":\"es\",\"@id\":\"https:\\\/\\\/www.caudete.org\\\/ayuntamiento\\\/las-camaras-de-videovigilancia-captan-el-vandalismo-de-un-individuo-en-la-plaza-del-carmen\\\/#primaryimage\",\"url\":\"https:\\\/\\\/www.caudete.org\\\/ayuntamiento\\\/wp-content\\\/uploads\\\/2021\\\/11\\\/videovigilancia_conceptos2.jpg\",\"contentUrl\":\"https:\\\/\\\/www.caudete.org\\\/ayuntamiento\\\/wp-content\\\/uploads\\\/2021\\\/11\\\/videovigilancia_conceptos2.jpg\",\"width\":1200,\"height\":780},{\"@type\":\"BreadcrumbList\",\"@id\":\"https:\\\/\\\/www.caudete.org\\\/ayuntamiento\\\/las-camaras-de-videovigilancia-captan-el-vandalismo-de-un-individuo-en-la-plaza-del-carmen\\\/#breadcrumb\",\"itemListElement\":[{\"@type\":\"ListItem\",\"position\":1,\"name\":\"Inicio\",\"item\":\"https:\\\/\\\/www.caudete.org\\\/ayuntamiento\\\/\"},{\"@type\":\"ListItem\",\"position\":2,\"name\":\"Las c\u00e1maras de videovigilancia captan el vandalismo de un individuo en la Plaza del Carmen\"}]},{\"@type\":\"WebSite\",\"@id\":\"https:\\\/\\\/www.caudete.org\\\/ayuntamiento\\\/#website\",\"url\":\"https:\\\/\\\/www.caudete.org\\\/ayuntamiento\\\/\",\"name\":\"MI Ayuntamiento de Caudete\",\"description\":\"P\u00e1gina Oficial del MI Ayuntamiento de Caudete\",\"potentialAction\":[{\"@type\":\"SearchAction\",\"target\":{\"@type\":\"EntryPoint\",\"urlTemplate\":\"https:\\\/\\\/www.caudete.org\\\/ayuntamiento\\\/?s={search_term_string}\"},\"query-input\":{\"@type\":\"PropertyValueSpecification\",\"valueRequired\":true,\"valueName\":\"search_term_string\"}}],\"inLanguage\":\"es\"},{\"@type\":\"Person\",\"@id\":\"https:\\\/\\\/www.caudete.org\\\/ayuntamiento\\\/#\\\/schema\\\/person\\\/cc646da9133078ee4d8dd47457947253\",\"name\":\"alcalde\",\"image\":{\"@type\":\"ImageObject\",\"inLanguage\":\"es\",\"@id\":\"https:\\\/\\\/secure.gravatar.com\\\/avatar\\\/84a817ba065b29ff08d666b215a215f5c79186a645ccb25b14a663d48a130f77?s=96&d=mm&r=g\",\"url\":\"https:\\\/\\\/secure.gravatar.com\\\/avatar\\\/84a817ba065b29ff08d666b215a215f5c79186a645ccb25b14a663d48a130f77?s=96&d=mm&r=g\",\"contentUrl\":\"https:\\\/\\\/secure.gravatar.com\\\/avatar\\\/84a817ba065b29ff08d666b215a215f5c79186a645ccb25b14a663d48a130f77?s=96&d=mm&r=g\",\"caption\":\"alcalde\"},\"url\":\"https:\\\/\\\/www.caudete.org\\\/ayuntamiento\\\/author\\\/alcalde\\\/\"}]}<\/script>\n<!-- \/ Yoast SEO plugin. -->","yoast_head_json":{"title":"Las c\u00e1maras de videovigilancia captan el vandalismo de un individuo en la Plaza del Carmen - MI Ayuntamiento de Caudete","description":"P\u00e1gina Oficial del Ayuntamiento de Caudete (Albacete)","robots":{"index":"index","follow":"follow","max-snippet":"max-snippet:-1","max-image-preview":"max-image-preview:large","max-video-preview":"max-video-preview:-1"},"canonical":"https:\/\/www.caudete.org\/ayuntamiento\/las-camaras-de-videovigilancia-captan-el-vandalismo-de-un-individuo-en-la-plaza-del-carmen\/","og_locale":"es_ES","og_type":"article","og_title":"Las c\u00e1maras de videovigilancia captan el vandalismo de un individuo en la Plaza del Carmen - MI Ayuntamiento de Caudete","og_description":"P\u00e1gina Oficial del Ayuntamiento de Caudete (Albacete)","og_url":"https:\/\/www.caudete.org\/ayuntamiento\/las-camaras-de-videovigilancia-captan-el-vandalismo-de-un-individuo-en-la-plaza-del-carmen\/","og_site_name":"MI Ayuntamiento de Caudete","article_publisher":"https:\/\/www.facebook.com\/ayuntamientocaudete\/","article_published_time":"2023-11-27T09:46:37+00:00","og_image":[{"width":1200,"height":780,"url":"https:\/\/www.caudete.org\/ayuntamiento\/wp-content\/uploads\/2021\/11\/videovigilancia_conceptos2.jpg","type":"image\/jpeg"}],"author":"alcalde","twitter_card":"summary_large_image","twitter_misc":{"Escrito por":"alcalde","Tiempo de lectura":"1 minuto"},"schema":{"@context":"https:\/\/schema.org","@graph":[{"@type":"Article","@id":"https:\/\/www.caudete.org\/ayuntamiento\/las-camaras-de-videovigilancia-captan-el-vandalismo-de-un-individuo-en-la-plaza-del-carmen\/#article","isPartOf":{"@id":"https:\/\/www.caudete.org\/ayuntamiento\/las-camaras-de-videovigilancia-captan-el-vandalismo-de-un-individuo-en-la-plaza-del-carmen\/"},"author":{"name":"alcalde","@id":"https:\/\/www.caudete.org\/ayuntamiento\/#\/schema\/person\/cc646da9133078ee4d8dd47457947253"},"headline":"Las c\u00e1maras de videovigilancia captan el vandalismo de un individuo en la Plaza del Carmen","datePublished":"2023-11-27T09:46:37+00:00","mainEntityOfPage":{"@id":"https:\/\/www.caudete.org\/ayuntamiento\/las-camaras-de-videovigilancia-captan-el-vandalismo-de-un-individuo-en-la-plaza-del-carmen\/"},"wordCount":250,"image":{"@id":"https:\/\/www.caudete.org\/ayuntamiento\/las-camaras-de-videovigilancia-captan-el-vandalismo-de-un-individuo-en-la-plaza-del-carmen\/#primaryimage"},"thumbnailUrl":"https:\/\/www.caudete.org\/ayuntamiento\/wp-content\/uploads\/2021\/11\/videovigilancia_conceptos2.jpg","articleSection":["Seguridad Ciudadana"],"inLanguage":"es"},{"@type":"WebPage","@id":"https:\/\/www.caudete.org\/ayuntamiento\/las-camaras-de-videovigilancia-captan-el-vandalismo-de-un-individuo-en-la-plaza-del-carmen\/","url":"https:\/\/www.caudete.org\/ayuntamiento\/las-camaras-de-videovigilancia-captan-el-vandalismo-de-un-individuo-en-la-plaza-del-carmen\/","name":"Las c\u00e1maras de videovigilancia captan el vandalismo de un individuo en la Plaza del Carmen - MI Ayuntamiento de Caudete","isPartOf":{"@id":"https:\/\/www.caudete.org\/ayuntamiento\/#website"},"primaryImageOfPage":{"@id":"https:\/\/www.caudete.org\/ayuntamiento\/las-camaras-de-videovigilancia-captan-el-vandalismo-de-un-individuo-en-la-plaza-del-carmen\/#primaryimage"},"image":{"@id":"https:\/\/www.caudete.org\/ayuntamiento\/las-camaras-de-videovigilancia-captan-el-vandalismo-de-un-individuo-en-la-plaza-del-carmen\/#primaryimage"},"thumbnailUrl":"https:\/\/www.caudete.org\/ayuntamiento\/wp-content\/uploads\/2021\/11\/videovigilancia_conceptos2.jpg","datePublished":"2023-11-27T09:46:37+00:00","author":{"@id":"https:\/\/www.caudete.org\/ayuntamiento\/#\/schema\/person\/cc646da9133078ee4d8dd47457947253"},"description":"P\u00e1gina Oficial del Ayuntamiento de Caudete (Albacete)","breadcrumb":{"@id":"https:\/\/www.caudete.org\/ayuntamiento\/las-camaras-de-videovigilancia-captan-el-vandalismo-de-un-individuo-en-la-plaza-del-carmen\/#breadcrumb"},"inLanguage":"es","potentialAction":[{"@type":"ReadAction","target":["https:\/\/www.caudete.org\/ayuntamiento\/las-camaras-de-videovigilancia-captan-el-vandalismo-de-un-individuo-en-la-plaza-del-carmen\/"]}]},{"@type":"ImageObject","inLanguage":"es","@id":"https:\/\/www.caudete.org\/ayuntamiento\/las-camaras-de-videovigilancia-captan-el-vandalismo-de-un-individuo-en-la-plaza-del-carmen\/#primaryimage","url":"https:\/\/www.caudete.org\/ayuntamiento\/wp-content\/uploads\/2021\/11\/videovigilancia_conceptos2.jpg","contentUrl":"https:\/\/www.caudete.org\/ayuntamiento\/wp-content\/uploads\/2021\/11\/videovigilancia_conceptos2.jpg","width":1200,"height":780},{"@type":"BreadcrumbList","@id":"https:\/\/www.caudete.org\/ayuntamiento\/las-camaras-de-videovigilancia-captan-el-vandalismo-de-un-individuo-en-la-plaza-del-carmen\/#breadcrumb","itemListElement":[{"@type":"ListItem","position":1,"name":"Inicio","item":"https:\/\/www.caudete.org\/ayuntamiento\/"},{"@type":"ListItem","position":2,"name":"Las c\u00e1maras de videovigilancia captan el vandalismo de un individuo en la Plaza del Carmen"}]},{"@type":"WebSite","@id":"https:\/\/www.caudete.org\/ayuntamiento\/#website","url":"https:\/\/www.caudete.org\/ayuntamiento\/","name":"MI Ayuntamiento de Caudete","description":"P\u00e1gina Oficial del MI Ayuntamiento de Caudete","potentialAction":[{"@type":"SearchAction","target":{"@type":"EntryPoint","urlTemplate":"https:\/\/www.caudete.org\/ayuntamiento\/?s={search_term_string}"},"query-input":{"@type":"PropertyValueSpecification","valueRequired":true,"valueName":"search_term_string"}}],"inLanguage":"es"},{"@type":"Person","@id":"https:\/\/www.caudete.org\/ayuntamiento\/#\/schema\/person\/cc646da9133078ee4d8dd47457947253","name":"alcalde","image":{"@type":"ImageObject","inLanguage":"es","@id":"https:\/\/secure.gravatar.com\/avatar\/84a817ba065b29ff08d666b215a215f5c79186a645ccb25b14a663d48a130f77?s=96&d=mm&r=g","url":"https:\/\/secure.gravatar.com\/avatar\/84a817ba065b29ff08d666b215a215f5c79186a645ccb25b14a663d48a130f77?s=96&d=mm&r=g","contentUrl":"https:\/\/secure.gravatar.com\/avatar\/84a817ba065b29ff08d666b215a215f5c79186a645ccb25b14a663d48a130f77?s=96&d=mm&r=g","caption":"alcalde"},"url":"https:\/\/www.caudete.org\/ayuntamiento\/author\/alcalde\/"}]}},"_links":{"self":[{"href":"https:\/\/www.caudete.org\/ayuntamiento\/wp-json\/wp\/v2\/posts\/23822","targetHints":{"allow":["GET"]}}],"collection":[{"href":"https:\/\/www.caudete.org\/ayuntamiento\/wp-json\/wp\/v2\/posts"}],"about":[{"href":"https:\/\/www.caudete.org\/ayuntamiento\/wp-json\/wp\/v2\/types\/post"}],"author":[{"embeddable":true,"href":"https:\/\/www.caudete.org\/ayuntamiento\/wp-json\/wp\/v2\/users\/3"}],"replies":[{"embeddable":true,"href":"https:\/\/www.caudete.org\/ayuntamiento\/wp-json\/wp\/v2\/comments?post=23822"}],"version-history":[{"count":1,"href":"https:\/\/www.caudete.org\/ayuntamiento\/wp-json\/wp\/v2\/posts\/23822\/revisions"}],"predecessor-version":[{"id":23823,"href":"https:\/\/www.caudete.org\/ayuntamiento\/wp-json\/wp\/v2\/posts\/23822\/revisions\/23823"}],"wp:featuredmedia":[{"embeddable":true,"href":"https:\/\/www.caudete.org\/ayuntamiento\/wp-json\/wp\/v2\/media\/17080"}],"wp:attachment":[{"href":"https:\/\/www.caudete.org\/ayuntamiento\/wp-json\/wp\/v2\/media?parent=23822"}],"wp:term":[{"taxonomy":"category","embeddable":true,"href":"https:\/\/www.caudete.org\/ayuntamiento\/wp-json\/wp\/v2\/categories?post=23822"},{"taxonomy":"post_tag","embeddable":true,"href":"https:\/\/www.caudete.org\/ayuntamiento\/wp-json\/wp\/v2\/tags?post=23822"}],"curies":[{"name":"wp","href":"https:\/\/api.w.org\/{rel}","templated":true}]}}