{"id":23824,"date":"2023-11-28T14:58:53","date_gmt":"2023-11-28T13:58:53","guid":{"rendered":"https:\/\/www.caudete.org\/ayuntamiento\/?p=23824"},"modified":"2023-11-28T14:58:53","modified_gmt":"2023-11-28T13:58:53","slug":"caudete-vuelve-a-acoger-una-nueva-competicion-escolar-de-ambito-provincial","status":"publish","type":"post","link":"https:\/\/www.caudete.org\/ayuntamiento\/caudete-vuelve-a-acoger-una-nueva-competicion-escolar-de-ambito-provincial\/","title":{"rendered":"Caudete vuelve a acoger una nueva competici\u00f3n escolar de \u00e1mbito provincial."},"content":{"rendered":"<p>La Concejal de Deportes, Pilar Egea, ha informado a los medios que el municipio de Caudete, tras acoger recientemente una de las fases provinciales en las modalidades de Tenis de Mesa, Orientaci\u00f3n y Campo a Trav\u00e9s, har\u00e1 lo propio pr\u00f3ximamente con el deporte de la nataci\u00f3n.<\/p>\n<p>Una competici\u00f3n que se inici\u00f3 el pasado 4 de noviembre en la localidad de Hell\u00edn y que finalizar\u00e1 en Albacete el 6 de abril del pr\u00f3ximo a\u00f1o, pasando entre medias por las localidades de Caudete y Almansa.<br \/>\nEl evento tendr\u00e1 lugar durante la tarde del s\u00e1bado 2 de diciembre en las instalaciones de la Piscina Cubierta Municipal, concretamente desde las 17:00 hasta las 19:30 horas.<\/p>\n<p>La competici\u00f3n que est\u00e1 enmarcada dentro del Programa Somos Deporte 3-18 de la Junta de Comunidades de Castilla-La Mancha y la Diputaci\u00f3n Provincial de Albacete, est\u00e1 dirigida a todos los escolares desde la categor\u00eda prebenjam\u00edn hasta junior.<\/p>\n<p>Durante la jornada los participantes competir\u00e1n en al menos dos de las diferentes pruebas propuestas por la Federaci\u00f3n de Nataci\u00f3n, siendo \u00e9stas las siguientes; espalda, libres, estilos, braza y mariposa. En funci\u00f3n de la categor\u00eda se fijan las pruebas a desarrollarse as\u00ed como las distancias de cada una de ellas.<\/p>\n<p>Por \u00faltimo, destacar que en todas las pruebas que forman parte del calendario del Campeonato Provincial de Nataci\u00f3n participar\u00e1n los deportistas de las Escuelas Deportivas Municipales de Nataci\u00f3n.<\/p>\n<p><img fetchpriority=\"high\" decoding=\"async\" class=\"alignnone size-full wp-image-23825\" src=\"https:\/\/www.caudete.org\/ayuntamiento\/wp-content\/uploads\/2023\/11\/CARTEL-COMPETI.jpg\" alt=\"\" width=\"800\" height=\"1133\" srcset=\"https:\/\/www.caudete.org\/ayuntamiento\/wp-content\/uploads\/2023\/11\/CARTEL-COMPETI.jpg 800w, https:\/\/www.caudete.org\/ayuntamiento\/wp-content\/uploads\/2023\/11\/CARTEL-COMPETI-212x300.jpg 212w, https:\/\/www.caudete.org\/ayuntamiento\/wp-content\/uploads\/2023\/11\/CARTEL-COMPETI-723x1024.jpg 723w, https:\/\/www.caudete.org\/ayuntamiento\/wp-content\/uploads\/2023\/11\/CARTEL-COMPETI-768x1088.jpg 768w\" sizes=\"(max-width: 800px) 100vw, 800px\" \/><\/p>\n","protected":false},"excerpt":{"rendered":"<p>La Concejal de Deportes, Pilar Egea, ha informado a los medios que el municipio de Caudete, tras acoger recientemente una de las fases provinciales en las modalidades de Tenis de Mesa, Orientaci\u00f3n y Campo a Trav\u00e9s, har\u00e1 lo propio pr\u00f3ximamente con el deporte de la nataci\u00f3n. Una competici\u00f3n que se inici\u00f3 el pasado 4 de &hellip;<\/p>\n","protected":false},"author":5,"featured_media":23826,"comment_status":"closed","ping_status":"open","sticky":false,"template":"","format":"standard","meta":{"ngg_post_thumbnail":0,"footnotes":""},"categories":[23],"tags":[],"class_list":["post-23824","post","type-post","status-publish","format-standard","has-post-thumbnail","hentry","category-deportes"],"yoast_head":"<!-- This site is optimized with the Yoast SEO plugin v27.5 - https:\/\/yoast.com\/product\/yoast-seo-wordpress\/ -->\n<title>Caudete vuelve a acoger una nueva competici\u00f3n escolar de \u00e1mbito provincial. - MI Ayuntamiento de Caudete<\/title>\n<meta name=\"description\" content=\"P\u00e1gina Oficial del Ayuntamiento de Caudete (Albacete)\" \/>\n<meta name=\"robots\" content=\"index, follow, max-snippet:-1, max-image-preview:large, max-video-preview:-1\" \/>\n<link rel=\"canonical\" href=\"https:\/\/www.caudete.org\/ayuntamiento\/caudete-vuelve-a-acoger-una-nueva-competicion-escolar-de-ambito-provincial\/\" \/>\n<meta property=\"og:locale\" content=\"es_ES\" \/>\n<meta property=\"og:type\" content=\"article\" \/>\n<meta property=\"og:title\" content=\"Caudete vuelve a acoger una nueva competici\u00f3n escolar de \u00e1mbito provincial. - MI Ayuntamiento de Caudete\" \/>\n<meta property=\"og:description\" content=\"P\u00e1gina Oficial del Ayuntamiento de Caudete (Albacete)\" \/>\n<meta property=\"og:url\" content=\"https:\/\/www.caudete.org\/ayuntamiento\/caudete-vuelve-a-acoger-una-nueva-competicion-escolar-de-ambito-provincial\/\" \/>\n<meta property=\"og:site_name\" content=\"MI Ayuntamiento de Caudete\" \/>\n<meta property=\"article:publisher\" content=\"https:\/\/www.facebook.com\/ayuntamientocaudete\/\" \/>\n<meta property=\"article:published_time\" content=\"2023-11-28T13:58:53+00:00\" \/>\n<meta property=\"og:image\" content=\"https:\/\/www.caudete.org\/ayuntamiento\/wp-content\/uploads\/2023\/11\/CARTEL-COMPETI-port.jpg\" \/>\n\t<meta property=\"og:image:width\" content=\"798\" \/>\n\t<meta property=\"og:image:height\" content=\"352\" \/>\n\t<meta property=\"og:image:type\" content=\"image\/jpeg\" \/>\n<meta name=\"author\" content=\"Dpto Informatica MI Ayuntamiento de Caudete\" \/>\n<meta name=\"twitter:card\" content=\"summary_large_image\" \/>\n<meta name=\"twitter:label1\" content=\"Escrito por\" \/>\n\t<meta name=\"twitter:data1\" content=\"Dpto Informatica MI Ayuntamiento de Caudete\" \/>\n\t<meta name=\"twitter:label2\" content=\"Tiempo de lectura\" \/>\n\t<meta name=\"twitter:data2\" content=\"2 minutos\" \/>\n<script type=\"application\/ld+json\" class=\"yoast-schema-graph\">{\"@context\":\"https:\\\/\\\/schema.org\",\"@graph\":[{\"@type\":\"Article\",\"@id\":\"https:\\\/\\\/www.caudete.org\\\/ayuntamiento\\\/caudete-vuelve-a-acoger-una-nueva-competicion-escolar-de-ambito-provincial\\\/#article\",\"isPartOf\":{\"@id\":\"https:\\\/\\\/www.caudete.org\\\/ayuntamiento\\\/caudete-vuelve-a-acoger-una-nueva-competicion-escolar-de-ambito-provincial\\\/\"},\"author\":{\"name\":\"Dpto Informatica MI Ayuntamiento de Caudete\",\"@id\":\"https:\\\/\\\/www.caudete.org\\\/ayuntamiento\\\/#\\\/schema\\\/person\\\/4b9eab41761957db9b1bf9c418d1ef46\"},\"headline\":\"Caudete vuelve a acoger una nueva competici\u00f3n escolar de \u00e1mbito provincial.\",\"datePublished\":\"2023-11-28T13:58:53+00:00\",\"mainEntityOfPage\":{\"@id\":\"https:\\\/\\\/www.caudete.org\\\/ayuntamiento\\\/caudete-vuelve-a-acoger-una-nueva-competicion-escolar-de-ambito-provincial\\\/\"},\"wordCount\":254,\"image\":{\"@id\":\"https:\\\/\\\/www.caudete.org\\\/ayuntamiento\\\/caudete-vuelve-a-acoger-una-nueva-competicion-escolar-de-ambito-provincial\\\/#primaryimage\"},\"thumbnailUrl\":\"https:\\\/\\\/www.caudete.org\\\/ayuntamiento\\\/wp-content\\\/uploads\\\/2023\\\/11\\\/CARTEL-COMPETI-port.jpg\",\"articleSection\":[\"Deportes\"],\"inLanguage\":\"es\"},{\"@type\":\"WebPage\",\"@id\":\"https:\\\/\\\/www.caudete.org\\\/ayuntamiento\\\/caudete-vuelve-a-acoger-una-nueva-competicion-escolar-de-ambito-provincial\\\/\",\"url\":\"https:\\\/\\\/www.caudete.org\\\/ayuntamiento\\\/caudete-vuelve-a-acoger-una-nueva-competicion-escolar-de-ambito-provincial\\\/\",\"name\":\"Caudete vuelve a acoger una nueva competici\u00f3n escolar de \u00e1mbito provincial. - MI Ayuntamiento de Caudete\",\"isPartOf\":{\"@id\":\"https:\\\/\\\/www.caudete.org\\\/ayuntamiento\\\/#website\"},\"primaryImageOfPage\":{\"@id\":\"https:\\\/\\\/www.caudete.org\\\/ayuntamiento\\\/caudete-vuelve-a-acoger-una-nueva-competicion-escolar-de-ambito-provincial\\\/#primaryimage\"},\"image\":{\"@id\":\"https:\\\/\\\/www.caudete.org\\\/ayuntamiento\\\/caudete-vuelve-a-acoger-una-nueva-competicion-escolar-de-ambito-provincial\\\/#primaryimage\"},\"thumbnailUrl\":\"https:\\\/\\\/www.caudete.org\\\/ayuntamiento\\\/wp-content\\\/uploads\\\/2023\\\/11\\\/CARTEL-COMPETI-port.jpg\",\"datePublished\":\"2023-11-28T13:58:53+00:00\",\"author\":{\"@id\":\"https:\\\/\\\/www.caudete.org\\\/ayuntamiento\\\/#\\\/schema\\\/person\\\/4b9eab41761957db9b1bf9c418d1ef46\"},\"description\":\"P\u00e1gina Oficial del Ayuntamiento de Caudete (Albacete)\",\"breadcrumb\":{\"@id\":\"https:\\\/\\\/www.caudete.org\\\/ayuntamiento\\\/caudete-vuelve-a-acoger-una-nueva-competicion-escolar-de-ambito-provincial\\\/#breadcrumb\"},\"inLanguage\":\"es\",\"potentialAction\":[{\"@type\":\"ReadAction\",\"target\":[\"https:\\\/\\\/www.caudete.org\\\/ayuntamiento\\\/caudete-vuelve-a-acoger-una-nueva-competicion-escolar-de-ambito-provincial\\\/\"]}]},{\"@type\":\"ImageObject\",\"inLanguage\":\"es\",\"@id\":\"https:\\\/\\\/www.caudete.org\\\/ayuntamiento\\\/caudete-vuelve-a-acoger-una-nueva-competicion-escolar-de-ambito-provincial\\\/#primaryimage\",\"url\":\"https:\\\/\\\/www.caudete.org\\\/ayuntamiento\\\/wp-content\\\/uploads\\\/2023\\\/11\\\/CARTEL-COMPETI-port.jpg\",\"contentUrl\":\"https:\\\/\\\/www.caudete.org\\\/ayuntamiento\\\/wp-content\\\/uploads\\\/2023\\\/11\\\/CARTEL-COMPETI-port.jpg\",\"width\":798,\"height\":352},{\"@type\":\"BreadcrumbList\",\"@id\":\"https:\\\/\\\/www.caudete.org\\\/ayuntamiento\\\/caudete-vuelve-a-acoger-una-nueva-competicion-escolar-de-ambito-provincial\\\/#breadcrumb\",\"itemListElement\":[{\"@type\":\"ListItem\",\"position\":1,\"name\":\"Inicio\",\"item\":\"https:\\\/\\\/www.caudete.org\\\/ayuntamiento\\\/\"},{\"@type\":\"ListItem\",\"position\":2,\"name\":\"Caudete vuelve a acoger una nueva competici\u00f3n escolar de \u00e1mbito provincial.\"}]},{\"@type\":\"WebSite\",\"@id\":\"https:\\\/\\\/www.caudete.org\\\/ayuntamiento\\\/#website\",\"url\":\"https:\\\/\\\/www.caudete.org\\\/ayuntamiento\\\/\",\"name\":\"MI Ayuntamiento de Caudete\",\"description\":\"P\u00e1gina Oficial del MI Ayuntamiento de Caudete\",\"potentialAction\":[{\"@type\":\"SearchAction\",\"target\":{\"@type\":\"EntryPoint\",\"urlTemplate\":\"https:\\\/\\\/www.caudete.org\\\/ayuntamiento\\\/?s={search_term_string}\"},\"query-input\":{\"@type\":\"PropertyValueSpecification\",\"valueRequired\":true,\"valueName\":\"search_term_string\"}}],\"inLanguage\":\"es\"},{\"@type\":\"Person\",\"@id\":\"https:\\\/\\\/www.caudete.org\\\/ayuntamiento\\\/#\\\/schema\\\/person\\\/4b9eab41761957db9b1bf9c418d1ef46\",\"name\":\"Dpto Informatica MI Ayuntamiento de Caudete\",\"image\":{\"@type\":\"ImageObject\",\"inLanguage\":\"es\",\"@id\":\"https:\\\/\\\/secure.gravatar.com\\\/avatar\\\/ac0321ee4a0a83e82a253e7b2d348ef539e2c8fe16d06b600bde04de1b364fa7?s=96&d=mm&r=g\",\"url\":\"https:\\\/\\\/secure.gravatar.com\\\/avatar\\\/ac0321ee4a0a83e82a253e7b2d348ef539e2c8fe16d06b600bde04de1b364fa7?s=96&d=mm&r=g\",\"contentUrl\":\"https:\\\/\\\/secure.gravatar.com\\\/avatar\\\/ac0321ee4a0a83e82a253e7b2d348ef539e2c8fe16d06b600bde04de1b364fa7?s=96&d=mm&r=g\",\"caption\":\"Dpto Informatica MI Ayuntamiento de Caudete\"},\"url\":\"https:\\\/\\\/www.caudete.org\\\/ayuntamiento\\\/author\\\/informatica\\\/\"}]}<\/script>\n<!-- \/ Yoast SEO plugin. -->","yoast_head_json":{"title":"Caudete vuelve a acoger una nueva competici\u00f3n escolar de \u00e1mbito provincial. - MI Ayuntamiento de Caudete","description":"P\u00e1gina Oficial del Ayuntamiento de Caudete (Albacete)","robots":{"index":"index","follow":"follow","max-snippet":"max-snippet:-1","max-image-preview":"max-image-preview:large","max-video-preview":"max-video-preview:-1"},"canonical":"https:\/\/www.caudete.org\/ayuntamiento\/caudete-vuelve-a-acoger-una-nueva-competicion-escolar-de-ambito-provincial\/","og_locale":"es_ES","og_type":"article","og_title":"Caudete vuelve a acoger una nueva competici\u00f3n escolar de \u00e1mbito provincial. - MI Ayuntamiento de Caudete","og_description":"P\u00e1gina Oficial del Ayuntamiento de Caudete (Albacete)","og_url":"https:\/\/www.caudete.org\/ayuntamiento\/caudete-vuelve-a-acoger-una-nueva-competicion-escolar-de-ambito-provincial\/","og_site_name":"MI Ayuntamiento de Caudete","article_publisher":"https:\/\/www.facebook.com\/ayuntamientocaudete\/","article_published_time":"2023-11-28T13:58:53+00:00","og_image":[{"width":798,"height":352,"url":"https:\/\/www.caudete.org\/ayuntamiento\/wp-content\/uploads\/2023\/11\/CARTEL-COMPETI-port.jpg","type":"image\/jpeg"}],"author":"Dpto Informatica MI Ayuntamiento de Caudete","twitter_card":"summary_large_image","twitter_misc":{"Escrito por":"Dpto Informatica MI Ayuntamiento de Caudete","Tiempo de lectura":"2 minutos"},"schema":{"@context":"https:\/\/schema.org","@graph":[{"@type":"Article","@id":"https:\/\/www.caudete.org\/ayuntamiento\/caudete-vuelve-a-acoger-una-nueva-competicion-escolar-de-ambito-provincial\/#article","isPartOf":{"@id":"https:\/\/www.caudete.org\/ayuntamiento\/caudete-vuelve-a-acoger-una-nueva-competicion-escolar-de-ambito-provincial\/"},"author":{"name":"Dpto Informatica MI Ayuntamiento de Caudete","@id":"https:\/\/www.caudete.org\/ayuntamiento\/#\/schema\/person\/4b9eab41761957db9b1bf9c418d1ef46"},"headline":"Caudete vuelve a acoger una nueva competici\u00f3n escolar de \u00e1mbito provincial.","datePublished":"2023-11-28T13:58:53+00:00","mainEntityOfPage":{"@id":"https:\/\/www.caudete.org\/ayuntamiento\/caudete-vuelve-a-acoger-una-nueva-competicion-escolar-de-ambito-provincial\/"},"wordCount":254,"image":{"@id":"https:\/\/www.caudete.org\/ayuntamiento\/caudete-vuelve-a-acoger-una-nueva-competicion-escolar-de-ambito-provincial\/#primaryimage"},"thumbnailUrl":"https:\/\/www.caudete.org\/ayuntamiento\/wp-content\/uploads\/2023\/11\/CARTEL-COMPETI-port.jpg","articleSection":["Deportes"],"inLanguage":"es"},{"@type":"WebPage","@id":"https:\/\/www.caudete.org\/ayuntamiento\/caudete-vuelve-a-acoger-una-nueva-competicion-escolar-de-ambito-provincial\/","url":"https:\/\/www.caudete.org\/ayuntamiento\/caudete-vuelve-a-acoger-una-nueva-competicion-escolar-de-ambito-provincial\/","name":"Caudete vuelve a acoger una nueva competici\u00f3n escolar de \u00e1mbito provincial. - MI Ayuntamiento de Caudete","isPartOf":{"@id":"https:\/\/www.caudete.org\/ayuntamiento\/#website"},"primaryImageOfPage":{"@id":"https:\/\/www.caudete.org\/ayuntamiento\/caudete-vuelve-a-acoger-una-nueva-competicion-escolar-de-ambito-provincial\/#primaryimage"},"image":{"@id":"https:\/\/www.caudete.org\/ayuntamiento\/caudete-vuelve-a-acoger-una-nueva-competicion-escolar-de-ambito-provincial\/#primaryimage"},"thumbnailUrl":"https:\/\/www.caudete.org\/ayuntamiento\/wp-content\/uploads\/2023\/11\/CARTEL-COMPETI-port.jpg","datePublished":"2023-11-28T13:58:53+00:00","author":{"@id":"https:\/\/www.caudete.org\/ayuntamiento\/#\/schema\/person\/4b9eab41761957db9b1bf9c418d1ef46"},"description":"P\u00e1gina Oficial del Ayuntamiento de Caudete (Albacete)","breadcrumb":{"@id":"https:\/\/www.caudete.org\/ayuntamiento\/caudete-vuelve-a-acoger-una-nueva-competicion-escolar-de-ambito-provincial\/#breadcrumb"},"inLanguage":"es","potentialAction":[{"@type":"ReadAction","target":["https:\/\/www.caudete.org\/ayuntamiento\/caudete-vuelve-a-acoger-una-nueva-competicion-escolar-de-ambito-provincial\/"]}]},{"@type":"ImageObject","inLanguage":"es","@id":"https:\/\/www.caudete.org\/ayuntamiento\/caudete-vuelve-a-acoger-una-nueva-competicion-escolar-de-ambito-provincial\/#primaryimage","url":"https:\/\/www.caudete.org\/ayuntamiento\/wp-content\/uploads\/2023\/11\/CARTEL-COMPETI-port.jpg","contentUrl":"https:\/\/www.caudete.org\/ayuntamiento\/wp-content\/uploads\/2023\/11\/CARTEL-COMPETI-port.jpg","width":798,"height":352},{"@type":"BreadcrumbList","@id":"https:\/\/www.caudete.org\/ayuntamiento\/caudete-vuelve-a-acoger-una-nueva-competicion-escolar-de-ambito-provincial\/#breadcrumb","itemListElement":[{"@type":"ListItem","position":1,"name":"Inicio","item":"https:\/\/www.caudete.org\/ayuntamiento\/"},{"@type":"ListItem","position":2,"name":"Caudete vuelve a acoger una nueva competici\u00f3n escolar de \u00e1mbito provincial."}]},{"@type":"WebSite","@id":"https:\/\/www.caudete.org\/ayuntamiento\/#website","url":"https:\/\/www.caudete.org\/ayuntamiento\/","name":"MI Ayuntamiento de Caudete","description":"P\u00e1gina Oficial del MI Ayuntamiento de Caudete","potentialAction":[{"@type":"SearchAction","target":{"@type":"EntryPoint","urlTemplate":"https:\/\/www.caudete.org\/ayuntamiento\/?s={search_term_string}"},"query-input":{"@type":"PropertyValueSpecification","valueRequired":true,"valueName":"search_term_string"}}],"inLanguage":"es"},{"@type":"Person","@id":"https:\/\/www.caudete.org\/ayuntamiento\/#\/schema\/person\/4b9eab41761957db9b1bf9c418d1ef46","name":"Dpto Informatica MI Ayuntamiento de Caudete","image":{"@type":"ImageObject","inLanguage":"es","@id":"https:\/\/secure.gravatar.com\/avatar\/ac0321ee4a0a83e82a253e7b2d348ef539e2c8fe16d06b600bde04de1b364fa7?s=96&d=mm&r=g","url":"https:\/\/secure.gravatar.com\/avatar\/ac0321ee4a0a83e82a253e7b2d348ef539e2c8fe16d06b600bde04de1b364fa7?s=96&d=mm&r=g","contentUrl":"https:\/\/secure.gravatar.com\/avatar\/ac0321ee4a0a83e82a253e7b2d348ef539e2c8fe16d06b600bde04de1b364fa7?s=96&d=mm&r=g","caption":"Dpto Informatica MI Ayuntamiento de Caudete"},"url":"https:\/\/www.caudete.org\/ayuntamiento\/author\/informatica\/"}]}},"_links":{"self":[{"href":"https:\/\/www.caudete.org\/ayuntamiento\/wp-json\/wp\/v2\/posts\/23824","targetHints":{"allow":["GET"]}}],"collection":[{"href":"https:\/\/www.caudete.org\/ayuntamiento\/wp-json\/wp\/v2\/posts"}],"about":[{"href":"https:\/\/www.caudete.org\/ayuntamiento\/wp-json\/wp\/v2\/types\/post"}],"author":[{"embeddable":true,"href":"https:\/\/www.caudete.org\/ayuntamiento\/wp-json\/wp\/v2\/users\/5"}],"replies":[{"embeddable":true,"href":"https:\/\/www.caudete.org\/ayuntamiento\/wp-json\/wp\/v2\/comments?post=23824"}],"version-history":[{"count":1,"href":"https:\/\/www.caudete.org\/ayuntamiento\/wp-json\/wp\/v2\/posts\/23824\/revisions"}],"predecessor-version":[{"id":23827,"href":"https:\/\/www.caudete.org\/ayuntamiento\/wp-json\/wp\/v2\/posts\/23824\/revisions\/23827"}],"wp:featuredmedia":[{"embeddable":true,"href":"https:\/\/www.caudete.org\/ayuntamiento\/wp-json\/wp\/v2\/media\/23826"}],"wp:attachment":[{"href":"https:\/\/www.caudete.org\/ayuntamiento\/wp-json\/wp\/v2\/media?parent=23824"}],"wp:term":[{"taxonomy":"category","embeddable":true,"href":"https:\/\/www.caudete.org\/ayuntamiento\/wp-json\/wp\/v2\/categories?post=23824"},{"taxonomy":"post_tag","embeddable":true,"href":"https:\/\/www.caudete.org\/ayuntamiento\/wp-json\/wp\/v2\/tags?post=23824"}],"curies":[{"name":"wp","href":"https:\/\/api.w.org\/{rel}","templated":true}]}}