{"id":23829,"date":"2023-11-29T08:43:41","date_gmt":"2023-11-29T07:43:41","guid":{"rendered":"https:\/\/www.caudete.org\/ayuntamiento\/?p=23829"},"modified":"2023-11-29T14:12:59","modified_gmt":"2023-11-29T13:12:59","slug":"oferta-de-ocio-en-la-sala-joven-para-finalizar-el-ano-2023","status":"publish","type":"post","link":"https:\/\/www.caudete.org\/ayuntamiento\/oferta-de-ocio-en-la-sala-joven-para-finalizar-el-ano-2023\/","title":{"rendered":"Oferta de ocio en la Sala Joven para finalizar el a\u00f1o 2023"},"content":{"rendered":"<p>La Concejal\u00eda de Juventud presenta la nueva oferta de ocio de la Sala joven para el mes de <strong>DICIEMBRE<\/strong>, destinada a la poblaci\u00f3n joven a partir de 12 a\u00f1os, que conjuga formaci\u00f3n, entretenimiento y diversi\u00f3n. La concejala de Juventud, Mar\u00eda Dolores Requena, ha se\u00f1alado que esta propuesta parte del objetivo de satisfacer nuevas demandas entre los m\u00e1s j\u00f3venes.<\/p>\n<p>El mes comenzar\u00e1 con actividades organizadas desde las Concejal\u00edas de Educaci\u00f3n y Juventud concertadas con los centros educativos de la localidad.<\/p>\n<p>Con motivo de la celebraci\u00f3n del 45\u00ba aniversario de la <strong>\u201cConstituci\u00f3n Espa\u00f1ola\u201d<\/strong>, se han organizado diferentes actividades para los alumnos de 5\u00ba y 6\u00ba de primaria, el d\u00eda 5 de diciembre en el Paseo Luis Golf en horario escolar.<\/p>\n<p>Con ello se pretende que el alumnado conozca y profundice en el texto constitucional, as\u00ed como en los valores, derechos, obligaciones y libertades que la misma promulga.<\/p>\n<p>Continuaremos con las actividades concertadas, con el aclamado festival internacional de cortometrajes \u201c<strong>Abycine<\/strong>\u201d organizado por las Concejal\u00edas de Cultura y Juventud y el patrocinio de la Diputaci\u00f3n Provincial de Albacete.<\/p>\n<p>M\u00e1s de 1500 escolares podr\u00e1n disfrutar el martes 19 y mi\u00e9rcoles 20 de diciembre de los pases especiales matinales en el Auditorio municipal de Caudete , de la proyecci\u00f3n de los cortometrajes Abycinitos y Mi primer Abycine.<\/p>\n<p>Esta iniciativa acerca un cine no habitual a los ni\u00f1os y j\u00f3venes, con unos contenidos y formato no habitual. Su objetivo principal es fomentar la cultura cinematogr\u00e1fica entre la poblaci\u00f3n m\u00e1s joven conjugando el descubrimiento de narrativas del corto y el tratamiento de valores o tem\u00e1ticas del universo juvenil.<\/p>\n<p>La oferta se completa con actividades en el periodo vacacional de Navidad:<br \/>\n\u201d<strong>Taller de radio<\/strong>\u201d que se realizar\u00e1 los d\u00edas 26 y 27 de diciembre en el horario de 17:00 a 19:00 horas ,que cuenta con la colaboraci\u00f3n de COPE Villena MQR a trav\u00e9s de su locutora caudetana Leo Maci\u00e1. En \u00e9l se van a ver cuestiones relacionadas con el uso de la voz como arma de trabajo, formas de plantear un programa de radio, escaletas y se realizar\u00e1 un programa de radio en directo con todos los trabajos realizados en el taller.<\/p>\n<p>\u201c<strong>Taller Creando Arte<\/strong>\u201d tendr\u00e1 lugar el d\u00eda 28 de diciembre de 12:00 a 13:30 horas.<br \/>\nDonde aprender\u00e1n a realizar su propio retrato con materiales b\u00e1sicos, como son el papel de peri\u00f3dico, folios de colores, acerc\u00e1ndoles as\u00ed al arte.<br \/>\nTe ense\u00f1aremos a expresarte libremente.<br \/>\nEl objetivo es acercar a los m\u00e1s j\u00f3venes al arte contempor\u00e1neo.<\/p>\n<p>Para la realizaci\u00f3n del mismo contamos con la colaboraci\u00f3n del Taller de Arte Villa de Caudete.<\/p>\n<p>\u201c<strong>Audiciones de teatro<\/strong>\u201d Es un llamamiento para todo aquel que quiera desarrollar su talento y creatividad y participar en el primer espect\u00e1culo de la JOVEN COMPA\u00d1\u00cdA TEATRAL (JCT).<br \/>\nPara ello puedes participar en las audiciones que tendr\u00e1n lugar el s\u00e1bado 30 de enero a las 12:00 h. en la Sala Joven<\/p>\n<p>La JCT estar\u00e1 dirigida por el actor caudetano de extensa carrera y formaci\u00f3n, Jos\u00e9 Mar\u00eda Ba\u00f1\u00f3n.<br \/>\nNo dejes pasar la oportunidad de subirte a un escenario, y vivir el teatro desde dentro.<\/p>\n<p>Finalizando con una \u201c<strong>Party fluor<\/strong>\u201d para celebrar la prenochevieja con lo j\u00f3venes s\u00e1bado 30 de diciembre de 18:30 a 20:30 horas.<\/p>\n<p>\u00bfTe animas a pasar una tarde divertida? en una atm\u00f3sfera realmente especial, con pintura de cara fluorescente ,que brilla al apagar las luces, todo esto al ritmo de la m\u00fasica de karaoke.<\/p>\n<p><strong>Fechas de inscripci\u00f3n<\/strong><br \/>\nEl proceso de inscripci\u00f3n se realizar\u00e1 de manera online a partir del 12 de diciembre hasta completar las plazas. La Sala joven generar\u00e1 una lista de espera para completar las vacantes que se generen.<\/p>\n<p>Taller de radio: <a href=\"https:\/\/forms.gle\/AZWidxv4oBup7trCA\" target=\"_blank\" rel=\"nofollow\">https:\/\/forms.gle\/AZWidxv4oBup7trCA<\/a><br \/>\nCreando Arte: <a href=\"https:\/\/forms.gle\/SRCisv4ZDy1Nkxtz7\" target=\"_blank\" rel=\"nofollow\">https:\/\/forms.gle\/SRCisv4ZDy1Nkxtz7<\/a><br \/>\nAudiciones de Teatro: <a href=\"https:\/\/forms.gle\/Nsi9S3DencyRH2TV8\" target=\"_blank\" rel=\"nofollow\">https:\/\/forms.gle\/Nsi9S3DencyRH2TV8<\/a><br \/>\nParty Fluor: <a href=\"https:\/\/forms.gle\/fVJbsXVcgTL7NYMS7\" target=\"_blank\" rel=\"nofollow\">https:\/\/forms.gle\/fVJbsXVcgTL7NYMS7<\/a><\/p>\n<p><img fetchpriority=\"high\" decoding=\"async\" class=\"alignnone size-full wp-image-23836\" src=\"https:\/\/www.caudete.org\/ayuntamiento\/wp-content\/uploads\/2023\/11\/folleto-valido.jpg\" alt=\"\" width=\"800\" height=\"618\" srcset=\"https:\/\/www.caudete.org\/ayuntamiento\/wp-content\/uploads\/2023\/11\/folleto-valido.jpg 800w, https:\/\/www.caudete.org\/ayuntamiento\/wp-content\/uploads\/2023\/11\/folleto-valido-300x232.jpg 300w, https:\/\/www.caudete.org\/ayuntamiento\/wp-content\/uploads\/2023\/11\/folleto-valido-768x593.jpg 768w\" sizes=\"(max-width: 800px) 100vw, 800px\" \/><\/p>\n","protected":false},"excerpt":{"rendered":"<p>La Concejal\u00eda de Juventud presenta la nueva oferta de ocio de la Sala joven para el mes de DICIEMBRE, destinada a la poblaci\u00f3n joven a partir de 12 a\u00f1os, que conjuga formaci\u00f3n, entretenimiento y diversi\u00f3n. La concejala de Juventud, Mar\u00eda Dolores Requena, ha se\u00f1alado que esta propuesta parte del objetivo de satisfacer nuevas demandas entre &hellip;<\/p>\n","protected":false},"author":5,"featured_media":23831,"comment_status":"closed","ping_status":"open","sticky":false,"template":"","format":"standard","meta":{"ngg_post_thumbnail":0,"footnotes":""},"categories":[121],"tags":[],"class_list":["post-23829","post","type-post","status-publish","format-standard","has-post-thumbnail","hentry","category-juventud-2"],"yoast_head":"<!-- This site is optimized with the Yoast SEO plugin v27.5 - https:\/\/yoast.com\/product\/yoast-seo-wordpress\/ -->\n<title>Oferta de ocio en la Sala Joven para finalizar el a\u00f1o 2023 - MI Ayuntamiento de Caudete<\/title>\n<meta name=\"description\" content=\"P\u00e1gina Oficial del Ayuntamiento de Caudete (Albacete)\" \/>\n<meta name=\"robots\" content=\"index, follow, max-snippet:-1, max-image-preview:large, max-video-preview:-1\" \/>\n<link rel=\"canonical\" href=\"https:\/\/www.caudete.org\/ayuntamiento\/oferta-de-ocio-en-la-sala-joven-para-finalizar-el-ano-2023\/\" \/>\n<meta property=\"og:locale\" content=\"es_ES\" \/>\n<meta property=\"og:type\" content=\"article\" \/>\n<meta property=\"og:title\" content=\"Oferta de ocio en la Sala Joven para finalizar el a\u00f1o 2023 - MI Ayuntamiento de Caudete\" \/>\n<meta property=\"og:description\" content=\"P\u00e1gina Oficial del Ayuntamiento de Caudete (Albacete)\" \/>\n<meta property=\"og:url\" content=\"https:\/\/www.caudete.org\/ayuntamiento\/oferta-de-ocio-en-la-sala-joven-para-finalizar-el-ano-2023\/\" \/>\n<meta property=\"og:site_name\" content=\"MI Ayuntamiento de Caudete\" \/>\n<meta property=\"article:publisher\" content=\"https:\/\/www.facebook.com\/ayuntamientocaudete\/\" \/>\n<meta property=\"article:published_time\" content=\"2023-11-29T07:43:41+00:00\" \/>\n<meta property=\"article:modified_time\" content=\"2023-11-29T13:12:59+00:00\" \/>\n<meta property=\"og:image\" content=\"https:\/\/www.caudete.org\/ayuntamiento\/wp-content\/uploads\/2023\/11\/Cabeceras-facebook-01.jpg\" \/>\n\t<meta property=\"og:image:width\" content=\"800\" \/>\n\t<meta property=\"og:image:height\" content=\"298\" \/>\n\t<meta property=\"og:image:type\" content=\"image\/jpeg\" \/>\n<meta name=\"author\" content=\"Dpto Informatica MI Ayuntamiento de Caudete\" \/>\n<meta name=\"twitter:card\" content=\"summary_large_image\" \/>\n<meta name=\"twitter:label1\" content=\"Escrito por\" \/>\n\t<meta name=\"twitter:data1\" content=\"Dpto Informatica MI Ayuntamiento de Caudete\" \/>\n\t<meta name=\"twitter:label2\" content=\"Tiempo de lectura\" \/>\n\t<meta name=\"twitter:data2\" content=\"3 minutos\" \/>\n<script type=\"application\/ld+json\" class=\"yoast-schema-graph\">{\"@context\":\"https:\\\/\\\/schema.org\",\"@graph\":[{\"@type\":\"Article\",\"@id\":\"https:\\\/\\\/www.caudete.org\\\/ayuntamiento\\\/oferta-de-ocio-en-la-sala-joven-para-finalizar-el-ano-2023\\\/#article\",\"isPartOf\":{\"@id\":\"https:\\\/\\\/www.caudete.org\\\/ayuntamiento\\\/oferta-de-ocio-en-la-sala-joven-para-finalizar-el-ano-2023\\\/\"},\"author\":{\"name\":\"Dpto Informatica MI Ayuntamiento de Caudete\",\"@id\":\"https:\\\/\\\/www.caudete.org\\\/ayuntamiento\\\/#\\\/schema\\\/person\\\/4b9eab41761957db9b1bf9c418d1ef46\"},\"headline\":\"Oferta de ocio en la Sala Joven para finalizar el a\u00f1o 2023\",\"datePublished\":\"2023-11-29T07:43:41+00:00\",\"dateModified\":\"2023-11-29T13:12:59+00:00\",\"mainEntityOfPage\":{\"@id\":\"https:\\\/\\\/www.caudete.org\\\/ayuntamiento\\\/oferta-de-ocio-en-la-sala-joven-para-finalizar-el-ano-2023\\\/\"},\"wordCount\":675,\"publisher\":{\"@id\":\"https:\\\/\\\/www.caudete.org\\\/ayuntamiento\\\/#organization\"},\"image\":{\"@id\":\"https:\\\/\\\/www.caudete.org\\\/ayuntamiento\\\/oferta-de-ocio-en-la-sala-joven-para-finalizar-el-ano-2023\\\/#primaryimage\"},\"thumbnailUrl\":\"https:\\\/\\\/www.caudete.org\\\/ayuntamiento\\\/wp-content\\\/uploads\\\/2023\\\/11\\\/Cabeceras-facebook-01.jpg\",\"articleSection\":[\"Juventud\"],\"inLanguage\":\"es\"},{\"@type\":\"WebPage\",\"@id\":\"https:\\\/\\\/www.caudete.org\\\/ayuntamiento\\\/oferta-de-ocio-en-la-sala-joven-para-finalizar-el-ano-2023\\\/\",\"url\":\"https:\\\/\\\/www.caudete.org\\\/ayuntamiento\\\/oferta-de-ocio-en-la-sala-joven-para-finalizar-el-ano-2023\\\/\",\"name\":\"Oferta de ocio en la Sala Joven para finalizar el a\u00f1o 2023 - MI Ayuntamiento de Caudete\",\"isPartOf\":{\"@id\":\"https:\\\/\\\/www.caudete.org\\\/ayuntamiento\\\/#website\"},\"primaryImageOfPage\":{\"@id\":\"https:\\\/\\\/www.caudete.org\\\/ayuntamiento\\\/oferta-de-ocio-en-la-sala-joven-para-finalizar-el-ano-2023\\\/#primaryimage\"},\"image\":{\"@id\":\"https:\\\/\\\/www.caudete.org\\\/ayuntamiento\\\/oferta-de-ocio-en-la-sala-joven-para-finalizar-el-ano-2023\\\/#primaryimage\"},\"thumbnailUrl\":\"https:\\\/\\\/www.caudete.org\\\/ayuntamiento\\\/wp-content\\\/uploads\\\/2023\\\/11\\\/Cabeceras-facebook-01.jpg\",\"datePublished\":\"2023-11-29T07:43:41+00:00\",\"dateModified\":\"2023-11-29T13:12:59+00:00\",\"description\":\"P\u00e1gina Oficial del Ayuntamiento de Caudete (Albacete)\",\"breadcrumb\":{\"@id\":\"https:\\\/\\\/www.caudete.org\\\/ayuntamiento\\\/oferta-de-ocio-en-la-sala-joven-para-finalizar-el-ano-2023\\\/#breadcrumb\"},\"inLanguage\":\"es\",\"potentialAction\":[{\"@type\":\"ReadAction\",\"target\":[\"https:\\\/\\\/www.caudete.org\\\/ayuntamiento\\\/oferta-de-ocio-en-la-sala-joven-para-finalizar-el-ano-2023\\\/\"]}]},{\"@type\":\"ImageObject\",\"inLanguage\":\"es\",\"@id\":\"https:\\\/\\\/www.caudete.org\\\/ayuntamiento\\\/oferta-de-ocio-en-la-sala-joven-para-finalizar-el-ano-2023\\\/#primaryimage\",\"url\":\"https:\\\/\\\/www.caudete.org\\\/ayuntamiento\\\/wp-content\\\/uploads\\\/2023\\\/11\\\/Cabeceras-facebook-01.jpg\",\"contentUrl\":\"https:\\\/\\\/www.caudete.org\\\/ayuntamiento\\\/wp-content\\\/uploads\\\/2023\\\/11\\\/Cabeceras-facebook-01.jpg\",\"width\":800,\"height\":298},{\"@type\":\"BreadcrumbList\",\"@id\":\"https:\\\/\\\/www.caudete.org\\\/ayuntamiento\\\/oferta-de-ocio-en-la-sala-joven-para-finalizar-el-ano-2023\\\/#breadcrumb\",\"itemListElement\":[{\"@type\":\"ListItem\",\"position\":1,\"name\":\"Inicio\",\"item\":\"https:\\\/\\\/www.caudete.org\\\/ayuntamiento\\\/\"},{\"@type\":\"ListItem\",\"position\":2,\"name\":\"Oferta de ocio en la Sala Joven para finalizar el a\u00f1o 2023\"}]},{\"@type\":\"WebSite\",\"@id\":\"https:\\\/\\\/www.caudete.org\\\/ayuntamiento\\\/#website\",\"url\":\"https:\\\/\\\/www.caudete.org\\\/ayuntamiento\\\/\",\"name\":\"MI Ayuntamiento de Caudete\",\"description\":\"P\u00e1gina Oficial del MI Ayuntamiento de Caudete\",\"publisher\":{\"@id\":\"https:\\\/\\\/www.caudete.org\\\/ayuntamiento\\\/#organization\"},\"potentialAction\":[{\"@type\":\"SearchAction\",\"target\":{\"@type\":\"EntryPoint\",\"urlTemplate\":\"https:\\\/\\\/www.caudete.org\\\/ayuntamiento\\\/?s={search_term_string}\"},\"query-input\":{\"@type\":\"PropertyValueSpecification\",\"valueRequired\":true,\"valueName\":\"search_term_string\"}}],\"inLanguage\":\"es\"},{\"@type\":\"Organization\",\"@id\":\"https:\\\/\\\/www.caudete.org\\\/ayuntamiento\\\/#organization\",\"name\":\"Ayuntamiento de Caudete\",\"url\":\"https:\\\/\\\/www.caudete.org\\\/ayuntamiento\\\/\",\"logo\":{\"@type\":\"ImageObject\",\"inLanguage\":\"es\",\"@id\":\"https:\\\/\\\/www.caudete.org\\\/ayuntamiento\\\/#\\\/schema\\\/logo\\\/image\\\/\",\"url\":\"https:\\\/\\\/www.caudete.org\\\/ayuntamiento\\\/wp-content\\\/uploads\\\/2020\\\/11\\\/logo_ayuntamiento_caudete.jpg\",\"contentUrl\":\"https:\\\/\\\/www.caudete.org\\\/ayuntamiento\\\/wp-content\\\/uploads\\\/2020\\\/11\\\/logo_ayuntamiento_caudete.jpg\",\"width\":600,\"height\":150,\"caption\":\"Ayuntamiento de Caudete\"},\"image\":{\"@id\":\"https:\\\/\\\/www.caudete.org\\\/ayuntamiento\\\/#\\\/schema\\\/logo\\\/image\\\/\"},\"sameAs\":[\"https:\\\/\\\/www.facebook.com\\\/ayuntamientocaudete\\\/\",\"https:\\\/\\\/www.youtube.com\\\/channel\\\/UC6VztHaooNsGpw-tNoBEFnQ\"]},{\"@type\":\"Person\",\"@id\":\"https:\\\/\\\/www.caudete.org\\\/ayuntamiento\\\/#\\\/schema\\\/person\\\/4b9eab41761957db9b1bf9c418d1ef46\",\"name\":\"Dpto Informatica MI Ayuntamiento de Caudete\",\"image\":{\"@type\":\"ImageObject\",\"inLanguage\":\"es\",\"@id\":\"https:\\\/\\\/secure.gravatar.com\\\/avatar\\\/ac0321ee4a0a83e82a253e7b2d348ef539e2c8fe16d06b600bde04de1b364fa7?s=96&d=mm&r=g\",\"url\":\"https:\\\/\\\/secure.gravatar.com\\\/avatar\\\/ac0321ee4a0a83e82a253e7b2d348ef539e2c8fe16d06b600bde04de1b364fa7?s=96&d=mm&r=g\",\"contentUrl\":\"https:\\\/\\\/secure.gravatar.com\\\/avatar\\\/ac0321ee4a0a83e82a253e7b2d348ef539e2c8fe16d06b600bde04de1b364fa7?s=96&d=mm&r=g\",\"caption\":\"Dpto Informatica MI Ayuntamiento de Caudete\"},\"url\":\"https:\\\/\\\/www.caudete.org\\\/ayuntamiento\\\/author\\\/informatica\\\/\"}]}<\/script>\n<!-- \/ Yoast SEO plugin. -->","yoast_head_json":{"title":"Oferta de ocio en la Sala Joven para finalizar el a\u00f1o 2023 - MI Ayuntamiento de Caudete","description":"P\u00e1gina Oficial del Ayuntamiento de Caudete (Albacete)","robots":{"index":"index","follow":"follow","max-snippet":"max-snippet:-1","max-image-preview":"max-image-preview:large","max-video-preview":"max-video-preview:-1"},"canonical":"https:\/\/www.caudete.org\/ayuntamiento\/oferta-de-ocio-en-la-sala-joven-para-finalizar-el-ano-2023\/","og_locale":"es_ES","og_type":"article","og_title":"Oferta de ocio en la Sala Joven para finalizar el a\u00f1o 2023 - MI Ayuntamiento de Caudete","og_description":"P\u00e1gina Oficial del Ayuntamiento de Caudete (Albacete)","og_url":"https:\/\/www.caudete.org\/ayuntamiento\/oferta-de-ocio-en-la-sala-joven-para-finalizar-el-ano-2023\/","og_site_name":"MI Ayuntamiento de Caudete","article_publisher":"https:\/\/www.facebook.com\/ayuntamientocaudete\/","article_published_time":"2023-11-29T07:43:41+00:00","article_modified_time":"2023-11-29T13:12:59+00:00","og_image":[{"width":800,"height":298,"url":"https:\/\/www.caudete.org\/ayuntamiento\/wp-content\/uploads\/2023\/11\/Cabeceras-facebook-01.jpg","type":"image\/jpeg"}],"author":"Dpto Informatica MI Ayuntamiento de Caudete","twitter_card":"summary_large_image","twitter_misc":{"Escrito por":"Dpto Informatica MI Ayuntamiento de Caudete","Tiempo de lectura":"3 minutos"},"schema":{"@context":"https:\/\/schema.org","@graph":[{"@type":"Article","@id":"https:\/\/www.caudete.org\/ayuntamiento\/oferta-de-ocio-en-la-sala-joven-para-finalizar-el-ano-2023\/#article","isPartOf":{"@id":"https:\/\/www.caudete.org\/ayuntamiento\/oferta-de-ocio-en-la-sala-joven-para-finalizar-el-ano-2023\/"},"author":{"name":"Dpto Informatica MI Ayuntamiento de Caudete","@id":"https:\/\/www.caudete.org\/ayuntamiento\/#\/schema\/person\/4b9eab41761957db9b1bf9c418d1ef46"},"headline":"Oferta de ocio en la Sala Joven para finalizar el a\u00f1o 2023","datePublished":"2023-11-29T07:43:41+00:00","dateModified":"2023-11-29T13:12:59+00:00","mainEntityOfPage":{"@id":"https:\/\/www.caudete.org\/ayuntamiento\/oferta-de-ocio-en-la-sala-joven-para-finalizar-el-ano-2023\/"},"wordCount":675,"publisher":{"@id":"https:\/\/www.caudete.org\/ayuntamiento\/#organization"},"image":{"@id":"https:\/\/www.caudete.org\/ayuntamiento\/oferta-de-ocio-en-la-sala-joven-para-finalizar-el-ano-2023\/#primaryimage"},"thumbnailUrl":"https:\/\/www.caudete.org\/ayuntamiento\/wp-content\/uploads\/2023\/11\/Cabeceras-facebook-01.jpg","articleSection":["Juventud"],"inLanguage":"es"},{"@type":"WebPage","@id":"https:\/\/www.caudete.org\/ayuntamiento\/oferta-de-ocio-en-la-sala-joven-para-finalizar-el-ano-2023\/","url":"https:\/\/www.caudete.org\/ayuntamiento\/oferta-de-ocio-en-la-sala-joven-para-finalizar-el-ano-2023\/","name":"Oferta de ocio en la Sala Joven para finalizar el a\u00f1o 2023 - MI Ayuntamiento de Caudete","isPartOf":{"@id":"https:\/\/www.caudete.org\/ayuntamiento\/#website"},"primaryImageOfPage":{"@id":"https:\/\/www.caudete.org\/ayuntamiento\/oferta-de-ocio-en-la-sala-joven-para-finalizar-el-ano-2023\/#primaryimage"},"image":{"@id":"https:\/\/www.caudete.org\/ayuntamiento\/oferta-de-ocio-en-la-sala-joven-para-finalizar-el-ano-2023\/#primaryimage"},"thumbnailUrl":"https:\/\/www.caudete.org\/ayuntamiento\/wp-content\/uploads\/2023\/11\/Cabeceras-facebook-01.jpg","datePublished":"2023-11-29T07:43:41+00:00","dateModified":"2023-11-29T13:12:59+00:00","description":"P\u00e1gina Oficial del Ayuntamiento de Caudete (Albacete)","breadcrumb":{"@id":"https:\/\/www.caudete.org\/ayuntamiento\/oferta-de-ocio-en-la-sala-joven-para-finalizar-el-ano-2023\/#breadcrumb"},"inLanguage":"es","potentialAction":[{"@type":"ReadAction","target":["https:\/\/www.caudete.org\/ayuntamiento\/oferta-de-ocio-en-la-sala-joven-para-finalizar-el-ano-2023\/"]}]},{"@type":"ImageObject","inLanguage":"es","@id":"https:\/\/www.caudete.org\/ayuntamiento\/oferta-de-ocio-en-la-sala-joven-para-finalizar-el-ano-2023\/#primaryimage","url":"https:\/\/www.caudete.org\/ayuntamiento\/wp-content\/uploads\/2023\/11\/Cabeceras-facebook-01.jpg","contentUrl":"https:\/\/www.caudete.org\/ayuntamiento\/wp-content\/uploads\/2023\/11\/Cabeceras-facebook-01.jpg","width":800,"height":298},{"@type":"BreadcrumbList","@id":"https:\/\/www.caudete.org\/ayuntamiento\/oferta-de-ocio-en-la-sala-joven-para-finalizar-el-ano-2023\/#breadcrumb","itemListElement":[{"@type":"ListItem","position":1,"name":"Inicio","item":"https:\/\/www.caudete.org\/ayuntamiento\/"},{"@type":"ListItem","position":2,"name":"Oferta de ocio en la Sala Joven para finalizar el a\u00f1o 2023"}]},{"@type":"WebSite","@id":"https:\/\/www.caudete.org\/ayuntamiento\/#website","url":"https:\/\/www.caudete.org\/ayuntamiento\/","name":"MI Ayuntamiento de Caudete","description":"P\u00e1gina Oficial del MI Ayuntamiento de Caudete","publisher":{"@id":"https:\/\/www.caudete.org\/ayuntamiento\/#organization"},"potentialAction":[{"@type":"SearchAction","target":{"@type":"EntryPoint","urlTemplate":"https:\/\/www.caudete.org\/ayuntamiento\/?s={search_term_string}"},"query-input":{"@type":"PropertyValueSpecification","valueRequired":true,"valueName":"search_term_string"}}],"inLanguage":"es"},{"@type":"Organization","@id":"https:\/\/www.caudete.org\/ayuntamiento\/#organization","name":"Ayuntamiento de Caudete","url":"https:\/\/www.caudete.org\/ayuntamiento\/","logo":{"@type":"ImageObject","inLanguage":"es","@id":"https:\/\/www.caudete.org\/ayuntamiento\/#\/schema\/logo\/image\/","url":"https:\/\/www.caudete.org\/ayuntamiento\/wp-content\/uploads\/2020\/11\/logo_ayuntamiento_caudete.jpg","contentUrl":"https:\/\/www.caudete.org\/ayuntamiento\/wp-content\/uploads\/2020\/11\/logo_ayuntamiento_caudete.jpg","width":600,"height":150,"caption":"Ayuntamiento de Caudete"},"image":{"@id":"https:\/\/www.caudete.org\/ayuntamiento\/#\/schema\/logo\/image\/"},"sameAs":["https:\/\/www.facebook.com\/ayuntamientocaudete\/","https:\/\/www.youtube.com\/channel\/UC6VztHaooNsGpw-tNoBEFnQ"]},{"@type":"Person","@id":"https:\/\/www.caudete.org\/ayuntamiento\/#\/schema\/person\/4b9eab41761957db9b1bf9c418d1ef46","name":"Dpto Informatica MI Ayuntamiento de Caudete","image":{"@type":"ImageObject","inLanguage":"es","@id":"https:\/\/secure.gravatar.com\/avatar\/ac0321ee4a0a83e82a253e7b2d348ef539e2c8fe16d06b600bde04de1b364fa7?s=96&d=mm&r=g","url":"https:\/\/secure.gravatar.com\/avatar\/ac0321ee4a0a83e82a253e7b2d348ef539e2c8fe16d06b600bde04de1b364fa7?s=96&d=mm&r=g","contentUrl":"https:\/\/secure.gravatar.com\/avatar\/ac0321ee4a0a83e82a253e7b2d348ef539e2c8fe16d06b600bde04de1b364fa7?s=96&d=mm&r=g","caption":"Dpto Informatica MI Ayuntamiento de Caudete"},"url":"https:\/\/www.caudete.org\/ayuntamiento\/author\/informatica\/"}]}},"_links":{"self":[{"href":"https:\/\/www.caudete.org\/ayuntamiento\/wp-json\/wp\/v2\/posts\/23829","targetHints":{"allow":["GET"]}}],"collection":[{"href":"https:\/\/www.caudete.org\/ayuntamiento\/wp-json\/wp\/v2\/posts"}],"about":[{"href":"https:\/\/www.caudete.org\/ayuntamiento\/wp-json\/wp\/v2\/types\/post"}],"author":[{"embeddable":true,"href":"https:\/\/www.caudete.org\/ayuntamiento\/wp-json\/wp\/v2\/users\/5"}],"replies":[{"embeddable":true,"href":"https:\/\/www.caudete.org\/ayuntamiento\/wp-json\/wp\/v2\/comments?post=23829"}],"version-history":[{"count":4,"href":"https:\/\/www.caudete.org\/ayuntamiento\/wp-json\/wp\/v2\/posts\/23829\/revisions"}],"predecessor-version":[{"id":23837,"href":"https:\/\/www.caudete.org\/ayuntamiento\/wp-json\/wp\/v2\/posts\/23829\/revisions\/23837"}],"wp:featuredmedia":[{"embeddable":true,"href":"https:\/\/www.caudete.org\/ayuntamiento\/wp-json\/wp\/v2\/media\/23831"}],"wp:attachment":[{"href":"https:\/\/www.caudete.org\/ayuntamiento\/wp-json\/wp\/v2\/media?parent=23829"}],"wp:term":[{"taxonomy":"category","embeddable":true,"href":"https:\/\/www.caudete.org\/ayuntamiento\/wp-json\/wp\/v2\/categories?post=23829"},{"taxonomy":"post_tag","embeddable":true,"href":"https:\/\/www.caudete.org\/ayuntamiento\/wp-json\/wp\/v2\/tags?post=23829"}],"curies":[{"name":"wp","href":"https:\/\/api.w.org\/{rel}","templated":true}]}}