{"id":23845,"date":"2023-11-30T14:52:18","date_gmt":"2023-11-30T13:52:18","guid":{"rendered":"https:\/\/www.caudete.org\/ayuntamiento\/?p=23845"},"modified":"2023-11-30T19:45:28","modified_gmt":"2023-11-30T18:45:28","slug":"programada-la-nueva-edicion-de-la-san-silvestre-caudetana","status":"publish","type":"post","link":"https:\/\/www.caudete.org\/ayuntamiento\/programada-la-nueva-edicion-de-la-san-silvestre-caudetana\/","title":{"rendered":"Programada la nueva edici\u00f3n de la SAN SILVESTRE Caudetana"},"content":{"rendered":"<p style=\"text-align: justify;\">La Concejal de Deportes, Pilar Egea, ha manifestado su satisfacci\u00f3n por el arranque de una nueva edici\u00f3n de la tradicional San Silvestre Caudetana, que este a\u00f1o cuenta ya con once a\u00f1os de celebraci\u00f3n.<\/p>\n<p style=\"text-align: justify;\">Una carrera popular dirigida para todos los p\u00fablicos que este a\u00f1o tendr\u00e1 lugar el s\u00e1bado 30 de diciembre, estableci\u00e9ndose como hora de salida las 19:00 horas desde la Plaza del Carmen.<\/p>\n<p style=\"text-align: justify;\">El recorrido que ser\u00e1 totalmente urbano trascurrir\u00e1 por las calles habituales de ediciones anteriores, debiendo el participante, para completar los 3.400 metros propuestos, realizar un total de dos vueltas al circuito.<\/p>\n<p style=\"text-align: justify;\">Las inscripciones se podr\u00e1n realizar hasta el jueves 28 de diciembre en la web; <a href=\"https:\/\/www.caudete.org\/sansilvestre\">https:\/\/www.caudete.org\/sansilvestre<\/a>. Para formalizar la inscripci\u00f3n se deber\u00e1 sufragar, como en a\u00f1os precedentes, una tasa de 6 \u20ac. El dinero recaudado ser\u00e1 donado a la ONG C\u00e1ritas Caudete.<\/p>\n<p style=\"text-align: justify;\">La organizaci\u00f3n ha fijado como premios trofeos para los tres primeros clasificados de la categor\u00eda absoluta masculina y femenina, as\u00ed como un jam\u00f3n para el atleta y el colectivo que atav\u00eden el disfraz m\u00e1s original.<\/p>\n<p><img fetchpriority=\"high\" decoding=\"async\" class=\"alignnone size-full wp-image-23846\" src=\"https:\/\/www.caudete.org\/ayuntamiento\/wp-content\/uploads\/2023\/11\/CARTEL-SAN-SILVESTRE-2023.jpg\" alt=\"\" width=\"800\" height=\"1127\" srcset=\"https:\/\/www.caudete.org\/ayuntamiento\/wp-content\/uploads\/2023\/11\/CARTEL-SAN-SILVESTRE-2023.jpg 800w, https:\/\/www.caudete.org\/ayuntamiento\/wp-content\/uploads\/2023\/11\/CARTEL-SAN-SILVESTRE-2023-213x300.jpg 213w, https:\/\/www.caudete.org\/ayuntamiento\/wp-content\/uploads\/2023\/11\/CARTEL-SAN-SILVESTRE-2023-727x1024.jpg 727w, https:\/\/www.caudete.org\/ayuntamiento\/wp-content\/uploads\/2023\/11\/CARTEL-SAN-SILVESTRE-2023-768x1082.jpg 768w\" sizes=\"(max-width: 800px) 100vw, 800px\" \/><\/p>\n","protected":false},"excerpt":{"rendered":"<p>La Concejal de Deportes, Pilar Egea, ha manifestado su satisfacci\u00f3n por el arranque de una nueva edici\u00f3n de la tradicional San Silvestre Caudetana, que este a\u00f1o cuenta ya con once a\u00f1os de celebraci\u00f3n. Una carrera popular dirigida para todos los p\u00fablicos que este a\u00f1o tendr\u00e1 lugar el s\u00e1bado 30 de diciembre, estableci\u00e9ndose como hora de &hellip;<\/p>\n","protected":false},"author":5,"featured_media":23849,"comment_status":"closed","ping_status":"open","sticky":false,"template":"","format":"standard","meta":{"ngg_post_thumbnail":0,"footnotes":""},"categories":[23],"tags":[],"class_list":["post-23845","post","type-post","status-publish","format-standard","has-post-thumbnail","hentry","category-deportes"],"yoast_head":"<!-- This site is optimized with the Yoast SEO plugin v27.5 - https:\/\/yoast.com\/product\/yoast-seo-wordpress\/ -->\n<title>Programada la nueva edici\u00f3n de la SAN SILVESTRE Caudetana - MI Ayuntamiento de Caudete<\/title>\n<meta name=\"description\" content=\"P\u00e1gina Oficial del Ayuntamiento de Caudete (Albacete)\" \/>\n<meta name=\"robots\" content=\"index, follow, max-snippet:-1, max-image-preview:large, max-video-preview:-1\" \/>\n<link rel=\"canonical\" href=\"https:\/\/www.caudete.org\/ayuntamiento\/programada-la-nueva-edicion-de-la-san-silvestre-caudetana\/\" \/>\n<meta property=\"og:locale\" content=\"es_ES\" \/>\n<meta property=\"og:type\" content=\"article\" \/>\n<meta property=\"og:title\" content=\"Programada la nueva edici\u00f3n de la SAN SILVESTRE Caudetana - MI Ayuntamiento de Caudete\" \/>\n<meta property=\"og:description\" content=\"P\u00e1gina Oficial del Ayuntamiento de Caudete (Albacete)\" \/>\n<meta property=\"og:url\" content=\"https:\/\/www.caudete.org\/ayuntamiento\/programada-la-nueva-edicion-de-la-san-silvestre-caudetana\/\" \/>\n<meta property=\"og:site_name\" content=\"MI Ayuntamiento de Caudete\" \/>\n<meta property=\"article:publisher\" content=\"https:\/\/www.facebook.com\/ayuntamientocaudete\/\" \/>\n<meta property=\"article:published_time\" content=\"2023-11-30T13:52:18+00:00\" \/>\n<meta property=\"article:modified_time\" content=\"2023-11-30T18:45:28+00:00\" \/>\n<meta property=\"og:image\" content=\"https:\/\/www.caudete.org\/ayuntamiento\/wp-content\/uploads\/2023\/11\/CARTEL-SAN-SILVESTRE-2023-port-1.jpg\" \/>\n\t<meta property=\"og:image:width\" content=\"795\" \/>\n\t<meta property=\"og:image:height\" content=\"247\" \/>\n\t<meta property=\"og:image:type\" content=\"image\/jpeg\" \/>\n<meta name=\"author\" content=\"Dpto Informatica MI Ayuntamiento de Caudete\" \/>\n<meta name=\"twitter:card\" content=\"summary_large_image\" \/>\n<meta name=\"twitter:label1\" content=\"Escrito por\" \/>\n\t<meta name=\"twitter:data1\" content=\"Dpto Informatica MI Ayuntamiento de Caudete\" \/>\n\t<meta name=\"twitter:label2\" content=\"Tiempo de lectura\" \/>\n\t<meta name=\"twitter:data2\" content=\"1 minuto\" \/>\n<script type=\"application\/ld+json\" class=\"yoast-schema-graph\">{\"@context\":\"https:\\\/\\\/schema.org\",\"@graph\":[{\"@type\":\"Article\",\"@id\":\"https:\\\/\\\/www.caudete.org\\\/ayuntamiento\\\/programada-la-nueva-edicion-de-la-san-silvestre-caudetana\\\/#article\",\"isPartOf\":{\"@id\":\"https:\\\/\\\/www.caudete.org\\\/ayuntamiento\\\/programada-la-nueva-edicion-de-la-san-silvestre-caudetana\\\/\"},\"author\":{\"name\":\"Dpto Informatica MI Ayuntamiento de Caudete\",\"@id\":\"https:\\\/\\\/www.caudete.org\\\/ayuntamiento\\\/#\\\/schema\\\/person\\\/4b9eab41761957db9b1bf9c418d1ef46\"},\"headline\":\"Programada la nueva edici\u00f3n de la SAN SILVESTRE Caudetana\",\"datePublished\":\"2023-11-30T13:52:18+00:00\",\"dateModified\":\"2023-11-30T18:45:28+00:00\",\"mainEntityOfPage\":{\"@id\":\"https:\\\/\\\/www.caudete.org\\\/ayuntamiento\\\/programada-la-nueva-edicion-de-la-san-silvestre-caudetana\\\/\"},\"wordCount\":197,\"image\":{\"@id\":\"https:\\\/\\\/www.caudete.org\\\/ayuntamiento\\\/programada-la-nueva-edicion-de-la-san-silvestre-caudetana\\\/#primaryimage\"},\"thumbnailUrl\":\"https:\\\/\\\/www.caudete.org\\\/ayuntamiento\\\/wp-content\\\/uploads\\\/2023\\\/11\\\/CARTEL-SAN-SILVESTRE-2023-port-1.jpg\",\"articleSection\":[\"Deportes\"],\"inLanguage\":\"es\"},{\"@type\":\"WebPage\",\"@id\":\"https:\\\/\\\/www.caudete.org\\\/ayuntamiento\\\/programada-la-nueva-edicion-de-la-san-silvestre-caudetana\\\/\",\"url\":\"https:\\\/\\\/www.caudete.org\\\/ayuntamiento\\\/programada-la-nueva-edicion-de-la-san-silvestre-caudetana\\\/\",\"name\":\"Programada la nueva edici\u00f3n de la SAN SILVESTRE Caudetana - MI Ayuntamiento de Caudete\",\"isPartOf\":{\"@id\":\"https:\\\/\\\/www.caudete.org\\\/ayuntamiento\\\/#website\"},\"primaryImageOfPage\":{\"@id\":\"https:\\\/\\\/www.caudete.org\\\/ayuntamiento\\\/programada-la-nueva-edicion-de-la-san-silvestre-caudetana\\\/#primaryimage\"},\"image\":{\"@id\":\"https:\\\/\\\/www.caudete.org\\\/ayuntamiento\\\/programada-la-nueva-edicion-de-la-san-silvestre-caudetana\\\/#primaryimage\"},\"thumbnailUrl\":\"https:\\\/\\\/www.caudete.org\\\/ayuntamiento\\\/wp-content\\\/uploads\\\/2023\\\/11\\\/CARTEL-SAN-SILVESTRE-2023-port-1.jpg\",\"datePublished\":\"2023-11-30T13:52:18+00:00\",\"dateModified\":\"2023-11-30T18:45:28+00:00\",\"author\":{\"@id\":\"https:\\\/\\\/www.caudete.org\\\/ayuntamiento\\\/#\\\/schema\\\/person\\\/4b9eab41761957db9b1bf9c418d1ef46\"},\"description\":\"P\u00e1gina Oficial del Ayuntamiento de Caudete (Albacete)\",\"breadcrumb\":{\"@id\":\"https:\\\/\\\/www.caudete.org\\\/ayuntamiento\\\/programada-la-nueva-edicion-de-la-san-silvestre-caudetana\\\/#breadcrumb\"},\"inLanguage\":\"es\",\"potentialAction\":[{\"@type\":\"ReadAction\",\"target\":[\"https:\\\/\\\/www.caudete.org\\\/ayuntamiento\\\/programada-la-nueva-edicion-de-la-san-silvestre-caudetana\\\/\"]}]},{\"@type\":\"ImageObject\",\"inLanguage\":\"es\",\"@id\":\"https:\\\/\\\/www.caudete.org\\\/ayuntamiento\\\/programada-la-nueva-edicion-de-la-san-silvestre-caudetana\\\/#primaryimage\",\"url\":\"https:\\\/\\\/www.caudete.org\\\/ayuntamiento\\\/wp-content\\\/uploads\\\/2023\\\/11\\\/CARTEL-SAN-SILVESTRE-2023-port-1.jpg\",\"contentUrl\":\"https:\\\/\\\/www.caudete.org\\\/ayuntamiento\\\/wp-content\\\/uploads\\\/2023\\\/11\\\/CARTEL-SAN-SILVESTRE-2023-port-1.jpg\",\"width\":795,\"height\":247},{\"@type\":\"BreadcrumbList\",\"@id\":\"https:\\\/\\\/www.caudete.org\\\/ayuntamiento\\\/programada-la-nueva-edicion-de-la-san-silvestre-caudetana\\\/#breadcrumb\",\"itemListElement\":[{\"@type\":\"ListItem\",\"position\":1,\"name\":\"Inicio\",\"item\":\"https:\\\/\\\/www.caudete.org\\\/ayuntamiento\\\/\"},{\"@type\":\"ListItem\",\"position\":2,\"name\":\"Programada la nueva edici\u00f3n de la SAN SILVESTRE Caudetana\"}]},{\"@type\":\"WebSite\",\"@id\":\"https:\\\/\\\/www.caudete.org\\\/ayuntamiento\\\/#website\",\"url\":\"https:\\\/\\\/www.caudete.org\\\/ayuntamiento\\\/\",\"name\":\"MI Ayuntamiento de Caudete\",\"description\":\"P\u00e1gina Oficial del MI Ayuntamiento de Caudete\",\"potentialAction\":[{\"@type\":\"SearchAction\",\"target\":{\"@type\":\"EntryPoint\",\"urlTemplate\":\"https:\\\/\\\/www.caudete.org\\\/ayuntamiento\\\/?s={search_term_string}\"},\"query-input\":{\"@type\":\"PropertyValueSpecification\",\"valueRequired\":true,\"valueName\":\"search_term_string\"}}],\"inLanguage\":\"es\"},{\"@type\":\"Person\",\"@id\":\"https:\\\/\\\/www.caudete.org\\\/ayuntamiento\\\/#\\\/schema\\\/person\\\/4b9eab41761957db9b1bf9c418d1ef46\",\"name\":\"Dpto Informatica MI Ayuntamiento de Caudete\",\"image\":{\"@type\":\"ImageObject\",\"inLanguage\":\"es\",\"@id\":\"https:\\\/\\\/secure.gravatar.com\\\/avatar\\\/ac0321ee4a0a83e82a253e7b2d348ef539e2c8fe16d06b600bde04de1b364fa7?s=96&d=mm&r=g\",\"url\":\"https:\\\/\\\/secure.gravatar.com\\\/avatar\\\/ac0321ee4a0a83e82a253e7b2d348ef539e2c8fe16d06b600bde04de1b364fa7?s=96&d=mm&r=g\",\"contentUrl\":\"https:\\\/\\\/secure.gravatar.com\\\/avatar\\\/ac0321ee4a0a83e82a253e7b2d348ef539e2c8fe16d06b600bde04de1b364fa7?s=96&d=mm&r=g\",\"caption\":\"Dpto Informatica MI Ayuntamiento de Caudete\"},\"url\":\"https:\\\/\\\/www.caudete.org\\\/ayuntamiento\\\/author\\\/informatica\\\/\"}]}<\/script>\n<!-- \/ Yoast SEO plugin. -->","yoast_head_json":{"title":"Programada la nueva edici\u00f3n de la SAN SILVESTRE Caudetana - MI Ayuntamiento de Caudete","description":"P\u00e1gina Oficial del Ayuntamiento de Caudete (Albacete)","robots":{"index":"index","follow":"follow","max-snippet":"max-snippet:-1","max-image-preview":"max-image-preview:large","max-video-preview":"max-video-preview:-1"},"canonical":"https:\/\/www.caudete.org\/ayuntamiento\/programada-la-nueva-edicion-de-la-san-silvestre-caudetana\/","og_locale":"es_ES","og_type":"article","og_title":"Programada la nueva edici\u00f3n de la SAN SILVESTRE Caudetana - MI Ayuntamiento de Caudete","og_description":"P\u00e1gina Oficial del Ayuntamiento de Caudete (Albacete)","og_url":"https:\/\/www.caudete.org\/ayuntamiento\/programada-la-nueva-edicion-de-la-san-silvestre-caudetana\/","og_site_name":"MI Ayuntamiento de Caudete","article_publisher":"https:\/\/www.facebook.com\/ayuntamientocaudete\/","article_published_time":"2023-11-30T13:52:18+00:00","article_modified_time":"2023-11-30T18:45:28+00:00","og_image":[{"width":795,"height":247,"url":"https:\/\/www.caudete.org\/ayuntamiento\/wp-content\/uploads\/2023\/11\/CARTEL-SAN-SILVESTRE-2023-port-1.jpg","type":"image\/jpeg"}],"author":"Dpto Informatica MI Ayuntamiento de Caudete","twitter_card":"summary_large_image","twitter_misc":{"Escrito por":"Dpto Informatica MI Ayuntamiento de Caudete","Tiempo de lectura":"1 minuto"},"schema":{"@context":"https:\/\/schema.org","@graph":[{"@type":"Article","@id":"https:\/\/www.caudete.org\/ayuntamiento\/programada-la-nueva-edicion-de-la-san-silvestre-caudetana\/#article","isPartOf":{"@id":"https:\/\/www.caudete.org\/ayuntamiento\/programada-la-nueva-edicion-de-la-san-silvestre-caudetana\/"},"author":{"name":"Dpto Informatica MI Ayuntamiento de Caudete","@id":"https:\/\/www.caudete.org\/ayuntamiento\/#\/schema\/person\/4b9eab41761957db9b1bf9c418d1ef46"},"headline":"Programada la nueva edici\u00f3n de la SAN SILVESTRE Caudetana","datePublished":"2023-11-30T13:52:18+00:00","dateModified":"2023-11-30T18:45:28+00:00","mainEntityOfPage":{"@id":"https:\/\/www.caudete.org\/ayuntamiento\/programada-la-nueva-edicion-de-la-san-silvestre-caudetana\/"},"wordCount":197,"image":{"@id":"https:\/\/www.caudete.org\/ayuntamiento\/programada-la-nueva-edicion-de-la-san-silvestre-caudetana\/#primaryimage"},"thumbnailUrl":"https:\/\/www.caudete.org\/ayuntamiento\/wp-content\/uploads\/2023\/11\/CARTEL-SAN-SILVESTRE-2023-port-1.jpg","articleSection":["Deportes"],"inLanguage":"es"},{"@type":"WebPage","@id":"https:\/\/www.caudete.org\/ayuntamiento\/programada-la-nueva-edicion-de-la-san-silvestre-caudetana\/","url":"https:\/\/www.caudete.org\/ayuntamiento\/programada-la-nueva-edicion-de-la-san-silvestre-caudetana\/","name":"Programada la nueva edici\u00f3n de la SAN SILVESTRE Caudetana - MI Ayuntamiento de Caudete","isPartOf":{"@id":"https:\/\/www.caudete.org\/ayuntamiento\/#website"},"primaryImageOfPage":{"@id":"https:\/\/www.caudete.org\/ayuntamiento\/programada-la-nueva-edicion-de-la-san-silvestre-caudetana\/#primaryimage"},"image":{"@id":"https:\/\/www.caudete.org\/ayuntamiento\/programada-la-nueva-edicion-de-la-san-silvestre-caudetana\/#primaryimage"},"thumbnailUrl":"https:\/\/www.caudete.org\/ayuntamiento\/wp-content\/uploads\/2023\/11\/CARTEL-SAN-SILVESTRE-2023-port-1.jpg","datePublished":"2023-11-30T13:52:18+00:00","dateModified":"2023-11-30T18:45:28+00:00","author":{"@id":"https:\/\/www.caudete.org\/ayuntamiento\/#\/schema\/person\/4b9eab41761957db9b1bf9c418d1ef46"},"description":"P\u00e1gina Oficial del Ayuntamiento de Caudete (Albacete)","breadcrumb":{"@id":"https:\/\/www.caudete.org\/ayuntamiento\/programada-la-nueva-edicion-de-la-san-silvestre-caudetana\/#breadcrumb"},"inLanguage":"es","potentialAction":[{"@type":"ReadAction","target":["https:\/\/www.caudete.org\/ayuntamiento\/programada-la-nueva-edicion-de-la-san-silvestre-caudetana\/"]}]},{"@type":"ImageObject","inLanguage":"es","@id":"https:\/\/www.caudete.org\/ayuntamiento\/programada-la-nueva-edicion-de-la-san-silvestre-caudetana\/#primaryimage","url":"https:\/\/www.caudete.org\/ayuntamiento\/wp-content\/uploads\/2023\/11\/CARTEL-SAN-SILVESTRE-2023-port-1.jpg","contentUrl":"https:\/\/www.caudete.org\/ayuntamiento\/wp-content\/uploads\/2023\/11\/CARTEL-SAN-SILVESTRE-2023-port-1.jpg","width":795,"height":247},{"@type":"BreadcrumbList","@id":"https:\/\/www.caudete.org\/ayuntamiento\/programada-la-nueva-edicion-de-la-san-silvestre-caudetana\/#breadcrumb","itemListElement":[{"@type":"ListItem","position":1,"name":"Inicio","item":"https:\/\/www.caudete.org\/ayuntamiento\/"},{"@type":"ListItem","position":2,"name":"Programada la nueva edici\u00f3n de la SAN SILVESTRE Caudetana"}]},{"@type":"WebSite","@id":"https:\/\/www.caudete.org\/ayuntamiento\/#website","url":"https:\/\/www.caudete.org\/ayuntamiento\/","name":"MI Ayuntamiento de Caudete","description":"P\u00e1gina Oficial del MI Ayuntamiento de Caudete","potentialAction":[{"@type":"SearchAction","target":{"@type":"EntryPoint","urlTemplate":"https:\/\/www.caudete.org\/ayuntamiento\/?s={search_term_string}"},"query-input":{"@type":"PropertyValueSpecification","valueRequired":true,"valueName":"search_term_string"}}],"inLanguage":"es"},{"@type":"Person","@id":"https:\/\/www.caudete.org\/ayuntamiento\/#\/schema\/person\/4b9eab41761957db9b1bf9c418d1ef46","name":"Dpto Informatica MI Ayuntamiento de Caudete","image":{"@type":"ImageObject","inLanguage":"es","@id":"https:\/\/secure.gravatar.com\/avatar\/ac0321ee4a0a83e82a253e7b2d348ef539e2c8fe16d06b600bde04de1b364fa7?s=96&d=mm&r=g","url":"https:\/\/secure.gravatar.com\/avatar\/ac0321ee4a0a83e82a253e7b2d348ef539e2c8fe16d06b600bde04de1b364fa7?s=96&d=mm&r=g","contentUrl":"https:\/\/secure.gravatar.com\/avatar\/ac0321ee4a0a83e82a253e7b2d348ef539e2c8fe16d06b600bde04de1b364fa7?s=96&d=mm&r=g","caption":"Dpto Informatica MI Ayuntamiento de Caudete"},"url":"https:\/\/www.caudete.org\/ayuntamiento\/author\/informatica\/"}]}},"_links":{"self":[{"href":"https:\/\/www.caudete.org\/ayuntamiento\/wp-json\/wp\/v2\/posts\/23845","targetHints":{"allow":["GET"]}}],"collection":[{"href":"https:\/\/www.caudete.org\/ayuntamiento\/wp-json\/wp\/v2\/posts"}],"about":[{"href":"https:\/\/www.caudete.org\/ayuntamiento\/wp-json\/wp\/v2\/types\/post"}],"author":[{"embeddable":true,"href":"https:\/\/www.caudete.org\/ayuntamiento\/wp-json\/wp\/v2\/users\/5"}],"replies":[{"embeddable":true,"href":"https:\/\/www.caudete.org\/ayuntamiento\/wp-json\/wp\/v2\/comments?post=23845"}],"version-history":[{"count":4,"href":"https:\/\/www.caudete.org\/ayuntamiento\/wp-json\/wp\/v2\/posts\/23845\/revisions"}],"predecessor-version":[{"id":23853,"href":"https:\/\/www.caudete.org\/ayuntamiento\/wp-json\/wp\/v2\/posts\/23845\/revisions\/23853"}],"wp:featuredmedia":[{"embeddable":true,"href":"https:\/\/www.caudete.org\/ayuntamiento\/wp-json\/wp\/v2\/media\/23849"}],"wp:attachment":[{"href":"https:\/\/www.caudete.org\/ayuntamiento\/wp-json\/wp\/v2\/media?parent=23845"}],"wp:term":[{"taxonomy":"category","embeddable":true,"href":"https:\/\/www.caudete.org\/ayuntamiento\/wp-json\/wp\/v2\/categories?post=23845"},{"taxonomy":"post_tag","embeddable":true,"href":"https:\/\/www.caudete.org\/ayuntamiento\/wp-json\/wp\/v2\/tags?post=23845"}],"curies":[{"name":"wp","href":"https:\/\/api.w.org\/{rel}","templated":true}]}}