{"id":23916,"date":"2023-12-07T11:20:55","date_gmt":"2023-12-07T10:20:55","guid":{"rendered":"https:\/\/www.caudete.org\/ayuntamiento\/?p=23916"},"modified":"2023-12-07T11:20:55","modified_gmt":"2023-12-07T10:20:55","slug":"el-plan-de-empleo-2023-ofertara-41-contratos","status":"publish","type":"post","link":"https:\/\/www.caudete.org\/ayuntamiento\/el-plan-de-empleo-2023-ofertara-41-contratos\/","title":{"rendered":"El Plan de Empleo 2023 ofertar\u00e1 41 contratos"},"content":{"rendered":"<p style=\"text-align: justify;\">La Concejal de Promoci\u00f3n y Desarrollo, M\u00aa Dolores Requena, ha informado de la Resoluci\u00f3n provisional de la JCCM por la que concede a Caudete de 41 contratos para personas desempleadas en el marco del Plan de Empleo 2023, pertenecientes a la l\u00ednea 1 de la Orden 176\/2023, de 17 de octubre.<\/p>\n<p style=\"text-align: justify;\">Los contratos, que tendr\u00e1n una duraci\u00f3n de 6 meses a jornada completa, se extender\u00e1n durante el pr\u00f3ximo a\u00f1o 2024, momento en el cual una vez pasadas las fiestas navide\u00f1as se proceder\u00e1 con la tramitaci\u00f3n de las bases y convocatorias para la selecci\u00f3n de solicitudes y asignaci\u00f3n a los diferentes proyectos marcados.<\/p>\n<p style=\"text-align: justify;\">Aprovechaba la Edil para informar que este a\u00f1o a Caudete le han correspondido menos contratos de los habituales, al recibir inicialmente menos asignaci\u00f3n. No obstante, para mayor transparencia ha explicado como funciona esta preasignaci\u00f3n de contratos:<\/p>\n<p style=\"text-align: justify;\">El c\u00e1lculo de subvenci\u00f3n para las entidades locales se establece en funci\u00f3n del presupuesto total fijado para la provincia, que en este caso es de 11.893.389&#8217;98\u20ac, y la media de paro registrado de los \u00faltimos 12 meses anteriores a la publicaci\u00f3n de la Orden de convocatoria referida a la poblaci\u00f3n entre 16 y 66 a\u00f1os del municipio, y su peso en el total de paro provincial, siendo los datos correspondientes a Caudete los que siguen:<\/p>\n<table style=\"border-collapse: collapse; width: 100%; height: 48px;\">\n<tbody>\n<tr style=\"height: 24px;\">\n<td style=\"width: 20%; height: 24px; text-align: center;\"><span style=\"text-decoration: underline;\"><strong>Poblacion 2022<\/strong><\/span><\/td>\n<td style=\"width: 20%; height: 24px; text-align: center;\"><span style=\"text-decoration: underline;\"><strong>16-66 a\u00f1os<\/strong><\/span><\/td>\n<td style=\"width: 20%; height: 24px; text-align: center;\"><span style=\"text-decoration: underline;\"><strong>Media Paro<\/strong><\/span><\/td>\n<td style=\"width: 20%; height: 24px; text-align: center;\"><span style=\"text-decoration: underline;\"><strong>% Paro 16-66<\/strong><\/span><\/td>\n<td style=\"width: 20%; height: 24px; text-align: center;\"><span style=\"text-decoration: underline;\"><strong>% Peso Provincial<\/strong><\/span><\/td>\n<\/tr>\n<tr style=\"height: 24px;\">\n<td style=\"width: 20%; height: 24px; text-align: center;\">10.135<\/td>\n<td style=\"width: 20%; height: 24px; text-align: center;\">6.694<\/td>\n<td style=\"width: 20%; height: 24px; text-align: center;\">789<\/td>\n<td style=\"width: 20%; height: 24px; text-align: center;\">11&#8217;8<\/td>\n<td style=\"width: 20%; height: 24px; text-align: center;\">3&#8217;0451<\/td>\n<\/tr>\n<\/tbody>\n<\/table>\n<p>&nbsp;<\/p>\n<p style=\"text-align: justify;\">Seg\u00fan estos criterios, y aplicando los baremos de la Orden citada corresponden a Caudete la financiaci\u00f3n de 41 contratos de 180 d\u00edas de duraci\u00f3n, con una subvenci\u00f3n total de 364.900&#8217;00 \u20ac<\/p>\n<p style=\"text-align: justify;\">No obstante, el coste total y real del citado Plan de Empleo es de 447.873&#8217;07\u20ac, donde el Ayuntamiento por medio de recursos ordinarios costear\u00e1 un total de 82.973&#8217;07 \u20ac<\/p>\n<p>&nbsp;<\/p>\n<p style=\"text-align: justify;\">La propuesta de organizaci\u00f3n por proyectos de destino quedar\u00eda como sigue:<\/p>\n<p><span style=\"text-decoration: underline;\"><strong>1\/ PROYECTO APOYO LIMPIEZA INSTALACIONES P\u00daBLICAS<\/strong><\/span><br \/>\n\u2022 N\u00ba plazas: 6<br \/>\n\u2022 Subvenci\u00f3n: 53.400\u20ac<\/p>\n<p><span style=\"text-decoration: underline;\"><strong>2\/ PROYECTO APOYO TAREAS CONTROL ACCESO EDIFICIOS P\u00daBLICOS<\/strong><\/span><br \/>\n\u2022 N\u00ba plazas: 9<br \/>\n\u2022 Subvenci\u00f3n: 80.100\u20ac<\/p>\n<p><span style=\"text-decoration: underline;\"><strong>3\/ PROYECTO OBRAS Y REPARACI\u00d3N, VIAS E INSTALACIONES P\u00daBLICAS<\/strong><\/span><br \/>\n\u2022 N\u00ba plazas: 7<br \/>\n\u2022 Subvenci\u00f3n: 62.300\u20ac<\/p>\n<p><span style=\"text-decoration: underline;\"><strong>4\/ PROYECTO APOYO SERVICIOS ADMINISTRATIVOS MUNICIPALES<\/strong><\/span><br \/>\n\u2022 N\u00ba plazas: 7<br \/>\n\u2022 Subvenci\u00f3n: 62.300\u20ac<\/p>\n<p><span style=\"text-decoration: underline;\"><strong>5\/ PROYECTO APOYO MEJORAS PINTURA VIAS E INSTALACIONES P\u00daBLICAS<\/strong><\/span><br \/>\n\u2022 N\u00ba plazas: 4<br \/>\n\u2022 Subvenci\u00f3n: 35.600\u20ac<\/p>\n<p><span style=\"text-decoration: underline;\"><strong>6\/ PROYECTO APOYO \u00c1REA MEDIOAMBIENTAL<\/strong><\/span><br \/>\n\u2022 N\u00ba plazas: 8<br \/>\n\u2022 Subvenci\u00f3n: 71.200\u20ac<\/p>\n","protected":false},"excerpt":{"rendered":"<p>La Concejal de Promoci\u00f3n y Desarrollo, M\u00aa Dolores Requena, ha informado de la Resoluci\u00f3n provisional de la JCCM por la que concede a Caudete de 41 contratos para personas desempleadas en el marco del Plan de Empleo 2023, pertenecientes a la l\u00ednea 1 de la Orden 176\/2023, de 17 de octubre. Los contratos, que tendr\u00e1n &hellip;<\/p>\n","protected":false},"author":3,"featured_media":23917,"comment_status":"closed","ping_status":"open","sticky":false,"template":"","format":"standard","meta":{"ngg_post_thumbnail":0,"footnotes":""},"categories":[851],"tags":[],"class_list":["post-23916","post","type-post","status-publish","format-standard","has-post-thumbnail","hentry","category-promocion-y-desarrollo-economico"],"yoast_head":"<!-- This site is optimized with the Yoast SEO plugin v27.4 - https:\/\/yoast.com\/product\/yoast-seo-wordpress\/ -->\n<title>El Plan de Empleo 2023 ofertar\u00e1 41 contratos - MI Ayuntamiento de Caudete<\/title>\n<meta name=\"description\" content=\"P\u00e1gina Oficial del Ayuntamiento de Caudete (Albacete)\" \/>\n<meta name=\"robots\" content=\"index, follow, max-snippet:-1, max-image-preview:large, max-video-preview:-1\" \/>\n<link rel=\"canonical\" href=\"https:\/\/www.caudete.org\/ayuntamiento\/el-plan-de-empleo-2023-ofertara-41-contratos\/\" \/>\n<meta property=\"og:locale\" content=\"es_ES\" \/>\n<meta property=\"og:type\" content=\"article\" \/>\n<meta property=\"og:title\" content=\"El Plan de Empleo 2023 ofertar\u00e1 41 contratos - MI Ayuntamiento de Caudete\" \/>\n<meta property=\"og:description\" content=\"P\u00e1gina Oficial del Ayuntamiento de Caudete (Albacete)\" \/>\n<meta property=\"og:url\" content=\"https:\/\/www.caudete.org\/ayuntamiento\/el-plan-de-empleo-2023-ofertara-41-contratos\/\" \/>\n<meta property=\"og:site_name\" content=\"MI Ayuntamiento de Caudete\" \/>\n<meta property=\"article:publisher\" content=\"https:\/\/www.facebook.com\/ayuntamientocaudete\/\" \/>\n<meta property=\"article:published_time\" content=\"2023-12-07T10:20:55+00:00\" \/>\n<meta property=\"og:image\" content=\"https:\/\/www.caudete.org\/ayuntamiento\/wp-content\/uploads\/2023\/12\/PLAN-DE-EMPLEO-2023.jpg\" \/>\n\t<meta property=\"og:image:width\" content=\"955\" \/>\n\t<meta property=\"og:image:height\" content=\"632\" \/>\n\t<meta property=\"og:image:type\" content=\"image\/jpeg\" \/>\n<meta name=\"author\" content=\"alcalde\" \/>\n<meta name=\"twitter:card\" content=\"summary_large_image\" \/>\n<meta name=\"twitter:label1\" content=\"Escrito por\" \/>\n\t<meta name=\"twitter:data1\" content=\"alcalde\" \/>\n\t<meta name=\"twitter:label2\" content=\"Tiempo de lectura\" \/>\n\t<meta name=\"twitter:data2\" content=\"2 minutos\" \/>\n<script type=\"application\/ld+json\" class=\"yoast-schema-graph\">{\"@context\":\"https:\\\/\\\/schema.org\",\"@graph\":[{\"@type\":\"Article\",\"@id\":\"https:\\\/\\\/www.caudete.org\\\/ayuntamiento\\\/el-plan-de-empleo-2023-ofertara-41-contratos\\\/#article\",\"isPartOf\":{\"@id\":\"https:\\\/\\\/www.caudete.org\\\/ayuntamiento\\\/el-plan-de-empleo-2023-ofertara-41-contratos\\\/\"},\"author\":{\"name\":\"alcalde\",\"@id\":\"https:\\\/\\\/www.caudete.org\\\/ayuntamiento\\\/#\\\/schema\\\/person\\\/cc646da9133078ee4d8dd47457947253\"},\"headline\":\"El Plan de Empleo 2023 ofertar\u00e1 41 contratos\",\"datePublished\":\"2023-12-07T10:20:55+00:00\",\"mainEntityOfPage\":{\"@id\":\"https:\\\/\\\/www.caudete.org\\\/ayuntamiento\\\/el-plan-de-empleo-2023-ofertara-41-contratos\\\/\"},\"wordCount\":378,\"publisher\":{\"@id\":\"https:\\\/\\\/www.caudete.org\\\/ayuntamiento\\\/#organization\"},\"image\":{\"@id\":\"https:\\\/\\\/www.caudete.org\\\/ayuntamiento\\\/el-plan-de-empleo-2023-ofertara-41-contratos\\\/#primaryimage\"},\"thumbnailUrl\":\"https:\\\/\\\/www.caudete.org\\\/ayuntamiento\\\/wp-content\\\/uploads\\\/2023\\\/12\\\/PLAN-DE-EMPLEO-2023.jpg\",\"articleSection\":[\"Promoci\u00f3n y Desarrollo Econ\u00f3mico\"],\"inLanguage\":\"es\"},{\"@type\":\"WebPage\",\"@id\":\"https:\\\/\\\/www.caudete.org\\\/ayuntamiento\\\/el-plan-de-empleo-2023-ofertara-41-contratos\\\/\",\"url\":\"https:\\\/\\\/www.caudete.org\\\/ayuntamiento\\\/el-plan-de-empleo-2023-ofertara-41-contratos\\\/\",\"name\":\"El Plan de Empleo 2023 ofertar\u00e1 41 contratos - MI Ayuntamiento de Caudete\",\"isPartOf\":{\"@id\":\"https:\\\/\\\/www.caudete.org\\\/ayuntamiento\\\/#website\"},\"primaryImageOfPage\":{\"@id\":\"https:\\\/\\\/www.caudete.org\\\/ayuntamiento\\\/el-plan-de-empleo-2023-ofertara-41-contratos\\\/#primaryimage\"},\"image\":{\"@id\":\"https:\\\/\\\/www.caudete.org\\\/ayuntamiento\\\/el-plan-de-empleo-2023-ofertara-41-contratos\\\/#primaryimage\"},\"thumbnailUrl\":\"https:\\\/\\\/www.caudete.org\\\/ayuntamiento\\\/wp-content\\\/uploads\\\/2023\\\/12\\\/PLAN-DE-EMPLEO-2023.jpg\",\"datePublished\":\"2023-12-07T10:20:55+00:00\",\"description\":\"P\u00e1gina Oficial del Ayuntamiento de Caudete (Albacete)\",\"breadcrumb\":{\"@id\":\"https:\\\/\\\/www.caudete.org\\\/ayuntamiento\\\/el-plan-de-empleo-2023-ofertara-41-contratos\\\/#breadcrumb\"},\"inLanguage\":\"es\",\"potentialAction\":[{\"@type\":\"ReadAction\",\"target\":[\"https:\\\/\\\/www.caudete.org\\\/ayuntamiento\\\/el-plan-de-empleo-2023-ofertara-41-contratos\\\/\"]}]},{\"@type\":\"ImageObject\",\"inLanguage\":\"es\",\"@id\":\"https:\\\/\\\/www.caudete.org\\\/ayuntamiento\\\/el-plan-de-empleo-2023-ofertara-41-contratos\\\/#primaryimage\",\"url\":\"https:\\\/\\\/www.caudete.org\\\/ayuntamiento\\\/wp-content\\\/uploads\\\/2023\\\/12\\\/PLAN-DE-EMPLEO-2023.jpg\",\"contentUrl\":\"https:\\\/\\\/www.caudete.org\\\/ayuntamiento\\\/wp-content\\\/uploads\\\/2023\\\/12\\\/PLAN-DE-EMPLEO-2023.jpg\",\"width\":955,\"height\":632},{\"@type\":\"BreadcrumbList\",\"@id\":\"https:\\\/\\\/www.caudete.org\\\/ayuntamiento\\\/el-plan-de-empleo-2023-ofertara-41-contratos\\\/#breadcrumb\",\"itemListElement\":[{\"@type\":\"ListItem\",\"position\":1,\"name\":\"Inicio\",\"item\":\"https:\\\/\\\/www.caudete.org\\\/ayuntamiento\\\/\"},{\"@type\":\"ListItem\",\"position\":2,\"name\":\"El Plan de Empleo 2023 ofertar\u00e1 41 contratos\"}]},{\"@type\":\"WebSite\",\"@id\":\"https:\\\/\\\/www.caudete.org\\\/ayuntamiento\\\/#website\",\"url\":\"https:\\\/\\\/www.caudete.org\\\/ayuntamiento\\\/\",\"name\":\"MI Ayuntamiento de Caudete\",\"description\":\"P\u00e1gina Oficial del MI Ayuntamiento de Caudete\",\"publisher\":{\"@id\":\"https:\\\/\\\/www.caudete.org\\\/ayuntamiento\\\/#organization\"},\"potentialAction\":[{\"@type\":\"SearchAction\",\"target\":{\"@type\":\"EntryPoint\",\"urlTemplate\":\"https:\\\/\\\/www.caudete.org\\\/ayuntamiento\\\/?s={search_term_string}\"},\"query-input\":{\"@type\":\"PropertyValueSpecification\",\"valueRequired\":true,\"valueName\":\"search_term_string\"}}],\"inLanguage\":\"es\"},{\"@type\":\"Organization\",\"@id\":\"https:\\\/\\\/www.caudete.org\\\/ayuntamiento\\\/#organization\",\"name\":\"Ayuntamiento de Caudete\",\"url\":\"https:\\\/\\\/www.caudete.org\\\/ayuntamiento\\\/\",\"logo\":{\"@type\":\"ImageObject\",\"inLanguage\":\"es\",\"@id\":\"https:\\\/\\\/www.caudete.org\\\/ayuntamiento\\\/#\\\/schema\\\/logo\\\/image\\\/\",\"url\":\"https:\\\/\\\/www.caudete.org\\\/ayuntamiento\\\/wp-content\\\/uploads\\\/2020\\\/11\\\/logo_ayuntamiento_caudete.jpg\",\"contentUrl\":\"https:\\\/\\\/www.caudete.org\\\/ayuntamiento\\\/wp-content\\\/uploads\\\/2020\\\/11\\\/logo_ayuntamiento_caudete.jpg\",\"width\":600,\"height\":150,\"caption\":\"Ayuntamiento de Caudete\"},\"image\":{\"@id\":\"https:\\\/\\\/www.caudete.org\\\/ayuntamiento\\\/#\\\/schema\\\/logo\\\/image\\\/\"},\"sameAs\":[\"https:\\\/\\\/www.facebook.com\\\/ayuntamientocaudete\\\/\",\"https:\\\/\\\/www.youtube.com\\\/channel\\\/UC6VztHaooNsGpw-tNoBEFnQ\"]},{\"@type\":\"Person\",\"@id\":\"https:\\\/\\\/www.caudete.org\\\/ayuntamiento\\\/#\\\/schema\\\/person\\\/cc646da9133078ee4d8dd47457947253\",\"name\":\"alcalde\",\"image\":{\"@type\":\"ImageObject\",\"inLanguage\":\"es\",\"@id\":\"https:\\\/\\\/secure.gravatar.com\\\/avatar\\\/84a817ba065b29ff08d666b215a215f5c79186a645ccb25b14a663d48a130f77?s=96&d=mm&r=g\",\"url\":\"https:\\\/\\\/secure.gravatar.com\\\/avatar\\\/84a817ba065b29ff08d666b215a215f5c79186a645ccb25b14a663d48a130f77?s=96&d=mm&r=g\",\"contentUrl\":\"https:\\\/\\\/secure.gravatar.com\\\/avatar\\\/84a817ba065b29ff08d666b215a215f5c79186a645ccb25b14a663d48a130f77?s=96&d=mm&r=g\",\"caption\":\"alcalde\"},\"url\":\"https:\\\/\\\/www.caudete.org\\\/ayuntamiento\\\/author\\\/alcalde\\\/\"}]}<\/script>\n<!-- \/ Yoast SEO plugin. -->","yoast_head_json":{"title":"El Plan de Empleo 2023 ofertar\u00e1 41 contratos - MI Ayuntamiento de Caudete","description":"P\u00e1gina Oficial del Ayuntamiento de Caudete (Albacete)","robots":{"index":"index","follow":"follow","max-snippet":"max-snippet:-1","max-image-preview":"max-image-preview:large","max-video-preview":"max-video-preview:-1"},"canonical":"https:\/\/www.caudete.org\/ayuntamiento\/el-plan-de-empleo-2023-ofertara-41-contratos\/","og_locale":"es_ES","og_type":"article","og_title":"El Plan de Empleo 2023 ofertar\u00e1 41 contratos - MI Ayuntamiento de Caudete","og_description":"P\u00e1gina Oficial del Ayuntamiento de Caudete (Albacete)","og_url":"https:\/\/www.caudete.org\/ayuntamiento\/el-plan-de-empleo-2023-ofertara-41-contratos\/","og_site_name":"MI Ayuntamiento de Caudete","article_publisher":"https:\/\/www.facebook.com\/ayuntamientocaudete\/","article_published_time":"2023-12-07T10:20:55+00:00","og_image":[{"width":955,"height":632,"url":"https:\/\/www.caudete.org\/ayuntamiento\/wp-content\/uploads\/2023\/12\/PLAN-DE-EMPLEO-2023.jpg","type":"image\/jpeg"}],"author":"alcalde","twitter_card":"summary_large_image","twitter_misc":{"Escrito por":"alcalde","Tiempo de lectura":"2 minutos"},"schema":{"@context":"https:\/\/schema.org","@graph":[{"@type":"Article","@id":"https:\/\/www.caudete.org\/ayuntamiento\/el-plan-de-empleo-2023-ofertara-41-contratos\/#article","isPartOf":{"@id":"https:\/\/www.caudete.org\/ayuntamiento\/el-plan-de-empleo-2023-ofertara-41-contratos\/"},"author":{"name":"alcalde","@id":"https:\/\/www.caudete.org\/ayuntamiento\/#\/schema\/person\/cc646da9133078ee4d8dd47457947253"},"headline":"El Plan de Empleo 2023 ofertar\u00e1 41 contratos","datePublished":"2023-12-07T10:20:55+00:00","mainEntityOfPage":{"@id":"https:\/\/www.caudete.org\/ayuntamiento\/el-plan-de-empleo-2023-ofertara-41-contratos\/"},"wordCount":378,"publisher":{"@id":"https:\/\/www.caudete.org\/ayuntamiento\/#organization"},"image":{"@id":"https:\/\/www.caudete.org\/ayuntamiento\/el-plan-de-empleo-2023-ofertara-41-contratos\/#primaryimage"},"thumbnailUrl":"https:\/\/www.caudete.org\/ayuntamiento\/wp-content\/uploads\/2023\/12\/PLAN-DE-EMPLEO-2023.jpg","articleSection":["Promoci\u00f3n y Desarrollo Econ\u00f3mico"],"inLanguage":"es"},{"@type":"WebPage","@id":"https:\/\/www.caudete.org\/ayuntamiento\/el-plan-de-empleo-2023-ofertara-41-contratos\/","url":"https:\/\/www.caudete.org\/ayuntamiento\/el-plan-de-empleo-2023-ofertara-41-contratos\/","name":"El Plan de Empleo 2023 ofertar\u00e1 41 contratos - MI Ayuntamiento de Caudete","isPartOf":{"@id":"https:\/\/www.caudete.org\/ayuntamiento\/#website"},"primaryImageOfPage":{"@id":"https:\/\/www.caudete.org\/ayuntamiento\/el-plan-de-empleo-2023-ofertara-41-contratos\/#primaryimage"},"image":{"@id":"https:\/\/www.caudete.org\/ayuntamiento\/el-plan-de-empleo-2023-ofertara-41-contratos\/#primaryimage"},"thumbnailUrl":"https:\/\/www.caudete.org\/ayuntamiento\/wp-content\/uploads\/2023\/12\/PLAN-DE-EMPLEO-2023.jpg","datePublished":"2023-12-07T10:20:55+00:00","description":"P\u00e1gina Oficial del Ayuntamiento de Caudete (Albacete)","breadcrumb":{"@id":"https:\/\/www.caudete.org\/ayuntamiento\/el-plan-de-empleo-2023-ofertara-41-contratos\/#breadcrumb"},"inLanguage":"es","potentialAction":[{"@type":"ReadAction","target":["https:\/\/www.caudete.org\/ayuntamiento\/el-plan-de-empleo-2023-ofertara-41-contratos\/"]}]},{"@type":"ImageObject","inLanguage":"es","@id":"https:\/\/www.caudete.org\/ayuntamiento\/el-plan-de-empleo-2023-ofertara-41-contratos\/#primaryimage","url":"https:\/\/www.caudete.org\/ayuntamiento\/wp-content\/uploads\/2023\/12\/PLAN-DE-EMPLEO-2023.jpg","contentUrl":"https:\/\/www.caudete.org\/ayuntamiento\/wp-content\/uploads\/2023\/12\/PLAN-DE-EMPLEO-2023.jpg","width":955,"height":632},{"@type":"BreadcrumbList","@id":"https:\/\/www.caudete.org\/ayuntamiento\/el-plan-de-empleo-2023-ofertara-41-contratos\/#breadcrumb","itemListElement":[{"@type":"ListItem","position":1,"name":"Inicio","item":"https:\/\/www.caudete.org\/ayuntamiento\/"},{"@type":"ListItem","position":2,"name":"El Plan de Empleo 2023 ofertar\u00e1 41 contratos"}]},{"@type":"WebSite","@id":"https:\/\/www.caudete.org\/ayuntamiento\/#website","url":"https:\/\/www.caudete.org\/ayuntamiento\/","name":"MI Ayuntamiento de Caudete","description":"P\u00e1gina Oficial del MI Ayuntamiento de Caudete","publisher":{"@id":"https:\/\/www.caudete.org\/ayuntamiento\/#organization"},"potentialAction":[{"@type":"SearchAction","target":{"@type":"EntryPoint","urlTemplate":"https:\/\/www.caudete.org\/ayuntamiento\/?s={search_term_string}"},"query-input":{"@type":"PropertyValueSpecification","valueRequired":true,"valueName":"search_term_string"}}],"inLanguage":"es"},{"@type":"Organization","@id":"https:\/\/www.caudete.org\/ayuntamiento\/#organization","name":"Ayuntamiento de Caudete","url":"https:\/\/www.caudete.org\/ayuntamiento\/","logo":{"@type":"ImageObject","inLanguage":"es","@id":"https:\/\/www.caudete.org\/ayuntamiento\/#\/schema\/logo\/image\/","url":"https:\/\/www.caudete.org\/ayuntamiento\/wp-content\/uploads\/2020\/11\/logo_ayuntamiento_caudete.jpg","contentUrl":"https:\/\/www.caudete.org\/ayuntamiento\/wp-content\/uploads\/2020\/11\/logo_ayuntamiento_caudete.jpg","width":600,"height":150,"caption":"Ayuntamiento de Caudete"},"image":{"@id":"https:\/\/www.caudete.org\/ayuntamiento\/#\/schema\/logo\/image\/"},"sameAs":["https:\/\/www.facebook.com\/ayuntamientocaudete\/","https:\/\/www.youtube.com\/channel\/UC6VztHaooNsGpw-tNoBEFnQ"]},{"@type":"Person","@id":"https:\/\/www.caudete.org\/ayuntamiento\/#\/schema\/person\/cc646da9133078ee4d8dd47457947253","name":"alcalde","image":{"@type":"ImageObject","inLanguage":"es","@id":"https:\/\/secure.gravatar.com\/avatar\/84a817ba065b29ff08d666b215a215f5c79186a645ccb25b14a663d48a130f77?s=96&d=mm&r=g","url":"https:\/\/secure.gravatar.com\/avatar\/84a817ba065b29ff08d666b215a215f5c79186a645ccb25b14a663d48a130f77?s=96&d=mm&r=g","contentUrl":"https:\/\/secure.gravatar.com\/avatar\/84a817ba065b29ff08d666b215a215f5c79186a645ccb25b14a663d48a130f77?s=96&d=mm&r=g","caption":"alcalde"},"url":"https:\/\/www.caudete.org\/ayuntamiento\/author\/alcalde\/"}]}},"_links":{"self":[{"href":"https:\/\/www.caudete.org\/ayuntamiento\/wp-json\/wp\/v2\/posts\/23916","targetHints":{"allow":["GET"]}}],"collection":[{"href":"https:\/\/www.caudete.org\/ayuntamiento\/wp-json\/wp\/v2\/posts"}],"about":[{"href":"https:\/\/www.caudete.org\/ayuntamiento\/wp-json\/wp\/v2\/types\/post"}],"author":[{"embeddable":true,"href":"https:\/\/www.caudete.org\/ayuntamiento\/wp-json\/wp\/v2\/users\/3"}],"replies":[{"embeddable":true,"href":"https:\/\/www.caudete.org\/ayuntamiento\/wp-json\/wp\/v2\/comments?post=23916"}],"version-history":[{"count":1,"href":"https:\/\/www.caudete.org\/ayuntamiento\/wp-json\/wp\/v2\/posts\/23916\/revisions"}],"predecessor-version":[{"id":23918,"href":"https:\/\/www.caudete.org\/ayuntamiento\/wp-json\/wp\/v2\/posts\/23916\/revisions\/23918"}],"wp:featuredmedia":[{"embeddable":true,"href":"https:\/\/www.caudete.org\/ayuntamiento\/wp-json\/wp\/v2\/media\/23917"}],"wp:attachment":[{"href":"https:\/\/www.caudete.org\/ayuntamiento\/wp-json\/wp\/v2\/media?parent=23916"}],"wp:term":[{"taxonomy":"category","embeddable":true,"href":"https:\/\/www.caudete.org\/ayuntamiento\/wp-json\/wp\/v2\/categories?post=23916"},{"taxonomy":"post_tag","embeddable":true,"href":"https:\/\/www.caudete.org\/ayuntamiento\/wp-json\/wp\/v2\/tags?post=23916"}],"curies":[{"name":"wp","href":"https:\/\/api.w.org\/{rel}","templated":true}]}}