{"id":23919,"date":"2023-12-07T11:52:36","date_gmt":"2023-12-07T10:52:36","guid":{"rendered":"https:\/\/www.caudete.org\/ayuntamiento\/?p=23919"},"modified":"2023-12-07T11:52:36","modified_gmt":"2023-12-07T10:52:36","slug":"del-15-al-17-de-diciembre-vuelve-el-mercadillo-navideno","status":"publish","type":"post","link":"https:\/\/www.caudete.org\/ayuntamiento\/del-15-al-17-de-diciembre-vuelve-el-mercadillo-navideno\/","title":{"rendered":"Del 15 al 17 de Diciembre vuelve el MERCADILLO NAVIDE\u00d1O"},"content":{"rendered":"<p style=\"text-align: justify;\">La Presidenta de la Asociaci\u00f3n del Comercio caudetano, Natalia Amor\u00f3s y el Concejal de Comercio Diego Cuenca presentaban en medios la nueva edici\u00f3n del Mercadillo Navide\u00f1o que se realizar\u00e1 en la Plaza de la Iglesia del 15 al 17 de Diciembre.<\/p>\n<p style=\"text-align: justify;\">Con ilusi\u00f3n y muchas ganas de sacar el ambiente navide\u00f1o a la calle, los comerciantes, Feda y el Ayuntamiento han dise\u00f1ado una serie de actividades para hacer m\u00e1s participativo a\u00fan si cabe esta Feria, donde m\u00e1s de 20 stands con numerosos comercios locales se repartir\u00e1n en las grandes carpas que dentro de unos d\u00edas comenzar\u00e1n a instalarse en la emblem\u00e1tica plaza.<\/p>\n<p style=\"text-align: justify;\">Como es habitual, la inauguraci\u00f3n est\u00e1 prevista haci\u00e9ndola coincidir con el encendido del alumbrado especial de Navidad al son de villancicos que interpretar\u00e1 la Banda Juvenil de la SUM Santa Cecilia, que tras discurrir por determinadas calles del municipio, culminar\u00e1n en el Mercadillo.<\/p>\n<p style=\"text-align: justify;\">Ese mismo d\u00eda, dar\u00e1 inicio la Feria de Atracciones que desde hace unos a\u00f1os se instala en el Paseo Luis Golf para la diversi\u00f3n de los m\u00e1s peque\u00f1os en estas vacaciones navide\u00f1as.<\/p>\n<p style=\"text-align: justify;\">Como novedades, el Concejal destacaba la Cata de Turrones y Chocolates, a cargo de Pasteler\u00eda Pic\u00f3 el s\u00e1bado 16 y domingo 17, previa inscripci\u00f3n en la Oficina de Turismo al coste de 12\u20ac, con la degustaci\u00f3n de 15 dulces explicados por el propio maestro pastelero.<\/p>\n<p style=\"text-align: justify;\">Por parte de la Concejal\u00eda de Juventud, se habilitar\u00e1 una ludoteca en las ma\u00f1anas del 16 y 17 ( de 11:00 a 14:00h) con talleres varios, estando prevista la llegada de Duendes y Elfos el domingo 17 para recoger las cartas de Pap\u00e1 Noel.<\/p>\n<p style=\"text-align: justify;\">Tambi\u00e9n habr\u00e1 Taller de Radio, Cata de Vinos y actuaciones musicales dentro de la Carpa habilitada en la Plaza de la Iglesia.<\/p>\n<p style=\"text-align: justify;\">Igualmente, para un mejor servicio a quienes deseen disfrutar de estos eventos, se instalar\u00e1n aseos p\u00fablicos en la Calle El Mercado, abiertos durante el d\u00eda todas las Navidades.<\/p>\n<p style=\"text-align: justify;\">Por ultimo, el Edil trasladaba que a las 100 primeras compras del Mercado Navide\u00f1o se les obsequiar\u00e1 con un calendario 2024 realizado por los usuarios de Asprona, con im\u00e1genes del patrimonio local. Pasado el Mercadillo, con la presentaci\u00f3n en la Oficina de Consumo de 5 tickets de compras en la localidad, podr\u00e1 hacerse con uno.<\/p>\n","protected":false},"excerpt":{"rendered":"<p>La Presidenta de la Asociaci\u00f3n del Comercio caudetano, Natalia Amor\u00f3s y el Concejal de Comercio Diego Cuenca presentaban en medios la nueva edici\u00f3n del Mercadillo Navide\u00f1o que se realizar\u00e1 en la Plaza de la Iglesia del 15 al 17 de Diciembre. Con ilusi\u00f3n y muchas ganas de sacar el ambiente navide\u00f1o a la calle, los &hellip;<\/p>\n","protected":false},"author":3,"featured_media":23921,"comment_status":"closed","ping_status":"open","sticky":false,"template":"","format":"standard","meta":{"ngg_post_thumbnail":0,"footnotes":""},"categories":[42],"tags":[],"class_list":["post-23919","post","type-post","status-publish","format-standard","has-post-thumbnail","hentry","category-comercio"],"yoast_head":"<!-- This site is optimized with the Yoast SEO plugin v27.5 - https:\/\/yoast.com\/product\/yoast-seo-wordpress\/ -->\n<title>Del 15 al 17 de Diciembre vuelve el MERCADILLO NAVIDE\u00d1O - MI Ayuntamiento de Caudete<\/title>\n<meta name=\"description\" content=\"P\u00e1gina Oficial del Ayuntamiento de Caudete (Albacete)\" \/>\n<meta name=\"robots\" content=\"index, follow, max-snippet:-1, max-image-preview:large, max-video-preview:-1\" \/>\n<link rel=\"canonical\" href=\"https:\/\/www.caudete.org\/ayuntamiento\/del-15-al-17-de-diciembre-vuelve-el-mercadillo-navideno\/\" \/>\n<meta property=\"og:locale\" content=\"es_ES\" \/>\n<meta property=\"og:type\" content=\"article\" \/>\n<meta property=\"og:title\" content=\"Del 15 al 17 de Diciembre vuelve el MERCADILLO NAVIDE\u00d1O - MI Ayuntamiento de Caudete\" \/>\n<meta property=\"og:description\" content=\"P\u00e1gina Oficial del Ayuntamiento de Caudete (Albacete)\" \/>\n<meta property=\"og:url\" content=\"https:\/\/www.caudete.org\/ayuntamiento\/del-15-al-17-de-diciembre-vuelve-el-mercadillo-navideno\/\" \/>\n<meta property=\"og:site_name\" content=\"MI Ayuntamiento de Caudete\" \/>\n<meta property=\"article:publisher\" content=\"https:\/\/www.facebook.com\/ayuntamientocaudete\/\" \/>\n<meta property=\"article:published_time\" content=\"2023-12-07T10:52:36+00:00\" \/>\n<meta property=\"og:image\" content=\"https:\/\/www.caudete.org\/ayuntamiento\/wp-content\/uploads\/2023\/12\/mercadillo-navideno.jpg.png\" \/>\n\t<meta property=\"og:image:width\" content=\"827\" \/>\n\t<meta property=\"og:image:height\" content=\"603\" \/>\n\t<meta property=\"og:image:type\" content=\"image\/png\" \/>\n<meta name=\"author\" content=\"alcalde\" \/>\n<meta name=\"twitter:card\" content=\"summary_large_image\" \/>\n<meta name=\"twitter:label1\" content=\"Escrito por\" \/>\n\t<meta name=\"twitter:data1\" content=\"alcalde\" \/>\n\t<meta name=\"twitter:label2\" content=\"Tiempo de lectura\" \/>\n\t<meta name=\"twitter:data2\" content=\"2 minutos\" \/>\n<script type=\"application\/ld+json\" class=\"yoast-schema-graph\">{\"@context\":\"https:\\\/\\\/schema.org\",\"@graph\":[{\"@type\":\"Article\",\"@id\":\"https:\\\/\\\/www.caudete.org\\\/ayuntamiento\\\/del-15-al-17-de-diciembre-vuelve-el-mercadillo-navideno\\\/#article\",\"isPartOf\":{\"@id\":\"https:\\\/\\\/www.caudete.org\\\/ayuntamiento\\\/del-15-al-17-de-diciembre-vuelve-el-mercadillo-navideno\\\/\"},\"author\":{\"name\":\"alcalde\",\"@id\":\"https:\\\/\\\/www.caudete.org\\\/ayuntamiento\\\/#\\\/schema\\\/person\\\/cc646da9133078ee4d8dd47457947253\"},\"headline\":\"Del 15 al 17 de Diciembre vuelve el MERCADILLO NAVIDE\u00d1O\",\"datePublished\":\"2023-12-07T10:52:36+00:00\",\"mainEntityOfPage\":{\"@id\":\"https:\\\/\\\/www.caudete.org\\\/ayuntamiento\\\/del-15-al-17-de-diciembre-vuelve-el-mercadillo-navideno\\\/\"},\"wordCount\":401,\"image\":{\"@id\":\"https:\\\/\\\/www.caudete.org\\\/ayuntamiento\\\/del-15-al-17-de-diciembre-vuelve-el-mercadillo-navideno\\\/#primaryimage\"},\"thumbnailUrl\":\"https:\\\/\\\/www.caudete.org\\\/ayuntamiento\\\/wp-content\\\/uploads\\\/2023\\\/12\\\/mercadillo-navideno.jpg.png\",\"articleSection\":[\"Comercio\"],\"inLanguage\":\"es\"},{\"@type\":\"WebPage\",\"@id\":\"https:\\\/\\\/www.caudete.org\\\/ayuntamiento\\\/del-15-al-17-de-diciembre-vuelve-el-mercadillo-navideno\\\/\",\"url\":\"https:\\\/\\\/www.caudete.org\\\/ayuntamiento\\\/del-15-al-17-de-diciembre-vuelve-el-mercadillo-navideno\\\/\",\"name\":\"Del 15 al 17 de Diciembre vuelve el MERCADILLO NAVIDE\u00d1O - MI Ayuntamiento de Caudete\",\"isPartOf\":{\"@id\":\"https:\\\/\\\/www.caudete.org\\\/ayuntamiento\\\/#website\"},\"primaryImageOfPage\":{\"@id\":\"https:\\\/\\\/www.caudete.org\\\/ayuntamiento\\\/del-15-al-17-de-diciembre-vuelve-el-mercadillo-navideno\\\/#primaryimage\"},\"image\":{\"@id\":\"https:\\\/\\\/www.caudete.org\\\/ayuntamiento\\\/del-15-al-17-de-diciembre-vuelve-el-mercadillo-navideno\\\/#primaryimage\"},\"thumbnailUrl\":\"https:\\\/\\\/www.caudete.org\\\/ayuntamiento\\\/wp-content\\\/uploads\\\/2023\\\/12\\\/mercadillo-navideno.jpg.png\",\"datePublished\":\"2023-12-07T10:52:36+00:00\",\"author\":{\"@id\":\"https:\\\/\\\/www.caudete.org\\\/ayuntamiento\\\/#\\\/schema\\\/person\\\/cc646da9133078ee4d8dd47457947253\"},\"description\":\"P\u00e1gina Oficial del Ayuntamiento de Caudete (Albacete)\",\"breadcrumb\":{\"@id\":\"https:\\\/\\\/www.caudete.org\\\/ayuntamiento\\\/del-15-al-17-de-diciembre-vuelve-el-mercadillo-navideno\\\/#breadcrumb\"},\"inLanguage\":\"es\",\"potentialAction\":[{\"@type\":\"ReadAction\",\"target\":[\"https:\\\/\\\/www.caudete.org\\\/ayuntamiento\\\/del-15-al-17-de-diciembre-vuelve-el-mercadillo-navideno\\\/\"]}]},{\"@type\":\"ImageObject\",\"inLanguage\":\"es\",\"@id\":\"https:\\\/\\\/www.caudete.org\\\/ayuntamiento\\\/del-15-al-17-de-diciembre-vuelve-el-mercadillo-navideno\\\/#primaryimage\",\"url\":\"https:\\\/\\\/www.caudete.org\\\/ayuntamiento\\\/wp-content\\\/uploads\\\/2023\\\/12\\\/mercadillo-navideno.jpg.png\",\"contentUrl\":\"https:\\\/\\\/www.caudete.org\\\/ayuntamiento\\\/wp-content\\\/uploads\\\/2023\\\/12\\\/mercadillo-navideno.jpg.png\",\"width\":827,\"height\":603},{\"@type\":\"BreadcrumbList\",\"@id\":\"https:\\\/\\\/www.caudete.org\\\/ayuntamiento\\\/del-15-al-17-de-diciembre-vuelve-el-mercadillo-navideno\\\/#breadcrumb\",\"itemListElement\":[{\"@type\":\"ListItem\",\"position\":1,\"name\":\"Inicio\",\"item\":\"https:\\\/\\\/www.caudete.org\\\/ayuntamiento\\\/\"},{\"@type\":\"ListItem\",\"position\":2,\"name\":\"Del 15 al 17 de Diciembre vuelve el MERCADILLO NAVIDE\u00d1O\"}]},{\"@type\":\"WebSite\",\"@id\":\"https:\\\/\\\/www.caudete.org\\\/ayuntamiento\\\/#website\",\"url\":\"https:\\\/\\\/www.caudete.org\\\/ayuntamiento\\\/\",\"name\":\"MI Ayuntamiento de Caudete\",\"description\":\"P\u00e1gina Oficial del MI Ayuntamiento de Caudete\",\"potentialAction\":[{\"@type\":\"SearchAction\",\"target\":{\"@type\":\"EntryPoint\",\"urlTemplate\":\"https:\\\/\\\/www.caudete.org\\\/ayuntamiento\\\/?s={search_term_string}\"},\"query-input\":{\"@type\":\"PropertyValueSpecification\",\"valueRequired\":true,\"valueName\":\"search_term_string\"}}],\"inLanguage\":\"es\"},{\"@type\":\"Person\",\"@id\":\"https:\\\/\\\/www.caudete.org\\\/ayuntamiento\\\/#\\\/schema\\\/person\\\/cc646da9133078ee4d8dd47457947253\",\"name\":\"alcalde\",\"image\":{\"@type\":\"ImageObject\",\"inLanguage\":\"es\",\"@id\":\"https:\\\/\\\/secure.gravatar.com\\\/avatar\\\/84a817ba065b29ff08d666b215a215f5c79186a645ccb25b14a663d48a130f77?s=96&d=mm&r=g\",\"url\":\"https:\\\/\\\/secure.gravatar.com\\\/avatar\\\/84a817ba065b29ff08d666b215a215f5c79186a645ccb25b14a663d48a130f77?s=96&d=mm&r=g\",\"contentUrl\":\"https:\\\/\\\/secure.gravatar.com\\\/avatar\\\/84a817ba065b29ff08d666b215a215f5c79186a645ccb25b14a663d48a130f77?s=96&d=mm&r=g\",\"caption\":\"alcalde\"},\"url\":\"https:\\\/\\\/www.caudete.org\\\/ayuntamiento\\\/author\\\/alcalde\\\/\"}]}<\/script>\n<!-- \/ Yoast SEO plugin. -->","yoast_head_json":{"title":"Del 15 al 17 de Diciembre vuelve el MERCADILLO NAVIDE\u00d1O - MI Ayuntamiento de Caudete","description":"P\u00e1gina Oficial del Ayuntamiento de Caudete (Albacete)","robots":{"index":"index","follow":"follow","max-snippet":"max-snippet:-1","max-image-preview":"max-image-preview:large","max-video-preview":"max-video-preview:-1"},"canonical":"https:\/\/www.caudete.org\/ayuntamiento\/del-15-al-17-de-diciembre-vuelve-el-mercadillo-navideno\/","og_locale":"es_ES","og_type":"article","og_title":"Del 15 al 17 de Diciembre vuelve el MERCADILLO NAVIDE\u00d1O - MI Ayuntamiento de Caudete","og_description":"P\u00e1gina Oficial del Ayuntamiento de Caudete (Albacete)","og_url":"https:\/\/www.caudete.org\/ayuntamiento\/del-15-al-17-de-diciembre-vuelve-el-mercadillo-navideno\/","og_site_name":"MI Ayuntamiento de Caudete","article_publisher":"https:\/\/www.facebook.com\/ayuntamientocaudete\/","article_published_time":"2023-12-07T10:52:36+00:00","og_image":[{"width":827,"height":603,"url":"https:\/\/www.caudete.org\/ayuntamiento\/wp-content\/uploads\/2023\/12\/mercadillo-navideno.jpg.png","type":"image\/png"}],"author":"alcalde","twitter_card":"summary_large_image","twitter_misc":{"Escrito por":"alcalde","Tiempo de lectura":"2 minutos"},"schema":{"@context":"https:\/\/schema.org","@graph":[{"@type":"Article","@id":"https:\/\/www.caudete.org\/ayuntamiento\/del-15-al-17-de-diciembre-vuelve-el-mercadillo-navideno\/#article","isPartOf":{"@id":"https:\/\/www.caudete.org\/ayuntamiento\/del-15-al-17-de-diciembre-vuelve-el-mercadillo-navideno\/"},"author":{"name":"alcalde","@id":"https:\/\/www.caudete.org\/ayuntamiento\/#\/schema\/person\/cc646da9133078ee4d8dd47457947253"},"headline":"Del 15 al 17 de Diciembre vuelve el MERCADILLO NAVIDE\u00d1O","datePublished":"2023-12-07T10:52:36+00:00","mainEntityOfPage":{"@id":"https:\/\/www.caudete.org\/ayuntamiento\/del-15-al-17-de-diciembre-vuelve-el-mercadillo-navideno\/"},"wordCount":401,"image":{"@id":"https:\/\/www.caudete.org\/ayuntamiento\/del-15-al-17-de-diciembre-vuelve-el-mercadillo-navideno\/#primaryimage"},"thumbnailUrl":"https:\/\/www.caudete.org\/ayuntamiento\/wp-content\/uploads\/2023\/12\/mercadillo-navideno.jpg.png","articleSection":["Comercio"],"inLanguage":"es"},{"@type":"WebPage","@id":"https:\/\/www.caudete.org\/ayuntamiento\/del-15-al-17-de-diciembre-vuelve-el-mercadillo-navideno\/","url":"https:\/\/www.caudete.org\/ayuntamiento\/del-15-al-17-de-diciembre-vuelve-el-mercadillo-navideno\/","name":"Del 15 al 17 de Diciembre vuelve el MERCADILLO NAVIDE\u00d1O - MI Ayuntamiento de Caudete","isPartOf":{"@id":"https:\/\/www.caudete.org\/ayuntamiento\/#website"},"primaryImageOfPage":{"@id":"https:\/\/www.caudete.org\/ayuntamiento\/del-15-al-17-de-diciembre-vuelve-el-mercadillo-navideno\/#primaryimage"},"image":{"@id":"https:\/\/www.caudete.org\/ayuntamiento\/del-15-al-17-de-diciembre-vuelve-el-mercadillo-navideno\/#primaryimage"},"thumbnailUrl":"https:\/\/www.caudete.org\/ayuntamiento\/wp-content\/uploads\/2023\/12\/mercadillo-navideno.jpg.png","datePublished":"2023-12-07T10:52:36+00:00","author":{"@id":"https:\/\/www.caudete.org\/ayuntamiento\/#\/schema\/person\/cc646da9133078ee4d8dd47457947253"},"description":"P\u00e1gina Oficial del Ayuntamiento de Caudete (Albacete)","breadcrumb":{"@id":"https:\/\/www.caudete.org\/ayuntamiento\/del-15-al-17-de-diciembre-vuelve-el-mercadillo-navideno\/#breadcrumb"},"inLanguage":"es","potentialAction":[{"@type":"ReadAction","target":["https:\/\/www.caudete.org\/ayuntamiento\/del-15-al-17-de-diciembre-vuelve-el-mercadillo-navideno\/"]}]},{"@type":"ImageObject","inLanguage":"es","@id":"https:\/\/www.caudete.org\/ayuntamiento\/del-15-al-17-de-diciembre-vuelve-el-mercadillo-navideno\/#primaryimage","url":"https:\/\/www.caudete.org\/ayuntamiento\/wp-content\/uploads\/2023\/12\/mercadillo-navideno.jpg.png","contentUrl":"https:\/\/www.caudete.org\/ayuntamiento\/wp-content\/uploads\/2023\/12\/mercadillo-navideno.jpg.png","width":827,"height":603},{"@type":"BreadcrumbList","@id":"https:\/\/www.caudete.org\/ayuntamiento\/del-15-al-17-de-diciembre-vuelve-el-mercadillo-navideno\/#breadcrumb","itemListElement":[{"@type":"ListItem","position":1,"name":"Inicio","item":"https:\/\/www.caudete.org\/ayuntamiento\/"},{"@type":"ListItem","position":2,"name":"Del 15 al 17 de Diciembre vuelve el MERCADILLO NAVIDE\u00d1O"}]},{"@type":"WebSite","@id":"https:\/\/www.caudete.org\/ayuntamiento\/#website","url":"https:\/\/www.caudete.org\/ayuntamiento\/","name":"MI Ayuntamiento de Caudete","description":"P\u00e1gina Oficial del MI Ayuntamiento de Caudete","potentialAction":[{"@type":"SearchAction","target":{"@type":"EntryPoint","urlTemplate":"https:\/\/www.caudete.org\/ayuntamiento\/?s={search_term_string}"},"query-input":{"@type":"PropertyValueSpecification","valueRequired":true,"valueName":"search_term_string"}}],"inLanguage":"es"},{"@type":"Person","@id":"https:\/\/www.caudete.org\/ayuntamiento\/#\/schema\/person\/cc646da9133078ee4d8dd47457947253","name":"alcalde","image":{"@type":"ImageObject","inLanguage":"es","@id":"https:\/\/secure.gravatar.com\/avatar\/84a817ba065b29ff08d666b215a215f5c79186a645ccb25b14a663d48a130f77?s=96&d=mm&r=g","url":"https:\/\/secure.gravatar.com\/avatar\/84a817ba065b29ff08d666b215a215f5c79186a645ccb25b14a663d48a130f77?s=96&d=mm&r=g","contentUrl":"https:\/\/secure.gravatar.com\/avatar\/84a817ba065b29ff08d666b215a215f5c79186a645ccb25b14a663d48a130f77?s=96&d=mm&r=g","caption":"alcalde"},"url":"https:\/\/www.caudete.org\/ayuntamiento\/author\/alcalde\/"}]}},"_links":{"self":[{"href":"https:\/\/www.caudete.org\/ayuntamiento\/wp-json\/wp\/v2\/posts\/23919","targetHints":{"allow":["GET"]}}],"collection":[{"href":"https:\/\/www.caudete.org\/ayuntamiento\/wp-json\/wp\/v2\/posts"}],"about":[{"href":"https:\/\/www.caudete.org\/ayuntamiento\/wp-json\/wp\/v2\/types\/post"}],"author":[{"embeddable":true,"href":"https:\/\/www.caudete.org\/ayuntamiento\/wp-json\/wp\/v2\/users\/3"}],"replies":[{"embeddable":true,"href":"https:\/\/www.caudete.org\/ayuntamiento\/wp-json\/wp\/v2\/comments?post=23919"}],"version-history":[{"count":1,"href":"https:\/\/www.caudete.org\/ayuntamiento\/wp-json\/wp\/v2\/posts\/23919\/revisions"}],"predecessor-version":[{"id":23922,"href":"https:\/\/www.caudete.org\/ayuntamiento\/wp-json\/wp\/v2\/posts\/23919\/revisions\/23922"}],"wp:featuredmedia":[{"embeddable":true,"href":"https:\/\/www.caudete.org\/ayuntamiento\/wp-json\/wp\/v2\/media\/23921"}],"wp:attachment":[{"href":"https:\/\/www.caudete.org\/ayuntamiento\/wp-json\/wp\/v2\/media?parent=23919"}],"wp:term":[{"taxonomy":"category","embeddable":true,"href":"https:\/\/www.caudete.org\/ayuntamiento\/wp-json\/wp\/v2\/categories?post=23919"},{"taxonomy":"post_tag","embeddable":true,"href":"https:\/\/www.caudete.org\/ayuntamiento\/wp-json\/wp\/v2\/tags?post=23919"}],"curies":[{"name":"wp","href":"https:\/\/api.w.org\/{rel}","templated":true}]}}