{"id":23960,"date":"2023-12-14T14:42:21","date_gmt":"2023-12-14T13:42:21","guid":{"rendered":"https:\/\/www.caudete.org\/ayuntamiento\/?p=23960"},"modified":"2023-12-14T14:42:39","modified_gmt":"2023-12-14T13:42:39","slug":"reparada-la-bomba-del-pozo-sta-ana-ii-por-averia","status":"publish","type":"post","link":"https:\/\/www.caudete.org\/ayuntamiento\/reparada-la-bomba-del-pozo-sta-ana-ii-por-averia\/","title":{"rendered":"Reparada la bomba del pozo Sta. Ana II por aver\u00eda"},"content":{"rendered":"<p style=\"text-align: center;\">Comunicado de Jos\u00e9 Miguel Moll\u00e1 Nieto,<br \/>\n<strong>concejal del Ciclo Integral del Agua<\/strong><\/p>\n<p>Hace dos semanas se procedi\u00f3 a volver a introducir de nuevo la bomba en el pozo del sondeo denominado santa Ana II. Esto fue as\u00ed como consecuencia de una aver\u00eda de dicha bomba.<\/p>\n<p>Fue necesario extraer la bomba para llevarla a reparar. Los trabajos de extracci\u00f3n, reparaci\u00f3n y vuelta a introducir en el pozo tras casi tres semanas de proceso, se realizaron por la empresa sondeos Mart\u00ednez<br \/>\nEl importe de toda la operaci\u00f3n ha sido de 5.941\u20ac<\/p>\n<p>Afortunadamente esta reparaci\u00f3n no ha afectado al normal suministro de agua potable a nuestra localidad, dado que en las fechas que ha estado inactivo este sondeo por la aver\u00eda, el consumo de agua se reduce de forma muy importante.<\/p>\n<p>Como siempre digo, para mejorar el servicio del agua necesitamos vuestra colaboraci\u00f3n, que cuando surja un problema, de cualquier \u00edndole, os pong\u00e1is en contacto con nosotros llamando al siguiente tel\u00e9fono: <strong>96 582 58 69<\/strong> y con la mayor brevedad posible se os atender\u00e1.<\/p>\n<p style=\"text-align: center;\">\u00a1\u00a1 En la concejal\u00eda del Ciclo Integral del Agua nos esforzamos en dar un buen servicio y gestionar bien tu diner o!!<\/p>\n<p>&nbsp;<\/p>\n<p>&nbsp;<\/p>\n","protected":false},"excerpt":{"rendered":"<p>Comunicado de Jos\u00e9 Miguel Moll\u00e1 Nieto, concejal del Ciclo Integral del Agua Hace dos semanas se procedi\u00f3 a volver a introducir de nuevo la bomba en el pozo del sondeo denominado santa Ana II. Esto fue as\u00ed como consecuencia de una aver\u00eda de dicha bomba. Fue necesario extraer la bomba para llevarla a reparar. Los &hellip;<\/p>\n","protected":false},"author":5,"featured_media":16445,"comment_status":"closed","ping_status":"open","sticky":false,"template":"","format":"standard","meta":{"ngg_post_thumbnail":0,"footnotes":""},"categories":[49],"tags":[],"class_list":["post-23960","post","type-post","status-publish","format-standard","has-post-thumbnail","hentry","category-ciclo-integral-del-agua"],"yoast_head":"<!-- This site is optimized with the Yoast SEO plugin v27.5 - https:\/\/yoast.com\/product\/yoast-seo-wordpress\/ -->\n<title>Reparada la bomba del pozo Sta. Ana II por aver\u00eda - MI Ayuntamiento de Caudete<\/title>\n<meta name=\"description\" content=\"P\u00e1gina Oficial del Ayuntamiento de Caudete (Albacete)\" \/>\n<meta name=\"robots\" content=\"index, follow, max-snippet:-1, max-image-preview:large, max-video-preview:-1\" \/>\n<link rel=\"canonical\" href=\"https:\/\/www.caudete.org\/ayuntamiento\/reparada-la-bomba-del-pozo-sta-ana-ii-por-averia\/\" \/>\n<meta property=\"og:locale\" content=\"es_ES\" \/>\n<meta property=\"og:type\" content=\"article\" \/>\n<meta property=\"og:title\" content=\"Reparada la bomba del pozo Sta. Ana II por aver\u00eda - MI Ayuntamiento de Caudete\" \/>\n<meta property=\"og:description\" content=\"P\u00e1gina Oficial del Ayuntamiento de Caudete (Albacete)\" \/>\n<meta property=\"og:url\" content=\"https:\/\/www.caudete.org\/ayuntamiento\/reparada-la-bomba-del-pozo-sta-ana-ii-por-averia\/\" \/>\n<meta property=\"og:site_name\" content=\"MI Ayuntamiento de Caudete\" \/>\n<meta property=\"article:publisher\" content=\"https:\/\/www.facebook.com\/ayuntamientocaudete\/\" \/>\n<meta property=\"article:published_time\" content=\"2023-12-14T13:42:21+00:00\" \/>\n<meta property=\"article:modified_time\" content=\"2023-12-14T13:42:39+00:00\" \/>\n<meta property=\"og:image\" content=\"https:\/\/www.caudete.org\/ayuntamiento\/wp-content\/uploads\/2021\/10\/main_galeria08.jpg\" \/>\n\t<meta property=\"og:image:width\" content=\"529\" \/>\n\t<meta property=\"og:image:height\" content=\"397\" \/>\n\t<meta property=\"og:image:type\" content=\"image\/jpeg\" \/>\n<meta name=\"author\" content=\"Dpto Informatica MI Ayuntamiento de Caudete\" \/>\n<meta name=\"twitter:card\" content=\"summary_large_image\" \/>\n<meta name=\"twitter:label1\" content=\"Escrito por\" \/>\n\t<meta name=\"twitter:data1\" content=\"Dpto Informatica MI Ayuntamiento de Caudete\" \/>\n\t<meta name=\"twitter:label2\" content=\"Tiempo de lectura\" \/>\n\t<meta name=\"twitter:data2\" content=\"2 minutos\" \/>\n<script type=\"application\/ld+json\" class=\"yoast-schema-graph\">{\"@context\":\"https:\\\/\\\/schema.org\",\"@graph\":[{\"@type\":\"Article\",\"@id\":\"https:\\\/\\\/www.caudete.org\\\/ayuntamiento\\\/reparada-la-bomba-del-pozo-sta-ana-ii-por-averia\\\/#article\",\"isPartOf\":{\"@id\":\"https:\\\/\\\/www.caudete.org\\\/ayuntamiento\\\/reparada-la-bomba-del-pozo-sta-ana-ii-por-averia\\\/\"},\"author\":{\"name\":\"Dpto Informatica MI Ayuntamiento de Caudete\",\"@id\":\"https:\\\/\\\/www.caudete.org\\\/ayuntamiento\\\/#\\\/schema\\\/person\\\/4b9eab41761957db9b1bf9c418d1ef46\"},\"headline\":\"Reparada la bomba del pozo Sta. Ana II por aver\u00eda\",\"datePublished\":\"2023-12-14T13:42:21+00:00\",\"dateModified\":\"2023-12-14T13:42:39+00:00\",\"mainEntityOfPage\":{\"@id\":\"https:\\\/\\\/www.caudete.org\\\/ayuntamiento\\\/reparada-la-bomba-del-pozo-sta-ana-ii-por-averia\\\/\"},\"wordCount\":211,\"image\":{\"@id\":\"https:\\\/\\\/www.caudete.org\\\/ayuntamiento\\\/reparada-la-bomba-del-pozo-sta-ana-ii-por-averia\\\/#primaryimage\"},\"thumbnailUrl\":\"https:\\\/\\\/www.caudete.org\\\/ayuntamiento\\\/wp-content\\\/uploads\\\/2021\\\/10\\\/main_galeria08.jpg\",\"articleSection\":[\"Ciclo Integral del Agua\"],\"inLanguage\":\"es\"},{\"@type\":\"WebPage\",\"@id\":\"https:\\\/\\\/www.caudete.org\\\/ayuntamiento\\\/reparada-la-bomba-del-pozo-sta-ana-ii-por-averia\\\/\",\"url\":\"https:\\\/\\\/www.caudete.org\\\/ayuntamiento\\\/reparada-la-bomba-del-pozo-sta-ana-ii-por-averia\\\/\",\"name\":\"Reparada la bomba del pozo Sta. Ana II por aver\u00eda - MI Ayuntamiento de Caudete\",\"isPartOf\":{\"@id\":\"https:\\\/\\\/www.caudete.org\\\/ayuntamiento\\\/#website\"},\"primaryImageOfPage\":{\"@id\":\"https:\\\/\\\/www.caudete.org\\\/ayuntamiento\\\/reparada-la-bomba-del-pozo-sta-ana-ii-por-averia\\\/#primaryimage\"},\"image\":{\"@id\":\"https:\\\/\\\/www.caudete.org\\\/ayuntamiento\\\/reparada-la-bomba-del-pozo-sta-ana-ii-por-averia\\\/#primaryimage\"},\"thumbnailUrl\":\"https:\\\/\\\/www.caudete.org\\\/ayuntamiento\\\/wp-content\\\/uploads\\\/2021\\\/10\\\/main_galeria08.jpg\",\"datePublished\":\"2023-12-14T13:42:21+00:00\",\"dateModified\":\"2023-12-14T13:42:39+00:00\",\"author\":{\"@id\":\"https:\\\/\\\/www.caudete.org\\\/ayuntamiento\\\/#\\\/schema\\\/person\\\/4b9eab41761957db9b1bf9c418d1ef46\"},\"description\":\"P\u00e1gina Oficial del Ayuntamiento de Caudete (Albacete)\",\"breadcrumb\":{\"@id\":\"https:\\\/\\\/www.caudete.org\\\/ayuntamiento\\\/reparada-la-bomba-del-pozo-sta-ana-ii-por-averia\\\/#breadcrumb\"},\"inLanguage\":\"es\",\"potentialAction\":[{\"@type\":\"ReadAction\",\"target\":[\"https:\\\/\\\/www.caudete.org\\\/ayuntamiento\\\/reparada-la-bomba-del-pozo-sta-ana-ii-por-averia\\\/\"]}]},{\"@type\":\"ImageObject\",\"inLanguage\":\"es\",\"@id\":\"https:\\\/\\\/www.caudete.org\\\/ayuntamiento\\\/reparada-la-bomba-del-pozo-sta-ana-ii-por-averia\\\/#primaryimage\",\"url\":\"https:\\\/\\\/www.caudete.org\\\/ayuntamiento\\\/wp-content\\\/uploads\\\/2021\\\/10\\\/main_galeria08.jpg\",\"contentUrl\":\"https:\\\/\\\/www.caudete.org\\\/ayuntamiento\\\/wp-content\\\/uploads\\\/2021\\\/10\\\/main_galeria08.jpg\",\"width\":529,\"height\":397},{\"@type\":\"BreadcrumbList\",\"@id\":\"https:\\\/\\\/www.caudete.org\\\/ayuntamiento\\\/reparada-la-bomba-del-pozo-sta-ana-ii-por-averia\\\/#breadcrumb\",\"itemListElement\":[{\"@type\":\"ListItem\",\"position\":1,\"name\":\"Inicio\",\"item\":\"https:\\\/\\\/www.caudete.org\\\/ayuntamiento\\\/\"},{\"@type\":\"ListItem\",\"position\":2,\"name\":\"Reparada la bomba del pozo Sta. Ana II por aver\u00eda\"}]},{\"@type\":\"WebSite\",\"@id\":\"https:\\\/\\\/www.caudete.org\\\/ayuntamiento\\\/#website\",\"url\":\"https:\\\/\\\/www.caudete.org\\\/ayuntamiento\\\/\",\"name\":\"MI Ayuntamiento de Caudete\",\"description\":\"P\u00e1gina Oficial del MI Ayuntamiento de Caudete\",\"potentialAction\":[{\"@type\":\"SearchAction\",\"target\":{\"@type\":\"EntryPoint\",\"urlTemplate\":\"https:\\\/\\\/www.caudete.org\\\/ayuntamiento\\\/?s={search_term_string}\"},\"query-input\":{\"@type\":\"PropertyValueSpecification\",\"valueRequired\":true,\"valueName\":\"search_term_string\"}}],\"inLanguage\":\"es\"},{\"@type\":\"Person\",\"@id\":\"https:\\\/\\\/www.caudete.org\\\/ayuntamiento\\\/#\\\/schema\\\/person\\\/4b9eab41761957db9b1bf9c418d1ef46\",\"name\":\"Dpto Informatica MI Ayuntamiento de Caudete\",\"image\":{\"@type\":\"ImageObject\",\"inLanguage\":\"es\",\"@id\":\"https:\\\/\\\/secure.gravatar.com\\\/avatar\\\/ac0321ee4a0a83e82a253e7b2d348ef539e2c8fe16d06b600bde04de1b364fa7?s=96&d=mm&r=g\",\"url\":\"https:\\\/\\\/secure.gravatar.com\\\/avatar\\\/ac0321ee4a0a83e82a253e7b2d348ef539e2c8fe16d06b600bde04de1b364fa7?s=96&d=mm&r=g\",\"contentUrl\":\"https:\\\/\\\/secure.gravatar.com\\\/avatar\\\/ac0321ee4a0a83e82a253e7b2d348ef539e2c8fe16d06b600bde04de1b364fa7?s=96&d=mm&r=g\",\"caption\":\"Dpto Informatica MI Ayuntamiento de Caudete\"},\"url\":\"https:\\\/\\\/www.caudete.org\\\/ayuntamiento\\\/author\\\/informatica\\\/\"}]}<\/script>\n<!-- \/ Yoast SEO plugin. -->","yoast_head_json":{"title":"Reparada la bomba del pozo Sta. Ana II por aver\u00eda - MI Ayuntamiento de Caudete","description":"P\u00e1gina Oficial del Ayuntamiento de Caudete (Albacete)","robots":{"index":"index","follow":"follow","max-snippet":"max-snippet:-1","max-image-preview":"max-image-preview:large","max-video-preview":"max-video-preview:-1"},"canonical":"https:\/\/www.caudete.org\/ayuntamiento\/reparada-la-bomba-del-pozo-sta-ana-ii-por-averia\/","og_locale":"es_ES","og_type":"article","og_title":"Reparada la bomba del pozo Sta. Ana II por aver\u00eda - MI Ayuntamiento de Caudete","og_description":"P\u00e1gina Oficial del Ayuntamiento de Caudete (Albacete)","og_url":"https:\/\/www.caudete.org\/ayuntamiento\/reparada-la-bomba-del-pozo-sta-ana-ii-por-averia\/","og_site_name":"MI Ayuntamiento de Caudete","article_publisher":"https:\/\/www.facebook.com\/ayuntamientocaudete\/","article_published_time":"2023-12-14T13:42:21+00:00","article_modified_time":"2023-12-14T13:42:39+00:00","og_image":[{"width":529,"height":397,"url":"https:\/\/www.caudete.org\/ayuntamiento\/wp-content\/uploads\/2021\/10\/main_galeria08.jpg","type":"image\/jpeg"}],"author":"Dpto Informatica MI Ayuntamiento de Caudete","twitter_card":"summary_large_image","twitter_misc":{"Escrito por":"Dpto Informatica MI Ayuntamiento de Caudete","Tiempo de lectura":"2 minutos"},"schema":{"@context":"https:\/\/schema.org","@graph":[{"@type":"Article","@id":"https:\/\/www.caudete.org\/ayuntamiento\/reparada-la-bomba-del-pozo-sta-ana-ii-por-averia\/#article","isPartOf":{"@id":"https:\/\/www.caudete.org\/ayuntamiento\/reparada-la-bomba-del-pozo-sta-ana-ii-por-averia\/"},"author":{"name":"Dpto Informatica MI Ayuntamiento de Caudete","@id":"https:\/\/www.caudete.org\/ayuntamiento\/#\/schema\/person\/4b9eab41761957db9b1bf9c418d1ef46"},"headline":"Reparada la bomba del pozo Sta. Ana II por aver\u00eda","datePublished":"2023-12-14T13:42:21+00:00","dateModified":"2023-12-14T13:42:39+00:00","mainEntityOfPage":{"@id":"https:\/\/www.caudete.org\/ayuntamiento\/reparada-la-bomba-del-pozo-sta-ana-ii-por-averia\/"},"wordCount":211,"image":{"@id":"https:\/\/www.caudete.org\/ayuntamiento\/reparada-la-bomba-del-pozo-sta-ana-ii-por-averia\/#primaryimage"},"thumbnailUrl":"https:\/\/www.caudete.org\/ayuntamiento\/wp-content\/uploads\/2021\/10\/main_galeria08.jpg","articleSection":["Ciclo Integral del Agua"],"inLanguage":"es"},{"@type":"WebPage","@id":"https:\/\/www.caudete.org\/ayuntamiento\/reparada-la-bomba-del-pozo-sta-ana-ii-por-averia\/","url":"https:\/\/www.caudete.org\/ayuntamiento\/reparada-la-bomba-del-pozo-sta-ana-ii-por-averia\/","name":"Reparada la bomba del pozo Sta. Ana II por aver\u00eda - MI Ayuntamiento de Caudete","isPartOf":{"@id":"https:\/\/www.caudete.org\/ayuntamiento\/#website"},"primaryImageOfPage":{"@id":"https:\/\/www.caudete.org\/ayuntamiento\/reparada-la-bomba-del-pozo-sta-ana-ii-por-averia\/#primaryimage"},"image":{"@id":"https:\/\/www.caudete.org\/ayuntamiento\/reparada-la-bomba-del-pozo-sta-ana-ii-por-averia\/#primaryimage"},"thumbnailUrl":"https:\/\/www.caudete.org\/ayuntamiento\/wp-content\/uploads\/2021\/10\/main_galeria08.jpg","datePublished":"2023-12-14T13:42:21+00:00","dateModified":"2023-12-14T13:42:39+00:00","author":{"@id":"https:\/\/www.caudete.org\/ayuntamiento\/#\/schema\/person\/4b9eab41761957db9b1bf9c418d1ef46"},"description":"P\u00e1gina Oficial del Ayuntamiento de Caudete (Albacete)","breadcrumb":{"@id":"https:\/\/www.caudete.org\/ayuntamiento\/reparada-la-bomba-del-pozo-sta-ana-ii-por-averia\/#breadcrumb"},"inLanguage":"es","potentialAction":[{"@type":"ReadAction","target":["https:\/\/www.caudete.org\/ayuntamiento\/reparada-la-bomba-del-pozo-sta-ana-ii-por-averia\/"]}]},{"@type":"ImageObject","inLanguage":"es","@id":"https:\/\/www.caudete.org\/ayuntamiento\/reparada-la-bomba-del-pozo-sta-ana-ii-por-averia\/#primaryimage","url":"https:\/\/www.caudete.org\/ayuntamiento\/wp-content\/uploads\/2021\/10\/main_galeria08.jpg","contentUrl":"https:\/\/www.caudete.org\/ayuntamiento\/wp-content\/uploads\/2021\/10\/main_galeria08.jpg","width":529,"height":397},{"@type":"BreadcrumbList","@id":"https:\/\/www.caudete.org\/ayuntamiento\/reparada-la-bomba-del-pozo-sta-ana-ii-por-averia\/#breadcrumb","itemListElement":[{"@type":"ListItem","position":1,"name":"Inicio","item":"https:\/\/www.caudete.org\/ayuntamiento\/"},{"@type":"ListItem","position":2,"name":"Reparada la bomba del pozo Sta. Ana II por aver\u00eda"}]},{"@type":"WebSite","@id":"https:\/\/www.caudete.org\/ayuntamiento\/#website","url":"https:\/\/www.caudete.org\/ayuntamiento\/","name":"MI Ayuntamiento de Caudete","description":"P\u00e1gina Oficial del MI Ayuntamiento de Caudete","potentialAction":[{"@type":"SearchAction","target":{"@type":"EntryPoint","urlTemplate":"https:\/\/www.caudete.org\/ayuntamiento\/?s={search_term_string}"},"query-input":{"@type":"PropertyValueSpecification","valueRequired":true,"valueName":"search_term_string"}}],"inLanguage":"es"},{"@type":"Person","@id":"https:\/\/www.caudete.org\/ayuntamiento\/#\/schema\/person\/4b9eab41761957db9b1bf9c418d1ef46","name":"Dpto Informatica MI Ayuntamiento de Caudete","image":{"@type":"ImageObject","inLanguage":"es","@id":"https:\/\/secure.gravatar.com\/avatar\/ac0321ee4a0a83e82a253e7b2d348ef539e2c8fe16d06b600bde04de1b364fa7?s=96&d=mm&r=g","url":"https:\/\/secure.gravatar.com\/avatar\/ac0321ee4a0a83e82a253e7b2d348ef539e2c8fe16d06b600bde04de1b364fa7?s=96&d=mm&r=g","contentUrl":"https:\/\/secure.gravatar.com\/avatar\/ac0321ee4a0a83e82a253e7b2d348ef539e2c8fe16d06b600bde04de1b364fa7?s=96&d=mm&r=g","caption":"Dpto Informatica MI Ayuntamiento de Caudete"},"url":"https:\/\/www.caudete.org\/ayuntamiento\/author\/informatica\/"}]}},"_links":{"self":[{"href":"https:\/\/www.caudete.org\/ayuntamiento\/wp-json\/wp\/v2\/posts\/23960","targetHints":{"allow":["GET"]}}],"collection":[{"href":"https:\/\/www.caudete.org\/ayuntamiento\/wp-json\/wp\/v2\/posts"}],"about":[{"href":"https:\/\/www.caudete.org\/ayuntamiento\/wp-json\/wp\/v2\/types\/post"}],"author":[{"embeddable":true,"href":"https:\/\/www.caudete.org\/ayuntamiento\/wp-json\/wp\/v2\/users\/5"}],"replies":[{"embeddable":true,"href":"https:\/\/www.caudete.org\/ayuntamiento\/wp-json\/wp\/v2\/comments?post=23960"}],"version-history":[{"count":2,"href":"https:\/\/www.caudete.org\/ayuntamiento\/wp-json\/wp\/v2\/posts\/23960\/revisions"}],"predecessor-version":[{"id":23962,"href":"https:\/\/www.caudete.org\/ayuntamiento\/wp-json\/wp\/v2\/posts\/23960\/revisions\/23962"}],"wp:featuredmedia":[{"embeddable":true,"href":"https:\/\/www.caudete.org\/ayuntamiento\/wp-json\/wp\/v2\/media\/16445"}],"wp:attachment":[{"href":"https:\/\/www.caudete.org\/ayuntamiento\/wp-json\/wp\/v2\/media?parent=23960"}],"wp:term":[{"taxonomy":"category","embeddable":true,"href":"https:\/\/www.caudete.org\/ayuntamiento\/wp-json\/wp\/v2\/categories?post=23960"},{"taxonomy":"post_tag","embeddable":true,"href":"https:\/\/www.caudete.org\/ayuntamiento\/wp-json\/wp\/v2\/tags?post=23960"}],"curies":[{"name":"wp","href":"https:\/\/api.w.org\/{rel}","templated":true}]}}