{"id":23978,"date":"2023-12-15T09:33:54","date_gmt":"2023-12-15T08:33:54","guid":{"rendered":"https:\/\/www.caudete.org\/ayuntamiento\/?p=23978"},"modified":"2023-12-15T09:33:54","modified_gmt":"2023-12-15T08:33:54","slug":"presentada-la-encuesta-sobre-movilidad-para-mejorar-el-estacionamiento-en-el-casco-urbano","status":"publish","type":"post","link":"https:\/\/www.caudete.org\/ayuntamiento\/presentada-la-encuesta-sobre-movilidad-para-mejorar-el-estacionamiento-en-el-casco-urbano\/","title":{"rendered":"Presentada la encuesta sobre MOVILIDAD para mejorar el estacionamiento en el casco urbano"},"content":{"rendered":"<p style=\"text-align: justify;\">El Alcalde Mois\u00e9s L\u00f3pez, quien se encarga de la gesti\u00f3n de Movilidad Urbana, Obras y Urbanismo, junto al Concejal de Participaci\u00f3n Ciudadana, Diego Cuenca, han presentado esta ma\u00f1ana en Sala de Prensa una nueva encuesta dirigida a la ciudadan\u00eda con el fin de poder mejorar la gesti\u00f3n municipal en una cuesti\u00f3n como es la Movilidad Urbana.<\/p>\n<p style=\"text-align: justify;\">La publicada hoy es la primera de una serie de encuestas que se ir\u00e1n publicando dentro de la materia de movilidad, y que en esta ocasi\u00f3n se centra en el apartado del estacionamiento, en t\u00e9rminos generales, tras detectarse situaciones mejorables\u00a0 que con la participaci\u00f3n ciudadana y el an\u00e1lisis t\u00e9cnico pueden alcanzarse para el beneficio de caudetanos y visitantes, redundando en el bienestar y la seguridad ciudadana.<\/p>\n<p style=\"text-align: justify;\">Un total de 13 preguntas componen el formulario, en el que solo se puede participar una \u00fanica vez, y en el que es necesario contestar a todas las cuestiones planteadas. Las 3 primeras, permiten segmentar los participantes por edad, sexo y zona de residencia para una mejor lectura y comprensi\u00f3n de la informaci\u00f3n y formulaci\u00f3n de alternativas o propuestas.<\/p>\n<p style=\"text-align: justify;\">El problema del estacionamiento, detectado en zonas concretas del municipio es una de las cuestiones planteadas, la identificaci\u00f3n de estos puntos, la posibilidad de introducir el vado horario en la reglamentaci\u00f3n municipal o plantear el estudio de zona ORA. Igualmente, pregunta a los caudetanos acerca de la existencia adecuada o no de estacionamiento de movilidad reducida, y de carga\/descarga de mercanc\u00edas, y la idoneidad de implantar estacionamiento con servicio de carga para veh\u00edculos el\u00e9ctricos. Por \u00faltimo, pretende tambi\u00e9n recabar la informaci\u00f3n acerca de la utilidad de alternancia semestral de estacionamiento en determinadas v\u00edas, o de aquellas zonas donde las plazas habilitadas suponen una merma para la seguridad del conductor o del peat\u00f3n por la dificultad de visi\u00f3n o estrechamiento de paso. Una \u00faltima pregunta, pretende analizar si la responsabilidad del conductor respecto al cumplimiento normativo sobre estacionamiento de veh\u00edculos en la v\u00eda p\u00fablica ha mejorado en los \u00faltimos tiempos o no.<\/p>\n<p style=\"text-align: justify;\">El formulario estar\u00e1 disponible desde este momento y hasta el pr\u00f3ximo domingo 24 de Diciembre a las 23.59h. La informaci\u00f3n ser\u00e1 p\u00fablica tras darse cuenta a la Comisi\u00f3n Informativa propia, y con ello se proceder\u00e1 a acometer las medidas que tras su estudio supongan la mejora del estacionamiento en el casco urbano.<\/p>\n<p>&nbsp;<\/p>\n<p style=\"text-align: center;\"><strong><a href=\"https:\/\/forms.gle\/gJUpJx1A41nfi9f69\" target=\"_blank\" rel=\"nofollow\">ACCESO A LA ENCUESTA &#8211; Movilidad Urbana &#8211; 1. Estacionamiento<\/a><\/strong><\/p>\n","protected":false},"excerpt":{"rendered":"<p>El Alcalde Mois\u00e9s L\u00f3pez, quien se encarga de la gesti\u00f3n de Movilidad Urbana, Obras y Urbanismo, junto al Concejal de Participaci\u00f3n Ciudadana, Diego Cuenca, han presentado esta ma\u00f1ana en Sala de Prensa una nueva encuesta dirigida a la ciudadan\u00eda con el fin de poder mejorar la gesti\u00f3n municipal en una cuesti\u00f3n como es la Movilidad &hellip;<\/p>\n","protected":false},"author":3,"featured_media":23979,"comment_status":"closed","ping_status":"open","sticky":false,"template":"","format":"standard","meta":{"ngg_post_thumbnail":0,"footnotes":""},"categories":[46],"tags":[],"class_list":["post-23978","post","type-post","status-publish","format-standard","has-post-thumbnail","hentry","category-movilidad-urbana"],"yoast_head":"<!-- This site is optimized with the Yoast SEO plugin v27.5 - https:\/\/yoast.com\/product\/yoast-seo-wordpress\/ -->\n<title>Presentada la encuesta sobre MOVILIDAD para mejorar el estacionamiento en el casco urbano - MI Ayuntamiento de Caudete<\/title>\n<meta name=\"description\" content=\"P\u00e1gina Oficial del Ayuntamiento de Caudete (Albacete)\" \/>\n<meta name=\"robots\" content=\"index, follow, max-snippet:-1, max-image-preview:large, max-video-preview:-1\" \/>\n<link rel=\"canonical\" href=\"https:\/\/www.caudete.org\/ayuntamiento\/presentada-la-encuesta-sobre-movilidad-para-mejorar-el-estacionamiento-en-el-casco-urbano\/\" \/>\n<meta property=\"og:locale\" content=\"es_ES\" \/>\n<meta property=\"og:type\" content=\"article\" \/>\n<meta property=\"og:title\" content=\"Presentada la encuesta sobre MOVILIDAD para mejorar el estacionamiento en el casco urbano - MI Ayuntamiento de Caudete\" \/>\n<meta property=\"og:description\" content=\"P\u00e1gina Oficial del Ayuntamiento de Caudete (Albacete)\" \/>\n<meta property=\"og:url\" content=\"https:\/\/www.caudete.org\/ayuntamiento\/presentada-la-encuesta-sobre-movilidad-para-mejorar-el-estacionamiento-en-el-casco-urbano\/\" \/>\n<meta property=\"og:site_name\" content=\"MI Ayuntamiento de Caudete\" \/>\n<meta property=\"article:publisher\" content=\"https:\/\/www.facebook.com\/ayuntamientocaudete\/\" \/>\n<meta property=\"article:published_time\" content=\"2023-12-15T08:33:54+00:00\" \/>\n<meta property=\"og:image\" content=\"https:\/\/www.caudete.org\/ayuntamiento\/wp-content\/uploads\/2023\/12\/ENCUESTA-MOVILIDAD-ESTACIONAMIENTO.jpg\" \/>\n\t<meta property=\"og:image:width\" content=\"957\" \/>\n\t<meta property=\"og:image:height\" content=\"721\" \/>\n\t<meta property=\"og:image:type\" content=\"image\/jpeg\" \/>\n<meta name=\"author\" content=\"alcalde\" \/>\n<meta name=\"twitter:card\" content=\"summary_large_image\" \/>\n<meta name=\"twitter:label1\" content=\"Escrito por\" \/>\n\t<meta name=\"twitter:data1\" content=\"alcalde\" \/>\n\t<meta name=\"twitter:label2\" content=\"Tiempo de lectura\" \/>\n\t<meta name=\"twitter:data2\" content=\"2 minutos\" \/>\n<script type=\"application\/ld+json\" class=\"yoast-schema-graph\">{\"@context\":\"https:\\\/\\\/schema.org\",\"@graph\":[{\"@type\":\"Article\",\"@id\":\"https:\\\/\\\/www.caudete.org\\\/ayuntamiento\\\/presentada-la-encuesta-sobre-movilidad-para-mejorar-el-estacionamiento-en-el-casco-urbano\\\/#article\",\"isPartOf\":{\"@id\":\"https:\\\/\\\/www.caudete.org\\\/ayuntamiento\\\/presentada-la-encuesta-sobre-movilidad-para-mejorar-el-estacionamiento-en-el-casco-urbano\\\/\"},\"author\":{\"name\":\"alcalde\",\"@id\":\"https:\\\/\\\/www.caudete.org\\\/ayuntamiento\\\/#\\\/schema\\\/person\\\/cc646da9133078ee4d8dd47457947253\"},\"headline\":\"Presentada la encuesta sobre MOVILIDAD para mejorar el estacionamiento en el casco urbano\",\"datePublished\":\"2023-12-15T08:33:54+00:00\",\"mainEntityOfPage\":{\"@id\":\"https:\\\/\\\/www.caudete.org\\\/ayuntamiento\\\/presentada-la-encuesta-sobre-movilidad-para-mejorar-el-estacionamiento-en-el-casco-urbano\\\/\"},\"wordCount\":439,\"image\":{\"@id\":\"https:\\\/\\\/www.caudete.org\\\/ayuntamiento\\\/presentada-la-encuesta-sobre-movilidad-para-mejorar-el-estacionamiento-en-el-casco-urbano\\\/#primaryimage\"},\"thumbnailUrl\":\"https:\\\/\\\/www.caudete.org\\\/ayuntamiento\\\/wp-content\\\/uploads\\\/2023\\\/12\\\/ENCUESTA-MOVILIDAD-ESTACIONAMIENTO.jpg\",\"articleSection\":[\"Movilidad Urbana\"],\"inLanguage\":\"es\"},{\"@type\":\"WebPage\",\"@id\":\"https:\\\/\\\/www.caudete.org\\\/ayuntamiento\\\/presentada-la-encuesta-sobre-movilidad-para-mejorar-el-estacionamiento-en-el-casco-urbano\\\/\",\"url\":\"https:\\\/\\\/www.caudete.org\\\/ayuntamiento\\\/presentada-la-encuesta-sobre-movilidad-para-mejorar-el-estacionamiento-en-el-casco-urbano\\\/\",\"name\":\"Presentada la encuesta sobre MOVILIDAD para mejorar el estacionamiento en el casco urbano - MI Ayuntamiento de Caudete\",\"isPartOf\":{\"@id\":\"https:\\\/\\\/www.caudete.org\\\/ayuntamiento\\\/#website\"},\"primaryImageOfPage\":{\"@id\":\"https:\\\/\\\/www.caudete.org\\\/ayuntamiento\\\/presentada-la-encuesta-sobre-movilidad-para-mejorar-el-estacionamiento-en-el-casco-urbano\\\/#primaryimage\"},\"image\":{\"@id\":\"https:\\\/\\\/www.caudete.org\\\/ayuntamiento\\\/presentada-la-encuesta-sobre-movilidad-para-mejorar-el-estacionamiento-en-el-casco-urbano\\\/#primaryimage\"},\"thumbnailUrl\":\"https:\\\/\\\/www.caudete.org\\\/ayuntamiento\\\/wp-content\\\/uploads\\\/2023\\\/12\\\/ENCUESTA-MOVILIDAD-ESTACIONAMIENTO.jpg\",\"datePublished\":\"2023-12-15T08:33:54+00:00\",\"author\":{\"@id\":\"https:\\\/\\\/www.caudete.org\\\/ayuntamiento\\\/#\\\/schema\\\/person\\\/cc646da9133078ee4d8dd47457947253\"},\"description\":\"P\u00e1gina Oficial del Ayuntamiento de Caudete (Albacete)\",\"breadcrumb\":{\"@id\":\"https:\\\/\\\/www.caudete.org\\\/ayuntamiento\\\/presentada-la-encuesta-sobre-movilidad-para-mejorar-el-estacionamiento-en-el-casco-urbano\\\/#breadcrumb\"},\"inLanguage\":\"es\",\"potentialAction\":[{\"@type\":\"ReadAction\",\"target\":[\"https:\\\/\\\/www.caudete.org\\\/ayuntamiento\\\/presentada-la-encuesta-sobre-movilidad-para-mejorar-el-estacionamiento-en-el-casco-urbano\\\/\"]}]},{\"@type\":\"ImageObject\",\"inLanguage\":\"es\",\"@id\":\"https:\\\/\\\/www.caudete.org\\\/ayuntamiento\\\/presentada-la-encuesta-sobre-movilidad-para-mejorar-el-estacionamiento-en-el-casco-urbano\\\/#primaryimage\",\"url\":\"https:\\\/\\\/www.caudete.org\\\/ayuntamiento\\\/wp-content\\\/uploads\\\/2023\\\/12\\\/ENCUESTA-MOVILIDAD-ESTACIONAMIENTO.jpg\",\"contentUrl\":\"https:\\\/\\\/www.caudete.org\\\/ayuntamiento\\\/wp-content\\\/uploads\\\/2023\\\/12\\\/ENCUESTA-MOVILIDAD-ESTACIONAMIENTO.jpg\",\"width\":957,\"height\":721},{\"@type\":\"BreadcrumbList\",\"@id\":\"https:\\\/\\\/www.caudete.org\\\/ayuntamiento\\\/presentada-la-encuesta-sobre-movilidad-para-mejorar-el-estacionamiento-en-el-casco-urbano\\\/#breadcrumb\",\"itemListElement\":[{\"@type\":\"ListItem\",\"position\":1,\"name\":\"Inicio\",\"item\":\"https:\\\/\\\/www.caudete.org\\\/ayuntamiento\\\/\"},{\"@type\":\"ListItem\",\"position\":2,\"name\":\"Presentada la encuesta sobre MOVILIDAD para mejorar el estacionamiento en el casco urbano\"}]},{\"@type\":\"WebSite\",\"@id\":\"https:\\\/\\\/www.caudete.org\\\/ayuntamiento\\\/#website\",\"url\":\"https:\\\/\\\/www.caudete.org\\\/ayuntamiento\\\/\",\"name\":\"MI Ayuntamiento de Caudete\",\"description\":\"P\u00e1gina Oficial del MI Ayuntamiento de Caudete\",\"potentialAction\":[{\"@type\":\"SearchAction\",\"target\":{\"@type\":\"EntryPoint\",\"urlTemplate\":\"https:\\\/\\\/www.caudete.org\\\/ayuntamiento\\\/?s={search_term_string}\"},\"query-input\":{\"@type\":\"PropertyValueSpecification\",\"valueRequired\":true,\"valueName\":\"search_term_string\"}}],\"inLanguage\":\"es\"},{\"@type\":\"Person\",\"@id\":\"https:\\\/\\\/www.caudete.org\\\/ayuntamiento\\\/#\\\/schema\\\/person\\\/cc646da9133078ee4d8dd47457947253\",\"name\":\"alcalde\",\"image\":{\"@type\":\"ImageObject\",\"inLanguage\":\"es\",\"@id\":\"https:\\\/\\\/secure.gravatar.com\\\/avatar\\\/84a817ba065b29ff08d666b215a215f5c79186a645ccb25b14a663d48a130f77?s=96&d=mm&r=g\",\"url\":\"https:\\\/\\\/secure.gravatar.com\\\/avatar\\\/84a817ba065b29ff08d666b215a215f5c79186a645ccb25b14a663d48a130f77?s=96&d=mm&r=g\",\"contentUrl\":\"https:\\\/\\\/secure.gravatar.com\\\/avatar\\\/84a817ba065b29ff08d666b215a215f5c79186a645ccb25b14a663d48a130f77?s=96&d=mm&r=g\",\"caption\":\"alcalde\"},\"url\":\"https:\\\/\\\/www.caudete.org\\\/ayuntamiento\\\/author\\\/alcalde\\\/\"}]}<\/script>\n<!-- \/ Yoast SEO plugin. -->","yoast_head_json":{"title":"Presentada la encuesta sobre MOVILIDAD para mejorar el estacionamiento en el casco urbano - MI Ayuntamiento de Caudete","description":"P\u00e1gina Oficial del Ayuntamiento de Caudete (Albacete)","robots":{"index":"index","follow":"follow","max-snippet":"max-snippet:-1","max-image-preview":"max-image-preview:large","max-video-preview":"max-video-preview:-1"},"canonical":"https:\/\/www.caudete.org\/ayuntamiento\/presentada-la-encuesta-sobre-movilidad-para-mejorar-el-estacionamiento-en-el-casco-urbano\/","og_locale":"es_ES","og_type":"article","og_title":"Presentada la encuesta sobre MOVILIDAD para mejorar el estacionamiento en el casco urbano - MI Ayuntamiento de Caudete","og_description":"P\u00e1gina Oficial del Ayuntamiento de Caudete (Albacete)","og_url":"https:\/\/www.caudete.org\/ayuntamiento\/presentada-la-encuesta-sobre-movilidad-para-mejorar-el-estacionamiento-en-el-casco-urbano\/","og_site_name":"MI Ayuntamiento de Caudete","article_publisher":"https:\/\/www.facebook.com\/ayuntamientocaudete\/","article_published_time":"2023-12-15T08:33:54+00:00","og_image":[{"width":957,"height":721,"url":"https:\/\/www.caudete.org\/ayuntamiento\/wp-content\/uploads\/2023\/12\/ENCUESTA-MOVILIDAD-ESTACIONAMIENTO.jpg","type":"image\/jpeg"}],"author":"alcalde","twitter_card":"summary_large_image","twitter_misc":{"Escrito por":"alcalde","Tiempo de lectura":"2 minutos"},"schema":{"@context":"https:\/\/schema.org","@graph":[{"@type":"Article","@id":"https:\/\/www.caudete.org\/ayuntamiento\/presentada-la-encuesta-sobre-movilidad-para-mejorar-el-estacionamiento-en-el-casco-urbano\/#article","isPartOf":{"@id":"https:\/\/www.caudete.org\/ayuntamiento\/presentada-la-encuesta-sobre-movilidad-para-mejorar-el-estacionamiento-en-el-casco-urbano\/"},"author":{"name":"alcalde","@id":"https:\/\/www.caudete.org\/ayuntamiento\/#\/schema\/person\/cc646da9133078ee4d8dd47457947253"},"headline":"Presentada la encuesta sobre MOVILIDAD para mejorar el estacionamiento en el casco urbano","datePublished":"2023-12-15T08:33:54+00:00","mainEntityOfPage":{"@id":"https:\/\/www.caudete.org\/ayuntamiento\/presentada-la-encuesta-sobre-movilidad-para-mejorar-el-estacionamiento-en-el-casco-urbano\/"},"wordCount":439,"image":{"@id":"https:\/\/www.caudete.org\/ayuntamiento\/presentada-la-encuesta-sobre-movilidad-para-mejorar-el-estacionamiento-en-el-casco-urbano\/#primaryimage"},"thumbnailUrl":"https:\/\/www.caudete.org\/ayuntamiento\/wp-content\/uploads\/2023\/12\/ENCUESTA-MOVILIDAD-ESTACIONAMIENTO.jpg","articleSection":["Movilidad Urbana"],"inLanguage":"es"},{"@type":"WebPage","@id":"https:\/\/www.caudete.org\/ayuntamiento\/presentada-la-encuesta-sobre-movilidad-para-mejorar-el-estacionamiento-en-el-casco-urbano\/","url":"https:\/\/www.caudete.org\/ayuntamiento\/presentada-la-encuesta-sobre-movilidad-para-mejorar-el-estacionamiento-en-el-casco-urbano\/","name":"Presentada la encuesta sobre MOVILIDAD para mejorar el estacionamiento en el casco urbano - MI Ayuntamiento de Caudete","isPartOf":{"@id":"https:\/\/www.caudete.org\/ayuntamiento\/#website"},"primaryImageOfPage":{"@id":"https:\/\/www.caudete.org\/ayuntamiento\/presentada-la-encuesta-sobre-movilidad-para-mejorar-el-estacionamiento-en-el-casco-urbano\/#primaryimage"},"image":{"@id":"https:\/\/www.caudete.org\/ayuntamiento\/presentada-la-encuesta-sobre-movilidad-para-mejorar-el-estacionamiento-en-el-casco-urbano\/#primaryimage"},"thumbnailUrl":"https:\/\/www.caudete.org\/ayuntamiento\/wp-content\/uploads\/2023\/12\/ENCUESTA-MOVILIDAD-ESTACIONAMIENTO.jpg","datePublished":"2023-12-15T08:33:54+00:00","author":{"@id":"https:\/\/www.caudete.org\/ayuntamiento\/#\/schema\/person\/cc646da9133078ee4d8dd47457947253"},"description":"P\u00e1gina Oficial del Ayuntamiento de Caudete (Albacete)","breadcrumb":{"@id":"https:\/\/www.caudete.org\/ayuntamiento\/presentada-la-encuesta-sobre-movilidad-para-mejorar-el-estacionamiento-en-el-casco-urbano\/#breadcrumb"},"inLanguage":"es","potentialAction":[{"@type":"ReadAction","target":["https:\/\/www.caudete.org\/ayuntamiento\/presentada-la-encuesta-sobre-movilidad-para-mejorar-el-estacionamiento-en-el-casco-urbano\/"]}]},{"@type":"ImageObject","inLanguage":"es","@id":"https:\/\/www.caudete.org\/ayuntamiento\/presentada-la-encuesta-sobre-movilidad-para-mejorar-el-estacionamiento-en-el-casco-urbano\/#primaryimage","url":"https:\/\/www.caudete.org\/ayuntamiento\/wp-content\/uploads\/2023\/12\/ENCUESTA-MOVILIDAD-ESTACIONAMIENTO.jpg","contentUrl":"https:\/\/www.caudete.org\/ayuntamiento\/wp-content\/uploads\/2023\/12\/ENCUESTA-MOVILIDAD-ESTACIONAMIENTO.jpg","width":957,"height":721},{"@type":"BreadcrumbList","@id":"https:\/\/www.caudete.org\/ayuntamiento\/presentada-la-encuesta-sobre-movilidad-para-mejorar-el-estacionamiento-en-el-casco-urbano\/#breadcrumb","itemListElement":[{"@type":"ListItem","position":1,"name":"Inicio","item":"https:\/\/www.caudete.org\/ayuntamiento\/"},{"@type":"ListItem","position":2,"name":"Presentada la encuesta sobre MOVILIDAD para mejorar el estacionamiento en el casco urbano"}]},{"@type":"WebSite","@id":"https:\/\/www.caudete.org\/ayuntamiento\/#website","url":"https:\/\/www.caudete.org\/ayuntamiento\/","name":"MI Ayuntamiento de Caudete","description":"P\u00e1gina Oficial del MI Ayuntamiento de Caudete","potentialAction":[{"@type":"SearchAction","target":{"@type":"EntryPoint","urlTemplate":"https:\/\/www.caudete.org\/ayuntamiento\/?s={search_term_string}"},"query-input":{"@type":"PropertyValueSpecification","valueRequired":true,"valueName":"search_term_string"}}],"inLanguage":"es"},{"@type":"Person","@id":"https:\/\/www.caudete.org\/ayuntamiento\/#\/schema\/person\/cc646da9133078ee4d8dd47457947253","name":"alcalde","image":{"@type":"ImageObject","inLanguage":"es","@id":"https:\/\/secure.gravatar.com\/avatar\/84a817ba065b29ff08d666b215a215f5c79186a645ccb25b14a663d48a130f77?s=96&d=mm&r=g","url":"https:\/\/secure.gravatar.com\/avatar\/84a817ba065b29ff08d666b215a215f5c79186a645ccb25b14a663d48a130f77?s=96&d=mm&r=g","contentUrl":"https:\/\/secure.gravatar.com\/avatar\/84a817ba065b29ff08d666b215a215f5c79186a645ccb25b14a663d48a130f77?s=96&d=mm&r=g","caption":"alcalde"},"url":"https:\/\/www.caudete.org\/ayuntamiento\/author\/alcalde\/"}]}},"_links":{"self":[{"href":"https:\/\/www.caudete.org\/ayuntamiento\/wp-json\/wp\/v2\/posts\/23978","targetHints":{"allow":["GET"]}}],"collection":[{"href":"https:\/\/www.caudete.org\/ayuntamiento\/wp-json\/wp\/v2\/posts"}],"about":[{"href":"https:\/\/www.caudete.org\/ayuntamiento\/wp-json\/wp\/v2\/types\/post"}],"author":[{"embeddable":true,"href":"https:\/\/www.caudete.org\/ayuntamiento\/wp-json\/wp\/v2\/users\/3"}],"replies":[{"embeddable":true,"href":"https:\/\/www.caudete.org\/ayuntamiento\/wp-json\/wp\/v2\/comments?post=23978"}],"version-history":[{"count":1,"href":"https:\/\/www.caudete.org\/ayuntamiento\/wp-json\/wp\/v2\/posts\/23978\/revisions"}],"predecessor-version":[{"id":23980,"href":"https:\/\/www.caudete.org\/ayuntamiento\/wp-json\/wp\/v2\/posts\/23978\/revisions\/23980"}],"wp:featuredmedia":[{"embeddable":true,"href":"https:\/\/www.caudete.org\/ayuntamiento\/wp-json\/wp\/v2\/media\/23979"}],"wp:attachment":[{"href":"https:\/\/www.caudete.org\/ayuntamiento\/wp-json\/wp\/v2\/media?parent=23978"}],"wp:term":[{"taxonomy":"category","embeddable":true,"href":"https:\/\/www.caudete.org\/ayuntamiento\/wp-json\/wp\/v2\/categories?post=23978"},{"taxonomy":"post_tag","embeddable":true,"href":"https:\/\/www.caudete.org\/ayuntamiento\/wp-json\/wp\/v2\/tags?post=23978"}],"curies":[{"name":"wp","href":"https:\/\/api.w.org\/{rel}","templated":true}]}}