{"id":24002,"date":"2023-12-19T23:04:14","date_gmt":"2023-12-19T22:04:14","guid":{"rendered":"https:\/\/www.caudete.org\/ayuntamiento\/?p=24002"},"modified":"2023-12-19T23:04:14","modified_gmt":"2023-12-19T22:04:14","slug":"hiperber-abrira-sus-puertas-en-marzo-y-creara-entre-18-20-empleos","status":"publish","type":"post","link":"https:\/\/www.caudete.org\/ayuntamiento\/hiperber-abrira-sus-puertas-en-marzo-y-creara-entre-18-20-empleos\/","title":{"rendered":"HIPERBER abrira sus puertas en Marzo y crear\u00e1 entre 18-20 empleos"},"content":{"rendered":"<p><a href=\"https:\/\/www.caudete.org\/ayuntamiento\/wp-content\/uploads\/2023\/12\/hiperber-caudete-digital.jpg\" rel='prettyPhoto'><img fetchpriority=\"high\" decoding=\"async\" class=\"alignnone wp-image-24003 size-full\" src=\"https:\/\/www.caudete.org\/ayuntamiento\/wp-content\/uploads\/2023\/12\/hiperber-caudete-digital.jpg\" alt=\"\" width=\"1024\" height=\"599\" srcset=\"https:\/\/www.caudete.org\/ayuntamiento\/wp-content\/uploads\/2023\/12\/hiperber-caudete-digital.jpg 1024w, https:\/\/www.caudete.org\/ayuntamiento\/wp-content\/uploads\/2023\/12\/hiperber-caudete-digital-300x175.jpg 300w, https:\/\/www.caudete.org\/ayuntamiento\/wp-content\/uploads\/2023\/12\/hiperber-caudete-digital-768x449.jpg 768w\" sizes=\"(max-width: 1024px) 100vw, 1024px\" \/><\/a><\/p>\n<p style=\"text-align: justify;\">Hoy ha tenido lugar en las oficinas de los\u00a0<strong>Servicios T\u00e9cnicos Municipales<\/strong>\u00a0de Caudete la presentaci\u00f3n del nuevo supermercado que se va a instalar en los pr\u00f3ximos meses en nuestro municipio:\u00a0<strong>Hiperber<\/strong>.<\/p>\n<p style=\"text-align: justify;\">El alcalde,\u00a0<strong>Mois\u00e9s L\u00f3pez<\/strong>, y la concejal de Promoci\u00f3n y Desarrollo Econ\u00f3mico,\u00a0<strong>Mar\u00eda Dolores Requena<\/strong>, han estado junto a\u00a0<strong>Jos\u00e9 Bernabeu Santonja<\/strong>, CEO de\u00a0<strong>Hiperber<\/strong>, quien ha ofrecido los datos m\u00e1s relevantes de la nueva superficie comercial que se va a implantar en Caudete.<\/p>\n<p style=\"text-align: justify;\">Jos\u00e9 Bernabeu ha explicado que el supermercado se va a ubicar en el edificio que ocup\u00f3 hasta hace unos meses\u00a0<em>Mercadona<\/em>, ya que cuenta con todas las estructuras necesarias para ello, como un amplio aparcamiento.<\/p>\n<p style=\"text-align: justify;\">\u00abLlevamos varios meses con el tema de las licencias y otras cuestiones relacionadas, en las que el Ayuntamiento nos est\u00e1 facilitando mucho las gestiones. Tambi\u00e9n estamos tramitando la luz, con Iberdrola, el tema m\u00e1s complejo\u00bb., explica el CEO de\u00a0<a href=\"https:\/\/caudetedigital.com\/hiperber-otra-cadena-de-supermercados-que-se-va-a-instalar-proximamente-en-caudete\/\" target=\"_blank\" rel=\"nofollow\">Hiperber<\/a>. \u00abEn cualquier caso, pensamos que en el mes de marzo, apurando mucho, podr\u00edamos tener abierta la tienda\u00bb.<\/p>\n<p style=\"text-align: justify;\">La inversi\u00f3n en el local va a estar en torno a los\u00a0<strong>800.000 euros<\/strong>, y van a utilizar el CO<sup>2<\/sup>\u00a0en sus murales de fr\u00edo, por ejemplo, ya que es la tecnolog\u00eda m\u00e1s eficiente y menos contaminante.<\/p>\n<p style=\"text-align: justify;\">Seg\u00fan el responsable de la empresa, esperan generar entre\u00a0<strong>18 y 20 puestos de trabajo<\/strong>\u00a0en el supermercado de Caudete. Todos los puestos de trabajo ser\u00e1n del municipio, excepto los directores de tienda, que ser\u00e1n de fuera mientras no se forme alguno de aqu\u00ed lo suficiente como para desempe\u00f1ar ese cargo. Todo lo referente a la contrataci\u00f3n se har\u00e1 contando con el Ayuntamiento, para asegurarse que el personal es del municipio.<\/p>\n<div class=\"code-block code-block-15\" data-ai=\"WzE1LDAsIkJsb3F1ZSAxNSIsIiIsMl0=\">\n<p style=\"text-align: justify;\"><strong>Hiperber<\/strong>\u00a0ofrecer\u00e1 alrededor de 7.500 referencias de productos. \u00abDisponemos de un 25% de marcas propias, y el resto son marcas \u2018l\u00edderes\u2019, algunas de las cuales no se encuentran en otros operadores\u00bb, subraya Bernabeu. \u00abAdem\u00e1s, tendremos carne en bandejas, pero tambi\u00e9n en mostrador, para que los clientes puedan elegir, as\u00ed como fruter\u00eda y panader\u00eda\u00bb.<\/p>\n<p style=\"text-align: justify;\">Asegura que\u00a0<strong>los precios ser\u00e1n muy competitivos<\/strong>. \u00abTratamos de ser novedosos y ofrecer cosas distintas al consumidor. No tiene sentido venir aqu\u00ed para hacer lo mismo que hacen los dem\u00e1s\u00bb, se\u00f1ala.<\/p>\n<p style=\"text-align: justify;\">El horario de\u00a0<strong>Hiperber<\/strong>\u00a0ser\u00e1 de\u00a0<strong>9:00 a 21:45 horas, de lunes a s\u00e1bados<\/strong>.<\/p>\n<p style=\"text-align: justify;\">Para finalizar, Jos\u00e9 Bernabeu ha agradecido al alcalde la ayuda recibida desde el Ayuntamiento, y las facilidades para poder emprender este proyecto en nuestra poblaci\u00f3n.<\/p>\n<p style=\"text-align: justify;\">Tanto Mois\u00e9s L\u00f3pez como Mar\u00eda Dolores Requena le han agradecido tambi\u00e9n a Bernabeu el que esta empresa se vaya a instalar en Caudete, generando as\u00ed\u00a0<strong>riqueza y empleo<\/strong>\u00a0en nuestro municipio.<\/p>\n<\/div>\n<p><a href=\"https:\/\/www.caudete.org\/ayuntamiento\/wp-content\/uploads\/2023\/12\/descarga-7.png\" rel='prettyPhoto'><img decoding=\"async\" class=\"wp-image-24005 size-full aligncenter\" src=\"https:\/\/www.caudete.org\/ayuntamiento\/wp-content\/uploads\/2023\/12\/descarga-7.png\" alt=\"\" width=\"455\" height=\"111\" srcset=\"https:\/\/www.caudete.org\/ayuntamiento\/wp-content\/uploads\/2023\/12\/descarga-7.png 455w, https:\/\/www.caudete.org\/ayuntamiento\/wp-content\/uploads\/2023\/12\/descarga-7-300x73.png 300w\" sizes=\"(max-width: 455px) 100vw, 455px\" \/><\/a><\/p>\n<p><a href=\"https:\/\/www.caudete.org\/ayuntamiento\/wp-content\/uploads\/2023\/12\/hiperber-2023-caudete-digital.jpg\" rel='prettyPhoto'><img decoding=\"async\" class=\"alignnone wp-image-24004 size-full\" src=\"https:\/\/www.caudete.org\/ayuntamiento\/wp-content\/uploads\/2023\/12\/hiperber-2023-caudete-digital.jpg\" alt=\"\" width=\"1024\" height=\"604\" srcset=\"https:\/\/www.caudete.org\/ayuntamiento\/wp-content\/uploads\/2023\/12\/hiperber-2023-caudete-digital.jpg 1024w, https:\/\/www.caudete.org\/ayuntamiento\/wp-content\/uploads\/2023\/12\/hiperber-2023-caudete-digital-300x177.jpg 300w, https:\/\/www.caudete.org\/ayuntamiento\/wp-content\/uploads\/2023\/12\/hiperber-2023-caudete-digital-768x453.jpg 768w\" sizes=\"(max-width: 1024px) 100vw, 1024px\" \/><\/a><\/p>\n","protected":false},"excerpt":{"rendered":"<p>Hoy ha tenido lugar en las oficinas de los\u00a0Servicios T\u00e9cnicos Municipales\u00a0de Caudete la presentaci\u00f3n del nuevo supermercado que se va a instalar en los pr\u00f3ximos meses en nuestro municipio:\u00a0Hiperber. El alcalde,\u00a0Mois\u00e9s L\u00f3pez, y la concejal de Promoci\u00f3n y Desarrollo Econ\u00f3mico,\u00a0Mar\u00eda Dolores Requena, han estado junto a\u00a0Jos\u00e9 Bernabeu Santonja, CEO de\u00a0Hiperber, quien ha ofrecido los datos &hellip;<\/p>\n","protected":false},"author":3,"featured_media":24004,"comment_status":"closed","ping_status":"open","sticky":false,"template":"","format":"standard","meta":{"ngg_post_thumbnail":0,"footnotes":""},"categories":[851],"tags":[],"class_list":["post-24002","post","type-post","status-publish","format-standard","has-post-thumbnail","hentry","category-promocion-y-desarrollo-economico"],"yoast_head":"<!-- This site is optimized with the Yoast SEO plugin v27.4 - https:\/\/yoast.com\/product\/yoast-seo-wordpress\/ -->\n<title>HIPERBER abrira sus puertas en Marzo y crear\u00e1 entre 18-20 empleos - MI Ayuntamiento de Caudete<\/title>\n<meta name=\"description\" content=\"P\u00e1gina Oficial del Ayuntamiento de Caudete (Albacete)\" \/>\n<meta name=\"robots\" content=\"index, follow, max-snippet:-1, max-image-preview:large, max-video-preview:-1\" \/>\n<link rel=\"canonical\" href=\"https:\/\/www.caudete.org\/ayuntamiento\/hiperber-abrira-sus-puertas-en-marzo-y-creara-entre-18-20-empleos\/\" \/>\n<meta property=\"og:locale\" content=\"es_ES\" \/>\n<meta property=\"og:type\" content=\"article\" \/>\n<meta property=\"og:title\" content=\"HIPERBER abrira sus puertas en Marzo y crear\u00e1 entre 18-20 empleos - MI Ayuntamiento de Caudete\" \/>\n<meta property=\"og:description\" content=\"P\u00e1gina Oficial del Ayuntamiento de Caudete (Albacete)\" \/>\n<meta property=\"og:url\" content=\"https:\/\/www.caudete.org\/ayuntamiento\/hiperber-abrira-sus-puertas-en-marzo-y-creara-entre-18-20-empleos\/\" \/>\n<meta property=\"og:site_name\" content=\"MI Ayuntamiento de Caudete\" \/>\n<meta property=\"article:publisher\" content=\"https:\/\/www.facebook.com\/ayuntamientocaudete\/\" \/>\n<meta property=\"article:published_time\" content=\"2023-12-19T22:04:14+00:00\" \/>\n<meta property=\"og:image\" content=\"https:\/\/www.caudete.org\/ayuntamiento\/wp-content\/uploads\/2023\/12\/hiperber-2023-caudete-digital.jpg\" \/>\n\t<meta property=\"og:image:width\" content=\"1024\" \/>\n\t<meta property=\"og:image:height\" content=\"604\" \/>\n\t<meta property=\"og:image:type\" content=\"image\/jpeg\" \/>\n<meta name=\"author\" content=\"alcalde\" \/>\n<meta name=\"twitter:card\" content=\"summary_large_image\" \/>\n<meta name=\"twitter:label1\" content=\"Escrito por\" \/>\n\t<meta name=\"twitter:data1\" content=\"alcalde\" \/>\n\t<meta name=\"twitter:label2\" content=\"Tiempo de lectura\" \/>\n\t<meta name=\"twitter:data2\" content=\"3 minutos\" \/>\n<script type=\"application\/ld+json\" class=\"yoast-schema-graph\">{\"@context\":\"https:\\\/\\\/schema.org\",\"@graph\":[{\"@type\":\"Article\",\"@id\":\"https:\\\/\\\/www.caudete.org\\\/ayuntamiento\\\/hiperber-abrira-sus-puertas-en-marzo-y-creara-entre-18-20-empleos\\\/#article\",\"isPartOf\":{\"@id\":\"https:\\\/\\\/www.caudete.org\\\/ayuntamiento\\\/hiperber-abrira-sus-puertas-en-marzo-y-creara-entre-18-20-empleos\\\/\"},\"author\":{\"name\":\"alcalde\",\"@id\":\"https:\\\/\\\/www.caudete.org\\\/ayuntamiento\\\/#\\\/schema\\\/person\\\/cc646da9133078ee4d8dd47457947253\"},\"headline\":\"HIPERBER abrira sus puertas en Marzo y crear\u00e1 entre 18-20 empleos\",\"datePublished\":\"2023-12-19T22:04:14+00:00\",\"mainEntityOfPage\":{\"@id\":\"https:\\\/\\\/www.caudete.org\\\/ayuntamiento\\\/hiperber-abrira-sus-puertas-en-marzo-y-creara-entre-18-20-empleos\\\/\"},\"wordCount\":469,\"publisher\":{\"@id\":\"https:\\\/\\\/www.caudete.org\\\/ayuntamiento\\\/#organization\"},\"image\":{\"@id\":\"https:\\\/\\\/www.caudete.org\\\/ayuntamiento\\\/hiperber-abrira-sus-puertas-en-marzo-y-creara-entre-18-20-empleos\\\/#primaryimage\"},\"thumbnailUrl\":\"https:\\\/\\\/www.caudete.org\\\/ayuntamiento\\\/wp-content\\\/uploads\\\/2023\\\/12\\\/hiperber-2023-caudete-digital.jpg\",\"articleSection\":[\"Promoci\u00f3n y Desarrollo Econ\u00f3mico\"],\"inLanguage\":\"es\"},{\"@type\":\"WebPage\",\"@id\":\"https:\\\/\\\/www.caudete.org\\\/ayuntamiento\\\/hiperber-abrira-sus-puertas-en-marzo-y-creara-entre-18-20-empleos\\\/\",\"url\":\"https:\\\/\\\/www.caudete.org\\\/ayuntamiento\\\/hiperber-abrira-sus-puertas-en-marzo-y-creara-entre-18-20-empleos\\\/\",\"name\":\"HIPERBER abrira sus puertas en Marzo y crear\u00e1 entre 18-20 empleos - MI Ayuntamiento de Caudete\",\"isPartOf\":{\"@id\":\"https:\\\/\\\/www.caudete.org\\\/ayuntamiento\\\/#website\"},\"primaryImageOfPage\":{\"@id\":\"https:\\\/\\\/www.caudete.org\\\/ayuntamiento\\\/hiperber-abrira-sus-puertas-en-marzo-y-creara-entre-18-20-empleos\\\/#primaryimage\"},\"image\":{\"@id\":\"https:\\\/\\\/www.caudete.org\\\/ayuntamiento\\\/hiperber-abrira-sus-puertas-en-marzo-y-creara-entre-18-20-empleos\\\/#primaryimage\"},\"thumbnailUrl\":\"https:\\\/\\\/www.caudete.org\\\/ayuntamiento\\\/wp-content\\\/uploads\\\/2023\\\/12\\\/hiperber-2023-caudete-digital.jpg\",\"datePublished\":\"2023-12-19T22:04:14+00:00\",\"description\":\"P\u00e1gina Oficial del Ayuntamiento de Caudete (Albacete)\",\"breadcrumb\":{\"@id\":\"https:\\\/\\\/www.caudete.org\\\/ayuntamiento\\\/hiperber-abrira-sus-puertas-en-marzo-y-creara-entre-18-20-empleos\\\/#breadcrumb\"},\"inLanguage\":\"es\",\"potentialAction\":[{\"@type\":\"ReadAction\",\"target\":[\"https:\\\/\\\/www.caudete.org\\\/ayuntamiento\\\/hiperber-abrira-sus-puertas-en-marzo-y-creara-entre-18-20-empleos\\\/\"]}]},{\"@type\":\"ImageObject\",\"inLanguage\":\"es\",\"@id\":\"https:\\\/\\\/www.caudete.org\\\/ayuntamiento\\\/hiperber-abrira-sus-puertas-en-marzo-y-creara-entre-18-20-empleos\\\/#primaryimage\",\"url\":\"https:\\\/\\\/www.caudete.org\\\/ayuntamiento\\\/wp-content\\\/uploads\\\/2023\\\/12\\\/hiperber-2023-caudete-digital.jpg\",\"contentUrl\":\"https:\\\/\\\/www.caudete.org\\\/ayuntamiento\\\/wp-content\\\/uploads\\\/2023\\\/12\\\/hiperber-2023-caudete-digital.jpg\",\"width\":1024,\"height\":604},{\"@type\":\"BreadcrumbList\",\"@id\":\"https:\\\/\\\/www.caudete.org\\\/ayuntamiento\\\/hiperber-abrira-sus-puertas-en-marzo-y-creara-entre-18-20-empleos\\\/#breadcrumb\",\"itemListElement\":[{\"@type\":\"ListItem\",\"position\":1,\"name\":\"Inicio\",\"item\":\"https:\\\/\\\/www.caudete.org\\\/ayuntamiento\\\/\"},{\"@type\":\"ListItem\",\"position\":2,\"name\":\"HIPERBER abrira sus puertas en Marzo y crear\u00e1 entre 18-20 empleos\"}]},{\"@type\":\"WebSite\",\"@id\":\"https:\\\/\\\/www.caudete.org\\\/ayuntamiento\\\/#website\",\"url\":\"https:\\\/\\\/www.caudete.org\\\/ayuntamiento\\\/\",\"name\":\"MI Ayuntamiento de Caudete\",\"description\":\"P\u00e1gina Oficial del MI Ayuntamiento de Caudete\",\"publisher\":{\"@id\":\"https:\\\/\\\/www.caudete.org\\\/ayuntamiento\\\/#organization\"},\"potentialAction\":[{\"@type\":\"SearchAction\",\"target\":{\"@type\":\"EntryPoint\",\"urlTemplate\":\"https:\\\/\\\/www.caudete.org\\\/ayuntamiento\\\/?s={search_term_string}\"},\"query-input\":{\"@type\":\"PropertyValueSpecification\",\"valueRequired\":true,\"valueName\":\"search_term_string\"}}],\"inLanguage\":\"es\"},{\"@type\":\"Organization\",\"@id\":\"https:\\\/\\\/www.caudete.org\\\/ayuntamiento\\\/#organization\",\"name\":\"Ayuntamiento de Caudete\",\"url\":\"https:\\\/\\\/www.caudete.org\\\/ayuntamiento\\\/\",\"logo\":{\"@type\":\"ImageObject\",\"inLanguage\":\"es\",\"@id\":\"https:\\\/\\\/www.caudete.org\\\/ayuntamiento\\\/#\\\/schema\\\/logo\\\/image\\\/\",\"url\":\"https:\\\/\\\/www.caudete.org\\\/ayuntamiento\\\/wp-content\\\/uploads\\\/2020\\\/11\\\/logo_ayuntamiento_caudete.jpg\",\"contentUrl\":\"https:\\\/\\\/www.caudete.org\\\/ayuntamiento\\\/wp-content\\\/uploads\\\/2020\\\/11\\\/logo_ayuntamiento_caudete.jpg\",\"width\":600,\"height\":150,\"caption\":\"Ayuntamiento de Caudete\"},\"image\":{\"@id\":\"https:\\\/\\\/www.caudete.org\\\/ayuntamiento\\\/#\\\/schema\\\/logo\\\/image\\\/\"},\"sameAs\":[\"https:\\\/\\\/www.facebook.com\\\/ayuntamientocaudete\\\/\",\"https:\\\/\\\/www.youtube.com\\\/channel\\\/UC6VztHaooNsGpw-tNoBEFnQ\"]},{\"@type\":\"Person\",\"@id\":\"https:\\\/\\\/www.caudete.org\\\/ayuntamiento\\\/#\\\/schema\\\/person\\\/cc646da9133078ee4d8dd47457947253\",\"name\":\"alcalde\",\"image\":{\"@type\":\"ImageObject\",\"inLanguage\":\"es\",\"@id\":\"https:\\\/\\\/secure.gravatar.com\\\/avatar\\\/84a817ba065b29ff08d666b215a215f5c79186a645ccb25b14a663d48a130f77?s=96&d=mm&r=g\",\"url\":\"https:\\\/\\\/secure.gravatar.com\\\/avatar\\\/84a817ba065b29ff08d666b215a215f5c79186a645ccb25b14a663d48a130f77?s=96&d=mm&r=g\",\"contentUrl\":\"https:\\\/\\\/secure.gravatar.com\\\/avatar\\\/84a817ba065b29ff08d666b215a215f5c79186a645ccb25b14a663d48a130f77?s=96&d=mm&r=g\",\"caption\":\"alcalde\"},\"url\":\"https:\\\/\\\/www.caudete.org\\\/ayuntamiento\\\/author\\\/alcalde\\\/\"}]}<\/script>\n<!-- \/ Yoast SEO plugin. -->","yoast_head_json":{"title":"HIPERBER abrira sus puertas en Marzo y crear\u00e1 entre 18-20 empleos - MI Ayuntamiento de Caudete","description":"P\u00e1gina Oficial del Ayuntamiento de Caudete (Albacete)","robots":{"index":"index","follow":"follow","max-snippet":"max-snippet:-1","max-image-preview":"max-image-preview:large","max-video-preview":"max-video-preview:-1"},"canonical":"https:\/\/www.caudete.org\/ayuntamiento\/hiperber-abrira-sus-puertas-en-marzo-y-creara-entre-18-20-empleos\/","og_locale":"es_ES","og_type":"article","og_title":"HIPERBER abrira sus puertas en Marzo y crear\u00e1 entre 18-20 empleos - MI Ayuntamiento de Caudete","og_description":"P\u00e1gina Oficial del Ayuntamiento de Caudete (Albacete)","og_url":"https:\/\/www.caudete.org\/ayuntamiento\/hiperber-abrira-sus-puertas-en-marzo-y-creara-entre-18-20-empleos\/","og_site_name":"MI Ayuntamiento de Caudete","article_publisher":"https:\/\/www.facebook.com\/ayuntamientocaudete\/","article_published_time":"2023-12-19T22:04:14+00:00","og_image":[{"width":1024,"height":604,"url":"https:\/\/www.caudete.org\/ayuntamiento\/wp-content\/uploads\/2023\/12\/hiperber-2023-caudete-digital.jpg","type":"image\/jpeg"}],"author":"alcalde","twitter_card":"summary_large_image","twitter_misc":{"Escrito por":"alcalde","Tiempo de lectura":"3 minutos"},"schema":{"@context":"https:\/\/schema.org","@graph":[{"@type":"Article","@id":"https:\/\/www.caudete.org\/ayuntamiento\/hiperber-abrira-sus-puertas-en-marzo-y-creara-entre-18-20-empleos\/#article","isPartOf":{"@id":"https:\/\/www.caudete.org\/ayuntamiento\/hiperber-abrira-sus-puertas-en-marzo-y-creara-entre-18-20-empleos\/"},"author":{"name":"alcalde","@id":"https:\/\/www.caudete.org\/ayuntamiento\/#\/schema\/person\/cc646da9133078ee4d8dd47457947253"},"headline":"HIPERBER abrira sus puertas en Marzo y crear\u00e1 entre 18-20 empleos","datePublished":"2023-12-19T22:04:14+00:00","mainEntityOfPage":{"@id":"https:\/\/www.caudete.org\/ayuntamiento\/hiperber-abrira-sus-puertas-en-marzo-y-creara-entre-18-20-empleos\/"},"wordCount":469,"publisher":{"@id":"https:\/\/www.caudete.org\/ayuntamiento\/#organization"},"image":{"@id":"https:\/\/www.caudete.org\/ayuntamiento\/hiperber-abrira-sus-puertas-en-marzo-y-creara-entre-18-20-empleos\/#primaryimage"},"thumbnailUrl":"https:\/\/www.caudete.org\/ayuntamiento\/wp-content\/uploads\/2023\/12\/hiperber-2023-caudete-digital.jpg","articleSection":["Promoci\u00f3n y Desarrollo Econ\u00f3mico"],"inLanguage":"es"},{"@type":"WebPage","@id":"https:\/\/www.caudete.org\/ayuntamiento\/hiperber-abrira-sus-puertas-en-marzo-y-creara-entre-18-20-empleos\/","url":"https:\/\/www.caudete.org\/ayuntamiento\/hiperber-abrira-sus-puertas-en-marzo-y-creara-entre-18-20-empleos\/","name":"HIPERBER abrira sus puertas en Marzo y crear\u00e1 entre 18-20 empleos - MI Ayuntamiento de Caudete","isPartOf":{"@id":"https:\/\/www.caudete.org\/ayuntamiento\/#website"},"primaryImageOfPage":{"@id":"https:\/\/www.caudete.org\/ayuntamiento\/hiperber-abrira-sus-puertas-en-marzo-y-creara-entre-18-20-empleos\/#primaryimage"},"image":{"@id":"https:\/\/www.caudete.org\/ayuntamiento\/hiperber-abrira-sus-puertas-en-marzo-y-creara-entre-18-20-empleos\/#primaryimage"},"thumbnailUrl":"https:\/\/www.caudete.org\/ayuntamiento\/wp-content\/uploads\/2023\/12\/hiperber-2023-caudete-digital.jpg","datePublished":"2023-12-19T22:04:14+00:00","description":"P\u00e1gina Oficial del Ayuntamiento de Caudete (Albacete)","breadcrumb":{"@id":"https:\/\/www.caudete.org\/ayuntamiento\/hiperber-abrira-sus-puertas-en-marzo-y-creara-entre-18-20-empleos\/#breadcrumb"},"inLanguage":"es","potentialAction":[{"@type":"ReadAction","target":["https:\/\/www.caudete.org\/ayuntamiento\/hiperber-abrira-sus-puertas-en-marzo-y-creara-entre-18-20-empleos\/"]}]},{"@type":"ImageObject","inLanguage":"es","@id":"https:\/\/www.caudete.org\/ayuntamiento\/hiperber-abrira-sus-puertas-en-marzo-y-creara-entre-18-20-empleos\/#primaryimage","url":"https:\/\/www.caudete.org\/ayuntamiento\/wp-content\/uploads\/2023\/12\/hiperber-2023-caudete-digital.jpg","contentUrl":"https:\/\/www.caudete.org\/ayuntamiento\/wp-content\/uploads\/2023\/12\/hiperber-2023-caudete-digital.jpg","width":1024,"height":604},{"@type":"BreadcrumbList","@id":"https:\/\/www.caudete.org\/ayuntamiento\/hiperber-abrira-sus-puertas-en-marzo-y-creara-entre-18-20-empleos\/#breadcrumb","itemListElement":[{"@type":"ListItem","position":1,"name":"Inicio","item":"https:\/\/www.caudete.org\/ayuntamiento\/"},{"@type":"ListItem","position":2,"name":"HIPERBER abrira sus puertas en Marzo y crear\u00e1 entre 18-20 empleos"}]},{"@type":"WebSite","@id":"https:\/\/www.caudete.org\/ayuntamiento\/#website","url":"https:\/\/www.caudete.org\/ayuntamiento\/","name":"MI Ayuntamiento de Caudete","description":"P\u00e1gina Oficial del MI Ayuntamiento de Caudete","publisher":{"@id":"https:\/\/www.caudete.org\/ayuntamiento\/#organization"},"potentialAction":[{"@type":"SearchAction","target":{"@type":"EntryPoint","urlTemplate":"https:\/\/www.caudete.org\/ayuntamiento\/?s={search_term_string}"},"query-input":{"@type":"PropertyValueSpecification","valueRequired":true,"valueName":"search_term_string"}}],"inLanguage":"es"},{"@type":"Organization","@id":"https:\/\/www.caudete.org\/ayuntamiento\/#organization","name":"Ayuntamiento de Caudete","url":"https:\/\/www.caudete.org\/ayuntamiento\/","logo":{"@type":"ImageObject","inLanguage":"es","@id":"https:\/\/www.caudete.org\/ayuntamiento\/#\/schema\/logo\/image\/","url":"https:\/\/www.caudete.org\/ayuntamiento\/wp-content\/uploads\/2020\/11\/logo_ayuntamiento_caudete.jpg","contentUrl":"https:\/\/www.caudete.org\/ayuntamiento\/wp-content\/uploads\/2020\/11\/logo_ayuntamiento_caudete.jpg","width":600,"height":150,"caption":"Ayuntamiento de Caudete"},"image":{"@id":"https:\/\/www.caudete.org\/ayuntamiento\/#\/schema\/logo\/image\/"},"sameAs":["https:\/\/www.facebook.com\/ayuntamientocaudete\/","https:\/\/www.youtube.com\/channel\/UC6VztHaooNsGpw-tNoBEFnQ"]},{"@type":"Person","@id":"https:\/\/www.caudete.org\/ayuntamiento\/#\/schema\/person\/cc646da9133078ee4d8dd47457947253","name":"alcalde","image":{"@type":"ImageObject","inLanguage":"es","@id":"https:\/\/secure.gravatar.com\/avatar\/84a817ba065b29ff08d666b215a215f5c79186a645ccb25b14a663d48a130f77?s=96&d=mm&r=g","url":"https:\/\/secure.gravatar.com\/avatar\/84a817ba065b29ff08d666b215a215f5c79186a645ccb25b14a663d48a130f77?s=96&d=mm&r=g","contentUrl":"https:\/\/secure.gravatar.com\/avatar\/84a817ba065b29ff08d666b215a215f5c79186a645ccb25b14a663d48a130f77?s=96&d=mm&r=g","caption":"alcalde"},"url":"https:\/\/www.caudete.org\/ayuntamiento\/author\/alcalde\/"}]}},"_links":{"self":[{"href":"https:\/\/www.caudete.org\/ayuntamiento\/wp-json\/wp\/v2\/posts\/24002","targetHints":{"allow":["GET"]}}],"collection":[{"href":"https:\/\/www.caudete.org\/ayuntamiento\/wp-json\/wp\/v2\/posts"}],"about":[{"href":"https:\/\/www.caudete.org\/ayuntamiento\/wp-json\/wp\/v2\/types\/post"}],"author":[{"embeddable":true,"href":"https:\/\/www.caudete.org\/ayuntamiento\/wp-json\/wp\/v2\/users\/3"}],"replies":[{"embeddable":true,"href":"https:\/\/www.caudete.org\/ayuntamiento\/wp-json\/wp\/v2\/comments?post=24002"}],"version-history":[{"count":1,"href":"https:\/\/www.caudete.org\/ayuntamiento\/wp-json\/wp\/v2\/posts\/24002\/revisions"}],"predecessor-version":[{"id":24006,"href":"https:\/\/www.caudete.org\/ayuntamiento\/wp-json\/wp\/v2\/posts\/24002\/revisions\/24006"}],"wp:featuredmedia":[{"embeddable":true,"href":"https:\/\/www.caudete.org\/ayuntamiento\/wp-json\/wp\/v2\/media\/24004"}],"wp:attachment":[{"href":"https:\/\/www.caudete.org\/ayuntamiento\/wp-json\/wp\/v2\/media?parent=24002"}],"wp:term":[{"taxonomy":"category","embeddable":true,"href":"https:\/\/www.caudete.org\/ayuntamiento\/wp-json\/wp\/v2\/categories?post=24002"},{"taxonomy":"post_tag","embeddable":true,"href":"https:\/\/www.caudete.org\/ayuntamiento\/wp-json\/wp\/v2\/tags?post=24002"}],"curies":[{"name":"wp","href":"https:\/\/api.w.org\/{rel}","templated":true}]}}