{"id":24048,"date":"2023-12-31T19:47:44","date_gmt":"2023-12-31T18:47:44","guid":{"rendered":"https:\/\/www.caudete.org\/ayuntamiento\/?p=24048"},"modified":"2023-12-31T19:47:44","modified_gmt":"2023-12-31T18:47:44","slug":"la-ultima-jgl-del-ano-aprueba-la-oep-2023-con-5-plazas","status":"publish","type":"post","link":"https:\/\/www.caudete.org\/ayuntamiento\/la-ultima-jgl-del-ano-aprueba-la-oep-2023-con-5-plazas\/","title":{"rendered":"La \u00faltima JGL del a\u00f1o aprueba la OEP-2023 con 5 plazas"},"content":{"rendered":"<p><a href=\"https:\/\/www.caudete.org\/ayuntamiento\/wp-content\/uploads\/2023\/12\/OEP2023.jpg\" rel='prettyPhoto'><img fetchpriority=\"high\" decoding=\"async\" class=\"alignnone wp-image-24049 size-full\" src=\"https:\/\/www.caudete.org\/ayuntamiento\/wp-content\/uploads\/2023\/12\/OEP2023.jpg\" alt=\"\" width=\"972\" height=\"737\" srcset=\"https:\/\/www.caudete.org\/ayuntamiento\/wp-content\/uploads\/2023\/12\/OEP2023.jpg 972w, https:\/\/www.caudete.org\/ayuntamiento\/wp-content\/uploads\/2023\/12\/OEP2023-300x227.jpg 300w, https:\/\/www.caudete.org\/ayuntamiento\/wp-content\/uploads\/2023\/12\/OEP2023-768x582.jpg 768w\" sizes=\"(max-width: 972px) 100vw, 972px\" \/><\/a><\/p>\n<p style=\"text-align: justify;\">M\u00aa Pilar Egea, Concejal de Recursos Humanos del Ayuntamiento de Caudete, ha dado a conocer la reci\u00e9n aprobada Oferta de Empleo P\u00fablico 2023 en la \u00faltima sesi\u00f3n de Junta de Gobierno del 2023, celebrada el pasado viernes 28 de Diciembre, a falta de que sea publicada en el Bolet\u00edn Oficial de la Provincia a la vuelta de Navidad.<\/p>\n<p style=\"text-align: justify;\">Finalizado el expediente, y con todos los informes favorables, la propuesta del Equipo de Gobierno fue tratada en Mesa de Negociaci\u00f3n hace unas semanas, la cual fue aprobada por unanimidad, lo que destacaba la Edil como \u201c<em>muy positivo y que pone de manifiesto el trabajo y di\u00e1logo con un mismo objetivo<\/em>\u00a0<em>entre empleados y Gobierno Municipal<\/em>\u201d.<\/p>\n<p style=\"text-align: justify;\">De esta forma, son 5 las plazas que se recogen en el acuerdo, 4 por aplicaci\u00f3n de la tasa de reposici\u00f3n, y una de nueva creaci\u00f3n proveniente de la vacante de Conserje perteneciente a la OEP del 2020.<\/p>\n<p style=\"text-align: justify;\">As\u00ed las cosas, 4 de ellas son de Funcionario y una de laboral, y atienden a lo siguiente:<\/p>\n<p style=\"padding-left: 80px;\"><strong><u>1 T\u00e9cnico Administraci\u00f3n General. <\/u><\/strong>Concurso-Oposici\u00f3n<\/p>\n<p style=\"padding-left: 80px;\"><strong><u>1 T\u00e9cnico en Imagen, Sonido y Nuevas Tecnolog\u00edas. <\/u><\/strong>Concurso-Oposici\u00f3n<\/p>\n<p style=\"padding-left: 80px;\"><strong><u>1 Administrativo. <\/u><\/strong>Oposici\u00f3n<\/p>\n<p style=\"padding-left: 80px;\"><strong><u>1 Agente de Polic\u00eda. <\/u><\/strong>Oposici\u00f3n<\/p>\n<p style=\"padding-left: 80px;\"><strong><u>1 Conserje. <\/u><\/strong>Oposici\u00f3n<\/p>\n<p>&nbsp;<\/p>\n<p style=\"text-align: justify;\">Egea ha recordado tambi\u00e9n el compromiso del Equipo de Gobierno con los caudetanos \u201c<em>en conseguir establecer una plantilla de empleados municipales suficiente y adecuada a las necesidades reales, que revierta en calidad a los ciudadanos&#8221;<\/em>.<\/p>\n<p style=\"text-align: justify;\">La ejecuci\u00f3n de la presente OEP se establece por la TREBEP en un m\u00e1ximo de 3 a\u00f1os.<\/p>\n","protected":false},"excerpt":{"rendered":"<p>M\u00aa Pilar Egea, Concejal de Recursos Humanos del Ayuntamiento de Caudete, ha dado a conocer la reci\u00e9n aprobada Oferta de Empleo P\u00fablico 2023 en la \u00faltima sesi\u00f3n de Junta de Gobierno del 2023, celebrada el pasado viernes 28 de Diciembre, a falta de que sea publicada en el Bolet\u00edn Oficial de la Provincia a la &hellip;<\/p>\n","protected":false},"author":3,"featured_media":24049,"comment_status":"closed","ping_status":"open","sticky":false,"template":"","format":"standard","meta":{"ngg_post_thumbnail":0,"footnotes":""},"categories":[33],"tags":[],"class_list":["post-24048","post","type-post","status-publish","format-standard","has-post-thumbnail","hentry","category-recursos-humanos"],"yoast_head":"<!-- This site is optimized with the Yoast SEO plugin v27.5 - https:\/\/yoast.com\/product\/yoast-seo-wordpress\/ -->\n<title>La \u00faltima JGL del a\u00f1o aprueba la OEP-2023 con 5 plazas - MI Ayuntamiento de Caudete<\/title>\n<meta name=\"description\" content=\"P\u00e1gina Oficial del Ayuntamiento de Caudete (Albacete)\" \/>\n<meta name=\"robots\" content=\"index, follow, max-snippet:-1, max-image-preview:large, max-video-preview:-1\" \/>\n<link rel=\"canonical\" href=\"https:\/\/www.caudete.org\/ayuntamiento\/la-ultima-jgl-del-ano-aprueba-la-oep-2023-con-5-plazas\/\" \/>\n<meta property=\"og:locale\" content=\"es_ES\" \/>\n<meta property=\"og:type\" content=\"article\" \/>\n<meta property=\"og:title\" content=\"La \u00faltima JGL del a\u00f1o aprueba la OEP-2023 con 5 plazas - MI Ayuntamiento de Caudete\" \/>\n<meta property=\"og:description\" content=\"P\u00e1gina Oficial del Ayuntamiento de Caudete (Albacete)\" \/>\n<meta property=\"og:url\" content=\"https:\/\/www.caudete.org\/ayuntamiento\/la-ultima-jgl-del-ano-aprueba-la-oep-2023-con-5-plazas\/\" \/>\n<meta property=\"og:site_name\" content=\"MI Ayuntamiento de Caudete\" \/>\n<meta property=\"article:publisher\" content=\"https:\/\/www.facebook.com\/ayuntamientocaudete\/\" \/>\n<meta property=\"article:published_time\" content=\"2023-12-31T18:47:44+00:00\" \/>\n<meta property=\"og:image\" content=\"https:\/\/www.caudete.org\/ayuntamiento\/wp-content\/uploads\/2023\/12\/OEP2023.jpg\" \/>\n\t<meta property=\"og:image:width\" content=\"972\" \/>\n\t<meta property=\"og:image:height\" content=\"737\" \/>\n\t<meta property=\"og:image:type\" content=\"image\/jpeg\" \/>\n<meta name=\"author\" content=\"alcalde\" \/>\n<meta name=\"twitter:card\" content=\"summary_large_image\" \/>\n<meta name=\"twitter:label1\" content=\"Escrito por\" \/>\n\t<meta name=\"twitter:data1\" content=\"alcalde\" \/>\n\t<meta name=\"twitter:label2\" content=\"Tiempo de lectura\" \/>\n\t<meta name=\"twitter:data2\" content=\"2 minutos\" \/>\n<script type=\"application\/ld+json\" class=\"yoast-schema-graph\">{\"@context\":\"https:\\\/\\\/schema.org\",\"@graph\":[{\"@type\":\"Article\",\"@id\":\"https:\\\/\\\/www.caudete.org\\\/ayuntamiento\\\/la-ultima-jgl-del-ano-aprueba-la-oep-2023-con-5-plazas\\\/#article\",\"isPartOf\":{\"@id\":\"https:\\\/\\\/www.caudete.org\\\/ayuntamiento\\\/la-ultima-jgl-del-ano-aprueba-la-oep-2023-con-5-plazas\\\/\"},\"author\":{\"name\":\"alcalde\",\"@id\":\"https:\\\/\\\/www.caudete.org\\\/ayuntamiento\\\/#\\\/schema\\\/person\\\/cc646da9133078ee4d8dd47457947253\"},\"headline\":\"La \u00faltima JGL del a\u00f1o aprueba la OEP-2023 con 5 plazas\",\"datePublished\":\"2023-12-31T18:47:44+00:00\",\"mainEntityOfPage\":{\"@id\":\"https:\\\/\\\/www.caudete.org\\\/ayuntamiento\\\/la-ultima-jgl-del-ano-aprueba-la-oep-2023-con-5-plazas\\\/\"},\"wordCount\":269,\"image\":{\"@id\":\"https:\\\/\\\/www.caudete.org\\\/ayuntamiento\\\/la-ultima-jgl-del-ano-aprueba-la-oep-2023-con-5-plazas\\\/#primaryimage\"},\"thumbnailUrl\":\"https:\\\/\\\/www.caudete.org\\\/ayuntamiento\\\/wp-content\\\/uploads\\\/2023\\\/12\\\/OEP2023.jpg\",\"articleSection\":[\"Recursos Humanos\"],\"inLanguage\":\"es\"},{\"@type\":\"WebPage\",\"@id\":\"https:\\\/\\\/www.caudete.org\\\/ayuntamiento\\\/la-ultima-jgl-del-ano-aprueba-la-oep-2023-con-5-plazas\\\/\",\"url\":\"https:\\\/\\\/www.caudete.org\\\/ayuntamiento\\\/la-ultima-jgl-del-ano-aprueba-la-oep-2023-con-5-plazas\\\/\",\"name\":\"La \u00faltima JGL del a\u00f1o aprueba la OEP-2023 con 5 plazas - MI Ayuntamiento de Caudete\",\"isPartOf\":{\"@id\":\"https:\\\/\\\/www.caudete.org\\\/ayuntamiento\\\/#website\"},\"primaryImageOfPage\":{\"@id\":\"https:\\\/\\\/www.caudete.org\\\/ayuntamiento\\\/la-ultima-jgl-del-ano-aprueba-la-oep-2023-con-5-plazas\\\/#primaryimage\"},\"image\":{\"@id\":\"https:\\\/\\\/www.caudete.org\\\/ayuntamiento\\\/la-ultima-jgl-del-ano-aprueba-la-oep-2023-con-5-plazas\\\/#primaryimage\"},\"thumbnailUrl\":\"https:\\\/\\\/www.caudete.org\\\/ayuntamiento\\\/wp-content\\\/uploads\\\/2023\\\/12\\\/OEP2023.jpg\",\"datePublished\":\"2023-12-31T18:47:44+00:00\",\"author\":{\"@id\":\"https:\\\/\\\/www.caudete.org\\\/ayuntamiento\\\/#\\\/schema\\\/person\\\/cc646da9133078ee4d8dd47457947253\"},\"description\":\"P\u00e1gina Oficial del Ayuntamiento de Caudete (Albacete)\",\"breadcrumb\":{\"@id\":\"https:\\\/\\\/www.caudete.org\\\/ayuntamiento\\\/la-ultima-jgl-del-ano-aprueba-la-oep-2023-con-5-plazas\\\/#breadcrumb\"},\"inLanguage\":\"es\",\"potentialAction\":[{\"@type\":\"ReadAction\",\"target\":[\"https:\\\/\\\/www.caudete.org\\\/ayuntamiento\\\/la-ultima-jgl-del-ano-aprueba-la-oep-2023-con-5-plazas\\\/\"]}]},{\"@type\":\"ImageObject\",\"inLanguage\":\"es\",\"@id\":\"https:\\\/\\\/www.caudete.org\\\/ayuntamiento\\\/la-ultima-jgl-del-ano-aprueba-la-oep-2023-con-5-plazas\\\/#primaryimage\",\"url\":\"https:\\\/\\\/www.caudete.org\\\/ayuntamiento\\\/wp-content\\\/uploads\\\/2023\\\/12\\\/OEP2023.jpg\",\"contentUrl\":\"https:\\\/\\\/www.caudete.org\\\/ayuntamiento\\\/wp-content\\\/uploads\\\/2023\\\/12\\\/OEP2023.jpg\",\"width\":972,\"height\":737},{\"@type\":\"BreadcrumbList\",\"@id\":\"https:\\\/\\\/www.caudete.org\\\/ayuntamiento\\\/la-ultima-jgl-del-ano-aprueba-la-oep-2023-con-5-plazas\\\/#breadcrumb\",\"itemListElement\":[{\"@type\":\"ListItem\",\"position\":1,\"name\":\"Inicio\",\"item\":\"https:\\\/\\\/www.caudete.org\\\/ayuntamiento\\\/\"},{\"@type\":\"ListItem\",\"position\":2,\"name\":\"La \u00faltima JGL del a\u00f1o aprueba la OEP-2023 con 5 plazas\"}]},{\"@type\":\"WebSite\",\"@id\":\"https:\\\/\\\/www.caudete.org\\\/ayuntamiento\\\/#website\",\"url\":\"https:\\\/\\\/www.caudete.org\\\/ayuntamiento\\\/\",\"name\":\"MI Ayuntamiento de Caudete\",\"description\":\"P\u00e1gina Oficial del MI Ayuntamiento de Caudete\",\"potentialAction\":[{\"@type\":\"SearchAction\",\"target\":{\"@type\":\"EntryPoint\",\"urlTemplate\":\"https:\\\/\\\/www.caudete.org\\\/ayuntamiento\\\/?s={search_term_string}\"},\"query-input\":{\"@type\":\"PropertyValueSpecification\",\"valueRequired\":true,\"valueName\":\"search_term_string\"}}],\"inLanguage\":\"es\"},{\"@type\":\"Person\",\"@id\":\"https:\\\/\\\/www.caudete.org\\\/ayuntamiento\\\/#\\\/schema\\\/person\\\/cc646da9133078ee4d8dd47457947253\",\"name\":\"alcalde\",\"image\":{\"@type\":\"ImageObject\",\"inLanguage\":\"es\",\"@id\":\"https:\\\/\\\/secure.gravatar.com\\\/avatar\\\/84a817ba065b29ff08d666b215a215f5c79186a645ccb25b14a663d48a130f77?s=96&d=mm&r=g\",\"url\":\"https:\\\/\\\/secure.gravatar.com\\\/avatar\\\/84a817ba065b29ff08d666b215a215f5c79186a645ccb25b14a663d48a130f77?s=96&d=mm&r=g\",\"contentUrl\":\"https:\\\/\\\/secure.gravatar.com\\\/avatar\\\/84a817ba065b29ff08d666b215a215f5c79186a645ccb25b14a663d48a130f77?s=96&d=mm&r=g\",\"caption\":\"alcalde\"},\"url\":\"https:\\\/\\\/www.caudete.org\\\/ayuntamiento\\\/author\\\/alcalde\\\/\"}]}<\/script>\n<!-- \/ Yoast SEO plugin. -->","yoast_head_json":{"title":"La \u00faltima JGL del a\u00f1o aprueba la OEP-2023 con 5 plazas - MI Ayuntamiento de Caudete","description":"P\u00e1gina Oficial del Ayuntamiento de Caudete (Albacete)","robots":{"index":"index","follow":"follow","max-snippet":"max-snippet:-1","max-image-preview":"max-image-preview:large","max-video-preview":"max-video-preview:-1"},"canonical":"https:\/\/www.caudete.org\/ayuntamiento\/la-ultima-jgl-del-ano-aprueba-la-oep-2023-con-5-plazas\/","og_locale":"es_ES","og_type":"article","og_title":"La \u00faltima JGL del a\u00f1o aprueba la OEP-2023 con 5 plazas - MI Ayuntamiento de Caudete","og_description":"P\u00e1gina Oficial del Ayuntamiento de Caudete (Albacete)","og_url":"https:\/\/www.caudete.org\/ayuntamiento\/la-ultima-jgl-del-ano-aprueba-la-oep-2023-con-5-plazas\/","og_site_name":"MI Ayuntamiento de Caudete","article_publisher":"https:\/\/www.facebook.com\/ayuntamientocaudete\/","article_published_time":"2023-12-31T18:47:44+00:00","og_image":[{"width":972,"height":737,"url":"https:\/\/www.caudete.org\/ayuntamiento\/wp-content\/uploads\/2023\/12\/OEP2023.jpg","type":"image\/jpeg"}],"author":"alcalde","twitter_card":"summary_large_image","twitter_misc":{"Escrito por":"alcalde","Tiempo de lectura":"2 minutos"},"schema":{"@context":"https:\/\/schema.org","@graph":[{"@type":"Article","@id":"https:\/\/www.caudete.org\/ayuntamiento\/la-ultima-jgl-del-ano-aprueba-la-oep-2023-con-5-plazas\/#article","isPartOf":{"@id":"https:\/\/www.caudete.org\/ayuntamiento\/la-ultima-jgl-del-ano-aprueba-la-oep-2023-con-5-plazas\/"},"author":{"name":"alcalde","@id":"https:\/\/www.caudete.org\/ayuntamiento\/#\/schema\/person\/cc646da9133078ee4d8dd47457947253"},"headline":"La \u00faltima JGL del a\u00f1o aprueba la OEP-2023 con 5 plazas","datePublished":"2023-12-31T18:47:44+00:00","mainEntityOfPage":{"@id":"https:\/\/www.caudete.org\/ayuntamiento\/la-ultima-jgl-del-ano-aprueba-la-oep-2023-con-5-plazas\/"},"wordCount":269,"image":{"@id":"https:\/\/www.caudete.org\/ayuntamiento\/la-ultima-jgl-del-ano-aprueba-la-oep-2023-con-5-plazas\/#primaryimage"},"thumbnailUrl":"https:\/\/www.caudete.org\/ayuntamiento\/wp-content\/uploads\/2023\/12\/OEP2023.jpg","articleSection":["Recursos Humanos"],"inLanguage":"es"},{"@type":"WebPage","@id":"https:\/\/www.caudete.org\/ayuntamiento\/la-ultima-jgl-del-ano-aprueba-la-oep-2023-con-5-plazas\/","url":"https:\/\/www.caudete.org\/ayuntamiento\/la-ultima-jgl-del-ano-aprueba-la-oep-2023-con-5-plazas\/","name":"La \u00faltima JGL del a\u00f1o aprueba la OEP-2023 con 5 plazas - MI Ayuntamiento de Caudete","isPartOf":{"@id":"https:\/\/www.caudete.org\/ayuntamiento\/#website"},"primaryImageOfPage":{"@id":"https:\/\/www.caudete.org\/ayuntamiento\/la-ultima-jgl-del-ano-aprueba-la-oep-2023-con-5-plazas\/#primaryimage"},"image":{"@id":"https:\/\/www.caudete.org\/ayuntamiento\/la-ultima-jgl-del-ano-aprueba-la-oep-2023-con-5-plazas\/#primaryimage"},"thumbnailUrl":"https:\/\/www.caudete.org\/ayuntamiento\/wp-content\/uploads\/2023\/12\/OEP2023.jpg","datePublished":"2023-12-31T18:47:44+00:00","author":{"@id":"https:\/\/www.caudete.org\/ayuntamiento\/#\/schema\/person\/cc646da9133078ee4d8dd47457947253"},"description":"P\u00e1gina Oficial del Ayuntamiento de Caudete (Albacete)","breadcrumb":{"@id":"https:\/\/www.caudete.org\/ayuntamiento\/la-ultima-jgl-del-ano-aprueba-la-oep-2023-con-5-plazas\/#breadcrumb"},"inLanguage":"es","potentialAction":[{"@type":"ReadAction","target":["https:\/\/www.caudete.org\/ayuntamiento\/la-ultima-jgl-del-ano-aprueba-la-oep-2023-con-5-plazas\/"]}]},{"@type":"ImageObject","inLanguage":"es","@id":"https:\/\/www.caudete.org\/ayuntamiento\/la-ultima-jgl-del-ano-aprueba-la-oep-2023-con-5-plazas\/#primaryimage","url":"https:\/\/www.caudete.org\/ayuntamiento\/wp-content\/uploads\/2023\/12\/OEP2023.jpg","contentUrl":"https:\/\/www.caudete.org\/ayuntamiento\/wp-content\/uploads\/2023\/12\/OEP2023.jpg","width":972,"height":737},{"@type":"BreadcrumbList","@id":"https:\/\/www.caudete.org\/ayuntamiento\/la-ultima-jgl-del-ano-aprueba-la-oep-2023-con-5-plazas\/#breadcrumb","itemListElement":[{"@type":"ListItem","position":1,"name":"Inicio","item":"https:\/\/www.caudete.org\/ayuntamiento\/"},{"@type":"ListItem","position":2,"name":"La \u00faltima JGL del a\u00f1o aprueba la OEP-2023 con 5 plazas"}]},{"@type":"WebSite","@id":"https:\/\/www.caudete.org\/ayuntamiento\/#website","url":"https:\/\/www.caudete.org\/ayuntamiento\/","name":"MI Ayuntamiento de Caudete","description":"P\u00e1gina Oficial del MI Ayuntamiento de Caudete","potentialAction":[{"@type":"SearchAction","target":{"@type":"EntryPoint","urlTemplate":"https:\/\/www.caudete.org\/ayuntamiento\/?s={search_term_string}"},"query-input":{"@type":"PropertyValueSpecification","valueRequired":true,"valueName":"search_term_string"}}],"inLanguage":"es"},{"@type":"Person","@id":"https:\/\/www.caudete.org\/ayuntamiento\/#\/schema\/person\/cc646da9133078ee4d8dd47457947253","name":"alcalde","image":{"@type":"ImageObject","inLanguage":"es","@id":"https:\/\/secure.gravatar.com\/avatar\/84a817ba065b29ff08d666b215a215f5c79186a645ccb25b14a663d48a130f77?s=96&d=mm&r=g","url":"https:\/\/secure.gravatar.com\/avatar\/84a817ba065b29ff08d666b215a215f5c79186a645ccb25b14a663d48a130f77?s=96&d=mm&r=g","contentUrl":"https:\/\/secure.gravatar.com\/avatar\/84a817ba065b29ff08d666b215a215f5c79186a645ccb25b14a663d48a130f77?s=96&d=mm&r=g","caption":"alcalde"},"url":"https:\/\/www.caudete.org\/ayuntamiento\/author\/alcalde\/"}]}},"_links":{"self":[{"href":"https:\/\/www.caudete.org\/ayuntamiento\/wp-json\/wp\/v2\/posts\/24048","targetHints":{"allow":["GET"]}}],"collection":[{"href":"https:\/\/www.caudete.org\/ayuntamiento\/wp-json\/wp\/v2\/posts"}],"about":[{"href":"https:\/\/www.caudete.org\/ayuntamiento\/wp-json\/wp\/v2\/types\/post"}],"author":[{"embeddable":true,"href":"https:\/\/www.caudete.org\/ayuntamiento\/wp-json\/wp\/v2\/users\/3"}],"replies":[{"embeddable":true,"href":"https:\/\/www.caudete.org\/ayuntamiento\/wp-json\/wp\/v2\/comments?post=24048"}],"version-history":[{"count":1,"href":"https:\/\/www.caudete.org\/ayuntamiento\/wp-json\/wp\/v2\/posts\/24048\/revisions"}],"predecessor-version":[{"id":24050,"href":"https:\/\/www.caudete.org\/ayuntamiento\/wp-json\/wp\/v2\/posts\/24048\/revisions\/24050"}],"wp:featuredmedia":[{"embeddable":true,"href":"https:\/\/www.caudete.org\/ayuntamiento\/wp-json\/wp\/v2\/media\/24049"}],"wp:attachment":[{"href":"https:\/\/www.caudete.org\/ayuntamiento\/wp-json\/wp\/v2\/media?parent=24048"}],"wp:term":[{"taxonomy":"category","embeddable":true,"href":"https:\/\/www.caudete.org\/ayuntamiento\/wp-json\/wp\/v2\/categories?post=24048"},{"taxonomy":"post_tag","embeddable":true,"href":"https:\/\/www.caudete.org\/ayuntamiento\/wp-json\/wp\/v2\/tags?post=24048"}],"curies":[{"name":"wp","href":"https:\/\/api.w.org\/{rel}","templated":true}]}}