{"id":24056,"date":"2024-01-05T15:12:51","date_gmt":"2024-01-05T14:12:51","guid":{"rendered":"https:\/\/www.caudete.org\/ayuntamiento\/?p=24056"},"modified":"2024-01-05T20:27:34","modified_gmt":"2024-01-05T19:27:34","slug":"mas-de-12-000e-aporta-el-ayuntamiento-mediante-convenio-para-la-fiesta-de-los-reyes-magos","status":"publish","type":"post","link":"https:\/\/www.caudete.org\/ayuntamiento\/mas-de-12-000e-aporta-el-ayuntamiento-mediante-convenio-para-la-fiesta-de-los-reyes-magos\/","title":{"rendered":"M\u00e1s de 12.000\u20ac aporta el Ayuntamiento mediante Convenio para la Fiesta de los Reyes Magos"},"content":{"rendered":"<p style=\"text-align: justify;\">El Ayuntamiento y la Agrupaci\u00f3n Amigos de los Reyes Magos acaban de renovar, un a\u00f1o m\u00e1s, su convenio de colaboraci\u00f3n para la organizaci\u00f3n de todas las actividades relacionadas con la fiesta de SS.MM. de Oriente.<\/p>\n<p style=\"text-align: justify;\">El Alcalde Mois\u00e9s L\u00f3pez y la Presidenta de la Agrupaci\u00f3n Albertina Garc\u00eda Llor\u00e9ns firmaban ayer el convenio por el cual el Consistorio aporta m\u00e1s de 12.000\u20ac, asumiendo determinadas contrataciones, que permiten una estrecha colaboraci\u00f3n para engrandecer una fiesta que llena de ilusi\u00f3n y magia cada hogar y rinc\u00f3n de Caudete, y no solo para los m\u00e1s peque\u00f1os, sino tambi\u00e9n para mayores.<\/p>\n<p style=\"text-align: justify;\">Los actos que cubren este Convenio comprenden tanto la\u00a0recogida de cartas por parte de los Pajes Reales, como el acto de recibimiento a SS.MM. los Reyes\u00a0y la posterior\u00a0Cabalgata por las calles de Caudete para hacer llegar a todos los ni\u00f1os sus regalos, as\u00ed como la ma\u00f1ana del d\u00eda 6 de Enero.<\/p>\n","protected":false},"excerpt":{"rendered":"<p>El Ayuntamiento y la Agrupaci\u00f3n Amigos de los Reyes Magos acaban de renovar, un a\u00f1o m\u00e1s, su convenio de colaboraci\u00f3n para la organizaci\u00f3n de todas las actividades relacionadas con la fiesta de SS.MM. de Oriente. El Alcalde Mois\u00e9s L\u00f3pez y la Presidenta de la Agrupaci\u00f3n Albertina Garc\u00eda Llor\u00e9ns firmaban ayer el convenio por el cual &hellip;<\/p>\n","protected":false},"author":3,"featured_media":24057,"comment_status":"closed","ping_status":"open","sticky":false,"template":"","format":"standard","meta":{"ngg_post_thumbnail":0,"footnotes":""},"categories":[31],"tags":[],"class_list":["post-24056","post","type-post","status-publish","format-standard","has-post-thumbnail","hentry","category-fiestas"],"yoast_head":"<!-- This site is optimized with the Yoast SEO plugin v27.5 - https:\/\/yoast.com\/product\/yoast-seo-wordpress\/ -->\n<title>M\u00e1s de 12.000\u20ac aporta el Ayuntamiento mediante Convenio para la Fiesta de los Reyes Magos - MI Ayuntamiento de Caudete<\/title>\n<meta name=\"description\" content=\"P\u00e1gina Oficial del Ayuntamiento de Caudete (Albacete)\" \/>\n<meta name=\"robots\" content=\"index, follow, max-snippet:-1, max-image-preview:large, max-video-preview:-1\" \/>\n<link rel=\"canonical\" href=\"https:\/\/www.caudete.org\/ayuntamiento\/mas-de-12-000e-aporta-el-ayuntamiento-mediante-convenio-para-la-fiesta-de-los-reyes-magos\/\" \/>\n<meta property=\"og:locale\" content=\"es_ES\" \/>\n<meta property=\"og:type\" content=\"article\" \/>\n<meta property=\"og:title\" content=\"M\u00e1s de 12.000\u20ac aporta el Ayuntamiento mediante Convenio para la Fiesta de los Reyes Magos - MI Ayuntamiento de Caudete\" \/>\n<meta property=\"og:description\" content=\"P\u00e1gina Oficial del Ayuntamiento de Caudete (Albacete)\" \/>\n<meta property=\"og:url\" content=\"https:\/\/www.caudete.org\/ayuntamiento\/mas-de-12-000e-aporta-el-ayuntamiento-mediante-convenio-para-la-fiesta-de-los-reyes-magos\/\" \/>\n<meta property=\"og:site_name\" content=\"MI Ayuntamiento de Caudete\" \/>\n<meta property=\"article:publisher\" content=\"https:\/\/www.facebook.com\/ayuntamientocaudete\/\" \/>\n<meta property=\"article:published_time\" content=\"2024-01-05T14:12:51+00:00\" \/>\n<meta property=\"article:modified_time\" content=\"2024-01-05T19:27:34+00:00\" \/>\n<meta property=\"og:image\" content=\"https:\/\/www.caudete.org\/ayuntamiento\/wp-content\/uploads\/2024\/01\/WhatsApp-Image-2024-01-05-at-10.10.07.jpeg\" \/>\n\t<meta property=\"og:image:width\" content=\"1600\" \/>\n\t<meta property=\"og:image:height\" content=\"900\" \/>\n\t<meta property=\"og:image:type\" content=\"image\/jpeg\" \/>\n<meta name=\"author\" content=\"alcalde\" \/>\n<meta name=\"twitter:card\" content=\"summary_large_image\" \/>\n<meta name=\"twitter:label1\" content=\"Escrito por\" \/>\n\t<meta name=\"twitter:data1\" content=\"alcalde\" \/>\n\t<meta name=\"twitter:label2\" content=\"Tiempo de lectura\" \/>\n\t<meta name=\"twitter:data2\" content=\"1 minuto\" \/>\n<script type=\"application\/ld+json\" class=\"yoast-schema-graph\">{\"@context\":\"https:\\\/\\\/schema.org\",\"@graph\":[{\"@type\":\"Article\",\"@id\":\"https:\\\/\\\/www.caudete.org\\\/ayuntamiento\\\/mas-de-12-000e-aporta-el-ayuntamiento-mediante-convenio-para-la-fiesta-de-los-reyes-magos\\\/#article\",\"isPartOf\":{\"@id\":\"https:\\\/\\\/www.caudete.org\\\/ayuntamiento\\\/mas-de-12-000e-aporta-el-ayuntamiento-mediante-convenio-para-la-fiesta-de-los-reyes-magos\\\/\"},\"author\":{\"name\":\"alcalde\",\"@id\":\"https:\\\/\\\/www.caudete.org\\\/ayuntamiento\\\/#\\\/schema\\\/person\\\/cc646da9133078ee4d8dd47457947253\"},\"headline\":\"M\u00e1s de 12.000\u20ac aporta el Ayuntamiento mediante Convenio para la Fiesta de los Reyes Magos\",\"datePublished\":\"2024-01-05T14:12:51+00:00\",\"dateModified\":\"2024-01-05T19:27:34+00:00\",\"mainEntityOfPage\":{\"@id\":\"https:\\\/\\\/www.caudete.org\\\/ayuntamiento\\\/mas-de-12-000e-aporta-el-ayuntamiento-mediante-convenio-para-la-fiesta-de-los-reyes-magos\\\/\"},\"wordCount\":185,\"image\":{\"@id\":\"https:\\\/\\\/www.caudete.org\\\/ayuntamiento\\\/mas-de-12-000e-aporta-el-ayuntamiento-mediante-convenio-para-la-fiesta-de-los-reyes-magos\\\/#primaryimage\"},\"thumbnailUrl\":\"https:\\\/\\\/www.caudete.org\\\/ayuntamiento\\\/wp-content\\\/uploads\\\/2024\\\/01\\\/WhatsApp-Image-2024-01-05-at-10.10.07.jpeg\",\"articleSection\":[\"Fiestas\"],\"inLanguage\":\"es\"},{\"@type\":\"WebPage\",\"@id\":\"https:\\\/\\\/www.caudete.org\\\/ayuntamiento\\\/mas-de-12-000e-aporta-el-ayuntamiento-mediante-convenio-para-la-fiesta-de-los-reyes-magos\\\/\",\"url\":\"https:\\\/\\\/www.caudete.org\\\/ayuntamiento\\\/mas-de-12-000e-aporta-el-ayuntamiento-mediante-convenio-para-la-fiesta-de-los-reyes-magos\\\/\",\"name\":\"M\u00e1s de 12.000\u20ac aporta el Ayuntamiento mediante Convenio para la Fiesta de los Reyes Magos - MI Ayuntamiento de Caudete\",\"isPartOf\":{\"@id\":\"https:\\\/\\\/www.caudete.org\\\/ayuntamiento\\\/#website\"},\"primaryImageOfPage\":{\"@id\":\"https:\\\/\\\/www.caudete.org\\\/ayuntamiento\\\/mas-de-12-000e-aporta-el-ayuntamiento-mediante-convenio-para-la-fiesta-de-los-reyes-magos\\\/#primaryimage\"},\"image\":{\"@id\":\"https:\\\/\\\/www.caudete.org\\\/ayuntamiento\\\/mas-de-12-000e-aporta-el-ayuntamiento-mediante-convenio-para-la-fiesta-de-los-reyes-magos\\\/#primaryimage\"},\"thumbnailUrl\":\"https:\\\/\\\/www.caudete.org\\\/ayuntamiento\\\/wp-content\\\/uploads\\\/2024\\\/01\\\/WhatsApp-Image-2024-01-05-at-10.10.07.jpeg\",\"datePublished\":\"2024-01-05T14:12:51+00:00\",\"dateModified\":\"2024-01-05T19:27:34+00:00\",\"author\":{\"@id\":\"https:\\\/\\\/www.caudete.org\\\/ayuntamiento\\\/#\\\/schema\\\/person\\\/cc646da9133078ee4d8dd47457947253\"},\"description\":\"P\u00e1gina Oficial del Ayuntamiento de Caudete (Albacete)\",\"breadcrumb\":{\"@id\":\"https:\\\/\\\/www.caudete.org\\\/ayuntamiento\\\/mas-de-12-000e-aporta-el-ayuntamiento-mediante-convenio-para-la-fiesta-de-los-reyes-magos\\\/#breadcrumb\"},\"inLanguage\":\"es\",\"potentialAction\":[{\"@type\":\"ReadAction\",\"target\":[\"https:\\\/\\\/www.caudete.org\\\/ayuntamiento\\\/mas-de-12-000e-aporta-el-ayuntamiento-mediante-convenio-para-la-fiesta-de-los-reyes-magos\\\/\"]}]},{\"@type\":\"ImageObject\",\"inLanguage\":\"es\",\"@id\":\"https:\\\/\\\/www.caudete.org\\\/ayuntamiento\\\/mas-de-12-000e-aporta-el-ayuntamiento-mediante-convenio-para-la-fiesta-de-los-reyes-magos\\\/#primaryimage\",\"url\":\"https:\\\/\\\/www.caudete.org\\\/ayuntamiento\\\/wp-content\\\/uploads\\\/2024\\\/01\\\/WhatsApp-Image-2024-01-05-at-10.10.07.jpeg\",\"contentUrl\":\"https:\\\/\\\/www.caudete.org\\\/ayuntamiento\\\/wp-content\\\/uploads\\\/2024\\\/01\\\/WhatsApp-Image-2024-01-05-at-10.10.07.jpeg\",\"width\":1600,\"height\":900},{\"@type\":\"BreadcrumbList\",\"@id\":\"https:\\\/\\\/www.caudete.org\\\/ayuntamiento\\\/mas-de-12-000e-aporta-el-ayuntamiento-mediante-convenio-para-la-fiesta-de-los-reyes-magos\\\/#breadcrumb\",\"itemListElement\":[{\"@type\":\"ListItem\",\"position\":1,\"name\":\"Inicio\",\"item\":\"https:\\\/\\\/www.caudete.org\\\/ayuntamiento\\\/\"},{\"@type\":\"ListItem\",\"position\":2,\"name\":\"M\u00e1s de 12.000\u20ac aporta el Ayuntamiento mediante Convenio para la Fiesta de los Reyes Magos\"}]},{\"@type\":\"WebSite\",\"@id\":\"https:\\\/\\\/www.caudete.org\\\/ayuntamiento\\\/#website\",\"url\":\"https:\\\/\\\/www.caudete.org\\\/ayuntamiento\\\/\",\"name\":\"MI Ayuntamiento de Caudete\",\"description\":\"P\u00e1gina Oficial del MI Ayuntamiento de Caudete\",\"potentialAction\":[{\"@type\":\"SearchAction\",\"target\":{\"@type\":\"EntryPoint\",\"urlTemplate\":\"https:\\\/\\\/www.caudete.org\\\/ayuntamiento\\\/?s={search_term_string}\"},\"query-input\":{\"@type\":\"PropertyValueSpecification\",\"valueRequired\":true,\"valueName\":\"search_term_string\"}}],\"inLanguage\":\"es\"},{\"@type\":\"Person\",\"@id\":\"https:\\\/\\\/www.caudete.org\\\/ayuntamiento\\\/#\\\/schema\\\/person\\\/cc646da9133078ee4d8dd47457947253\",\"name\":\"alcalde\",\"image\":{\"@type\":\"ImageObject\",\"inLanguage\":\"es\",\"@id\":\"https:\\\/\\\/secure.gravatar.com\\\/avatar\\\/84a817ba065b29ff08d666b215a215f5c79186a645ccb25b14a663d48a130f77?s=96&d=mm&r=g\",\"url\":\"https:\\\/\\\/secure.gravatar.com\\\/avatar\\\/84a817ba065b29ff08d666b215a215f5c79186a645ccb25b14a663d48a130f77?s=96&d=mm&r=g\",\"contentUrl\":\"https:\\\/\\\/secure.gravatar.com\\\/avatar\\\/84a817ba065b29ff08d666b215a215f5c79186a645ccb25b14a663d48a130f77?s=96&d=mm&r=g\",\"caption\":\"alcalde\"},\"url\":\"https:\\\/\\\/www.caudete.org\\\/ayuntamiento\\\/author\\\/alcalde\\\/\"}]}<\/script>\n<!-- \/ Yoast SEO plugin. -->","yoast_head_json":{"title":"M\u00e1s de 12.000\u20ac aporta el Ayuntamiento mediante Convenio para la Fiesta de los Reyes Magos - MI Ayuntamiento de Caudete","description":"P\u00e1gina Oficial del Ayuntamiento de Caudete (Albacete)","robots":{"index":"index","follow":"follow","max-snippet":"max-snippet:-1","max-image-preview":"max-image-preview:large","max-video-preview":"max-video-preview:-1"},"canonical":"https:\/\/www.caudete.org\/ayuntamiento\/mas-de-12-000e-aporta-el-ayuntamiento-mediante-convenio-para-la-fiesta-de-los-reyes-magos\/","og_locale":"es_ES","og_type":"article","og_title":"M\u00e1s de 12.000\u20ac aporta el Ayuntamiento mediante Convenio para la Fiesta de los Reyes Magos - MI Ayuntamiento de Caudete","og_description":"P\u00e1gina Oficial del Ayuntamiento de Caudete (Albacete)","og_url":"https:\/\/www.caudete.org\/ayuntamiento\/mas-de-12-000e-aporta-el-ayuntamiento-mediante-convenio-para-la-fiesta-de-los-reyes-magos\/","og_site_name":"MI Ayuntamiento de Caudete","article_publisher":"https:\/\/www.facebook.com\/ayuntamientocaudete\/","article_published_time":"2024-01-05T14:12:51+00:00","article_modified_time":"2024-01-05T19:27:34+00:00","og_image":[{"width":1600,"height":900,"url":"https:\/\/www.caudete.org\/ayuntamiento\/wp-content\/uploads\/2024\/01\/WhatsApp-Image-2024-01-05-at-10.10.07.jpeg","type":"image\/jpeg"}],"author":"alcalde","twitter_card":"summary_large_image","twitter_misc":{"Escrito por":"alcalde","Tiempo de lectura":"1 minuto"},"schema":{"@context":"https:\/\/schema.org","@graph":[{"@type":"Article","@id":"https:\/\/www.caudete.org\/ayuntamiento\/mas-de-12-000e-aporta-el-ayuntamiento-mediante-convenio-para-la-fiesta-de-los-reyes-magos\/#article","isPartOf":{"@id":"https:\/\/www.caudete.org\/ayuntamiento\/mas-de-12-000e-aporta-el-ayuntamiento-mediante-convenio-para-la-fiesta-de-los-reyes-magos\/"},"author":{"name":"alcalde","@id":"https:\/\/www.caudete.org\/ayuntamiento\/#\/schema\/person\/cc646da9133078ee4d8dd47457947253"},"headline":"M\u00e1s de 12.000\u20ac aporta el Ayuntamiento mediante Convenio para la Fiesta de los Reyes Magos","datePublished":"2024-01-05T14:12:51+00:00","dateModified":"2024-01-05T19:27:34+00:00","mainEntityOfPage":{"@id":"https:\/\/www.caudete.org\/ayuntamiento\/mas-de-12-000e-aporta-el-ayuntamiento-mediante-convenio-para-la-fiesta-de-los-reyes-magos\/"},"wordCount":185,"image":{"@id":"https:\/\/www.caudete.org\/ayuntamiento\/mas-de-12-000e-aporta-el-ayuntamiento-mediante-convenio-para-la-fiesta-de-los-reyes-magos\/#primaryimage"},"thumbnailUrl":"https:\/\/www.caudete.org\/ayuntamiento\/wp-content\/uploads\/2024\/01\/WhatsApp-Image-2024-01-05-at-10.10.07.jpeg","articleSection":["Fiestas"],"inLanguage":"es"},{"@type":"WebPage","@id":"https:\/\/www.caudete.org\/ayuntamiento\/mas-de-12-000e-aporta-el-ayuntamiento-mediante-convenio-para-la-fiesta-de-los-reyes-magos\/","url":"https:\/\/www.caudete.org\/ayuntamiento\/mas-de-12-000e-aporta-el-ayuntamiento-mediante-convenio-para-la-fiesta-de-los-reyes-magos\/","name":"M\u00e1s de 12.000\u20ac aporta el Ayuntamiento mediante Convenio para la Fiesta de los Reyes Magos - MI Ayuntamiento de Caudete","isPartOf":{"@id":"https:\/\/www.caudete.org\/ayuntamiento\/#website"},"primaryImageOfPage":{"@id":"https:\/\/www.caudete.org\/ayuntamiento\/mas-de-12-000e-aporta-el-ayuntamiento-mediante-convenio-para-la-fiesta-de-los-reyes-magos\/#primaryimage"},"image":{"@id":"https:\/\/www.caudete.org\/ayuntamiento\/mas-de-12-000e-aporta-el-ayuntamiento-mediante-convenio-para-la-fiesta-de-los-reyes-magos\/#primaryimage"},"thumbnailUrl":"https:\/\/www.caudete.org\/ayuntamiento\/wp-content\/uploads\/2024\/01\/WhatsApp-Image-2024-01-05-at-10.10.07.jpeg","datePublished":"2024-01-05T14:12:51+00:00","dateModified":"2024-01-05T19:27:34+00:00","author":{"@id":"https:\/\/www.caudete.org\/ayuntamiento\/#\/schema\/person\/cc646da9133078ee4d8dd47457947253"},"description":"P\u00e1gina Oficial del Ayuntamiento de Caudete (Albacete)","breadcrumb":{"@id":"https:\/\/www.caudete.org\/ayuntamiento\/mas-de-12-000e-aporta-el-ayuntamiento-mediante-convenio-para-la-fiesta-de-los-reyes-magos\/#breadcrumb"},"inLanguage":"es","potentialAction":[{"@type":"ReadAction","target":["https:\/\/www.caudete.org\/ayuntamiento\/mas-de-12-000e-aporta-el-ayuntamiento-mediante-convenio-para-la-fiesta-de-los-reyes-magos\/"]}]},{"@type":"ImageObject","inLanguage":"es","@id":"https:\/\/www.caudete.org\/ayuntamiento\/mas-de-12-000e-aporta-el-ayuntamiento-mediante-convenio-para-la-fiesta-de-los-reyes-magos\/#primaryimage","url":"https:\/\/www.caudete.org\/ayuntamiento\/wp-content\/uploads\/2024\/01\/WhatsApp-Image-2024-01-05-at-10.10.07.jpeg","contentUrl":"https:\/\/www.caudete.org\/ayuntamiento\/wp-content\/uploads\/2024\/01\/WhatsApp-Image-2024-01-05-at-10.10.07.jpeg","width":1600,"height":900},{"@type":"BreadcrumbList","@id":"https:\/\/www.caudete.org\/ayuntamiento\/mas-de-12-000e-aporta-el-ayuntamiento-mediante-convenio-para-la-fiesta-de-los-reyes-magos\/#breadcrumb","itemListElement":[{"@type":"ListItem","position":1,"name":"Inicio","item":"https:\/\/www.caudete.org\/ayuntamiento\/"},{"@type":"ListItem","position":2,"name":"M\u00e1s de 12.000\u20ac aporta el Ayuntamiento mediante Convenio para la Fiesta de los Reyes Magos"}]},{"@type":"WebSite","@id":"https:\/\/www.caudete.org\/ayuntamiento\/#website","url":"https:\/\/www.caudete.org\/ayuntamiento\/","name":"MI Ayuntamiento de Caudete","description":"P\u00e1gina Oficial del MI Ayuntamiento de Caudete","potentialAction":[{"@type":"SearchAction","target":{"@type":"EntryPoint","urlTemplate":"https:\/\/www.caudete.org\/ayuntamiento\/?s={search_term_string}"},"query-input":{"@type":"PropertyValueSpecification","valueRequired":true,"valueName":"search_term_string"}}],"inLanguage":"es"},{"@type":"Person","@id":"https:\/\/www.caudete.org\/ayuntamiento\/#\/schema\/person\/cc646da9133078ee4d8dd47457947253","name":"alcalde","image":{"@type":"ImageObject","inLanguage":"es","@id":"https:\/\/secure.gravatar.com\/avatar\/84a817ba065b29ff08d666b215a215f5c79186a645ccb25b14a663d48a130f77?s=96&d=mm&r=g","url":"https:\/\/secure.gravatar.com\/avatar\/84a817ba065b29ff08d666b215a215f5c79186a645ccb25b14a663d48a130f77?s=96&d=mm&r=g","contentUrl":"https:\/\/secure.gravatar.com\/avatar\/84a817ba065b29ff08d666b215a215f5c79186a645ccb25b14a663d48a130f77?s=96&d=mm&r=g","caption":"alcalde"},"url":"https:\/\/www.caudete.org\/ayuntamiento\/author\/alcalde\/"}]}},"_links":{"self":[{"href":"https:\/\/www.caudete.org\/ayuntamiento\/wp-json\/wp\/v2\/posts\/24056","targetHints":{"allow":["GET"]}}],"collection":[{"href":"https:\/\/www.caudete.org\/ayuntamiento\/wp-json\/wp\/v2\/posts"}],"about":[{"href":"https:\/\/www.caudete.org\/ayuntamiento\/wp-json\/wp\/v2\/types\/post"}],"author":[{"embeddable":true,"href":"https:\/\/www.caudete.org\/ayuntamiento\/wp-json\/wp\/v2\/users\/3"}],"replies":[{"embeddable":true,"href":"https:\/\/www.caudete.org\/ayuntamiento\/wp-json\/wp\/v2\/comments?post=24056"}],"version-history":[{"count":1,"href":"https:\/\/www.caudete.org\/ayuntamiento\/wp-json\/wp\/v2\/posts\/24056\/revisions"}],"predecessor-version":[{"id":24058,"href":"https:\/\/www.caudete.org\/ayuntamiento\/wp-json\/wp\/v2\/posts\/24056\/revisions\/24058"}],"wp:featuredmedia":[{"embeddable":true,"href":"https:\/\/www.caudete.org\/ayuntamiento\/wp-json\/wp\/v2\/media\/24057"}],"wp:attachment":[{"href":"https:\/\/www.caudete.org\/ayuntamiento\/wp-json\/wp\/v2\/media?parent=24056"}],"wp:term":[{"taxonomy":"category","embeddable":true,"href":"https:\/\/www.caudete.org\/ayuntamiento\/wp-json\/wp\/v2\/categories?post=24056"},{"taxonomy":"post_tag","embeddable":true,"href":"https:\/\/www.caudete.org\/ayuntamiento\/wp-json\/wp\/v2\/tags?post=24056"}],"curies":[{"name":"wp","href":"https:\/\/api.w.org\/{rel}","templated":true}]}}