{"id":24098,"date":"2024-01-10T21:46:09","date_gmt":"2024-01-10T20:46:09","guid":{"rendered":"https:\/\/www.caudete.org\/ayuntamiento\/?p=24098"},"modified":"2024-01-10T21:46:09","modified_gmt":"2024-01-10T20:46:09","slug":"finalizadas-las-obras-de-mejora-del-cementerio-previstas-para-2023-con-mas-de-65-000e-de-inversion","status":"publish","type":"post","link":"https:\/\/www.caudete.org\/ayuntamiento\/finalizadas-las-obras-de-mejora-del-cementerio-previstas-para-2023-con-mas-de-65-000e-de-inversion\/","title":{"rendered":"Finalizadas las obras de mejora del Cementerio previstas para 2023, con m\u00e1s de 65.000\u20ac de inversi\u00f3n"},"content":{"rendered":"<p style=\"text-align: justify;\">El Alcalde Mois\u00e9s L\u00f3pez, encargado entre otras de la gesti\u00f3n municipal del Cementerio, ha informado de la finalizaci\u00f3n de las obras de mejora previstas para el reci\u00e9n cerrado a\u00f1o 2023, y que han supuesto una inversi\u00f3n de algo m\u00e1s de 65.000 \u20ac<\/p>\n<p style=\"text-align: justify;\">Las actuaciones en construcci\u00f3n de unidades de enterramiento tipo nichos han supuesto algo m\u00e1s del 50% de la inversi\u00f3n, completando la manzana del grupo 24 sumando 60 nichos a los 60 ya existentes.<\/p>\n<p style=\"text-align: justify;\">Le han seguido las obras de demolici\u00f3n del antiguo almac\u00e9n (e inicialmente, en 1911, Cementerio Civil) y la urbanizaci\u00f3n y reacondicionamiento de la zona para albergar el pr\u00f3ximo bloque de nichos que construir\u00e1 el Consistorio, costando cerca del 30% de la inversi\u00f3n ejecutada<\/p>\n<p style=\"text-align: justify;\">La Capilla, as\u00ed como el Pante\u00f3n Municipal (nombrado como Familia Golf, antiguos propietarios), siendo rehabilitado el mismo y recuperado como valor patrimonial y para poder cumplir el uso para el que fue previsto, ha tenido un coste de aproximadamente el 15% del total invertido en 2023; mientras que el adecentamiento del Grupo de Nichos n\u00ba 22, con la ejecuci\u00f3n del muro caravista lateral izquierdo ha supuesto aproximadamente el 5% de la actuaci\u00f3n municipal.<\/p>\n<p style=\"text-align: justify;\">El Alcalde adelantaba que ya se est\u00e1n programando las actuaciones que este a\u00f1o se ejecutar\u00e1n en el Camposanto, en la cual la m\u00e1s importante ser\u00e1 la aprobaci\u00f3n del proyecto de ampliaci\u00f3n, y la proyecci\u00f3n de las obras de la 1\u00aa Fase del mismo, entre otras actuaciones de menor calado pero necesarias para una \u00f3ptima prestaci\u00f3n de los servicios.<\/p>\n<p><a href=\"https:\/\/www.caudete.org\/ayuntamiento\/?attachment_id=24099\"><img fetchpriority=\"high\" decoding=\"async\" class=\"alignnone wp-image-24099 size-full\" src=\"https:\/\/www.caudete.org\/ayuntamiento\/wp-content\/uploads\/2024\/01\/WhatsApp-Image-2024-01-10-at-21.06.03.jpeg\" rel='prettyPhoto' alt=\"\" width=\"2048\" height=\"1536\" srcset=\"https:\/\/www.caudete.org\/ayuntamiento\/wp-content\/uploads\/2024\/01\/WhatsApp-Image-2024-01-10-at-21.06.03.jpeg 2048w, https:\/\/www.caudete.org\/ayuntamiento\/wp-content\/uploads\/2024\/01\/WhatsApp-Image-2024-01-10-at-21.06.03-300x225.jpeg 300w, https:\/\/www.caudete.org\/ayuntamiento\/wp-content\/uploads\/2024\/01\/WhatsApp-Image-2024-01-10-at-21.06.03-1024x768.jpeg 1024w, https:\/\/www.caudete.org\/ayuntamiento\/wp-content\/uploads\/2024\/01\/WhatsApp-Image-2024-01-10-at-21.06.03-768x576.jpeg 768w, https:\/\/www.caudete.org\/ayuntamiento\/wp-content\/uploads\/2024\/01\/WhatsApp-Image-2024-01-10-at-21.06.03-1536x1152.jpeg 1536w\" sizes=\"(max-width: 2048px) 100vw, 2048px\" \/><\/a> <a href=\"https:\/\/www.caudete.org\/ayuntamiento\/wp-content\/uploads\/2024\/01\/WhatsApp-Image-2024-01-10-at-20.49.33.jpeg\" rel='prettyPhoto'><img decoding=\"async\" class=\"alignnone wp-image-24100 size-full\" src=\"https:\/\/www.caudete.org\/ayuntamiento\/wp-content\/uploads\/2024\/01\/WhatsApp-Image-2024-01-10-at-20.49.33.jpeg\" alt=\"\" width=\"1599\" height=\"1200\" srcset=\"https:\/\/www.caudete.org\/ayuntamiento\/wp-content\/uploads\/2024\/01\/WhatsApp-Image-2024-01-10-at-20.49.33.jpeg 1599w, https:\/\/www.caudete.org\/ayuntamiento\/wp-content\/uploads\/2024\/01\/WhatsApp-Image-2024-01-10-at-20.49.33-300x225.jpeg 300w, https:\/\/www.caudete.org\/ayuntamiento\/wp-content\/uploads\/2024\/01\/WhatsApp-Image-2024-01-10-at-20.49.33-1024x768.jpeg 1024w, https:\/\/www.caudete.org\/ayuntamiento\/wp-content\/uploads\/2024\/01\/WhatsApp-Image-2024-01-10-at-20.49.33-768x576.jpeg 768w, https:\/\/www.caudete.org\/ayuntamiento\/wp-content\/uploads\/2024\/01\/WhatsApp-Image-2024-01-10-at-20.49.33-1536x1153.jpeg 1536w\" sizes=\"(max-width: 1599px) 100vw, 1599px\" \/><\/a> <a href=\"https:\/\/www.caudete.org\/ayuntamiento\/wp-content\/uploads\/2024\/01\/IMG_20231231_174155-scaled.jpg\" rel='prettyPhoto'><img decoding=\"async\" class=\"alignnone wp-image-24103 size-full\" src=\"https:\/\/www.caudete.org\/ayuntamiento\/wp-content\/uploads\/2024\/01\/IMG_20231231_174155-scaled.jpg\" alt=\"\" width=\"2560\" height=\"1920\" srcset=\"https:\/\/www.caudete.org\/ayuntamiento\/wp-content\/uploads\/2024\/01\/IMG_20231231_174155-scaled.jpg 2560w, https:\/\/www.caudete.org\/ayuntamiento\/wp-content\/uploads\/2024\/01\/IMG_20231231_174155-300x225.jpg 300w, https:\/\/www.caudete.org\/ayuntamiento\/wp-content\/uploads\/2024\/01\/IMG_20231231_174155-1024x768.jpg 1024w, https:\/\/www.caudete.org\/ayuntamiento\/wp-content\/uploads\/2024\/01\/IMG_20231231_174155-768x576.jpg 768w, https:\/\/www.caudete.org\/ayuntamiento\/wp-content\/uploads\/2024\/01\/IMG_20231231_174155-1536x1152.jpg 1536w, https:\/\/www.caudete.org\/ayuntamiento\/wp-content\/uploads\/2024\/01\/IMG_20231231_174155-2048x1536.jpg 2048w\" sizes=\"(max-width: 2560px) 100vw, 2560px\" \/><\/a> <a href=\"https:\/\/www.caudete.org\/ayuntamiento\/wp-content\/uploads\/2024\/01\/IMG_20231231_174204-scaled.jpg\" rel='prettyPhoto'><img loading=\"lazy\" decoding=\"async\" class=\"alignnone wp-image-24104 size-full\" src=\"https:\/\/www.caudete.org\/ayuntamiento\/wp-content\/uploads\/2024\/01\/IMG_20231231_174204-scaled.jpg\" alt=\"\" width=\"2560\" height=\"1920\" srcset=\"https:\/\/www.caudete.org\/ayuntamiento\/wp-content\/uploads\/2024\/01\/IMG_20231231_174204-scaled.jpg 2560w, https:\/\/www.caudete.org\/ayuntamiento\/wp-content\/uploads\/2024\/01\/IMG_20231231_174204-300x225.jpg 300w, https:\/\/www.caudete.org\/ayuntamiento\/wp-content\/uploads\/2024\/01\/IMG_20231231_174204-1024x768.jpg 1024w, https:\/\/www.caudete.org\/ayuntamiento\/wp-content\/uploads\/2024\/01\/IMG_20231231_174204-768x576.jpg 768w, https:\/\/www.caudete.org\/ayuntamiento\/wp-content\/uploads\/2024\/01\/IMG_20231231_174204-1536x1152.jpg 1536w, https:\/\/www.caudete.org\/ayuntamiento\/wp-content\/uploads\/2024\/01\/IMG_20231231_174204-2048x1536.jpg 2048w\" sizes=\"(max-width: 2560px) 100vw, 2560px\" \/><\/a> <a href=\"https:\/\/www.caudete.org\/ayuntamiento\/wp-content\/uploads\/2024\/01\/IMG_20231231_174112-scaled.jpg\" rel='prettyPhoto'><img loading=\"lazy\" decoding=\"async\" class=\"alignnone wp-image-24102 size-full\" src=\"https:\/\/www.caudete.org\/ayuntamiento\/wp-content\/uploads\/2024\/01\/IMG_20231231_174112-scaled.jpg\" alt=\"\" width=\"2560\" height=\"1920\" srcset=\"https:\/\/www.caudete.org\/ayuntamiento\/wp-content\/uploads\/2024\/01\/IMG_20231231_174112-scaled.jpg 2560w, https:\/\/www.caudete.org\/ayuntamiento\/wp-content\/uploads\/2024\/01\/IMG_20231231_174112-300x225.jpg 300w, https:\/\/www.caudete.org\/ayuntamiento\/wp-content\/uploads\/2024\/01\/IMG_20231231_174112-1024x768.jpg 1024w, https:\/\/www.caudete.org\/ayuntamiento\/wp-content\/uploads\/2024\/01\/IMG_20231231_174112-768x576.jpg 768w, https:\/\/www.caudete.org\/ayuntamiento\/wp-content\/uploads\/2024\/01\/IMG_20231231_174112-1536x1152.jpg 1536w, https:\/\/www.caudete.org\/ayuntamiento\/wp-content\/uploads\/2024\/01\/IMG_20231231_174112-2048x1536.jpg 2048w\" sizes=\"(max-width: 2560px) 100vw, 2560px\" \/><\/a><\/p>\n<p>&nbsp;<\/p>\n<p>&nbsp;<\/p>\n<p>38.659,50 \u20ac nichos<\/p>\n<p>4.356 \u20ac correa<\/p>\n<p>7.629,56 \u20ac mat capilla<\/p>\n<p>1.512,50 \u20ac dem losa<\/p>\n<p>4.840,00 \u20ac dem almacen<\/p>\n<p>1.185,80 \u20ac pint panteon<\/p>\n<p>2.178,00 \u20ac obr panteon<\/p>\n<p>5.244,14 \u20ac pinaculos pant<\/p>\n<p>TOTAL\u00a0 65.605.50<\/p>\n<p>&nbsp;<\/p>\n","protected":false},"excerpt":{"rendered":"<p>El Alcalde Mois\u00e9s L\u00f3pez, encargado entre otras de la gesti\u00f3n municipal del Cementerio, ha informado de la finalizaci\u00f3n de las obras de mejora previstas para el reci\u00e9n cerrado a\u00f1o 2023, y que han supuesto una inversi\u00f3n de algo m\u00e1s de 65.000 \u20ac Las actuaciones en construcci\u00f3n de unidades de enterramiento tipo nichos han supuesto algo &hellip;<\/p>\n","protected":false},"author":3,"featured_media":24101,"comment_status":"closed","ping_status":"open","sticky":false,"template":"","format":"standard","meta":{"ngg_post_thumbnail":0,"footnotes":""},"categories":[30],"tags":[],"class_list":["post-24098","post","type-post","status-publish","format-standard","has-post-thumbnail","hentry","category-cementerio"],"yoast_head":"<!-- This site is optimized with the Yoast SEO plugin v27.4 - https:\/\/yoast.com\/product\/yoast-seo-wordpress\/ -->\n<title>Finalizadas las obras de mejora del Cementerio previstas para 2023, con m\u00e1s de 65.000\u20ac de inversi\u00f3n - MI Ayuntamiento de Caudete<\/title>\n<meta name=\"description\" content=\"P\u00e1gina Oficial del Ayuntamiento de Caudete (Albacete)\" \/>\n<meta name=\"robots\" content=\"index, follow, max-snippet:-1, max-image-preview:large, max-video-preview:-1\" \/>\n<link rel=\"canonical\" href=\"https:\/\/www.caudete.org\/ayuntamiento\/finalizadas-las-obras-de-mejora-del-cementerio-previstas-para-2023-con-mas-de-65-000e-de-inversion\/\" \/>\n<meta property=\"og:locale\" content=\"es_ES\" \/>\n<meta property=\"og:type\" content=\"article\" \/>\n<meta property=\"og:title\" content=\"Finalizadas las obras de mejora del Cementerio previstas para 2023, con m\u00e1s de 65.000\u20ac de inversi\u00f3n - MI Ayuntamiento de Caudete\" \/>\n<meta property=\"og:description\" content=\"P\u00e1gina Oficial del Ayuntamiento de Caudete (Albacete)\" \/>\n<meta property=\"og:url\" content=\"https:\/\/www.caudete.org\/ayuntamiento\/finalizadas-las-obras-de-mejora-del-cementerio-previstas-para-2023-con-mas-de-65-000e-de-inversion\/\" \/>\n<meta property=\"og:site_name\" content=\"MI Ayuntamiento de Caudete\" \/>\n<meta property=\"article:publisher\" content=\"https:\/\/www.facebook.com\/ayuntamientocaudete\/\" \/>\n<meta property=\"article:published_time\" content=\"2024-01-10T20:46:09+00:00\" \/>\n<meta property=\"og:image\" content=\"https:\/\/www.caudete.org\/ayuntamiento\/wp-content\/uploads\/2024\/01\/WhatsApp-Image-2024-01-10-at-20.49.30.jpeg\" \/>\n\t<meta property=\"og:image:width\" content=\"1599\" \/>\n\t<meta property=\"og:image:height\" content=\"1200\" \/>\n\t<meta property=\"og:image:type\" content=\"image\/jpeg\" \/>\n<meta name=\"author\" content=\"alcalde\" \/>\n<meta name=\"twitter:card\" content=\"summary_large_image\" \/>\n<meta name=\"twitter:label1\" content=\"Escrito por\" \/>\n\t<meta name=\"twitter:data1\" content=\"alcalde\" \/>\n\t<meta name=\"twitter:label2\" content=\"Tiempo de lectura\" \/>\n\t<meta name=\"twitter:data2\" content=\"3 minutos\" \/>\n<script type=\"application\/ld+json\" class=\"yoast-schema-graph\">{\"@context\":\"https:\\\/\\\/schema.org\",\"@graph\":[{\"@type\":\"Article\",\"@id\":\"https:\\\/\\\/www.caudete.org\\\/ayuntamiento\\\/finalizadas-las-obras-de-mejora-del-cementerio-previstas-para-2023-con-mas-de-65-000e-de-inversion\\\/#article\",\"isPartOf\":{\"@id\":\"https:\\\/\\\/www.caudete.org\\\/ayuntamiento\\\/finalizadas-las-obras-de-mejora-del-cementerio-previstas-para-2023-con-mas-de-65-000e-de-inversion\\\/\"},\"author\":{\"name\":\"alcalde\",\"@id\":\"https:\\\/\\\/www.caudete.org\\\/ayuntamiento\\\/#\\\/schema\\\/person\\\/cc646da9133078ee4d8dd47457947253\"},\"headline\":\"Finalizadas las obras de mejora del Cementerio previstas para 2023, con m\u00e1s de 65.000\u20ac de inversi\u00f3n\",\"datePublished\":\"2024-01-10T20:46:09+00:00\",\"mainEntityOfPage\":{\"@id\":\"https:\\\/\\\/www.caudete.org\\\/ayuntamiento\\\/finalizadas-las-obras-de-mejora-del-cementerio-previstas-para-2023-con-mas-de-65-000e-de-inversion\\\/\"},\"wordCount\":296,\"publisher\":{\"@id\":\"https:\\\/\\\/www.caudete.org\\\/ayuntamiento\\\/#organization\"},\"image\":{\"@id\":\"https:\\\/\\\/www.caudete.org\\\/ayuntamiento\\\/finalizadas-las-obras-de-mejora-del-cementerio-previstas-para-2023-con-mas-de-65-000e-de-inversion\\\/#primaryimage\"},\"thumbnailUrl\":\"https:\\\/\\\/www.caudete.org\\\/ayuntamiento\\\/wp-content\\\/uploads\\\/2024\\\/01\\\/WhatsApp-Image-2024-01-10-at-20.49.30.jpeg\",\"articleSection\":[\"Cementerio\"],\"inLanguage\":\"es\"},{\"@type\":\"WebPage\",\"@id\":\"https:\\\/\\\/www.caudete.org\\\/ayuntamiento\\\/finalizadas-las-obras-de-mejora-del-cementerio-previstas-para-2023-con-mas-de-65-000e-de-inversion\\\/\",\"url\":\"https:\\\/\\\/www.caudete.org\\\/ayuntamiento\\\/finalizadas-las-obras-de-mejora-del-cementerio-previstas-para-2023-con-mas-de-65-000e-de-inversion\\\/\",\"name\":\"Finalizadas las obras de mejora del Cementerio previstas para 2023, con m\u00e1s de 65.000\u20ac de inversi\u00f3n - MI Ayuntamiento de Caudete\",\"isPartOf\":{\"@id\":\"https:\\\/\\\/www.caudete.org\\\/ayuntamiento\\\/#website\"},\"primaryImageOfPage\":{\"@id\":\"https:\\\/\\\/www.caudete.org\\\/ayuntamiento\\\/finalizadas-las-obras-de-mejora-del-cementerio-previstas-para-2023-con-mas-de-65-000e-de-inversion\\\/#primaryimage\"},\"image\":{\"@id\":\"https:\\\/\\\/www.caudete.org\\\/ayuntamiento\\\/finalizadas-las-obras-de-mejora-del-cementerio-previstas-para-2023-con-mas-de-65-000e-de-inversion\\\/#primaryimage\"},\"thumbnailUrl\":\"https:\\\/\\\/www.caudete.org\\\/ayuntamiento\\\/wp-content\\\/uploads\\\/2024\\\/01\\\/WhatsApp-Image-2024-01-10-at-20.49.30.jpeg\",\"datePublished\":\"2024-01-10T20:46:09+00:00\",\"description\":\"P\u00e1gina Oficial del Ayuntamiento de Caudete (Albacete)\",\"breadcrumb\":{\"@id\":\"https:\\\/\\\/www.caudete.org\\\/ayuntamiento\\\/finalizadas-las-obras-de-mejora-del-cementerio-previstas-para-2023-con-mas-de-65-000e-de-inversion\\\/#breadcrumb\"},\"inLanguage\":\"es\",\"potentialAction\":[{\"@type\":\"ReadAction\",\"target\":[\"https:\\\/\\\/www.caudete.org\\\/ayuntamiento\\\/finalizadas-las-obras-de-mejora-del-cementerio-previstas-para-2023-con-mas-de-65-000e-de-inversion\\\/\"]}]},{\"@type\":\"ImageObject\",\"inLanguage\":\"es\",\"@id\":\"https:\\\/\\\/www.caudete.org\\\/ayuntamiento\\\/finalizadas-las-obras-de-mejora-del-cementerio-previstas-para-2023-con-mas-de-65-000e-de-inversion\\\/#primaryimage\",\"url\":\"https:\\\/\\\/www.caudete.org\\\/ayuntamiento\\\/wp-content\\\/uploads\\\/2024\\\/01\\\/WhatsApp-Image-2024-01-10-at-20.49.30.jpeg\",\"contentUrl\":\"https:\\\/\\\/www.caudete.org\\\/ayuntamiento\\\/wp-content\\\/uploads\\\/2024\\\/01\\\/WhatsApp-Image-2024-01-10-at-20.49.30.jpeg\",\"width\":1599,\"height\":1200},{\"@type\":\"BreadcrumbList\",\"@id\":\"https:\\\/\\\/www.caudete.org\\\/ayuntamiento\\\/finalizadas-las-obras-de-mejora-del-cementerio-previstas-para-2023-con-mas-de-65-000e-de-inversion\\\/#breadcrumb\",\"itemListElement\":[{\"@type\":\"ListItem\",\"position\":1,\"name\":\"Inicio\",\"item\":\"https:\\\/\\\/www.caudete.org\\\/ayuntamiento\\\/\"},{\"@type\":\"ListItem\",\"position\":2,\"name\":\"Finalizadas las obras de mejora del Cementerio previstas para 2023, con m\u00e1s de 65.000\u20ac de inversi\u00f3n\"}]},{\"@type\":\"WebSite\",\"@id\":\"https:\\\/\\\/www.caudete.org\\\/ayuntamiento\\\/#website\",\"url\":\"https:\\\/\\\/www.caudete.org\\\/ayuntamiento\\\/\",\"name\":\"MI Ayuntamiento de Caudete\",\"description\":\"P\u00e1gina Oficial del MI Ayuntamiento de Caudete\",\"publisher\":{\"@id\":\"https:\\\/\\\/www.caudete.org\\\/ayuntamiento\\\/#organization\"},\"potentialAction\":[{\"@type\":\"SearchAction\",\"target\":{\"@type\":\"EntryPoint\",\"urlTemplate\":\"https:\\\/\\\/www.caudete.org\\\/ayuntamiento\\\/?s={search_term_string}\"},\"query-input\":{\"@type\":\"PropertyValueSpecification\",\"valueRequired\":true,\"valueName\":\"search_term_string\"}}],\"inLanguage\":\"es\"},{\"@type\":\"Organization\",\"@id\":\"https:\\\/\\\/www.caudete.org\\\/ayuntamiento\\\/#organization\",\"name\":\"Ayuntamiento de Caudete\",\"url\":\"https:\\\/\\\/www.caudete.org\\\/ayuntamiento\\\/\",\"logo\":{\"@type\":\"ImageObject\",\"inLanguage\":\"es\",\"@id\":\"https:\\\/\\\/www.caudete.org\\\/ayuntamiento\\\/#\\\/schema\\\/logo\\\/image\\\/\",\"url\":\"https:\\\/\\\/www.caudete.org\\\/ayuntamiento\\\/wp-content\\\/uploads\\\/2020\\\/11\\\/logo_ayuntamiento_caudete.jpg\",\"contentUrl\":\"https:\\\/\\\/www.caudete.org\\\/ayuntamiento\\\/wp-content\\\/uploads\\\/2020\\\/11\\\/logo_ayuntamiento_caudete.jpg\",\"width\":600,\"height\":150,\"caption\":\"Ayuntamiento de Caudete\"},\"image\":{\"@id\":\"https:\\\/\\\/www.caudete.org\\\/ayuntamiento\\\/#\\\/schema\\\/logo\\\/image\\\/\"},\"sameAs\":[\"https:\\\/\\\/www.facebook.com\\\/ayuntamientocaudete\\\/\",\"https:\\\/\\\/www.youtube.com\\\/channel\\\/UC6VztHaooNsGpw-tNoBEFnQ\"]},{\"@type\":\"Person\",\"@id\":\"https:\\\/\\\/www.caudete.org\\\/ayuntamiento\\\/#\\\/schema\\\/person\\\/cc646da9133078ee4d8dd47457947253\",\"name\":\"alcalde\",\"image\":{\"@type\":\"ImageObject\",\"inLanguage\":\"es\",\"@id\":\"https:\\\/\\\/secure.gravatar.com\\\/avatar\\\/84a817ba065b29ff08d666b215a215f5c79186a645ccb25b14a663d48a130f77?s=96&d=mm&r=g\",\"url\":\"https:\\\/\\\/secure.gravatar.com\\\/avatar\\\/84a817ba065b29ff08d666b215a215f5c79186a645ccb25b14a663d48a130f77?s=96&d=mm&r=g\",\"contentUrl\":\"https:\\\/\\\/secure.gravatar.com\\\/avatar\\\/84a817ba065b29ff08d666b215a215f5c79186a645ccb25b14a663d48a130f77?s=96&d=mm&r=g\",\"caption\":\"alcalde\"},\"url\":\"https:\\\/\\\/www.caudete.org\\\/ayuntamiento\\\/author\\\/alcalde\\\/\"}]}<\/script>\n<!-- \/ Yoast SEO plugin. -->","yoast_head_json":{"title":"Finalizadas las obras de mejora del Cementerio previstas para 2023, con m\u00e1s de 65.000\u20ac de inversi\u00f3n - MI Ayuntamiento de Caudete","description":"P\u00e1gina Oficial del Ayuntamiento de Caudete (Albacete)","robots":{"index":"index","follow":"follow","max-snippet":"max-snippet:-1","max-image-preview":"max-image-preview:large","max-video-preview":"max-video-preview:-1"},"canonical":"https:\/\/www.caudete.org\/ayuntamiento\/finalizadas-las-obras-de-mejora-del-cementerio-previstas-para-2023-con-mas-de-65-000e-de-inversion\/","og_locale":"es_ES","og_type":"article","og_title":"Finalizadas las obras de mejora del Cementerio previstas para 2023, con m\u00e1s de 65.000\u20ac de inversi\u00f3n - MI Ayuntamiento de Caudete","og_description":"P\u00e1gina Oficial del Ayuntamiento de Caudete (Albacete)","og_url":"https:\/\/www.caudete.org\/ayuntamiento\/finalizadas-las-obras-de-mejora-del-cementerio-previstas-para-2023-con-mas-de-65-000e-de-inversion\/","og_site_name":"MI Ayuntamiento de Caudete","article_publisher":"https:\/\/www.facebook.com\/ayuntamientocaudete\/","article_published_time":"2024-01-10T20:46:09+00:00","og_image":[{"width":1599,"height":1200,"url":"https:\/\/www.caudete.org\/ayuntamiento\/wp-content\/uploads\/2024\/01\/WhatsApp-Image-2024-01-10-at-20.49.30.jpeg","type":"image\/jpeg"}],"author":"alcalde","twitter_card":"summary_large_image","twitter_misc":{"Escrito por":"alcalde","Tiempo de lectura":"3 minutos"},"schema":{"@context":"https:\/\/schema.org","@graph":[{"@type":"Article","@id":"https:\/\/www.caudete.org\/ayuntamiento\/finalizadas-las-obras-de-mejora-del-cementerio-previstas-para-2023-con-mas-de-65-000e-de-inversion\/#article","isPartOf":{"@id":"https:\/\/www.caudete.org\/ayuntamiento\/finalizadas-las-obras-de-mejora-del-cementerio-previstas-para-2023-con-mas-de-65-000e-de-inversion\/"},"author":{"name":"alcalde","@id":"https:\/\/www.caudete.org\/ayuntamiento\/#\/schema\/person\/cc646da9133078ee4d8dd47457947253"},"headline":"Finalizadas las obras de mejora del Cementerio previstas para 2023, con m\u00e1s de 65.000\u20ac de inversi\u00f3n","datePublished":"2024-01-10T20:46:09+00:00","mainEntityOfPage":{"@id":"https:\/\/www.caudete.org\/ayuntamiento\/finalizadas-las-obras-de-mejora-del-cementerio-previstas-para-2023-con-mas-de-65-000e-de-inversion\/"},"wordCount":296,"publisher":{"@id":"https:\/\/www.caudete.org\/ayuntamiento\/#organization"},"image":{"@id":"https:\/\/www.caudete.org\/ayuntamiento\/finalizadas-las-obras-de-mejora-del-cementerio-previstas-para-2023-con-mas-de-65-000e-de-inversion\/#primaryimage"},"thumbnailUrl":"https:\/\/www.caudete.org\/ayuntamiento\/wp-content\/uploads\/2024\/01\/WhatsApp-Image-2024-01-10-at-20.49.30.jpeg","articleSection":["Cementerio"],"inLanguage":"es"},{"@type":"WebPage","@id":"https:\/\/www.caudete.org\/ayuntamiento\/finalizadas-las-obras-de-mejora-del-cementerio-previstas-para-2023-con-mas-de-65-000e-de-inversion\/","url":"https:\/\/www.caudete.org\/ayuntamiento\/finalizadas-las-obras-de-mejora-del-cementerio-previstas-para-2023-con-mas-de-65-000e-de-inversion\/","name":"Finalizadas las obras de mejora del Cementerio previstas para 2023, con m\u00e1s de 65.000\u20ac de inversi\u00f3n - MI Ayuntamiento de Caudete","isPartOf":{"@id":"https:\/\/www.caudete.org\/ayuntamiento\/#website"},"primaryImageOfPage":{"@id":"https:\/\/www.caudete.org\/ayuntamiento\/finalizadas-las-obras-de-mejora-del-cementerio-previstas-para-2023-con-mas-de-65-000e-de-inversion\/#primaryimage"},"image":{"@id":"https:\/\/www.caudete.org\/ayuntamiento\/finalizadas-las-obras-de-mejora-del-cementerio-previstas-para-2023-con-mas-de-65-000e-de-inversion\/#primaryimage"},"thumbnailUrl":"https:\/\/www.caudete.org\/ayuntamiento\/wp-content\/uploads\/2024\/01\/WhatsApp-Image-2024-01-10-at-20.49.30.jpeg","datePublished":"2024-01-10T20:46:09+00:00","description":"P\u00e1gina Oficial del Ayuntamiento de Caudete (Albacete)","breadcrumb":{"@id":"https:\/\/www.caudete.org\/ayuntamiento\/finalizadas-las-obras-de-mejora-del-cementerio-previstas-para-2023-con-mas-de-65-000e-de-inversion\/#breadcrumb"},"inLanguage":"es","potentialAction":[{"@type":"ReadAction","target":["https:\/\/www.caudete.org\/ayuntamiento\/finalizadas-las-obras-de-mejora-del-cementerio-previstas-para-2023-con-mas-de-65-000e-de-inversion\/"]}]},{"@type":"ImageObject","inLanguage":"es","@id":"https:\/\/www.caudete.org\/ayuntamiento\/finalizadas-las-obras-de-mejora-del-cementerio-previstas-para-2023-con-mas-de-65-000e-de-inversion\/#primaryimage","url":"https:\/\/www.caudete.org\/ayuntamiento\/wp-content\/uploads\/2024\/01\/WhatsApp-Image-2024-01-10-at-20.49.30.jpeg","contentUrl":"https:\/\/www.caudete.org\/ayuntamiento\/wp-content\/uploads\/2024\/01\/WhatsApp-Image-2024-01-10-at-20.49.30.jpeg","width":1599,"height":1200},{"@type":"BreadcrumbList","@id":"https:\/\/www.caudete.org\/ayuntamiento\/finalizadas-las-obras-de-mejora-del-cementerio-previstas-para-2023-con-mas-de-65-000e-de-inversion\/#breadcrumb","itemListElement":[{"@type":"ListItem","position":1,"name":"Inicio","item":"https:\/\/www.caudete.org\/ayuntamiento\/"},{"@type":"ListItem","position":2,"name":"Finalizadas las obras de mejora del Cementerio previstas para 2023, con m\u00e1s de 65.000\u20ac de inversi\u00f3n"}]},{"@type":"WebSite","@id":"https:\/\/www.caudete.org\/ayuntamiento\/#website","url":"https:\/\/www.caudete.org\/ayuntamiento\/","name":"MI Ayuntamiento de Caudete","description":"P\u00e1gina Oficial del MI Ayuntamiento de Caudete","publisher":{"@id":"https:\/\/www.caudete.org\/ayuntamiento\/#organization"},"potentialAction":[{"@type":"SearchAction","target":{"@type":"EntryPoint","urlTemplate":"https:\/\/www.caudete.org\/ayuntamiento\/?s={search_term_string}"},"query-input":{"@type":"PropertyValueSpecification","valueRequired":true,"valueName":"search_term_string"}}],"inLanguage":"es"},{"@type":"Organization","@id":"https:\/\/www.caudete.org\/ayuntamiento\/#organization","name":"Ayuntamiento de Caudete","url":"https:\/\/www.caudete.org\/ayuntamiento\/","logo":{"@type":"ImageObject","inLanguage":"es","@id":"https:\/\/www.caudete.org\/ayuntamiento\/#\/schema\/logo\/image\/","url":"https:\/\/www.caudete.org\/ayuntamiento\/wp-content\/uploads\/2020\/11\/logo_ayuntamiento_caudete.jpg","contentUrl":"https:\/\/www.caudete.org\/ayuntamiento\/wp-content\/uploads\/2020\/11\/logo_ayuntamiento_caudete.jpg","width":600,"height":150,"caption":"Ayuntamiento de Caudete"},"image":{"@id":"https:\/\/www.caudete.org\/ayuntamiento\/#\/schema\/logo\/image\/"},"sameAs":["https:\/\/www.facebook.com\/ayuntamientocaudete\/","https:\/\/www.youtube.com\/channel\/UC6VztHaooNsGpw-tNoBEFnQ"]},{"@type":"Person","@id":"https:\/\/www.caudete.org\/ayuntamiento\/#\/schema\/person\/cc646da9133078ee4d8dd47457947253","name":"alcalde","image":{"@type":"ImageObject","inLanguage":"es","@id":"https:\/\/secure.gravatar.com\/avatar\/84a817ba065b29ff08d666b215a215f5c79186a645ccb25b14a663d48a130f77?s=96&d=mm&r=g","url":"https:\/\/secure.gravatar.com\/avatar\/84a817ba065b29ff08d666b215a215f5c79186a645ccb25b14a663d48a130f77?s=96&d=mm&r=g","contentUrl":"https:\/\/secure.gravatar.com\/avatar\/84a817ba065b29ff08d666b215a215f5c79186a645ccb25b14a663d48a130f77?s=96&d=mm&r=g","caption":"alcalde"},"url":"https:\/\/www.caudete.org\/ayuntamiento\/author\/alcalde\/"}]}},"_links":{"self":[{"href":"https:\/\/www.caudete.org\/ayuntamiento\/wp-json\/wp\/v2\/posts\/24098","targetHints":{"allow":["GET"]}}],"collection":[{"href":"https:\/\/www.caudete.org\/ayuntamiento\/wp-json\/wp\/v2\/posts"}],"about":[{"href":"https:\/\/www.caudete.org\/ayuntamiento\/wp-json\/wp\/v2\/types\/post"}],"author":[{"embeddable":true,"href":"https:\/\/www.caudete.org\/ayuntamiento\/wp-json\/wp\/v2\/users\/3"}],"replies":[{"embeddable":true,"href":"https:\/\/www.caudete.org\/ayuntamiento\/wp-json\/wp\/v2\/comments?post=24098"}],"version-history":[{"count":1,"href":"https:\/\/www.caudete.org\/ayuntamiento\/wp-json\/wp\/v2\/posts\/24098\/revisions"}],"predecessor-version":[{"id":24105,"href":"https:\/\/www.caudete.org\/ayuntamiento\/wp-json\/wp\/v2\/posts\/24098\/revisions\/24105"}],"wp:featuredmedia":[{"embeddable":true,"href":"https:\/\/www.caudete.org\/ayuntamiento\/wp-json\/wp\/v2\/media\/24101"}],"wp:attachment":[{"href":"https:\/\/www.caudete.org\/ayuntamiento\/wp-json\/wp\/v2\/media?parent=24098"}],"wp:term":[{"taxonomy":"category","embeddable":true,"href":"https:\/\/www.caudete.org\/ayuntamiento\/wp-json\/wp\/v2\/categories?post=24098"},{"taxonomy":"post_tag","embeddable":true,"href":"https:\/\/www.caudete.org\/ayuntamiento\/wp-json\/wp\/v2\/tags?post=24098"}],"curies":[{"name":"wp","href":"https:\/\/api.w.org\/{rel}","templated":true}]}}