{"id":24106,"date":"2024-01-10T22:07:50","date_gmt":"2024-01-10T21:07:50","guid":{"rendered":"https:\/\/www.caudete.org\/ayuntamiento\/?p=24106"},"modified":"2024-01-10T22:07:50","modified_gmt":"2024-01-10T21:07:50","slug":"el-estudio-arqueologico-de-las-molduras-aparecidas-el-pasado-ano-concluyen-el-nulo-valor-arqueologico-y-las-datan-en-finales-del-s-xix","status":"publish","type":"post","link":"https:\/\/www.caudete.org\/ayuntamiento\/el-estudio-arqueologico-de-las-molduras-aparecidas-el-pasado-ano-concluyen-el-nulo-valor-arqueologico-y-las-datan-en-finales-del-s-xix\/","title":{"rendered":"El estudio arqueol\u00f3gico de las molduras aparecidas el pasado a\u00f1o, concluyen el nulo valor arqueol\u00f3gico, y las datan en finales del S.XIX"},"content":{"rendered":"<p style=\"text-align: justify;\">El Concejal de Patrimonio, Diego Cuenca, ha informado a los medios acerca de los resultados del Estudio Arqueol\u00f3gico realizado a unos restos p\u00e9treos hallados superficialmente en el transcurso de unas obras municipales realizadas con motivo del ensanche de la Calle Puerta de la Villa.<\/p>\n<p style=\"text-align: justify;\">El informe, realizado por los arque\u00f3logos Gabriel M. Segura y Pascual Perdiguero concluyen tras su an\u00e1lisis que &#8220;<em>se puede afirmar el escaso o nulo valor arqueol\u00f3gico de las piezas halladas fortuitamente<\/em>&#8221; as\u00ed como que &#8220;<em>su nulo valor patrimonial, a la par que su deteriorado estado de conservaci\u00f3n con una avanzada meteorizaci\u00f3n de la piedra, hacen que no sea necesaria su conservaci\u00f3n ni restauraci\u00f3n<\/em>&#8220;.<\/p>\n<p style=\"text-align: justify;\">Todo ello, tras un estudio pormenorizado de las piezas, su levantamiento tridimensional, proceso comparativo, etc, del que se desprende que &#8220;<em>las piezas labradas aparecidas [&#8230;] son piezas descontextualizadas, halladas en posici\u00f3n secundaria, procedentes de un edificio [&#8230;], que fueron reutilizadas como mampuesto en la construcci\u00f3n de un muro medianero entre parcelas<\/em>&#8220;, as\u00ed como que &#8220;<em>su tipolog\u00eda y morfolog\u00eda permite identificarlas con molduras arquitect\u00f3nicas bien de la cornisa del alero de una fachada o bien el tablero inferior de un balc\u00f3n<\/em>&#8221; y que &#8220;<em>las piezas estuvieron utilizadas o en uso largo tiempo como evidencia las sucesivas capas de encalados\/enlucidos producto de las labores de mantenimiento continuo de la fachada<\/em>&#8220;, a lo que a\u00f1aden que &#8220;<em>a juzgar por su m\u00e9trica decimal y las dimensiones, se trata de piezas talladas en un momento indeterminado de la segunda mitad del siglo XIX, especialmente en su \u00faltimo cuarto (1880-1900), cuando m\u00e1s all\u00e1 de la entrada en vigor, las disposiciones oficiales obligan al uso del Sistema M\u00e9trico Decimal<\/em>&#8220;.<\/p>\n<p style=\"text-align: justify;\">Recuerda inicialmente el Concejal que fue durante las obras acometidas en la alineaci\u00f3n de dicha calle, mediante el retranqueo de la valla de dos solares, cuando aparecieron en Marzo de 2023 de forma fortuita dos elementos p\u00e9treos, de arenisca, que se corresponden con una moldura o cornisa, visibles en un rinc\u00f3n de la parcela, localizados superficialmente. Uno de los elementos, ligeramente cubierto de tierra en uno de sus extremos. La otra, hac\u00eda de \u00abpoyo\u00bb o \u00abasiento\u00bb por su rev\u00e9s para los propietarios, y hasta que no fue quitada de su lugar no se intu\u00eda que conten\u00eda talla.<\/p>\n<p style=\"text-align: justify;\">La zona del hallazgo fortuito, en concreto, no formaba parte de la Carta Arqueol\u00f3gica, por lo que a priori las obras no precisaban de control arqueol\u00f3gico o de seguimiento alguno. Adem\u00e1s, en el transcurso de as obras no se constataron m\u00e1s elementos p\u00e9treos ni de otra naturaleza aislados, ni restos constructivos de ning\u00fan tipo, por lo que no ha sido necesario contratar excavaci\u00f3n de urgencia.<\/p>\n<p style=\"text-align: justify;\">Por cuestiones de seguridad, se trasladaron los restos a dependencias municipales, y se dio traslado del hallazgo a la Delegaci\u00f3n Provincial competente, y se procedi\u00f3 a la contrataci\u00f3n de servicios profesionales para el estudio arqueol\u00f3gico correspondiente, habiendo trasladado las conclusiones al organismo auton\u00f3mico para su conocimiento y archivo del expediente.<\/p>\n<p><a href=\"https:\/\/www.caudete.org\/ayuntamiento\/wp-content\/uploads\/2024\/01\/restos-villa-isabel-1-caudete-digital-1.jpg\" rel='prettyPhoto'><img fetchpriority=\"high\" decoding=\"async\" class=\"alignnone wp-image-24107 size-full\" src=\"https:\/\/www.caudete.org\/ayuntamiento\/wp-content\/uploads\/2024\/01\/restos-villa-isabel-1-caudete-digital-1.jpg\" alt=\"\" width=\"1024\" height=\"522\" srcset=\"https:\/\/www.caudete.org\/ayuntamiento\/wp-content\/uploads\/2024\/01\/restos-villa-isabel-1-caudete-digital-1.jpg 1024w, https:\/\/www.caudete.org\/ayuntamiento\/wp-content\/uploads\/2024\/01\/restos-villa-isabel-1-caudete-digital-1-300x153.jpg 300w, https:\/\/www.caudete.org\/ayuntamiento\/wp-content\/uploads\/2024\/01\/restos-villa-isabel-1-caudete-digital-1-768x392.jpg 768w\" sizes=\"(max-width: 1024px) 100vw, 1024px\" \/><\/a><\/p>\n","protected":false},"excerpt":{"rendered":"<p>El Concejal de Patrimonio, Diego Cuenca, ha informado a los medios acerca de los resultados del Estudio Arqueol\u00f3gico realizado a unos restos p\u00e9treos hallados superficialmente en el transcurso de unas obras municipales realizadas con motivo del ensanche de la Calle Puerta de la Villa. El informe, realizado por los arque\u00f3logos Gabriel M. Segura y Pascual &hellip;<\/p>\n","protected":false},"author":3,"featured_media":24107,"comment_status":"closed","ping_status":"open","sticky":false,"template":"","format":"standard","meta":{"ngg_post_thumbnail":0,"footnotes":""},"categories":[45],"tags":[],"class_list":["post-24106","post","type-post","status-publish","format-standard","has-post-thumbnail","hentry","category-patrimonio"],"yoast_head":"<!-- This site is optimized with the Yoast SEO plugin v27.5 - https:\/\/yoast.com\/product\/yoast-seo-wordpress\/ -->\n<title>El estudio arqueol\u00f3gico de las molduras aparecidas el pasado a\u00f1o, concluyen el nulo valor arqueol\u00f3gico, y las datan en finales del S.XIX - MI Ayuntamiento de Caudete<\/title>\n<meta name=\"description\" content=\"P\u00e1gina Oficial del Ayuntamiento de Caudete (Albacete)\" \/>\n<meta name=\"robots\" content=\"index, follow, max-snippet:-1, max-image-preview:large, max-video-preview:-1\" \/>\n<link rel=\"canonical\" href=\"https:\/\/www.caudete.org\/ayuntamiento\/el-estudio-arqueologico-de-las-molduras-aparecidas-el-pasado-ano-concluyen-el-nulo-valor-arqueologico-y-las-datan-en-finales-del-s-xix\/\" \/>\n<meta property=\"og:locale\" content=\"es_ES\" \/>\n<meta property=\"og:type\" content=\"article\" \/>\n<meta property=\"og:title\" content=\"El estudio arqueol\u00f3gico de las molduras aparecidas el pasado a\u00f1o, concluyen el nulo valor arqueol\u00f3gico, y las datan en finales del S.XIX - MI Ayuntamiento de Caudete\" \/>\n<meta property=\"og:description\" content=\"P\u00e1gina Oficial del Ayuntamiento de Caudete (Albacete)\" \/>\n<meta property=\"og:url\" content=\"https:\/\/www.caudete.org\/ayuntamiento\/el-estudio-arqueologico-de-las-molduras-aparecidas-el-pasado-ano-concluyen-el-nulo-valor-arqueologico-y-las-datan-en-finales-del-s-xix\/\" \/>\n<meta property=\"og:site_name\" content=\"MI Ayuntamiento de Caudete\" \/>\n<meta property=\"article:publisher\" content=\"https:\/\/www.facebook.com\/ayuntamientocaudete\/\" \/>\n<meta property=\"article:published_time\" content=\"2024-01-10T21:07:50+00:00\" \/>\n<meta property=\"og:image\" content=\"https:\/\/www.caudete.org\/ayuntamiento\/wp-content\/uploads\/2024\/01\/restos-villa-isabel-1-caudete-digital-1.jpg\" \/>\n\t<meta property=\"og:image:width\" content=\"1024\" \/>\n\t<meta property=\"og:image:height\" content=\"522\" \/>\n\t<meta property=\"og:image:type\" content=\"image\/jpeg\" \/>\n<meta name=\"author\" content=\"alcalde\" \/>\n<meta name=\"twitter:card\" content=\"summary_large_image\" \/>\n<meta name=\"twitter:label1\" content=\"Escrito por\" \/>\n\t<meta name=\"twitter:data1\" content=\"alcalde\" \/>\n\t<meta name=\"twitter:label2\" content=\"Tiempo de lectura\" \/>\n\t<meta name=\"twitter:data2\" content=\"3 minutos\" \/>\n<script type=\"application\/ld+json\" class=\"yoast-schema-graph\">{\"@context\":\"https:\\\/\\\/schema.org\",\"@graph\":[{\"@type\":\"Article\",\"@id\":\"https:\\\/\\\/www.caudete.org\\\/ayuntamiento\\\/el-estudio-arqueologico-de-las-molduras-aparecidas-el-pasado-ano-concluyen-el-nulo-valor-arqueologico-y-las-datan-en-finales-del-s-xix\\\/#article\",\"isPartOf\":{\"@id\":\"https:\\\/\\\/www.caudete.org\\\/ayuntamiento\\\/el-estudio-arqueologico-de-las-molduras-aparecidas-el-pasado-ano-concluyen-el-nulo-valor-arqueologico-y-las-datan-en-finales-del-s-xix\\\/\"},\"author\":{\"name\":\"alcalde\",\"@id\":\"https:\\\/\\\/www.caudete.org\\\/ayuntamiento\\\/#\\\/schema\\\/person\\\/cc646da9133078ee4d8dd47457947253\"},\"headline\":\"El estudio arqueol\u00f3gico de las molduras aparecidas el pasado a\u00f1o, concluyen el nulo valor arqueol\u00f3gico, y las datan en finales del S.XIX\",\"datePublished\":\"2024-01-10T21:07:50+00:00\",\"mainEntityOfPage\":{\"@id\":\"https:\\\/\\\/www.caudete.org\\\/ayuntamiento\\\/el-estudio-arqueologico-de-las-molduras-aparecidas-el-pasado-ano-concluyen-el-nulo-valor-arqueologico-y-las-datan-en-finales-del-s-xix\\\/\"},\"wordCount\":542,\"image\":{\"@id\":\"https:\\\/\\\/www.caudete.org\\\/ayuntamiento\\\/el-estudio-arqueologico-de-las-molduras-aparecidas-el-pasado-ano-concluyen-el-nulo-valor-arqueologico-y-las-datan-en-finales-del-s-xix\\\/#primaryimage\"},\"thumbnailUrl\":\"https:\\\/\\\/www.caudete.org\\\/ayuntamiento\\\/wp-content\\\/uploads\\\/2024\\\/01\\\/restos-villa-isabel-1-caudete-digital-1.jpg\",\"articleSection\":[\"Patrimonio\"],\"inLanguage\":\"es\"},{\"@type\":\"WebPage\",\"@id\":\"https:\\\/\\\/www.caudete.org\\\/ayuntamiento\\\/el-estudio-arqueologico-de-las-molduras-aparecidas-el-pasado-ano-concluyen-el-nulo-valor-arqueologico-y-las-datan-en-finales-del-s-xix\\\/\",\"url\":\"https:\\\/\\\/www.caudete.org\\\/ayuntamiento\\\/el-estudio-arqueologico-de-las-molduras-aparecidas-el-pasado-ano-concluyen-el-nulo-valor-arqueologico-y-las-datan-en-finales-del-s-xix\\\/\",\"name\":\"El estudio arqueol\u00f3gico de las molduras aparecidas el pasado a\u00f1o, concluyen el nulo valor arqueol\u00f3gico, y las datan en finales del S.XIX - MI Ayuntamiento de Caudete\",\"isPartOf\":{\"@id\":\"https:\\\/\\\/www.caudete.org\\\/ayuntamiento\\\/#website\"},\"primaryImageOfPage\":{\"@id\":\"https:\\\/\\\/www.caudete.org\\\/ayuntamiento\\\/el-estudio-arqueologico-de-las-molduras-aparecidas-el-pasado-ano-concluyen-el-nulo-valor-arqueologico-y-las-datan-en-finales-del-s-xix\\\/#primaryimage\"},\"image\":{\"@id\":\"https:\\\/\\\/www.caudete.org\\\/ayuntamiento\\\/el-estudio-arqueologico-de-las-molduras-aparecidas-el-pasado-ano-concluyen-el-nulo-valor-arqueologico-y-las-datan-en-finales-del-s-xix\\\/#primaryimage\"},\"thumbnailUrl\":\"https:\\\/\\\/www.caudete.org\\\/ayuntamiento\\\/wp-content\\\/uploads\\\/2024\\\/01\\\/restos-villa-isabel-1-caudete-digital-1.jpg\",\"datePublished\":\"2024-01-10T21:07:50+00:00\",\"author\":{\"@id\":\"https:\\\/\\\/www.caudete.org\\\/ayuntamiento\\\/#\\\/schema\\\/person\\\/cc646da9133078ee4d8dd47457947253\"},\"description\":\"P\u00e1gina Oficial del Ayuntamiento de Caudete (Albacete)\",\"breadcrumb\":{\"@id\":\"https:\\\/\\\/www.caudete.org\\\/ayuntamiento\\\/el-estudio-arqueologico-de-las-molduras-aparecidas-el-pasado-ano-concluyen-el-nulo-valor-arqueologico-y-las-datan-en-finales-del-s-xix\\\/#breadcrumb\"},\"inLanguage\":\"es\",\"potentialAction\":[{\"@type\":\"ReadAction\",\"target\":[\"https:\\\/\\\/www.caudete.org\\\/ayuntamiento\\\/el-estudio-arqueologico-de-las-molduras-aparecidas-el-pasado-ano-concluyen-el-nulo-valor-arqueologico-y-las-datan-en-finales-del-s-xix\\\/\"]}]},{\"@type\":\"ImageObject\",\"inLanguage\":\"es\",\"@id\":\"https:\\\/\\\/www.caudete.org\\\/ayuntamiento\\\/el-estudio-arqueologico-de-las-molduras-aparecidas-el-pasado-ano-concluyen-el-nulo-valor-arqueologico-y-las-datan-en-finales-del-s-xix\\\/#primaryimage\",\"url\":\"https:\\\/\\\/www.caudete.org\\\/ayuntamiento\\\/wp-content\\\/uploads\\\/2024\\\/01\\\/restos-villa-isabel-1-caudete-digital-1.jpg\",\"contentUrl\":\"https:\\\/\\\/www.caudete.org\\\/ayuntamiento\\\/wp-content\\\/uploads\\\/2024\\\/01\\\/restos-villa-isabel-1-caudete-digital-1.jpg\",\"width\":1024,\"height\":522},{\"@type\":\"BreadcrumbList\",\"@id\":\"https:\\\/\\\/www.caudete.org\\\/ayuntamiento\\\/el-estudio-arqueologico-de-las-molduras-aparecidas-el-pasado-ano-concluyen-el-nulo-valor-arqueologico-y-las-datan-en-finales-del-s-xix\\\/#breadcrumb\",\"itemListElement\":[{\"@type\":\"ListItem\",\"position\":1,\"name\":\"Inicio\",\"item\":\"https:\\\/\\\/www.caudete.org\\\/ayuntamiento\\\/\"},{\"@type\":\"ListItem\",\"position\":2,\"name\":\"El estudio arqueol\u00f3gico de las molduras aparecidas el pasado a\u00f1o, concluyen el nulo valor arqueol\u00f3gico, y las datan en finales del S.XIX\"}]},{\"@type\":\"WebSite\",\"@id\":\"https:\\\/\\\/www.caudete.org\\\/ayuntamiento\\\/#website\",\"url\":\"https:\\\/\\\/www.caudete.org\\\/ayuntamiento\\\/\",\"name\":\"MI Ayuntamiento de Caudete\",\"description\":\"P\u00e1gina Oficial del MI Ayuntamiento de Caudete\",\"potentialAction\":[{\"@type\":\"SearchAction\",\"target\":{\"@type\":\"EntryPoint\",\"urlTemplate\":\"https:\\\/\\\/www.caudete.org\\\/ayuntamiento\\\/?s={search_term_string}\"},\"query-input\":{\"@type\":\"PropertyValueSpecification\",\"valueRequired\":true,\"valueName\":\"search_term_string\"}}],\"inLanguage\":\"es\"},{\"@type\":\"Person\",\"@id\":\"https:\\\/\\\/www.caudete.org\\\/ayuntamiento\\\/#\\\/schema\\\/person\\\/cc646da9133078ee4d8dd47457947253\",\"name\":\"alcalde\",\"image\":{\"@type\":\"ImageObject\",\"inLanguage\":\"es\",\"@id\":\"https:\\\/\\\/secure.gravatar.com\\\/avatar\\\/84a817ba065b29ff08d666b215a215f5c79186a645ccb25b14a663d48a130f77?s=96&d=mm&r=g\",\"url\":\"https:\\\/\\\/secure.gravatar.com\\\/avatar\\\/84a817ba065b29ff08d666b215a215f5c79186a645ccb25b14a663d48a130f77?s=96&d=mm&r=g\",\"contentUrl\":\"https:\\\/\\\/secure.gravatar.com\\\/avatar\\\/84a817ba065b29ff08d666b215a215f5c79186a645ccb25b14a663d48a130f77?s=96&d=mm&r=g\",\"caption\":\"alcalde\"},\"url\":\"https:\\\/\\\/www.caudete.org\\\/ayuntamiento\\\/author\\\/alcalde\\\/\"}]}<\/script>\n<!-- \/ Yoast SEO plugin. -->","yoast_head_json":{"title":"El estudio arqueol\u00f3gico de las molduras aparecidas el pasado a\u00f1o, concluyen el nulo valor arqueol\u00f3gico, y las datan en finales del S.XIX - MI Ayuntamiento de Caudete","description":"P\u00e1gina Oficial del Ayuntamiento de Caudete (Albacete)","robots":{"index":"index","follow":"follow","max-snippet":"max-snippet:-1","max-image-preview":"max-image-preview:large","max-video-preview":"max-video-preview:-1"},"canonical":"https:\/\/www.caudete.org\/ayuntamiento\/el-estudio-arqueologico-de-las-molduras-aparecidas-el-pasado-ano-concluyen-el-nulo-valor-arqueologico-y-las-datan-en-finales-del-s-xix\/","og_locale":"es_ES","og_type":"article","og_title":"El estudio arqueol\u00f3gico de las molduras aparecidas el pasado a\u00f1o, concluyen el nulo valor arqueol\u00f3gico, y las datan en finales del S.XIX - MI Ayuntamiento de Caudete","og_description":"P\u00e1gina Oficial del Ayuntamiento de Caudete (Albacete)","og_url":"https:\/\/www.caudete.org\/ayuntamiento\/el-estudio-arqueologico-de-las-molduras-aparecidas-el-pasado-ano-concluyen-el-nulo-valor-arqueologico-y-las-datan-en-finales-del-s-xix\/","og_site_name":"MI Ayuntamiento de Caudete","article_publisher":"https:\/\/www.facebook.com\/ayuntamientocaudete\/","article_published_time":"2024-01-10T21:07:50+00:00","og_image":[{"width":1024,"height":522,"url":"https:\/\/www.caudete.org\/ayuntamiento\/wp-content\/uploads\/2024\/01\/restos-villa-isabel-1-caudete-digital-1.jpg","type":"image\/jpeg"}],"author":"alcalde","twitter_card":"summary_large_image","twitter_misc":{"Escrito por":"alcalde","Tiempo de lectura":"3 minutos"},"schema":{"@context":"https:\/\/schema.org","@graph":[{"@type":"Article","@id":"https:\/\/www.caudete.org\/ayuntamiento\/el-estudio-arqueologico-de-las-molduras-aparecidas-el-pasado-ano-concluyen-el-nulo-valor-arqueologico-y-las-datan-en-finales-del-s-xix\/#article","isPartOf":{"@id":"https:\/\/www.caudete.org\/ayuntamiento\/el-estudio-arqueologico-de-las-molduras-aparecidas-el-pasado-ano-concluyen-el-nulo-valor-arqueologico-y-las-datan-en-finales-del-s-xix\/"},"author":{"name":"alcalde","@id":"https:\/\/www.caudete.org\/ayuntamiento\/#\/schema\/person\/cc646da9133078ee4d8dd47457947253"},"headline":"El estudio arqueol\u00f3gico de las molduras aparecidas el pasado a\u00f1o, concluyen el nulo valor arqueol\u00f3gico, y las datan en finales del S.XIX","datePublished":"2024-01-10T21:07:50+00:00","mainEntityOfPage":{"@id":"https:\/\/www.caudete.org\/ayuntamiento\/el-estudio-arqueologico-de-las-molduras-aparecidas-el-pasado-ano-concluyen-el-nulo-valor-arqueologico-y-las-datan-en-finales-del-s-xix\/"},"wordCount":542,"image":{"@id":"https:\/\/www.caudete.org\/ayuntamiento\/el-estudio-arqueologico-de-las-molduras-aparecidas-el-pasado-ano-concluyen-el-nulo-valor-arqueologico-y-las-datan-en-finales-del-s-xix\/#primaryimage"},"thumbnailUrl":"https:\/\/www.caudete.org\/ayuntamiento\/wp-content\/uploads\/2024\/01\/restos-villa-isabel-1-caudete-digital-1.jpg","articleSection":["Patrimonio"],"inLanguage":"es"},{"@type":"WebPage","@id":"https:\/\/www.caudete.org\/ayuntamiento\/el-estudio-arqueologico-de-las-molduras-aparecidas-el-pasado-ano-concluyen-el-nulo-valor-arqueologico-y-las-datan-en-finales-del-s-xix\/","url":"https:\/\/www.caudete.org\/ayuntamiento\/el-estudio-arqueologico-de-las-molduras-aparecidas-el-pasado-ano-concluyen-el-nulo-valor-arqueologico-y-las-datan-en-finales-del-s-xix\/","name":"El estudio arqueol\u00f3gico de las molduras aparecidas el pasado a\u00f1o, concluyen el nulo valor arqueol\u00f3gico, y las datan en finales del S.XIX - MI Ayuntamiento de Caudete","isPartOf":{"@id":"https:\/\/www.caudete.org\/ayuntamiento\/#website"},"primaryImageOfPage":{"@id":"https:\/\/www.caudete.org\/ayuntamiento\/el-estudio-arqueologico-de-las-molduras-aparecidas-el-pasado-ano-concluyen-el-nulo-valor-arqueologico-y-las-datan-en-finales-del-s-xix\/#primaryimage"},"image":{"@id":"https:\/\/www.caudete.org\/ayuntamiento\/el-estudio-arqueologico-de-las-molduras-aparecidas-el-pasado-ano-concluyen-el-nulo-valor-arqueologico-y-las-datan-en-finales-del-s-xix\/#primaryimage"},"thumbnailUrl":"https:\/\/www.caudete.org\/ayuntamiento\/wp-content\/uploads\/2024\/01\/restos-villa-isabel-1-caudete-digital-1.jpg","datePublished":"2024-01-10T21:07:50+00:00","author":{"@id":"https:\/\/www.caudete.org\/ayuntamiento\/#\/schema\/person\/cc646da9133078ee4d8dd47457947253"},"description":"P\u00e1gina Oficial del Ayuntamiento de Caudete (Albacete)","breadcrumb":{"@id":"https:\/\/www.caudete.org\/ayuntamiento\/el-estudio-arqueologico-de-las-molduras-aparecidas-el-pasado-ano-concluyen-el-nulo-valor-arqueologico-y-las-datan-en-finales-del-s-xix\/#breadcrumb"},"inLanguage":"es","potentialAction":[{"@type":"ReadAction","target":["https:\/\/www.caudete.org\/ayuntamiento\/el-estudio-arqueologico-de-las-molduras-aparecidas-el-pasado-ano-concluyen-el-nulo-valor-arqueologico-y-las-datan-en-finales-del-s-xix\/"]}]},{"@type":"ImageObject","inLanguage":"es","@id":"https:\/\/www.caudete.org\/ayuntamiento\/el-estudio-arqueologico-de-las-molduras-aparecidas-el-pasado-ano-concluyen-el-nulo-valor-arqueologico-y-las-datan-en-finales-del-s-xix\/#primaryimage","url":"https:\/\/www.caudete.org\/ayuntamiento\/wp-content\/uploads\/2024\/01\/restos-villa-isabel-1-caudete-digital-1.jpg","contentUrl":"https:\/\/www.caudete.org\/ayuntamiento\/wp-content\/uploads\/2024\/01\/restos-villa-isabel-1-caudete-digital-1.jpg","width":1024,"height":522},{"@type":"BreadcrumbList","@id":"https:\/\/www.caudete.org\/ayuntamiento\/el-estudio-arqueologico-de-las-molduras-aparecidas-el-pasado-ano-concluyen-el-nulo-valor-arqueologico-y-las-datan-en-finales-del-s-xix\/#breadcrumb","itemListElement":[{"@type":"ListItem","position":1,"name":"Inicio","item":"https:\/\/www.caudete.org\/ayuntamiento\/"},{"@type":"ListItem","position":2,"name":"El estudio arqueol\u00f3gico de las molduras aparecidas el pasado a\u00f1o, concluyen el nulo valor arqueol\u00f3gico, y las datan en finales del S.XIX"}]},{"@type":"WebSite","@id":"https:\/\/www.caudete.org\/ayuntamiento\/#website","url":"https:\/\/www.caudete.org\/ayuntamiento\/","name":"MI Ayuntamiento de Caudete","description":"P\u00e1gina Oficial del MI Ayuntamiento de Caudete","potentialAction":[{"@type":"SearchAction","target":{"@type":"EntryPoint","urlTemplate":"https:\/\/www.caudete.org\/ayuntamiento\/?s={search_term_string}"},"query-input":{"@type":"PropertyValueSpecification","valueRequired":true,"valueName":"search_term_string"}}],"inLanguage":"es"},{"@type":"Person","@id":"https:\/\/www.caudete.org\/ayuntamiento\/#\/schema\/person\/cc646da9133078ee4d8dd47457947253","name":"alcalde","image":{"@type":"ImageObject","inLanguage":"es","@id":"https:\/\/secure.gravatar.com\/avatar\/84a817ba065b29ff08d666b215a215f5c79186a645ccb25b14a663d48a130f77?s=96&d=mm&r=g","url":"https:\/\/secure.gravatar.com\/avatar\/84a817ba065b29ff08d666b215a215f5c79186a645ccb25b14a663d48a130f77?s=96&d=mm&r=g","contentUrl":"https:\/\/secure.gravatar.com\/avatar\/84a817ba065b29ff08d666b215a215f5c79186a645ccb25b14a663d48a130f77?s=96&d=mm&r=g","caption":"alcalde"},"url":"https:\/\/www.caudete.org\/ayuntamiento\/author\/alcalde\/"}]}},"_links":{"self":[{"href":"https:\/\/www.caudete.org\/ayuntamiento\/wp-json\/wp\/v2\/posts\/24106","targetHints":{"allow":["GET"]}}],"collection":[{"href":"https:\/\/www.caudete.org\/ayuntamiento\/wp-json\/wp\/v2\/posts"}],"about":[{"href":"https:\/\/www.caudete.org\/ayuntamiento\/wp-json\/wp\/v2\/types\/post"}],"author":[{"embeddable":true,"href":"https:\/\/www.caudete.org\/ayuntamiento\/wp-json\/wp\/v2\/users\/3"}],"replies":[{"embeddable":true,"href":"https:\/\/www.caudete.org\/ayuntamiento\/wp-json\/wp\/v2\/comments?post=24106"}],"version-history":[{"count":1,"href":"https:\/\/www.caudete.org\/ayuntamiento\/wp-json\/wp\/v2\/posts\/24106\/revisions"}],"predecessor-version":[{"id":24108,"href":"https:\/\/www.caudete.org\/ayuntamiento\/wp-json\/wp\/v2\/posts\/24106\/revisions\/24108"}],"wp:featuredmedia":[{"embeddable":true,"href":"https:\/\/www.caudete.org\/ayuntamiento\/wp-json\/wp\/v2\/media\/24107"}],"wp:attachment":[{"href":"https:\/\/www.caudete.org\/ayuntamiento\/wp-json\/wp\/v2\/media?parent=24106"}],"wp:term":[{"taxonomy":"category","embeddable":true,"href":"https:\/\/www.caudete.org\/ayuntamiento\/wp-json\/wp\/v2\/categories?post=24106"},{"taxonomy":"post_tag","embeddable":true,"href":"https:\/\/www.caudete.org\/ayuntamiento\/wp-json\/wp\/v2\/tags?post=24106"}],"curies":[{"name":"wp","href":"https:\/\/api.w.org\/{rel}","templated":true}]}}