{"id":24122,"date":"2024-01-11T20:51:57","date_gmt":"2024-01-11T19:51:57","guid":{"rendered":"https:\/\/www.caudete.org\/ayuntamiento\/?p=24122"},"modified":"2024-01-11T21:23:14","modified_gmt":"2024-01-11T20:23:14","slug":"alcalde-y-concejales-asisten-a-la-inauguracion-del-tramo-de-la-a-33-entre-caudete-y-yecla","status":"publish","type":"post","link":"https:\/\/www.caudete.org\/ayuntamiento\/alcalde-y-concejales-asisten-a-la-inauguracion-del-tramo-de-la-a-33-entre-caudete-y-yecla\/","title":{"rendered":"Alcalde y Concejales asisten a la inauguraci\u00f3n del tramo de la A-33 entre Caudete y Yecla"},"content":{"rendered":"<p><a href=\"https:\/\/www.caudete.org\/ayuntamiento\/wp-content\/uploads\/2024\/01\/WhatsApp-Image-2024-01-11-at-20.46.16.jpeg\" rel='prettyPhoto'><img fetchpriority=\"high\" decoding=\"async\" class=\"wp-image-24123 size-full aligncenter\" src=\"https:\/\/www.caudete.org\/ayuntamiento\/wp-content\/uploads\/2024\/01\/WhatsApp-Image-2024-01-11-at-20.46.16.jpeg\" alt=\"\" width=\"1286\" height=\"965\" srcset=\"https:\/\/www.caudete.org\/ayuntamiento\/wp-content\/uploads\/2024\/01\/WhatsApp-Image-2024-01-11-at-20.46.16.jpeg 1286w, https:\/\/www.caudete.org\/ayuntamiento\/wp-content\/uploads\/2024\/01\/WhatsApp-Image-2024-01-11-at-20.46.16-300x225.jpeg 300w, https:\/\/www.caudete.org\/ayuntamiento\/wp-content\/uploads\/2024\/01\/WhatsApp-Image-2024-01-11-at-20.46.16-1024x768.jpeg 1024w, https:\/\/www.caudete.org\/ayuntamiento\/wp-content\/uploads\/2024\/01\/WhatsApp-Image-2024-01-11-at-20.46.16-768x576.jpeg 768w\" sizes=\"(max-width: 1286px) 100vw, 1286px\" \/><\/a><\/p>\n<p style=\"text-align: center;\"><a href=\"https:\/\/youtu.be\/qbioRkX9yLQ\" target=\"_blank\" rel=\"nofollow\">VIDEO EXPLICATIVO OBRAS AUTOV\u00cdA TRAMO CAUDETE-YECLA<\/a><\/p>\n<p style=\"text-align: justify;\"><span style=\"font-size: 12pt;\">A mediod\u00eda de hoy, 11 de enero, el\u00a0ministro de Transportes y Movilidad Sostenible, \u00d3scar Puente, ha visitado Yecla para supervisar la finalizaci\u00f3n del tramo de la\u00a0autov\u00eda A-33, o autov\u00eda del Altiplano, entre esta poblaci\u00f3n y Caudete.<\/span><\/p>\n<p style=\"text-align: justify;\"><span style=\"font-size: 12pt;\">El ministro ha estado acompa\u00f1ado, entre otros, por el presidente de Murcia, Fernando L\u00f3pez Miras; Marcos Ortu\u00f1o, consejero de Presidencia de Murcia; la alcaldesa de Yecla, Mar\u00eda Remedios Lajara Dom\u00ednguez, y el alcalde de Caudete, Mois\u00e9s L\u00f3pez Mart\u00ednez.<\/span><\/p>\n<p style=\"text-align: justify;\"><span style=\"font-size: 12pt;\">En sus declaraciones a los medios,\u00a0\u00d3scar Puente\u00a0ha destacado la gran importancia de esta autov\u00eda, que aporta rapidez y seguridad a los desplazamientos entre Murcia y Valencia. \u00abEsto demuestra que este gobierno cumple con Murcia\u00bb, ha subrayado.<\/span><\/p>\n<p style=\"text-align: justify;\"><span style=\"font-size: 12pt;\">L\u00f3pez Miras tambi\u00e9n se ha congratulado de que, por fin, esta autov\u00eda de haya inaugurado, y ha pedido al ministro que sea \u00abla primera de muchas visitas a Murcia para inaugurar estructuras como esta\u00bb.<\/span><\/p>\n<p style=\"text-align: justify;\"><span style=\"font-size: 12pt;\">El tramo entre Yecla y Caudete, de 16 km de longitud y 122 millones de euros de presupuesto total, se ha construido de forma diferente al resto de esta autov\u00eda, ya que se ha utilizado hormig\u00f3n, concretamente cemento Vertua fabricado en la planta que la empresa\u00a0<em>Cemex<\/em>\u00a0tiene en Alicante.<\/span><\/p>\n<p style=\"text-align: justify;\"><span style=\"font-size: 12pt;\">Este cemento a\u00fana una alta durabilidad y resistencia frente al ataque por agentes agresivos qu\u00edmicos, con unas bajas emisiones de CO<sup>2<\/sup>\u00a0asociadas a su fabricaci\u00f3n, las cuales son inferiores en m\u00e1s de un 40 % a las de un cemento convencional de referencia. Se calcula que este cemento utilizado en la obra ahorrar\u00e1 emisiones equivalentes a las emitidas por 8,1 millones de turismos que recorran este tramo, seg\u00fan asegura la empresa.<\/span><\/p>\n<div class=\"code-block code-block-15\" style=\"text-align: justify;\" data-ai=\"WzE1LDAsIkJsb3F1ZSAxNSIsIiIsMl0=\"><span style=\"font-size: 12pt;\">La autov\u00eda A-33, o autov\u00eda del Altiplano, discurre por tres comunidades aut\u00f3nomas distintas: la Regi\u00f3n de Murcia, Castilla La Mancha y la Comunidad Valenciana. A partir de ahora, sirve de conexi\u00f3n entre\u00a0tres de los corredores m\u00e1s importantes del sureste espa\u00f1ol: la\u00a0A-31\u00a0(autov\u00eda que conecta la ruta Madrid-Valencia con Alicante, pasando por Albacete); la\u00a0A-30\u00a0(que comunica Albacete con Murcia y Cartagena), y la\u00a0A-35 (que comunica Valencia con Albacete, partiendo de Almansa).<\/span><\/div>\n<div class=\"code-block code-block-15\" style=\"text-align: justify;\" data-ai=\"WzE1LDAsIkJsb3F1ZSAxNSIsIiIsMl0=\"><span style=\"font-size: 12pt;\"><br \/>\n<\/span><span style=\"font-size: 12pt;\">Su construcci\u00f3n, motivada por el incremento del tr\u00e1fico pesado en la zona en los \u00faltimos a\u00f1os y la necesidad de contar con una ruta alternativa a la autov\u00eda A-7 para realizar el trayecto Murcia \u2013 Valencia por el interior, reducir\u00e1 la longitud de los trayectos respecto a los itinerarios actuales por la AP-7 y por la A-7 m\u00e1s la A-31, mejorando notablemente los tiempos de recorrido, as\u00ed como la comodidad y la seguridad de los usuarios, permitiendo un ahorro de combustible considerable para los veh\u00edculos pesados. La carretera tiene una longitud total de 91,9 km, con 2 carriles por sentido y 3 carriles en algunos tramos. Se extiende desde la A-30 en Blanca, hasta la A-35 en La Font de la Figuera. La velocidad gen\u00e9rica de la carretera es de 120 km\/h. y es una v\u00eda de primer orden para el transporte de mercanc\u00edas en la zona. Como detalle curioso, esta autov\u00eda empez\u00f3 a construirse hace nada menos que 15 a\u00f1os, y el tramo m\u00e1s complicado ha sido el \u00faltimo en construirse entre Yecla y Caudete.<\/span><\/div>\n<div style=\"text-align: center;\" data-ai=\"WzE1LDAsIkJsb3F1ZSAxNSIsIiIsMl0=\"><a href=\"https:\/\/www.caudete.org\/ayuntamiento\/wp-content\/uploads\/2024\/01\/inauguracion-autovia-a33-7-caudete-digital.jpg\" rel='prettyPhoto'><img decoding=\"async\" class=\"alignnone wp-image-24131 size-full\" src=\"https:\/\/www.caudete.org\/ayuntamiento\/wp-content\/uploads\/2024\/01\/inauguracion-autovia-a33-7-caudete-digital.jpg\" alt=\"\" width=\"1024\" height=\"613\" srcset=\"https:\/\/www.caudete.org\/ayuntamiento\/wp-content\/uploads\/2024\/01\/inauguracion-autovia-a33-7-caudete-digital.jpg 1024w, https:\/\/www.caudete.org\/ayuntamiento\/wp-content\/uploads\/2024\/01\/inauguracion-autovia-a33-7-caudete-digital-300x180.jpg 300w, https:\/\/www.caudete.org\/ayuntamiento\/wp-content\/uploads\/2024\/01\/inauguracion-autovia-a33-7-caudete-digital-768x460.jpg 768w\" sizes=\"(max-width: 1024px) 100vw, 1024px\" \/><\/a> <a href=\"https:\/\/www.caudete.org\/ayuntamiento\/wp-content\/uploads\/2024\/01\/inauguracion-autovia-a33-6-caudete-digital.jpg\" rel='prettyPhoto'><img decoding=\"async\" class=\"alignnone wp-image-24128 size-full\" src=\"https:\/\/www.caudete.org\/ayuntamiento\/wp-content\/uploads\/2024\/01\/inauguracion-autovia-a33-6-caudete-digital.jpg\" alt=\"\" width=\"1024\" height=\"629\" srcset=\"https:\/\/www.caudete.org\/ayuntamiento\/wp-content\/uploads\/2024\/01\/inauguracion-autovia-a33-6-caudete-digital.jpg 1024w, https:\/\/www.caudete.org\/ayuntamiento\/wp-content\/uploads\/2024\/01\/inauguracion-autovia-a33-6-caudete-digital-300x184.jpg 300w, https:\/\/www.caudete.org\/ayuntamiento\/wp-content\/uploads\/2024\/01\/inauguracion-autovia-a33-6-caudete-digital-768x472.jpg 768w\" sizes=\"(max-width: 1024px) 100vw, 1024px\" \/><\/a> <a href=\"https:\/\/www.caudete.org\/ayuntamiento\/wp-content\/uploads\/2024\/01\/WhatsApp-Image-2024-01-11-at-20.43.00.jpeg\" rel='prettyPhoto'><img loading=\"lazy\" decoding=\"async\" class=\"alignnone wp-image-24127 size-full\" src=\"https:\/\/www.caudete.org\/ayuntamiento\/wp-content\/uploads\/2024\/01\/WhatsApp-Image-2024-01-11-at-20.43.00.jpeg\" alt=\"\" width=\"1286\" height=\"965\" srcset=\"https:\/\/www.caudete.org\/ayuntamiento\/wp-content\/uploads\/2024\/01\/WhatsApp-Image-2024-01-11-at-20.43.00.jpeg 1286w, https:\/\/www.caudete.org\/ayuntamiento\/wp-content\/uploads\/2024\/01\/WhatsApp-Image-2024-01-11-at-20.43.00-300x225.jpeg 300w, https:\/\/www.caudete.org\/ayuntamiento\/wp-content\/uploads\/2024\/01\/WhatsApp-Image-2024-01-11-at-20.43.00-1024x768.jpeg 1024w, https:\/\/www.caudete.org\/ayuntamiento\/wp-content\/uploads\/2024\/01\/WhatsApp-Image-2024-01-11-at-20.43.00-768x576.jpeg 768w\" sizes=\"(max-width: 1286px) 100vw, 1286px\" \/><\/a> <a href=\"https:\/\/www.caudete.org\/ayuntamiento\/wp-content\/uploads\/2024\/01\/WhatsApp-Image-2024-01-11-at-20.44.31.jpeg\" rel='prettyPhoto'><img loading=\"lazy\" decoding=\"async\" class=\"alignnone wp-image-24125 size-full\" src=\"https:\/\/www.caudete.org\/ayuntamiento\/wp-content\/uploads\/2024\/01\/WhatsApp-Image-2024-01-11-at-20.44.31.jpeg\" alt=\"\" width=\"2048\" height=\"1536\" srcset=\"https:\/\/www.caudete.org\/ayuntamiento\/wp-content\/uploads\/2024\/01\/WhatsApp-Image-2024-01-11-at-20.44.31.jpeg 2048w, https:\/\/www.caudete.org\/ayuntamiento\/wp-content\/uploads\/2024\/01\/WhatsApp-Image-2024-01-11-at-20.44.31-300x225.jpeg 300w, https:\/\/www.caudete.org\/ayuntamiento\/wp-content\/uploads\/2024\/01\/WhatsApp-Image-2024-01-11-at-20.44.31-1024x768.jpeg 1024w, https:\/\/www.caudete.org\/ayuntamiento\/wp-content\/uploads\/2024\/01\/WhatsApp-Image-2024-01-11-at-20.44.31-768x576.jpeg 768w, https:\/\/www.caudete.org\/ayuntamiento\/wp-content\/uploads\/2024\/01\/WhatsApp-Image-2024-01-11-at-20.44.31-1536x1152.jpeg 1536w\" sizes=\"(max-width: 2048px) 100vw, 2048px\" \/><\/a> <a href=\"https:\/\/www.caudete.org\/ayuntamiento\/wp-content\/uploads\/2024\/01\/WhatsApp-Image-2024-01-11-at-20.43.36.jpeg\" rel='prettyPhoto'><img loading=\"lazy\" decoding=\"async\" class=\"alignnone wp-image-24126 size-full\" src=\"https:\/\/www.caudete.org\/ayuntamiento\/wp-content\/uploads\/2024\/01\/WhatsApp-Image-2024-01-11-at-20.43.36.jpeg\" alt=\"\" width=\"1286\" height=\"965\" srcset=\"https:\/\/www.caudete.org\/ayuntamiento\/wp-content\/uploads\/2024\/01\/WhatsApp-Image-2024-01-11-at-20.43.36.jpeg 1286w, https:\/\/www.caudete.org\/ayuntamiento\/wp-content\/uploads\/2024\/01\/WhatsApp-Image-2024-01-11-at-20.43.36-300x225.jpeg 300w, https:\/\/www.caudete.org\/ayuntamiento\/wp-content\/uploads\/2024\/01\/WhatsApp-Image-2024-01-11-at-20.43.36-1024x768.jpeg 1024w, https:\/\/www.caudete.org\/ayuntamiento\/wp-content\/uploads\/2024\/01\/WhatsApp-Image-2024-01-11-at-20.43.36-768x576.jpeg 768w\" sizes=\"(max-width: 1286px) 100vw, 1286px\" \/><\/a><\/div>\n","protected":false},"excerpt":{"rendered":"<p>VIDEO EXPLICATIVO OBRAS AUTOV\u00cdA TRAMO CAUDETE-YECLA A mediod\u00eda de hoy, 11 de enero, el\u00a0ministro de Transportes y Movilidad Sostenible, \u00d3scar Puente, ha visitado Yecla para supervisar la finalizaci\u00f3n del tramo de la\u00a0autov\u00eda A-33, o autov\u00eda del Altiplano, entre esta poblaci\u00f3n y Caudete. El ministro ha estado acompa\u00f1ado, entre otros, por el presidente de Murcia, Fernando &hellip;<\/p>\n","protected":false},"author":3,"featured_media":24130,"comment_status":"closed","ping_status":"open","sticky":false,"template":"","format":"standard","meta":{"ngg_post_thumbnail":0,"footnotes":""},"categories":[46],"tags":[],"class_list":["post-24122","post","type-post","status-publish","format-standard","has-post-thumbnail","hentry","category-movilidad-urbana"],"yoast_head":"<!-- This site is optimized with the Yoast SEO plugin v27.5 - https:\/\/yoast.com\/product\/yoast-seo-wordpress\/ -->\n<title>Alcalde y Concejales asisten a la inauguraci\u00f3n del tramo de la A-33 entre Caudete y Yecla - MI Ayuntamiento de Caudete<\/title>\n<meta name=\"description\" content=\"P\u00e1gina Oficial del Ayuntamiento de Caudete (Albacete)\" \/>\n<meta name=\"robots\" content=\"index, follow, max-snippet:-1, max-image-preview:large, max-video-preview:-1\" \/>\n<link rel=\"canonical\" href=\"https:\/\/www.caudete.org\/ayuntamiento\/alcalde-y-concejales-asisten-a-la-inauguracion-del-tramo-de-la-a-33-entre-caudete-y-yecla\/\" \/>\n<meta property=\"og:locale\" content=\"es_ES\" \/>\n<meta property=\"og:type\" content=\"article\" \/>\n<meta property=\"og:title\" content=\"Alcalde y Concejales asisten a la inauguraci\u00f3n del tramo de la A-33 entre Caudete y Yecla - MI Ayuntamiento de Caudete\" \/>\n<meta property=\"og:description\" content=\"P\u00e1gina Oficial del Ayuntamiento de Caudete (Albacete)\" \/>\n<meta property=\"og:url\" content=\"https:\/\/www.caudete.org\/ayuntamiento\/alcalde-y-concejales-asisten-a-la-inauguracion-del-tramo-de-la-a-33-entre-caudete-y-yecla\/\" \/>\n<meta property=\"og:site_name\" content=\"MI Ayuntamiento de Caudete\" \/>\n<meta property=\"article:publisher\" content=\"https:\/\/www.facebook.com\/ayuntamientocaudete\/\" \/>\n<meta property=\"article:published_time\" content=\"2024-01-11T19:51:57+00:00\" \/>\n<meta property=\"article:modified_time\" content=\"2024-01-11T20:23:14+00:00\" \/>\n<meta property=\"og:image\" content=\"https:\/\/www.caudete.org\/ayuntamiento\/wp-content\/uploads\/2024\/01\/inauguracion-autovia-a33-8-caudete-digital.jpg\" \/>\n\t<meta property=\"og:image:width\" content=\"1024\" \/>\n\t<meta property=\"og:image:height\" content=\"683\" \/>\n\t<meta property=\"og:image:type\" content=\"image\/jpeg\" \/>\n<meta name=\"author\" content=\"alcalde\" \/>\n<meta name=\"twitter:card\" content=\"summary_large_image\" \/>\n<meta name=\"twitter:label1\" content=\"Escrito por\" \/>\n\t<meta name=\"twitter:data1\" content=\"alcalde\" \/>\n\t<meta name=\"twitter:label2\" content=\"Tiempo de lectura\" \/>\n\t<meta name=\"twitter:data2\" content=\"4 minutos\" \/>\n<script type=\"application\/ld+json\" class=\"yoast-schema-graph\">{\"@context\":\"https:\\\/\\\/schema.org\",\"@graph\":[{\"@type\":\"Article\",\"@id\":\"https:\\\/\\\/www.caudete.org\\\/ayuntamiento\\\/alcalde-y-concejales-asisten-a-la-inauguracion-del-tramo-de-la-a-33-entre-caudete-y-yecla\\\/#article\",\"isPartOf\":{\"@id\":\"https:\\\/\\\/www.caudete.org\\\/ayuntamiento\\\/alcalde-y-concejales-asisten-a-la-inauguracion-del-tramo-de-la-a-33-entre-caudete-y-yecla\\\/\"},\"author\":{\"name\":\"alcalde\",\"@id\":\"https:\\\/\\\/www.caudete.org\\\/ayuntamiento\\\/#\\\/schema\\\/person\\\/cc646da9133078ee4d8dd47457947253\"},\"headline\":\"Alcalde y Concejales asisten a la inauguraci\u00f3n del tramo de la A-33 entre Caudete y Yecla\",\"datePublished\":\"2024-01-11T19:51:57+00:00\",\"dateModified\":\"2024-01-11T20:23:14+00:00\",\"mainEntityOfPage\":{\"@id\":\"https:\\\/\\\/www.caudete.org\\\/ayuntamiento\\\/alcalde-y-concejales-asisten-a-la-inauguracion-del-tramo-de-la-a-33-entre-caudete-y-yecla\\\/\"},\"wordCount\":576,\"image\":{\"@id\":\"https:\\\/\\\/www.caudete.org\\\/ayuntamiento\\\/alcalde-y-concejales-asisten-a-la-inauguracion-del-tramo-de-la-a-33-entre-caudete-y-yecla\\\/#primaryimage\"},\"thumbnailUrl\":\"https:\\\/\\\/www.caudete.org\\\/ayuntamiento\\\/wp-content\\\/uploads\\\/2024\\\/01\\\/inauguracion-autovia-a33-8-caudete-digital.jpg\",\"articleSection\":[\"Movilidad Urbana\"],\"inLanguage\":\"es\"},{\"@type\":\"WebPage\",\"@id\":\"https:\\\/\\\/www.caudete.org\\\/ayuntamiento\\\/alcalde-y-concejales-asisten-a-la-inauguracion-del-tramo-de-la-a-33-entre-caudete-y-yecla\\\/\",\"url\":\"https:\\\/\\\/www.caudete.org\\\/ayuntamiento\\\/alcalde-y-concejales-asisten-a-la-inauguracion-del-tramo-de-la-a-33-entre-caudete-y-yecla\\\/\",\"name\":\"Alcalde y Concejales asisten a la inauguraci\u00f3n del tramo de la A-33 entre Caudete y Yecla - MI Ayuntamiento de Caudete\",\"isPartOf\":{\"@id\":\"https:\\\/\\\/www.caudete.org\\\/ayuntamiento\\\/#website\"},\"primaryImageOfPage\":{\"@id\":\"https:\\\/\\\/www.caudete.org\\\/ayuntamiento\\\/alcalde-y-concejales-asisten-a-la-inauguracion-del-tramo-de-la-a-33-entre-caudete-y-yecla\\\/#primaryimage\"},\"image\":{\"@id\":\"https:\\\/\\\/www.caudete.org\\\/ayuntamiento\\\/alcalde-y-concejales-asisten-a-la-inauguracion-del-tramo-de-la-a-33-entre-caudete-y-yecla\\\/#primaryimage\"},\"thumbnailUrl\":\"https:\\\/\\\/www.caudete.org\\\/ayuntamiento\\\/wp-content\\\/uploads\\\/2024\\\/01\\\/inauguracion-autovia-a33-8-caudete-digital.jpg\",\"datePublished\":\"2024-01-11T19:51:57+00:00\",\"dateModified\":\"2024-01-11T20:23:14+00:00\",\"author\":{\"@id\":\"https:\\\/\\\/www.caudete.org\\\/ayuntamiento\\\/#\\\/schema\\\/person\\\/cc646da9133078ee4d8dd47457947253\"},\"description\":\"P\u00e1gina Oficial del Ayuntamiento de Caudete (Albacete)\",\"breadcrumb\":{\"@id\":\"https:\\\/\\\/www.caudete.org\\\/ayuntamiento\\\/alcalde-y-concejales-asisten-a-la-inauguracion-del-tramo-de-la-a-33-entre-caudete-y-yecla\\\/#breadcrumb\"},\"inLanguage\":\"es\",\"potentialAction\":[{\"@type\":\"ReadAction\",\"target\":[\"https:\\\/\\\/www.caudete.org\\\/ayuntamiento\\\/alcalde-y-concejales-asisten-a-la-inauguracion-del-tramo-de-la-a-33-entre-caudete-y-yecla\\\/\"]}]},{\"@type\":\"ImageObject\",\"inLanguage\":\"es\",\"@id\":\"https:\\\/\\\/www.caudete.org\\\/ayuntamiento\\\/alcalde-y-concejales-asisten-a-la-inauguracion-del-tramo-de-la-a-33-entre-caudete-y-yecla\\\/#primaryimage\",\"url\":\"https:\\\/\\\/www.caudete.org\\\/ayuntamiento\\\/wp-content\\\/uploads\\\/2024\\\/01\\\/inauguracion-autovia-a33-8-caudete-digital.jpg\",\"contentUrl\":\"https:\\\/\\\/www.caudete.org\\\/ayuntamiento\\\/wp-content\\\/uploads\\\/2024\\\/01\\\/inauguracion-autovia-a33-8-caudete-digital.jpg\",\"width\":1024,\"height\":683},{\"@type\":\"BreadcrumbList\",\"@id\":\"https:\\\/\\\/www.caudete.org\\\/ayuntamiento\\\/alcalde-y-concejales-asisten-a-la-inauguracion-del-tramo-de-la-a-33-entre-caudete-y-yecla\\\/#breadcrumb\",\"itemListElement\":[{\"@type\":\"ListItem\",\"position\":1,\"name\":\"Inicio\",\"item\":\"https:\\\/\\\/www.caudete.org\\\/ayuntamiento\\\/\"},{\"@type\":\"ListItem\",\"position\":2,\"name\":\"Alcalde y Concejales asisten a la inauguraci\u00f3n del tramo de la A-33 entre Caudete y Yecla\"}]},{\"@type\":\"WebSite\",\"@id\":\"https:\\\/\\\/www.caudete.org\\\/ayuntamiento\\\/#website\",\"url\":\"https:\\\/\\\/www.caudete.org\\\/ayuntamiento\\\/\",\"name\":\"MI Ayuntamiento de Caudete\",\"description\":\"P\u00e1gina Oficial del MI Ayuntamiento de Caudete\",\"potentialAction\":[{\"@type\":\"SearchAction\",\"target\":{\"@type\":\"EntryPoint\",\"urlTemplate\":\"https:\\\/\\\/www.caudete.org\\\/ayuntamiento\\\/?s={search_term_string}\"},\"query-input\":{\"@type\":\"PropertyValueSpecification\",\"valueRequired\":true,\"valueName\":\"search_term_string\"}}],\"inLanguage\":\"es\"},{\"@type\":\"Person\",\"@id\":\"https:\\\/\\\/www.caudete.org\\\/ayuntamiento\\\/#\\\/schema\\\/person\\\/cc646da9133078ee4d8dd47457947253\",\"name\":\"alcalde\",\"image\":{\"@type\":\"ImageObject\",\"inLanguage\":\"es\",\"@id\":\"https:\\\/\\\/secure.gravatar.com\\\/avatar\\\/84a817ba065b29ff08d666b215a215f5c79186a645ccb25b14a663d48a130f77?s=96&d=mm&r=g\",\"url\":\"https:\\\/\\\/secure.gravatar.com\\\/avatar\\\/84a817ba065b29ff08d666b215a215f5c79186a645ccb25b14a663d48a130f77?s=96&d=mm&r=g\",\"contentUrl\":\"https:\\\/\\\/secure.gravatar.com\\\/avatar\\\/84a817ba065b29ff08d666b215a215f5c79186a645ccb25b14a663d48a130f77?s=96&d=mm&r=g\",\"caption\":\"alcalde\"},\"url\":\"https:\\\/\\\/www.caudete.org\\\/ayuntamiento\\\/author\\\/alcalde\\\/\"}]}<\/script>\n<!-- \/ Yoast SEO plugin. -->","yoast_head_json":{"title":"Alcalde y Concejales asisten a la inauguraci\u00f3n del tramo de la A-33 entre Caudete y Yecla - MI Ayuntamiento de Caudete","description":"P\u00e1gina Oficial del Ayuntamiento de Caudete (Albacete)","robots":{"index":"index","follow":"follow","max-snippet":"max-snippet:-1","max-image-preview":"max-image-preview:large","max-video-preview":"max-video-preview:-1"},"canonical":"https:\/\/www.caudete.org\/ayuntamiento\/alcalde-y-concejales-asisten-a-la-inauguracion-del-tramo-de-la-a-33-entre-caudete-y-yecla\/","og_locale":"es_ES","og_type":"article","og_title":"Alcalde y Concejales asisten a la inauguraci\u00f3n del tramo de la A-33 entre Caudete y Yecla - MI Ayuntamiento de Caudete","og_description":"P\u00e1gina Oficial del Ayuntamiento de Caudete (Albacete)","og_url":"https:\/\/www.caudete.org\/ayuntamiento\/alcalde-y-concejales-asisten-a-la-inauguracion-del-tramo-de-la-a-33-entre-caudete-y-yecla\/","og_site_name":"MI Ayuntamiento de Caudete","article_publisher":"https:\/\/www.facebook.com\/ayuntamientocaudete\/","article_published_time":"2024-01-11T19:51:57+00:00","article_modified_time":"2024-01-11T20:23:14+00:00","og_image":[{"width":1024,"height":683,"url":"https:\/\/www.caudete.org\/ayuntamiento\/wp-content\/uploads\/2024\/01\/inauguracion-autovia-a33-8-caudete-digital.jpg","type":"image\/jpeg"}],"author":"alcalde","twitter_card":"summary_large_image","twitter_misc":{"Escrito por":"alcalde","Tiempo de lectura":"4 minutos"},"schema":{"@context":"https:\/\/schema.org","@graph":[{"@type":"Article","@id":"https:\/\/www.caudete.org\/ayuntamiento\/alcalde-y-concejales-asisten-a-la-inauguracion-del-tramo-de-la-a-33-entre-caudete-y-yecla\/#article","isPartOf":{"@id":"https:\/\/www.caudete.org\/ayuntamiento\/alcalde-y-concejales-asisten-a-la-inauguracion-del-tramo-de-la-a-33-entre-caudete-y-yecla\/"},"author":{"name":"alcalde","@id":"https:\/\/www.caudete.org\/ayuntamiento\/#\/schema\/person\/cc646da9133078ee4d8dd47457947253"},"headline":"Alcalde y Concejales asisten a la inauguraci\u00f3n del tramo de la A-33 entre Caudete y Yecla","datePublished":"2024-01-11T19:51:57+00:00","dateModified":"2024-01-11T20:23:14+00:00","mainEntityOfPage":{"@id":"https:\/\/www.caudete.org\/ayuntamiento\/alcalde-y-concejales-asisten-a-la-inauguracion-del-tramo-de-la-a-33-entre-caudete-y-yecla\/"},"wordCount":576,"image":{"@id":"https:\/\/www.caudete.org\/ayuntamiento\/alcalde-y-concejales-asisten-a-la-inauguracion-del-tramo-de-la-a-33-entre-caudete-y-yecla\/#primaryimage"},"thumbnailUrl":"https:\/\/www.caudete.org\/ayuntamiento\/wp-content\/uploads\/2024\/01\/inauguracion-autovia-a33-8-caudete-digital.jpg","articleSection":["Movilidad Urbana"],"inLanguage":"es"},{"@type":"WebPage","@id":"https:\/\/www.caudete.org\/ayuntamiento\/alcalde-y-concejales-asisten-a-la-inauguracion-del-tramo-de-la-a-33-entre-caudete-y-yecla\/","url":"https:\/\/www.caudete.org\/ayuntamiento\/alcalde-y-concejales-asisten-a-la-inauguracion-del-tramo-de-la-a-33-entre-caudete-y-yecla\/","name":"Alcalde y Concejales asisten a la inauguraci\u00f3n del tramo de la A-33 entre Caudete y Yecla - MI Ayuntamiento de Caudete","isPartOf":{"@id":"https:\/\/www.caudete.org\/ayuntamiento\/#website"},"primaryImageOfPage":{"@id":"https:\/\/www.caudete.org\/ayuntamiento\/alcalde-y-concejales-asisten-a-la-inauguracion-del-tramo-de-la-a-33-entre-caudete-y-yecla\/#primaryimage"},"image":{"@id":"https:\/\/www.caudete.org\/ayuntamiento\/alcalde-y-concejales-asisten-a-la-inauguracion-del-tramo-de-la-a-33-entre-caudete-y-yecla\/#primaryimage"},"thumbnailUrl":"https:\/\/www.caudete.org\/ayuntamiento\/wp-content\/uploads\/2024\/01\/inauguracion-autovia-a33-8-caudete-digital.jpg","datePublished":"2024-01-11T19:51:57+00:00","dateModified":"2024-01-11T20:23:14+00:00","author":{"@id":"https:\/\/www.caudete.org\/ayuntamiento\/#\/schema\/person\/cc646da9133078ee4d8dd47457947253"},"description":"P\u00e1gina Oficial del Ayuntamiento de Caudete (Albacete)","breadcrumb":{"@id":"https:\/\/www.caudete.org\/ayuntamiento\/alcalde-y-concejales-asisten-a-la-inauguracion-del-tramo-de-la-a-33-entre-caudete-y-yecla\/#breadcrumb"},"inLanguage":"es","potentialAction":[{"@type":"ReadAction","target":["https:\/\/www.caudete.org\/ayuntamiento\/alcalde-y-concejales-asisten-a-la-inauguracion-del-tramo-de-la-a-33-entre-caudete-y-yecla\/"]}]},{"@type":"ImageObject","inLanguage":"es","@id":"https:\/\/www.caudete.org\/ayuntamiento\/alcalde-y-concejales-asisten-a-la-inauguracion-del-tramo-de-la-a-33-entre-caudete-y-yecla\/#primaryimage","url":"https:\/\/www.caudete.org\/ayuntamiento\/wp-content\/uploads\/2024\/01\/inauguracion-autovia-a33-8-caudete-digital.jpg","contentUrl":"https:\/\/www.caudete.org\/ayuntamiento\/wp-content\/uploads\/2024\/01\/inauguracion-autovia-a33-8-caudete-digital.jpg","width":1024,"height":683},{"@type":"BreadcrumbList","@id":"https:\/\/www.caudete.org\/ayuntamiento\/alcalde-y-concejales-asisten-a-la-inauguracion-del-tramo-de-la-a-33-entre-caudete-y-yecla\/#breadcrumb","itemListElement":[{"@type":"ListItem","position":1,"name":"Inicio","item":"https:\/\/www.caudete.org\/ayuntamiento\/"},{"@type":"ListItem","position":2,"name":"Alcalde y Concejales asisten a la inauguraci\u00f3n del tramo de la A-33 entre Caudete y Yecla"}]},{"@type":"WebSite","@id":"https:\/\/www.caudete.org\/ayuntamiento\/#website","url":"https:\/\/www.caudete.org\/ayuntamiento\/","name":"MI Ayuntamiento de Caudete","description":"P\u00e1gina Oficial del MI Ayuntamiento de Caudete","potentialAction":[{"@type":"SearchAction","target":{"@type":"EntryPoint","urlTemplate":"https:\/\/www.caudete.org\/ayuntamiento\/?s={search_term_string}"},"query-input":{"@type":"PropertyValueSpecification","valueRequired":true,"valueName":"search_term_string"}}],"inLanguage":"es"},{"@type":"Person","@id":"https:\/\/www.caudete.org\/ayuntamiento\/#\/schema\/person\/cc646da9133078ee4d8dd47457947253","name":"alcalde","image":{"@type":"ImageObject","inLanguage":"es","@id":"https:\/\/secure.gravatar.com\/avatar\/84a817ba065b29ff08d666b215a215f5c79186a645ccb25b14a663d48a130f77?s=96&d=mm&r=g","url":"https:\/\/secure.gravatar.com\/avatar\/84a817ba065b29ff08d666b215a215f5c79186a645ccb25b14a663d48a130f77?s=96&d=mm&r=g","contentUrl":"https:\/\/secure.gravatar.com\/avatar\/84a817ba065b29ff08d666b215a215f5c79186a645ccb25b14a663d48a130f77?s=96&d=mm&r=g","caption":"alcalde"},"url":"https:\/\/www.caudete.org\/ayuntamiento\/author\/alcalde\/"}]}},"_links":{"self":[{"href":"https:\/\/www.caudete.org\/ayuntamiento\/wp-json\/wp\/v2\/posts\/24122","targetHints":{"allow":["GET"]}}],"collection":[{"href":"https:\/\/www.caudete.org\/ayuntamiento\/wp-json\/wp\/v2\/posts"}],"about":[{"href":"https:\/\/www.caudete.org\/ayuntamiento\/wp-json\/wp\/v2\/types\/post"}],"author":[{"embeddable":true,"href":"https:\/\/www.caudete.org\/ayuntamiento\/wp-json\/wp\/v2\/users\/3"}],"replies":[{"embeddable":true,"href":"https:\/\/www.caudete.org\/ayuntamiento\/wp-json\/wp\/v2\/comments?post=24122"}],"version-history":[{"count":2,"href":"https:\/\/www.caudete.org\/ayuntamiento\/wp-json\/wp\/v2\/posts\/24122\/revisions"}],"predecessor-version":[{"id":24133,"href":"https:\/\/www.caudete.org\/ayuntamiento\/wp-json\/wp\/v2\/posts\/24122\/revisions\/24133"}],"wp:featuredmedia":[{"embeddable":true,"href":"https:\/\/www.caudete.org\/ayuntamiento\/wp-json\/wp\/v2\/media\/24130"}],"wp:attachment":[{"href":"https:\/\/www.caudete.org\/ayuntamiento\/wp-json\/wp\/v2\/media?parent=24122"}],"wp:term":[{"taxonomy":"category","embeddable":true,"href":"https:\/\/www.caudete.org\/ayuntamiento\/wp-json\/wp\/v2\/categories?post=24122"},{"taxonomy":"post_tag","embeddable":true,"href":"https:\/\/www.caudete.org\/ayuntamiento\/wp-json\/wp\/v2\/tags?post=24122"}],"curies":[{"name":"wp","href":"https:\/\/api.w.org\/{rel}","templated":true}]}}